{"id":61974,"date":"2022-09-15T09:00:02","date_gmt":"2022-09-15T07:00:02","guid":{"rendered":"https:\/\/exaudi.org\/?p=61974"},"modified":"2022-09-20T12:30:23","modified_gmt":"2022-09-20T10:30:23","slug":"no-podemos-servir-a-dios-y-al-dinero-reflexion-de-mons-enrique-diaz","status":"publish","type":"post","link":"https:\/\/exaudi.org\/es\/no-podemos-servir-a-dios-y-al-dinero-reflexion-de-mons-enrique-diaz\/","title":{"rendered":"No podemos servir a Dios y al dinero: Reflexi\u00f3n de Mons. Enrique D\u00edaz"},"content":{"rendered":"<p><a href=\"https:\/\/exaudi.org\/es\/author\/enriquediaz\/\">Mons. Enrique D\u00edaz<\/a>\u00a0comparte con los lectores de Exaudi su reflexi\u00f3n sobre el\u00a0<a href=\"https:\/\/www.dominicos.org\/predicacion\/homilia\/18-9-2022\/lecturas\/\" target=\"_blank\" rel=\"noopener\">Evangelio del pr\u00f3ximo domingo 18 septiembre de 2022,<\/a> titulado, \u201cNo podemos servir a Dios y al dinero\u201d.<\/p>\n<p>***<\/p>\n<p>Am\u00f3s 8, 4-7: <em>\u201cContra los que hoy obligan al pobre a venderse\u201d<\/em><\/p>\n<p>Salmo 112: <em>\u201cQue alaben al Se\u00f1or todos sus siervos\u201d<\/em><\/p>\n<p>San Lucas 16, 1-13: <em>\u201cNo pueden ustedes servir a Dios y al dinero\u201d<\/em><\/p>\n<p>Aunque a\u00fan est\u00e1n lejanas las elecciones de nuestro pa\u00eds, \u00a0ya hay gran inquietud preguntando qui\u00e9n es el candidato favorito y qui\u00e9n puede ayudar m\u00e1s a nuestros municipios. Bueno, no todo mundo. Don Efra\u00edn queda impasible e indiferente ante tantos discursos, promesas, regalos y canciones de los candidatos. \u201cYa no le creo a ninguno y he perdido toda esperanza. Todos son iguales\u201d, repite sin cesar. \u201cYo m\u00e1s bien pienso que es cierto lo que uno de los peri\u00f3dicos pon\u00eda como t\u00edtulo: <em>\u2018\u00bfQui\u00e9n prefiere usted que le robe?\u2019<\/em> No hay ni a qui\u00e9n irle. Otra persona, para defender a su candidato, dec\u00eda: \u2018Est\u00e9 tambi\u00e9n ha robado, pero siquiera ha hecho algo por las comunidades\u2019. Por eso yo afirmo que no hay ni a qui\u00e9n irle\u201d Y por m\u00e1s que le insisten, a Don Efra\u00edn nadie logra sacarlo de su indiferencia. \u00bfTendr\u00e1 raz\u00f3n?<\/p>\n<p>Aunque se pregona y se presume un nuevo pa\u00eds libre de corrupci\u00f3n, queda en la conciencia de todos nosotros que la corrupci\u00f3n sigue vigente en todos los lugares que se ha tornado una plaga que nos da\u00f1a directamente no s\u00f3lo en la econom\u00eda, sino en todos los aspectos de nuestra sociedad.<\/p>\n<p>Para completar el cuadro ahora tenemos este evangelio que nos desconcierta a todos. \u00bfC\u00f3mo puede Jes\u00fas alabar a un administrador que ha enga\u00f1ado y robado? Ya me imagino c\u00f3mo se justificar\u00e1n todos aquellos que son acusados de malversar los fondos p\u00fablicos. La corrupci\u00f3n ha llegado a todos los partidos y a todas las sociedades. Nadie escapa. Est\u00e1 comprobado que uno de los peores enemigos del progreso de nuestros pueblos es la corrupci\u00f3n, el mal uso de los recursos p\u00fablicos, incluso de bienes destinados a los m\u00e1s pobres y desfavorecidos. \u201cEs alarmante el nivel de la corrupci\u00f3n en las econom\u00edas que involucra tanto al sector p\u00fablico como al sector privado, a lo que se suma una notable falta de transparencia y rendici\u00f3n de cuentas a la ciudadan\u00eda. En muchas ocasiones la corrupci\u00f3n est\u00e1 vinculada al flagelo del narcotr\u00e1fico o del narconegocio y por otra parte viene destruyendo el tejido social y econ\u00f3mico en regiones enteras\u201d, reconoc\u00edan dolorosamente los Obispos en Aparecida.<\/p>\n<p>Y todav\u00eda a\u00f1ad\u00edan m\u00e1s: \u201cCabe se\u00f1alar como un gran factor negativo en buena parte de la regi\u00f3n, el recrudecimiento de la corrupci\u00f3n en la sociedad y en el Estado, que involucra a los Poderes Legislativos y Ejecutivos en todos sus niveles, y alcanza tambi\u00e9n al sistema judicial que a menudo inclina su juicio a favor de los poderosos y genera impunidad, lo que pone en serio riesgo la credibilidad de las instituciones p\u00fablicas y aumenta la desconfianza del pueblo, fen\u00f3meno que se une a un profundo desprecio de la legalidad. En amplios sectores de la poblaci\u00f3n y particularmente entre los j\u00f3venes crece el desencanto por la pol\u00edtica y particularmente por la democracia, pues las promesas de una vida mejor y m\u00e1s justa no se cumplieron o se cumplieron s\u00f3lo a medias\u201d. Todo esto que afirmaban de nuestro Continente, es dolorosamente real en nuestro pa\u00eds.<\/p>\n<p>Tenemos pues que reconocer que esta apreciaci\u00f3n tambi\u00e9n es cierta en nuestra Patria. Pero tambi\u00e9n encontramos pr\u00e1cticas desleales en los grandes consorcios, que a base de trampas y tratos preferenciales, se van adue\u00f1ando de todo. Va creciendo una globalizaci\u00f3n que comporta el riesgo de los grandes monopolios y de convertir el lucro en valor supremo. No hay otros valores que el propio provecho.<\/p>\n<p>\u00bfEs esto lo que Jes\u00fas propone como ejemplo? Todo lo contrario, si leemos con atenci\u00f3n, no solamente las palabras de este p\u00e1rrafo sino todo su contexto, encontramos una dur\u00edsima cr\u00edtica al dinero que es llamado \u201cinjusto\u201d y la propuesta de Jes\u00fas es <em>\u201ccon<\/em> e<em>l dinero, tan lleno de injusticias, g\u00e1nense amigos que, cuando ustedes mueran, los reciban en el cielo\u201d.<\/em> Ciertamente no alaba al administrador por sus trampas, sino por el ingenio y la astucia para hacerse amigos. Nosotros ahora tambi\u00e9n tendr\u00edamos que cuestionarnos seriamente sobre nuestro empe\u00f1o en crear y favorecer la construcci\u00f3n del Reino de Dios, frente al ingenio y la astucia de quienes entregan su vida a la construcci\u00f3n del reino del dinero. Cristo hace una clara oposici\u00f3n ante estos dos reinos. Nosotros con frecuencia nos vemos tentados a unirlos y hasta confundirlos. Debemos tener una clara distinci\u00f3n, no s\u00f3lo te\u00f3rica, sino sobre todo en la pr\u00e1ctica. No podemos servir a Dios y al dinero.<\/p>\n<p>Jes\u00fas recalca hoy el peligro de endiosar las riquezas mal habidas, pero tambi\u00e9n nos hace ver que pueden ser redimidas, siempre y cuando se usen con creatividad para hacer el bien a los pobres, como fue el caso del administrador que hab\u00eda malgastado los bienes de su amo. Se alaba su astucia, no su corrupci\u00f3n interesada.<\/p>\n<p>El profeta Am\u00f3s, en la primera lectura, es muy claro al exponernos el mensaje del Se\u00f1or: <em>\u201cEscuchen esto los que buscan al pobre s\u00f3lo para arruinarlo\u2026 los que disminuyen las medidas y aumentan los precios, alteran las balanzas, obligan a los pobres a venderse; por un par de sandalias los compran y hasta venden el salvado como trigo\u2026 Yo no olvidar\u00e9 jam\u00e1s ninguna de estas acciones\u201d.<\/em> Y estas palabras vienen a dar el verdadero sentido de la par\u00e1bola de Jes\u00fas. El dinero s\u00f3lo puede ser bien utilizado a favor de los que menos tienen y los m\u00e1s desprotegidos. Nunca puede valer m\u00e1s el dinero que la persona.<\/p>\n<p>Quiz\u00e1s nosotros no tengamos grandes sumas de dinero, pero debemos examinarnos bien en nuestros peque\u00f1os o grandes fraudes, en la corrupci\u00f3n que generamos o toleramos, en la complicidad con un mundo que olvida cada d\u00eda a los m\u00e1s pobres. \u00bfQu\u00e9 lugar le damos a Dios? \u00bfQu\u00e9 lugar le damos al dinero?<\/p>\n<p>Dios nuestro, que en el amor a Ti y a nuestro pr\u00f3jimo has querido resumir toda tu ley, conc\u00e9denos descubrirte y amarte en nuestros hermanos, para que podamos alcanzar la vida eterna.\u00a0 Am\u00e9n.<\/p>\n<p>&nbsp;<\/p>\n","protected":false},"excerpt":{"rendered":"<p>XXV Domingo Ordinario<\/p>\n","protected":false},"author":25,"featured_media":61975,"comment_status":"closed","ping_status":"closed","sticky":false,"template":"","format":"standard","meta":{"_acf_changed":false,"_crdt_document":"","inline_featured_image":false,"footnotes":""},"categories":[96],"tags":[6308,414],"class_list":["post-61974","post","type-post","status-publish","format-standard","has-post-thumbnail","hentry","category-espiritualidad","tag-mons-enrique-diaz","tag-reflexion"],"acf":[],"yoast_head":"<!-- This site is optimized with the Yoast SEO plugin v27.5 - https:\/\/yoast.com\/product\/yoast-seo-wordpress\/ -->\n<title>No podemos servir a Dios y al dinero: Reflexi\u00f3n de Mons. Enrique D\u00edaz &#8211; Exaudi<\/title>\n<meta name=\"robots\" content=\"index, follow, max-snippet:-1, max-image-preview:large, max-video-preview:-1\" \/>\n<link rel=\"canonical\" href=\"https:\/\/exaudi.org\/es\/no-podemos-servir-a-dios-y-al-dinero-reflexion-de-mons-enrique-diaz\/\" \/>\n<meta property=\"og:locale\" content=\"es_ES\" \/>\n<meta property=\"og:type\" content=\"article\" \/>\n<meta property=\"og:title\" content=\"No podemos servir a Dios y al dinero: Reflexi\u00f3n de Mons. Enrique D\u00edaz &#8211; Exaudi\" \/>\n<meta property=\"og:description\" content=\"XXV Domingo Ordinario\" \/>\n<meta property=\"og:url\" content=\"https:\/\/exaudi.org\/es\/no-podemos-servir-a-dios-y-al-dinero-reflexion-de-mons-enrique-diaz\/\" \/>\n<meta property=\"og:site_name\" content=\"Exaudi\" \/>\n<meta property=\"article:publisher\" content=\"https:\/\/www.facebook.com\/ExaudiNews\" \/>\n<meta property=\"article:published_time\" content=\"2022-09-15T07:00:02+00:00\" \/>\n<meta property=\"article:modified_time\" content=\"2022-09-20T10:30:23+00:00\" \/>\n<meta property=\"og:image\" content=\"https:\/\/exaudi.org\/wp-content\/uploads\/2022\/09\/yandry_kw-1575475427249-cathopic-scaled.jpg\" \/>\n\t<meta property=\"og:image:width\" content=\"2560\" \/>\n\t<meta property=\"og:image:height\" content=\"1707\" \/>\n\t<meta property=\"og:image:type\" content=\"image\/jpeg\" \/>\n<meta name=\"author\" content=\"Enrique D\u00edaz\" \/>\n<meta name=\"twitter:card\" content=\"summary_large_image\" \/>\n<meta name=\"twitter:creator\" content=\"@Exaudi_News\" \/>\n<meta name=\"twitter:site\" content=\"@Exaudi_News\" \/>\n<meta name=\"twitter:label1\" content=\"Escrito por\" \/>\n\t<meta name=\"twitter:data1\" content=\"Enrique D\u00edaz\" \/>\n\t<meta name=\"twitter:label2\" content=\"Tiempo de lectura\" \/>\n\t<meta name=\"twitter:data2\" content=\"5 minutos\" \/>\n<script type=\"application\/ld+json\" class=\"yoast-schema-graph\">{\"@context\":\"https:\\\/\\\/schema.org\",\"@graph\":[{\"@type\":\"Article\",\"@id\":\"https:\\\/\\\/exaudi.org\\\/es\\\/no-podemos-servir-a-dios-y-al-dinero-reflexion-de-mons-enrique-diaz\\\/#article\",\"isPartOf\":{\"@id\":\"https:\\\/\\\/exaudi.org\\\/es\\\/no-podemos-servir-a-dios-y-al-dinero-reflexion-de-mons-enrique-diaz\\\/\"},\"author\":{\"name\":\"Enrique D\u00edaz\",\"@id\":\"https:\\\/\\\/exaudi.org\\\/#\\\/schema\\\/person\\\/c02ffbd10830fa375f6882f7dcf1844d\"},\"headline\":\"No podemos servir a Dios y al dinero: Reflexi\u00f3n de Mons. Enrique D\u00edaz\",\"datePublished\":\"2022-09-15T07:00:02+00:00\",\"dateModified\":\"2022-09-20T10:30:23+00:00\",\"mainEntityOfPage\":{\"@id\":\"https:\\\/\\\/exaudi.org\\\/es\\\/no-podemos-servir-a-dios-y-al-dinero-reflexion-de-mons-enrique-diaz\\\/\"},\"wordCount\":1147,\"image\":{\"@id\":\"https:\\\/\\\/exaudi.org\\\/es\\\/no-podemos-servir-a-dios-y-al-dinero-reflexion-de-mons-enrique-diaz\\\/#primaryimage\"},\"thumbnailUrl\":\"https:\\\/\\\/exaudi.org\\\/wp-content\\\/uploads\\\/2022\\\/09\\\/yandry_kw-1575475427249-cathopic-scaled.jpg\",\"keywords\":[\"Mons. Enrique D\u00edaz\",\"Reflexi\u00f3n\"],\"articleSection\":[\"Espiritualidad\"],\"inLanguage\":\"es\"},{\"@type\":\"WebPage\",\"@id\":\"https:\\\/\\\/exaudi.org\\\/es\\\/no-podemos-servir-a-dios-y-al-dinero-reflexion-de-mons-enrique-diaz\\\/\",\"url\":\"https:\\\/\\\/exaudi.org\\\/es\\\/no-podemos-servir-a-dios-y-al-dinero-reflexion-de-mons-enrique-diaz\\\/\",\"name\":\"No podemos servir a Dios y al dinero: Reflexi\u00f3n de Mons. Enrique D\u00edaz &#8211; Exaudi\",\"isPartOf\":{\"@id\":\"https:\\\/\\\/exaudi.org\\\/#website\"},\"primaryImageOfPage\":{\"@id\":\"https:\\\/\\\/exaudi.org\\\/es\\\/no-podemos-servir-a-dios-y-al-dinero-reflexion-de-mons-enrique-diaz\\\/#primaryimage\"},\"image\":{\"@id\":\"https:\\\/\\\/exaudi.org\\\/es\\\/no-podemos-servir-a-dios-y-al-dinero-reflexion-de-mons-enrique-diaz\\\/#primaryimage\"},\"thumbnailUrl\":\"https:\\\/\\\/exaudi.org\\\/wp-content\\\/uploads\\\/2022\\\/09\\\/yandry_kw-1575475427249-cathopic-scaled.jpg\",\"datePublished\":\"2022-09-15T07:00:02+00:00\",\"dateModified\":\"2022-09-20T10:30:23+00:00\",\"author\":{\"@id\":\"https:\\\/\\\/exaudi.org\\\/#\\\/schema\\\/person\\\/c02ffbd10830fa375f6882f7dcf1844d\"},\"breadcrumb\":{\"@id\":\"https:\\\/\\\/exaudi.org\\\/es\\\/no-podemos-servir-a-dios-y-al-dinero-reflexion-de-mons-enrique-diaz\\\/#breadcrumb\"},\"inLanguage\":\"es\",\"potentialAction\":[{\"@type\":\"ReadAction\",\"target\":[\"https:\\\/\\\/exaudi.org\\\/es\\\/no-podemos-servir-a-dios-y-al-dinero-reflexion-de-mons-enrique-diaz\\\/\"]}]},{\"@type\":\"ImageObject\",\"inLanguage\":\"es\",\"@id\":\"https:\\\/\\\/exaudi.org\\\/es\\\/no-podemos-servir-a-dios-y-al-dinero-reflexion-de-mons-enrique-diaz\\\/#primaryimage\",\"url\":\"https:\\\/\\\/exaudi.org\\\/wp-content\\\/uploads\\\/2022\\\/09\\\/yandry_kw-1575475427249-cathopic-scaled.jpg\",\"contentUrl\":\"https:\\\/\\\/exaudi.org\\\/wp-content\\\/uploads\\\/2022\\\/09\\\/yandry_kw-1575475427249-cathopic-scaled.jpg\",\"width\":2560,\"height\":1707,\"caption\":\"yandry_kw-\"},{\"@type\":\"BreadcrumbList\",\"@id\":\"https:\\\/\\\/exaudi.org\\\/es\\\/no-podemos-servir-a-dios-y-al-dinero-reflexion-de-mons-enrique-diaz\\\/#breadcrumb\",\"itemListElement\":[{\"@type\":\"ListItem\",\"position\":1,\"name\":\"Portada\",\"item\":\"https:\\\/\\\/exaudi.org\\\/es\\\/\"},{\"@type\":\"ListItem\",\"position\":2,\"name\":\"No podemos servir a Dios y al dinero: Reflexi\u00f3n de Mons. Enrique D\u00edaz\"}]},{\"@type\":\"WebSite\",\"@id\":\"https:\\\/\\\/exaudi.org\\\/#website\",\"url\":\"https:\\\/\\\/exaudi.org\\\/\",\"name\":\"Exaudi\",\"description\":\"News\",\"potentialAction\":[{\"@type\":\"SearchAction\",\"target\":{\"@type\":\"EntryPoint\",\"urlTemplate\":\"https:\\\/\\\/exaudi.org\\\/?s={search_term_string}\"},\"query-input\":{\"@type\":\"PropertyValueSpecification\",\"valueRequired\":true,\"valueName\":\"search_term_string\"}}],\"inLanguage\":\"es\"},{\"@type\":\"Person\",\"@id\":\"https:\\\/\\\/exaudi.org\\\/#\\\/schema\\\/person\\\/c02ffbd10830fa375f6882f7dcf1844d\",\"name\":\"Enrique D\u00edaz\",\"image\":{\"@type\":\"ImageObject\",\"inLanguage\":\"es\",\"@id\":\"https:\\\/\\\/secure.gravatar.com\\\/avatar\\\/7ca10be5325a95d04b74082d68ba605aa69611eb0f68f47096cb1bc349873284?s=96&d=mm&r=g\",\"url\":\"https:\\\/\\\/secure.gravatar.com\\\/avatar\\\/7ca10be5325a95d04b74082d68ba605aa69611eb0f68f47096cb1bc349873284?s=96&d=mm&r=g\",\"contentUrl\":\"https:\\\/\\\/secure.gravatar.com\\\/avatar\\\/7ca10be5325a95d04b74082d68ba605aa69611eb0f68f47096cb1bc349873284?s=96&d=mm&r=g\",\"caption\":\"Enrique D\u00edaz\"},\"description\":\"Naci\u00f3 en Huandacareo, Michoac\u00e1n, M\u00e9xico, en 1952. Realiz\u00f3 sus estudios de Filosof\u00eda y Teolog\u00eda en el Seminario de Morelia. Ordenado di\u00e1cono el 22 de mayo de 1977, y presb\u00edtero el 23 de octubre del mismo a\u00f1o. Obtuvo la Licenciatura en Sagrada Escritura en el Pontificio Instituto B\u00edblico en Roma. Ha desarrollado m\u00faltiples encargos pastorales como el de capell\u00e1n de la rector\u00eda de las Tres Aves Mar\u00edas; responsable de la Pastoral B\u00edblica Diocesana y director de la Escuela B\u00edblica en Morelia; maestro de Biblia en el Seminario Conciliar de Morelia, p\u00e1rroco de la Parroquia de Nuestra Se\u00f1ora de Guadalupe, Col. Guadalupe, Morelia; o vicario episcopal para la Zona de Nuestra Se\u00f1ora de la Luz, P\u00e1tzcuaro. Ordenado obispo auxiliar de san Crist\u00f3bal de las Casas en 2003. En la Conferencia Episcopal form\u00f3 parte de las Comisiones de Biblia, Diaconado y Ministerios Laicales. Fue responsable de las Dimensiones de Ministerios Laicales, de Educaci\u00f3n y Cultura. Ha participado en encuentros latinoamericanos y mundiales sobre el Diaconado Permanente. Actualmente es el responsable de la Dimensi\u00f3n de Pastoral de la Cultura. Particip\u00f3 como Miembro del S\u00ednodo de Obispos sobre la Palabra de Dios en la Vida y Misi\u00f3n de la Iglesia en Roma, en 2008. Recibi\u00f3 el nombramiento de obispo coadjutor de San Crist\u00f3bal de las Casas en 2014. Nombrado II obispo de Irapuato el d\u00eda 11 de marzo, tom\u00f3 posesi\u00f3n el 19 de Mayo. Colabora en varias revistas y publicaciones sobre todo con la reflexi\u00f3n diaria y dominical tanto en audio como escrita.\",\"url\":\"https:\\\/\\\/exaudi.org\\\/es\\\/author\\\/enriquediaz\\\/\"}]}<\/script>\n<!-- \/ Yoast SEO plugin. -->","yoast_head_json":{"title":"No podemos servir a Dios y al dinero: Reflexi\u00f3n de Mons. Enrique D\u00edaz &#8211; Exaudi","robots":{"index":"index","follow":"follow","max-snippet":"max-snippet:-1","max-image-preview":"max-image-preview:large","max-video-preview":"max-video-preview:-1"},"canonical":"https:\/\/exaudi.org\/es\/no-podemos-servir-a-dios-y-al-dinero-reflexion-de-mons-enrique-diaz\/","og_locale":"es_ES","og_type":"article","og_title":"No podemos servir a Dios y al dinero: Reflexi\u00f3n de Mons. Enrique D\u00edaz &#8211; Exaudi","og_description":"XXV Domingo Ordinario","og_url":"https:\/\/exaudi.org\/es\/no-podemos-servir-a-dios-y-al-dinero-reflexion-de-mons-enrique-diaz\/","og_site_name":"Exaudi","article_publisher":"https:\/\/www.facebook.com\/ExaudiNews","article_published_time":"2022-09-15T07:00:02+00:00","article_modified_time":"2022-09-20T10:30:23+00:00","og_image":[{"width":2560,"height":1707,"url":"https:\/\/exaudi.org\/wp-content\/uploads\/2022\/09\/yandry_kw-1575475427249-cathopic-scaled.jpg","type":"image\/jpeg"}],"author":"Enrique D\u00edaz","twitter_card":"summary_large_image","twitter_creator":"@Exaudi_News","twitter_site":"@Exaudi_News","twitter_misc":{"Escrito por":"Enrique D\u00edaz","Tiempo de lectura":"5 minutos"},"schema":{"@context":"https:\/\/schema.org","@graph":[{"@type":"Article","@id":"https:\/\/exaudi.org\/es\/no-podemos-servir-a-dios-y-al-dinero-reflexion-de-mons-enrique-diaz\/#article","isPartOf":{"@id":"https:\/\/exaudi.org\/es\/no-podemos-servir-a-dios-y-al-dinero-reflexion-de-mons-enrique-diaz\/"},"author":{"name":"Enrique D\u00edaz","@id":"https:\/\/exaudi.org\/#\/schema\/person\/c02ffbd10830fa375f6882f7dcf1844d"},"headline":"No podemos servir a Dios y al dinero: Reflexi\u00f3n de Mons. Enrique D\u00edaz","datePublished":"2022-09-15T07:00:02+00:00","dateModified":"2022-09-20T10:30:23+00:00","mainEntityOfPage":{"@id":"https:\/\/exaudi.org\/es\/no-podemos-servir-a-dios-y-al-dinero-reflexion-de-mons-enrique-diaz\/"},"wordCount":1147,"image":{"@id":"https:\/\/exaudi.org\/es\/no-podemos-servir-a-dios-y-al-dinero-reflexion-de-mons-enrique-diaz\/#primaryimage"},"thumbnailUrl":"https:\/\/exaudi.org\/wp-content\/uploads\/2022\/09\/yandry_kw-1575475427249-cathopic-scaled.jpg","keywords":["Mons. Enrique D\u00edaz","Reflexi\u00f3n"],"articleSection":["Espiritualidad"],"inLanguage":"es"},{"@type":"WebPage","@id":"https:\/\/exaudi.org\/es\/no-podemos-servir-a-dios-y-al-dinero-reflexion-de-mons-enrique-diaz\/","url":"https:\/\/exaudi.org\/es\/no-podemos-servir-a-dios-y-al-dinero-reflexion-de-mons-enrique-diaz\/","name":"No podemos servir a Dios y al dinero: Reflexi\u00f3n de Mons. Enrique D\u00edaz &#8211; Exaudi","isPartOf":{"@id":"https:\/\/exaudi.org\/#website"},"primaryImageOfPage":{"@id":"https:\/\/exaudi.org\/es\/no-podemos-servir-a-dios-y-al-dinero-reflexion-de-mons-enrique-diaz\/#primaryimage"},"image":{"@id":"https:\/\/exaudi.org\/es\/no-podemos-servir-a-dios-y-al-dinero-reflexion-de-mons-enrique-diaz\/#primaryimage"},"thumbnailUrl":"https:\/\/exaudi.org\/wp-content\/uploads\/2022\/09\/yandry_kw-1575475427249-cathopic-scaled.jpg","datePublished":"2022-09-15T07:00:02+00:00","dateModified":"2022-09-20T10:30:23+00:00","author":{"@id":"https:\/\/exaudi.org\/#\/schema\/person\/c02ffbd10830fa375f6882f7dcf1844d"},"breadcrumb":{"@id":"https:\/\/exaudi.org\/es\/no-podemos-servir-a-dios-y-al-dinero-reflexion-de-mons-enrique-diaz\/#breadcrumb"},"inLanguage":"es","potentialAction":[{"@type":"ReadAction","target":["https:\/\/exaudi.org\/es\/no-podemos-servir-a-dios-y-al-dinero-reflexion-de-mons-enrique-diaz\/"]}]},{"@type":"ImageObject","inLanguage":"es","@id":"https:\/\/exaudi.org\/es\/no-podemos-servir-a-dios-y-al-dinero-reflexion-de-mons-enrique-diaz\/#primaryimage","url":"https:\/\/exaudi.org\/wp-content\/uploads\/2022\/09\/yandry_kw-1575475427249-cathopic-scaled.jpg","contentUrl":"https:\/\/exaudi.org\/wp-content\/uploads\/2022\/09\/yandry_kw-1575475427249-cathopic-scaled.jpg","width":2560,"height":1707,"caption":"yandry_kw-"},{"@type":"BreadcrumbList","@id":"https:\/\/exaudi.org\/es\/no-podemos-servir-a-dios-y-al-dinero-reflexion-de-mons-enrique-diaz\/#breadcrumb","itemListElement":[{"@type":"ListItem","position":1,"name":"Portada","item":"https:\/\/exaudi.org\/es\/"},{"@type":"ListItem","position":2,"name":"No podemos servir a Dios y al dinero: Reflexi\u00f3n de Mons. Enrique D\u00edaz"}]},{"@type":"WebSite","@id":"https:\/\/exaudi.org\/#website","url":"https:\/\/exaudi.org\/","name":"Exaudi","description":"News","potentialAction":[{"@type":"SearchAction","target":{"@type":"EntryPoint","urlTemplate":"https:\/\/exaudi.org\/?s={search_term_string}"},"query-input":{"@type":"PropertyValueSpecification","valueRequired":true,"valueName":"search_term_string"}}],"inLanguage":"es"},{"@type":"Person","@id":"https:\/\/exaudi.org\/#\/schema\/person\/c02ffbd10830fa375f6882f7dcf1844d","name":"Enrique D\u00edaz","image":{"@type":"ImageObject","inLanguage":"es","@id":"https:\/\/secure.gravatar.com\/avatar\/7ca10be5325a95d04b74082d68ba605aa69611eb0f68f47096cb1bc349873284?s=96&d=mm&r=g","url":"https:\/\/secure.gravatar.com\/avatar\/7ca10be5325a95d04b74082d68ba605aa69611eb0f68f47096cb1bc349873284?s=96&d=mm&r=g","contentUrl":"https:\/\/secure.gravatar.com\/avatar\/7ca10be5325a95d04b74082d68ba605aa69611eb0f68f47096cb1bc349873284?s=96&d=mm&r=g","caption":"Enrique D\u00edaz"},"description":"Naci\u00f3 en Huandacareo, Michoac\u00e1n, M\u00e9xico, en 1952. Realiz\u00f3 sus estudios de Filosof\u00eda y Teolog\u00eda en el Seminario de Morelia. Ordenado di\u00e1cono el 22 de mayo de 1977, y presb\u00edtero el 23 de octubre del mismo a\u00f1o. Obtuvo la Licenciatura en Sagrada Escritura en el Pontificio Instituto B\u00edblico en Roma. Ha desarrollado m\u00faltiples encargos pastorales como el de capell\u00e1n de la rector\u00eda de las Tres Aves Mar\u00edas; responsable de la Pastoral B\u00edblica Diocesana y director de la Escuela B\u00edblica en Morelia; maestro de Biblia en el Seminario Conciliar de Morelia, p\u00e1rroco de la Parroquia de Nuestra Se\u00f1ora de Guadalupe, Col. Guadalupe, Morelia; o vicario episcopal para la Zona de Nuestra Se\u00f1ora de la Luz, P\u00e1tzcuaro. Ordenado obispo auxiliar de san Crist\u00f3bal de las Casas en 2003. En la Conferencia Episcopal form\u00f3 parte de las Comisiones de Biblia, Diaconado y Ministerios Laicales. Fue responsable de las Dimensiones de Ministerios Laicales, de Educaci\u00f3n y Cultura. Ha participado en encuentros latinoamericanos y mundiales sobre el Diaconado Permanente. Actualmente es el responsable de la Dimensi\u00f3n de Pastoral de la Cultura. Particip\u00f3 como Miembro del S\u00ednodo de Obispos sobre la Palabra de Dios en la Vida y Misi\u00f3n de la Iglesia en Roma, en 2008. Recibi\u00f3 el nombramiento de obispo coadjutor de San Crist\u00f3bal de las Casas en 2014. Nombrado II obispo de Irapuato el d\u00eda 11 de marzo, tom\u00f3 posesi\u00f3n el 19 de Mayo. Colabora en varias revistas y publicaciones sobre todo con la reflexi\u00f3n diaria y dominical tanto en audio como escrita.","url":"https:\/\/exaudi.org\/es\/author\/enriquediaz\/"}]}},"jetpack_featured_media_url":"https:\/\/exaudi.org\/wp-content\/uploads\/2022\/09\/yandry_kw-1575475427249-cathopic-scaled.jpg","jetpack_shortlink":"https:\/\/wp.me\/pgKjF2-g7A","_links":{"self":[{"href":"https:\/\/exaudi.org\/es\/wp-json\/wp\/v2\/posts\/61974","targetHints":{"allow":["GET"]}}],"collection":[{"href":"https:\/\/exaudi.org\/es\/wp-json\/wp\/v2\/posts"}],"about":[{"href":"https:\/\/exaudi.org\/es\/wp-json\/wp\/v2\/types\/post"}],"author":[{"embeddable":true,"href":"https:\/\/exaudi.org\/es\/wp-json\/wp\/v2\/users\/25"}],"replies":[{"embeddable":true,"href":"https:\/\/exaudi.org\/es\/wp-json\/wp\/v2\/comments?post=61974"}],"version-history":[{"count":0,"href":"https:\/\/exaudi.org\/es\/wp-json\/wp\/v2\/posts\/61974\/revisions"}],"wp:featuredmedia":[{"embeddable":true,"href":"https:\/\/exaudi.org\/es\/wp-json\/wp\/v2\/media\/61975"}],"wp:attachment":[{"href":"https:\/\/exaudi.org\/es\/wp-json\/wp\/v2\/media?parent=61974"}],"wp:term":[{"taxonomy":"category","embeddable":true,"href":"https:\/\/exaudi.org\/es\/wp-json\/wp\/v2\/categories?post=61974"},{"taxonomy":"post_tag","embeddable":true,"href":"https:\/\/exaudi.org\/es\/wp-json\/wp\/v2\/tags?post=61974"}],"curies":[{"name":"wp","href":"https:\/\/api.w.org\/{rel}","templated":true}]}}