{"id":61908,"date":"2022-09-12T21:10:35","date_gmt":"2022-09-12T19:10:35","guid":{"rendered":"https:\/\/exaudi.org\/?p=61908"},"modified":"2022-09-12T21:16:23","modified_gmt":"2022-09-12T19:16:23","slug":"visaje-del-papa-francisco-a-kazajistan-viene-a-decirnos-que-no-estamos-solos","status":"publish","type":"post","link":"https:\/\/exaudi.org\/es\/visaje-del-papa-francisco-a-kazajistan-viene-a-decirnos-que-no-estamos-solos\/","title":{"rendered":"Viaje del Papa Francisco a Kazajist\u00e1n: \u201cViene a decirnos que no estamos solos\u201d"},"content":{"rendered":"<p>El Papa Francisco participar\u00e1 en la s\u00e9ptima edici\u00f3n del Congreso de L\u00edderes de Religiones Mundiales y Tradicionales, que tendr\u00e1 lugar del 14 al 15 de septiembre en Nursult\u00e1n, Kazajist\u00e1n, que seg\u00fan monse\u00f1or Jos\u00e9 Luis Mumbiela Sierra, obispo de la di\u00f3cesis de la Sant\u00edsima Trinidad en Almati, tuvo sus or\u00edgenes remotos en el primer encuentro de oraci\u00f3n por la paz en As\u00eds promovido por Juan Pablo II.<\/p>\n<figure id=\"attachment_61909\" aria-describedby=\"caption-attachment-61909\" style=\"width: 300px\" class=\"wp-caption alignleft\"><img loading=\"lazy\" decoding=\"async\" class=\"size-medium wp-image-61909\" src=\"https:\/\/exaudi.org\/wp-content\/uploads\/2022\/09\/ACN-20220912-133383-300x225.jpg\" alt=\"\" width=\"300\" height=\"225\" srcset=\"https:\/\/exaudi.org\/wp-content\/uploads\/2022\/09\/ACN-20220912-133383-300x225.jpg 300w, https:\/\/exaudi.org\/wp-content\/uploads\/2022\/09\/ACN-20220912-133383-1024x768.jpg 1024w, https:\/\/exaudi.org\/wp-content\/uploads\/2022\/09\/ACN-20220912-133383-770x578.jpg 770w, https:\/\/exaudi.org\/wp-content\/uploads\/2022\/09\/ACN-20220912-133383-1536x1152.jpg 1536w, https:\/\/exaudi.org\/wp-content\/uploads\/2022\/09\/ACN-20220912-133383-2048x1536.jpg 2048w, https:\/\/exaudi.org\/wp-content\/uploads\/2022\/09\/ACN-20220912-133383-500x375.jpg 500w, https:\/\/exaudi.org\/wp-content\/uploads\/2022\/09\/ACN-20220912-133383-293x220.jpg 293w, https:\/\/exaudi.org\/wp-content\/uploads\/2022\/09\/ACN-20220912-133383-1400x1050.jpg 1400w, https:\/\/exaudi.org\/wp-content\/uploads\/2022\/09\/ACN-20220912-133383-390x293.jpg 390w\" sizes=\"auto, (max-width: 300px) 100vw, 300px\" \/><figcaption id=\"caption-attachment-61909\" class=\"wp-caption-text\">Monse\u00f1or Jos\u00e9 Luis Mumbiela Sierra, obispo de la di\u00f3cesis de la Sant\u00edsima Trinidad en Almati \u00a9 ACN<\/figcaption><\/figure>\n<p>En una conferencia de prensa organizada por la fundaci\u00f3n internacional <em>Ayuda a la Iglesia Necesitada<\/em>\u00a0(ACN), Mons. Mumbiela, tambi\u00e9n presidente de la Conferencia Episcopal de Asia Central, habl\u00f3 sobre este encuentro y sobre el pa\u00eds que recibir\u00e1 al santo padre. Aqu\u00ed un resumen de las preguntas que surgieron durante la conferencia.<\/p>\n<p><b>\u00bfQu\u00e9 significa la visita del papa Francisco, l\u00edder cat\u00f3lico, a un pa\u00eds de mayor\u00eda musulmana (70%), con s\u00f3lo 25% de cristianos, de los cuales apenas un 1% son cat\u00f3licos?<\/b><\/p>\n<p>Despu\u00e9s de los tristes acontecimientos de violencia que sufri\u00f3 Kazajist\u00e1n a comienzos de este a\u00f1o, el Papa viene a decirnos que no estamos solos, viene a decirnos que tenemos que seguir adelante. El Santo Padre le dijo al presidente que valora mucho lo que Kazajst\u00e1n hace en ese sentido de buscar la paz y la concordia entre todos, y que viene especialmente a apoyarlo. La visita del Papa Francisco no solo es un apoyo al gobierno, sino al pa\u00eds. Este a\u00f1o estamos celebrando treinta a\u00f1os de independencia y de la constituci\u00f3n. Es un apoyo a una b\u00fasqueda de la identidad del pa\u00eds seg\u00fan unos valores, entre los cuales est\u00e1n la paz y la armon\u00eda religiosa.<\/p>\n<p><strong><img loading=\"lazy\" decoding=\"async\" class=\"size-medium wp-image-61916 alignright\" src=\"https:\/\/exaudi.org\/wp-content\/uploads\/2022\/09\/ACN-20220909-133353-300x225.jpg\" alt=\"\" width=\"300\" height=\"225\" srcset=\"https:\/\/exaudi.org\/wp-content\/uploads\/2022\/09\/ACN-20220909-133353-300x225.jpg 300w, https:\/\/exaudi.org\/wp-content\/uploads\/2022\/09\/ACN-20220909-133353-1024x768.jpg 1024w, https:\/\/exaudi.org\/wp-content\/uploads\/2022\/09\/ACN-20220909-133353-770x578.jpg 770w, https:\/\/exaudi.org\/wp-content\/uploads\/2022\/09\/ACN-20220909-133353-1536x1152.jpg 1536w, https:\/\/exaudi.org\/wp-content\/uploads\/2022\/09\/ACN-20220909-133353-500x375.jpg 500w, https:\/\/exaudi.org\/wp-content\/uploads\/2022\/09\/ACN-20220909-133353-293x220.jpg 293w, https:\/\/exaudi.org\/wp-content\/uploads\/2022\/09\/ACN-20220909-133353-1400x1050.jpg 1400w, https:\/\/exaudi.org\/wp-content\/uploads\/2022\/09\/ACN-20220909-133353-390x293.jpg 390w, https:\/\/exaudi.org\/wp-content\/uploads\/2022\/09\/ACN-20220909-133353.jpg 1600w\" sizes=\"auto, (max-width: 300px) 100vw, 300px\" \/>\u00bfY qu\u00e9 representa la visita para la minor\u00eda cat\u00f3lica del pa\u00eds?<\/strong><\/p>\n<p>Kazajist\u00e1n en toda su historia ha sido un cruce de caminos para muchas poblaciones y culturas. Y por eso son experiencias muy diferentes, dependiendo de la trayectoria cristiana que tiene cada uno. Pero en general, por supuesto, es una gran fiesta, una fiesta de familia. Para nosotros, el Papa no es solo un jefe de estado, no es solo el jefe de estado del Vaticano, ac\u00e1 sucede otra cosa. Viene alguien que es muy cercano a todos nosotros, viene un padre. En esta tierra se quiere mucho a los Papas, independientemente de qui\u00e9n sea.<\/p>\n<p><strong>Kazajist\u00e1n ha cambiado mucho desde la hist\u00f3rica visita de Juan Pablo II hace 21 a\u00f1os. \u00bfQu\u00e9 cat\u00f3licos son los que van a recibir al Papa Francisco la semana que viene? <\/strong><\/p>\n<figure id=\"attachment_61922\" aria-describedby=\"caption-attachment-61922\" style=\"width: 300px\" class=\"wp-caption alignleft\"><img loading=\"lazy\" decoding=\"async\" class=\"size-medium wp-image-61922\" src=\"https:\/\/exaudi.org\/wp-content\/uploads\/2022\/09\/ACN-20160126-35066-300x199.jpg\" alt=\"\" width=\"300\" height=\"199\" srcset=\"https:\/\/exaudi.org\/wp-content\/uploads\/2022\/09\/ACN-20160126-35066-300x199.jpg 300w, https:\/\/exaudi.org\/wp-content\/uploads\/2022\/09\/ACN-20160126-35066-1024x678.jpg 1024w, https:\/\/exaudi.org\/wp-content\/uploads\/2022\/09\/ACN-20160126-35066-770x510.jpg 770w, https:\/\/exaudi.org\/wp-content\/uploads\/2022\/09\/ACN-20160126-35066-360x240.jpg?crop=1 360w, https:\/\/exaudi.org\/wp-content\/uploads\/2022\/09\/ACN-20160126-35066-500x331.jpg 500w, https:\/\/exaudi.org\/wp-content\/uploads\/2022\/09\/ACN-20160126-35066-1155x768.jpg 1155w, https:\/\/exaudi.org\/wp-content\/uploads\/2022\/09\/ACN-20160126-35066-370x247.jpg 370w, https:\/\/exaudi.org\/wp-content\/uploads\/2022\/09\/ACN-20160126-35066-293x194.jpg 293w, https:\/\/exaudi.org\/wp-content\/uploads\/2022\/09\/ACN-20160126-35066-120x80.jpg 120w, https:\/\/exaudi.org\/wp-content\/uploads\/2022\/09\/ACN-20160126-35066-240x160.jpg 240w, https:\/\/exaudi.org\/wp-content\/uploads\/2022\/09\/ACN-20160126-35066-390x258.jpg 390w, https:\/\/exaudi.org\/wp-content\/uploads\/2022\/09\/ACN-20160126-35066.jpg 1160w\" sizes=\"auto, (max-width: 300px) 100vw, 300px\" \/><figcaption id=\"caption-attachment-61922\" class=\"wp-caption-text\">V<\/figcaption><\/figure>\n<p>Gran parte de los cat\u00f3licos se encuentra en el norte del pa\u00eds, donde la mayor\u00eda son polacos. En las ciudades grandes, donde hay m\u00e1s mezclas, hay personas de procedencia m\u00e1s variada. Por ejemplo, hay muchos coreanos, deportados en el pasado, que son cat\u00f3licos. Tambi\u00e9n hay gente que no era cristiana que se convierte al catolicismo. Es un r\u00edo que fluye sin cesar, porque se ven atra\u00eddos por el mensaje de la Iglesia. La gente se siente atra\u00edda, no porque hablemos un ruso espectacular, no tenemos una flauta encantadora; se ven atra\u00eddos en su coraz\u00f3n, no porque tengamos grandes virtudes, sino por la gracia de Dios.<\/p>\n<p><strong>Francisco viaja a la s\u00e9ptima edici\u00f3n del Congreso de L\u00edderes de Religiones Mundiales y Tradicionales, una iniciativa que naci\u00f3 del entonces presidente de Kazajist\u00e1n, Nursult\u00e1n Nazarb\u00e1yev, en 2003. \u00bfPor qu\u00e9 es tan importante este encuentro?<\/strong><\/p>\n<p>Creo que se puede decir que una prehistoria de estos encuentros fue el encuentro de Juan Pablo II en As\u00eds, el primero de los cuales tuvo lugar en 1986. All\u00ed el Papa reuni\u00f3 representantes de diferentes religiones para hacer un encuentro de oraci\u00f3n por la paz. Creo que la idea de Nazarbayev fue como un relevo de esa idea. \u00bfC\u00f3mo continuar con el esp\u00edritu de As\u00eds? \u00bfC\u00f3mo mantener esa llama encendida, ese esp\u00edritu, esa intenci\u00f3n a lo largo del tiempo? Muchos, incluso dentro de la iglesia cat\u00f3lica lo discutieron, que para qu\u00e9 reunir a l\u00edderes religiosos, que era una fuente de relativismo, etc. Pero Juan Pablo II lo hizo con una perspectiva mundial, reuni\u00f3 a todos con un sentido de ser un pastor entre pastores, que buscaba no \u00fanicamente el bien de los cat\u00f3licos, sino de toda la humanidad.<\/p>\n<p><strong>\u00bfQu\u00e9 se espera del encuentro?<\/strong><\/p>\n<p><img loading=\"lazy\" decoding=\"async\" class=\"size-medium wp-image-61925\" src=\"https:\/\/exaudi.org\/wp-content\/uploads\/2022\/09\/ACN-20150709-26830-300x195.jpg\" alt=\"\" width=\"300\" height=\"195\" srcset=\"https:\/\/exaudi.org\/wp-content\/uploads\/2022\/09\/ACN-20150709-26830-300x195.jpg 300w, https:\/\/exaudi.org\/wp-content\/uploads\/2022\/09\/ACN-20150709-26830-1024x665.jpg 1024w, https:\/\/exaudi.org\/wp-content\/uploads\/2022\/09\/ACN-20150709-26830-770x500.jpg 770w, https:\/\/exaudi.org\/wp-content\/uploads\/2022\/09\/ACN-20150709-26830-1536x998.jpg 1536w, https:\/\/exaudi.org\/wp-content\/uploads\/2022\/09\/ACN-20150709-26830-2048x1331.jpg 2048w, https:\/\/exaudi.org\/wp-content\/uploads\/2022\/09\/ACN-20150709-26830-500x325.jpg 500w, https:\/\/exaudi.org\/wp-content\/uploads\/2022\/09\/ACN-20150709-26830-293x190.jpg 293w, https:\/\/exaudi.org\/wp-content\/uploads\/2022\/09\/ACN-20150709-26830-1400x910.jpg 1400w, https:\/\/exaudi.org\/wp-content\/uploads\/2022\/09\/ACN-20150709-26830-390x253.jpg 390w\" sizes=\"auto, (max-width: 300px) 100vw, 300px\" \/><\/p>\n<p>Pienso que la finalidad de este congreso se ha conseguido m\u00e1s o menos a lo largo de los a\u00f1os. El objetivo del congreso es que todas las religiones se comprometan con la paz mundial. Hay que limpiar la cara de la religi\u00f3n, del aut\u00e9ntico sentido religioso. La presencia del Papa Francisco es un aldabonazo, no un golpe de martillo, sino una llamada cari\u00f1osa especial para decir: \u201cdejen abrir una vez m\u00e1s la puerta a esta esperanza\u201d. Vamos a demostrar que la religi\u00f3n es camino de paz.<\/p>\n<p><strong>\u00bfUsted cree que el congreso facilitar\u00e1 el di\u00e1logo entre la iglesia cat\u00f3lica y la iglesia ortodoxa rusa, tan cuestionado en estos momentos? <\/strong><\/p>\n<p><img loading=\"lazy\" decoding=\"async\" class=\"size-medium wp-image-61913 alignleft\" src=\"https:\/\/exaudi.org\/wp-content\/uploads\/2022\/09\/ACN-20220909-133355-225x300.jpg\" alt=\"\" width=\"225\" height=\"300\" srcset=\"https:\/\/exaudi.org\/wp-content\/uploads\/2022\/09\/ACN-20220909-133355-225x300.jpg 225w, https:\/\/exaudi.org\/wp-content\/uploads\/2022\/09\/ACN-20220909-133355-768x1024.jpg 768w, https:\/\/exaudi.org\/wp-content\/uploads\/2022\/09\/ACN-20220909-133355-770x1027.jpg 770w, https:\/\/exaudi.org\/wp-content\/uploads\/2022\/09\/ACN-20220909-133355-1152x1536.jpg 1152w, https:\/\/exaudi.org\/wp-content\/uploads\/2022\/09\/ACN-20220909-133355-500x667.jpg 500w, https:\/\/exaudi.org\/wp-content\/uploads\/2022\/09\/ACN-20220909-133355-293x391.jpg 293w, https:\/\/exaudi.org\/wp-content\/uploads\/2022\/09\/ACN-20220909-133355-390x520.jpg 390w, https:\/\/exaudi.org\/wp-content\/uploads\/2022\/09\/ACN-20220909-133355.jpg 1200w\" sizes=\"auto, (max-width: 225px) 100vw, 225px\" \/>El patriarca Kirill no viene, pero env\u00eda una delegaci\u00f3n. El di\u00e1logo con la iglesia ortodoxa en general sigue y el di\u00e1logo con la iglesia ortodoxa rusa no est\u00e1 roto. Yo creo que s\u00ed, que es positivo. Hay una intenci\u00f3n de di\u00e1logo. Si la gente viene significa que hay una actitud de dialogar. Nadie ha roto ese esp\u00edritu. En mi opini\u00f3n, se le da una importancia medi\u00e1tica excesiva al hecho de que no venga el patriarca.<\/p>\n<p><strong>Kazajist\u00e1n se convirti\u00f3 en el lugar de deportaci\u00f3n por excelencia, desde los tiempos de los zares hasta el estalinismo, con 11 campos de detenci\u00f3n. \u00bfCree usted que el Papa visitar\u00e1 algunos de estos lugares?<\/strong><\/p>\n<p>Cuando el Vaticano nos permiti\u00f3 a los obispos hacer algunas propuestas para el programa del Papa, una de las propuestas era que fuera a Karaganda o alguno de los lugares de represi\u00f3n sovi\u00e9tica. Pero evidentemente la situaci\u00f3n f\u00edsica del Santo Padre no permite grandes cosas. Est\u00e1 muy limitado. Hab\u00eda propuestas del gobierno y de los obispos. Pero nos han dicho que el Papa deber\u00e1 economizar y minimizar todos sus movimientos y entrevistas. Lo que s\u00ed est\u00e1 previsto son encuentros con algunos l\u00edderes religiosos.<\/p>\n","protected":false},"excerpt":{"rendered":"<p>Entrevista de ACN al obispo de Almaty: \u201c\u00bfC\u00f3mo continuar con el esp\u00edritu de As\u00eds?\u201d<\/p>\n","protected":false},"author":89,"featured_media":61919,"comment_status":"closed","ping_status":"closed","sticky":false,"template":"","format":"standard","meta":{"_acf_changed":false,"_crdt_document":"","inline_featured_image":false,"footnotes":""},"categories":[108,120,126],"tags":[324,6958,5540,158,4953],"class_list":["post-61908","post","type-post","status-publish","format-standard","has-post-thumbnail","hentry","category-entrevistas","category-viajes","category-viajes-papales","tag-ayuda-a-la-iglesia-necesitada","tag-congreso-de-lideres-de-religiones-mundiales-y-tradicionales","tag-kazajistan","tag-papa-francisco","tag-trending-es"],"acf":[],"yoast_head":"<!-- This site is optimized with the Yoast SEO plugin v27.5 - https:\/\/yoast.com\/product\/yoast-seo-wordpress\/ -->\n<title>Viaje del Papa Francisco a Kazajist\u00e1n: \u201cViene a decirnos que no estamos solos\u201d &#8211; Exaudi<\/title>\n<meta name=\"robots\" content=\"index, follow, max-snippet:-1, max-image-preview:large, max-video-preview:-1\" \/>\n<link rel=\"canonical\" href=\"https:\/\/exaudi.org\/es\/visaje-del-papa-francisco-a-kazajistan-viene-a-decirnos-que-no-estamos-solos\/\" \/>\n<meta property=\"og:locale\" content=\"es_ES\" \/>\n<meta property=\"og:type\" content=\"article\" \/>\n<meta property=\"og:title\" content=\"Viaje del Papa Francisco a Kazajist\u00e1n: \u201cViene a decirnos que no estamos solos\u201d &#8211; Exaudi\" \/>\n<meta property=\"og:description\" content=\"Entrevista de ACN al obispo de Almaty: \u201c\u00bfC\u00f3mo continuar con el esp\u00edritu de As\u00eds?\u201d\" \/>\n<meta property=\"og:url\" content=\"https:\/\/exaudi.org\/es\/visaje-del-papa-francisco-a-kazajistan-viene-a-decirnos-que-no-estamos-solos\/\" \/>\n<meta property=\"og:site_name\" content=\"Exaudi\" \/>\n<meta property=\"article:publisher\" content=\"https:\/\/www.facebook.com\/ExaudiNews\" \/>\n<meta property=\"article:author\" content=\"https:\/\/www.facebook.com\/ayudaalaiglesianecesitada\/?ref=ts\" \/>\n<meta property=\"article:published_time\" content=\"2022-09-12T19:10:35+00:00\" \/>\n<meta property=\"article:modified_time\" content=\"2022-09-12T19:16:23+00:00\" \/>\n<meta property=\"og:image\" content=\"https:\/\/exaudi.org\/wp-content\/uploads\/2022\/09\/ACN-20220909-133352.jpg\" \/>\n\t<meta property=\"og:image:width\" content=\"1600\" \/>\n\t<meta property=\"og:image:height\" content=\"720\" \/>\n\t<meta property=\"og:image:type\" content=\"image\/jpeg\" \/>\n<meta name=\"author\" content=\"Ayuda a la Iglesia Necesitada\" \/>\n<meta name=\"twitter:card\" content=\"summary_large_image\" \/>\n<meta name=\"twitter:creator\" content=\"@https:\/\/x.com\/AyudaIglesNeces\" \/>\n<meta name=\"twitter:site\" content=\"@Exaudi_News\" \/>\n<meta name=\"twitter:label1\" content=\"Escrito por\" \/>\n\t<meta name=\"twitter:data1\" content=\"Ayuda a la Iglesia Necesitada\" \/>\n\t<meta name=\"twitter:label2\" content=\"Tiempo de lectura\" \/>\n\t<meta name=\"twitter:data2\" content=\"6 minutos\" \/>\n<script type=\"application\/ld+json\" class=\"yoast-schema-graph\">{\"@context\":\"https:\\\/\\\/schema.org\",\"@graph\":[{\"@type\":\"Article\",\"@id\":\"https:\\\/\\\/exaudi.org\\\/es\\\/visaje-del-papa-francisco-a-kazajistan-viene-a-decirnos-que-no-estamos-solos\\\/#article\",\"isPartOf\":{\"@id\":\"https:\\\/\\\/exaudi.org\\\/es\\\/visaje-del-papa-francisco-a-kazajistan-viene-a-decirnos-que-no-estamos-solos\\\/\"},\"author\":{\"name\":\"Ayuda a la Iglesia Necesitada\",\"@id\":\"https:\\\/\\\/exaudi.org\\\/#\\\/schema\\\/person\\\/d4906ab3b6c174ffe37d722c51c73317\"},\"headline\":\"Viaje del Papa Francisco a Kazajist\u00e1n: \u201cViene a decirnos que no estamos solos\u201d\",\"datePublished\":\"2022-09-12T19:10:35+00:00\",\"dateModified\":\"2022-09-12T19:16:23+00:00\",\"mainEntityOfPage\":{\"@id\":\"https:\\\/\\\/exaudi.org\\\/es\\\/visaje-del-papa-francisco-a-kazajistan-viene-a-decirnos-que-no-estamos-solos\\\/\"},\"wordCount\":1118,\"image\":{\"@id\":\"https:\\\/\\\/exaudi.org\\\/es\\\/visaje-del-papa-francisco-a-kazajistan-viene-a-decirnos-que-no-estamos-solos\\\/#primaryimage\"},\"thumbnailUrl\":\"https:\\\/\\\/exaudi.org\\\/wp-content\\\/uploads\\\/2022\\\/09\\\/ACN-20220909-133352.jpg\",\"keywords\":[\"Ayuda a la Iglesia Necesitada\",\"Congreso de L\u00edderes de Religiones Mundiales y Tradicionales\",\"Kazajist\u00e1n\",\"papa francisco\",\"Trending\"],\"articleSection\":[\"Entrevistas\",\"Viajes\",\"Viajes Papales\"],\"inLanguage\":\"es\"},{\"@type\":\"WebPage\",\"@id\":\"https:\\\/\\\/exaudi.org\\\/es\\\/visaje-del-papa-francisco-a-kazajistan-viene-a-decirnos-que-no-estamos-solos\\\/\",\"url\":\"https:\\\/\\\/exaudi.org\\\/es\\\/visaje-del-papa-francisco-a-kazajistan-viene-a-decirnos-que-no-estamos-solos\\\/\",\"name\":\"Viaje del Papa Francisco a Kazajist\u00e1n: \u201cViene a decirnos que no estamos solos\u201d &#8211; Exaudi\",\"isPartOf\":{\"@id\":\"https:\\\/\\\/exaudi.org\\\/#website\"},\"primaryImageOfPage\":{\"@id\":\"https:\\\/\\\/exaudi.org\\\/es\\\/visaje-del-papa-francisco-a-kazajistan-viene-a-decirnos-que-no-estamos-solos\\\/#primaryimage\"},\"image\":{\"@id\":\"https:\\\/\\\/exaudi.org\\\/es\\\/visaje-del-papa-francisco-a-kazajistan-viene-a-decirnos-que-no-estamos-solos\\\/#primaryimage\"},\"thumbnailUrl\":\"https:\\\/\\\/exaudi.org\\\/wp-content\\\/uploads\\\/2022\\\/09\\\/ACN-20220909-133352.jpg\",\"datePublished\":\"2022-09-12T19:10:35+00:00\",\"dateModified\":\"2022-09-12T19:16:23+00:00\",\"author\":{\"@id\":\"https:\\\/\\\/exaudi.org\\\/#\\\/schema\\\/person\\\/d4906ab3b6c174ffe37d722c51c73317\"},\"breadcrumb\":{\"@id\":\"https:\\\/\\\/exaudi.org\\\/es\\\/visaje-del-papa-francisco-a-kazajistan-viene-a-decirnos-que-no-estamos-solos\\\/#breadcrumb\"},\"inLanguage\":\"es\",\"potentialAction\":[{\"@type\":\"ReadAction\",\"target\":[\"https:\\\/\\\/exaudi.org\\\/es\\\/visaje-del-papa-francisco-a-kazajistan-viene-a-decirnos-que-no-estamos-solos\\\/\"]}]},{\"@type\":\"ImageObject\",\"inLanguage\":\"es\",\"@id\":\"https:\\\/\\\/exaudi.org\\\/es\\\/visaje-del-papa-francisco-a-kazajistan-viene-a-decirnos-que-no-estamos-solos\\\/#primaryimage\",\"url\":\"https:\\\/\\\/exaudi.org\\\/wp-content\\\/uploads\\\/2022\\\/09\\\/ACN-20220909-133352.jpg\",\"contentUrl\":\"https:\\\/\\\/exaudi.org\\\/wp-content\\\/uploads\\\/2022\\\/09\\\/ACN-20220909-133352.jpg\",\"width\":1600,\"height\":720,\"caption\":\"Viaje del Papa Francisco a Kazajist\u00e1n \u00a9 ACN\"},{\"@type\":\"BreadcrumbList\",\"@id\":\"https:\\\/\\\/exaudi.org\\\/es\\\/visaje-del-papa-francisco-a-kazajistan-viene-a-decirnos-que-no-estamos-solos\\\/#breadcrumb\",\"itemListElement\":[{\"@type\":\"ListItem\",\"position\":1,\"name\":\"Portada\",\"item\":\"https:\\\/\\\/exaudi.org\\\/es\\\/\"},{\"@type\":\"ListItem\",\"position\":2,\"name\":\"Viaje del Papa Francisco a Kazajist\u00e1n: \u201cViene a decirnos que no estamos solos\u201d\"}]},{\"@type\":\"WebSite\",\"@id\":\"https:\\\/\\\/exaudi.org\\\/#website\",\"url\":\"https:\\\/\\\/exaudi.org\\\/\",\"name\":\"Exaudi\",\"description\":\"News\",\"potentialAction\":[{\"@type\":\"SearchAction\",\"target\":{\"@type\":\"EntryPoint\",\"urlTemplate\":\"https:\\\/\\\/exaudi.org\\\/?s={search_term_string}\"},\"query-input\":{\"@type\":\"PropertyValueSpecification\",\"valueRequired\":true,\"valueName\":\"search_term_string\"}}],\"inLanguage\":\"es\"},{\"@type\":\"Person\",\"@id\":\"https:\\\/\\\/exaudi.org\\\/#\\\/schema\\\/person\\\/d4906ab3b6c174ffe37d722c51c73317\",\"name\":\"Ayuda a la Iglesia Necesitada\",\"image\":{\"@type\":\"ImageObject\",\"inLanguage\":\"es\",\"@id\":\"https:\\\/\\\/secure.gravatar.com\\\/avatar\\\/18b646e6575a46729bc25d1c374d5965acb9854728a2929ada390e85905160db?s=96&d=mm&r=g\",\"url\":\"https:\\\/\\\/secure.gravatar.com\\\/avatar\\\/18b646e6575a46729bc25d1c374d5965acb9854728a2929ada390e85905160db?s=96&d=mm&r=g\",\"contentUrl\":\"https:\\\/\\\/secure.gravatar.com\\\/avatar\\\/18b646e6575a46729bc25d1c374d5965acb9854728a2929ada390e85905160db?s=96&d=mm&r=g\",\"caption\":\"Ayuda a la Iglesia Necesitada\"},\"description\":\"Ayuda a la Iglesia Necesitada (ACN) es la Fundaci\u00f3n Pontificia que apoya a la Iglesia cat\u00f3lica en su labor evangelizadora en las comunidades m\u00e1s necesitadas, discriminadas y perseguidas del mundo. Cada a\u00f1o, ACN financia m\u00e1s de 5.000 proyectos pastorales y de emergencia humanitaria en m\u00e1s de 130 pa\u00edses. Cuenta con m\u00e1s de 20 oficinas en el mundo (en Espa\u00f1a desde 1965), dedicadas a informar sobre la realidad de estos cristianos; al fomento de la oraci\u00f3n, y a la recaudaci\u00f3n de fondos para la cobertura de proyectos. El 100% de los proyectos que desarrolla ACN se sostienen gracias a los donativos de personas f\u00edsicas u organizaciones que valoran la labor de la Iglesia en el mundo. La Fundaci\u00f3n no recibe subvenciones de organismos p\u00fablicos.\",\"sameAs\":[\"https:\\\/\\\/www.facebook.com\\\/ayudaalaiglesianecesitada\\\/?ref=ts\",\"https:\\\/\\\/www.instagram.com\\\/ayudaiglesianecesitada\\\/\",\"https:\\\/\\\/x.com\\\/https:\\\/\\\/x.com\\\/AyudaIglesNeces\",\"https:\\\/\\\/www.youtube.com\\\/user\\\/AINorg\"],\"url\":\"https:\\\/\\\/exaudi.org\\\/es\\\/author\\\/ayudaalaiglesianecesitada\\\/\"}]}<\/script>\n<!-- \/ Yoast SEO plugin. -->","yoast_head_json":{"title":"Viaje del Papa Francisco a Kazajist\u00e1n: \u201cViene a decirnos que no estamos solos\u201d &#8211; Exaudi","robots":{"index":"index","follow":"follow","max-snippet":"max-snippet:-1","max-image-preview":"max-image-preview:large","max-video-preview":"max-video-preview:-1"},"canonical":"https:\/\/exaudi.org\/es\/visaje-del-papa-francisco-a-kazajistan-viene-a-decirnos-que-no-estamos-solos\/","og_locale":"es_ES","og_type":"article","og_title":"Viaje del Papa Francisco a Kazajist\u00e1n: \u201cViene a decirnos que no estamos solos\u201d &#8211; Exaudi","og_description":"Entrevista de ACN al obispo de Almaty: \u201c\u00bfC\u00f3mo continuar con el esp\u00edritu de As\u00eds?\u201d","og_url":"https:\/\/exaudi.org\/es\/visaje-del-papa-francisco-a-kazajistan-viene-a-decirnos-que-no-estamos-solos\/","og_site_name":"Exaudi","article_publisher":"https:\/\/www.facebook.com\/ExaudiNews","article_author":"https:\/\/www.facebook.com\/ayudaalaiglesianecesitada\/?ref=ts","article_published_time":"2022-09-12T19:10:35+00:00","article_modified_time":"2022-09-12T19:16:23+00:00","og_image":[{"width":1600,"height":720,"url":"https:\/\/exaudi.org\/wp-content\/uploads\/2022\/09\/ACN-20220909-133352.jpg","type":"image\/jpeg"}],"author":"Ayuda a la Iglesia Necesitada","twitter_card":"summary_large_image","twitter_creator":"@https:\/\/x.com\/AyudaIglesNeces","twitter_site":"@Exaudi_News","twitter_misc":{"Escrito por":"Ayuda a la Iglesia Necesitada","Tiempo de lectura":"6 minutos"},"schema":{"@context":"https:\/\/schema.org","@graph":[{"@type":"Article","@id":"https:\/\/exaudi.org\/es\/visaje-del-papa-francisco-a-kazajistan-viene-a-decirnos-que-no-estamos-solos\/#article","isPartOf":{"@id":"https:\/\/exaudi.org\/es\/visaje-del-papa-francisco-a-kazajistan-viene-a-decirnos-que-no-estamos-solos\/"},"author":{"name":"Ayuda a la Iglesia Necesitada","@id":"https:\/\/exaudi.org\/#\/schema\/person\/d4906ab3b6c174ffe37d722c51c73317"},"headline":"Viaje del Papa Francisco a Kazajist\u00e1n: \u201cViene a decirnos que no estamos solos\u201d","datePublished":"2022-09-12T19:10:35+00:00","dateModified":"2022-09-12T19:16:23+00:00","mainEntityOfPage":{"@id":"https:\/\/exaudi.org\/es\/visaje-del-papa-francisco-a-kazajistan-viene-a-decirnos-que-no-estamos-solos\/"},"wordCount":1118,"image":{"@id":"https:\/\/exaudi.org\/es\/visaje-del-papa-francisco-a-kazajistan-viene-a-decirnos-que-no-estamos-solos\/#primaryimage"},"thumbnailUrl":"https:\/\/exaudi.org\/wp-content\/uploads\/2022\/09\/ACN-20220909-133352.jpg","keywords":["Ayuda a la Iglesia Necesitada","Congreso de L\u00edderes de Religiones Mundiales y Tradicionales","Kazajist\u00e1n","papa francisco","Trending"],"articleSection":["Entrevistas","Viajes","Viajes Papales"],"inLanguage":"es"},{"@type":"WebPage","@id":"https:\/\/exaudi.org\/es\/visaje-del-papa-francisco-a-kazajistan-viene-a-decirnos-que-no-estamos-solos\/","url":"https:\/\/exaudi.org\/es\/visaje-del-papa-francisco-a-kazajistan-viene-a-decirnos-que-no-estamos-solos\/","name":"Viaje del Papa Francisco a Kazajist\u00e1n: \u201cViene a decirnos que no estamos solos\u201d &#8211; Exaudi","isPartOf":{"@id":"https:\/\/exaudi.org\/#website"},"primaryImageOfPage":{"@id":"https:\/\/exaudi.org\/es\/visaje-del-papa-francisco-a-kazajistan-viene-a-decirnos-que-no-estamos-solos\/#primaryimage"},"image":{"@id":"https:\/\/exaudi.org\/es\/visaje-del-papa-francisco-a-kazajistan-viene-a-decirnos-que-no-estamos-solos\/#primaryimage"},"thumbnailUrl":"https:\/\/exaudi.org\/wp-content\/uploads\/2022\/09\/ACN-20220909-133352.jpg","datePublished":"2022-09-12T19:10:35+00:00","dateModified":"2022-09-12T19:16:23+00:00","author":{"@id":"https:\/\/exaudi.org\/#\/schema\/person\/d4906ab3b6c174ffe37d722c51c73317"},"breadcrumb":{"@id":"https:\/\/exaudi.org\/es\/visaje-del-papa-francisco-a-kazajistan-viene-a-decirnos-que-no-estamos-solos\/#breadcrumb"},"inLanguage":"es","potentialAction":[{"@type":"ReadAction","target":["https:\/\/exaudi.org\/es\/visaje-del-papa-francisco-a-kazajistan-viene-a-decirnos-que-no-estamos-solos\/"]}]},{"@type":"ImageObject","inLanguage":"es","@id":"https:\/\/exaudi.org\/es\/visaje-del-papa-francisco-a-kazajistan-viene-a-decirnos-que-no-estamos-solos\/#primaryimage","url":"https:\/\/exaudi.org\/wp-content\/uploads\/2022\/09\/ACN-20220909-133352.jpg","contentUrl":"https:\/\/exaudi.org\/wp-content\/uploads\/2022\/09\/ACN-20220909-133352.jpg","width":1600,"height":720,"caption":"Viaje del Papa Francisco a Kazajist\u00e1n \u00a9 ACN"},{"@type":"BreadcrumbList","@id":"https:\/\/exaudi.org\/es\/visaje-del-papa-francisco-a-kazajistan-viene-a-decirnos-que-no-estamos-solos\/#breadcrumb","itemListElement":[{"@type":"ListItem","position":1,"name":"Portada","item":"https:\/\/exaudi.org\/es\/"},{"@type":"ListItem","position":2,"name":"Viaje del Papa Francisco a Kazajist\u00e1n: \u201cViene a decirnos que no estamos solos\u201d"}]},{"@type":"WebSite","@id":"https:\/\/exaudi.org\/#website","url":"https:\/\/exaudi.org\/","name":"Exaudi","description":"News","potentialAction":[{"@type":"SearchAction","target":{"@type":"EntryPoint","urlTemplate":"https:\/\/exaudi.org\/?s={search_term_string}"},"query-input":{"@type":"PropertyValueSpecification","valueRequired":true,"valueName":"search_term_string"}}],"inLanguage":"es"},{"@type":"Person","@id":"https:\/\/exaudi.org\/#\/schema\/person\/d4906ab3b6c174ffe37d722c51c73317","name":"Ayuda a la Iglesia Necesitada","image":{"@type":"ImageObject","inLanguage":"es","@id":"https:\/\/secure.gravatar.com\/avatar\/18b646e6575a46729bc25d1c374d5965acb9854728a2929ada390e85905160db?s=96&d=mm&r=g","url":"https:\/\/secure.gravatar.com\/avatar\/18b646e6575a46729bc25d1c374d5965acb9854728a2929ada390e85905160db?s=96&d=mm&r=g","contentUrl":"https:\/\/secure.gravatar.com\/avatar\/18b646e6575a46729bc25d1c374d5965acb9854728a2929ada390e85905160db?s=96&d=mm&r=g","caption":"Ayuda a la Iglesia Necesitada"},"description":"Ayuda a la Iglesia Necesitada (ACN) es la Fundaci\u00f3n Pontificia que apoya a la Iglesia cat\u00f3lica en su labor evangelizadora en las comunidades m\u00e1s necesitadas, discriminadas y perseguidas del mundo. Cada a\u00f1o, ACN financia m\u00e1s de 5.000 proyectos pastorales y de emergencia humanitaria en m\u00e1s de 130 pa\u00edses. Cuenta con m\u00e1s de 20 oficinas en el mundo (en Espa\u00f1a desde 1965), dedicadas a informar sobre la realidad de estos cristianos; al fomento de la oraci\u00f3n, y a la recaudaci\u00f3n de fondos para la cobertura de proyectos. El 100% de los proyectos que desarrolla ACN se sostienen gracias a los donativos de personas f\u00edsicas u organizaciones que valoran la labor de la Iglesia en el mundo. La Fundaci\u00f3n no recibe subvenciones de organismos p\u00fablicos.","sameAs":["https:\/\/www.facebook.com\/ayudaalaiglesianecesitada\/?ref=ts","https:\/\/www.instagram.com\/ayudaiglesianecesitada\/","https:\/\/x.com\/https:\/\/x.com\/AyudaIglesNeces","https:\/\/www.youtube.com\/user\/AINorg"],"url":"https:\/\/exaudi.org\/es\/author\/ayudaalaiglesianecesitada\/"}]}},"jetpack_featured_media_url":"https:\/\/exaudi.org\/wp-content\/uploads\/2022\/09\/ACN-20220909-133352.jpg","jetpack_shortlink":"https:\/\/wp.me\/pgKjF2-g6w","_links":{"self":[{"href":"https:\/\/exaudi.org\/es\/wp-json\/wp\/v2\/posts\/61908","targetHints":{"allow":["GET"]}}],"collection":[{"href":"https:\/\/exaudi.org\/es\/wp-json\/wp\/v2\/posts"}],"about":[{"href":"https:\/\/exaudi.org\/es\/wp-json\/wp\/v2\/types\/post"}],"author":[{"embeddable":true,"href":"https:\/\/exaudi.org\/es\/wp-json\/wp\/v2\/users\/89"}],"replies":[{"embeddable":true,"href":"https:\/\/exaudi.org\/es\/wp-json\/wp\/v2\/comments?post=61908"}],"version-history":[{"count":0,"href":"https:\/\/exaudi.org\/es\/wp-json\/wp\/v2\/posts\/61908\/revisions"}],"wp:featuredmedia":[{"embeddable":true,"href":"https:\/\/exaudi.org\/es\/wp-json\/wp\/v2\/media\/61919"}],"wp:attachment":[{"href":"https:\/\/exaudi.org\/es\/wp-json\/wp\/v2\/media?parent=61908"}],"wp:term":[{"taxonomy":"category","embeddable":true,"href":"https:\/\/exaudi.org\/es\/wp-json\/wp\/v2\/categories?post=61908"},{"taxonomy":"post_tag","embeddable":true,"href":"https:\/\/exaudi.org\/es\/wp-json\/wp\/v2\/tags?post=61908"}],"curies":[{"name":"wp","href":"https:\/\/api.w.org\/{rel}","templated":true}]}}