{"id":61849,"date":"2022-09-11T17:36:22","date_gmt":"2022-09-11T15:36:22","guid":{"rendered":"https:\/\/exaudi.org\/?p=61849"},"modified":"2022-09-11T19:32:53","modified_gmt":"2022-09-11T17:32:53","slug":"el-cardenal-krajewski-viaja-de-nuevo-a-ucrania-para-llevar-cercania-del-papa","status":"publish","type":"post","link":"https:\/\/exaudi.org\/es\/el-cardenal-krajewski-viaja-de-nuevo-a-ucrania-para-llevar-cercania-del-papa\/","title":{"rendered":"El cardenal Krajewski viaja de nuevo a Ucrania para llevar cercan\u00eda del Papa"},"content":{"rendered":"<p>\u201cSigamos rezando por el pueblo ucraniano, para que el Se\u00f1or le d\u00e9 consuelo y esperanza. En estos d\u00edas, el cardenal Krajewski se encuentra en Ucrania para dar un testimonio concreto de la cercan\u00eda del Papa y de la Iglesia\u201d, ha expuesto el Papa Francisco en el <a href=\"https:\/\/exaudi.org\/es\/el-papa-recuerda-a-la-hermana-maria-de-coppi-asesinada-en-mozambique\/\" target=\"_blank\" rel=\"noopener\">\u00c1ngelus<\/a> hoy, 11 de septiembre de 2022.<\/p>\n<p>Tal y como inform\u00f3 el Dicasterio para el Servicio de la Caridad,\u00a0 instituido por la Constituci\u00f3n Apost\u00f3lica <em><a href=\"https:\/\/www.vatican.va\/content\/francesco\/es\/apost_constitutions\/documents\/20220319-costituzione-ap-praedicate-evangelium.html\" target=\"_blank\" rel=\"noopener\">Praedicate Evangelium<\/a><\/em> en un comunicado difundido 9 de septiembre de 2022, efectivamente, el cardenal Konrad Krajewski, prefecto de dicho Dicasterio, se dirige en estos d\u00edas a una misi\u00f3n a Ucrania.<\/p>\n<p>En esta ocasi\u00f3n, el cardenal visitar\u00e1 Odessa, \u017dytomyr, Kharkiv, pero tambi\u00e9n otros lugares del este de Ucrania \u201cpara visitar y apoyar a varias comunidades de fieles, sacerdotes y religiosos, y a sus obispos, que durante m\u00e1s de 200 d\u00edas siguen permaneciendo en los lugares de su ministerio a pesar de los peligros de la guerra\u201d, indica la nota.<\/p>\n<p>El texto tambi\u00e9n describe que \u201ces un viaje silencioso y evang\u00e9lico, para estar con la gente que sufre, rezar y consolar a cada uno, mostrando con la propia presencia que no est\u00e1n solos en esta situaci\u00f3n que solo est\u00e1 trayendo destrucci\u00f3n y muerte\u201d. El viaje est\u00e1 acompa\u00f1ado de ayudas concretas a trav\u00e9s de las C\u00e1ritas diocesanas.<\/p>\n<p>Se trata de la cuarta ocasi\u00f3n en la que el prefecto es enviado por el Santo Padre a esta zona de guerra. De acuerdo a Vatican News, el purpurado donar\u00e1 un minib\u00fas para que se utilice en la distribuci\u00f3n de ayuda a los m\u00e1s necesitados.<\/p>\n<h2><strong>Preocupaci\u00f3n y cercan\u00eda del Papa<\/strong><\/h2>\n<p>Desde el comienzo de la guerra, el pasado 24 de febrero, el Papa ha manifestado su preocupaci\u00f3n por el pueblo ucraniano y reiterado la disposici\u00f3n de la Santa Sede a ponerse al servicio de la paz.<\/p>\n<p>En el \u00c1ngelus del 6 de marzo de 2022, el Pont\u00edfice anunci\u00f3 que el cardenal Krajewski y el cardenal Czerny, prefecto del Dicasterio para el Servicio del Desarrollo Humano Integral, se dirigir\u00edan hacia Ucrania por primera vez, explicando: \u201cLa presencia de los cardenales all\u00ed es la presencia no solo del Papa, sino de todo el pueblo cristiano que quiere acercarse y decir: \u2018La guerra es una locura! \u00a1Det\u00e9nganse, por favor! \u00a1Miren qu\u00e9 crueldad!\u2019\u201d.<\/p>\n","protected":false},"excerpt":{"rendered":"<p>\u201cSigamos rezando por el pueblo ucraniano, para que el Se\u00f1or le d\u00e9 consuelo y esperanza. En estos d\u00edas, el cardenal Krajewski se encuentra en Ucrania para dar un testimonio concreto de la cercan\u00eda del Papa y de la Iglesia\u201d, ha expuesto el Papa Francisco en el \u00c1ngelus hoy, 11 de septiembre de 2022. Tal y [&hellip;]<\/p>\n","protected":false},"author":15,"featured_media":61850,"comment_status":"closed","ping_status":"closed","sticky":false,"template":"","format":"standard","meta":{"_acf_changed":false,"_crdt_document":"","inline_featured_image":false,"footnotes":""},"categories":[68,132],"tags":[2587,6949,158,4953,1235],"class_list":["post-61849","post","type-post","status-publish","format-standard","has-post-thumbnail","hentry","category-leon-xiv","category-vaticano-es","tag-cardenal-konrad-krajewski","tag-dicasterio-para-el-servicio-de-la-caridad","tag-papa-francisco","tag-trending-es","tag-ucrania"],"acf":[],"yoast_head":"<!-- This site is optimized with the Yoast SEO plugin v27.5 - https:\/\/yoast.com\/product\/yoast-seo-wordpress\/ -->\n<title>El cardenal Krajewski viaja de nuevo a Ucrania para llevar cercan\u00eda del Papa &#8211; Exaudi<\/title>\n<meta name=\"robots\" content=\"index, follow, max-snippet:-1, max-image-preview:large, max-video-preview:-1\" \/>\n<link rel=\"canonical\" href=\"https:\/\/exaudi.org\/es\/el-cardenal-krajewski-viaja-de-nuevo-a-ucrania-para-llevar-cercania-del-papa\/\" \/>\n<meta property=\"og:locale\" content=\"es_ES\" \/>\n<meta property=\"og:type\" content=\"article\" \/>\n<meta property=\"og:title\" content=\"El cardenal Krajewski viaja de nuevo a Ucrania para llevar cercan\u00eda del Papa &#8211; Exaudi\" \/>\n<meta property=\"og:description\" content=\"\u201cSigamos rezando por el pueblo ucraniano, para que el Se\u00f1or le d\u00e9 consuelo y esperanza. En estos d\u00edas, el cardenal Krajewski se encuentra en Ucrania para dar un testimonio concreto de la cercan\u00eda del Papa y de la Iglesia\u201d, ha expuesto el Papa Francisco en el \u00c1ngelus hoy, 11 de septiembre de 2022. Tal y [&hellip;]\" \/>\n<meta property=\"og:url\" content=\"https:\/\/exaudi.org\/es\/el-cardenal-krajewski-viaja-de-nuevo-a-ucrania-para-llevar-cercania-del-papa\/\" \/>\n<meta property=\"og:site_name\" content=\"Exaudi\" \/>\n<meta property=\"article:publisher\" content=\"https:\/\/www.facebook.com\/ExaudiNews\" \/>\n<meta property=\"article:author\" content=\"https:\/\/www.facebook.com\/ExaudiNoticias\/\" \/>\n<meta property=\"article:published_time\" content=\"2022-09-11T15:36:22+00:00\" \/>\n<meta property=\"article:modified_time\" content=\"2022-09-11T17:32:53+00:00\" \/>\n<meta property=\"og:image\" content=\"https:\/\/exaudi.org\/wp-content\/uploads\/2022\/09\/El-Papa-Francisco-junto-al-cardenal-Krajewski.jpeg\" \/>\n\t<meta property=\"og:image:width\" content=\"1280\" \/>\n\t<meta property=\"og:image:height\" content=\"720\" \/>\n\t<meta property=\"og:image:type\" content=\"image\/jpeg\" \/>\n<meta name=\"author\" content=\"Exaudi Redacci\u00f3n\" \/>\n<meta name=\"twitter:card\" content=\"summary_large_image\" \/>\n<meta name=\"twitter:creator\" content=\"@Exaudi_noticias\" \/>\n<meta name=\"twitter:site\" content=\"@Exaudi_News\" \/>\n<meta name=\"twitter:label1\" content=\"Escrito por\" \/>\n\t<meta name=\"twitter:data1\" content=\"Exaudi Redacci\u00f3n\" \/>\n\t<meta name=\"twitter:label2\" content=\"Tiempo de lectura\" \/>\n\t<meta name=\"twitter:data2\" content=\"2 minutos\" \/>\n<script type=\"application\/ld+json\" class=\"yoast-schema-graph\">{\"@context\":\"https:\\\/\\\/schema.org\",\"@graph\":[{\"@type\":\"Article\",\"@id\":\"https:\\\/\\\/exaudi.org\\\/es\\\/el-cardenal-krajewski-viaja-de-nuevo-a-ucrania-para-llevar-cercania-del-papa\\\/#article\",\"isPartOf\":{\"@id\":\"https:\\\/\\\/exaudi.org\\\/es\\\/el-cardenal-krajewski-viaja-de-nuevo-a-ucrania-para-llevar-cercania-del-papa\\\/\"},\"author\":{\"name\":\"Exaudi Redacci\u00f3n\",\"@id\":\"https:\\\/\\\/exaudi.org\\\/#\\\/schema\\\/person\\\/f5fc8f063065e38742da7afe15f25df7\"},\"headline\":\"El cardenal Krajewski viaja de nuevo a Ucrania para llevar cercan\u00eda del Papa\",\"datePublished\":\"2022-09-11T15:36:22+00:00\",\"dateModified\":\"2022-09-11T17:32:53+00:00\",\"mainEntityOfPage\":{\"@id\":\"https:\\\/\\\/exaudi.org\\\/es\\\/el-cardenal-krajewski-viaja-de-nuevo-a-ucrania-para-llevar-cercania-del-papa\\\/\"},\"wordCount\":409,\"image\":{\"@id\":\"https:\\\/\\\/exaudi.org\\\/es\\\/el-cardenal-krajewski-viaja-de-nuevo-a-ucrania-para-llevar-cercania-del-papa\\\/#primaryimage\"},\"thumbnailUrl\":\"https:\\\/\\\/exaudi.org\\\/wp-content\\\/uploads\\\/2022\\\/09\\\/El-Papa-Francisco-junto-al-cardenal-Krajewski.jpeg\",\"keywords\":[\"Cardenal Konrad Krajewski\",\"Dicasterio para el Servicio de la Caridad\",\"papa francisco\",\"Trending\",\"Ucrania\"],\"articleSection\":[\"Le\u00f3n XIV\",\"Vaticano\"],\"inLanguage\":\"es\"},{\"@type\":\"WebPage\",\"@id\":\"https:\\\/\\\/exaudi.org\\\/es\\\/el-cardenal-krajewski-viaja-de-nuevo-a-ucrania-para-llevar-cercania-del-papa\\\/\",\"url\":\"https:\\\/\\\/exaudi.org\\\/es\\\/el-cardenal-krajewski-viaja-de-nuevo-a-ucrania-para-llevar-cercania-del-papa\\\/\",\"name\":\"El cardenal Krajewski viaja de nuevo a Ucrania para llevar cercan\u00eda del Papa &#8211; Exaudi\",\"isPartOf\":{\"@id\":\"https:\\\/\\\/exaudi.org\\\/#website\"},\"primaryImageOfPage\":{\"@id\":\"https:\\\/\\\/exaudi.org\\\/es\\\/el-cardenal-krajewski-viaja-de-nuevo-a-ucrania-para-llevar-cercania-del-papa\\\/#primaryimage\"},\"image\":{\"@id\":\"https:\\\/\\\/exaudi.org\\\/es\\\/el-cardenal-krajewski-viaja-de-nuevo-a-ucrania-para-llevar-cercania-del-papa\\\/#primaryimage\"},\"thumbnailUrl\":\"https:\\\/\\\/exaudi.org\\\/wp-content\\\/uploads\\\/2022\\\/09\\\/El-Papa-Francisco-junto-al-cardenal-Krajewski.jpeg\",\"datePublished\":\"2022-09-11T15:36:22+00:00\",\"dateModified\":\"2022-09-11T17:32:53+00:00\",\"author\":{\"@id\":\"https:\\\/\\\/exaudi.org\\\/#\\\/schema\\\/person\\\/f5fc8f063065e38742da7afe15f25df7\"},\"breadcrumb\":{\"@id\":\"https:\\\/\\\/exaudi.org\\\/es\\\/el-cardenal-krajewski-viaja-de-nuevo-a-ucrania-para-llevar-cercania-del-papa\\\/#breadcrumb\"},\"inLanguage\":\"es\",\"potentialAction\":[{\"@type\":\"ReadAction\",\"target\":[\"https:\\\/\\\/exaudi.org\\\/es\\\/el-cardenal-krajewski-viaja-de-nuevo-a-ucrania-para-llevar-cercania-del-papa\\\/\"]}]},{\"@type\":\"ImageObject\",\"inLanguage\":\"es\",\"@id\":\"https:\\\/\\\/exaudi.org\\\/es\\\/el-cardenal-krajewski-viaja-de-nuevo-a-ucrania-para-llevar-cercania-del-papa\\\/#primaryimage\",\"url\":\"https:\\\/\\\/exaudi.org\\\/wp-content\\\/uploads\\\/2022\\\/09\\\/El-Papa-Francisco-junto-al-cardenal-Krajewski.jpeg\",\"contentUrl\":\"https:\\\/\\\/exaudi.org\\\/wp-content\\\/uploads\\\/2022\\\/09\\\/El-Papa-Francisco-junto-al-cardenal-Krajewski.jpeg\",\"width\":1280,\"height\":720,\"caption\":\"El Papa Francisco junto al cardenal Krajewski con una ambulancia destinada a Le\u00f3polis, imagen de archivo \u00a9 Vatican Media\"},{\"@type\":\"BreadcrumbList\",\"@id\":\"https:\\\/\\\/exaudi.org\\\/es\\\/el-cardenal-krajewski-viaja-de-nuevo-a-ucrania-para-llevar-cercania-del-papa\\\/#breadcrumb\",\"itemListElement\":[{\"@type\":\"ListItem\",\"position\":1,\"name\":\"Portada\",\"item\":\"https:\\\/\\\/exaudi.org\\\/es\\\/\"},{\"@type\":\"ListItem\",\"position\":2,\"name\":\"El cardenal Krajewski viaja de nuevo a Ucrania para llevar cercan\u00eda del Papa\"}]},{\"@type\":\"WebSite\",\"@id\":\"https:\\\/\\\/exaudi.org\\\/#website\",\"url\":\"https:\\\/\\\/exaudi.org\\\/\",\"name\":\"Exaudi\",\"description\":\"News\",\"potentialAction\":[{\"@type\":\"SearchAction\",\"target\":{\"@type\":\"EntryPoint\",\"urlTemplate\":\"https:\\\/\\\/exaudi.org\\\/?s={search_term_string}\"},\"query-input\":{\"@type\":\"PropertyValueSpecification\",\"valueRequired\":true,\"valueName\":\"search_term_string\"}}],\"inLanguage\":\"es\"},{\"@type\":\"Person\",\"@id\":\"https:\\\/\\\/exaudi.org\\\/#\\\/schema\\\/person\\\/f5fc8f063065e38742da7afe15f25df7\",\"name\":\"Exaudi Redacci\u00f3n\",\"image\":{\"@type\":\"ImageObject\",\"inLanguage\":\"es\",\"@id\":\"https:\\\/\\\/secure.gravatar.com\\\/avatar\\\/fe0f6a059fb68d9b3e11bc5850dd4899b1c7492091a3cb6dd9b01b56ad828be2?s=96&d=mm&r=g\",\"url\":\"https:\\\/\\\/secure.gravatar.com\\\/avatar\\\/fe0f6a059fb68d9b3e11bc5850dd4899b1c7492091a3cb6dd9b01b56ad828be2?s=96&d=mm&r=g\",\"contentUrl\":\"https:\\\/\\\/secure.gravatar.com\\\/avatar\\\/fe0f6a059fb68d9b3e11bc5850dd4899b1c7492091a3cb6dd9b01b56ad828be2?s=96&d=mm&r=g\",\"caption\":\"Exaudi Redacci\u00f3n\"},\"description\":\"\u00bfQu\u00e9 es Exaudi News? Exaudi News es un medio de comunicaci\u00f3n cat\u00f3lico internacional que informa, forma y transforma, diariamente en espa\u00f1ol, ingl\u00e9s e italiano. A trav\u00e9s de noticias, art\u00edculos de an\u00e1lisis y transmisiones en directo de los eventos del Papa, Exaudi busca fortalecer la unidad de los cristianos y contribuir a la evangelizaci\u00f3n del mundo, siempre guiados por la doctrina social de la Iglesia. Trabajamos para acercar la verdad y los valores cristianos a cada rinc\u00f3n del planeta. \u00a1Ay\u00fadanos a transformar el mundo con Exaudi! En Exaudi creemos que la evangelizaci\u00f3n y la informaci\u00f3n de calidad pueden cambiar vidas. Para continuar con nuestra misi\u00f3n y expandir nuestro alcance, necesitamos tu ayuda. Adem\u00e1s, buscamos personas comprometidas que deseen unirse a nuestro equipo. Con tu apoyo, lograremos llegar a m\u00e1s personas, difundir el mensaje de Cristo y reforzar la unidad de los cristianos. \u00bfTe unes a nuestra misi\u00f3n? Para m\u00e1s informaci\u00f3n sobre c\u00f3mo colaborar, visita Exaudi.org\\\/es o cont\u00e1ctanos directamente: info@exaudi.org Exaudi: Informa, forma y transforma.\",\"sameAs\":[\"https:\\\/\\\/www.facebook.com\\\/ExaudiNoticias\\\/\",\"https:\\\/\\\/www.instagram.com\\\/exaudi_noticias\\\/\",\"https:\\\/\\\/x.com\\\/Exaudi_noticias\",\"https:\\\/\\\/www.youtube.com\\\/@exaudicatholicnews\"],\"url\":\"https:\\\/\\\/exaudi.org\\\/es\\\/author\\\/redaccionexaudi\\\/\"}]}<\/script>\n<!-- \/ Yoast SEO plugin. -->","yoast_head_json":{"title":"El cardenal Krajewski viaja de nuevo a Ucrania para llevar cercan\u00eda del Papa &#8211; Exaudi","robots":{"index":"index","follow":"follow","max-snippet":"max-snippet:-1","max-image-preview":"max-image-preview:large","max-video-preview":"max-video-preview:-1"},"canonical":"https:\/\/exaudi.org\/es\/el-cardenal-krajewski-viaja-de-nuevo-a-ucrania-para-llevar-cercania-del-papa\/","og_locale":"es_ES","og_type":"article","og_title":"El cardenal Krajewski viaja de nuevo a Ucrania para llevar cercan\u00eda del Papa &#8211; Exaudi","og_description":"\u201cSigamos rezando por el pueblo ucraniano, para que el Se\u00f1or le d\u00e9 consuelo y esperanza. En estos d\u00edas, el cardenal Krajewski se encuentra en Ucrania para dar un testimonio concreto de la cercan\u00eda del Papa y de la Iglesia\u201d, ha expuesto el Papa Francisco en el \u00c1ngelus hoy, 11 de septiembre de 2022. Tal y [&hellip;]","og_url":"https:\/\/exaudi.org\/es\/el-cardenal-krajewski-viaja-de-nuevo-a-ucrania-para-llevar-cercania-del-papa\/","og_site_name":"Exaudi","article_publisher":"https:\/\/www.facebook.com\/ExaudiNews","article_author":"https:\/\/www.facebook.com\/ExaudiNoticias\/","article_published_time":"2022-09-11T15:36:22+00:00","article_modified_time":"2022-09-11T17:32:53+00:00","og_image":[{"width":1280,"height":720,"url":"https:\/\/exaudi.org\/wp-content\/uploads\/2022\/09\/El-Papa-Francisco-junto-al-cardenal-Krajewski.jpeg","type":"image\/jpeg"}],"author":"Exaudi Redacci\u00f3n","twitter_card":"summary_large_image","twitter_creator":"@Exaudi_noticias","twitter_site":"@Exaudi_News","twitter_misc":{"Escrito por":"Exaudi Redacci\u00f3n","Tiempo de lectura":"2 minutos"},"schema":{"@context":"https:\/\/schema.org","@graph":[{"@type":"Article","@id":"https:\/\/exaudi.org\/es\/el-cardenal-krajewski-viaja-de-nuevo-a-ucrania-para-llevar-cercania-del-papa\/#article","isPartOf":{"@id":"https:\/\/exaudi.org\/es\/el-cardenal-krajewski-viaja-de-nuevo-a-ucrania-para-llevar-cercania-del-papa\/"},"author":{"name":"Exaudi Redacci\u00f3n","@id":"https:\/\/exaudi.org\/#\/schema\/person\/f5fc8f063065e38742da7afe15f25df7"},"headline":"El cardenal Krajewski viaja de nuevo a Ucrania para llevar cercan\u00eda del Papa","datePublished":"2022-09-11T15:36:22+00:00","dateModified":"2022-09-11T17:32:53+00:00","mainEntityOfPage":{"@id":"https:\/\/exaudi.org\/es\/el-cardenal-krajewski-viaja-de-nuevo-a-ucrania-para-llevar-cercania-del-papa\/"},"wordCount":409,"image":{"@id":"https:\/\/exaudi.org\/es\/el-cardenal-krajewski-viaja-de-nuevo-a-ucrania-para-llevar-cercania-del-papa\/#primaryimage"},"thumbnailUrl":"https:\/\/exaudi.org\/wp-content\/uploads\/2022\/09\/El-Papa-Francisco-junto-al-cardenal-Krajewski.jpeg","keywords":["Cardenal Konrad Krajewski","Dicasterio para el Servicio de la Caridad","papa francisco","Trending","Ucrania"],"articleSection":["Le\u00f3n XIV","Vaticano"],"inLanguage":"es"},{"@type":"WebPage","@id":"https:\/\/exaudi.org\/es\/el-cardenal-krajewski-viaja-de-nuevo-a-ucrania-para-llevar-cercania-del-papa\/","url":"https:\/\/exaudi.org\/es\/el-cardenal-krajewski-viaja-de-nuevo-a-ucrania-para-llevar-cercania-del-papa\/","name":"El cardenal Krajewski viaja de nuevo a Ucrania para llevar cercan\u00eda del Papa &#8211; Exaudi","isPartOf":{"@id":"https:\/\/exaudi.org\/#website"},"primaryImageOfPage":{"@id":"https:\/\/exaudi.org\/es\/el-cardenal-krajewski-viaja-de-nuevo-a-ucrania-para-llevar-cercania-del-papa\/#primaryimage"},"image":{"@id":"https:\/\/exaudi.org\/es\/el-cardenal-krajewski-viaja-de-nuevo-a-ucrania-para-llevar-cercania-del-papa\/#primaryimage"},"thumbnailUrl":"https:\/\/exaudi.org\/wp-content\/uploads\/2022\/09\/El-Papa-Francisco-junto-al-cardenal-Krajewski.jpeg","datePublished":"2022-09-11T15:36:22+00:00","dateModified":"2022-09-11T17:32:53+00:00","author":{"@id":"https:\/\/exaudi.org\/#\/schema\/person\/f5fc8f063065e38742da7afe15f25df7"},"breadcrumb":{"@id":"https:\/\/exaudi.org\/es\/el-cardenal-krajewski-viaja-de-nuevo-a-ucrania-para-llevar-cercania-del-papa\/#breadcrumb"},"inLanguage":"es","potentialAction":[{"@type":"ReadAction","target":["https:\/\/exaudi.org\/es\/el-cardenal-krajewski-viaja-de-nuevo-a-ucrania-para-llevar-cercania-del-papa\/"]}]},{"@type":"ImageObject","inLanguage":"es","@id":"https:\/\/exaudi.org\/es\/el-cardenal-krajewski-viaja-de-nuevo-a-ucrania-para-llevar-cercania-del-papa\/#primaryimage","url":"https:\/\/exaudi.org\/wp-content\/uploads\/2022\/09\/El-Papa-Francisco-junto-al-cardenal-Krajewski.jpeg","contentUrl":"https:\/\/exaudi.org\/wp-content\/uploads\/2022\/09\/El-Papa-Francisco-junto-al-cardenal-Krajewski.jpeg","width":1280,"height":720,"caption":"El Papa Francisco junto al cardenal Krajewski con una ambulancia destinada a Le\u00f3polis, imagen de archivo \u00a9 Vatican Media"},{"@type":"BreadcrumbList","@id":"https:\/\/exaudi.org\/es\/el-cardenal-krajewski-viaja-de-nuevo-a-ucrania-para-llevar-cercania-del-papa\/#breadcrumb","itemListElement":[{"@type":"ListItem","position":1,"name":"Portada","item":"https:\/\/exaudi.org\/es\/"},{"@type":"ListItem","position":2,"name":"El cardenal Krajewski viaja de nuevo a Ucrania para llevar cercan\u00eda del Papa"}]},{"@type":"WebSite","@id":"https:\/\/exaudi.org\/#website","url":"https:\/\/exaudi.org\/","name":"Exaudi","description":"News","potentialAction":[{"@type":"SearchAction","target":{"@type":"EntryPoint","urlTemplate":"https:\/\/exaudi.org\/?s={search_term_string}"},"query-input":{"@type":"PropertyValueSpecification","valueRequired":true,"valueName":"search_term_string"}}],"inLanguage":"es"},{"@type":"Person","@id":"https:\/\/exaudi.org\/#\/schema\/person\/f5fc8f063065e38742da7afe15f25df7","name":"Exaudi Redacci\u00f3n","image":{"@type":"ImageObject","inLanguage":"es","@id":"https:\/\/secure.gravatar.com\/avatar\/fe0f6a059fb68d9b3e11bc5850dd4899b1c7492091a3cb6dd9b01b56ad828be2?s=96&d=mm&r=g","url":"https:\/\/secure.gravatar.com\/avatar\/fe0f6a059fb68d9b3e11bc5850dd4899b1c7492091a3cb6dd9b01b56ad828be2?s=96&d=mm&r=g","contentUrl":"https:\/\/secure.gravatar.com\/avatar\/fe0f6a059fb68d9b3e11bc5850dd4899b1c7492091a3cb6dd9b01b56ad828be2?s=96&d=mm&r=g","caption":"Exaudi Redacci\u00f3n"},"description":"\u00bfQu\u00e9 es Exaudi News? Exaudi News es un medio de comunicaci\u00f3n cat\u00f3lico internacional que informa, forma y transforma, diariamente en espa\u00f1ol, ingl\u00e9s e italiano. A trav\u00e9s de noticias, art\u00edculos de an\u00e1lisis y transmisiones en directo de los eventos del Papa, Exaudi busca fortalecer la unidad de los cristianos y contribuir a la evangelizaci\u00f3n del mundo, siempre guiados por la doctrina social de la Iglesia. Trabajamos para acercar la verdad y los valores cristianos a cada rinc\u00f3n del planeta. \u00a1Ay\u00fadanos a transformar el mundo con Exaudi! En Exaudi creemos que la evangelizaci\u00f3n y la informaci\u00f3n de calidad pueden cambiar vidas. Para continuar con nuestra misi\u00f3n y expandir nuestro alcance, necesitamos tu ayuda. Adem\u00e1s, buscamos personas comprometidas que deseen unirse a nuestro equipo. Con tu apoyo, lograremos llegar a m\u00e1s personas, difundir el mensaje de Cristo y reforzar la unidad de los cristianos. \u00bfTe unes a nuestra misi\u00f3n? Para m\u00e1s informaci\u00f3n sobre c\u00f3mo colaborar, visita Exaudi.org\/es o cont\u00e1ctanos directamente: info@exaudi.org Exaudi: Informa, forma y transforma.","sameAs":["https:\/\/www.facebook.com\/ExaudiNoticias\/","https:\/\/www.instagram.com\/exaudi_noticias\/","https:\/\/x.com\/Exaudi_noticias","https:\/\/www.youtube.com\/@exaudicatholicnews"],"url":"https:\/\/exaudi.org\/es\/author\/redaccionexaudi\/"}]}},"jetpack_featured_media_url":"https:\/\/exaudi.org\/wp-content\/uploads\/2022\/09\/El-Papa-Francisco-junto-al-cardenal-Krajewski.jpeg","jetpack_shortlink":"https:\/\/wp.me\/pgKjF2-g5z","_links":{"self":[{"href":"https:\/\/exaudi.org\/es\/wp-json\/wp\/v2\/posts\/61849","targetHints":{"allow":["GET"]}}],"collection":[{"href":"https:\/\/exaudi.org\/es\/wp-json\/wp\/v2\/posts"}],"about":[{"href":"https:\/\/exaudi.org\/es\/wp-json\/wp\/v2\/types\/post"}],"author":[{"embeddable":true,"href":"https:\/\/exaudi.org\/es\/wp-json\/wp\/v2\/users\/15"}],"replies":[{"embeddable":true,"href":"https:\/\/exaudi.org\/es\/wp-json\/wp\/v2\/comments?post=61849"}],"version-history":[{"count":0,"href":"https:\/\/exaudi.org\/es\/wp-json\/wp\/v2\/posts\/61849\/revisions"}],"wp:featuredmedia":[{"embeddable":true,"href":"https:\/\/exaudi.org\/es\/wp-json\/wp\/v2\/media\/61850"}],"wp:attachment":[{"href":"https:\/\/exaudi.org\/es\/wp-json\/wp\/v2\/media?parent=61849"}],"wp:term":[{"taxonomy":"category","embeddable":true,"href":"https:\/\/exaudi.org\/es\/wp-json\/wp\/v2\/categories?post=61849"},{"taxonomy":"post_tag","embeddable":true,"href":"https:\/\/exaudi.org\/es\/wp-json\/wp\/v2\/tags?post=61849"}],"curies":[{"name":"wp","href":"https:\/\/api.w.org\/{rel}","templated":true}]}}