{"id":61725,"date":"2022-09-09T17:52:14","date_gmt":"2022-09-09T15:52:14","guid":{"rendered":"https:\/\/exaudi.org\/?p=61725"},"modified":"2022-09-09T17:53:52","modified_gmt":"2022-09-09T15:53:52","slug":"el-amor-de-cristo-lleva-al-mundo-a-la-reconciliacion-y-la-unidad","status":"publish","type":"post","link":"https:\/\/exaudi.org\/es\/el-amor-de-cristo-lleva-al-mundo-a-la-reconciliacion-y-la-unidad\/","title":{"rendered":"\u00abEl amor de Cristo lleva al mundo a la reconciliaci\u00f3n y la unidad\u00bb"},"content":{"rendered":"<p>El Consejo Mundial de Iglesias celebr\u00f3 su gran asamblea ecum\u00e9nica por primera vez en Alemania el pasado 31 de agosto.\u00a0 \u00a0El CMI es una comunidad de 349 iglesias de m\u00e1s de 100 pa\u00edses, que representan a m\u00e1s de 580 millones de personas en todo el mundo. Se dice que es \u00abla reuni\u00f3n m\u00e1s completa de cristianos en todo el mundo\u00bb.\u00a0 El segundo escenario prev\u00e9 la presencia de 3.000 personas en el recinto y, por consiguiente, un mayor n\u00famero de personas frente a las pantallas.<\/p>\n<p>La Asamblea general del CMI se celebra normalmente una vez cada ocho a\u00f1os y es el \u00f3rgano legislativo supremo del CMI. Tiene como funci\u00f3n determinar las pol\u00edticas generales del Consejo, adem\u00e1s de nombrar al Comit\u00e9 Central, que act\u00faa como principal \u00f3rgano rector del CMI hasta la Asamblea siguiente.<\/p>\n<p>El CMI acept\u00f3 la invitaci\u00f3n extendida por las iglesias miembros en Alemania para acoger la 11 Asamblea en Karlsruhe. Dicha invitaci\u00f3n fue presentada por la Iglesia Evang\u00e9lica en Alemania, la Iglesia Protestante en Baden y el Consejo de Iglesias Cristianas en Alemania, junto con iglesias de Francia y Suiza.\u00a0 La \u00faltima asamblea celebrada en Europa tuvo lugar en Uppsala en 1968.<\/p>\n<p>Las iglesias europeas del movimiento ecum\u00e9nico y el CMI siempre se han esforzado por mantener y alimentar el sentimiento de unidad, a pesar de la divisi\u00f3n de la Guerra Fr\u00eda.\u00a0 La propagaci\u00f3n geogr\u00e1fica de la regi\u00f3n de Europa en el CMI y en el movimiento ecum\u00e9nico coincide, en su mayor parte, con la noci\u00f3n pol\u00edtica de una Europa que se extend\u00eda desde los Urales hasta el Atl\u00e1ntico. Las iglesias protestantes de la Europa occidental y meridional han formado una conferencia subregional. Las iglesias de la Reforma Protestante se encuentran en plena comuni\u00f3n, en virtud del Acuerdo de Leuenberg y han formado la Comunidad de Iglesias Protestantes en Europa.<\/p>\n<p>Las iglesias Anglicana y Luterana en Gran Breta\u00f1a y en los pa\u00edses n\u00f3rdicos tambi\u00e9n firmaron un acuerdo de plena comuni\u00f3n. El CMI cuenta con ochenta y una iglesias miembros.<\/p>\n<p>En la tercera variante, los organizadores estiman en 1.900 los visitantes que puedan acudir al recinto ferial. Seg\u00fan el jefe de la oficina de coordinaci\u00f3n, Marc Witzenbacher, de la Iglesia Evang\u00e9lica de Alemania, entre los anfitriones de la und\u00e9cima edici\u00f3n se encuentran, adem\u00e1s de su Iglesia, la Conferencia Episcopal Alemana, la Asociaci\u00f3n de Iglesias Cristianas de Alemania e iglesias de Francia y Suiza.\u00a0 \u00a0Karlsruhe quiere aprovechar la oportunidad para presentarse internacionalmente.<\/p>\n","protected":false},"excerpt":{"rendered":"<p>Reuni\u00f3n en Karlsruhe por la XI Asamblea del Consejo Mundial de Iglesias<\/p>\n","protected":false},"author":15,"featured_media":61772,"comment_status":"closed","ping_status":"closed","sticky":false,"template":"","format":"standard","meta":{"_acf_changed":false,"_crdt_document":"","inline_featured_image":false,"footnotes":""},"categories":[74],"tags":[2676,4953,6916],"class_list":["post-61725","post","type-post","status-publish","format-standard","has-post-thumbnail","hentry","category-iglesia-y-mundo","tag-alemania","tag-trending-es","tag-xi-asamblea-del-consejo-mundial-de-iglesias"],"acf":[],"yoast_head":"<!-- This site is optimized with the Yoast SEO plugin v27.5 - https:\/\/yoast.com\/product\/yoast-seo-wordpress\/ -->\n<title>&quot;El amor de Cristo lleva al mundo a la reconciliaci\u00f3n y la unidad&quot; &#8211; Exaudi<\/title>\n<meta name=\"robots\" content=\"index, follow, max-snippet:-1, max-image-preview:large, max-video-preview:-1\" \/>\n<link rel=\"canonical\" href=\"https:\/\/exaudi.org\/es\/el-amor-de-cristo-lleva-al-mundo-a-la-reconciliacion-y-la-unidad\/\" \/>\n<meta property=\"og:locale\" content=\"es_ES\" \/>\n<meta property=\"og:type\" content=\"article\" \/>\n<meta property=\"og:title\" content=\"&quot;El amor de Cristo lleva al mundo a la reconciliaci\u00f3n y la unidad&quot; &#8211; Exaudi\" \/>\n<meta property=\"og:description\" content=\"Reuni\u00f3n en Karlsruhe por la XI Asamblea del Consejo Mundial de Iglesias\" \/>\n<meta property=\"og:url\" content=\"https:\/\/exaudi.org\/es\/el-amor-de-cristo-lleva-al-mundo-a-la-reconciliacion-y-la-unidad\/\" \/>\n<meta property=\"og:site_name\" content=\"Exaudi\" \/>\n<meta property=\"article:publisher\" content=\"https:\/\/www.facebook.com\/ExaudiNews\" \/>\n<meta property=\"article:author\" content=\"https:\/\/www.facebook.com\/ExaudiNoticias\/\" \/>\n<meta property=\"article:published_time\" content=\"2022-09-09T15:52:14+00:00\" \/>\n<meta property=\"article:modified_time\" content=\"2022-09-09T15:53:52+00:00\" \/>\n<meta property=\"og:image\" content=\"https:\/\/exaudi.org\/wp-content\/uploads\/2022\/09\/WCClogo_colour_ESP.jpg\" \/>\n\t<meta property=\"og:image:width\" content=\"1200\" \/>\n\t<meta property=\"og:image:height\" content=\"400\" \/>\n\t<meta property=\"og:image:type\" content=\"image\/jpeg\" \/>\n<meta name=\"author\" content=\"Exaudi Redacci\u00f3n\" \/>\n<meta name=\"twitter:card\" content=\"summary_large_image\" \/>\n<meta name=\"twitter:creator\" content=\"@Exaudi_noticias\" \/>\n<meta name=\"twitter:site\" content=\"@Exaudi_News\" \/>\n<meta name=\"twitter:label1\" content=\"Escrito por\" \/>\n\t<meta name=\"twitter:data1\" content=\"Exaudi Redacci\u00f3n\" \/>\n\t<meta name=\"twitter:label2\" content=\"Tiempo de lectura\" \/>\n\t<meta name=\"twitter:data2\" content=\"2 minutos\" \/>\n<script type=\"application\/ld+json\" class=\"yoast-schema-graph\">{\"@context\":\"https:\\\/\\\/schema.org\",\"@graph\":[{\"@type\":\"Article\",\"@id\":\"https:\\\/\\\/exaudi.org\\\/es\\\/el-amor-de-cristo-lleva-al-mundo-a-la-reconciliacion-y-la-unidad\\\/#article\",\"isPartOf\":{\"@id\":\"https:\\\/\\\/exaudi.org\\\/es\\\/el-amor-de-cristo-lleva-al-mundo-a-la-reconciliacion-y-la-unidad\\\/\"},\"author\":{\"name\":\"Exaudi Redacci\u00f3n\",\"@id\":\"https:\\\/\\\/exaudi.org\\\/#\\\/schema\\\/person\\\/f5fc8f063065e38742da7afe15f25df7\"},\"headline\":\"\u00abEl amor de Cristo lleva al mundo a la reconciliaci\u00f3n y la unidad\u00bb\",\"datePublished\":\"2022-09-09T15:52:14+00:00\",\"dateModified\":\"2022-09-09T15:53:52+00:00\",\"mainEntityOfPage\":{\"@id\":\"https:\\\/\\\/exaudi.org\\\/es\\\/el-amor-de-cristo-lleva-al-mundo-a-la-reconciliacion-y-la-unidad\\\/\"},\"wordCount\":446,\"image\":{\"@id\":\"https:\\\/\\\/exaudi.org\\\/es\\\/el-amor-de-cristo-lleva-al-mundo-a-la-reconciliacion-y-la-unidad\\\/#primaryimage\"},\"thumbnailUrl\":\"https:\\\/\\\/exaudi.org\\\/wp-content\\\/uploads\\\/2022\\\/09\\\/WCClogo_colour_ESP.jpg\",\"keywords\":[\"Alemania\",\"Trending\",\"XI Asamblea del Consejo Mundial de Iglesias\"],\"articleSection\":[\"Iglesia y Mundo\"],\"inLanguage\":\"es\"},{\"@type\":\"WebPage\",\"@id\":\"https:\\\/\\\/exaudi.org\\\/es\\\/el-amor-de-cristo-lleva-al-mundo-a-la-reconciliacion-y-la-unidad\\\/\",\"url\":\"https:\\\/\\\/exaudi.org\\\/es\\\/el-amor-de-cristo-lleva-al-mundo-a-la-reconciliacion-y-la-unidad\\\/\",\"name\":\"\\\"El amor de Cristo lleva al mundo a la reconciliaci\u00f3n y la unidad\\\" &#8211; Exaudi\",\"isPartOf\":{\"@id\":\"https:\\\/\\\/exaudi.org\\\/#website\"},\"primaryImageOfPage\":{\"@id\":\"https:\\\/\\\/exaudi.org\\\/es\\\/el-amor-de-cristo-lleva-al-mundo-a-la-reconciliacion-y-la-unidad\\\/#primaryimage\"},\"image\":{\"@id\":\"https:\\\/\\\/exaudi.org\\\/es\\\/el-amor-de-cristo-lleva-al-mundo-a-la-reconciliacion-y-la-unidad\\\/#primaryimage\"},\"thumbnailUrl\":\"https:\\\/\\\/exaudi.org\\\/wp-content\\\/uploads\\\/2022\\\/09\\\/WCClogo_colour_ESP.jpg\",\"datePublished\":\"2022-09-09T15:52:14+00:00\",\"dateModified\":\"2022-09-09T15:53:52+00:00\",\"author\":{\"@id\":\"https:\\\/\\\/exaudi.org\\\/#\\\/schema\\\/person\\\/f5fc8f063065e38742da7afe15f25df7\"},\"breadcrumb\":{\"@id\":\"https:\\\/\\\/exaudi.org\\\/es\\\/el-amor-de-cristo-lleva-al-mundo-a-la-reconciliacion-y-la-unidad\\\/#breadcrumb\"},\"inLanguage\":\"es\",\"potentialAction\":[{\"@type\":\"ReadAction\",\"target\":[\"https:\\\/\\\/exaudi.org\\\/es\\\/el-amor-de-cristo-lleva-al-mundo-a-la-reconciliacion-y-la-unidad\\\/\"]}]},{\"@type\":\"ImageObject\",\"inLanguage\":\"es\",\"@id\":\"https:\\\/\\\/exaudi.org\\\/es\\\/el-amor-de-cristo-lleva-al-mundo-a-la-reconciliacion-y-la-unidad\\\/#primaryimage\",\"url\":\"https:\\\/\\\/exaudi.org\\\/wp-content\\\/uploads\\\/2022\\\/09\\\/WCClogo_colour_ESP.jpg\",\"contentUrl\":\"https:\\\/\\\/exaudi.org\\\/wp-content\\\/uploads\\\/2022\\\/09\\\/WCClogo_colour_ESP.jpg\",\"width\":1200,\"height\":400},{\"@type\":\"BreadcrumbList\",\"@id\":\"https:\\\/\\\/exaudi.org\\\/es\\\/el-amor-de-cristo-lleva-al-mundo-a-la-reconciliacion-y-la-unidad\\\/#breadcrumb\",\"itemListElement\":[{\"@type\":\"ListItem\",\"position\":1,\"name\":\"Portada\",\"item\":\"https:\\\/\\\/exaudi.org\\\/es\\\/\"},{\"@type\":\"ListItem\",\"position\":2,\"name\":\"&#8220;El amor de Cristo lleva al mundo a la reconciliaci\u00f3n y la unidad&#8221;\"}]},{\"@type\":\"WebSite\",\"@id\":\"https:\\\/\\\/exaudi.org\\\/#website\",\"url\":\"https:\\\/\\\/exaudi.org\\\/\",\"name\":\"Exaudi\",\"description\":\"News\",\"potentialAction\":[{\"@type\":\"SearchAction\",\"target\":{\"@type\":\"EntryPoint\",\"urlTemplate\":\"https:\\\/\\\/exaudi.org\\\/?s={search_term_string}\"},\"query-input\":{\"@type\":\"PropertyValueSpecification\",\"valueRequired\":true,\"valueName\":\"search_term_string\"}}],\"inLanguage\":\"es\"},{\"@type\":\"Person\",\"@id\":\"https:\\\/\\\/exaudi.org\\\/#\\\/schema\\\/person\\\/f5fc8f063065e38742da7afe15f25df7\",\"name\":\"Exaudi Redacci\u00f3n\",\"image\":{\"@type\":\"ImageObject\",\"inLanguage\":\"es\",\"@id\":\"https:\\\/\\\/secure.gravatar.com\\\/avatar\\\/fe0f6a059fb68d9b3e11bc5850dd4899b1c7492091a3cb6dd9b01b56ad828be2?s=96&d=mm&r=g\",\"url\":\"https:\\\/\\\/secure.gravatar.com\\\/avatar\\\/fe0f6a059fb68d9b3e11bc5850dd4899b1c7492091a3cb6dd9b01b56ad828be2?s=96&d=mm&r=g\",\"contentUrl\":\"https:\\\/\\\/secure.gravatar.com\\\/avatar\\\/fe0f6a059fb68d9b3e11bc5850dd4899b1c7492091a3cb6dd9b01b56ad828be2?s=96&d=mm&r=g\",\"caption\":\"Exaudi Redacci\u00f3n\"},\"description\":\"\u00bfQu\u00e9 es Exaudi News? Exaudi News es un medio de comunicaci\u00f3n cat\u00f3lico internacional que informa, forma y transforma, diariamente en espa\u00f1ol, ingl\u00e9s e italiano. A trav\u00e9s de noticias, art\u00edculos de an\u00e1lisis y transmisiones en directo de los eventos del Papa, Exaudi busca fortalecer la unidad de los cristianos y contribuir a la evangelizaci\u00f3n del mundo, siempre guiados por la doctrina social de la Iglesia. Trabajamos para acercar la verdad y los valores cristianos a cada rinc\u00f3n del planeta. \u00a1Ay\u00fadanos a transformar el mundo con Exaudi! En Exaudi creemos que la evangelizaci\u00f3n y la informaci\u00f3n de calidad pueden cambiar vidas. Para continuar con nuestra misi\u00f3n y expandir nuestro alcance, necesitamos tu ayuda. Adem\u00e1s, buscamos personas comprometidas que deseen unirse a nuestro equipo. Con tu apoyo, lograremos llegar a m\u00e1s personas, difundir el mensaje de Cristo y reforzar la unidad de los cristianos. \u00bfTe unes a nuestra misi\u00f3n? Para m\u00e1s informaci\u00f3n sobre c\u00f3mo colaborar, visita Exaudi.org\\\/es o cont\u00e1ctanos directamente: info@exaudi.org Exaudi: Informa, forma y transforma.\",\"sameAs\":[\"https:\\\/\\\/www.facebook.com\\\/ExaudiNoticias\\\/\",\"https:\\\/\\\/www.instagram.com\\\/exaudi_noticias\\\/\",\"https:\\\/\\\/x.com\\\/Exaudi_noticias\",\"https:\\\/\\\/www.youtube.com\\\/@exaudicatholicnews\"],\"url\":\"https:\\\/\\\/exaudi.org\\\/es\\\/author\\\/redaccionexaudi\\\/\"}]}<\/script>\n<!-- \/ Yoast SEO plugin. -->","yoast_head_json":{"title":"\"El amor de Cristo lleva al mundo a la reconciliaci\u00f3n y la unidad\" &#8211; Exaudi","robots":{"index":"index","follow":"follow","max-snippet":"max-snippet:-1","max-image-preview":"max-image-preview:large","max-video-preview":"max-video-preview:-1"},"canonical":"https:\/\/exaudi.org\/es\/el-amor-de-cristo-lleva-al-mundo-a-la-reconciliacion-y-la-unidad\/","og_locale":"es_ES","og_type":"article","og_title":"\"El amor de Cristo lleva al mundo a la reconciliaci\u00f3n y la unidad\" &#8211; Exaudi","og_description":"Reuni\u00f3n en Karlsruhe por la XI Asamblea del Consejo Mundial de Iglesias","og_url":"https:\/\/exaudi.org\/es\/el-amor-de-cristo-lleva-al-mundo-a-la-reconciliacion-y-la-unidad\/","og_site_name":"Exaudi","article_publisher":"https:\/\/www.facebook.com\/ExaudiNews","article_author":"https:\/\/www.facebook.com\/ExaudiNoticias\/","article_published_time":"2022-09-09T15:52:14+00:00","article_modified_time":"2022-09-09T15:53:52+00:00","og_image":[{"width":1200,"height":400,"url":"https:\/\/exaudi.org\/wp-content\/uploads\/2022\/09\/WCClogo_colour_ESP.jpg","type":"image\/jpeg"}],"author":"Exaudi Redacci\u00f3n","twitter_card":"summary_large_image","twitter_creator":"@Exaudi_noticias","twitter_site":"@Exaudi_News","twitter_misc":{"Escrito por":"Exaudi Redacci\u00f3n","Tiempo de lectura":"2 minutos"},"schema":{"@context":"https:\/\/schema.org","@graph":[{"@type":"Article","@id":"https:\/\/exaudi.org\/es\/el-amor-de-cristo-lleva-al-mundo-a-la-reconciliacion-y-la-unidad\/#article","isPartOf":{"@id":"https:\/\/exaudi.org\/es\/el-amor-de-cristo-lleva-al-mundo-a-la-reconciliacion-y-la-unidad\/"},"author":{"name":"Exaudi Redacci\u00f3n","@id":"https:\/\/exaudi.org\/#\/schema\/person\/f5fc8f063065e38742da7afe15f25df7"},"headline":"\u00abEl amor de Cristo lleva al mundo a la reconciliaci\u00f3n y la unidad\u00bb","datePublished":"2022-09-09T15:52:14+00:00","dateModified":"2022-09-09T15:53:52+00:00","mainEntityOfPage":{"@id":"https:\/\/exaudi.org\/es\/el-amor-de-cristo-lleva-al-mundo-a-la-reconciliacion-y-la-unidad\/"},"wordCount":446,"image":{"@id":"https:\/\/exaudi.org\/es\/el-amor-de-cristo-lleva-al-mundo-a-la-reconciliacion-y-la-unidad\/#primaryimage"},"thumbnailUrl":"https:\/\/exaudi.org\/wp-content\/uploads\/2022\/09\/WCClogo_colour_ESP.jpg","keywords":["Alemania","Trending","XI Asamblea del Consejo Mundial de Iglesias"],"articleSection":["Iglesia y Mundo"],"inLanguage":"es"},{"@type":"WebPage","@id":"https:\/\/exaudi.org\/es\/el-amor-de-cristo-lleva-al-mundo-a-la-reconciliacion-y-la-unidad\/","url":"https:\/\/exaudi.org\/es\/el-amor-de-cristo-lleva-al-mundo-a-la-reconciliacion-y-la-unidad\/","name":"\"El amor de Cristo lleva al mundo a la reconciliaci\u00f3n y la unidad\" &#8211; Exaudi","isPartOf":{"@id":"https:\/\/exaudi.org\/#website"},"primaryImageOfPage":{"@id":"https:\/\/exaudi.org\/es\/el-amor-de-cristo-lleva-al-mundo-a-la-reconciliacion-y-la-unidad\/#primaryimage"},"image":{"@id":"https:\/\/exaudi.org\/es\/el-amor-de-cristo-lleva-al-mundo-a-la-reconciliacion-y-la-unidad\/#primaryimage"},"thumbnailUrl":"https:\/\/exaudi.org\/wp-content\/uploads\/2022\/09\/WCClogo_colour_ESP.jpg","datePublished":"2022-09-09T15:52:14+00:00","dateModified":"2022-09-09T15:53:52+00:00","author":{"@id":"https:\/\/exaudi.org\/#\/schema\/person\/f5fc8f063065e38742da7afe15f25df7"},"breadcrumb":{"@id":"https:\/\/exaudi.org\/es\/el-amor-de-cristo-lleva-al-mundo-a-la-reconciliacion-y-la-unidad\/#breadcrumb"},"inLanguage":"es","potentialAction":[{"@type":"ReadAction","target":["https:\/\/exaudi.org\/es\/el-amor-de-cristo-lleva-al-mundo-a-la-reconciliacion-y-la-unidad\/"]}]},{"@type":"ImageObject","inLanguage":"es","@id":"https:\/\/exaudi.org\/es\/el-amor-de-cristo-lleva-al-mundo-a-la-reconciliacion-y-la-unidad\/#primaryimage","url":"https:\/\/exaudi.org\/wp-content\/uploads\/2022\/09\/WCClogo_colour_ESP.jpg","contentUrl":"https:\/\/exaudi.org\/wp-content\/uploads\/2022\/09\/WCClogo_colour_ESP.jpg","width":1200,"height":400},{"@type":"BreadcrumbList","@id":"https:\/\/exaudi.org\/es\/el-amor-de-cristo-lleva-al-mundo-a-la-reconciliacion-y-la-unidad\/#breadcrumb","itemListElement":[{"@type":"ListItem","position":1,"name":"Portada","item":"https:\/\/exaudi.org\/es\/"},{"@type":"ListItem","position":2,"name":"&#8220;El amor de Cristo lleva al mundo a la reconciliaci\u00f3n y la unidad&#8221;"}]},{"@type":"WebSite","@id":"https:\/\/exaudi.org\/#website","url":"https:\/\/exaudi.org\/","name":"Exaudi","description":"News","potentialAction":[{"@type":"SearchAction","target":{"@type":"EntryPoint","urlTemplate":"https:\/\/exaudi.org\/?s={search_term_string}"},"query-input":{"@type":"PropertyValueSpecification","valueRequired":true,"valueName":"search_term_string"}}],"inLanguage":"es"},{"@type":"Person","@id":"https:\/\/exaudi.org\/#\/schema\/person\/f5fc8f063065e38742da7afe15f25df7","name":"Exaudi Redacci\u00f3n","image":{"@type":"ImageObject","inLanguage":"es","@id":"https:\/\/secure.gravatar.com\/avatar\/fe0f6a059fb68d9b3e11bc5850dd4899b1c7492091a3cb6dd9b01b56ad828be2?s=96&d=mm&r=g","url":"https:\/\/secure.gravatar.com\/avatar\/fe0f6a059fb68d9b3e11bc5850dd4899b1c7492091a3cb6dd9b01b56ad828be2?s=96&d=mm&r=g","contentUrl":"https:\/\/secure.gravatar.com\/avatar\/fe0f6a059fb68d9b3e11bc5850dd4899b1c7492091a3cb6dd9b01b56ad828be2?s=96&d=mm&r=g","caption":"Exaudi Redacci\u00f3n"},"description":"\u00bfQu\u00e9 es Exaudi News? Exaudi News es un medio de comunicaci\u00f3n cat\u00f3lico internacional que informa, forma y transforma, diariamente en espa\u00f1ol, ingl\u00e9s e italiano. A trav\u00e9s de noticias, art\u00edculos de an\u00e1lisis y transmisiones en directo de los eventos del Papa, Exaudi busca fortalecer la unidad de los cristianos y contribuir a la evangelizaci\u00f3n del mundo, siempre guiados por la doctrina social de la Iglesia. Trabajamos para acercar la verdad y los valores cristianos a cada rinc\u00f3n del planeta. \u00a1Ay\u00fadanos a transformar el mundo con Exaudi! En Exaudi creemos que la evangelizaci\u00f3n y la informaci\u00f3n de calidad pueden cambiar vidas. Para continuar con nuestra misi\u00f3n y expandir nuestro alcance, necesitamos tu ayuda. Adem\u00e1s, buscamos personas comprometidas que deseen unirse a nuestro equipo. Con tu apoyo, lograremos llegar a m\u00e1s personas, difundir el mensaje de Cristo y reforzar la unidad de los cristianos. \u00bfTe unes a nuestra misi\u00f3n? Para m\u00e1s informaci\u00f3n sobre c\u00f3mo colaborar, visita Exaudi.org\/es o cont\u00e1ctanos directamente: info@exaudi.org Exaudi: Informa, forma y transforma.","sameAs":["https:\/\/www.facebook.com\/ExaudiNoticias\/","https:\/\/www.instagram.com\/exaudi_noticias\/","https:\/\/x.com\/Exaudi_noticias","https:\/\/www.youtube.com\/@exaudicatholicnews"],"url":"https:\/\/exaudi.org\/es\/author\/redaccionexaudi\/"}]}},"jetpack_featured_media_url":"https:\/\/exaudi.org\/wp-content\/uploads\/2022\/09\/WCClogo_colour_ESP.jpg","jetpack_shortlink":"https:\/\/wp.me\/pgKjF2-g3z","_links":{"self":[{"href":"https:\/\/exaudi.org\/es\/wp-json\/wp\/v2\/posts\/61725","targetHints":{"allow":["GET"]}}],"collection":[{"href":"https:\/\/exaudi.org\/es\/wp-json\/wp\/v2\/posts"}],"about":[{"href":"https:\/\/exaudi.org\/es\/wp-json\/wp\/v2\/types\/post"}],"author":[{"embeddable":true,"href":"https:\/\/exaudi.org\/es\/wp-json\/wp\/v2\/users\/15"}],"replies":[{"embeddable":true,"href":"https:\/\/exaudi.org\/es\/wp-json\/wp\/v2\/comments?post=61725"}],"version-history":[{"count":0,"href":"https:\/\/exaudi.org\/es\/wp-json\/wp\/v2\/posts\/61725\/revisions"}],"wp:featuredmedia":[{"embeddable":true,"href":"https:\/\/exaudi.org\/es\/wp-json\/wp\/v2\/media\/61772"}],"wp:attachment":[{"href":"https:\/\/exaudi.org\/es\/wp-json\/wp\/v2\/media?parent=61725"}],"wp:term":[{"taxonomy":"category","embeddable":true,"href":"https:\/\/exaudi.org\/es\/wp-json\/wp\/v2\/categories?post=61725"},{"taxonomy":"post_tag","embeddable":true,"href":"https:\/\/exaudi.org\/es\/wp-json\/wp\/v2\/tags?post=61725"}],"curies":[{"name":"wp","href":"https:\/\/api.w.org\/{rel}","templated":true}]}}