{"id":61671,"date":"2022-09-07T13:44:21","date_gmt":"2022-09-07T11:44:21","guid":{"rendered":"https:\/\/exaudi.org\/?p=61671"},"modified":"2022-09-07T14:10:23","modified_gmt":"2022-09-07T12:10:23","slug":"papa-francisco-escuchar-al-corazon-para-tomar-decisiones-buenas","status":"publish","type":"post","link":"https:\/\/exaudi.org\/es\/papa-francisco-escuchar-al-corazon-para-tomar-decisiones-buenas\/","title":{"rendered":"Papa Francisco: Escuchar al coraz\u00f3n para tomar decisiones buenas"},"content":{"rendered":"<p>\u201cPara tomar decisiones buenas es necesario escuchar al propio coraz\u00f3n\u201d, ha indicado el Papa Francisco en la <a href=\"https:\/\/fb.watch\/fofn0Lv06W\/\" target=\"_blank\" rel=\"noopener\">audiencia general<\/a> de este mi\u00e9rcoles, 7 de septiembre de 2022,<\/p>\n<p>El Santo Padre pronunci\u00f3 su segunda catequesis de la serie sobre el discernimiento que <a href=\"https:\/\/exaudi.org\/es\/el-papa-que-significa-discernir\/\" target=\"_blank\" rel=\"noopener\">comenz\u00f3 el pasado 31 de agosto<\/a>, inspir\u00e1ndose en el ejemplo de san Ignacio de Loyola.<\/p>\n<p>Tras explicar uno de los episodios m\u00e1s decisivos del santo, Francisco propone: \u201cEsto es lo que nosotros tenemos que aprender: escuchar a nuestro propio coraz\u00f3n. Para conocer qu\u00e9 sucede, qu\u00e9 decisi\u00f3n tomar, opinar sobre una situaci\u00f3n, es necesario escuchar al propio coraz\u00f3n. Nosotros escuchamos la televisi\u00f3n, la radio, el m\u00f3vil, somos maestros de la escucha, pero te pregunto: \u00bft\u00fa sabes escuchar tu coraz\u00f3n? T\u00fa te detienes para decir: \u2018\u00bfPero mi coraz\u00f3n c\u00f3mo est\u00e1? \u00bfEst\u00e1 satisfecho, est\u00e1 triste, busca algo?\u2019. Para tomar decisiones buenas es necesario escuchar al propio coraz\u00f3n\u201d.<\/p>\n<p>A continuaci\u00f3n, sigue el texto de la catequesis completa del Papa.<\/p>\n<p>***<\/p>\n<h2><strong>Catequesis sobre el discernimiento 2.\u00a0<em>Un ejemplo: Ignacio de Loyola<\/em><\/strong><\/h2>\n<p><em>Queridos hermanos y hermanas, \u00a1buenos d\u00edas!<\/em><\/p>\n<p>Proseguimos nuestra reflexi\u00f3n sobre el discernimiento \u2014en este tiempo hablaremos cada mi\u00e9rcoles del discernimiento espiritual\u2014 y para esto puede ayudarnos hacer referencia a un testimonio concreto.<\/p>\n<p>Uno de los ejemplos m\u00e1s instructivos nos lo ofrece san Ignacio de Loyola, con un episodio decisivo de su vida. Ignacio se encuentra en casa convaleciente, despu\u00e9s de haber sido herido en batalla en una pierna. Para liberarse del aburrimiento pide leer algo. A \u00e9l le encantaban los libros de caballer\u00eda, pero lamentablemente en casa hab\u00eda solo vidas de santos. Un poco a rega\u00f1adientes se adapta, pero durante la lectura comienza a descubrir otro mundo, un mundo que lo conquista y parece competir con el de los caballeros. Se queda fascinado por las figuras de san Francisco y de santo Domingo y siente el deseo de imitarles. Pero tambi\u00e9n el mundo caballeresco sigue ejerciendo su fascinaci\u00f3n sobre \u00e9l. Y as\u00ed siente dentro de s\u00ed esta alternancia de pensamientos, los caballerescos y los de los santos, que parecen ser equivalentes.<\/p>\n<p>Pero Ignacio empieza tambi\u00e9n a notar las diferencias. En su autobiograf\u00eda \u2014en tercera persona\u2014 escribe as\u00ed: \u201cCuando pensaba en aquello del mundo \u2014y en las cosas caballerescas, se entiende\u2014 se deleitaba mucho; mas cuando despu\u00e9s de cansado lo dejaba, hall\u00e1base seco y descontento; y cuando en ir a Jerusalem descalzo, y en no comer sino yerbas, y en hacer todos los dem\u00e1s rigores que v\u00eda haber hecho los santos; no solamente se consolaba cuando estaba en los tales pensamientos, mas aun despu\u00e9s de dejando, quedaba contento y alegre\u00bb (n. 8), le dejaban un rastro de alegr\u00eda.<\/p>\n<p>En esta experiencia podemos notar sobre todo dos aspectos. El primero es el\u00a0<em>tiempo<\/em>: es decir, los pensamientos del mundo al principio son atractivos, pero despu\u00e9s pierden brillo y dejan vac\u00edos, descontentos, te dejan as\u00ed, una cosa vac\u00eda. Los pensamientos de Dios, al contrario, suscitan al principio una cierta resistencia \u2014 \u201cEsto aburrido de los santos no lo leer\u00e9\u201d \u2014, pero cuando se les acoge traen una paz desconocida, que dura mucho tiempo.<\/p>\n<p>Aparece entonces el otro aspecto:\u00a0<em>el punto de llegada<\/em>\u00a0de los pensamientos. Al principio la situaci\u00f3n no parece tan clara. Hay un desarrollo del discernimiento: por ejemplo, entendemos qu\u00e9 es el bien para nosotros no de forma abstracta, general, sino en el recorrido de nuestra vida. En las reglas para el discernimiento, fruto de esta experiencia fundamental, Ignacio pone una premisa importante, que ayuda a comprender tal proceso: \u201cEn las personas que van de pecado mortal en pecado mortal, acostumbra com\u00fanmente el enemigo proponerles placeres aparentes, tranquilizarles que todo va bien, haci\u00e9ndoles imaginar deleites y placeres de los sentidos, para conservarlos y hacerlos crecer m\u00e1s en sus vicios y pecados; en dichas personas el buen esp\u00edritu act\u00faa de modo contrario, punz\u00e1ndoles y remordi\u00e9ndoles la conciencia por el juicio recto de la raz\u00f3n\u00bb (<em>Ejercicios Espirituales<\/em>, 314); pero esto no va bien.<\/p>\n<p>Hay una historia que precede a quien discierne, una historia que es indispensable conocer, porque el discernimiento no es una especie de or\u00e1culo o de fatalismo o algo de laboratorio, como echar a suertes dos posibilidades. Las grandes preguntas surgen cuando en la vida hemos hecho un tramo de camino, y es a ese recorrido que debemos volver para entender qu\u00e9 estamos buscando. Si en la vida se hace un poco de camino, ah\u00ed: \u201c\u00bfPero por qu\u00e9 camino en esta direcci\u00f3n, qu\u00e9 estoy buscando?\u201d, y ah\u00ed se hace el discernimiento. Ignacio, cuando estaba herido en la casa paterna, no pensaba precisamente en Dios o en c\u00f3mo reformar su vida, no. \u00c9l hace su primera experiencia de Dios escuchando su propio coraz\u00f3n, que le muestra una inversi\u00f3n curiosa: las cosas a primera vista atractivas lo dejan decepcionado y en otras, menos brillantes, siente una paz que dura en el tiempo. Tambi\u00e9n nosotros tenemos esta experiencia, muchas veces empezamos a pensar una cosa y nos quedamos ah\u00ed y luego quedamos decepcionados. Sin embargo, hacemos una obra de caridad, hacemos algo bueno y sentimos algo de felicidad, te viene un buen pensamiento y te viene la felicidad, algo de alegr\u00eda, es una experiencia nuestra. \u00c9l, Ignacio, hace la primera experiencia de Dios, escuchando al propio coraz\u00f3n que le muestra una curiosa inversi\u00f3n. Esto es lo que nosotros tenemos que aprender: escuchar a nuestro propio coraz\u00f3n. Para conocer qu\u00e9 sucede, qu\u00e9 decisi\u00f3n tomar, opinar sobre una situaci\u00f3n, es necesario escuchar al propio coraz\u00f3n. Nosotros escuchamos la televisi\u00f3n, la radio, el m\u00f3vil, somos maestros de la escucha, pero te pregunto: \u00bft\u00fa sabes escuchar tu coraz\u00f3n? T\u00fa te detienes para decir: \u201c\u00bfPero mi coraz\u00f3n c\u00f3mo est\u00e1? \u00bfEst\u00e1 satisfecho, est\u00e1 triste, busca algo?\u201d. Para tomar decisiones buenas es necesario escuchar al propio coraz\u00f3n.<\/p>\n<p>Por esto Ignacio sugerir\u00e1 leer las vidas de los santos, porque muestran de forma narrativa y comprensible el estilo de Dios en la vida de personas no muy diferentes de nosotros, porque los santos eran de carne y hueso como nosotros. Sus acciones hablan a las nuestras y nos ayudan a comprender el significado.<\/p>\n<p>En ese famoso episodio de los dos sentimientos que ten\u00eda Ignacio, uno cuando le\u00eda las cosas de los caballeros y otro cuando le\u00eda la vida de los santos, podemos reconocer otro aspecto importante del discernimiento, que ya mencionamos la vez pasada. Hay una aparente\u00a0<em>casualidad<\/em>\u00a0en los acontecimientos de la vida: todo parece nacer de un banal contratiempo: no hab\u00eda libros de caballer\u00eda, sino solo vidas de santos. Un contratiempo que, sin embargo, encierra un posible punto de inflexi\u00f3n. Tan solo despu\u00e9s de alg\u00fan tiempo Ignacio se dar\u00e1 cuenta, y en ese momento le dedicar\u00e1 toda su atenci\u00f3n. Escuchad bien: Dios trabaja a trav\u00e9s de los eventos no programables, ese por casualidad, por casualidad me ha sucedido esto, por casualidad he visto a esta persona, por casualidad he visto esta pel\u00edcula, no estaba programado, pero Dios trabaja a trav\u00e9s de los eventos no programables, y tambi\u00e9n en los contratiempos: \u201cTen\u00eda que dar un paseo y he tenido un problema en los pies, no puedo\u2026\u201d. Contratiempo: \u00bfqu\u00e9 te dice Dios? \u00bfQu\u00e9 te dice la vida ah\u00ed? Lo hemos visto tambi\u00e9n en un pasaje del Evangelio de Mateo: un hombre que est\u00e1 arando un campo se encuentra casualmente con un tesoro enterrado. Una situaci\u00f3n completamente inesperada. Pero lo importante es que lo reconoce como el golpe de suerte de su vida y decide en consecuencia: vende todo y compra ese campo (cf. 13,44). Os doy un consejo, estad atentos a las cosas inesperadas. Aquel que dice: \u201cpero esto por casualidad yo no lo esperaba\u201d. Ah\u00ed te est\u00e1 hablando la vida, \u00bfte est\u00e1 hablado el Se\u00f1or o te est\u00e1 hablado el diablo? Alguien. Pero hay algo para discernir, c\u00f3mo reacciono yo frente a las cosas inesperadas. Yo estaba tan tranquilo en casa y \u201cpum, pum\u201d, llega la suegra y \u00bft\u00fa c\u00f3mo reaccionas con la suegra? \u00bfEs amor o es otra cosa dentro? Y haces el discernimiento. Yo estaba trabajando en la oficina bien y viene un compa\u00f1ero a decirme que necesita dinero y \u00bft\u00fa c\u00f3mo has reaccionado? Ver qu\u00e9 sucede cuando vivimos cosas que no esperamos y ah\u00ed aprendemos a conocer nuestro coraz\u00f3n, c\u00f3mo se mueve.<\/p>\n<p>El discernimiento es la ayuda para reconocer las se\u00f1ales con las cuales el Se\u00f1or se hace encontrar en las situaciones imprevistas, incluso desagradables, como fue para Ignacio la herida en la pierna. De estas puede nacer un encuentro que cambia la vida, para siempre, como el caso de san Ignacio. Puede nacer algo que te haga mejorar en el camino o empeorar no lo s\u00e9, pero estad atentos y el hilo conductor m\u00e1s bonito es dado por las cosas inesperadas: \u201c\u00bfc\u00f3mo me muevo frente a esto?\u201d. Que el Se\u00f1or nos ayude a sentir nuestro coraz\u00f3n y a ver cu\u00e1ndo es \u00c9l quien act\u00faa y cu\u00e1ndo no es \u00c9l y es otra cosa.<\/p>\n<p><strong>\u00a9 Librer\u00eda Editora Vaticana<\/strong><\/p>\n","protected":false},"excerpt":{"rendered":"<p>\u201cPara tomar decisiones buenas es necesario escuchar al propio coraz\u00f3n\u201d, ha indicado el Papa Francisco en la audiencia general de este mi\u00e9rcoles, 7 de septiembre de 2022, El Santo Padre pronunci\u00f3 su segunda catequesis de la serie sobre el discernimiento que comenz\u00f3 el pasado 31 de agosto, inspir\u00e1ndose en el ejemplo de san Ignacio de [&hellip;]<\/p>\n","protected":false},"author":15,"featured_media":61672,"comment_status":"closed","ping_status":"closed","sticky":false,"template":"","format":"standard","meta":{"_acf_changed":false,"_crdt_document":"","inline_featured_image":false,"footnotes":""},"categories":[112,68],"tags":[179,6905,158,2407,4953],"class_list":["post-61671","post","type-post","status-publish","format-standard","has-post-thumbnail","hentry","category-audiencia-general","category-leon-xiv","tag-audiencia-general","tag-discernimiento","tag-papa-francisco","tag-san-ignacio-de-loyola","tag-trending-es"],"acf":[],"yoast_head":"<!-- This site is optimized with the Yoast SEO plugin v27.5 - https:\/\/yoast.com\/product\/yoast-seo-wordpress\/ -->\n<title>Papa Francisco: Escuchar al coraz\u00f3n para tomar decisiones buenas &#8211; Exaudi<\/title>\n<meta name=\"description\" content=\"\u201cPara tomar decisiones buenas es necesario escuchar al propio coraz\u00f3n\u201d, ha indicado el Papa Francisco en la audiencia general de hoy\" \/>\n<meta name=\"robots\" content=\"index, follow, max-snippet:-1, max-image-preview:large, max-video-preview:-1\" \/>\n<link rel=\"canonical\" href=\"https:\/\/exaudi.org\/es\/papa-francisco-escuchar-al-corazon-para-tomar-decisiones-buenas\/\" \/>\n<meta property=\"og:locale\" content=\"es_ES\" \/>\n<meta property=\"og:type\" content=\"article\" \/>\n<meta property=\"og:title\" content=\"Papa Francisco: Escuchar al coraz\u00f3n para tomar decisiones buenas &#8211; Exaudi\" \/>\n<meta property=\"og:description\" content=\"\u201cPara tomar decisiones buenas es necesario escuchar al propio coraz\u00f3n\u201d, ha indicado el Papa Francisco en la audiencia general de hoy\" \/>\n<meta property=\"og:url\" content=\"https:\/\/exaudi.org\/es\/papa-francisco-escuchar-al-corazon-para-tomar-decisiones-buenas\/\" \/>\n<meta property=\"og:site_name\" content=\"Exaudi\" \/>\n<meta property=\"article:publisher\" content=\"https:\/\/www.facebook.com\/ExaudiNews\" \/>\n<meta property=\"article:author\" content=\"https:\/\/www.facebook.com\/ExaudiNoticias\/\" \/>\n<meta property=\"article:published_time\" content=\"2022-09-07T11:44:21+00:00\" \/>\n<meta property=\"article:modified_time\" content=\"2022-09-07T12:10:23+00:00\" \/>\n<meta property=\"og:image\" content=\"https:\/\/exaudi.org\/wp-content\/uploads\/2022\/09\/cq5dam.web_.800.800-14.jpeg\" \/>\n\t<meta property=\"og:image:width\" content=\"800\" \/>\n\t<meta property=\"og:image:height\" content=\"533\" \/>\n\t<meta property=\"og:image:type\" content=\"image\/jpeg\" \/>\n<meta name=\"author\" content=\"Exaudi Redacci\u00f3n\" \/>\n<meta name=\"twitter:card\" content=\"summary_large_image\" \/>\n<meta name=\"twitter:creator\" content=\"@Exaudi_noticias\" \/>\n<meta name=\"twitter:site\" content=\"@Exaudi_News\" \/>\n<meta name=\"twitter:label1\" content=\"Escrito por\" \/>\n\t<meta name=\"twitter:data1\" content=\"Exaudi Redacci\u00f3n\" \/>\n\t<meta name=\"twitter:label2\" content=\"Tiempo de lectura\" \/>\n\t<meta name=\"twitter:data2\" content=\"8 minutos\" \/>\n<script type=\"application\/ld+json\" class=\"yoast-schema-graph\">{\"@context\":\"https:\\\/\\\/schema.org\",\"@graph\":[{\"@type\":\"Article\",\"@id\":\"https:\\\/\\\/exaudi.org\\\/es\\\/papa-francisco-escuchar-al-corazon-para-tomar-decisiones-buenas\\\/#article\",\"isPartOf\":{\"@id\":\"https:\\\/\\\/exaudi.org\\\/es\\\/papa-francisco-escuchar-al-corazon-para-tomar-decisiones-buenas\\\/\"},\"author\":{\"name\":\"Exaudi Redacci\u00f3n\",\"@id\":\"https:\\\/\\\/exaudi.org\\\/#\\\/schema\\\/person\\\/f5fc8f063065e38742da7afe15f25df7\"},\"headline\":\"Papa Francisco: Escuchar al coraz\u00f3n para tomar decisiones buenas\",\"datePublished\":\"2022-09-07T11:44:21+00:00\",\"dateModified\":\"2022-09-07T12:10:23+00:00\",\"mainEntityOfPage\":{\"@id\":\"https:\\\/\\\/exaudi.org\\\/es\\\/papa-francisco-escuchar-al-corazon-para-tomar-decisiones-buenas\\\/\"},\"wordCount\":1562,\"image\":{\"@id\":\"https:\\\/\\\/exaudi.org\\\/es\\\/papa-francisco-escuchar-al-corazon-para-tomar-decisiones-buenas\\\/#primaryimage\"},\"thumbnailUrl\":\"https:\\\/\\\/exaudi.org\\\/wp-content\\\/uploads\\\/2022\\\/09\\\/cq5dam.web_.800.800-14.jpeg\",\"keywords\":[\"audiencia general\",\"discernimiento\",\"papa francisco\",\"San Ignacio de Loyola\",\"Trending\"],\"articleSection\":[\"Audiencia General\",\"Le\u00f3n XIV\"],\"inLanguage\":\"es\"},{\"@type\":\"WebPage\",\"@id\":\"https:\\\/\\\/exaudi.org\\\/es\\\/papa-francisco-escuchar-al-corazon-para-tomar-decisiones-buenas\\\/\",\"url\":\"https:\\\/\\\/exaudi.org\\\/es\\\/papa-francisco-escuchar-al-corazon-para-tomar-decisiones-buenas\\\/\",\"name\":\"Papa Francisco: Escuchar al coraz\u00f3n para tomar decisiones buenas &#8211; Exaudi\",\"isPartOf\":{\"@id\":\"https:\\\/\\\/exaudi.org\\\/#website\"},\"primaryImageOfPage\":{\"@id\":\"https:\\\/\\\/exaudi.org\\\/es\\\/papa-francisco-escuchar-al-corazon-para-tomar-decisiones-buenas\\\/#primaryimage\"},\"image\":{\"@id\":\"https:\\\/\\\/exaudi.org\\\/es\\\/papa-francisco-escuchar-al-corazon-para-tomar-decisiones-buenas\\\/#primaryimage\"},\"thumbnailUrl\":\"https:\\\/\\\/exaudi.org\\\/wp-content\\\/uploads\\\/2022\\\/09\\\/cq5dam.web_.800.800-14.jpeg\",\"datePublished\":\"2022-09-07T11:44:21+00:00\",\"dateModified\":\"2022-09-07T12:10:23+00:00\",\"author\":{\"@id\":\"https:\\\/\\\/exaudi.org\\\/#\\\/schema\\\/person\\\/f5fc8f063065e38742da7afe15f25df7\"},\"description\":\"\u201cPara tomar decisiones buenas es necesario escuchar al propio coraz\u00f3n\u201d, ha indicado el Papa Francisco en la audiencia general de hoy\",\"breadcrumb\":{\"@id\":\"https:\\\/\\\/exaudi.org\\\/es\\\/papa-francisco-escuchar-al-corazon-para-tomar-decisiones-buenas\\\/#breadcrumb\"},\"inLanguage\":\"es\",\"potentialAction\":[{\"@type\":\"ReadAction\",\"target\":[\"https:\\\/\\\/exaudi.org\\\/es\\\/papa-francisco-escuchar-al-corazon-para-tomar-decisiones-buenas\\\/\"]}]},{\"@type\":\"ImageObject\",\"inLanguage\":\"es\",\"@id\":\"https:\\\/\\\/exaudi.org\\\/es\\\/papa-francisco-escuchar-al-corazon-para-tomar-decisiones-buenas\\\/#primaryimage\",\"url\":\"https:\\\/\\\/exaudi.org\\\/wp-content\\\/uploads\\\/2022\\\/09\\\/cq5dam.web_.800.800-14.jpeg\",\"contentUrl\":\"https:\\\/\\\/exaudi.org\\\/wp-content\\\/uploads\\\/2022\\\/09\\\/cq5dam.web_.800.800-14.jpeg\",\"width\":800,\"height\":533,\"caption\":\"Audiencia general, 7 septiembre 2022 \u00a9 Vatican Media\"},{\"@type\":\"BreadcrumbList\",\"@id\":\"https:\\\/\\\/exaudi.org\\\/es\\\/papa-francisco-escuchar-al-corazon-para-tomar-decisiones-buenas\\\/#breadcrumb\",\"itemListElement\":[{\"@type\":\"ListItem\",\"position\":1,\"name\":\"Portada\",\"item\":\"https:\\\/\\\/exaudi.org\\\/es\\\/\"},{\"@type\":\"ListItem\",\"position\":2,\"name\":\"Papa Francisco: Escuchar al coraz\u00f3n para tomar decisiones buenas\"}]},{\"@type\":\"WebSite\",\"@id\":\"https:\\\/\\\/exaudi.org\\\/#website\",\"url\":\"https:\\\/\\\/exaudi.org\\\/\",\"name\":\"Exaudi\",\"description\":\"News\",\"potentialAction\":[{\"@type\":\"SearchAction\",\"target\":{\"@type\":\"EntryPoint\",\"urlTemplate\":\"https:\\\/\\\/exaudi.org\\\/?s={search_term_string}\"},\"query-input\":{\"@type\":\"PropertyValueSpecification\",\"valueRequired\":true,\"valueName\":\"search_term_string\"}}],\"inLanguage\":\"es\"},{\"@type\":\"Person\",\"@id\":\"https:\\\/\\\/exaudi.org\\\/#\\\/schema\\\/person\\\/f5fc8f063065e38742da7afe15f25df7\",\"name\":\"Exaudi Redacci\u00f3n\",\"image\":{\"@type\":\"ImageObject\",\"inLanguage\":\"es\",\"@id\":\"https:\\\/\\\/secure.gravatar.com\\\/avatar\\\/fe0f6a059fb68d9b3e11bc5850dd4899b1c7492091a3cb6dd9b01b56ad828be2?s=96&d=mm&r=g\",\"url\":\"https:\\\/\\\/secure.gravatar.com\\\/avatar\\\/fe0f6a059fb68d9b3e11bc5850dd4899b1c7492091a3cb6dd9b01b56ad828be2?s=96&d=mm&r=g\",\"contentUrl\":\"https:\\\/\\\/secure.gravatar.com\\\/avatar\\\/fe0f6a059fb68d9b3e11bc5850dd4899b1c7492091a3cb6dd9b01b56ad828be2?s=96&d=mm&r=g\",\"caption\":\"Exaudi Redacci\u00f3n\"},\"description\":\"\u00bfQu\u00e9 es Exaudi News? Exaudi News es un medio de comunicaci\u00f3n cat\u00f3lico internacional que informa, forma y transforma, diariamente en espa\u00f1ol, ingl\u00e9s e italiano. A trav\u00e9s de noticias, art\u00edculos de an\u00e1lisis y transmisiones en directo de los eventos del Papa, Exaudi busca fortalecer la unidad de los cristianos y contribuir a la evangelizaci\u00f3n del mundo, siempre guiados por la doctrina social de la Iglesia. Trabajamos para acercar la verdad y los valores cristianos a cada rinc\u00f3n del planeta. \u00a1Ay\u00fadanos a transformar el mundo con Exaudi! En Exaudi creemos que la evangelizaci\u00f3n y la informaci\u00f3n de calidad pueden cambiar vidas. Para continuar con nuestra misi\u00f3n y expandir nuestro alcance, necesitamos tu ayuda. Adem\u00e1s, buscamos personas comprometidas que deseen unirse a nuestro equipo. Con tu apoyo, lograremos llegar a m\u00e1s personas, difundir el mensaje de Cristo y reforzar la unidad de los cristianos. \u00bfTe unes a nuestra misi\u00f3n? Para m\u00e1s informaci\u00f3n sobre c\u00f3mo colaborar, visita Exaudi.org\\\/es o cont\u00e1ctanos directamente: info@exaudi.org Exaudi: Informa, forma y transforma.\",\"sameAs\":[\"https:\\\/\\\/www.facebook.com\\\/ExaudiNoticias\\\/\",\"https:\\\/\\\/www.instagram.com\\\/exaudi_noticias\\\/\",\"https:\\\/\\\/x.com\\\/Exaudi_noticias\",\"https:\\\/\\\/www.youtube.com\\\/@exaudicatholicnews\"],\"url\":\"https:\\\/\\\/exaudi.org\\\/es\\\/author\\\/redaccionexaudi\\\/\"}]}<\/script>\n<!-- \/ Yoast SEO plugin. -->","yoast_head_json":{"title":"Papa Francisco: Escuchar al coraz\u00f3n para tomar decisiones buenas &#8211; Exaudi","description":"\u201cPara tomar decisiones buenas es necesario escuchar al propio coraz\u00f3n\u201d, ha indicado el Papa Francisco en la audiencia general de hoy","robots":{"index":"index","follow":"follow","max-snippet":"max-snippet:-1","max-image-preview":"max-image-preview:large","max-video-preview":"max-video-preview:-1"},"canonical":"https:\/\/exaudi.org\/es\/papa-francisco-escuchar-al-corazon-para-tomar-decisiones-buenas\/","og_locale":"es_ES","og_type":"article","og_title":"Papa Francisco: Escuchar al coraz\u00f3n para tomar decisiones buenas &#8211; Exaudi","og_description":"\u201cPara tomar decisiones buenas es necesario escuchar al propio coraz\u00f3n\u201d, ha indicado el Papa Francisco en la audiencia general de hoy","og_url":"https:\/\/exaudi.org\/es\/papa-francisco-escuchar-al-corazon-para-tomar-decisiones-buenas\/","og_site_name":"Exaudi","article_publisher":"https:\/\/www.facebook.com\/ExaudiNews","article_author":"https:\/\/www.facebook.com\/ExaudiNoticias\/","article_published_time":"2022-09-07T11:44:21+00:00","article_modified_time":"2022-09-07T12:10:23+00:00","og_image":[{"width":800,"height":533,"url":"https:\/\/exaudi.org\/wp-content\/uploads\/2022\/09\/cq5dam.web_.800.800-14.jpeg","type":"image\/jpeg"}],"author":"Exaudi Redacci\u00f3n","twitter_card":"summary_large_image","twitter_creator":"@Exaudi_noticias","twitter_site":"@Exaudi_News","twitter_misc":{"Escrito por":"Exaudi Redacci\u00f3n","Tiempo de lectura":"8 minutos"},"schema":{"@context":"https:\/\/schema.org","@graph":[{"@type":"Article","@id":"https:\/\/exaudi.org\/es\/papa-francisco-escuchar-al-corazon-para-tomar-decisiones-buenas\/#article","isPartOf":{"@id":"https:\/\/exaudi.org\/es\/papa-francisco-escuchar-al-corazon-para-tomar-decisiones-buenas\/"},"author":{"name":"Exaudi Redacci\u00f3n","@id":"https:\/\/exaudi.org\/#\/schema\/person\/f5fc8f063065e38742da7afe15f25df7"},"headline":"Papa Francisco: Escuchar al coraz\u00f3n para tomar decisiones buenas","datePublished":"2022-09-07T11:44:21+00:00","dateModified":"2022-09-07T12:10:23+00:00","mainEntityOfPage":{"@id":"https:\/\/exaudi.org\/es\/papa-francisco-escuchar-al-corazon-para-tomar-decisiones-buenas\/"},"wordCount":1562,"image":{"@id":"https:\/\/exaudi.org\/es\/papa-francisco-escuchar-al-corazon-para-tomar-decisiones-buenas\/#primaryimage"},"thumbnailUrl":"https:\/\/exaudi.org\/wp-content\/uploads\/2022\/09\/cq5dam.web_.800.800-14.jpeg","keywords":["audiencia general","discernimiento","papa francisco","San Ignacio de Loyola","Trending"],"articleSection":["Audiencia General","Le\u00f3n XIV"],"inLanguage":"es"},{"@type":"WebPage","@id":"https:\/\/exaudi.org\/es\/papa-francisco-escuchar-al-corazon-para-tomar-decisiones-buenas\/","url":"https:\/\/exaudi.org\/es\/papa-francisco-escuchar-al-corazon-para-tomar-decisiones-buenas\/","name":"Papa Francisco: Escuchar al coraz\u00f3n para tomar decisiones buenas &#8211; Exaudi","isPartOf":{"@id":"https:\/\/exaudi.org\/#website"},"primaryImageOfPage":{"@id":"https:\/\/exaudi.org\/es\/papa-francisco-escuchar-al-corazon-para-tomar-decisiones-buenas\/#primaryimage"},"image":{"@id":"https:\/\/exaudi.org\/es\/papa-francisco-escuchar-al-corazon-para-tomar-decisiones-buenas\/#primaryimage"},"thumbnailUrl":"https:\/\/exaudi.org\/wp-content\/uploads\/2022\/09\/cq5dam.web_.800.800-14.jpeg","datePublished":"2022-09-07T11:44:21+00:00","dateModified":"2022-09-07T12:10:23+00:00","author":{"@id":"https:\/\/exaudi.org\/#\/schema\/person\/f5fc8f063065e38742da7afe15f25df7"},"description":"\u201cPara tomar decisiones buenas es necesario escuchar al propio coraz\u00f3n\u201d, ha indicado el Papa Francisco en la audiencia general de hoy","breadcrumb":{"@id":"https:\/\/exaudi.org\/es\/papa-francisco-escuchar-al-corazon-para-tomar-decisiones-buenas\/#breadcrumb"},"inLanguage":"es","potentialAction":[{"@type":"ReadAction","target":["https:\/\/exaudi.org\/es\/papa-francisco-escuchar-al-corazon-para-tomar-decisiones-buenas\/"]}]},{"@type":"ImageObject","inLanguage":"es","@id":"https:\/\/exaudi.org\/es\/papa-francisco-escuchar-al-corazon-para-tomar-decisiones-buenas\/#primaryimage","url":"https:\/\/exaudi.org\/wp-content\/uploads\/2022\/09\/cq5dam.web_.800.800-14.jpeg","contentUrl":"https:\/\/exaudi.org\/wp-content\/uploads\/2022\/09\/cq5dam.web_.800.800-14.jpeg","width":800,"height":533,"caption":"Audiencia general, 7 septiembre 2022 \u00a9 Vatican Media"},{"@type":"BreadcrumbList","@id":"https:\/\/exaudi.org\/es\/papa-francisco-escuchar-al-corazon-para-tomar-decisiones-buenas\/#breadcrumb","itemListElement":[{"@type":"ListItem","position":1,"name":"Portada","item":"https:\/\/exaudi.org\/es\/"},{"@type":"ListItem","position":2,"name":"Papa Francisco: Escuchar al coraz\u00f3n para tomar decisiones buenas"}]},{"@type":"WebSite","@id":"https:\/\/exaudi.org\/#website","url":"https:\/\/exaudi.org\/","name":"Exaudi","description":"News","potentialAction":[{"@type":"SearchAction","target":{"@type":"EntryPoint","urlTemplate":"https:\/\/exaudi.org\/?s={search_term_string}"},"query-input":{"@type":"PropertyValueSpecification","valueRequired":true,"valueName":"search_term_string"}}],"inLanguage":"es"},{"@type":"Person","@id":"https:\/\/exaudi.org\/#\/schema\/person\/f5fc8f063065e38742da7afe15f25df7","name":"Exaudi Redacci\u00f3n","image":{"@type":"ImageObject","inLanguage":"es","@id":"https:\/\/secure.gravatar.com\/avatar\/fe0f6a059fb68d9b3e11bc5850dd4899b1c7492091a3cb6dd9b01b56ad828be2?s=96&d=mm&r=g","url":"https:\/\/secure.gravatar.com\/avatar\/fe0f6a059fb68d9b3e11bc5850dd4899b1c7492091a3cb6dd9b01b56ad828be2?s=96&d=mm&r=g","contentUrl":"https:\/\/secure.gravatar.com\/avatar\/fe0f6a059fb68d9b3e11bc5850dd4899b1c7492091a3cb6dd9b01b56ad828be2?s=96&d=mm&r=g","caption":"Exaudi Redacci\u00f3n"},"description":"\u00bfQu\u00e9 es Exaudi News? Exaudi News es un medio de comunicaci\u00f3n cat\u00f3lico internacional que informa, forma y transforma, diariamente en espa\u00f1ol, ingl\u00e9s e italiano. A trav\u00e9s de noticias, art\u00edculos de an\u00e1lisis y transmisiones en directo de los eventos del Papa, Exaudi busca fortalecer la unidad de los cristianos y contribuir a la evangelizaci\u00f3n del mundo, siempre guiados por la doctrina social de la Iglesia. Trabajamos para acercar la verdad y los valores cristianos a cada rinc\u00f3n del planeta. \u00a1Ay\u00fadanos a transformar el mundo con Exaudi! En Exaudi creemos que la evangelizaci\u00f3n y la informaci\u00f3n de calidad pueden cambiar vidas. Para continuar con nuestra misi\u00f3n y expandir nuestro alcance, necesitamos tu ayuda. Adem\u00e1s, buscamos personas comprometidas que deseen unirse a nuestro equipo. Con tu apoyo, lograremos llegar a m\u00e1s personas, difundir el mensaje de Cristo y reforzar la unidad de los cristianos. \u00bfTe unes a nuestra misi\u00f3n? Para m\u00e1s informaci\u00f3n sobre c\u00f3mo colaborar, visita Exaudi.org\/es o cont\u00e1ctanos directamente: info@exaudi.org Exaudi: Informa, forma y transforma.","sameAs":["https:\/\/www.facebook.com\/ExaudiNoticias\/","https:\/\/www.instagram.com\/exaudi_noticias\/","https:\/\/x.com\/Exaudi_noticias","https:\/\/www.youtube.com\/@exaudicatholicnews"],"url":"https:\/\/exaudi.org\/es\/author\/redaccionexaudi\/"}]}},"jetpack_featured_media_url":"https:\/\/exaudi.org\/wp-content\/uploads\/2022\/09\/cq5dam.web_.800.800-14.jpeg","jetpack_shortlink":"https:\/\/wp.me\/pgKjF2-g2H","_links":{"self":[{"href":"https:\/\/exaudi.org\/es\/wp-json\/wp\/v2\/posts\/61671","targetHints":{"allow":["GET"]}}],"collection":[{"href":"https:\/\/exaudi.org\/es\/wp-json\/wp\/v2\/posts"}],"about":[{"href":"https:\/\/exaudi.org\/es\/wp-json\/wp\/v2\/types\/post"}],"author":[{"embeddable":true,"href":"https:\/\/exaudi.org\/es\/wp-json\/wp\/v2\/users\/15"}],"replies":[{"embeddable":true,"href":"https:\/\/exaudi.org\/es\/wp-json\/wp\/v2\/comments?post=61671"}],"version-history":[{"count":0,"href":"https:\/\/exaudi.org\/es\/wp-json\/wp\/v2\/posts\/61671\/revisions"}],"wp:featuredmedia":[{"embeddable":true,"href":"https:\/\/exaudi.org\/es\/wp-json\/wp\/v2\/media\/61672"}],"wp:attachment":[{"href":"https:\/\/exaudi.org\/es\/wp-json\/wp\/v2\/media?parent=61671"}],"wp:term":[{"taxonomy":"category","embeddable":true,"href":"https:\/\/exaudi.org\/es\/wp-json\/wp\/v2\/categories?post=61671"},{"taxonomy":"post_tag","embeddable":true,"href":"https:\/\/exaudi.org\/es\/wp-json\/wp\/v2\/tags?post=61671"}],"curies":[{"name":"wp","href":"https:\/\/api.w.org\/{rel}","templated":true}]}}