{"id":60930,"date":"2022-08-24T14:39:17","date_gmt":"2022-08-24T12:39:17","guid":{"rendered":"https:\/\/exaudi.org\/?p=60930"},"modified":"2022-08-24T15:28:43","modified_gmt":"2022-08-24T13:28:43","slug":"cardenal-arizmendi-el-poder-de-la-oracion","status":"publish","type":"post","link":"https:\/\/exaudi.org\/es\/cardenal-arizmendi-el-poder-de-la-oracion\/","title":{"rendered":"Cardenal Arizmendi: El poder de la oraci\u00f3n"},"content":{"rendered":"<p>El\u00a0<a href=\"https:\/\/exaudi.org\/es\/author\/felipearizmendi\/\">cardenal Felipe Arizmendi<\/a>, obispo em\u00e9rito de San Crist\u00f3bal de Las Casas y responsable de la Doctrina de la Fe en la\u00a0<a href=\"https:\/\/www.cem.org.mx\/\">Conferencia del Episcopado Mexicano (CEM)<\/a>, ofrece a los lectores de Exaudi su art\u00edculo semanal titulado \u201cEl poder de la oraci\u00f3n\u201d.<\/p>\n<p>***<\/p>\n<p><strong>MIRAR<\/strong><\/p>\n<p>El 27 de marzo de 2020, cuando arreciaba la pandemia por el COVID19, el Papa Francisco hizo una oraci\u00f3n en la Plaza de San Pedro, en nombre de toda la Iglesia y la humanidad, pidiendo a Dios que cesara ese mal y el mundo se viera libre de sus devastadores efectos. \u00bfSirvi\u00f3 la oraci\u00f3n del Papa, y de toda la comunidad eclesial con \u00e9l? Pareciera que no, porque los contagios se aceleraron y las muertes aumentaron en todas partes. Entonces, \u00bfsirve orar? Claro que sirve, y mucho, porque se fueron descubriendo las necesarias vacunas en un tiempo relativamente breve, y hoy se tiene ya bastante control sobre el virus. Alguien se puede preguntar por qu\u00e9 Dios no actu\u00f3 de inmediato, libr\u00e1ndonos de ese mal. La respuesta es que Dios no quiere actuar sin nosotros. El no es un mago que, como con una varita m\u00e1gica, domina y controla todo. Nos ha hecho a su imagen y semejanza, para que nosotros actuemos junto con El. Sirve orar, pero Dios no quiere hacer nada sin nosotros, aunque lo puede hacer, y muchas veces act\u00faa El solo, como en los milagros inexplicables que acontecen diariamente. Hay personas que no quieren vacunarse, y pa\u00edses con pocos recursos para ofrecer las vacunas a toda la poblaci\u00f3n, y Dios respeta estos procesos. Pedimos que nos d\u00e9 el pan de cada d\u00eda; pero si no trabajamos, no tenemos derecho a comer. Dios da de comer a los pajarillos, pero no en el nido; tienen que salir temprano a buscar su alimento y no mueren de hambre. De ordinario, Dios no act\u00faa si nosotros no hacemos lo que nos toca. Somos su imagen, no monigotes que El maneje a su arbitrio; somos personas, con muchas capacidades, que debemos desarrollar para colaborar en la obra de la creaci\u00f3n y de la renovaci\u00f3n integral de los seres humanos y de la casa com\u00fan.<\/p>\n<p>Estamos haciendo intensa oraci\u00f3n por la paz en Ucrania, y Rusia no cesa de destruir con su sofisticado armamento. Entonces, \u00bfno sirve orar? Claro que sirve, pero Dios quiere que nosotros hagamos cuanto podamos por que se detenga esa devastaci\u00f3n.<\/p>\n<p>Hacemos oraci\u00f3n por la paz y la tranquilidad social en nuestra patria, pero al mismo tiempo procuramos exponer ante nuestras autoridades los dolores de nuestro pueblo, aunque algunas nos respondan con ofensas y descalificaciones, con su orgullo prepotente. Adem\u00e1s de hablar, insistimos en la educaci\u00f3n familiar y escolar hacia la paz social; procuramos atender esta prioridad en la pastoral parroquial y diocesana, y sobre todo atender a las v\u00edctimas. No s\u00f3lo rezamos; tambi\u00e9n actuamos, pues Dios nos necesita como artesanos de la paz.<\/p>\n<p>A veces pedimos a Dios que un familiar o amigo se recupere de su enfermedad, y sin embargo fallece. \u00bfEs que no sirve orar por esa intenci\u00f3n? Sirve, y mucho, pero Dios tiene sus caminos misteriosos, siempre en beneficio nuestro, aunque no siempre lo comprendemos. Jes\u00fas oraba intensamente que Dios apartara la muerte afrentosa que se tramaba contra \u00e9l, y fue asesinado. En la cruz, recitando el salmo 31(30), le reclamaba a Dios por qu\u00e9 le hab\u00eda abandonado. Con todo, aunque pareciera que no fue escuchado, Dios Padre no lo dej\u00f3 en el sepulcro, en la ignominia, sino que lo resucit\u00f3 y es el Se\u00f1or de la historia. Dios tiene sus caminos, inexplicables muchas veces para nuestra mente limitada, pero nunca podemos dudar de su amor misericordioso.<\/p>\n<p><strong>DISCERNIR<\/strong><\/p>\n<p>El Papa Francisco, en la \u00faltima de sus 38 catequesis semanales sobre la oraci\u00f3n, nos dijo:<\/p>\n<p><em>\u201cLa oraci\u00f3n es una de las caracter\u00edsticas m\u00e1s evidentes de la vida de Jes\u00fas: Jes\u00fas rezaba, y rezaba mucho. Durante su misi\u00f3n, Jes\u00fas se sumerge en ella, porque el di\u00e1logo con el Padre es el n\u00facleo incandescente de toda su existencia. Los Evangelios testimonian c\u00f3mo la oraci\u00f3n de Jes\u00fas se hizo todav\u00eda m\u00e1s intensa y frecuente en la hora de su pasi\u00f3n y muerte. Esas \u00faltimas horas vividas por Jes\u00fas en Jerusal\u00e9n son el coraz\u00f3n del Evangelio. \u00c9l no fue un fil\u00e1ntropo que se hizo cargo de los sufrimientos y de las enfermedades humanas: fue y es mucho m\u00e1s. En \u00c9l no hay solamente bondad: hay algo m\u00e1s, est\u00e1 la salvaci\u00f3n, y no una salvaci\u00f3n epis\u00f3dica \u2013 la que me salva de una enfermedad o de un momento de des\u00e1nimo \u2013 sino la salvaci\u00f3n total, la mesi\u00e1nica, la que hace esperar en la victoria definitiva de la vida sobre la muerte.<\/em><\/p>\n<p><em>En los d\u00edas de su \u00faltima Pascua, encontramos a Jes\u00fas plenamente inmerso en la oraci\u00f3n. \u00c9l reza de forma dram\u00e1tica en el huerto del Getseman\u00ed, asaltado por una angustia mortal. Sin embargo, Jes\u00fas, precisamente en ese momento, se dirige a Dios llam\u00e1ndolo \u201cAbb\u00e0\u201d, Pap\u00e1 (cfr.\u00a0Mc\u00a014,36). Esta palabra aramea \u2014que era la lengua de Jes\u00fas\u2014 expresa intimidad, expresa confianza. Precisamente cuando siente la oscuridad que lo rodea, Jes\u00fas la atraviesa con esa peque\u00f1a palabra:\u00a0Abb\u00e0, Pap\u00e1.<\/em><\/p>\n<p><em>Jes\u00fas reza tambi\u00e9n en la cruz, envuelto en tinieblas por el silencio de Dios. Y sin embargo en sus labios surge una vez m\u00e1s la palabra \u201cPadre\u201d. Es la oraci\u00f3n m\u00e1s audaz, porque en la cruz Jes\u00fas es el intercesor absoluto: reza por los otros, reza por todos, tambi\u00e9n por aquellos que lo condenan. \u00c9l sent\u00eda el abandono y rezaba. Jes\u00fas reza en las horas decisivas de la pasi\u00f3n y de la muerte. Y con la resurrecci\u00f3n, el Padre responder\u00e1 a la oraci\u00f3n. La oraci\u00f3n de Jes\u00fas es intensa, la oraci\u00f3n de Jes\u00fas es \u00fanica y se convierte tambi\u00e9n en el modelo de nuestra oraci\u00f3n. Incluso en el m\u00e1s doloroso de nuestros sufrimientos, nunca estamos solos. La oraci\u00f3n de Jes\u00fas est\u00e1 con nosotros. Con la oraci\u00f3n y con la vida, no nos queda m\u00e1s que tener valent\u00eda, esperanza, y con esta valent\u00eda y esperanza sentir fuerte la oraci\u00f3n de Jes\u00fas e ir adelante\u201d <\/em>(16-VI-2021).<\/p>\n<p><strong>ACTUAR<\/strong><\/p>\n<p>Tengamos confianza en la oraci\u00f3n, ante todo para alabar y dar gracias a Dios por tantas bondades que nos concede; pero tambi\u00e9n para suplicar por nosotros mismos, por nuestras familias, por la paz y por el bienestar de toda la comunidad, siempre dispuestos a que se haga la voluntad de Dios, que es lo mejor para nuestra vida.<\/p>\n","protected":false},"excerpt":{"rendered":"<p>El Se\u00f1or no act\u00faa sin nosotros<\/p>\n","protected":false},"author":24,"featured_media":60931,"comment_status":"closed","ping_status":"closed","sticky":false,"template":"","format":"standard","meta":{"_acf_changed":false,"_crdt_document":"","inline_featured_image":false,"footnotes":""},"categories":[130],"tags":[1087,6776,6274,4953],"class_list":["post-60930","post","type-post","status-publish","format-standard","has-post-thumbnail","hentry","category-voces","tag-comentario","tag-el-poder-de-la-oracion","tag-felipe-arizmendi","tag-trending-es"],"acf":[],"yoast_head":"<!-- This site is optimized with the Yoast SEO plugin v27.4 - https:\/\/yoast.com\/product\/yoast-seo-wordpress\/ -->\n<title>Cardenal Arizmendi: El poder de la oraci\u00f3n &#8211; Exaudi<\/title>\n<meta name=\"robots\" content=\"index, follow, max-snippet:-1, max-image-preview:large, max-video-preview:-1\" \/>\n<link rel=\"canonical\" href=\"https:\/\/exaudi.org\/es\/cardenal-arizmendi-el-poder-de-la-oracion\/\" \/>\n<meta property=\"og:locale\" content=\"es_ES\" \/>\n<meta property=\"og:type\" content=\"article\" \/>\n<meta property=\"og:title\" content=\"Cardenal Arizmendi: El poder de la oraci\u00f3n &#8211; Exaudi\" \/>\n<meta property=\"og:description\" content=\"El Se\u00f1or no act\u00faa sin nosotros\" \/>\n<meta property=\"og:url\" content=\"https:\/\/exaudi.org\/es\/cardenal-arizmendi-el-poder-de-la-oracion\/\" \/>\n<meta property=\"og:site_name\" content=\"Exaudi\" \/>\n<meta property=\"article:publisher\" content=\"https:\/\/www.facebook.com\/ExaudiNews\" \/>\n<meta property=\"article:published_time\" content=\"2022-08-24T12:39:17+00:00\" \/>\n<meta property=\"article:modified_time\" content=\"2022-08-24T13:28:43+00:00\" \/>\n<meta property=\"og:image\" content=\"https:\/\/exaudi.org\/wp-content\/uploads\/2022\/08\/JMJ-Panama-2017-scaled.jpg\" \/>\n\t<meta property=\"og:image:width\" content=\"2560\" \/>\n\t<meta property=\"og:image:height\" content=\"1707\" \/>\n\t<meta property=\"og:image:type\" content=\"image\/jpeg\" \/>\n<meta name=\"author\" content=\"Cardenal Felipe Arizmendi\" \/>\n<meta name=\"twitter:card\" content=\"summary_large_image\" \/>\n<meta name=\"twitter:creator\" content=\"@Exaudi_News\" \/>\n<meta name=\"twitter:site\" content=\"@Exaudi_News\" \/>\n<meta name=\"twitter:label1\" content=\"Escrito por\" \/>\n\t<meta name=\"twitter:data1\" content=\"Cardenal Felipe Arizmendi\" \/>\n\t<meta name=\"twitter:label2\" content=\"Tiempo de lectura\" \/>\n\t<meta name=\"twitter:data2\" content=\"5 minutos\" \/>\n<script type=\"application\/ld+json\" class=\"yoast-schema-graph\">{\"@context\":\"https:\\\/\\\/schema.org\",\"@graph\":[{\"@type\":\"Article\",\"@id\":\"https:\\\/\\\/exaudi.org\\\/es\\\/cardenal-arizmendi-el-poder-de-la-oracion\\\/#article\",\"isPartOf\":{\"@id\":\"https:\\\/\\\/exaudi.org\\\/es\\\/cardenal-arizmendi-el-poder-de-la-oracion\\\/\"},\"author\":{\"name\":\"Cardenal Felipe Arizmendi\",\"@id\":\"https:\\\/\\\/exaudi.org\\\/#\\\/schema\\\/person\\\/c7d223f87e58f1105d044d8da1439102\"},\"headline\":\"Cardenal Arizmendi: El poder de la oraci\u00f3n\",\"datePublished\":\"2022-08-24T12:39:17+00:00\",\"dateModified\":\"2022-08-24T13:28:43+00:00\",\"mainEntityOfPage\":{\"@id\":\"https:\\\/\\\/exaudi.org\\\/es\\\/cardenal-arizmendi-el-poder-de-la-oracion\\\/\"},\"wordCount\":1159,\"image\":{\"@id\":\"https:\\\/\\\/exaudi.org\\\/es\\\/cardenal-arizmendi-el-poder-de-la-oracion\\\/#primaryimage\"},\"thumbnailUrl\":\"https:\\\/\\\/exaudi.org\\\/wp-content\\\/uploads\\\/2022\\\/08\\\/JMJ-Panama-2017-scaled.jpg\",\"keywords\":[\"Comentario\",\"El Poder de la oraci\u00f3n\",\"Felipe Arizmendi\",\"Trending\"],\"articleSection\":[\"Voces\"],\"inLanguage\":\"es\"},{\"@type\":\"WebPage\",\"@id\":\"https:\\\/\\\/exaudi.org\\\/es\\\/cardenal-arizmendi-el-poder-de-la-oracion\\\/\",\"url\":\"https:\\\/\\\/exaudi.org\\\/es\\\/cardenal-arizmendi-el-poder-de-la-oracion\\\/\",\"name\":\"Cardenal Arizmendi: El poder de la oraci\u00f3n &#8211; Exaudi\",\"isPartOf\":{\"@id\":\"https:\\\/\\\/exaudi.org\\\/#website\"},\"primaryImageOfPage\":{\"@id\":\"https:\\\/\\\/exaudi.org\\\/es\\\/cardenal-arizmendi-el-poder-de-la-oracion\\\/#primaryimage\"},\"image\":{\"@id\":\"https:\\\/\\\/exaudi.org\\\/es\\\/cardenal-arizmendi-el-poder-de-la-oracion\\\/#primaryimage\"},\"thumbnailUrl\":\"https:\\\/\\\/exaudi.org\\\/wp-content\\\/uploads\\\/2022\\\/08\\\/JMJ-Panama-2017-scaled.jpg\",\"datePublished\":\"2022-08-24T12:39:17+00:00\",\"dateModified\":\"2022-08-24T13:28:43+00:00\",\"author\":{\"@id\":\"https:\\\/\\\/exaudi.org\\\/#\\\/schema\\\/person\\\/c7d223f87e58f1105d044d8da1439102\"},\"breadcrumb\":{\"@id\":\"https:\\\/\\\/exaudi.org\\\/es\\\/cardenal-arizmendi-el-poder-de-la-oracion\\\/#breadcrumb\"},\"inLanguage\":\"es\",\"potentialAction\":[{\"@type\":\"ReadAction\",\"target\":[\"https:\\\/\\\/exaudi.org\\\/es\\\/cardenal-arizmendi-el-poder-de-la-oracion\\\/\"]}]},{\"@type\":\"ImageObject\",\"inLanguage\":\"es\",\"@id\":\"https:\\\/\\\/exaudi.org\\\/es\\\/cardenal-arizmendi-el-poder-de-la-oracion\\\/#primaryimage\",\"url\":\"https:\\\/\\\/exaudi.org\\\/wp-content\\\/uploads\\\/2022\\\/08\\\/JMJ-Panama-2017-scaled.jpg\",\"contentUrl\":\"https:\\\/\\\/exaudi.org\\\/wp-content\\\/uploads\\\/2022\\\/08\\\/JMJ-Panama-2017-scaled.jpg\",\"width\":2560,\"height\":1707,\"caption\":\"JMJ Panam\u00e1 2019 \u00a9 Cathopic\"},{\"@type\":\"BreadcrumbList\",\"@id\":\"https:\\\/\\\/exaudi.org\\\/es\\\/cardenal-arizmendi-el-poder-de-la-oracion\\\/#breadcrumb\",\"itemListElement\":[{\"@type\":\"ListItem\",\"position\":1,\"name\":\"Portada\",\"item\":\"https:\\\/\\\/exaudi.org\\\/es\\\/\"},{\"@type\":\"ListItem\",\"position\":2,\"name\":\"Cardenal Arizmendi: El poder de la oraci\u00f3n\"}]},{\"@type\":\"WebSite\",\"@id\":\"https:\\\/\\\/exaudi.org\\\/#website\",\"url\":\"https:\\\/\\\/exaudi.org\\\/\",\"name\":\"Exaudi\",\"description\":\"News\",\"potentialAction\":[{\"@type\":\"SearchAction\",\"target\":{\"@type\":\"EntryPoint\",\"urlTemplate\":\"https:\\\/\\\/exaudi.org\\\/?s={search_term_string}\"},\"query-input\":{\"@type\":\"PropertyValueSpecification\",\"valueRequired\":true,\"valueName\":\"search_term_string\"}}],\"inLanguage\":\"es\"},{\"@type\":\"Person\",\"@id\":\"https:\\\/\\\/exaudi.org\\\/#\\\/schema\\\/person\\\/c7d223f87e58f1105d044d8da1439102\",\"name\":\"Cardenal Felipe Arizmendi\",\"image\":{\"@type\":\"ImageObject\",\"inLanguage\":\"es\",\"@id\":\"https:\\\/\\\/secure.gravatar.com\\\/avatar\\\/4ffc5520d896b86d39346168903de33a17ef0f23d16de0ff45062c1ff422ed2f?s=96&d=mm&r=g\",\"url\":\"https:\\\/\\\/secure.gravatar.com\\\/avatar\\\/4ffc5520d896b86d39346168903de33a17ef0f23d16de0ff45062c1ff422ed2f?s=96&d=mm&r=g\",\"contentUrl\":\"https:\\\/\\\/secure.gravatar.com\\\/avatar\\\/4ffc5520d896b86d39346168903de33a17ef0f23d16de0ff45062c1ff422ed2f?s=96&d=mm&r=g\",\"caption\":\"Cardenal Felipe Arizmendi\"},\"description\":\"Nacido en Chiltepec el 1 de mayo de 1940. Estudi\u00f3 Humanidades y Filosof\u00eda en el Seminario de Toluca, de 1952 a 1959. Curs\u00f3 la Teolog\u00eda en la Universidad Pontificia de Salamanca, Espa\u00f1a, de 1959 a 1963, obteniendo la licenciatura en Teolog\u00eda Dogm\u00e1tica. Por su cuenta, se especializ\u00f3 en Liturgia. Fue ordenado sacerdote el 25 de agosto de 1963 en Toluca. Sirvi\u00f3 como Vicario Parroquial en tres parroquias por tres a\u00f1os y medio y fue p\u00e1rroco de una comunidad ind\u00edgena otom\u00ed, de 1967 a 1970. Fue Director Espiritual del Seminario de Toluca por diez a\u00f1os, y Rector del mismo de 1981 a 1991. El 7 de marzo de 1991, fue ordenado obispo de la di\u00f3cesis de Tapachula, donde estuvo hasta el 30 de abril del a\u00f1o 2000. El 1 de mayo del 2000, inici\u00f3 su ministerio episcopal como XLVI obispo de la di\u00f3cesis de San Crist\u00f3bal de las Casas, Chiapas, una de las di\u00f3cesis m\u00e1s antiguas de M\u00e9xico, erigida en 1539; all\u00ed sirvi\u00f3 por casi 18 a\u00f1os. Ha ocupado diversos cargos en la Conferencia del Episcopado Mexicano y en el CELAM. El 3 de noviembre de 2017, el Papa Francisco le acept\u00f3, por edad, su renuncia al servicio episcopal en esta di\u00f3cesis, que entreg\u00f3 a su sucesor el 3 de enero de 2018. Desde entonces, reside en la ciudad de Toluca. Desde 1979, escribe art\u00edculos de actualidad en varios medios religiosos y civiles. Es autor de varias publicaciones.\",\"url\":\"https:\\\/\\\/exaudi.org\\\/es\\\/author\\\/felipearizmendi\\\/\"}]}<\/script>\n<!-- \/ Yoast SEO plugin. -->","yoast_head_json":{"title":"Cardenal Arizmendi: El poder de la oraci\u00f3n &#8211; Exaudi","robots":{"index":"index","follow":"follow","max-snippet":"max-snippet:-1","max-image-preview":"max-image-preview:large","max-video-preview":"max-video-preview:-1"},"canonical":"https:\/\/exaudi.org\/es\/cardenal-arizmendi-el-poder-de-la-oracion\/","og_locale":"es_ES","og_type":"article","og_title":"Cardenal Arizmendi: El poder de la oraci\u00f3n &#8211; Exaudi","og_description":"El Se\u00f1or no act\u00faa sin nosotros","og_url":"https:\/\/exaudi.org\/es\/cardenal-arizmendi-el-poder-de-la-oracion\/","og_site_name":"Exaudi","article_publisher":"https:\/\/www.facebook.com\/ExaudiNews","article_published_time":"2022-08-24T12:39:17+00:00","article_modified_time":"2022-08-24T13:28:43+00:00","og_image":[{"width":2560,"height":1707,"url":"https:\/\/exaudi.org\/wp-content\/uploads\/2022\/08\/JMJ-Panama-2017-scaled.jpg","type":"image\/jpeg"}],"author":"Cardenal Felipe Arizmendi","twitter_card":"summary_large_image","twitter_creator":"@Exaudi_News","twitter_site":"@Exaudi_News","twitter_misc":{"Escrito por":"Cardenal Felipe Arizmendi","Tiempo de lectura":"5 minutos"},"schema":{"@context":"https:\/\/schema.org","@graph":[{"@type":"Article","@id":"https:\/\/exaudi.org\/es\/cardenal-arizmendi-el-poder-de-la-oracion\/#article","isPartOf":{"@id":"https:\/\/exaudi.org\/es\/cardenal-arizmendi-el-poder-de-la-oracion\/"},"author":{"name":"Cardenal Felipe Arizmendi","@id":"https:\/\/exaudi.org\/#\/schema\/person\/c7d223f87e58f1105d044d8da1439102"},"headline":"Cardenal Arizmendi: El poder de la oraci\u00f3n","datePublished":"2022-08-24T12:39:17+00:00","dateModified":"2022-08-24T13:28:43+00:00","mainEntityOfPage":{"@id":"https:\/\/exaudi.org\/es\/cardenal-arizmendi-el-poder-de-la-oracion\/"},"wordCount":1159,"image":{"@id":"https:\/\/exaudi.org\/es\/cardenal-arizmendi-el-poder-de-la-oracion\/#primaryimage"},"thumbnailUrl":"https:\/\/exaudi.org\/wp-content\/uploads\/2022\/08\/JMJ-Panama-2017-scaled.jpg","keywords":["Comentario","El Poder de la oraci\u00f3n","Felipe Arizmendi","Trending"],"articleSection":["Voces"],"inLanguage":"es"},{"@type":"WebPage","@id":"https:\/\/exaudi.org\/es\/cardenal-arizmendi-el-poder-de-la-oracion\/","url":"https:\/\/exaudi.org\/es\/cardenal-arizmendi-el-poder-de-la-oracion\/","name":"Cardenal Arizmendi: El poder de la oraci\u00f3n &#8211; Exaudi","isPartOf":{"@id":"https:\/\/exaudi.org\/#website"},"primaryImageOfPage":{"@id":"https:\/\/exaudi.org\/es\/cardenal-arizmendi-el-poder-de-la-oracion\/#primaryimage"},"image":{"@id":"https:\/\/exaudi.org\/es\/cardenal-arizmendi-el-poder-de-la-oracion\/#primaryimage"},"thumbnailUrl":"https:\/\/exaudi.org\/wp-content\/uploads\/2022\/08\/JMJ-Panama-2017-scaled.jpg","datePublished":"2022-08-24T12:39:17+00:00","dateModified":"2022-08-24T13:28:43+00:00","author":{"@id":"https:\/\/exaudi.org\/#\/schema\/person\/c7d223f87e58f1105d044d8da1439102"},"breadcrumb":{"@id":"https:\/\/exaudi.org\/es\/cardenal-arizmendi-el-poder-de-la-oracion\/#breadcrumb"},"inLanguage":"es","potentialAction":[{"@type":"ReadAction","target":["https:\/\/exaudi.org\/es\/cardenal-arizmendi-el-poder-de-la-oracion\/"]}]},{"@type":"ImageObject","inLanguage":"es","@id":"https:\/\/exaudi.org\/es\/cardenal-arizmendi-el-poder-de-la-oracion\/#primaryimage","url":"https:\/\/exaudi.org\/wp-content\/uploads\/2022\/08\/JMJ-Panama-2017-scaled.jpg","contentUrl":"https:\/\/exaudi.org\/wp-content\/uploads\/2022\/08\/JMJ-Panama-2017-scaled.jpg","width":2560,"height":1707,"caption":"JMJ Panam\u00e1 2019 \u00a9 Cathopic"},{"@type":"BreadcrumbList","@id":"https:\/\/exaudi.org\/es\/cardenal-arizmendi-el-poder-de-la-oracion\/#breadcrumb","itemListElement":[{"@type":"ListItem","position":1,"name":"Portada","item":"https:\/\/exaudi.org\/es\/"},{"@type":"ListItem","position":2,"name":"Cardenal Arizmendi: El poder de la oraci\u00f3n"}]},{"@type":"WebSite","@id":"https:\/\/exaudi.org\/#website","url":"https:\/\/exaudi.org\/","name":"Exaudi","description":"News","potentialAction":[{"@type":"SearchAction","target":{"@type":"EntryPoint","urlTemplate":"https:\/\/exaudi.org\/?s={search_term_string}"},"query-input":{"@type":"PropertyValueSpecification","valueRequired":true,"valueName":"search_term_string"}}],"inLanguage":"es"},{"@type":"Person","@id":"https:\/\/exaudi.org\/#\/schema\/person\/c7d223f87e58f1105d044d8da1439102","name":"Cardenal Felipe Arizmendi","image":{"@type":"ImageObject","inLanguage":"es","@id":"https:\/\/secure.gravatar.com\/avatar\/4ffc5520d896b86d39346168903de33a17ef0f23d16de0ff45062c1ff422ed2f?s=96&d=mm&r=g","url":"https:\/\/secure.gravatar.com\/avatar\/4ffc5520d896b86d39346168903de33a17ef0f23d16de0ff45062c1ff422ed2f?s=96&d=mm&r=g","contentUrl":"https:\/\/secure.gravatar.com\/avatar\/4ffc5520d896b86d39346168903de33a17ef0f23d16de0ff45062c1ff422ed2f?s=96&d=mm&r=g","caption":"Cardenal Felipe Arizmendi"},"description":"Nacido en Chiltepec el 1 de mayo de 1940. Estudi\u00f3 Humanidades y Filosof\u00eda en el Seminario de Toluca, de 1952 a 1959. Curs\u00f3 la Teolog\u00eda en la Universidad Pontificia de Salamanca, Espa\u00f1a, de 1959 a 1963, obteniendo la licenciatura en Teolog\u00eda Dogm\u00e1tica. Por su cuenta, se especializ\u00f3 en Liturgia. Fue ordenado sacerdote el 25 de agosto de 1963 en Toluca. Sirvi\u00f3 como Vicario Parroquial en tres parroquias por tres a\u00f1os y medio y fue p\u00e1rroco de una comunidad ind\u00edgena otom\u00ed, de 1967 a 1970. Fue Director Espiritual del Seminario de Toluca por diez a\u00f1os, y Rector del mismo de 1981 a 1991. El 7 de marzo de 1991, fue ordenado obispo de la di\u00f3cesis de Tapachula, donde estuvo hasta el 30 de abril del a\u00f1o 2000. El 1 de mayo del 2000, inici\u00f3 su ministerio episcopal como XLVI obispo de la di\u00f3cesis de San Crist\u00f3bal de las Casas, Chiapas, una de las di\u00f3cesis m\u00e1s antiguas de M\u00e9xico, erigida en 1539; all\u00ed sirvi\u00f3 por casi 18 a\u00f1os. Ha ocupado diversos cargos en la Conferencia del Episcopado Mexicano y en el CELAM. El 3 de noviembre de 2017, el Papa Francisco le acept\u00f3, por edad, su renuncia al servicio episcopal en esta di\u00f3cesis, que entreg\u00f3 a su sucesor el 3 de enero de 2018. Desde entonces, reside en la ciudad de Toluca. Desde 1979, escribe art\u00edculos de actualidad en varios medios religiosos y civiles. Es autor de varias publicaciones.","url":"https:\/\/exaudi.org\/es\/author\/felipearizmendi\/"}]}},"jetpack_featured_media_url":"https:\/\/exaudi.org\/wp-content\/uploads\/2022\/08\/JMJ-Panama-2017-scaled.jpg","jetpack_shortlink":"https:\/\/wp.me\/pgKjF2-fQK","_links":{"self":[{"href":"https:\/\/exaudi.org\/es\/wp-json\/wp\/v2\/posts\/60930","targetHints":{"allow":["GET"]}}],"collection":[{"href":"https:\/\/exaudi.org\/es\/wp-json\/wp\/v2\/posts"}],"about":[{"href":"https:\/\/exaudi.org\/es\/wp-json\/wp\/v2\/types\/post"}],"author":[{"embeddable":true,"href":"https:\/\/exaudi.org\/es\/wp-json\/wp\/v2\/users\/24"}],"replies":[{"embeddable":true,"href":"https:\/\/exaudi.org\/es\/wp-json\/wp\/v2\/comments?post=60930"}],"version-history":[{"count":0,"href":"https:\/\/exaudi.org\/es\/wp-json\/wp\/v2\/posts\/60930\/revisions"}],"wp:featuredmedia":[{"embeddable":true,"href":"https:\/\/exaudi.org\/es\/wp-json\/wp\/v2\/media\/60931"}],"wp:attachment":[{"href":"https:\/\/exaudi.org\/es\/wp-json\/wp\/v2\/media?parent=60930"}],"wp:term":[{"taxonomy":"category","embeddable":true,"href":"https:\/\/exaudi.org\/es\/wp-json\/wp\/v2\/categories?post=60930"},{"taxonomy":"post_tag","embeddable":true,"href":"https:\/\/exaudi.org\/es\/wp-json\/wp\/v2\/tags?post=60930"}],"curies":[{"name":"wp","href":"https:\/\/api.w.org\/{rel}","templated":true}]}}