{"id":60883,"date":"2022-08-22T14:51:17","date_gmt":"2022-08-22T12:51:17","guid":{"rendered":"https:\/\/exaudi.org\/?p=60883"},"modified":"2022-08-22T15:07:08","modified_gmt":"2022-08-22T13:07:08","slug":"los-adolescentes-tambien-son-maestros-para-nosotros","status":"publish","type":"post","link":"https:\/\/exaudi.org\/es\/los-adolescentes-tambien-son-maestros-para-nosotros\/","title":{"rendered":"\u201cLos adolescentes tambi\u00e9n son maestros para nosotros\u201d"},"content":{"rendered":"<p>Justo a un mes del evento de As\u00eds que contar\u00e1 con la presencia del Papa, la activista tailandesa de la ecolog\u00eda integral Ralyn Satiddtanasarn habla: \u201cEstamos obligados a resolver los errores de los adultos. Gracias al Papa Francisco por llamar la atenci\u00f3n sobre estos temas\u201d.<\/p>\n<p>Los j\u00f3venes cada vez m\u00e1s protagonistas en la Econom\u00eda de Francesco (eof): adolescentes de entre 13 y 17 a\u00f1os y la activista Ralyn Satidtanasarn, participar\u00e1n en el evento de septiembre.<\/p>\n<p>Luigino Bruni (Director Cient\u00edfico de EoF): \u201cLos adolescentes tambi\u00e9n son maestros para nosotros\u201d<\/p>\n<p>***<\/p>\n<p><strong>As\u00eds (Italia)<\/strong> \u2013 No s\u00f3lo los j\u00f3venes, sino tambi\u00e9n los adolescentes estar\u00e1n entre los participantes en el pr\u00f3ximo evento global presencial de La Econom\u00eda de Francisco (<em>The Economy of Francesco, EoF<\/em>), donde esta nueva comunidad global firmar\u00e1 un Pacto con el Santo Padre por una nueva econom\u00eda el pr\u00f3ximo 24 de septiembre, al final del evento de tres d\u00edas programado del 22 al 24 de septiembre de 2022 en la Ciudad Ser\u00e1fica (As\u00eds, Italia).<\/p>\n<p>La comunidad, que en estos tres a\u00f1os no ha dejado de reunirse y trabajar online, est\u00e1 integrada tambi\u00e9n por una veintena de j\u00f3venes adolescentes de diferentes pa\u00edses, entre ellos Ralyn Satidtanasarn (conocida por su <em>nickname Lilly<\/em>), una jovenc\u00edsima activista de la ecolog\u00eda integral de Tailandia que lleva a\u00f1os luchando contra el uso del pl\u00e1stico. Aunque la mayor\u00eda de los adolescentes son italianos (provienen del Collegio San Carlo de Mil\u00e1n, del Istituto Maria Ausiliatrice de Lecco y de los Ragazzi Mondo Unito y Nomadelfia, entre otros), tambi\u00e9n hay j\u00f3venes de: Siria, Vietnam, Tailandia, Eslovaquia y Brasil. Todos tienen entre 13 y 17 a\u00f1os. Chicos y chicas involucrados en iniciativas de desarrollo sostenible como #HambreCero y en temas de ecolog\u00eda integral y lucha contra el cambio clim\u00e1tico. Tambi\u00e9n estar\u00e1 presente una joven brasile\u00f1a, implicada en el proyecto de la Escuela Pacar (<a href=\"https:\/\/francescoeconomy.org\/pacar-school-project-bridge-technology-education\/\" target=\"_blank\" rel=\"noopener\">PacarSchool<\/a>), nacida en el seno de EoF.<\/p>\n<p>\u201cEste tiempo\u201d, coment\u00f3 Luigino Bruni, Director Cient\u00edfico de La Econom\u00eda de Francisco, \u201ces un tiempo de nuevo protagonismo de los j\u00f3venes y de los adolescentes en particular. Nunca como en los \u00faltimos a\u00f1os los m\u00e1s j\u00f3venes se han puesto a la cabeza de la demanda de un cambio radical de la econom\u00eda y la sociedad, el m\u00e1s radical que se haya exigido en las \u00faltimas d\u00e9cadas. Greta Thunberg y la generaci\u00f3n de Viernes por el Futuro (<em>Fridays for Future<\/em>)\u201d, a\u00f1ade Bruni, \u201chan representado la innovaci\u00f3n m\u00e1s importante del siglo XXI en t\u00e9rminos de cultura medioambiental y de un nuevo modelo de desarrollo. Hoy estos adolescentes est\u00e1n en la frontera del cambio en el mundo, son maestros, ejercen un verdadero magisterio para todos nosotros y estamos particularmente contentos de que los adolescentes, la profec\u00eda de Francisco, est\u00e9n presentes y activos en Eof de manera significativa\u201d.<\/p>\n<p>En la larga entrevista que Ralyn concedi\u00f3 en exclusiva a Marina Rosati, Responsable de Prensa desde As\u00eds para la Econom\u00eda de Francisco, la joven de 14 a\u00f1os destaca el compromiso de los j\u00f3venes como ella. \u201cIncluso los adolescentes y los ni\u00f1os ya no pueden permitirse el lujo de ignorar el mundo que les rodea. Nos hemos visto obligados a resolver los problemas de los adultos por miedo a no tener un futuro limpio y sostenible. Los adultos deben dejar un mundo mejor a sus hijos y descendientes. Deben tomar medidas concretas para resolver los problemas actuales, como el cambio clim\u00e1tico, la contaminaci\u00f3n y la desigualdad, y no limitarse a hablar de ellos\u201d.<\/p>\n<p>El compromiso de la joven tailandesa comenz\u00f3 de ni\u00f1a, como ella misma dice. \u00abDe ni\u00f1o, siempre me preocup\u00e9 y me compromet\u00ed con el medio ambiente: como ciudadanos del mundo, todos tenemos una responsabilidad con la sostenibilidad. Aunque entonces s\u00f3lo ten\u00eda ocho a\u00f1os\u00bb, dice, \u00abtrat\u00e9 de hacer lo correcto, reduciendo el pl\u00e1stico y diciendo a mis compa\u00f1eros de clase y a mi familia que fueran conscientes de su impacto en el medio ambiente\u201d.<\/p>\n<p>Desgraciadamente, el activismo individual no puede hacer mucho, as\u00ed que decid\u00ed abordar el problema de ra\u00edz, a nivel empresarial y gubernamental. (&#8230;.) A principios de 2020, se prohibi\u00f3 el uso de bolsas de pl\u00e1stico de un solo uso en todo el pa\u00eds en m\u00e1s de 70 grandes comercios. Este fue uno de mis logros. Aprend\u00ed que los problemas medioambientales afectan a todos, por lo que todos tenemos la responsabilidad de contribuir al cambio\u00bb.<\/p>\n<p>Para Ralyn, la <em>Eof<\/em> es \u201cuna gran manera de iniciar un di\u00e1logo sobre el impacto que los j\u00f3venes pueden tener en el clima\u00bb y cuando est\u00e9 en As\u00eds tiene claro lo que va a decir: \u201cEn primer lugar, me gustar\u00eda agradecer al Papa Francisco -concluye la entrevista- las ense\u00f1anzas y la bondad que ha compartido durante los a\u00f1os de su pontificado. Tambi\u00e9n me gustar\u00eda darle las gracias por concienciar a todo el mundo de los problemas actuales del mundo y por apoyar firmemente a los j\u00f3venes como yo para que alcen su voz y sean escuchados por grandes personas, como \u00e9l, que pueden ayudarnos a marcar la diferencia\u201d.<\/p>\n<p><strong>As\u00eds, 22 de agosto de 2022<\/strong><\/p>\n","protected":false},"excerpt":{"rendered":"<p>La econom\u00eda de Francesco del 22 al 24 de septiembre<\/p>\n","protected":false},"author":15,"featured_media":60884,"comment_status":"closed","ping_status":"closed","sticky":false,"template":"","format":"standard","meta":{"_acf_changed":false,"_crdt_document":"","inline_featured_image":false,"footnotes":""},"categories":[80,116],"tags":[6765,4953],"class_list":["post-60883","post","type-post","status-publish","format-standard","has-post-thumbnail","hentry","category-ecologia-es","category-encuentros","tag-la-economia-de-francesco","tag-trending-es"],"acf":[],"yoast_head":"<!-- This site is optimized with the Yoast SEO plugin v27.4 - https:\/\/yoast.com\/product\/yoast-seo-wordpress\/ -->\n<title>\u201cLos adolescentes tambi\u00e9n son maestros para nosotros\u201d &#8211; Exaudi<\/title>\n<meta name=\"robots\" content=\"index, follow, max-snippet:-1, max-image-preview:large, max-video-preview:-1\" \/>\n<link rel=\"canonical\" href=\"https:\/\/exaudi.org\/es\/los-adolescentes-tambien-son-maestros-para-nosotros\/\" \/>\n<meta property=\"og:locale\" content=\"es_ES\" \/>\n<meta property=\"og:type\" content=\"article\" \/>\n<meta property=\"og:title\" content=\"\u201cLos adolescentes tambi\u00e9n son maestros para nosotros\u201d &#8211; Exaudi\" \/>\n<meta property=\"og:description\" content=\"La econom\u00eda de Francesco del 22 al 24 de septiembre\" \/>\n<meta property=\"og:url\" content=\"https:\/\/exaudi.org\/es\/los-adolescentes-tambien-son-maestros-para-nosotros\/\" \/>\n<meta property=\"og:site_name\" content=\"Exaudi\" \/>\n<meta property=\"article:publisher\" content=\"https:\/\/www.facebook.com\/ExaudiNews\" \/>\n<meta property=\"article:author\" content=\"https:\/\/www.facebook.com\/ExaudiNoticias\/\" \/>\n<meta property=\"article:published_time\" content=\"2022-08-22T12:51:17+00:00\" \/>\n<meta property=\"article:modified_time\" content=\"2022-08-22T13:07:08+00:00\" \/>\n<meta property=\"og:image\" content=\"https:\/\/exaudi.org\/wp-content\/uploads\/2022\/08\/Economia-de-francesco.png\" \/>\n\t<meta property=\"og:image:width\" content=\"1000\" \/>\n\t<meta property=\"og:image:height\" content=\"563\" \/>\n\t<meta property=\"og:image:type\" content=\"image\/png\" \/>\n<meta name=\"author\" content=\"Exaudi Redacci\u00f3n\" \/>\n<meta name=\"twitter:card\" content=\"summary_large_image\" \/>\n<meta name=\"twitter:creator\" content=\"@Exaudi_noticias\" \/>\n<meta name=\"twitter:site\" content=\"@Exaudi_News\" \/>\n<meta name=\"twitter:label1\" content=\"Escrito por\" \/>\n\t<meta name=\"twitter:data1\" content=\"Exaudi Redacci\u00f3n\" \/>\n\t<meta name=\"twitter:label2\" content=\"Tiempo de lectura\" \/>\n\t<meta name=\"twitter:data2\" content=\"4 minutos\" \/>\n<script type=\"application\/ld+json\" class=\"yoast-schema-graph\">{\"@context\":\"https:\\\/\\\/schema.org\",\"@graph\":[{\"@type\":\"Article\",\"@id\":\"https:\\\/\\\/exaudi.org\\\/es\\\/los-adolescentes-tambien-son-maestros-para-nosotros\\\/#article\",\"isPartOf\":{\"@id\":\"https:\\\/\\\/exaudi.org\\\/es\\\/los-adolescentes-tambien-son-maestros-para-nosotros\\\/\"},\"author\":{\"name\":\"Exaudi Redacci\u00f3n\",\"@id\":\"https:\\\/\\\/exaudi.org\\\/#\\\/schema\\\/person\\\/f5fc8f063065e38742da7afe15f25df7\"},\"headline\":\"\u201cLos adolescentes tambi\u00e9n son maestros para nosotros\u201d\",\"datePublished\":\"2022-08-22T12:51:17+00:00\",\"dateModified\":\"2022-08-22T13:07:08+00:00\",\"mainEntityOfPage\":{\"@id\":\"https:\\\/\\\/exaudi.org\\\/es\\\/los-adolescentes-tambien-son-maestros-para-nosotros\\\/\"},\"wordCount\":900,\"image\":{\"@id\":\"https:\\\/\\\/exaudi.org\\\/es\\\/los-adolescentes-tambien-son-maestros-para-nosotros\\\/#primaryimage\"},\"thumbnailUrl\":\"https:\\\/\\\/exaudi.org\\\/wp-content\\\/uploads\\\/2022\\\/08\\\/Economia-de-francesco.png\",\"keywords\":[\"La econom\u00eda de Francesco\",\"Trending\"],\"articleSection\":[\"Ecolog\u00eda\",\"Encuentros\"],\"inLanguage\":\"es\"},{\"@type\":\"WebPage\",\"@id\":\"https:\\\/\\\/exaudi.org\\\/es\\\/los-adolescentes-tambien-son-maestros-para-nosotros\\\/\",\"url\":\"https:\\\/\\\/exaudi.org\\\/es\\\/los-adolescentes-tambien-son-maestros-para-nosotros\\\/\",\"name\":\"\u201cLos adolescentes tambi\u00e9n son maestros para nosotros\u201d &#8211; Exaudi\",\"isPartOf\":{\"@id\":\"https:\\\/\\\/exaudi.org\\\/#website\"},\"primaryImageOfPage\":{\"@id\":\"https:\\\/\\\/exaudi.org\\\/es\\\/los-adolescentes-tambien-son-maestros-para-nosotros\\\/#primaryimage\"},\"image\":{\"@id\":\"https:\\\/\\\/exaudi.org\\\/es\\\/los-adolescentes-tambien-son-maestros-para-nosotros\\\/#primaryimage\"},\"thumbnailUrl\":\"https:\\\/\\\/exaudi.org\\\/wp-content\\\/uploads\\\/2022\\\/08\\\/Economia-de-francesco.png\",\"datePublished\":\"2022-08-22T12:51:17+00:00\",\"dateModified\":\"2022-08-22T13:07:08+00:00\",\"author\":{\"@id\":\"https:\\\/\\\/exaudi.org\\\/#\\\/schema\\\/person\\\/f5fc8f063065e38742da7afe15f25df7\"},\"breadcrumb\":{\"@id\":\"https:\\\/\\\/exaudi.org\\\/es\\\/los-adolescentes-tambien-son-maestros-para-nosotros\\\/#breadcrumb\"},\"inLanguage\":\"es\",\"potentialAction\":[{\"@type\":\"ReadAction\",\"target\":[\"https:\\\/\\\/exaudi.org\\\/es\\\/los-adolescentes-tambien-son-maestros-para-nosotros\\\/\"]}]},{\"@type\":\"ImageObject\",\"inLanguage\":\"es\",\"@id\":\"https:\\\/\\\/exaudi.org\\\/es\\\/los-adolescentes-tambien-son-maestros-para-nosotros\\\/#primaryimage\",\"url\":\"https:\\\/\\\/exaudi.org\\\/wp-content\\\/uploads\\\/2022\\\/08\\\/Economia-de-francesco.png\",\"contentUrl\":\"https:\\\/\\\/exaudi.org\\\/wp-content\\\/uploads\\\/2022\\\/08\\\/Economia-de-francesco.png\",\"width\":1000,\"height\":563,\"caption\":\"Econom\u00eda de Francesco \u00a9 Vatican Media\"},{\"@type\":\"BreadcrumbList\",\"@id\":\"https:\\\/\\\/exaudi.org\\\/es\\\/los-adolescentes-tambien-son-maestros-para-nosotros\\\/#breadcrumb\",\"itemListElement\":[{\"@type\":\"ListItem\",\"position\":1,\"name\":\"Portada\",\"item\":\"https:\\\/\\\/exaudi.org\\\/es\\\/\"},{\"@type\":\"ListItem\",\"position\":2,\"name\":\"\u201cLos adolescentes tambi\u00e9n son maestros para nosotros\u201d\"}]},{\"@type\":\"WebSite\",\"@id\":\"https:\\\/\\\/exaudi.org\\\/#website\",\"url\":\"https:\\\/\\\/exaudi.org\\\/\",\"name\":\"Exaudi\",\"description\":\"News\",\"potentialAction\":[{\"@type\":\"SearchAction\",\"target\":{\"@type\":\"EntryPoint\",\"urlTemplate\":\"https:\\\/\\\/exaudi.org\\\/?s={search_term_string}\"},\"query-input\":{\"@type\":\"PropertyValueSpecification\",\"valueRequired\":true,\"valueName\":\"search_term_string\"}}],\"inLanguage\":\"es\"},{\"@type\":\"Person\",\"@id\":\"https:\\\/\\\/exaudi.org\\\/#\\\/schema\\\/person\\\/f5fc8f063065e38742da7afe15f25df7\",\"name\":\"Exaudi Redacci\u00f3n\",\"image\":{\"@type\":\"ImageObject\",\"inLanguage\":\"es\",\"@id\":\"https:\\\/\\\/secure.gravatar.com\\\/avatar\\\/fe0f6a059fb68d9b3e11bc5850dd4899b1c7492091a3cb6dd9b01b56ad828be2?s=96&d=mm&r=g\",\"url\":\"https:\\\/\\\/secure.gravatar.com\\\/avatar\\\/fe0f6a059fb68d9b3e11bc5850dd4899b1c7492091a3cb6dd9b01b56ad828be2?s=96&d=mm&r=g\",\"contentUrl\":\"https:\\\/\\\/secure.gravatar.com\\\/avatar\\\/fe0f6a059fb68d9b3e11bc5850dd4899b1c7492091a3cb6dd9b01b56ad828be2?s=96&d=mm&r=g\",\"caption\":\"Exaudi Redacci\u00f3n\"},\"description\":\"\u00bfQu\u00e9 es Exaudi News? Exaudi News es un medio de comunicaci\u00f3n cat\u00f3lico internacional que informa, forma y transforma, diariamente en espa\u00f1ol, ingl\u00e9s e italiano. A trav\u00e9s de noticias, art\u00edculos de an\u00e1lisis y transmisiones en directo de los eventos del Papa, Exaudi busca fortalecer la unidad de los cristianos y contribuir a la evangelizaci\u00f3n del mundo, siempre guiados por la doctrina social de la Iglesia. Trabajamos para acercar la verdad y los valores cristianos a cada rinc\u00f3n del planeta. \u00a1Ay\u00fadanos a transformar el mundo con Exaudi! En Exaudi creemos que la evangelizaci\u00f3n y la informaci\u00f3n de calidad pueden cambiar vidas. Para continuar con nuestra misi\u00f3n y expandir nuestro alcance, necesitamos tu ayuda. Adem\u00e1s, buscamos personas comprometidas que deseen unirse a nuestro equipo. Con tu apoyo, lograremos llegar a m\u00e1s personas, difundir el mensaje de Cristo y reforzar la unidad de los cristianos. \u00bfTe unes a nuestra misi\u00f3n? Para m\u00e1s informaci\u00f3n sobre c\u00f3mo colaborar, visita Exaudi.org\\\/es o cont\u00e1ctanos directamente: info@exaudi.org Exaudi: Informa, forma y transforma.\",\"sameAs\":[\"https:\\\/\\\/www.facebook.com\\\/ExaudiNoticias\\\/\",\"https:\\\/\\\/www.instagram.com\\\/exaudi_noticias\\\/\",\"https:\\\/\\\/x.com\\\/Exaudi_noticias\",\"https:\\\/\\\/www.youtube.com\\\/@exaudicatholicnews\"],\"url\":\"https:\\\/\\\/exaudi.org\\\/es\\\/author\\\/redaccionexaudi\\\/\"}]}<\/script>\n<!-- \/ Yoast SEO plugin. -->","yoast_head_json":{"title":"\u201cLos adolescentes tambi\u00e9n son maestros para nosotros\u201d &#8211; Exaudi","robots":{"index":"index","follow":"follow","max-snippet":"max-snippet:-1","max-image-preview":"max-image-preview:large","max-video-preview":"max-video-preview:-1"},"canonical":"https:\/\/exaudi.org\/es\/los-adolescentes-tambien-son-maestros-para-nosotros\/","og_locale":"es_ES","og_type":"article","og_title":"\u201cLos adolescentes tambi\u00e9n son maestros para nosotros\u201d &#8211; Exaudi","og_description":"La econom\u00eda de Francesco del 22 al 24 de septiembre","og_url":"https:\/\/exaudi.org\/es\/los-adolescentes-tambien-son-maestros-para-nosotros\/","og_site_name":"Exaudi","article_publisher":"https:\/\/www.facebook.com\/ExaudiNews","article_author":"https:\/\/www.facebook.com\/ExaudiNoticias\/","article_published_time":"2022-08-22T12:51:17+00:00","article_modified_time":"2022-08-22T13:07:08+00:00","og_image":[{"width":1000,"height":563,"url":"https:\/\/exaudi.org\/wp-content\/uploads\/2022\/08\/Economia-de-francesco.png","type":"image\/png"}],"author":"Exaudi Redacci\u00f3n","twitter_card":"summary_large_image","twitter_creator":"@Exaudi_noticias","twitter_site":"@Exaudi_News","twitter_misc":{"Escrito por":"Exaudi Redacci\u00f3n","Tiempo de lectura":"4 minutos"},"schema":{"@context":"https:\/\/schema.org","@graph":[{"@type":"Article","@id":"https:\/\/exaudi.org\/es\/los-adolescentes-tambien-son-maestros-para-nosotros\/#article","isPartOf":{"@id":"https:\/\/exaudi.org\/es\/los-adolescentes-tambien-son-maestros-para-nosotros\/"},"author":{"name":"Exaudi Redacci\u00f3n","@id":"https:\/\/exaudi.org\/#\/schema\/person\/f5fc8f063065e38742da7afe15f25df7"},"headline":"\u201cLos adolescentes tambi\u00e9n son maestros para nosotros\u201d","datePublished":"2022-08-22T12:51:17+00:00","dateModified":"2022-08-22T13:07:08+00:00","mainEntityOfPage":{"@id":"https:\/\/exaudi.org\/es\/los-adolescentes-tambien-son-maestros-para-nosotros\/"},"wordCount":900,"image":{"@id":"https:\/\/exaudi.org\/es\/los-adolescentes-tambien-son-maestros-para-nosotros\/#primaryimage"},"thumbnailUrl":"https:\/\/exaudi.org\/wp-content\/uploads\/2022\/08\/Economia-de-francesco.png","keywords":["La econom\u00eda de Francesco","Trending"],"articleSection":["Ecolog\u00eda","Encuentros"],"inLanguage":"es"},{"@type":"WebPage","@id":"https:\/\/exaudi.org\/es\/los-adolescentes-tambien-son-maestros-para-nosotros\/","url":"https:\/\/exaudi.org\/es\/los-adolescentes-tambien-son-maestros-para-nosotros\/","name":"\u201cLos adolescentes tambi\u00e9n son maestros para nosotros\u201d &#8211; Exaudi","isPartOf":{"@id":"https:\/\/exaudi.org\/#website"},"primaryImageOfPage":{"@id":"https:\/\/exaudi.org\/es\/los-adolescentes-tambien-son-maestros-para-nosotros\/#primaryimage"},"image":{"@id":"https:\/\/exaudi.org\/es\/los-adolescentes-tambien-son-maestros-para-nosotros\/#primaryimage"},"thumbnailUrl":"https:\/\/exaudi.org\/wp-content\/uploads\/2022\/08\/Economia-de-francesco.png","datePublished":"2022-08-22T12:51:17+00:00","dateModified":"2022-08-22T13:07:08+00:00","author":{"@id":"https:\/\/exaudi.org\/#\/schema\/person\/f5fc8f063065e38742da7afe15f25df7"},"breadcrumb":{"@id":"https:\/\/exaudi.org\/es\/los-adolescentes-tambien-son-maestros-para-nosotros\/#breadcrumb"},"inLanguage":"es","potentialAction":[{"@type":"ReadAction","target":["https:\/\/exaudi.org\/es\/los-adolescentes-tambien-son-maestros-para-nosotros\/"]}]},{"@type":"ImageObject","inLanguage":"es","@id":"https:\/\/exaudi.org\/es\/los-adolescentes-tambien-son-maestros-para-nosotros\/#primaryimage","url":"https:\/\/exaudi.org\/wp-content\/uploads\/2022\/08\/Economia-de-francesco.png","contentUrl":"https:\/\/exaudi.org\/wp-content\/uploads\/2022\/08\/Economia-de-francesco.png","width":1000,"height":563,"caption":"Econom\u00eda de Francesco \u00a9 Vatican Media"},{"@type":"BreadcrumbList","@id":"https:\/\/exaudi.org\/es\/los-adolescentes-tambien-son-maestros-para-nosotros\/#breadcrumb","itemListElement":[{"@type":"ListItem","position":1,"name":"Portada","item":"https:\/\/exaudi.org\/es\/"},{"@type":"ListItem","position":2,"name":"\u201cLos adolescentes tambi\u00e9n son maestros para nosotros\u201d"}]},{"@type":"WebSite","@id":"https:\/\/exaudi.org\/#website","url":"https:\/\/exaudi.org\/","name":"Exaudi","description":"News","potentialAction":[{"@type":"SearchAction","target":{"@type":"EntryPoint","urlTemplate":"https:\/\/exaudi.org\/?s={search_term_string}"},"query-input":{"@type":"PropertyValueSpecification","valueRequired":true,"valueName":"search_term_string"}}],"inLanguage":"es"},{"@type":"Person","@id":"https:\/\/exaudi.org\/#\/schema\/person\/f5fc8f063065e38742da7afe15f25df7","name":"Exaudi Redacci\u00f3n","image":{"@type":"ImageObject","inLanguage":"es","@id":"https:\/\/secure.gravatar.com\/avatar\/fe0f6a059fb68d9b3e11bc5850dd4899b1c7492091a3cb6dd9b01b56ad828be2?s=96&d=mm&r=g","url":"https:\/\/secure.gravatar.com\/avatar\/fe0f6a059fb68d9b3e11bc5850dd4899b1c7492091a3cb6dd9b01b56ad828be2?s=96&d=mm&r=g","contentUrl":"https:\/\/secure.gravatar.com\/avatar\/fe0f6a059fb68d9b3e11bc5850dd4899b1c7492091a3cb6dd9b01b56ad828be2?s=96&d=mm&r=g","caption":"Exaudi Redacci\u00f3n"},"description":"\u00bfQu\u00e9 es Exaudi News? Exaudi News es un medio de comunicaci\u00f3n cat\u00f3lico internacional que informa, forma y transforma, diariamente en espa\u00f1ol, ingl\u00e9s e italiano. A trav\u00e9s de noticias, art\u00edculos de an\u00e1lisis y transmisiones en directo de los eventos del Papa, Exaudi busca fortalecer la unidad de los cristianos y contribuir a la evangelizaci\u00f3n del mundo, siempre guiados por la doctrina social de la Iglesia. Trabajamos para acercar la verdad y los valores cristianos a cada rinc\u00f3n del planeta. \u00a1Ay\u00fadanos a transformar el mundo con Exaudi! En Exaudi creemos que la evangelizaci\u00f3n y la informaci\u00f3n de calidad pueden cambiar vidas. Para continuar con nuestra misi\u00f3n y expandir nuestro alcance, necesitamos tu ayuda. Adem\u00e1s, buscamos personas comprometidas que deseen unirse a nuestro equipo. Con tu apoyo, lograremos llegar a m\u00e1s personas, difundir el mensaje de Cristo y reforzar la unidad de los cristianos. \u00bfTe unes a nuestra misi\u00f3n? Para m\u00e1s informaci\u00f3n sobre c\u00f3mo colaborar, visita Exaudi.org\/es o cont\u00e1ctanos directamente: info@exaudi.org Exaudi: Informa, forma y transforma.","sameAs":["https:\/\/www.facebook.com\/ExaudiNoticias\/","https:\/\/www.instagram.com\/exaudi_noticias\/","https:\/\/x.com\/Exaudi_noticias","https:\/\/www.youtube.com\/@exaudicatholicnews"],"url":"https:\/\/exaudi.org\/es\/author\/redaccionexaudi\/"}]}},"jetpack_featured_media_url":"https:\/\/exaudi.org\/wp-content\/uploads\/2022\/08\/Economia-de-francesco.png","jetpack_shortlink":"https:\/\/wp.me\/pgKjF2-fPZ","_links":{"self":[{"href":"https:\/\/exaudi.org\/es\/wp-json\/wp\/v2\/posts\/60883","targetHints":{"allow":["GET"]}}],"collection":[{"href":"https:\/\/exaudi.org\/es\/wp-json\/wp\/v2\/posts"}],"about":[{"href":"https:\/\/exaudi.org\/es\/wp-json\/wp\/v2\/types\/post"}],"author":[{"embeddable":true,"href":"https:\/\/exaudi.org\/es\/wp-json\/wp\/v2\/users\/15"}],"replies":[{"embeddable":true,"href":"https:\/\/exaudi.org\/es\/wp-json\/wp\/v2\/comments?post=60883"}],"version-history":[{"count":0,"href":"https:\/\/exaudi.org\/es\/wp-json\/wp\/v2\/posts\/60883\/revisions"}],"wp:featuredmedia":[{"embeddable":true,"href":"https:\/\/exaudi.org\/es\/wp-json\/wp\/v2\/media\/60884"}],"wp:attachment":[{"href":"https:\/\/exaudi.org\/es\/wp-json\/wp\/v2\/media?parent=60883"}],"wp:term":[{"taxonomy":"category","embeddable":true,"href":"https:\/\/exaudi.org\/es\/wp-json\/wp\/v2\/categories?post=60883"},{"taxonomy":"post_tag","embeddable":true,"href":"https:\/\/exaudi.org\/es\/wp-json\/wp\/v2\/tags?post=60883"}],"curies":[{"name":"wp","href":"https:\/\/api.w.org\/{rel}","templated":true}]}}