{"id":60852,"date":"2022-08-21T12:59:19","date_gmt":"2022-08-21T10:59:19","guid":{"rendered":"https:\/\/exaudi.org\/?p=60852"},"modified":"2022-08-21T18:15:13","modified_gmt":"2022-08-21T16:15:13","slug":"para-entrar-en-la-vida-de-dios-en-la-salvacion-hay-que-pasar-a-traves-de-el","status":"publish","type":"post","link":"https:\/\/exaudi.org\/es\/para-entrar-en-la-vida-de-dios-en-la-salvacion-hay-que-pasar-a-traves-de-el\/","title":{"rendered":"\u201cPara entrar en la vida de Dios, en la salvaci\u00f3n, hay que pasar a trav\u00e9s de \u00c9l\u201d"},"content":{"rendered":"<p>\u201cPara entrar en la vida de Dios, en la salvaci\u00f3n, hay que pasar a trav\u00e9s de \u00c9l\u201d dice el Papa Francisco en el <em><a href=\"https:\/\/exaudi.org\/es\/?p=60854&amp;preview=true\" target=\"_blank\" rel=\"noopener\">\u00c1ngelus<\/a> <\/em>de este domingo, 21 de agosto de 2022.<\/p>\n<p>El Santo Padre reflexiona sobre el Evangelio de este Domingo que dice: \u201cYo soy la puerta. El que entra por m\u00ed se salvar\u00e1\u201d. Esto quiere decir, dijo el Papa, que, para entrar en la vida de Dios, en la salvaci\u00f3n, hay que pasar a trav\u00e9s de \u00c9l, acoger a \u00c9l y su Palabra\u201d. \u201cLa\u00a0 puerta estrecha de Jes\u00fas significa seguirle, comprometer la vida en el amor, en el servicio y en la entrega de s\u00ed mismo como hizo \u00c9l, que pas\u00f3 por la puerta estrecha de la cruz\u201d.<\/p>\n<p>A continuaci\u00f3n, siguen las palabras del Papa, al introducir la oraci\u00f3n mariana, ofrecidas por la Oficina de Prensa de la Santa Sede:<\/p>\n<p>***<\/p>\n<h3><strong>Palabras del Papa<\/strong><\/h3>\n<p><em>Queridos hermanos y hermanas, \u00a1buenos d\u00edas!<\/em><\/p>\n<p>En el pasaje del <a href=\"https:\/\/www.dominicos.org\/predicacion\/evangelio-del-dia\/hoy\/lecturas\/\" target=\"_blank\" rel=\"noopener\">Evangelio de Lucas<\/a> de la Liturgia de este domingo, un hombre le pregunta a Jes\u00fas: \u201c\u00bfSon pocos los que se salvan?\u201d Y el Se\u00f1or responde: \u201cTraten de entrar por la puerta estrecha\u201d\u00a0(<em>Lc<\/em> 13,24). La puerta estrecha es una imagen que podr\u00eda asustarnos, como si la salvaci\u00f3n fuera destinada solo a pocos elegidos o a los perfectos. Pero esto contradice lo que Jes\u00fas nos ha ense\u00f1ado en muchas ocasiones; de hecho, poco m\u00e1s adelante, \u00c9l afirma: \u201cVendr\u00e1n muchos de Oriente y de Occidente, del Norte y del Sur, a ocupar su lugar en el banquete del Reino de Dios\u201d\u00a0(v. 29). Por lo tanto, esta puerta es estrecha, \u00a1pero est\u00e1 abierta a todos!<\/p>\n<p>Para entenderlo mejor, hay que preguntarse qu\u00e9 es esta puerta estrecha. Jes\u00fas extrae la imagen de la vida de esa \u00e9poca y, probablemente, se refiere a que, cuando llegaba el atardecer, las puertas de la ciudad se cerraban y solo quedaba abierta una, m\u00e1s peque\u00f1a y m\u00e1s estrecha: para regresar a casa se pod\u00eda pasar \u00fanicamente por ah\u00ed.<\/p>\n<p>Pensemos pues a cuando Jes\u00fas dice: \u201cYo soy la puerta. El que entra por m\u00ed se salvar\u00e1\u201d (Jn 10,9). Nos quiere decir que para entrar en la vida de Dios, en la salvaci\u00f3n, hay que pasar a trav\u00e9s de \u00c9l, acogerlo a \u00c9l y su Palabra. As\u00ed como para entrar en la ciudad, hab\u00eda que \u201cmedirse\u201d con la \u00fanica puerta estrecha que permanec\u00eda abierta, del mismo modo, la vida del cristiano es una vida \u201ca medida de Cristo\u201d, fundada y moldeada en \u00c9l. Esto significa que la vara de medir es Jes\u00fas y su Evangelio: no lo que pensamos nosotros, sino lo que nos dice \u00c9l. As\u00ed que se trata de una puerta estrecha no por ser destinada a pocas personas, sino porque pertenecer a Jes\u00fas significa seguirle, comprometer la vida en el amor, en el servicio y en la entrega de s\u00ed mismo como hizo \u00c9l, que pas\u00f3 por la puerta estrecha de la cruz. Entrar en el proyecto de vida que Dios nos propone implica limitar el espacio del ego\u00edsmo, reducir la arrogancia de la autosuficiencia, bajar las alturas de la soberbia y del orgullo, vencer la pereza para correr el riesgo del<br \/>\namor, incluso cuando supone la cruz.<\/p>\n<p>Pensemos concretamente en esos gestos cotidianos de amor que llevamos adelante con esfuerzo: a los padres que se dedican a los hijos haciendo sacrificios y renunciando al tiempo para s\u00ed mismos; a los que se ocupan de los dem\u00e1s y no solo de sus propios intereses; a quien se dedica al servicio de los ancianos, de los m\u00e1s pobres y de los m\u00e1s fr\u00e1giles; a quien sigue trabajando con esfuerzo, soportando dificultades y tal vez incomprensiones; a quien sufre a causa de la fe, pero contin\u00faa rezando y amando; a los que, en lugar de seguir sus instintos, responden al mal con el bien, encuentran la fuerza para perdonar y el coraje para volver a empezar. Solo son algunos ejemplos de personas que no eligen la puerta ancha de su conveniencia, sino la puerta estrecha de Jes\u00fas, de una vida entregada en el amor. Estas personas, dice hoy el Se\u00f1or, ser\u00e1n reconocidas por el Padre mucho m\u00e1s de los que se creen ya salvados y, en realidad, son \u201clos que hacen el mal\u201d\u00a0(<em>Lc<\/em> 13,27).<\/p>\n<p>Hermanos y hermanas, nosotros, \u00bfde qu\u00e9 lado queremos estar? \u00bfPreferimos el camino f\u00e1cil de pensar exclusivamente en nosotros mismos o la puerta estrecha del Evangelio, que pone en crisis nuestros ego\u00edsmos pero nos vuelve capaces de acoger la verdadera vida que viene de Dios? \u00bfDe qu\u00e9 lado estamos? Que la Virgen, que sigui\u00f3 a Jes\u00fas hasta la cruz, nos ayude a medir nuestra vida sobre \u00c9l, para entrar en la vida llena y eterna.<\/p>\n<p>&nbsp;<\/p>\n<p>&nbsp;<\/p>\n","protected":false},"excerpt":{"rendered":"<p>Palabras del Santo Padre antes del \u00c1ngelus<\/p>\n","protected":false},"author":15,"featured_media":60871,"comment_status":"closed","ping_status":"closed","sticky":false,"template":"","format":"standard","meta":{"_acf_changed":false,"_crdt_document":"","inline_featured_image":false,"footnotes":""},"categories":[70,68],"tags":[6762,4953],"class_list":["post-60852","post","type-post","status-publish","format-standard","has-post-thumbnail","hentry","category-angelus-es","category-leon-xiv","tag-angelus-21-agosto-2022","tag-trending-es"],"acf":[],"yoast_head":"<!-- This site is optimized with the Yoast SEO plugin v27.5 - https:\/\/yoast.com\/product\/yoast-seo-wordpress\/ -->\n<title>\u201cPara entrar en la vida de Dios, en la salvaci\u00f3n, hay que pasar a trav\u00e9s de \u00c9l\u201d &#8211; Exaudi<\/title>\n<meta name=\"robots\" content=\"index, follow, max-snippet:-1, max-image-preview:large, max-video-preview:-1\" \/>\n<link rel=\"canonical\" href=\"https:\/\/exaudi.org\/es\/para-entrar-en-la-vida-de-dios-en-la-salvacion-hay-que-pasar-a-traves-de-el\/\" \/>\n<meta property=\"og:locale\" content=\"es_ES\" \/>\n<meta property=\"og:type\" content=\"article\" \/>\n<meta property=\"og:title\" content=\"\u201cPara entrar en la vida de Dios, en la salvaci\u00f3n, hay que pasar a trav\u00e9s de \u00c9l\u201d &#8211; Exaudi\" \/>\n<meta property=\"og:description\" content=\"Palabras del Santo Padre antes del \u00c1ngelus\" \/>\n<meta property=\"og:url\" content=\"https:\/\/exaudi.org\/es\/para-entrar-en-la-vida-de-dios-en-la-salvacion-hay-que-pasar-a-traves-de-el\/\" \/>\n<meta property=\"og:site_name\" content=\"Exaudi\" \/>\n<meta property=\"article:publisher\" content=\"https:\/\/www.facebook.com\/ExaudiNews\" \/>\n<meta property=\"article:author\" content=\"https:\/\/www.facebook.com\/ExaudiNoticias\/\" \/>\n<meta property=\"article:published_time\" content=\"2022-08-21T10:59:19+00:00\" \/>\n<meta property=\"article:modified_time\" content=\"2022-08-21T16:15:13+00:00\" \/>\n<meta property=\"og:image\" content=\"https:\/\/exaudi.org\/wp-content\/uploads\/2022\/08\/mt21082022115938_00005-scaled.jpg\" \/>\n\t<meta property=\"og:image:width\" content=\"2560\" \/>\n\t<meta property=\"og:image:height\" content=\"1707\" \/>\n\t<meta property=\"og:image:type\" content=\"image\/jpeg\" \/>\n<meta name=\"author\" content=\"Exaudi Redacci\u00f3n\" \/>\n<meta name=\"twitter:card\" content=\"summary_large_image\" \/>\n<meta name=\"twitter:creator\" content=\"@Exaudi_noticias\" \/>\n<meta name=\"twitter:site\" content=\"@Exaudi_News\" \/>\n<meta name=\"twitter:label1\" content=\"Escrito por\" \/>\n\t<meta name=\"twitter:data1\" content=\"Exaudi Redacci\u00f3n\" \/>\n\t<meta name=\"twitter:label2\" content=\"Tiempo de lectura\" \/>\n\t<meta name=\"twitter:data2\" content=\"4 minutos\" \/>\n<script type=\"application\/ld+json\" class=\"yoast-schema-graph\">{\"@context\":\"https:\\\/\\\/schema.org\",\"@graph\":[{\"@type\":\"Article\",\"@id\":\"https:\\\/\\\/exaudi.org\\\/es\\\/para-entrar-en-la-vida-de-dios-en-la-salvacion-hay-que-pasar-a-traves-de-el\\\/#article\",\"isPartOf\":{\"@id\":\"https:\\\/\\\/exaudi.org\\\/es\\\/para-entrar-en-la-vida-de-dios-en-la-salvacion-hay-que-pasar-a-traves-de-el\\\/\"},\"author\":{\"name\":\"Exaudi Redacci\u00f3n\",\"@id\":\"https:\\\/\\\/exaudi.org\\\/#\\\/schema\\\/person\\\/f5fc8f063065e38742da7afe15f25df7\"},\"headline\":\"\u201cPara entrar en la vida de Dios, en la salvaci\u00f3n, hay que pasar a trav\u00e9s de \u00c9l\u201d\",\"datePublished\":\"2022-08-21T10:59:19+00:00\",\"dateModified\":\"2022-08-21T16:15:13+00:00\",\"mainEntityOfPage\":{\"@id\":\"https:\\\/\\\/exaudi.org\\\/es\\\/para-entrar-en-la-vida-de-dios-en-la-salvacion-hay-que-pasar-a-traves-de-el\\\/\"},\"wordCount\":832,\"image\":{\"@id\":\"https:\\\/\\\/exaudi.org\\\/es\\\/para-entrar-en-la-vida-de-dios-en-la-salvacion-hay-que-pasar-a-traves-de-el\\\/#primaryimage\"},\"thumbnailUrl\":\"https:\\\/\\\/exaudi.org\\\/wp-content\\\/uploads\\\/2022\\\/08\\\/mt21082022115938_00005-scaled.jpg\",\"keywords\":[\"\u00c1ngelus 21 agosto 2022\",\"Trending\"],\"articleSection\":[\"\u00c1ngelus\",\"Le\u00f3n XIV\"],\"inLanguage\":\"es\"},{\"@type\":\"WebPage\",\"@id\":\"https:\\\/\\\/exaudi.org\\\/es\\\/para-entrar-en-la-vida-de-dios-en-la-salvacion-hay-que-pasar-a-traves-de-el\\\/\",\"url\":\"https:\\\/\\\/exaudi.org\\\/es\\\/para-entrar-en-la-vida-de-dios-en-la-salvacion-hay-que-pasar-a-traves-de-el\\\/\",\"name\":\"\u201cPara entrar en la vida de Dios, en la salvaci\u00f3n, hay que pasar a trav\u00e9s de \u00c9l\u201d &#8211; Exaudi\",\"isPartOf\":{\"@id\":\"https:\\\/\\\/exaudi.org\\\/#website\"},\"primaryImageOfPage\":{\"@id\":\"https:\\\/\\\/exaudi.org\\\/es\\\/para-entrar-en-la-vida-de-dios-en-la-salvacion-hay-que-pasar-a-traves-de-el\\\/#primaryimage\"},\"image\":{\"@id\":\"https:\\\/\\\/exaudi.org\\\/es\\\/para-entrar-en-la-vida-de-dios-en-la-salvacion-hay-que-pasar-a-traves-de-el\\\/#primaryimage\"},\"thumbnailUrl\":\"https:\\\/\\\/exaudi.org\\\/wp-content\\\/uploads\\\/2022\\\/08\\\/mt21082022115938_00005-scaled.jpg\",\"datePublished\":\"2022-08-21T10:59:19+00:00\",\"dateModified\":\"2022-08-21T16:15:13+00:00\",\"author\":{\"@id\":\"https:\\\/\\\/exaudi.org\\\/#\\\/schema\\\/person\\\/f5fc8f063065e38742da7afe15f25df7\"},\"breadcrumb\":{\"@id\":\"https:\\\/\\\/exaudi.org\\\/es\\\/para-entrar-en-la-vida-de-dios-en-la-salvacion-hay-que-pasar-a-traves-de-el\\\/#breadcrumb\"},\"inLanguage\":\"es\",\"potentialAction\":[{\"@type\":\"ReadAction\",\"target\":[\"https:\\\/\\\/exaudi.org\\\/es\\\/para-entrar-en-la-vida-de-dios-en-la-salvacion-hay-que-pasar-a-traves-de-el\\\/\"]}]},{\"@type\":\"ImageObject\",\"inLanguage\":\"es\",\"@id\":\"https:\\\/\\\/exaudi.org\\\/es\\\/para-entrar-en-la-vida-de-dios-en-la-salvacion-hay-que-pasar-a-traves-de-el\\\/#primaryimage\",\"url\":\"https:\\\/\\\/exaudi.org\\\/wp-content\\\/uploads\\\/2022\\\/08\\\/mt21082022115938_00005-scaled.jpg\",\"contentUrl\":\"https:\\\/\\\/exaudi.org\\\/wp-content\\\/uploads\\\/2022\\\/08\\\/mt21082022115938_00005-scaled.jpg\",\"width\":2560,\"height\":1707,\"caption\":\"\u00c1ngelus, 21 agosto 2022 \u00a9 Vatican Media\"},{\"@type\":\"BreadcrumbList\",\"@id\":\"https:\\\/\\\/exaudi.org\\\/es\\\/para-entrar-en-la-vida-de-dios-en-la-salvacion-hay-que-pasar-a-traves-de-el\\\/#breadcrumb\",\"itemListElement\":[{\"@type\":\"ListItem\",\"position\":1,\"name\":\"Portada\",\"item\":\"https:\\\/\\\/exaudi.org\\\/es\\\/\"},{\"@type\":\"ListItem\",\"position\":2,\"name\":\"\u201cPara entrar en la vida de Dios, en la salvaci\u00f3n, hay que pasar a trav\u00e9s de \u00c9l\u201d\"}]},{\"@type\":\"WebSite\",\"@id\":\"https:\\\/\\\/exaudi.org\\\/#website\",\"url\":\"https:\\\/\\\/exaudi.org\\\/\",\"name\":\"Exaudi\",\"description\":\"News\",\"potentialAction\":[{\"@type\":\"SearchAction\",\"target\":{\"@type\":\"EntryPoint\",\"urlTemplate\":\"https:\\\/\\\/exaudi.org\\\/?s={search_term_string}\"},\"query-input\":{\"@type\":\"PropertyValueSpecification\",\"valueRequired\":true,\"valueName\":\"search_term_string\"}}],\"inLanguage\":\"es\"},{\"@type\":\"Person\",\"@id\":\"https:\\\/\\\/exaudi.org\\\/#\\\/schema\\\/person\\\/f5fc8f063065e38742da7afe15f25df7\",\"name\":\"Exaudi Redacci\u00f3n\",\"image\":{\"@type\":\"ImageObject\",\"inLanguage\":\"es\",\"@id\":\"https:\\\/\\\/secure.gravatar.com\\\/avatar\\\/fe0f6a059fb68d9b3e11bc5850dd4899b1c7492091a3cb6dd9b01b56ad828be2?s=96&d=mm&r=g\",\"url\":\"https:\\\/\\\/secure.gravatar.com\\\/avatar\\\/fe0f6a059fb68d9b3e11bc5850dd4899b1c7492091a3cb6dd9b01b56ad828be2?s=96&d=mm&r=g\",\"contentUrl\":\"https:\\\/\\\/secure.gravatar.com\\\/avatar\\\/fe0f6a059fb68d9b3e11bc5850dd4899b1c7492091a3cb6dd9b01b56ad828be2?s=96&d=mm&r=g\",\"caption\":\"Exaudi Redacci\u00f3n\"},\"description\":\"\u00bfQu\u00e9 es Exaudi News? Exaudi News es un medio de comunicaci\u00f3n cat\u00f3lico internacional que informa, forma y transforma, diariamente en espa\u00f1ol, ingl\u00e9s e italiano. A trav\u00e9s de noticias, art\u00edculos de an\u00e1lisis y transmisiones en directo de los eventos del Papa, Exaudi busca fortalecer la unidad de los cristianos y contribuir a la evangelizaci\u00f3n del mundo, siempre guiados por la doctrina social de la Iglesia. Trabajamos para acercar la verdad y los valores cristianos a cada rinc\u00f3n del planeta. \u00a1Ay\u00fadanos a transformar el mundo con Exaudi! En Exaudi creemos que la evangelizaci\u00f3n y la informaci\u00f3n de calidad pueden cambiar vidas. Para continuar con nuestra misi\u00f3n y expandir nuestro alcance, necesitamos tu ayuda. Adem\u00e1s, buscamos personas comprometidas que deseen unirse a nuestro equipo. Con tu apoyo, lograremos llegar a m\u00e1s personas, difundir el mensaje de Cristo y reforzar la unidad de los cristianos. \u00bfTe unes a nuestra misi\u00f3n? Para m\u00e1s informaci\u00f3n sobre c\u00f3mo colaborar, visita Exaudi.org\\\/es o cont\u00e1ctanos directamente: info@exaudi.org Exaudi: Informa, forma y transforma.\",\"sameAs\":[\"https:\\\/\\\/www.facebook.com\\\/ExaudiNoticias\\\/\",\"https:\\\/\\\/www.instagram.com\\\/exaudi_noticias\\\/\",\"https:\\\/\\\/x.com\\\/Exaudi_noticias\",\"https:\\\/\\\/www.youtube.com\\\/@exaudicatholicnews\"],\"url\":\"https:\\\/\\\/exaudi.org\\\/es\\\/author\\\/redaccionexaudi\\\/\"}]}<\/script>\n<!-- \/ Yoast SEO plugin. -->","yoast_head_json":{"title":"\u201cPara entrar en la vida de Dios, en la salvaci\u00f3n, hay que pasar a trav\u00e9s de \u00c9l\u201d &#8211; Exaudi","robots":{"index":"index","follow":"follow","max-snippet":"max-snippet:-1","max-image-preview":"max-image-preview:large","max-video-preview":"max-video-preview:-1"},"canonical":"https:\/\/exaudi.org\/es\/para-entrar-en-la-vida-de-dios-en-la-salvacion-hay-que-pasar-a-traves-de-el\/","og_locale":"es_ES","og_type":"article","og_title":"\u201cPara entrar en la vida de Dios, en la salvaci\u00f3n, hay que pasar a trav\u00e9s de \u00c9l\u201d &#8211; Exaudi","og_description":"Palabras del Santo Padre antes del \u00c1ngelus","og_url":"https:\/\/exaudi.org\/es\/para-entrar-en-la-vida-de-dios-en-la-salvacion-hay-que-pasar-a-traves-de-el\/","og_site_name":"Exaudi","article_publisher":"https:\/\/www.facebook.com\/ExaudiNews","article_author":"https:\/\/www.facebook.com\/ExaudiNoticias\/","article_published_time":"2022-08-21T10:59:19+00:00","article_modified_time":"2022-08-21T16:15:13+00:00","og_image":[{"width":2560,"height":1707,"url":"https:\/\/exaudi.org\/wp-content\/uploads\/2022\/08\/mt21082022115938_00005-scaled.jpg","type":"image\/jpeg"}],"author":"Exaudi Redacci\u00f3n","twitter_card":"summary_large_image","twitter_creator":"@Exaudi_noticias","twitter_site":"@Exaudi_News","twitter_misc":{"Escrito por":"Exaudi Redacci\u00f3n","Tiempo de lectura":"4 minutos"},"schema":{"@context":"https:\/\/schema.org","@graph":[{"@type":"Article","@id":"https:\/\/exaudi.org\/es\/para-entrar-en-la-vida-de-dios-en-la-salvacion-hay-que-pasar-a-traves-de-el\/#article","isPartOf":{"@id":"https:\/\/exaudi.org\/es\/para-entrar-en-la-vida-de-dios-en-la-salvacion-hay-que-pasar-a-traves-de-el\/"},"author":{"name":"Exaudi Redacci\u00f3n","@id":"https:\/\/exaudi.org\/#\/schema\/person\/f5fc8f063065e38742da7afe15f25df7"},"headline":"\u201cPara entrar en la vida de Dios, en la salvaci\u00f3n, hay que pasar a trav\u00e9s de \u00c9l\u201d","datePublished":"2022-08-21T10:59:19+00:00","dateModified":"2022-08-21T16:15:13+00:00","mainEntityOfPage":{"@id":"https:\/\/exaudi.org\/es\/para-entrar-en-la-vida-de-dios-en-la-salvacion-hay-que-pasar-a-traves-de-el\/"},"wordCount":832,"image":{"@id":"https:\/\/exaudi.org\/es\/para-entrar-en-la-vida-de-dios-en-la-salvacion-hay-que-pasar-a-traves-de-el\/#primaryimage"},"thumbnailUrl":"https:\/\/exaudi.org\/wp-content\/uploads\/2022\/08\/mt21082022115938_00005-scaled.jpg","keywords":["\u00c1ngelus 21 agosto 2022","Trending"],"articleSection":["\u00c1ngelus","Le\u00f3n XIV"],"inLanguage":"es"},{"@type":"WebPage","@id":"https:\/\/exaudi.org\/es\/para-entrar-en-la-vida-de-dios-en-la-salvacion-hay-que-pasar-a-traves-de-el\/","url":"https:\/\/exaudi.org\/es\/para-entrar-en-la-vida-de-dios-en-la-salvacion-hay-que-pasar-a-traves-de-el\/","name":"\u201cPara entrar en la vida de Dios, en la salvaci\u00f3n, hay que pasar a trav\u00e9s de \u00c9l\u201d &#8211; Exaudi","isPartOf":{"@id":"https:\/\/exaudi.org\/#website"},"primaryImageOfPage":{"@id":"https:\/\/exaudi.org\/es\/para-entrar-en-la-vida-de-dios-en-la-salvacion-hay-que-pasar-a-traves-de-el\/#primaryimage"},"image":{"@id":"https:\/\/exaudi.org\/es\/para-entrar-en-la-vida-de-dios-en-la-salvacion-hay-que-pasar-a-traves-de-el\/#primaryimage"},"thumbnailUrl":"https:\/\/exaudi.org\/wp-content\/uploads\/2022\/08\/mt21082022115938_00005-scaled.jpg","datePublished":"2022-08-21T10:59:19+00:00","dateModified":"2022-08-21T16:15:13+00:00","author":{"@id":"https:\/\/exaudi.org\/#\/schema\/person\/f5fc8f063065e38742da7afe15f25df7"},"breadcrumb":{"@id":"https:\/\/exaudi.org\/es\/para-entrar-en-la-vida-de-dios-en-la-salvacion-hay-que-pasar-a-traves-de-el\/#breadcrumb"},"inLanguage":"es","potentialAction":[{"@type":"ReadAction","target":["https:\/\/exaudi.org\/es\/para-entrar-en-la-vida-de-dios-en-la-salvacion-hay-que-pasar-a-traves-de-el\/"]}]},{"@type":"ImageObject","inLanguage":"es","@id":"https:\/\/exaudi.org\/es\/para-entrar-en-la-vida-de-dios-en-la-salvacion-hay-que-pasar-a-traves-de-el\/#primaryimage","url":"https:\/\/exaudi.org\/wp-content\/uploads\/2022\/08\/mt21082022115938_00005-scaled.jpg","contentUrl":"https:\/\/exaudi.org\/wp-content\/uploads\/2022\/08\/mt21082022115938_00005-scaled.jpg","width":2560,"height":1707,"caption":"\u00c1ngelus, 21 agosto 2022 \u00a9 Vatican Media"},{"@type":"BreadcrumbList","@id":"https:\/\/exaudi.org\/es\/para-entrar-en-la-vida-de-dios-en-la-salvacion-hay-que-pasar-a-traves-de-el\/#breadcrumb","itemListElement":[{"@type":"ListItem","position":1,"name":"Portada","item":"https:\/\/exaudi.org\/es\/"},{"@type":"ListItem","position":2,"name":"\u201cPara entrar en la vida de Dios, en la salvaci\u00f3n, hay que pasar a trav\u00e9s de \u00c9l\u201d"}]},{"@type":"WebSite","@id":"https:\/\/exaudi.org\/#website","url":"https:\/\/exaudi.org\/","name":"Exaudi","description":"News","potentialAction":[{"@type":"SearchAction","target":{"@type":"EntryPoint","urlTemplate":"https:\/\/exaudi.org\/?s={search_term_string}"},"query-input":{"@type":"PropertyValueSpecification","valueRequired":true,"valueName":"search_term_string"}}],"inLanguage":"es"},{"@type":"Person","@id":"https:\/\/exaudi.org\/#\/schema\/person\/f5fc8f063065e38742da7afe15f25df7","name":"Exaudi Redacci\u00f3n","image":{"@type":"ImageObject","inLanguage":"es","@id":"https:\/\/secure.gravatar.com\/avatar\/fe0f6a059fb68d9b3e11bc5850dd4899b1c7492091a3cb6dd9b01b56ad828be2?s=96&d=mm&r=g","url":"https:\/\/secure.gravatar.com\/avatar\/fe0f6a059fb68d9b3e11bc5850dd4899b1c7492091a3cb6dd9b01b56ad828be2?s=96&d=mm&r=g","contentUrl":"https:\/\/secure.gravatar.com\/avatar\/fe0f6a059fb68d9b3e11bc5850dd4899b1c7492091a3cb6dd9b01b56ad828be2?s=96&d=mm&r=g","caption":"Exaudi Redacci\u00f3n"},"description":"\u00bfQu\u00e9 es Exaudi News? Exaudi News es un medio de comunicaci\u00f3n cat\u00f3lico internacional que informa, forma y transforma, diariamente en espa\u00f1ol, ingl\u00e9s e italiano. A trav\u00e9s de noticias, art\u00edculos de an\u00e1lisis y transmisiones en directo de los eventos del Papa, Exaudi busca fortalecer la unidad de los cristianos y contribuir a la evangelizaci\u00f3n del mundo, siempre guiados por la doctrina social de la Iglesia. Trabajamos para acercar la verdad y los valores cristianos a cada rinc\u00f3n del planeta. \u00a1Ay\u00fadanos a transformar el mundo con Exaudi! En Exaudi creemos que la evangelizaci\u00f3n y la informaci\u00f3n de calidad pueden cambiar vidas. Para continuar con nuestra misi\u00f3n y expandir nuestro alcance, necesitamos tu ayuda. Adem\u00e1s, buscamos personas comprometidas que deseen unirse a nuestro equipo. Con tu apoyo, lograremos llegar a m\u00e1s personas, difundir el mensaje de Cristo y reforzar la unidad de los cristianos. \u00bfTe unes a nuestra misi\u00f3n? Para m\u00e1s informaci\u00f3n sobre c\u00f3mo colaborar, visita Exaudi.org\/es o cont\u00e1ctanos directamente: info@exaudi.org Exaudi: Informa, forma y transforma.","sameAs":["https:\/\/www.facebook.com\/ExaudiNoticias\/","https:\/\/www.instagram.com\/exaudi_noticias\/","https:\/\/x.com\/Exaudi_noticias","https:\/\/www.youtube.com\/@exaudicatholicnews"],"url":"https:\/\/exaudi.org\/es\/author\/redaccionexaudi\/"}]}},"jetpack_featured_media_url":"https:\/\/exaudi.org\/wp-content\/uploads\/2022\/08\/mt21082022115938_00005-scaled.jpg","jetpack_shortlink":"https:\/\/wp.me\/pgKjF2-fPu","_links":{"self":[{"href":"https:\/\/exaudi.org\/es\/wp-json\/wp\/v2\/posts\/60852","targetHints":{"allow":["GET"]}}],"collection":[{"href":"https:\/\/exaudi.org\/es\/wp-json\/wp\/v2\/posts"}],"about":[{"href":"https:\/\/exaudi.org\/es\/wp-json\/wp\/v2\/types\/post"}],"author":[{"embeddable":true,"href":"https:\/\/exaudi.org\/es\/wp-json\/wp\/v2\/users\/15"}],"replies":[{"embeddable":true,"href":"https:\/\/exaudi.org\/es\/wp-json\/wp\/v2\/comments?post=60852"}],"version-history":[{"count":0,"href":"https:\/\/exaudi.org\/es\/wp-json\/wp\/v2\/posts\/60852\/revisions"}],"wp:featuredmedia":[{"embeddable":true,"href":"https:\/\/exaudi.org\/es\/wp-json\/wp\/v2\/media\/60871"}],"wp:attachment":[{"href":"https:\/\/exaudi.org\/es\/wp-json\/wp\/v2\/media?parent=60852"}],"wp:term":[{"taxonomy":"category","embeddable":true,"href":"https:\/\/exaudi.org\/es\/wp-json\/wp\/v2\/categories?post=60852"},{"taxonomy":"post_tag","embeddable":true,"href":"https:\/\/exaudi.org\/es\/wp-json\/wp\/v2\/tags?post=60852"}],"curies":[{"name":"wp","href":"https:\/\/api.w.org\/{rel}","templated":true}]}}