{"id":60845,"date":"2022-08-21T10:06:12","date_gmt":"2022-08-21T08:06:12","guid":{"rendered":"https:\/\/exaudi.org\/?p=60845"},"modified":"2022-08-21T10:16:09","modified_gmt":"2022-08-21T08:16:09","slug":"padres-de-schoenstatt-nueva-direccion-general","status":"publish","type":"post","link":"https:\/\/exaudi.org\/es\/padres-de-schoenstatt-nueva-direccion-general\/","title":{"rendered":"Padres de Schoenstatt: Nueva Direcci\u00f3n General"},"content":{"rendered":"<p>El 6\u00b0 Cap\u00edtulo General del <a href=\"http:\/\/www.schoenstatt-fathers.org\/schoenstatt-fathers\/es\/about-us\/historia\" target=\"_blank\" rel=\"noopener\">Instituto Secular Padres de Schoenstatt<\/a>, reunido desde el 3 de agosto de 2022, ha elegido a la nueva Direcci\u00f3n General de la Comunidad para los pr\u00f3ximos seis a\u00f1os, la cual ha tomado posesi\u00f3n de su cargo inmediatamente, informa una nota de de los Padres de Schoenstatt.<\/p>\n<ul>\n<li>Superior general: P. Alexandre Awi Mello (Brasil)<\/li>\n<li>Primer consejero: P. Ignacio Camacho (Chile)<\/li>\n<li>Encargado general de las Comunidades Libres: P. Francisco da Cruz Sobral (Portugal)<\/li>\n<li>Consejero: P. Joy Puthussery (India)<\/li>\n<li>Consejero: P. Arkadiusz Sosna (Polonia)<\/li>\n<\/ul>\n<figure id=\"attachment_60849\" aria-describedby=\"caption-attachment-60849\" style=\"width: 300px\" class=\"wp-caption alignleft\"><img loading=\"lazy\" decoding=\"async\" class=\"size-medium wp-image-60849\" src=\"https:\/\/exaudi.org\/wp-content\/uploads\/2022\/08\/WhatsApp-Image-2022-08-21-at-9.28.33-AM-2-300x199.jpeg\" alt=\"\" width=\"300\" height=\"199\" srcset=\"https:\/\/exaudi.org\/wp-content\/uploads\/2022\/08\/WhatsApp-Image-2022-08-21-at-9.28.33-AM-2-300x199.jpeg 300w, https:\/\/exaudi.org\/wp-content\/uploads\/2022\/08\/WhatsApp-Image-2022-08-21-at-9.28.33-AM-2-1024x680.jpeg 1024w, https:\/\/exaudi.org\/wp-content\/uploads\/2022\/08\/WhatsApp-Image-2022-08-21-at-9.28.33-AM-2-770x512.jpeg 770w, https:\/\/exaudi.org\/wp-content\/uploads\/2022\/08\/WhatsApp-Image-2022-08-21-at-9.28.33-AM-2-1536x1020.jpeg 1536w, https:\/\/exaudi.org\/wp-content\/uploads\/2022\/08\/WhatsApp-Image-2022-08-21-at-9.28.33-AM-2-360x240.jpeg?crop=1 360w, https:\/\/exaudi.org\/wp-content\/uploads\/2022\/08\/WhatsApp-Image-2022-08-21-at-9.28.33-AM-2-500x332.jpeg 500w, https:\/\/exaudi.org\/wp-content\/uploads\/2022\/08\/WhatsApp-Image-2022-08-21-at-9.28.33-AM-2-1155x770.jpeg 1155w, https:\/\/exaudi.org\/wp-content\/uploads\/2022\/08\/WhatsApp-Image-2022-08-21-at-9.28.33-AM-2-370x247.jpeg 370w, https:\/\/exaudi.org\/wp-content\/uploads\/2022\/08\/WhatsApp-Image-2022-08-21-at-9.28.33-AM-2-293x195.jpeg 293w, https:\/\/exaudi.org\/wp-content\/uploads\/2022\/08\/WhatsApp-Image-2022-08-21-at-9.28.33-AM-2-1400x930.jpeg 1400w, https:\/\/exaudi.org\/wp-content\/uploads\/2022\/08\/WhatsApp-Image-2022-08-21-at-9.28.33-AM-2-120x80.jpeg 120w, https:\/\/exaudi.org\/wp-content\/uploads\/2022\/08\/WhatsApp-Image-2022-08-21-at-9.28.33-AM-2-240x160.jpeg 240w, https:\/\/exaudi.org\/wp-content\/uploads\/2022\/08\/WhatsApp-Image-2022-08-21-at-9.28.33-AM-2-390x259.jpeg 390w, https:\/\/exaudi.org\/wp-content\/uploads\/2022\/08\/WhatsApp-Image-2022-08-21-at-9.28.33-AM-2.jpeg 1600w\" sizes=\"auto, (max-width: 300px) 100vw, 300px\" \/><figcaption id=\"caption-attachment-60849\" class=\"wp-caption-text\">nuevo superior general, P. Alexandre Awi Mello \u00a9 Schoenstatt International<\/figcaption><\/figure>\n<p>El nuevo superior general, <a href=\"https:\/\/exaudi.org\/es\/p-awi-mello-jovenes-ahora-dios-y-fuerza-iglesia\/\" target=\"_blank\" rel=\"noopener\">P. Alexandre Awi Mello,<\/a> que es el secretario del Dicasterio para los Laicos, la Familia y la Vida desde el a\u00f1o 2017, continuar\u00e1 todav\u00eda en dicho cargo durante los pr\u00f3ximos meses.<\/p>\n<p>El 1\u00b0 de septiembre, la Direcci\u00f3n General, junto con todos los Padres Capitulares, ser\u00e1 recibida en audiencia por el Santo Padre.<\/p>\n<p>Desde el Santuario Original de la Madre Tres Veces Admirable de Schoenstatt, agradecemos a toda la Familia de Schoenstatt y amigos del Movimiento que nos apoyan con su cercan\u00eda y oraci\u00f3n, concluye el texto de la nota de los de los Padres de Schoenstatt.<\/p>\n","protected":false},"excerpt":{"rendered":"<p>P. Alexandre Awi Mello, nuevo superior general<\/p>\n","protected":false},"author":15,"featured_media":60846,"comment_status":"closed","ping_status":"closed","sticky":false,"template":"","format":"standard","meta":{"_acf_changed":false,"_crdt_document":"","inline_featured_image":false,"footnotes":""},"categories":[74],"tags":[3833,6761,3832,4953],"class_list":["post-60845","post","type-post","status-publish","format-standard","has-post-thumbnail","hentry","category-iglesia-y-mundo","tag-direccion-general","tag-padres-de-schoenstatt","tag-schoenstatt","tag-trending-es"],"acf":[],"yoast_head":"<!-- This site is optimized with the Yoast SEO plugin v27.4 - https:\/\/yoast.com\/product\/yoast-seo-wordpress\/ -->\n<title>Padres de Schoenstatt: Nueva Direcci\u00f3n General &#8211; Exaudi<\/title>\n<meta name=\"robots\" content=\"index, follow, max-snippet:-1, max-image-preview:large, max-video-preview:-1\" \/>\n<link rel=\"canonical\" href=\"https:\/\/exaudi.org\/es\/padres-de-schoenstatt-nueva-direccion-general\/\" \/>\n<meta property=\"og:locale\" content=\"es_ES\" \/>\n<meta property=\"og:type\" content=\"article\" \/>\n<meta property=\"og:title\" content=\"Padres de Schoenstatt: Nueva Direcci\u00f3n General &#8211; Exaudi\" \/>\n<meta property=\"og:description\" content=\"P. Alexandre Awi Mello, nuevo superior general\" \/>\n<meta property=\"og:url\" content=\"https:\/\/exaudi.org\/es\/padres-de-schoenstatt-nueva-direccion-general\/\" \/>\n<meta property=\"og:site_name\" content=\"Exaudi\" \/>\n<meta property=\"article:publisher\" content=\"https:\/\/www.facebook.com\/ExaudiNews\" \/>\n<meta property=\"article:author\" content=\"https:\/\/www.facebook.com\/ExaudiNoticias\/\" \/>\n<meta property=\"article:published_time\" content=\"2022-08-21T08:06:12+00:00\" \/>\n<meta property=\"article:modified_time\" content=\"2022-08-21T08:16:09+00:00\" \/>\n<meta property=\"og:image\" content=\"https:\/\/exaudi.org\/wp-content\/uploads\/2022\/08\/WhatsApp-Image-2022-08-21-at-9.28.33-AM.jpeg\" \/>\n\t<meta property=\"og:image:width\" content=\"1600\" \/>\n\t<meta property=\"og:image:height\" content=\"899\" \/>\n\t<meta property=\"og:image:type\" content=\"image\/jpeg\" \/>\n<meta name=\"author\" content=\"Exaudi Redacci\u00f3n\" \/>\n<meta name=\"twitter:card\" content=\"summary_large_image\" \/>\n<meta name=\"twitter:creator\" content=\"@Exaudi_noticias\" \/>\n<meta name=\"twitter:site\" content=\"@Exaudi_News\" \/>\n<meta name=\"twitter:label1\" content=\"Escrito por\" \/>\n\t<meta name=\"twitter:data1\" content=\"Exaudi Redacci\u00f3n\" \/>\n\t<meta name=\"twitter:label2\" content=\"Tiempo de lectura\" \/>\n\t<meta name=\"twitter:data2\" content=\"1 minuto\" \/>\n<script type=\"application\/ld+json\" class=\"yoast-schema-graph\">{\"@context\":\"https:\\\/\\\/schema.org\",\"@graph\":[{\"@type\":\"Article\",\"@id\":\"https:\\\/\\\/exaudi.org\\\/es\\\/padres-de-schoenstatt-nueva-direccion-general\\\/#article\",\"isPartOf\":{\"@id\":\"https:\\\/\\\/exaudi.org\\\/es\\\/padres-de-schoenstatt-nueva-direccion-general\\\/\"},\"author\":{\"name\":\"Exaudi Redacci\u00f3n\",\"@id\":\"https:\\\/\\\/exaudi.org\\\/#\\\/schema\\\/person\\\/f5fc8f063065e38742da7afe15f25df7\"},\"headline\":\"Padres de Schoenstatt: Nueva Direcci\u00f3n General\",\"datePublished\":\"2022-08-21T08:06:12+00:00\",\"dateModified\":\"2022-08-21T08:16:09+00:00\",\"mainEntityOfPage\":{\"@id\":\"https:\\\/\\\/exaudi.org\\\/es\\\/padres-de-schoenstatt-nueva-direccion-general\\\/\"},\"wordCount\":215,\"image\":{\"@id\":\"https:\\\/\\\/exaudi.org\\\/es\\\/padres-de-schoenstatt-nueva-direccion-general\\\/#primaryimage\"},\"thumbnailUrl\":\"https:\\\/\\\/exaudi.org\\\/wp-content\\\/uploads\\\/2022\\\/08\\\/WhatsApp-Image-2022-08-21-at-9.28.33-AM.jpeg\",\"keywords\":[\"Direcci\u00f3n general\",\"Padres de Schoenstatt\",\"Schoenstatt\",\"Trending\"],\"articleSection\":[\"Iglesia y Mundo\"],\"inLanguage\":\"es\"},{\"@type\":\"WebPage\",\"@id\":\"https:\\\/\\\/exaudi.org\\\/es\\\/padres-de-schoenstatt-nueva-direccion-general\\\/\",\"url\":\"https:\\\/\\\/exaudi.org\\\/es\\\/padres-de-schoenstatt-nueva-direccion-general\\\/\",\"name\":\"Padres de Schoenstatt: Nueva Direcci\u00f3n General &#8211; Exaudi\",\"isPartOf\":{\"@id\":\"https:\\\/\\\/exaudi.org\\\/#website\"},\"primaryImageOfPage\":{\"@id\":\"https:\\\/\\\/exaudi.org\\\/es\\\/padres-de-schoenstatt-nueva-direccion-general\\\/#primaryimage\"},\"image\":{\"@id\":\"https:\\\/\\\/exaudi.org\\\/es\\\/padres-de-schoenstatt-nueva-direccion-general\\\/#primaryimage\"},\"thumbnailUrl\":\"https:\\\/\\\/exaudi.org\\\/wp-content\\\/uploads\\\/2022\\\/08\\\/WhatsApp-Image-2022-08-21-at-9.28.33-AM.jpeg\",\"datePublished\":\"2022-08-21T08:06:12+00:00\",\"dateModified\":\"2022-08-21T08:16:09+00:00\",\"author\":{\"@id\":\"https:\\\/\\\/exaudi.org\\\/#\\\/schema\\\/person\\\/f5fc8f063065e38742da7afe15f25df7\"},\"breadcrumb\":{\"@id\":\"https:\\\/\\\/exaudi.org\\\/es\\\/padres-de-schoenstatt-nueva-direccion-general\\\/#breadcrumb\"},\"inLanguage\":\"es\",\"potentialAction\":[{\"@type\":\"ReadAction\",\"target\":[\"https:\\\/\\\/exaudi.org\\\/es\\\/padres-de-schoenstatt-nueva-direccion-general\\\/\"]}]},{\"@type\":\"ImageObject\",\"inLanguage\":\"es\",\"@id\":\"https:\\\/\\\/exaudi.org\\\/es\\\/padres-de-schoenstatt-nueva-direccion-general\\\/#primaryimage\",\"url\":\"https:\\\/\\\/exaudi.org\\\/wp-content\\\/uploads\\\/2022\\\/08\\\/WhatsApp-Image-2022-08-21-at-9.28.33-AM.jpeg\",\"contentUrl\":\"https:\\\/\\\/exaudi.org\\\/wp-content\\\/uploads\\\/2022\\\/08\\\/WhatsApp-Image-2022-08-21-at-9.28.33-AM.jpeg\",\"width\":1600,\"height\":899,\"caption\":\"Nueva Direcci\u00f3n General los Padres de Schoenstatt \u00a9 Schoenstatt International\"},{\"@type\":\"BreadcrumbList\",\"@id\":\"https:\\\/\\\/exaudi.org\\\/es\\\/padres-de-schoenstatt-nueva-direccion-general\\\/#breadcrumb\",\"itemListElement\":[{\"@type\":\"ListItem\",\"position\":1,\"name\":\"Portada\",\"item\":\"https:\\\/\\\/exaudi.org\\\/es\\\/\"},{\"@type\":\"ListItem\",\"position\":2,\"name\":\"Padres de Schoenstatt: Nueva Direcci\u00f3n General\"}]},{\"@type\":\"WebSite\",\"@id\":\"https:\\\/\\\/exaudi.org\\\/#website\",\"url\":\"https:\\\/\\\/exaudi.org\\\/\",\"name\":\"Exaudi\",\"description\":\"News\",\"potentialAction\":[{\"@type\":\"SearchAction\",\"target\":{\"@type\":\"EntryPoint\",\"urlTemplate\":\"https:\\\/\\\/exaudi.org\\\/?s={search_term_string}\"},\"query-input\":{\"@type\":\"PropertyValueSpecification\",\"valueRequired\":true,\"valueName\":\"search_term_string\"}}],\"inLanguage\":\"es\"},{\"@type\":\"Person\",\"@id\":\"https:\\\/\\\/exaudi.org\\\/#\\\/schema\\\/person\\\/f5fc8f063065e38742da7afe15f25df7\",\"name\":\"Exaudi Redacci\u00f3n\",\"image\":{\"@type\":\"ImageObject\",\"inLanguage\":\"es\",\"@id\":\"https:\\\/\\\/secure.gravatar.com\\\/avatar\\\/fe0f6a059fb68d9b3e11bc5850dd4899b1c7492091a3cb6dd9b01b56ad828be2?s=96&d=mm&r=g\",\"url\":\"https:\\\/\\\/secure.gravatar.com\\\/avatar\\\/fe0f6a059fb68d9b3e11bc5850dd4899b1c7492091a3cb6dd9b01b56ad828be2?s=96&d=mm&r=g\",\"contentUrl\":\"https:\\\/\\\/secure.gravatar.com\\\/avatar\\\/fe0f6a059fb68d9b3e11bc5850dd4899b1c7492091a3cb6dd9b01b56ad828be2?s=96&d=mm&r=g\",\"caption\":\"Exaudi Redacci\u00f3n\"},\"description\":\"\u00bfQu\u00e9 es Exaudi News? Exaudi News es un medio de comunicaci\u00f3n cat\u00f3lico internacional que informa, forma y transforma, diariamente en espa\u00f1ol, ingl\u00e9s e italiano. A trav\u00e9s de noticias, art\u00edculos de an\u00e1lisis y transmisiones en directo de los eventos del Papa, Exaudi busca fortalecer la unidad de los cristianos y contribuir a la evangelizaci\u00f3n del mundo, siempre guiados por la doctrina social de la Iglesia. Trabajamos para acercar la verdad y los valores cristianos a cada rinc\u00f3n del planeta. \u00a1Ay\u00fadanos a transformar el mundo con Exaudi! En Exaudi creemos que la evangelizaci\u00f3n y la informaci\u00f3n de calidad pueden cambiar vidas. Para continuar con nuestra misi\u00f3n y expandir nuestro alcance, necesitamos tu ayuda. Adem\u00e1s, buscamos personas comprometidas que deseen unirse a nuestro equipo. Con tu apoyo, lograremos llegar a m\u00e1s personas, difundir el mensaje de Cristo y reforzar la unidad de los cristianos. \u00bfTe unes a nuestra misi\u00f3n? Para m\u00e1s informaci\u00f3n sobre c\u00f3mo colaborar, visita Exaudi.org\\\/es o cont\u00e1ctanos directamente: info@exaudi.org Exaudi: Informa, forma y transforma.\",\"sameAs\":[\"https:\\\/\\\/www.facebook.com\\\/ExaudiNoticias\\\/\",\"https:\\\/\\\/www.instagram.com\\\/exaudi_noticias\\\/\",\"https:\\\/\\\/x.com\\\/Exaudi_noticias\",\"https:\\\/\\\/www.youtube.com\\\/@exaudicatholicnews\"],\"url\":\"https:\\\/\\\/exaudi.org\\\/es\\\/author\\\/redaccionexaudi\\\/\"}]}<\/script>\n<!-- \/ Yoast SEO plugin. -->","yoast_head_json":{"title":"Padres de Schoenstatt: Nueva Direcci\u00f3n General &#8211; Exaudi","robots":{"index":"index","follow":"follow","max-snippet":"max-snippet:-1","max-image-preview":"max-image-preview:large","max-video-preview":"max-video-preview:-1"},"canonical":"https:\/\/exaudi.org\/es\/padres-de-schoenstatt-nueva-direccion-general\/","og_locale":"es_ES","og_type":"article","og_title":"Padres de Schoenstatt: Nueva Direcci\u00f3n General &#8211; Exaudi","og_description":"P. Alexandre Awi Mello, nuevo superior general","og_url":"https:\/\/exaudi.org\/es\/padres-de-schoenstatt-nueva-direccion-general\/","og_site_name":"Exaudi","article_publisher":"https:\/\/www.facebook.com\/ExaudiNews","article_author":"https:\/\/www.facebook.com\/ExaudiNoticias\/","article_published_time":"2022-08-21T08:06:12+00:00","article_modified_time":"2022-08-21T08:16:09+00:00","og_image":[{"width":1600,"height":899,"url":"https:\/\/exaudi.org\/wp-content\/uploads\/2022\/08\/WhatsApp-Image-2022-08-21-at-9.28.33-AM.jpeg","type":"image\/jpeg"}],"author":"Exaudi Redacci\u00f3n","twitter_card":"summary_large_image","twitter_creator":"@Exaudi_noticias","twitter_site":"@Exaudi_News","twitter_misc":{"Escrito por":"Exaudi Redacci\u00f3n","Tiempo de lectura":"1 minuto"},"schema":{"@context":"https:\/\/schema.org","@graph":[{"@type":"Article","@id":"https:\/\/exaudi.org\/es\/padres-de-schoenstatt-nueva-direccion-general\/#article","isPartOf":{"@id":"https:\/\/exaudi.org\/es\/padres-de-schoenstatt-nueva-direccion-general\/"},"author":{"name":"Exaudi Redacci\u00f3n","@id":"https:\/\/exaudi.org\/#\/schema\/person\/f5fc8f063065e38742da7afe15f25df7"},"headline":"Padres de Schoenstatt: Nueva Direcci\u00f3n General","datePublished":"2022-08-21T08:06:12+00:00","dateModified":"2022-08-21T08:16:09+00:00","mainEntityOfPage":{"@id":"https:\/\/exaudi.org\/es\/padres-de-schoenstatt-nueva-direccion-general\/"},"wordCount":215,"image":{"@id":"https:\/\/exaudi.org\/es\/padres-de-schoenstatt-nueva-direccion-general\/#primaryimage"},"thumbnailUrl":"https:\/\/exaudi.org\/wp-content\/uploads\/2022\/08\/WhatsApp-Image-2022-08-21-at-9.28.33-AM.jpeg","keywords":["Direcci\u00f3n general","Padres de Schoenstatt","Schoenstatt","Trending"],"articleSection":["Iglesia y Mundo"],"inLanguage":"es"},{"@type":"WebPage","@id":"https:\/\/exaudi.org\/es\/padres-de-schoenstatt-nueva-direccion-general\/","url":"https:\/\/exaudi.org\/es\/padres-de-schoenstatt-nueva-direccion-general\/","name":"Padres de Schoenstatt: Nueva Direcci\u00f3n General &#8211; Exaudi","isPartOf":{"@id":"https:\/\/exaudi.org\/#website"},"primaryImageOfPage":{"@id":"https:\/\/exaudi.org\/es\/padres-de-schoenstatt-nueva-direccion-general\/#primaryimage"},"image":{"@id":"https:\/\/exaudi.org\/es\/padres-de-schoenstatt-nueva-direccion-general\/#primaryimage"},"thumbnailUrl":"https:\/\/exaudi.org\/wp-content\/uploads\/2022\/08\/WhatsApp-Image-2022-08-21-at-9.28.33-AM.jpeg","datePublished":"2022-08-21T08:06:12+00:00","dateModified":"2022-08-21T08:16:09+00:00","author":{"@id":"https:\/\/exaudi.org\/#\/schema\/person\/f5fc8f063065e38742da7afe15f25df7"},"breadcrumb":{"@id":"https:\/\/exaudi.org\/es\/padres-de-schoenstatt-nueva-direccion-general\/#breadcrumb"},"inLanguage":"es","potentialAction":[{"@type":"ReadAction","target":["https:\/\/exaudi.org\/es\/padres-de-schoenstatt-nueva-direccion-general\/"]}]},{"@type":"ImageObject","inLanguage":"es","@id":"https:\/\/exaudi.org\/es\/padres-de-schoenstatt-nueva-direccion-general\/#primaryimage","url":"https:\/\/exaudi.org\/wp-content\/uploads\/2022\/08\/WhatsApp-Image-2022-08-21-at-9.28.33-AM.jpeg","contentUrl":"https:\/\/exaudi.org\/wp-content\/uploads\/2022\/08\/WhatsApp-Image-2022-08-21-at-9.28.33-AM.jpeg","width":1600,"height":899,"caption":"Nueva Direcci\u00f3n General los Padres de Schoenstatt \u00a9 Schoenstatt International"},{"@type":"BreadcrumbList","@id":"https:\/\/exaudi.org\/es\/padres-de-schoenstatt-nueva-direccion-general\/#breadcrumb","itemListElement":[{"@type":"ListItem","position":1,"name":"Portada","item":"https:\/\/exaudi.org\/es\/"},{"@type":"ListItem","position":2,"name":"Padres de Schoenstatt: Nueva Direcci\u00f3n General"}]},{"@type":"WebSite","@id":"https:\/\/exaudi.org\/#website","url":"https:\/\/exaudi.org\/","name":"Exaudi","description":"News","potentialAction":[{"@type":"SearchAction","target":{"@type":"EntryPoint","urlTemplate":"https:\/\/exaudi.org\/?s={search_term_string}"},"query-input":{"@type":"PropertyValueSpecification","valueRequired":true,"valueName":"search_term_string"}}],"inLanguage":"es"},{"@type":"Person","@id":"https:\/\/exaudi.org\/#\/schema\/person\/f5fc8f063065e38742da7afe15f25df7","name":"Exaudi Redacci\u00f3n","image":{"@type":"ImageObject","inLanguage":"es","@id":"https:\/\/secure.gravatar.com\/avatar\/fe0f6a059fb68d9b3e11bc5850dd4899b1c7492091a3cb6dd9b01b56ad828be2?s=96&d=mm&r=g","url":"https:\/\/secure.gravatar.com\/avatar\/fe0f6a059fb68d9b3e11bc5850dd4899b1c7492091a3cb6dd9b01b56ad828be2?s=96&d=mm&r=g","contentUrl":"https:\/\/secure.gravatar.com\/avatar\/fe0f6a059fb68d9b3e11bc5850dd4899b1c7492091a3cb6dd9b01b56ad828be2?s=96&d=mm&r=g","caption":"Exaudi Redacci\u00f3n"},"description":"\u00bfQu\u00e9 es Exaudi News? Exaudi News es un medio de comunicaci\u00f3n cat\u00f3lico internacional que informa, forma y transforma, diariamente en espa\u00f1ol, ingl\u00e9s e italiano. A trav\u00e9s de noticias, art\u00edculos de an\u00e1lisis y transmisiones en directo de los eventos del Papa, Exaudi busca fortalecer la unidad de los cristianos y contribuir a la evangelizaci\u00f3n del mundo, siempre guiados por la doctrina social de la Iglesia. Trabajamos para acercar la verdad y los valores cristianos a cada rinc\u00f3n del planeta. \u00a1Ay\u00fadanos a transformar el mundo con Exaudi! En Exaudi creemos que la evangelizaci\u00f3n y la informaci\u00f3n de calidad pueden cambiar vidas. Para continuar con nuestra misi\u00f3n y expandir nuestro alcance, necesitamos tu ayuda. Adem\u00e1s, buscamos personas comprometidas que deseen unirse a nuestro equipo. Con tu apoyo, lograremos llegar a m\u00e1s personas, difundir el mensaje de Cristo y reforzar la unidad de los cristianos. \u00bfTe unes a nuestra misi\u00f3n? Para m\u00e1s informaci\u00f3n sobre c\u00f3mo colaborar, visita Exaudi.org\/es o cont\u00e1ctanos directamente: info@exaudi.org Exaudi: Informa, forma y transforma.","sameAs":["https:\/\/www.facebook.com\/ExaudiNoticias\/","https:\/\/www.instagram.com\/exaudi_noticias\/","https:\/\/x.com\/Exaudi_noticias","https:\/\/www.youtube.com\/@exaudicatholicnews"],"url":"https:\/\/exaudi.org\/es\/author\/redaccionexaudi\/"}]}},"jetpack_featured_media_url":"https:\/\/exaudi.org\/wp-content\/uploads\/2022\/08\/WhatsApp-Image-2022-08-21-at-9.28.33-AM.jpeg","jetpack_shortlink":"https:\/\/wp.me\/pgKjF2-fPn","_links":{"self":[{"href":"https:\/\/exaudi.org\/es\/wp-json\/wp\/v2\/posts\/60845","targetHints":{"allow":["GET"]}}],"collection":[{"href":"https:\/\/exaudi.org\/es\/wp-json\/wp\/v2\/posts"}],"about":[{"href":"https:\/\/exaudi.org\/es\/wp-json\/wp\/v2\/types\/post"}],"author":[{"embeddable":true,"href":"https:\/\/exaudi.org\/es\/wp-json\/wp\/v2\/users\/15"}],"replies":[{"embeddable":true,"href":"https:\/\/exaudi.org\/es\/wp-json\/wp\/v2\/comments?post=60845"}],"version-history":[{"count":0,"href":"https:\/\/exaudi.org\/es\/wp-json\/wp\/v2\/posts\/60845\/revisions"}],"wp:featuredmedia":[{"embeddable":true,"href":"https:\/\/exaudi.org\/es\/wp-json\/wp\/v2\/media\/60846"}],"wp:attachment":[{"href":"https:\/\/exaudi.org\/es\/wp-json\/wp\/v2\/media?parent=60845"}],"wp:term":[{"taxonomy":"category","embeddable":true,"href":"https:\/\/exaudi.org\/es\/wp-json\/wp\/v2\/categories?post=60845"},{"taxonomy":"post_tag","embeddable":true,"href":"https:\/\/exaudi.org\/es\/wp-json\/wp\/v2\/tags?post=60845"}],"curies":[{"name":"wp","href":"https:\/\/api.w.org\/{rel}","templated":true}]}}