{"id":60825,"date":"2022-08-20T10:19:59","date_gmt":"2022-08-20T08:19:59","guid":{"rendered":"https:\/\/exaudi.org\/?p=60825"},"modified":"2022-08-20T12:27:48","modified_gmt":"2022-08-20T10:27:48","slug":"iglesia-perseguida-en-nicaragua","status":"publish","type":"post","link":"https:\/\/exaudi.org\/es\/iglesia-perseguida-en-nicaragua\/","title":{"rendered":"Iglesia perseguida en Nicaragua"},"content":{"rendered":"<p style=\"text-align: left\"><span style=\"font-weight: 400\">Ser cristiano sigue siendo motivo de persecuci\u00f3n en pleno siglo 21. No me refiero solo a pa\u00edses con teocracias isl\u00e1micas. Me refiero a Latinoam\u00e9rica, la regi\u00f3n m\u00e1s cristiana del mundo, donde el r\u00e9gimen de Daniel Ortega en Nicaragua dirige una brutal represi\u00f3n contra la Iglesia Cat\u00f3lica, violando la m\u00e1s elemental libertad religosa y prohibiendo incluso la celebraci\u00f3n de misas. La gota que derrama el vaso ha sido el reciente secuestro, este 19 de agosto en la madrugada, de Monse\u00f1or Rolando \u00c1lvarez y m\u00e1s religiosos que se hallaban en la Curia Arzobispal.<\/span><\/p>\n<p><span style=\"font-weight: 400\">Esto, por supuesto, nos duele especialmente a los cristianos y merece la m\u00e1s en\u00e9rgica protesta de todos los l\u00edderes de la Iglesia Cat\u00f3lica. Con ello no solo me refiero a los cl\u00e9rigos, sino a los laicos que formamos parte de la Iglesia y que, desde distintas posiciones de liderazgo en la sociedad, no podemos ser indiferentes ante el dolor que sufre la Iglesia perseguida de Nicaragua. Quienes, por c\u00e1lculos mezquinos o cualquier otro motivo, miran a otro lado ante esta situaci\u00f3n de flagrante injusticia, se vuelven c\u00f3mplices de la persecuci\u00f3n. Ya lo dec\u00eda en su carta el ap\u00f3stol Santiago: \u201cQuien sabe hacer el bien y no lo hace, comete pecado\u201d (4,17).<\/span><\/p>\n<p><span style=\"font-weight: 400\">Pero no solo los cristianos debemos alzar la voz. La libertad religiosa es un derecho fundamental de todo ser humano. Es estrecha hermana de la libertad de expresi\u00f3n y de pensamiento: sea que la compartamos o no, la fe es una de las expresiones m\u00e1s \u00edntimas y universales del esp\u00edritu humano. La libertad religiosa forma parte de nuestra dignidad humana y cobija no solo al cristiano, sino a la profesi\u00f3n de cualquier fe o a la decisi\u00f3n de no profesar ninguna. Los modernos estados laicos no deben confundirse con estados anti-religiosos. Estado laico es aquel que permite libremente cualquier fe, sin que nadie sea perseguido por ella. Bien entendido, entonces, el Estado laico es el garante del ejercicio de la libertad religiosa para todos los credos.<\/span><\/p>\n<p><span style=\"font-weight: 400\">Por tanto, la persecuci\u00f3n del r\u00e9gimen de Daniel Ortega contra la Iglesia en Nicaragua es un ataque a la libertad y la democracia en el coraz\u00f3n de las Am\u00e9ricas. Al atentar contra la libertad de los cat\u00f3licos para practicar su fe, est\u00e1 en riesgo la libertad de todo ser humano en Nicaragua para expresar sus m\u00e1s \u00edntimas convicciones, sean las que fueren.<\/span><\/p>\n<p><span style=\"font-weight: 400\">Es ir\u00f3nico que esta lamentable represi\u00f3n ocurra justo en Nicaragua, la tierra del eterno Rub\u00e9n Dar\u00edo, quien defini\u00f3 el alma cultural de Am\u00e9rica Latina por su identidad cristiana, ind\u00edgena e hispana, cuando describ\u00eda a la \u201cAm\u00e9rica ingenua que tiene sangre ind\u00edgena, que a\u00fan reza a Jesucristo y a\u00fan habla en espa\u00f1ol\u201d. Acaso hoy, al contemplar la barbarie de su compatriota Ortega, le recordar\u00eda esta advertencia prof\u00e9tica de sus versos: \u201c\u00a1Cristo resurge, hace la luz del caos \/ y tiene la corona de la Vida!\u201d<\/span><\/p>\n<p><span style=\"font-weight: 400\">Desde la Academia de L\u00edderes Cat\u00f3licos, condenamos la represi\u00f3n contra los cristianos y oramos por nuestros hermanos de la Iglesia perseguida en Nicaragua, que, al igual que los disc\u00edpulos de Jes\u00fas en los primeros siglos, hoy arriesgan su vida y su libertad por proclamar su fe. Y, como latinoamericanos, nos unimos para exigir respeto a las libertades de religi\u00f3n, expresi\u00f3n y pensamiento, que son vitales para la democracia y la prosperidad de nuestra Am\u00e9rica.<\/span><\/p>\n<p><span style=\"font-weight: 400\">H\u00e9ctor Y\u00e9pez Mart\u00ednez. Director de la Academia Ecuatoriana de L\u00edderes Cat\u00f3licos. Profesor y Director del Centro de Arbitraje y Mediaci\u00f3n \u2013 Universidad Esp\u00edritu Santo<\/span><\/p>\n","protected":false},"excerpt":{"rendered":"<p>Nos unimos para exigir respeto a las libertades de religi\u00f3n, expresi\u00f3n y pensamiento<\/p>\n","protected":false},"author":107,"featured_media":60826,"comment_status":"closed","ping_status":"closed","sticky":false,"template":"","format":"standard","meta":{"_acf_changed":false,"_crdt_document":"","inline_featured_image":false,"footnotes":""},"categories":[130],"tags":[6758,1834,1269,4953],"class_list":["post-60825","post","type-post","status-publish","format-standard","has-post-thumbnail","hentry","category-voces","tag-iglesia-perseguida","tag-libertad-religiosa","tag-nicaragua","tag-trending-es"],"acf":[],"yoast_head":"<!-- This site is optimized with the Yoast SEO plugin v27.5 - https:\/\/yoast.com\/product\/yoast-seo-wordpress\/ -->\n<title>Iglesia perseguida en Nicaragua &#8211; Exaudi<\/title>\n<meta name=\"description\" content=\"Ser cristiano sigue siendo motivo de persecuci\u00f3n en pleno siglo 21\" \/>\n<meta name=\"robots\" content=\"index, follow, max-snippet:-1, max-image-preview:large, max-video-preview:-1\" \/>\n<link rel=\"canonical\" href=\"https:\/\/exaudi.org\/es\/iglesia-perseguida-en-nicaragua\/\" \/>\n<meta property=\"og:locale\" content=\"es_ES\" \/>\n<meta property=\"og:type\" content=\"article\" \/>\n<meta property=\"og:title\" content=\"Iglesia perseguida en Nicaragua &#8211; Exaudi\" \/>\n<meta property=\"og:description\" content=\"Ser cristiano sigue siendo motivo de persecuci\u00f3n en pleno siglo 21\" \/>\n<meta property=\"og:url\" content=\"https:\/\/exaudi.org\/es\/iglesia-perseguida-en-nicaragua\/\" \/>\n<meta property=\"og:site_name\" content=\"Exaudi\" \/>\n<meta property=\"article:publisher\" content=\"https:\/\/www.facebook.com\/ExaudiNews\" \/>\n<meta property=\"article:published_time\" content=\"2022-08-20T08:19:59+00:00\" \/>\n<meta property=\"article:modified_time\" content=\"2022-08-20T10:27:48+00:00\" \/>\n<meta property=\"og:image\" content=\"https:\/\/exaudi.org\/wp-content\/uploads\/2022\/08\/pexels-arina-krasnikova-5418306-scaled.jpg\" \/>\n\t<meta property=\"og:image:width\" content=\"2560\" \/>\n\t<meta property=\"og:image:height\" content=\"1709\" \/>\n\t<meta property=\"og:image:type\" content=\"image\/jpeg\" \/>\n<meta name=\"author\" content=\"Academia de L\u00edderes Cat\u00f3licos\" \/>\n<meta name=\"twitter:card\" content=\"summary_large_image\" \/>\n<meta name=\"twitter:creator\" content=\"@Exaudi_News\" \/>\n<meta name=\"twitter:site\" content=\"@Exaudi_News\" \/>\n<meta name=\"twitter:label1\" content=\"Escrito por\" \/>\n\t<meta name=\"twitter:data1\" content=\"Academia de L\u00edderes Cat\u00f3licos\" \/>\n\t<meta name=\"twitter:label2\" content=\"Tiempo de lectura\" \/>\n\t<meta name=\"twitter:data2\" content=\"3 minutos\" \/>\n<script type=\"application\/ld+json\" class=\"yoast-schema-graph\">{\"@context\":\"https:\\\/\\\/schema.org\",\"@graph\":[{\"@type\":\"Article\",\"@id\":\"https:\\\/\\\/exaudi.org\\\/es\\\/iglesia-perseguida-en-nicaragua\\\/#article\",\"isPartOf\":{\"@id\":\"https:\\\/\\\/exaudi.org\\\/es\\\/iglesia-perseguida-en-nicaragua\\\/\"},\"author\":{\"name\":\"Academia de L\u00edderes Cat\u00f3licos\",\"@id\":\"https:\\\/\\\/exaudi.org\\\/#\\\/schema\\\/person\\\/334968a332d5dad9f94e08897852c6af\"},\"headline\":\"Iglesia perseguida en Nicaragua\",\"datePublished\":\"2022-08-20T08:19:59+00:00\",\"dateModified\":\"2022-08-20T10:27:48+00:00\",\"mainEntityOfPage\":{\"@id\":\"https:\\\/\\\/exaudi.org\\\/es\\\/iglesia-perseguida-en-nicaragua\\\/\"},\"wordCount\":635,\"image\":{\"@id\":\"https:\\\/\\\/exaudi.org\\\/es\\\/iglesia-perseguida-en-nicaragua\\\/#primaryimage\"},\"thumbnailUrl\":\"https:\\\/\\\/exaudi.org\\\/wp-content\\\/uploads\\\/2022\\\/08\\\/pexels-arina-krasnikova-5418306-scaled.jpg\",\"keywords\":[\"Iglesia perseguida\",\"Libertad Religiosa\",\"Nicaragua\",\"Trending\"],\"articleSection\":[\"Voces\"],\"inLanguage\":\"es\"},{\"@type\":\"WebPage\",\"@id\":\"https:\\\/\\\/exaudi.org\\\/es\\\/iglesia-perseguida-en-nicaragua\\\/\",\"url\":\"https:\\\/\\\/exaudi.org\\\/es\\\/iglesia-perseguida-en-nicaragua\\\/\",\"name\":\"Iglesia perseguida en Nicaragua &#8211; Exaudi\",\"isPartOf\":{\"@id\":\"https:\\\/\\\/exaudi.org\\\/#website\"},\"primaryImageOfPage\":{\"@id\":\"https:\\\/\\\/exaudi.org\\\/es\\\/iglesia-perseguida-en-nicaragua\\\/#primaryimage\"},\"image\":{\"@id\":\"https:\\\/\\\/exaudi.org\\\/es\\\/iglesia-perseguida-en-nicaragua\\\/#primaryimage\"},\"thumbnailUrl\":\"https:\\\/\\\/exaudi.org\\\/wp-content\\\/uploads\\\/2022\\\/08\\\/pexels-arina-krasnikova-5418306-scaled.jpg\",\"datePublished\":\"2022-08-20T08:19:59+00:00\",\"dateModified\":\"2022-08-20T10:27:48+00:00\",\"author\":{\"@id\":\"https:\\\/\\\/exaudi.org\\\/#\\\/schema\\\/person\\\/334968a332d5dad9f94e08897852c6af\"},\"description\":\"Ser cristiano sigue siendo motivo de persecuci\u00f3n en pleno siglo 21\",\"breadcrumb\":{\"@id\":\"https:\\\/\\\/exaudi.org\\\/es\\\/iglesia-perseguida-en-nicaragua\\\/#breadcrumb\"},\"inLanguage\":\"es\",\"potentialAction\":[{\"@type\":\"ReadAction\",\"target\":[\"https:\\\/\\\/exaudi.org\\\/es\\\/iglesia-perseguida-en-nicaragua\\\/\"]}]},{\"@type\":\"ImageObject\",\"inLanguage\":\"es\",\"@id\":\"https:\\\/\\\/exaudi.org\\\/es\\\/iglesia-perseguida-en-nicaragua\\\/#primaryimage\",\"url\":\"https:\\\/\\\/exaudi.org\\\/wp-content\\\/uploads\\\/2022\\\/08\\\/pexels-arina-krasnikova-5418306-scaled.jpg\",\"contentUrl\":\"https:\\\/\\\/exaudi.org\\\/wp-content\\\/uploads\\\/2022\\\/08\\\/pexels-arina-krasnikova-5418306-scaled.jpg\",\"width\":2560,\"height\":1709},{\"@type\":\"BreadcrumbList\",\"@id\":\"https:\\\/\\\/exaudi.org\\\/es\\\/iglesia-perseguida-en-nicaragua\\\/#breadcrumb\",\"itemListElement\":[{\"@type\":\"ListItem\",\"position\":1,\"name\":\"Portada\",\"item\":\"https:\\\/\\\/exaudi.org\\\/es\\\/\"},{\"@type\":\"ListItem\",\"position\":2,\"name\":\"Iglesia perseguida en Nicaragua\"}]},{\"@type\":\"WebSite\",\"@id\":\"https:\\\/\\\/exaudi.org\\\/#website\",\"url\":\"https:\\\/\\\/exaudi.org\\\/\",\"name\":\"Exaudi\",\"description\":\"News\",\"potentialAction\":[{\"@type\":\"SearchAction\",\"target\":{\"@type\":\"EntryPoint\",\"urlTemplate\":\"https:\\\/\\\/exaudi.org\\\/?s={search_term_string}\"},\"query-input\":{\"@type\":\"PropertyValueSpecification\",\"valueRequired\":true,\"valueName\":\"search_term_string\"}}],\"inLanguage\":\"es\"},{\"@type\":\"Person\",\"@id\":\"https:\\\/\\\/exaudi.org\\\/#\\\/schema\\\/person\\\/334968a332d5dad9f94e08897852c6af\",\"name\":\"Academia de L\u00edderes Cat\u00f3licos\",\"image\":{\"@type\":\"ImageObject\",\"inLanguage\":\"es\",\"@id\":\"https:\\\/\\\/secure.gravatar.com\\\/avatar\\\/80d80b1e34d8fa01f6b95d10e695853ca4ea7e054050e21ad1a15d546d4600ca?s=96&d=mm&r=g\",\"url\":\"https:\\\/\\\/secure.gravatar.com\\\/avatar\\\/80d80b1e34d8fa01f6b95d10e695853ca4ea7e054050e21ad1a15d546d4600ca?s=96&d=mm&r=g\",\"contentUrl\":\"https:\\\/\\\/secure.gravatar.com\\\/avatar\\\/80d80b1e34d8fa01f6b95d10e695853ca4ea7e054050e21ad1a15d546d4600ca?s=96&d=mm&r=g\",\"caption\":\"Academia de L\u00edderes Cat\u00f3licos\"},\"description\":\"Es una fundaci\u00f3n de derecho privado sin fines de lucro que busca formar cat\u00f3licos que a partir de la experiencia cristiana desarrollen su vocaci\u00f3n pol\u00edtica con la ayuda de la Doctrina Social de la Iglesia. La Academia Latinoamericana de L\u00edderes Cat\u00f3licos tiene como misi\u00f3n, formar l\u00edderes desde una perspectiva cat\u00f3lica, arraigados en la fe de la Iglesia, para transformar el mundo social, pol\u00edtico y econ\u00f3mico a la luz de la Doctrina Social de la Iglesia. Formar una nueva generaci\u00f3n de cat\u00f3licos latinoamericanos con responsabilidades pol\u00edticas y sociales para que transformen el rostro del continente al servicio de sus pueblos, a la luz del Magisterio de la Iglesia y de cara a los Jubileos del V Centenario Guadalupano y de los dos mil a\u00f1os de la redenci\u00f3n.\",\"sameAs\":[\"https:\\\/\\\/liderescatolicos.net\\\/\",\"https:\\\/\\\/www.youtube.com\\\/c\\\/LderesCatlicos\"],\"url\":\"https:\\\/\\\/exaudi.org\\\/es\\\/author\\\/academia-de-lideres-catolicos\\\/\"}]}<\/script>\n<!-- \/ Yoast SEO plugin. -->","yoast_head_json":{"title":"Iglesia perseguida en Nicaragua &#8211; Exaudi","description":"Ser cristiano sigue siendo motivo de persecuci\u00f3n en pleno siglo 21","robots":{"index":"index","follow":"follow","max-snippet":"max-snippet:-1","max-image-preview":"max-image-preview:large","max-video-preview":"max-video-preview:-1"},"canonical":"https:\/\/exaudi.org\/es\/iglesia-perseguida-en-nicaragua\/","og_locale":"es_ES","og_type":"article","og_title":"Iglesia perseguida en Nicaragua &#8211; Exaudi","og_description":"Ser cristiano sigue siendo motivo de persecuci\u00f3n en pleno siglo 21","og_url":"https:\/\/exaudi.org\/es\/iglesia-perseguida-en-nicaragua\/","og_site_name":"Exaudi","article_publisher":"https:\/\/www.facebook.com\/ExaudiNews","article_published_time":"2022-08-20T08:19:59+00:00","article_modified_time":"2022-08-20T10:27:48+00:00","og_image":[{"width":2560,"height":1709,"url":"https:\/\/exaudi.org\/wp-content\/uploads\/2022\/08\/pexels-arina-krasnikova-5418306-scaled.jpg","type":"image\/jpeg"}],"author":"Academia de L\u00edderes Cat\u00f3licos","twitter_card":"summary_large_image","twitter_creator":"@Exaudi_News","twitter_site":"@Exaudi_News","twitter_misc":{"Escrito por":"Academia de L\u00edderes Cat\u00f3licos","Tiempo de lectura":"3 minutos"},"schema":{"@context":"https:\/\/schema.org","@graph":[{"@type":"Article","@id":"https:\/\/exaudi.org\/es\/iglesia-perseguida-en-nicaragua\/#article","isPartOf":{"@id":"https:\/\/exaudi.org\/es\/iglesia-perseguida-en-nicaragua\/"},"author":{"name":"Academia de L\u00edderes Cat\u00f3licos","@id":"https:\/\/exaudi.org\/#\/schema\/person\/334968a332d5dad9f94e08897852c6af"},"headline":"Iglesia perseguida en Nicaragua","datePublished":"2022-08-20T08:19:59+00:00","dateModified":"2022-08-20T10:27:48+00:00","mainEntityOfPage":{"@id":"https:\/\/exaudi.org\/es\/iglesia-perseguida-en-nicaragua\/"},"wordCount":635,"image":{"@id":"https:\/\/exaudi.org\/es\/iglesia-perseguida-en-nicaragua\/#primaryimage"},"thumbnailUrl":"https:\/\/exaudi.org\/wp-content\/uploads\/2022\/08\/pexels-arina-krasnikova-5418306-scaled.jpg","keywords":["Iglesia perseguida","Libertad Religiosa","Nicaragua","Trending"],"articleSection":["Voces"],"inLanguage":"es"},{"@type":"WebPage","@id":"https:\/\/exaudi.org\/es\/iglesia-perseguida-en-nicaragua\/","url":"https:\/\/exaudi.org\/es\/iglesia-perseguida-en-nicaragua\/","name":"Iglesia perseguida en Nicaragua &#8211; Exaudi","isPartOf":{"@id":"https:\/\/exaudi.org\/#website"},"primaryImageOfPage":{"@id":"https:\/\/exaudi.org\/es\/iglesia-perseguida-en-nicaragua\/#primaryimage"},"image":{"@id":"https:\/\/exaudi.org\/es\/iglesia-perseguida-en-nicaragua\/#primaryimage"},"thumbnailUrl":"https:\/\/exaudi.org\/wp-content\/uploads\/2022\/08\/pexels-arina-krasnikova-5418306-scaled.jpg","datePublished":"2022-08-20T08:19:59+00:00","dateModified":"2022-08-20T10:27:48+00:00","author":{"@id":"https:\/\/exaudi.org\/#\/schema\/person\/334968a332d5dad9f94e08897852c6af"},"description":"Ser cristiano sigue siendo motivo de persecuci\u00f3n en pleno siglo 21","breadcrumb":{"@id":"https:\/\/exaudi.org\/es\/iglesia-perseguida-en-nicaragua\/#breadcrumb"},"inLanguage":"es","potentialAction":[{"@type":"ReadAction","target":["https:\/\/exaudi.org\/es\/iglesia-perseguida-en-nicaragua\/"]}]},{"@type":"ImageObject","inLanguage":"es","@id":"https:\/\/exaudi.org\/es\/iglesia-perseguida-en-nicaragua\/#primaryimage","url":"https:\/\/exaudi.org\/wp-content\/uploads\/2022\/08\/pexels-arina-krasnikova-5418306-scaled.jpg","contentUrl":"https:\/\/exaudi.org\/wp-content\/uploads\/2022\/08\/pexels-arina-krasnikova-5418306-scaled.jpg","width":2560,"height":1709},{"@type":"BreadcrumbList","@id":"https:\/\/exaudi.org\/es\/iglesia-perseguida-en-nicaragua\/#breadcrumb","itemListElement":[{"@type":"ListItem","position":1,"name":"Portada","item":"https:\/\/exaudi.org\/es\/"},{"@type":"ListItem","position":2,"name":"Iglesia perseguida en Nicaragua"}]},{"@type":"WebSite","@id":"https:\/\/exaudi.org\/#website","url":"https:\/\/exaudi.org\/","name":"Exaudi","description":"News","potentialAction":[{"@type":"SearchAction","target":{"@type":"EntryPoint","urlTemplate":"https:\/\/exaudi.org\/?s={search_term_string}"},"query-input":{"@type":"PropertyValueSpecification","valueRequired":true,"valueName":"search_term_string"}}],"inLanguage":"es"},{"@type":"Person","@id":"https:\/\/exaudi.org\/#\/schema\/person\/334968a332d5dad9f94e08897852c6af","name":"Academia de L\u00edderes Cat\u00f3licos","image":{"@type":"ImageObject","inLanguage":"es","@id":"https:\/\/secure.gravatar.com\/avatar\/80d80b1e34d8fa01f6b95d10e695853ca4ea7e054050e21ad1a15d546d4600ca?s=96&d=mm&r=g","url":"https:\/\/secure.gravatar.com\/avatar\/80d80b1e34d8fa01f6b95d10e695853ca4ea7e054050e21ad1a15d546d4600ca?s=96&d=mm&r=g","contentUrl":"https:\/\/secure.gravatar.com\/avatar\/80d80b1e34d8fa01f6b95d10e695853ca4ea7e054050e21ad1a15d546d4600ca?s=96&d=mm&r=g","caption":"Academia de L\u00edderes Cat\u00f3licos"},"description":"Es una fundaci\u00f3n de derecho privado sin fines de lucro que busca formar cat\u00f3licos que a partir de la experiencia cristiana desarrollen su vocaci\u00f3n pol\u00edtica con la ayuda de la Doctrina Social de la Iglesia. La Academia Latinoamericana de L\u00edderes Cat\u00f3licos tiene como misi\u00f3n, formar l\u00edderes desde una perspectiva cat\u00f3lica, arraigados en la fe de la Iglesia, para transformar el mundo social, pol\u00edtico y econ\u00f3mico a la luz de la Doctrina Social de la Iglesia. Formar una nueva generaci\u00f3n de cat\u00f3licos latinoamericanos con responsabilidades pol\u00edticas y sociales para que transformen el rostro del continente al servicio de sus pueblos, a la luz del Magisterio de la Iglesia y de cara a los Jubileos del V Centenario Guadalupano y de los dos mil a\u00f1os de la redenci\u00f3n.","sameAs":["https:\/\/liderescatolicos.net\/","https:\/\/www.youtube.com\/c\/LderesCatlicos"],"url":"https:\/\/exaudi.org\/es\/author\/academia-de-lideres-catolicos\/"}]}},"jetpack_featured_media_url":"https:\/\/exaudi.org\/wp-content\/uploads\/2022\/08\/pexels-arina-krasnikova-5418306-scaled.jpg","jetpack_shortlink":"https:\/\/wp.me\/pgKjF2-fP3","_links":{"self":[{"href":"https:\/\/exaudi.org\/es\/wp-json\/wp\/v2\/posts\/60825","targetHints":{"allow":["GET"]}}],"collection":[{"href":"https:\/\/exaudi.org\/es\/wp-json\/wp\/v2\/posts"}],"about":[{"href":"https:\/\/exaudi.org\/es\/wp-json\/wp\/v2\/types\/post"}],"author":[{"embeddable":true,"href":"https:\/\/exaudi.org\/es\/wp-json\/wp\/v2\/users\/107"}],"replies":[{"embeddable":true,"href":"https:\/\/exaudi.org\/es\/wp-json\/wp\/v2\/comments?post=60825"}],"version-history":[{"count":0,"href":"https:\/\/exaudi.org\/es\/wp-json\/wp\/v2\/posts\/60825\/revisions"}],"wp:featuredmedia":[{"embeddable":true,"href":"https:\/\/exaudi.org\/es\/wp-json\/wp\/v2\/media\/60826"}],"wp:attachment":[{"href":"https:\/\/exaudi.org\/es\/wp-json\/wp\/v2\/media?parent=60825"}],"wp:term":[{"taxonomy":"category","embeddable":true,"href":"https:\/\/exaudi.org\/es\/wp-json\/wp\/v2\/categories?post=60825"},{"taxonomy":"post_tag","embeddable":true,"href":"https:\/\/exaudi.org\/es\/wp-json\/wp\/v2\/tags?post=60825"}],"curies":[{"name":"wp","href":"https:\/\/api.w.org\/{rel}","templated":true}]}}