{"id":60803,"date":"2022-08-19T18:36:09","date_gmt":"2022-08-19T16:36:09","guid":{"rendered":"https:\/\/exaudi.org\/?p=60803"},"modified":"2022-08-19T20:03:31","modified_gmt":"2022-08-19T18:03:31","slug":"academia-lideres-catolicos-manifiesto-persecucion-iglesia-catolica-de-nicaragua","status":"publish","type":"post","link":"https:\/\/exaudi.org\/es\/academia-lideres-catolicos-manifiesto-persecucion-iglesia-catolica-de-nicaragua\/","title":{"rendered":"Academia L\u00edderes Cat\u00f3licos: Manifiesto frente a persecuci\u00f3n de la Iglesia en Nicaragua"},"content":{"rendered":"<p style=\"text-align: left\">La Academia Latinoamericana de L\u00edderes Cat\u00f3licos, ha elaborado un Manifiesto frente a la persecuci\u00f3n pol\u00edtica que se encuentra sufriendo la iglesia de Nicaragua a manos del r\u00e9gimen de Daniel Ortega. Entre los firmantes se encuentra Miguel \u00c1ngel Rodr\u00edguez, Ex presidente de Costa Rica, Francisco Ribeirinho Roumier, Vice Presidente de la C.E. del Instituto Amaro da Costa de Portugal, Gonzalo Duarte Leiva, Ex diputado de la Rep\u00fablica de Chile, Elvy Monzant, Secretario ejecutivo de la Red Eclesial de migraci\u00f3n, refugio, trata y desplazamiento CLAMOR, Jos\u00e9 Ribeiro e Castro, Ex diputado al Parlamento Europeo Teresa Ortu\u00f1o Gurza \u00a0Ex senadora del Congreso de la Uni\u00f3n de M\u00e9xico, Ver\u00f3nica Sada P\u00e9rez, Ex miembro de la C\u00e1mara de Diputados de M\u00e9xico, entre otros.<\/p>\n<p>El manifiesto hace eco la persecuci\u00f3n de la libertad religiosa en Nicaragua. Para ello, la Academia observa que \u201cCualquier gobierno del mundo, debe velar por la dignidad de las personas, y respetar en todo momento el uso pleno de sus derechos. La libertad de culto y religi\u00f3n es uno de los primeros derechos cuyo reconocimiento, respeto y garant\u00eda se ha logrado alcanzar en la historia del derecho contempor\u00e1neo. Este derecho es un pilar de las libertades, en tanto est\u00e1 vinculado a la libertad de pensamiento y de conciencia; y su protecci\u00f3n alcanza a creyentes y no creyentes\u201d.<\/p>\n<p>Se\u00f1alan que \u201cPor tanto, nos preocupa los diversos acontecimientos ocurridos en Nicaragua, donde la poblaci\u00f3n, los templos y las diversas colectividades religiosas vienen siendo atacadas, vulneradas y perseguidas. Exhortamos a la opini\u00f3n p\u00fablica, a los gobiernos e instancias internacionales para que mantengan una respuesta vigilante y de denuncia frente a estos hechos. Las consecuencias de una guerra son inconmensurables y siempre comprometen a las generaciones venideras. Las mujeres deseamos y exigimos la paz, ya que es un derecho humano inalienable, no solo de las personas, pero tambi\u00e9n de los pueblos. Convocamos a que cada mujer, desde el espacio donde se encuentre, d\u00eda tras d\u00eda y con la resiliencia propia que la caracteriza, construya un mundo de paz para obtener la felicidad que todo ser humano anhela\u201d. Finaliza el documento haciendo una invitaci\u00f3n a la oraci\u00f3n por el pueblo nicarag\u00fcense.<\/p>\n<p>Puedes revisar el manifiesto en <a href=\"https:\/\/liderescatolicos.net\/nicaragua\/\" target=\"_blank\" rel=\"noopener\">este enlace<\/a>.<\/p>\n","protected":false},"excerpt":{"rendered":"<p>Cualquier gobierno del mundo, debe velar por la dignidad de las personas<\/p>\n","protected":false},"author":107,"featured_media":60805,"comment_status":"closed","ping_status":"closed","sticky":false,"template":"","format":"standard","meta":{"_acf_changed":false,"_crdt_document":"","inline_featured_image":false,"footnotes":""},"categories":[74],"tags":[766,1269,6752],"class_list":["post-60803","post","type-post","status-publish","format-standard","has-post-thumbnail","hentry","category-iglesia-y-mundo","tag-manifiesto","tag-nicaragua","tag-persecucion"],"acf":[],"yoast_head":"<!-- This site is optimized with the Yoast SEO plugin v27.4 - https:\/\/yoast.com\/product\/yoast-seo-wordpress\/ -->\n<title>Academia L\u00edderes Cat\u00f3licos: Manifiesto frente a persecuci\u00f3n de la Iglesia en Nicaragua &#8211; Exaudi<\/title>\n<meta name=\"robots\" content=\"index, follow, max-snippet:-1, max-image-preview:large, max-video-preview:-1\" \/>\n<link rel=\"canonical\" href=\"https:\/\/exaudi.org\/es\/academia-lideres-catolicos-manifiesto-persecucion-iglesia-catolica-de-nicaragua\/\" \/>\n<meta property=\"og:locale\" content=\"es_ES\" \/>\n<meta property=\"og:type\" content=\"article\" \/>\n<meta property=\"og:title\" content=\"Academia L\u00edderes Cat\u00f3licos: Manifiesto frente a persecuci\u00f3n de la Iglesia en Nicaragua &#8211; Exaudi\" \/>\n<meta property=\"og:description\" content=\"Cualquier gobierno del mundo, debe velar por la dignidad de las personas\" \/>\n<meta property=\"og:url\" content=\"https:\/\/exaudi.org\/es\/academia-lideres-catolicos-manifiesto-persecucion-iglesia-catolica-de-nicaragua\/\" \/>\n<meta property=\"og:site_name\" content=\"Exaudi\" \/>\n<meta property=\"article:publisher\" content=\"https:\/\/www.facebook.com\/ExaudiNews\" \/>\n<meta property=\"article:published_time\" content=\"2022-08-19T16:36:09+00:00\" \/>\n<meta property=\"article:modified_time\" content=\"2022-08-19T18:03:31+00:00\" \/>\n<meta property=\"og:image\" content=\"https:\/\/exaudi.org\/wp-content\/uploads\/2022\/08\/2F4PSEGBUZGC5OBZ5AAUBJ2ZVM.jpg\" \/>\n\t<meta property=\"og:image:width\" content=\"1920\" \/>\n\t<meta property=\"og:image:height\" content=\"1080\" \/>\n\t<meta property=\"og:image:type\" content=\"image\/jpeg\" \/>\n<meta name=\"author\" content=\"Academia de L\u00edderes Cat\u00f3licos\" \/>\n<meta name=\"twitter:card\" content=\"summary_large_image\" \/>\n<meta name=\"twitter:creator\" content=\"@Exaudi_News\" \/>\n<meta name=\"twitter:site\" content=\"@Exaudi_News\" \/>\n<meta name=\"twitter:label1\" content=\"Escrito por\" \/>\n\t<meta name=\"twitter:data1\" content=\"Academia de L\u00edderes Cat\u00f3licos\" \/>\n\t<meta name=\"twitter:label2\" content=\"Tiempo de lectura\" \/>\n\t<meta name=\"twitter:data2\" content=\"2 minutos\" \/>\n<script type=\"application\/ld+json\" class=\"yoast-schema-graph\">{\"@context\":\"https:\\\/\\\/schema.org\",\"@graph\":[{\"@type\":\"Article\",\"@id\":\"https:\\\/\\\/exaudi.org\\\/es\\\/academia-lideres-catolicos-manifiesto-persecucion-iglesia-catolica-de-nicaragua\\\/#article\",\"isPartOf\":{\"@id\":\"https:\\\/\\\/exaudi.org\\\/es\\\/academia-lideres-catolicos-manifiesto-persecucion-iglesia-catolica-de-nicaragua\\\/\"},\"author\":{\"name\":\"Academia de L\u00edderes Cat\u00f3licos\",\"@id\":\"https:\\\/\\\/exaudi.org\\\/#\\\/schema\\\/person\\\/334968a332d5dad9f94e08897852c6af\"},\"headline\":\"Academia L\u00edderes Cat\u00f3licos: Manifiesto frente a persecuci\u00f3n de la Iglesia en Nicaragua\",\"datePublished\":\"2022-08-19T16:36:09+00:00\",\"dateModified\":\"2022-08-19T18:03:31+00:00\",\"mainEntityOfPage\":{\"@id\":\"https:\\\/\\\/exaudi.org\\\/es\\\/academia-lideres-catolicos-manifiesto-persecucion-iglesia-catolica-de-nicaragua\\\/\"},\"wordCount\":407,\"image\":{\"@id\":\"https:\\\/\\\/exaudi.org\\\/es\\\/academia-lideres-catolicos-manifiesto-persecucion-iglesia-catolica-de-nicaragua\\\/#primaryimage\"},\"thumbnailUrl\":\"https:\\\/\\\/exaudi.org\\\/wp-content\\\/uploads\\\/2022\\\/08\\\/2F4PSEGBUZGC5OBZ5AAUBJ2ZVM.jpg\",\"keywords\":[\"Manifiesto\",\"Nicaragua\",\"Persecuci\u00f3n\"],\"articleSection\":[\"Iglesia y Mundo\"],\"inLanguage\":\"es\"},{\"@type\":\"WebPage\",\"@id\":\"https:\\\/\\\/exaudi.org\\\/es\\\/academia-lideres-catolicos-manifiesto-persecucion-iglesia-catolica-de-nicaragua\\\/\",\"url\":\"https:\\\/\\\/exaudi.org\\\/es\\\/academia-lideres-catolicos-manifiesto-persecucion-iglesia-catolica-de-nicaragua\\\/\",\"name\":\"Academia L\u00edderes Cat\u00f3licos: Manifiesto frente a persecuci\u00f3n de la Iglesia en Nicaragua &#8211; Exaudi\",\"isPartOf\":{\"@id\":\"https:\\\/\\\/exaudi.org\\\/#website\"},\"primaryImageOfPage\":{\"@id\":\"https:\\\/\\\/exaudi.org\\\/es\\\/academia-lideres-catolicos-manifiesto-persecucion-iglesia-catolica-de-nicaragua\\\/#primaryimage\"},\"image\":{\"@id\":\"https:\\\/\\\/exaudi.org\\\/es\\\/academia-lideres-catolicos-manifiesto-persecucion-iglesia-catolica-de-nicaragua\\\/#primaryimage\"},\"thumbnailUrl\":\"https:\\\/\\\/exaudi.org\\\/wp-content\\\/uploads\\\/2022\\\/08\\\/2F4PSEGBUZGC5OBZ5AAUBJ2ZVM.jpg\",\"datePublished\":\"2022-08-19T16:36:09+00:00\",\"dateModified\":\"2022-08-19T18:03:31+00:00\",\"author\":{\"@id\":\"https:\\\/\\\/exaudi.org\\\/#\\\/schema\\\/person\\\/334968a332d5dad9f94e08897852c6af\"},\"breadcrumb\":{\"@id\":\"https:\\\/\\\/exaudi.org\\\/es\\\/academia-lideres-catolicos-manifiesto-persecucion-iglesia-catolica-de-nicaragua\\\/#breadcrumb\"},\"inLanguage\":\"es\",\"potentialAction\":[{\"@type\":\"ReadAction\",\"target\":[\"https:\\\/\\\/exaudi.org\\\/es\\\/academia-lideres-catolicos-manifiesto-persecucion-iglesia-catolica-de-nicaragua\\\/\"]}]},{\"@type\":\"ImageObject\",\"inLanguage\":\"es\",\"@id\":\"https:\\\/\\\/exaudi.org\\\/es\\\/academia-lideres-catolicos-manifiesto-persecucion-iglesia-catolica-de-nicaragua\\\/#primaryimage\",\"url\":\"https:\\\/\\\/exaudi.org\\\/wp-content\\\/uploads\\\/2022\\\/08\\\/2F4PSEGBUZGC5OBZ5AAUBJ2ZVM.jpg\",\"contentUrl\":\"https:\\\/\\\/exaudi.org\\\/wp-content\\\/uploads\\\/2022\\\/08\\\/2F4PSEGBUZGC5OBZ5AAUBJ2ZVM.jpg\",\"width\":1920,\"height\":1080,\"caption\":\"Copyright Claudio Bertolesi\"},{\"@type\":\"BreadcrumbList\",\"@id\":\"https:\\\/\\\/exaudi.org\\\/es\\\/academia-lideres-catolicos-manifiesto-persecucion-iglesia-catolica-de-nicaragua\\\/#breadcrumb\",\"itemListElement\":[{\"@type\":\"ListItem\",\"position\":1,\"name\":\"Portada\",\"item\":\"https:\\\/\\\/exaudi.org\\\/es\\\/\"},{\"@type\":\"ListItem\",\"position\":2,\"name\":\"Academia L\u00edderes Cat\u00f3licos: Manifiesto frente a persecuci\u00f3n de la Iglesia en Nicaragua\"}]},{\"@type\":\"WebSite\",\"@id\":\"https:\\\/\\\/exaudi.org\\\/#website\",\"url\":\"https:\\\/\\\/exaudi.org\\\/\",\"name\":\"Exaudi\",\"description\":\"News\",\"potentialAction\":[{\"@type\":\"SearchAction\",\"target\":{\"@type\":\"EntryPoint\",\"urlTemplate\":\"https:\\\/\\\/exaudi.org\\\/?s={search_term_string}\"},\"query-input\":{\"@type\":\"PropertyValueSpecification\",\"valueRequired\":true,\"valueName\":\"search_term_string\"}}],\"inLanguage\":\"es\"},{\"@type\":\"Person\",\"@id\":\"https:\\\/\\\/exaudi.org\\\/#\\\/schema\\\/person\\\/334968a332d5dad9f94e08897852c6af\",\"name\":\"Academia de L\u00edderes Cat\u00f3licos\",\"image\":{\"@type\":\"ImageObject\",\"inLanguage\":\"es\",\"@id\":\"https:\\\/\\\/secure.gravatar.com\\\/avatar\\\/80d80b1e34d8fa01f6b95d10e695853ca4ea7e054050e21ad1a15d546d4600ca?s=96&d=mm&r=g\",\"url\":\"https:\\\/\\\/secure.gravatar.com\\\/avatar\\\/80d80b1e34d8fa01f6b95d10e695853ca4ea7e054050e21ad1a15d546d4600ca?s=96&d=mm&r=g\",\"contentUrl\":\"https:\\\/\\\/secure.gravatar.com\\\/avatar\\\/80d80b1e34d8fa01f6b95d10e695853ca4ea7e054050e21ad1a15d546d4600ca?s=96&d=mm&r=g\",\"caption\":\"Academia de L\u00edderes Cat\u00f3licos\"},\"description\":\"Es una fundaci\u00f3n de derecho privado sin fines de lucro que busca formar cat\u00f3licos que a partir de la experiencia cristiana desarrollen su vocaci\u00f3n pol\u00edtica con la ayuda de la Doctrina Social de la Iglesia. La Academia Latinoamericana de L\u00edderes Cat\u00f3licos tiene como misi\u00f3n, formar l\u00edderes desde una perspectiva cat\u00f3lica, arraigados en la fe de la Iglesia, para transformar el mundo social, pol\u00edtico y econ\u00f3mico a la luz de la Doctrina Social de la Iglesia. Formar una nueva generaci\u00f3n de cat\u00f3licos latinoamericanos con responsabilidades pol\u00edticas y sociales para que transformen el rostro del continente al servicio de sus pueblos, a la luz del Magisterio de la Iglesia y de cara a los Jubileos del V Centenario Guadalupano y de los dos mil a\u00f1os de la redenci\u00f3n.\",\"sameAs\":[\"https:\\\/\\\/liderescatolicos.net\\\/\",\"https:\\\/\\\/www.youtube.com\\\/c\\\/LderesCatlicos\"],\"url\":\"https:\\\/\\\/exaudi.org\\\/es\\\/author\\\/academia-de-lideres-catolicos\\\/\"}]}<\/script>\n<!-- \/ Yoast SEO plugin. -->","yoast_head_json":{"title":"Academia L\u00edderes Cat\u00f3licos: Manifiesto frente a persecuci\u00f3n de la Iglesia en Nicaragua &#8211; Exaudi","robots":{"index":"index","follow":"follow","max-snippet":"max-snippet:-1","max-image-preview":"max-image-preview:large","max-video-preview":"max-video-preview:-1"},"canonical":"https:\/\/exaudi.org\/es\/academia-lideres-catolicos-manifiesto-persecucion-iglesia-catolica-de-nicaragua\/","og_locale":"es_ES","og_type":"article","og_title":"Academia L\u00edderes Cat\u00f3licos: Manifiesto frente a persecuci\u00f3n de la Iglesia en Nicaragua &#8211; Exaudi","og_description":"Cualquier gobierno del mundo, debe velar por la dignidad de las personas","og_url":"https:\/\/exaudi.org\/es\/academia-lideres-catolicos-manifiesto-persecucion-iglesia-catolica-de-nicaragua\/","og_site_name":"Exaudi","article_publisher":"https:\/\/www.facebook.com\/ExaudiNews","article_published_time":"2022-08-19T16:36:09+00:00","article_modified_time":"2022-08-19T18:03:31+00:00","og_image":[{"width":1920,"height":1080,"url":"https:\/\/exaudi.org\/wp-content\/uploads\/2022\/08\/2F4PSEGBUZGC5OBZ5AAUBJ2ZVM.jpg","type":"image\/jpeg"}],"author":"Academia de L\u00edderes Cat\u00f3licos","twitter_card":"summary_large_image","twitter_creator":"@Exaudi_News","twitter_site":"@Exaudi_News","twitter_misc":{"Escrito por":"Academia de L\u00edderes Cat\u00f3licos","Tiempo de lectura":"2 minutos"},"schema":{"@context":"https:\/\/schema.org","@graph":[{"@type":"Article","@id":"https:\/\/exaudi.org\/es\/academia-lideres-catolicos-manifiesto-persecucion-iglesia-catolica-de-nicaragua\/#article","isPartOf":{"@id":"https:\/\/exaudi.org\/es\/academia-lideres-catolicos-manifiesto-persecucion-iglesia-catolica-de-nicaragua\/"},"author":{"name":"Academia de L\u00edderes Cat\u00f3licos","@id":"https:\/\/exaudi.org\/#\/schema\/person\/334968a332d5dad9f94e08897852c6af"},"headline":"Academia L\u00edderes Cat\u00f3licos: Manifiesto frente a persecuci\u00f3n de la Iglesia en Nicaragua","datePublished":"2022-08-19T16:36:09+00:00","dateModified":"2022-08-19T18:03:31+00:00","mainEntityOfPage":{"@id":"https:\/\/exaudi.org\/es\/academia-lideres-catolicos-manifiesto-persecucion-iglesia-catolica-de-nicaragua\/"},"wordCount":407,"image":{"@id":"https:\/\/exaudi.org\/es\/academia-lideres-catolicos-manifiesto-persecucion-iglesia-catolica-de-nicaragua\/#primaryimage"},"thumbnailUrl":"https:\/\/exaudi.org\/wp-content\/uploads\/2022\/08\/2F4PSEGBUZGC5OBZ5AAUBJ2ZVM.jpg","keywords":["Manifiesto","Nicaragua","Persecuci\u00f3n"],"articleSection":["Iglesia y Mundo"],"inLanguage":"es"},{"@type":"WebPage","@id":"https:\/\/exaudi.org\/es\/academia-lideres-catolicos-manifiesto-persecucion-iglesia-catolica-de-nicaragua\/","url":"https:\/\/exaudi.org\/es\/academia-lideres-catolicos-manifiesto-persecucion-iglesia-catolica-de-nicaragua\/","name":"Academia L\u00edderes Cat\u00f3licos: Manifiesto frente a persecuci\u00f3n de la Iglesia en Nicaragua &#8211; Exaudi","isPartOf":{"@id":"https:\/\/exaudi.org\/#website"},"primaryImageOfPage":{"@id":"https:\/\/exaudi.org\/es\/academia-lideres-catolicos-manifiesto-persecucion-iglesia-catolica-de-nicaragua\/#primaryimage"},"image":{"@id":"https:\/\/exaudi.org\/es\/academia-lideres-catolicos-manifiesto-persecucion-iglesia-catolica-de-nicaragua\/#primaryimage"},"thumbnailUrl":"https:\/\/exaudi.org\/wp-content\/uploads\/2022\/08\/2F4PSEGBUZGC5OBZ5AAUBJ2ZVM.jpg","datePublished":"2022-08-19T16:36:09+00:00","dateModified":"2022-08-19T18:03:31+00:00","author":{"@id":"https:\/\/exaudi.org\/#\/schema\/person\/334968a332d5dad9f94e08897852c6af"},"breadcrumb":{"@id":"https:\/\/exaudi.org\/es\/academia-lideres-catolicos-manifiesto-persecucion-iglesia-catolica-de-nicaragua\/#breadcrumb"},"inLanguage":"es","potentialAction":[{"@type":"ReadAction","target":["https:\/\/exaudi.org\/es\/academia-lideres-catolicos-manifiesto-persecucion-iglesia-catolica-de-nicaragua\/"]}]},{"@type":"ImageObject","inLanguage":"es","@id":"https:\/\/exaudi.org\/es\/academia-lideres-catolicos-manifiesto-persecucion-iglesia-catolica-de-nicaragua\/#primaryimage","url":"https:\/\/exaudi.org\/wp-content\/uploads\/2022\/08\/2F4PSEGBUZGC5OBZ5AAUBJ2ZVM.jpg","contentUrl":"https:\/\/exaudi.org\/wp-content\/uploads\/2022\/08\/2F4PSEGBUZGC5OBZ5AAUBJ2ZVM.jpg","width":1920,"height":1080,"caption":"Copyright Claudio Bertolesi"},{"@type":"BreadcrumbList","@id":"https:\/\/exaudi.org\/es\/academia-lideres-catolicos-manifiesto-persecucion-iglesia-catolica-de-nicaragua\/#breadcrumb","itemListElement":[{"@type":"ListItem","position":1,"name":"Portada","item":"https:\/\/exaudi.org\/es\/"},{"@type":"ListItem","position":2,"name":"Academia L\u00edderes Cat\u00f3licos: Manifiesto frente a persecuci\u00f3n de la Iglesia en Nicaragua"}]},{"@type":"WebSite","@id":"https:\/\/exaudi.org\/#website","url":"https:\/\/exaudi.org\/","name":"Exaudi","description":"News","potentialAction":[{"@type":"SearchAction","target":{"@type":"EntryPoint","urlTemplate":"https:\/\/exaudi.org\/?s={search_term_string}"},"query-input":{"@type":"PropertyValueSpecification","valueRequired":true,"valueName":"search_term_string"}}],"inLanguage":"es"},{"@type":"Person","@id":"https:\/\/exaudi.org\/#\/schema\/person\/334968a332d5dad9f94e08897852c6af","name":"Academia de L\u00edderes Cat\u00f3licos","image":{"@type":"ImageObject","inLanguage":"es","@id":"https:\/\/secure.gravatar.com\/avatar\/80d80b1e34d8fa01f6b95d10e695853ca4ea7e054050e21ad1a15d546d4600ca?s=96&d=mm&r=g","url":"https:\/\/secure.gravatar.com\/avatar\/80d80b1e34d8fa01f6b95d10e695853ca4ea7e054050e21ad1a15d546d4600ca?s=96&d=mm&r=g","contentUrl":"https:\/\/secure.gravatar.com\/avatar\/80d80b1e34d8fa01f6b95d10e695853ca4ea7e054050e21ad1a15d546d4600ca?s=96&d=mm&r=g","caption":"Academia de L\u00edderes Cat\u00f3licos"},"description":"Es una fundaci\u00f3n de derecho privado sin fines de lucro que busca formar cat\u00f3licos que a partir de la experiencia cristiana desarrollen su vocaci\u00f3n pol\u00edtica con la ayuda de la Doctrina Social de la Iglesia. La Academia Latinoamericana de L\u00edderes Cat\u00f3licos tiene como misi\u00f3n, formar l\u00edderes desde una perspectiva cat\u00f3lica, arraigados en la fe de la Iglesia, para transformar el mundo social, pol\u00edtico y econ\u00f3mico a la luz de la Doctrina Social de la Iglesia. Formar una nueva generaci\u00f3n de cat\u00f3licos latinoamericanos con responsabilidades pol\u00edticas y sociales para que transformen el rostro del continente al servicio de sus pueblos, a la luz del Magisterio de la Iglesia y de cara a los Jubileos del V Centenario Guadalupano y de los dos mil a\u00f1os de la redenci\u00f3n.","sameAs":["https:\/\/liderescatolicos.net\/","https:\/\/www.youtube.com\/c\/LderesCatlicos"],"url":"https:\/\/exaudi.org\/es\/author\/academia-de-lideres-catolicos\/"}]}},"jetpack_featured_media_url":"https:\/\/exaudi.org\/wp-content\/uploads\/2022\/08\/2F4PSEGBUZGC5OBZ5AAUBJ2ZVM.jpg","jetpack_shortlink":"https:\/\/wp.me\/pgKjF2-fOH","_links":{"self":[{"href":"https:\/\/exaudi.org\/es\/wp-json\/wp\/v2\/posts\/60803","targetHints":{"allow":["GET"]}}],"collection":[{"href":"https:\/\/exaudi.org\/es\/wp-json\/wp\/v2\/posts"}],"about":[{"href":"https:\/\/exaudi.org\/es\/wp-json\/wp\/v2\/types\/post"}],"author":[{"embeddable":true,"href":"https:\/\/exaudi.org\/es\/wp-json\/wp\/v2\/users\/107"}],"replies":[{"embeddable":true,"href":"https:\/\/exaudi.org\/es\/wp-json\/wp\/v2\/comments?post=60803"}],"version-history":[{"count":0,"href":"https:\/\/exaudi.org\/es\/wp-json\/wp\/v2\/posts\/60803\/revisions"}],"wp:featuredmedia":[{"embeddable":true,"href":"https:\/\/exaudi.org\/es\/wp-json\/wp\/v2\/media\/60805"}],"wp:attachment":[{"href":"https:\/\/exaudi.org\/es\/wp-json\/wp\/v2\/media?parent=60803"}],"wp:term":[{"taxonomy":"category","embeddable":true,"href":"https:\/\/exaudi.org\/es\/wp-json\/wp\/v2\/categories?post=60803"},{"taxonomy":"post_tag","embeddable":true,"href":"https:\/\/exaudi.org\/es\/wp-json\/wp\/v2\/tags?post=60803"}],"curies":[{"name":"wp","href":"https:\/\/api.w.org\/{rel}","templated":true}]}}