{"id":60774,"date":"2022-08-19T10:51:01","date_gmt":"2022-08-19T08:51:01","guid":{"rendered":"https:\/\/exaudi.org\/?p=60774"},"modified":"2022-08-19T19:24:14","modified_gmt":"2022-08-19T17:24:14","slug":"papa-francisco-no-hay-elementos-suficientes-para-investigar-al-cardenal-ouellet","status":"publish","type":"post","link":"https:\/\/exaudi.org\/es\/papa-francisco-no-hay-elementos-suficientes-para-investigar-al-cardenal-ouellet\/","title":{"rendered":"Papa Francisco: No hay elementos suficientes para investigar al cardenal Ouellet"},"content":{"rendered":"<p>El Papa Francisco manifiesta que \u201cno hay elementos suficientes para abrir una investigaci\u00f3n can\u00f3nica por agresi\u00f3n sexual del cardenal Ouellet contra la persona F\u201d. Los hechos presuntamente ocurrieron hace m\u00e1s de una d\u00e9cada, cuando el ahora\u00a0 prefecto del Dicasterios para los Obispos era obispo de Qu\u00e9bec, y fueron denunciados por una mujer.<\/p>\n<p>As\u00ed lo transmiti\u00f3,\u00a0 Matteo Bruni, <span lang=\"ES\">director de la Oficina de Prensa de la Santa Sede<\/span>, en un comunicado difundido el 18 de agosto de 2022.<\/p>\n<p>De acuerdo al mismo, tras recibir la denuncia, el Santo Padre confi\u00f3 una investigaci\u00f3n preliminar al sacerdote jesuita Jacques Servais, \u201ccuya conclusi\u00f3n fue que no hay elementos para iniciar un proceso contra el cardenal Ouellet por agresi\u00f3n sexual\u201d.<\/p>\n<p>Francisco consult\u00f3 de nuevo al padre Servais, que confirm\u00f3 su posici\u00f3n con estas palabras: \u201cNo hay ninguna raz\u00f3n fundada para abrir una investigaci\u00f3n por la agresi\u00f3n sexual contra por la persona F. por Card. M. Ouellet. Ni en su informe escrito enviado al Santo Padre, ni en el testimonio v\u00eda Zoom que recog\u00ed posteriormente en presencia de un miembro del comit\u00e9 <em>ad hoc\u00a0<\/em>diocesano, esta persona aport\u00f3 una acusaci\u00f3n que pudiera proporcionar material para tal investigaci\u00f3n\u201d, se lee en el texto.<\/p>\n<p>Por su parte, en otro comunicado, el propio cardenal Ouellet niega firmemente las acusaciones de agresi\u00f3n sexual.<\/p>\n","protected":false},"excerpt":{"rendered":"<p>La acusaci\u00f3n denunci\u00f3 unos hechos presuntamente ocurridos hace m\u00e1s de una d\u00e9cada<\/p>\n","protected":false},"author":106,"featured_media":60775,"comment_status":"closed","ping_status":"closed","sticky":false,"template":"","format":"standard","meta":{"_acf_changed":false,"_crdt_document":"","inline_featured_image":false,"footnotes":""},"categories":[59],"tags":[1613,4953],"class_list":["post-60774","post","type-post","status-publish","format-standard","has-post-thumbnail","hentry","category-featured-news","tag-cardenal-marc-ouellet","tag-trending-es"],"acf":[],"yoast_head":"<!-- This site is optimized with the Yoast SEO plugin v27.4 - https:\/\/yoast.com\/product\/yoast-seo-wordpress\/ -->\n<title>Papa Francisco: No hay elementos suficientes para investigar al cardenal Ouellet &#8211; Exaudi<\/title>\n<meta name=\"robots\" content=\"index, follow, max-snippet:-1, max-image-preview:large, max-video-preview:-1\" \/>\n<link rel=\"canonical\" href=\"https:\/\/exaudi.org\/es\/papa-francisco-no-hay-elementos-suficientes-para-investigar-al-cardenal-ouellet\/\" \/>\n<meta property=\"og:locale\" content=\"es_ES\" \/>\n<meta property=\"og:type\" content=\"article\" \/>\n<meta property=\"og:title\" content=\"Papa Francisco: No hay elementos suficientes para investigar al cardenal Ouellet &#8211; Exaudi\" \/>\n<meta property=\"og:description\" content=\"La acusaci\u00f3n denunci\u00f3 unos hechos presuntamente ocurridos hace m\u00e1s de una d\u00e9cada\" \/>\n<meta property=\"og:url\" content=\"https:\/\/exaudi.org\/es\/papa-francisco-no-hay-elementos-suficientes-para-investigar-al-cardenal-ouellet\/\" \/>\n<meta property=\"og:site_name\" content=\"Exaudi\" \/>\n<meta property=\"article:publisher\" content=\"https:\/\/www.facebook.com\/ExaudiNews\" \/>\n<meta property=\"article:published_time\" content=\"2022-08-19T08:51:01+00:00\" \/>\n<meta property=\"article:modified_time\" content=\"2022-08-19T17:24:14+00:00\" \/>\n<meta property=\"og:image\" content=\"https:\/\/exaudi.org\/wp-content\/uploads\/2022\/08\/Screenshot-2022-08-19-at-10.40.56-1024x574.png\" \/>\n\t<meta property=\"og:image:width\" content=\"1024\" \/>\n\t<meta property=\"og:image:height\" content=\"574\" \/>\n\t<meta property=\"og:image:type\" content=\"image\/png\" \/>\n<meta name=\"author\" content=\"Albert Peguero\" \/>\n<meta name=\"twitter:card\" content=\"summary_large_image\" \/>\n<meta name=\"twitter:creator\" content=\"@Exaudi_News\" \/>\n<meta name=\"twitter:site\" content=\"@Exaudi_News\" \/>\n<meta name=\"twitter:label1\" content=\"Escrito por\" \/>\n\t<meta name=\"twitter:data1\" content=\"Albert Peguero\" \/>\n\t<meta name=\"twitter:label2\" content=\"Tiempo de lectura\" \/>\n\t<meta name=\"twitter:data2\" content=\"1 minuto\" \/>\n<script type=\"application\/ld+json\" class=\"yoast-schema-graph\">{\"@context\":\"https:\\\/\\\/schema.org\",\"@graph\":[{\"@type\":\"Article\",\"@id\":\"https:\\\/\\\/exaudi.org\\\/es\\\/papa-francisco-no-hay-elementos-suficientes-para-investigar-al-cardenal-ouellet\\\/#article\",\"isPartOf\":{\"@id\":\"https:\\\/\\\/exaudi.org\\\/es\\\/papa-francisco-no-hay-elementos-suficientes-para-investigar-al-cardenal-ouellet\\\/\"},\"author\":{\"name\":\"Albert Peguero\",\"@id\":\"https:\\\/\\\/exaudi.org\\\/#\\\/schema\\\/person\\\/e5cb22dbdbb98e7e46d943ed55a82fde\"},\"headline\":\"Papa Francisco: No hay elementos suficientes para investigar al cardenal Ouellet\",\"datePublished\":\"2022-08-19T08:51:01+00:00\",\"dateModified\":\"2022-08-19T17:24:14+00:00\",\"mainEntityOfPage\":{\"@id\":\"https:\\\/\\\/exaudi.org\\\/es\\\/papa-francisco-no-hay-elementos-suficientes-para-investigar-al-cardenal-ouellet\\\/\"},\"wordCount\":239,\"image\":{\"@id\":\"https:\\\/\\\/exaudi.org\\\/es\\\/papa-francisco-no-hay-elementos-suficientes-para-investigar-al-cardenal-ouellet\\\/#primaryimage\"},\"thumbnailUrl\":\"https:\\\/\\\/exaudi.org\\\/wp-content\\\/uploads\\\/2022\\\/08\\\/Screenshot-2022-08-19-at-10.40.56.png\",\"keywords\":[\"Cardenal Marc Ouellet\",\"Trending\"],\"articleSection\":[\"Featured News\"],\"inLanguage\":\"es\"},{\"@type\":\"WebPage\",\"@id\":\"https:\\\/\\\/exaudi.org\\\/es\\\/papa-francisco-no-hay-elementos-suficientes-para-investigar-al-cardenal-ouellet\\\/\",\"url\":\"https:\\\/\\\/exaudi.org\\\/es\\\/papa-francisco-no-hay-elementos-suficientes-para-investigar-al-cardenal-ouellet\\\/\",\"name\":\"Papa Francisco: No hay elementos suficientes para investigar al cardenal Ouellet &#8211; Exaudi\",\"isPartOf\":{\"@id\":\"https:\\\/\\\/exaudi.org\\\/#website\"},\"primaryImageOfPage\":{\"@id\":\"https:\\\/\\\/exaudi.org\\\/es\\\/papa-francisco-no-hay-elementos-suficientes-para-investigar-al-cardenal-ouellet\\\/#primaryimage\"},\"image\":{\"@id\":\"https:\\\/\\\/exaudi.org\\\/es\\\/papa-francisco-no-hay-elementos-suficientes-para-investigar-al-cardenal-ouellet\\\/#primaryimage\"},\"thumbnailUrl\":\"https:\\\/\\\/exaudi.org\\\/wp-content\\\/uploads\\\/2022\\\/08\\\/Screenshot-2022-08-19-at-10.40.56.png\",\"datePublished\":\"2022-08-19T08:51:01+00:00\",\"dateModified\":\"2022-08-19T17:24:14+00:00\",\"author\":{\"@id\":\"https:\\\/\\\/exaudi.org\\\/#\\\/schema\\\/person\\\/e5cb22dbdbb98e7e46d943ed55a82fde\"},\"breadcrumb\":{\"@id\":\"https:\\\/\\\/exaudi.org\\\/es\\\/papa-francisco-no-hay-elementos-suficientes-para-investigar-al-cardenal-ouellet\\\/#breadcrumb\"},\"inLanguage\":\"es\",\"potentialAction\":[{\"@type\":\"ReadAction\",\"target\":[\"https:\\\/\\\/exaudi.org\\\/es\\\/papa-francisco-no-hay-elementos-suficientes-para-investigar-al-cardenal-ouellet\\\/\"]}]},{\"@type\":\"ImageObject\",\"inLanguage\":\"es\",\"@id\":\"https:\\\/\\\/exaudi.org\\\/es\\\/papa-francisco-no-hay-elementos-suficientes-para-investigar-al-cardenal-ouellet\\\/#primaryimage\",\"url\":\"https:\\\/\\\/exaudi.org\\\/wp-content\\\/uploads\\\/2022\\\/08\\\/Screenshot-2022-08-19-at-10.40.56.png\",\"contentUrl\":\"https:\\\/\\\/exaudi.org\\\/wp-content\\\/uploads\\\/2022\\\/08\\\/Screenshot-2022-08-19-at-10.40.56.png\",\"width\":2552,\"height\":1430,\"caption\":\"\u00a9 Vatican Media\"},{\"@type\":\"BreadcrumbList\",\"@id\":\"https:\\\/\\\/exaudi.org\\\/es\\\/papa-francisco-no-hay-elementos-suficientes-para-investigar-al-cardenal-ouellet\\\/#breadcrumb\",\"itemListElement\":[{\"@type\":\"ListItem\",\"position\":1,\"name\":\"Portada\",\"item\":\"https:\\\/\\\/exaudi.org\\\/es\\\/\"},{\"@type\":\"ListItem\",\"position\":2,\"name\":\"Papa Francisco: No hay elementos suficientes para investigar al cardenal Ouellet\"}]},{\"@type\":\"WebSite\",\"@id\":\"https:\\\/\\\/exaudi.org\\\/#website\",\"url\":\"https:\\\/\\\/exaudi.org\\\/\",\"name\":\"Exaudi\",\"description\":\"News\",\"potentialAction\":[{\"@type\":\"SearchAction\",\"target\":{\"@type\":\"EntryPoint\",\"urlTemplate\":\"https:\\\/\\\/exaudi.org\\\/?s={search_term_string}\"},\"query-input\":{\"@type\":\"PropertyValueSpecification\",\"valueRequired\":true,\"valueName\":\"search_term_string\"}}],\"inLanguage\":\"es\"},{\"@type\":\"Person\",\"@id\":\"https:\\\/\\\/exaudi.org\\\/#\\\/schema\\\/person\\\/e5cb22dbdbb98e7e46d943ed55a82fde\",\"name\":\"Albert Peguero\",\"image\":{\"@type\":\"ImageObject\",\"inLanguage\":\"es\",\"@id\":\"https:\\\/\\\/secure.gravatar.com\\\/avatar\\\/c004d572f7c94ef3ebca3373c3dcb0b22139ecd5bcc67783043d97c3ef556492?s=96&d=mm&r=g\",\"url\":\"https:\\\/\\\/secure.gravatar.com\\\/avatar\\\/c004d572f7c94ef3ebca3373c3dcb0b22139ecd5bcc67783043d97c3ef556492?s=96&d=mm&r=g\",\"contentUrl\":\"https:\\\/\\\/secure.gravatar.com\\\/avatar\\\/c004d572f7c94ef3ebca3373c3dcb0b22139ecd5bcc67783043d97c3ef556492?s=96&d=mm&r=g\",\"caption\":\"Albert Peguero\"},\"sameAs\":[\"aramirez@exaudi.org\"],\"url\":\"https:\\\/\\\/exaudi.org\\\/es\\\/author\\\/apeguero\\\/\"}]}<\/script>\n<!-- \/ Yoast SEO plugin. -->","yoast_head_json":{"title":"Papa Francisco: No hay elementos suficientes para investigar al cardenal Ouellet &#8211; Exaudi","robots":{"index":"index","follow":"follow","max-snippet":"max-snippet:-1","max-image-preview":"max-image-preview:large","max-video-preview":"max-video-preview:-1"},"canonical":"https:\/\/exaudi.org\/es\/papa-francisco-no-hay-elementos-suficientes-para-investigar-al-cardenal-ouellet\/","og_locale":"es_ES","og_type":"article","og_title":"Papa Francisco: No hay elementos suficientes para investigar al cardenal Ouellet &#8211; Exaudi","og_description":"La acusaci\u00f3n denunci\u00f3 unos hechos presuntamente ocurridos hace m\u00e1s de una d\u00e9cada","og_url":"https:\/\/exaudi.org\/es\/papa-francisco-no-hay-elementos-suficientes-para-investigar-al-cardenal-ouellet\/","og_site_name":"Exaudi","article_publisher":"https:\/\/www.facebook.com\/ExaudiNews","article_published_time":"2022-08-19T08:51:01+00:00","article_modified_time":"2022-08-19T17:24:14+00:00","og_image":[{"width":1024,"height":574,"url":"https:\/\/exaudi.org\/wp-content\/uploads\/2022\/08\/Screenshot-2022-08-19-at-10.40.56-1024x574.png","type":"image\/png"}],"author":"Albert Peguero","twitter_card":"summary_large_image","twitter_creator":"@Exaudi_News","twitter_site":"@Exaudi_News","twitter_misc":{"Escrito por":"Albert Peguero","Tiempo de lectura":"1 minuto"},"schema":{"@context":"https:\/\/schema.org","@graph":[{"@type":"Article","@id":"https:\/\/exaudi.org\/es\/papa-francisco-no-hay-elementos-suficientes-para-investigar-al-cardenal-ouellet\/#article","isPartOf":{"@id":"https:\/\/exaudi.org\/es\/papa-francisco-no-hay-elementos-suficientes-para-investigar-al-cardenal-ouellet\/"},"author":{"name":"Albert Peguero","@id":"https:\/\/exaudi.org\/#\/schema\/person\/e5cb22dbdbb98e7e46d943ed55a82fde"},"headline":"Papa Francisco: No hay elementos suficientes para investigar al cardenal Ouellet","datePublished":"2022-08-19T08:51:01+00:00","dateModified":"2022-08-19T17:24:14+00:00","mainEntityOfPage":{"@id":"https:\/\/exaudi.org\/es\/papa-francisco-no-hay-elementos-suficientes-para-investigar-al-cardenal-ouellet\/"},"wordCount":239,"image":{"@id":"https:\/\/exaudi.org\/es\/papa-francisco-no-hay-elementos-suficientes-para-investigar-al-cardenal-ouellet\/#primaryimage"},"thumbnailUrl":"https:\/\/exaudi.org\/wp-content\/uploads\/2022\/08\/Screenshot-2022-08-19-at-10.40.56.png","keywords":["Cardenal Marc Ouellet","Trending"],"articleSection":["Featured News"],"inLanguage":"es"},{"@type":"WebPage","@id":"https:\/\/exaudi.org\/es\/papa-francisco-no-hay-elementos-suficientes-para-investigar-al-cardenal-ouellet\/","url":"https:\/\/exaudi.org\/es\/papa-francisco-no-hay-elementos-suficientes-para-investigar-al-cardenal-ouellet\/","name":"Papa Francisco: No hay elementos suficientes para investigar al cardenal Ouellet &#8211; Exaudi","isPartOf":{"@id":"https:\/\/exaudi.org\/#website"},"primaryImageOfPage":{"@id":"https:\/\/exaudi.org\/es\/papa-francisco-no-hay-elementos-suficientes-para-investigar-al-cardenal-ouellet\/#primaryimage"},"image":{"@id":"https:\/\/exaudi.org\/es\/papa-francisco-no-hay-elementos-suficientes-para-investigar-al-cardenal-ouellet\/#primaryimage"},"thumbnailUrl":"https:\/\/exaudi.org\/wp-content\/uploads\/2022\/08\/Screenshot-2022-08-19-at-10.40.56.png","datePublished":"2022-08-19T08:51:01+00:00","dateModified":"2022-08-19T17:24:14+00:00","author":{"@id":"https:\/\/exaudi.org\/#\/schema\/person\/e5cb22dbdbb98e7e46d943ed55a82fde"},"breadcrumb":{"@id":"https:\/\/exaudi.org\/es\/papa-francisco-no-hay-elementos-suficientes-para-investigar-al-cardenal-ouellet\/#breadcrumb"},"inLanguage":"es","potentialAction":[{"@type":"ReadAction","target":["https:\/\/exaudi.org\/es\/papa-francisco-no-hay-elementos-suficientes-para-investigar-al-cardenal-ouellet\/"]}]},{"@type":"ImageObject","inLanguage":"es","@id":"https:\/\/exaudi.org\/es\/papa-francisco-no-hay-elementos-suficientes-para-investigar-al-cardenal-ouellet\/#primaryimage","url":"https:\/\/exaudi.org\/wp-content\/uploads\/2022\/08\/Screenshot-2022-08-19-at-10.40.56.png","contentUrl":"https:\/\/exaudi.org\/wp-content\/uploads\/2022\/08\/Screenshot-2022-08-19-at-10.40.56.png","width":2552,"height":1430,"caption":"\u00a9 Vatican Media"},{"@type":"BreadcrumbList","@id":"https:\/\/exaudi.org\/es\/papa-francisco-no-hay-elementos-suficientes-para-investigar-al-cardenal-ouellet\/#breadcrumb","itemListElement":[{"@type":"ListItem","position":1,"name":"Portada","item":"https:\/\/exaudi.org\/es\/"},{"@type":"ListItem","position":2,"name":"Papa Francisco: No hay elementos suficientes para investigar al cardenal Ouellet"}]},{"@type":"WebSite","@id":"https:\/\/exaudi.org\/#website","url":"https:\/\/exaudi.org\/","name":"Exaudi","description":"News","potentialAction":[{"@type":"SearchAction","target":{"@type":"EntryPoint","urlTemplate":"https:\/\/exaudi.org\/?s={search_term_string}"},"query-input":{"@type":"PropertyValueSpecification","valueRequired":true,"valueName":"search_term_string"}}],"inLanguage":"es"},{"@type":"Person","@id":"https:\/\/exaudi.org\/#\/schema\/person\/e5cb22dbdbb98e7e46d943ed55a82fde","name":"Albert Peguero","image":{"@type":"ImageObject","inLanguage":"es","@id":"https:\/\/secure.gravatar.com\/avatar\/c004d572f7c94ef3ebca3373c3dcb0b22139ecd5bcc67783043d97c3ef556492?s=96&d=mm&r=g","url":"https:\/\/secure.gravatar.com\/avatar\/c004d572f7c94ef3ebca3373c3dcb0b22139ecd5bcc67783043d97c3ef556492?s=96&d=mm&r=g","contentUrl":"https:\/\/secure.gravatar.com\/avatar\/c004d572f7c94ef3ebca3373c3dcb0b22139ecd5bcc67783043d97c3ef556492?s=96&d=mm&r=g","caption":"Albert Peguero"},"sameAs":["aramirez@exaudi.org"],"url":"https:\/\/exaudi.org\/es\/author\/apeguero\/"}]}},"jetpack_featured_media_url":"https:\/\/exaudi.org\/wp-content\/uploads\/2022\/08\/Screenshot-2022-08-19-at-10.40.56.png","jetpack_shortlink":"https:\/\/wp.me\/pgKjF2-fOe","_links":{"self":[{"href":"https:\/\/exaudi.org\/es\/wp-json\/wp\/v2\/posts\/60774","targetHints":{"allow":["GET"]}}],"collection":[{"href":"https:\/\/exaudi.org\/es\/wp-json\/wp\/v2\/posts"}],"about":[{"href":"https:\/\/exaudi.org\/es\/wp-json\/wp\/v2\/types\/post"}],"author":[{"embeddable":true,"href":"https:\/\/exaudi.org\/es\/wp-json\/wp\/v2\/users\/106"}],"replies":[{"embeddable":true,"href":"https:\/\/exaudi.org\/es\/wp-json\/wp\/v2\/comments?post=60774"}],"version-history":[{"count":0,"href":"https:\/\/exaudi.org\/es\/wp-json\/wp\/v2\/posts\/60774\/revisions"}],"wp:featuredmedia":[{"embeddable":true,"href":"https:\/\/exaudi.org\/es\/wp-json\/wp\/v2\/media\/60775"}],"wp:attachment":[{"href":"https:\/\/exaudi.org\/es\/wp-json\/wp\/v2\/media?parent=60774"}],"wp:term":[{"taxonomy":"category","embeddable":true,"href":"https:\/\/exaudi.org\/es\/wp-json\/wp\/v2\/categories?post=60774"},{"taxonomy":"post_tag","embeddable":true,"href":"https:\/\/exaudi.org\/es\/wp-json\/wp\/v2\/tags?post=60774"}],"curies":[{"name":"wp","href":"https:\/\/api.w.org\/{rel}","templated":true}]}}