{"id":60444,"date":"2022-08-07T14:37:11","date_gmt":"2022-08-07T12:37:11","guid":{"rendered":"https:\/\/exaudi.org\/?p=60444"},"modified":"2022-08-09T13:41:10","modified_gmt":"2022-08-09T11:41:10","slug":"el-papa-amar-significa-estar-atentos-a-los-demas","status":"publish","type":"post","link":"https:\/\/exaudi.org\/es\/el-papa-amar-significa-estar-atentos-a-los-demas\/","title":{"rendered":"El Papa: \u201cAmar significa estar atentos a los dem\u00e1s\u201d"},"content":{"rendered":"<p>A las 12 del mediod\u00eda de hoy, domingo. 7 de agosto de 2022, el Santo Padre Francisco se asom\u00f3 a la ventana de su estudio en el Palacio Apost\u00f3lico Vaticano para rezar el <a href=\"https:\/\/exaudi.org\/es\/desde-los-puertos-de-ucrania-parten-naves-cargadas-de-cereales-signo-de-esperanza\/\" target=\"_blank\" rel=\"noopener\"><em>\u00c1ngelus<\/em> <\/a>con los peregrinos y fieles reunidos en la Plaza de San Pedro.<\/p>\n<p>Estas son las palabras del Papa al introducir la oraci\u00f3n mariana:<\/p>\n<p>***<\/p>\n<h3><strong>Palabras del Papa<\/strong><\/h3>\n<p><em>Queridos hermanos y hermanas, \u00a1buenos d\u00edas!<\/em><\/p>\n<p>En el <a href=\"https:\/\/www.dominicos.org\/predicacion\/evangelio-del-dia\/hoy\/lecturas\/\" target=\"_blank\" rel=\"noopener\">Evangelio de la Liturgia de hoy<\/a>, Jes\u00fas habla a los disc\u00edpulos para tranquilizarles de todo temor e invitarlos a estar alerta. Son dos las exhortaciones fundamentales que les dirige: la primera es \u201cno temas, peque\u00f1o reba\u00f1o\u201d (<em>Lc<\/em>\u00a012,32); la segunda \u201cest\u00e9n preparados\u201d (v. 35). \u201cNo temas\u201d y \u201cest\u00e9n preparados\u201d. Se trata de dos palabras-clave para derrotar los miedos que a veces nos paralizan y para superar la tentaci\u00f3n de una vida pasiva, adormecida. \u201cNo temas\u201d y \u201cest\u00e9n preparados\u201d: deteng\u00e1monos en estas dos invitaciones.<\/p>\n<p>No temas. En primer lugar, Jes\u00fas anima a los disc\u00edpulos. Acaba de terminar de hablarles del cuidado amoroso y providente del Padre, que se preocupa de los lirios del campo y de los p\u00e1jaros del cielo y, por tanto, mucho m\u00e1s de sus hijos. Por eso no hay que afanarse y agitarse: nuestra historia est\u00e1 firmemente en las manos de Dios. Nos alienta esta invitaci\u00f3n de Jes\u00fas a no temer. A veces, en efecto, nos sentimos presos de un sentimiento de desconfianza y de angustia: es el miedo a no lograrlo, a no ser reconocidos y amados, el miedo a no conseguir realizar nuestros proyectos, a no ser nunca felices, etc. Y entonces nos afanamos buscando soluciones, para encontrar alg\u00fan espacio en el que emerger, para acumular bienes y riquezas, para obtener seguridades; \u00bfy c\u00f3mo terminamos? Terminamos viviendo en la ansiedad y en la preocupaci\u00f3n constante. Jes\u00fas, sin embargo, nos tranquiliza: \u00a1no tem\u00e1is! Fiaos del Padre, que desea daros todo lo que realmente necesit\u00e1is. Ya os ha donado a su Hijo, su Reino, y siempre os acompa\u00f1a con su providencia, cuidando de cada uno de vosotros cada d\u00eda. No temas: \u00a1esta es la certeza a la que atar el coraz\u00f3n! No temas: un coraz\u00f3n atado a esta certeza. No temas.<\/p>\n<p>\u00a1Pero saber que el Se\u00f1or nos cuida con amor no nos autoriza a dormir, a dejarnos llevar por la pereza! Al contrario, debemos estar despiertos, vigilantes. En efecto, amar significa estar atentos a los dem\u00e1s, darse cuenta de sus necesidades, estar disponibles para escuchar y acoger, estar preparados.<\/p>\n<p>La segunda palabra: \u201cEst\u00e9n preparados\u201d. Es la segunda invitaci\u00f3n de hoy. Es sabidur\u00eda cristiana. Jes\u00fas repite en m\u00e1s de una ocasi\u00f3n esta invitaci\u00f3n, y hoy lo hace a trav\u00e9s de tres breves par\u00e1bolas, centradas en un patr\u00f3n de casa que, en la primera, vuelve sin previo aviso de la boda, en la segunda no quiere dejarse sorprender por los ladrones, y en la tercera vuelve de un largo viaje. En todas, el mensaje es este: es necesario estar despiertos, no dormirse, es decir no estar distra\u00eddos, no ceder a la pereza interior, porque, tambi\u00e9n en las situaciones en las que no lo esperamos, el Se\u00f1or viene. Tener esta atenci\u00f3n al Se\u00f1or, no estar dormidos. Es necesario estar despiertos.<\/p>\n<p>Y al final de nuestra vida nos pedir\u00e1 cuentas de los bienes que nos ha encomendado; por esto, vigilar significa tambi\u00e9n ser responsables, es decir custodiar y administrar esos bienes con fidelidad. Hemos recibido tanto: la vida, la fe, la familia, las relaciones, el trabajo, pero tambi\u00e9n los lugares en los que vivimos, nuestra ciudad, la creaci\u00f3n. Hemos recibido muchas cosas. Tratemos de preguntarnos: \u00bfcuidamos de este patrimonio que el Se\u00f1or nos ha dejado? \u00bfCustodiamos la belleza o usamos las cosas solo para nosotros y para nuestras conveniencias del momento? Tenemos que pensar un poco en esto: \u00bfsomos custodios de lo que se nos ha dado?<\/p>\n<p>Hermanos y hermanas, caminemos sin miedo, en la certeza de que el Se\u00f1or nos acompa\u00f1a siempre. Y estemos despiertos, para que no nos durmamos mientras el Se\u00f1or pasa. San Agust\u00edn dec\u00eda: \u201cTengo miedo de que el Se\u00f1or pase y no me d\u00e9 cuenta\u201d; de estar dormido y no darme cuenta de que el Se\u00f1or pasa. \u00a1Estad despiertos! Que nos ayude la Virgen Mar\u00eda, que ha acogido la visita del Se\u00f1or y, con prontitud y generosidad, ha dicho su \u201che aqu\u00ed\u201d.<\/p>\n<p>&nbsp;<\/p>\n","protected":false},"excerpt":{"rendered":"<p>Palabras del Santo Padre antes del \u00c1ngelus<\/p>\n","protected":false},"author":15,"featured_media":60445,"comment_status":"closed","ping_status":"closed","sticky":false,"template":"","format":"standard","meta":{"_acf_changed":false,"_crdt_document":"","inline_featured_image":false,"footnotes":""},"categories":[70,68],"tags":[6710,4953],"class_list":["post-60444","post","type-post","status-publish","format-standard","has-post-thumbnail","hentry","category-angelus-es","category-leon-xiv","tag-angelus-7-agosto-2022","tag-trending-es"],"acf":[],"yoast_head":"<!-- This site is optimized with the Yoast SEO plugin v27.4 - https:\/\/yoast.com\/product\/yoast-seo-wordpress\/ -->\n<title>El Papa: \u201cAmar significa estar atentos a los dem\u00e1s\u201d &#8211; Exaudi<\/title>\n<meta name=\"robots\" content=\"index, follow, max-snippet:-1, max-image-preview:large, max-video-preview:-1\" \/>\n<link rel=\"canonical\" href=\"https:\/\/exaudi.org\/es\/el-papa-amar-significa-estar-atentos-a-los-demas\/\" \/>\n<meta property=\"og:locale\" content=\"es_ES\" \/>\n<meta property=\"og:type\" content=\"article\" \/>\n<meta property=\"og:title\" content=\"El Papa: \u201cAmar significa estar atentos a los dem\u00e1s\u201d &#8211; Exaudi\" \/>\n<meta property=\"og:description\" content=\"Palabras del Santo Padre antes del \u00c1ngelus\" \/>\n<meta property=\"og:url\" content=\"https:\/\/exaudi.org\/es\/el-papa-amar-significa-estar-atentos-a-los-demas\/\" \/>\n<meta property=\"og:site_name\" content=\"Exaudi\" \/>\n<meta property=\"article:publisher\" content=\"https:\/\/www.facebook.com\/ExaudiNews\" \/>\n<meta property=\"article:author\" content=\"https:\/\/www.facebook.com\/ExaudiNoticias\/\" \/>\n<meta property=\"article:published_time\" content=\"2022-08-07T12:37:11+00:00\" \/>\n<meta property=\"article:modified_time\" content=\"2022-08-09T11:41:10+00:00\" \/>\n<meta property=\"og:image\" content=\"https:\/\/exaudi.org\/wp-content\/uploads\/2022\/08\/Angelus-7-agosto-2022-scaled.jpg\" \/>\n\t<meta property=\"og:image:width\" content=\"2560\" \/>\n\t<meta property=\"og:image:height\" content=\"1707\" \/>\n\t<meta property=\"og:image:type\" content=\"image\/jpeg\" \/>\n<meta name=\"author\" content=\"Exaudi Redacci\u00f3n\" \/>\n<meta name=\"twitter:card\" content=\"summary_large_image\" \/>\n<meta name=\"twitter:creator\" content=\"@Exaudi_noticias\" \/>\n<meta name=\"twitter:site\" content=\"@Exaudi_News\" \/>\n<meta name=\"twitter:label1\" content=\"Escrito por\" \/>\n\t<meta name=\"twitter:data1\" content=\"Exaudi Redacci\u00f3n\" \/>\n\t<meta name=\"twitter:label2\" content=\"Tiempo de lectura\" \/>\n\t<meta name=\"twitter:data2\" content=\"4 minutos\" \/>\n<script type=\"application\/ld+json\" class=\"yoast-schema-graph\">{\"@context\":\"https:\\\/\\\/schema.org\",\"@graph\":[{\"@type\":\"Article\",\"@id\":\"https:\\\/\\\/exaudi.org\\\/es\\\/el-papa-amar-significa-estar-atentos-a-los-demas\\\/#article\",\"isPartOf\":{\"@id\":\"https:\\\/\\\/exaudi.org\\\/es\\\/el-papa-amar-significa-estar-atentos-a-los-demas\\\/\"},\"author\":{\"name\":\"Exaudi Redacci\u00f3n\",\"@id\":\"https:\\\/\\\/exaudi.org\\\/#\\\/schema\\\/person\\\/f5fc8f063065e38742da7afe15f25df7\"},\"headline\":\"El Papa: \u201cAmar significa estar atentos a los dem\u00e1s\u201d\",\"datePublished\":\"2022-08-07T12:37:11+00:00\",\"dateModified\":\"2022-08-09T11:41:10+00:00\",\"mainEntityOfPage\":{\"@id\":\"https:\\\/\\\/exaudi.org\\\/es\\\/el-papa-amar-significa-estar-atentos-a-los-demas\\\/\"},\"wordCount\":778,\"image\":{\"@id\":\"https:\\\/\\\/exaudi.org\\\/es\\\/el-papa-amar-significa-estar-atentos-a-los-demas\\\/#primaryimage\"},\"thumbnailUrl\":\"https:\\\/\\\/exaudi.org\\\/wp-content\\\/uploads\\\/2022\\\/08\\\/Angelus-7-agosto-2022-scaled.jpg\",\"keywords\":[\"\u00c1ngelus 7 agosto 2022\",\"Trending\"],\"articleSection\":[\"\u00c1ngelus\",\"Le\u00f3n XIV\"],\"inLanguage\":\"es\"},{\"@type\":\"WebPage\",\"@id\":\"https:\\\/\\\/exaudi.org\\\/es\\\/el-papa-amar-significa-estar-atentos-a-los-demas\\\/\",\"url\":\"https:\\\/\\\/exaudi.org\\\/es\\\/el-papa-amar-significa-estar-atentos-a-los-demas\\\/\",\"name\":\"El Papa: \u201cAmar significa estar atentos a los dem\u00e1s\u201d &#8211; Exaudi\",\"isPartOf\":{\"@id\":\"https:\\\/\\\/exaudi.org\\\/#website\"},\"primaryImageOfPage\":{\"@id\":\"https:\\\/\\\/exaudi.org\\\/es\\\/el-papa-amar-significa-estar-atentos-a-los-demas\\\/#primaryimage\"},\"image\":{\"@id\":\"https:\\\/\\\/exaudi.org\\\/es\\\/el-papa-amar-significa-estar-atentos-a-los-demas\\\/#primaryimage\"},\"thumbnailUrl\":\"https:\\\/\\\/exaudi.org\\\/wp-content\\\/uploads\\\/2022\\\/08\\\/Angelus-7-agosto-2022-scaled.jpg\",\"datePublished\":\"2022-08-07T12:37:11+00:00\",\"dateModified\":\"2022-08-09T11:41:10+00:00\",\"author\":{\"@id\":\"https:\\\/\\\/exaudi.org\\\/#\\\/schema\\\/person\\\/f5fc8f063065e38742da7afe15f25df7\"},\"breadcrumb\":{\"@id\":\"https:\\\/\\\/exaudi.org\\\/es\\\/el-papa-amar-significa-estar-atentos-a-los-demas\\\/#breadcrumb\"},\"inLanguage\":\"es\",\"potentialAction\":[{\"@type\":\"ReadAction\",\"target\":[\"https:\\\/\\\/exaudi.org\\\/es\\\/el-papa-amar-significa-estar-atentos-a-los-demas\\\/\"]}]},{\"@type\":\"ImageObject\",\"inLanguage\":\"es\",\"@id\":\"https:\\\/\\\/exaudi.org\\\/es\\\/el-papa-amar-significa-estar-atentos-a-los-demas\\\/#primaryimage\",\"url\":\"https:\\\/\\\/exaudi.org\\\/wp-content\\\/uploads\\\/2022\\\/08\\\/Angelus-7-agosto-2022-scaled.jpg\",\"contentUrl\":\"https:\\\/\\\/exaudi.org\\\/wp-content\\\/uploads\\\/2022\\\/08\\\/Angelus-7-agosto-2022-scaled.jpg\",\"width\":2560,\"height\":1707,\"caption\":\"\u00c1ngelus 7 agosto 2022 \u00a9 Vatican Media\"},{\"@type\":\"BreadcrumbList\",\"@id\":\"https:\\\/\\\/exaudi.org\\\/es\\\/el-papa-amar-significa-estar-atentos-a-los-demas\\\/#breadcrumb\",\"itemListElement\":[{\"@type\":\"ListItem\",\"position\":1,\"name\":\"Portada\",\"item\":\"https:\\\/\\\/exaudi.org\\\/es\\\/\"},{\"@type\":\"ListItem\",\"position\":2,\"name\":\"El Papa: \u201cAmar significa estar atentos a los dem\u00e1s\u201d\"}]},{\"@type\":\"WebSite\",\"@id\":\"https:\\\/\\\/exaudi.org\\\/#website\",\"url\":\"https:\\\/\\\/exaudi.org\\\/\",\"name\":\"Exaudi\",\"description\":\"News\",\"potentialAction\":[{\"@type\":\"SearchAction\",\"target\":{\"@type\":\"EntryPoint\",\"urlTemplate\":\"https:\\\/\\\/exaudi.org\\\/?s={search_term_string}\"},\"query-input\":{\"@type\":\"PropertyValueSpecification\",\"valueRequired\":true,\"valueName\":\"search_term_string\"}}],\"inLanguage\":\"es\"},{\"@type\":\"Person\",\"@id\":\"https:\\\/\\\/exaudi.org\\\/#\\\/schema\\\/person\\\/f5fc8f063065e38742da7afe15f25df7\",\"name\":\"Exaudi Redacci\u00f3n\",\"image\":{\"@type\":\"ImageObject\",\"inLanguage\":\"es\",\"@id\":\"https:\\\/\\\/secure.gravatar.com\\\/avatar\\\/fe0f6a059fb68d9b3e11bc5850dd4899b1c7492091a3cb6dd9b01b56ad828be2?s=96&d=mm&r=g\",\"url\":\"https:\\\/\\\/secure.gravatar.com\\\/avatar\\\/fe0f6a059fb68d9b3e11bc5850dd4899b1c7492091a3cb6dd9b01b56ad828be2?s=96&d=mm&r=g\",\"contentUrl\":\"https:\\\/\\\/secure.gravatar.com\\\/avatar\\\/fe0f6a059fb68d9b3e11bc5850dd4899b1c7492091a3cb6dd9b01b56ad828be2?s=96&d=mm&r=g\",\"caption\":\"Exaudi Redacci\u00f3n\"},\"description\":\"\u00bfQu\u00e9 es Exaudi News? Exaudi News es un medio de comunicaci\u00f3n cat\u00f3lico internacional que informa, forma y transforma, diariamente en espa\u00f1ol, ingl\u00e9s e italiano. A trav\u00e9s de noticias, art\u00edculos de an\u00e1lisis y transmisiones en directo de los eventos del Papa, Exaudi busca fortalecer la unidad de los cristianos y contribuir a la evangelizaci\u00f3n del mundo, siempre guiados por la doctrina social de la Iglesia. Trabajamos para acercar la verdad y los valores cristianos a cada rinc\u00f3n del planeta. \u00a1Ay\u00fadanos a transformar el mundo con Exaudi! En Exaudi creemos que la evangelizaci\u00f3n y la informaci\u00f3n de calidad pueden cambiar vidas. Para continuar con nuestra misi\u00f3n y expandir nuestro alcance, necesitamos tu ayuda. Adem\u00e1s, buscamos personas comprometidas que deseen unirse a nuestro equipo. Con tu apoyo, lograremos llegar a m\u00e1s personas, difundir el mensaje de Cristo y reforzar la unidad de los cristianos. \u00bfTe unes a nuestra misi\u00f3n? Para m\u00e1s informaci\u00f3n sobre c\u00f3mo colaborar, visita Exaudi.org\\\/es o cont\u00e1ctanos directamente: info@exaudi.org Exaudi: Informa, forma y transforma.\",\"sameAs\":[\"https:\\\/\\\/www.facebook.com\\\/ExaudiNoticias\\\/\",\"https:\\\/\\\/www.instagram.com\\\/exaudi_noticias\\\/\",\"https:\\\/\\\/x.com\\\/Exaudi_noticias\",\"https:\\\/\\\/www.youtube.com\\\/@exaudicatholicnews\"],\"url\":\"https:\\\/\\\/exaudi.org\\\/es\\\/author\\\/redaccionexaudi\\\/\"}]}<\/script>\n<!-- \/ Yoast SEO plugin. -->","yoast_head_json":{"title":"El Papa: \u201cAmar significa estar atentos a los dem\u00e1s\u201d &#8211; Exaudi","robots":{"index":"index","follow":"follow","max-snippet":"max-snippet:-1","max-image-preview":"max-image-preview:large","max-video-preview":"max-video-preview:-1"},"canonical":"https:\/\/exaudi.org\/es\/el-papa-amar-significa-estar-atentos-a-los-demas\/","og_locale":"es_ES","og_type":"article","og_title":"El Papa: \u201cAmar significa estar atentos a los dem\u00e1s\u201d &#8211; Exaudi","og_description":"Palabras del Santo Padre antes del \u00c1ngelus","og_url":"https:\/\/exaudi.org\/es\/el-papa-amar-significa-estar-atentos-a-los-demas\/","og_site_name":"Exaudi","article_publisher":"https:\/\/www.facebook.com\/ExaudiNews","article_author":"https:\/\/www.facebook.com\/ExaudiNoticias\/","article_published_time":"2022-08-07T12:37:11+00:00","article_modified_time":"2022-08-09T11:41:10+00:00","og_image":[{"width":2560,"height":1707,"url":"https:\/\/exaudi.org\/wp-content\/uploads\/2022\/08\/Angelus-7-agosto-2022-scaled.jpg","type":"image\/jpeg"}],"author":"Exaudi Redacci\u00f3n","twitter_card":"summary_large_image","twitter_creator":"@Exaudi_noticias","twitter_site":"@Exaudi_News","twitter_misc":{"Escrito por":"Exaudi Redacci\u00f3n","Tiempo de lectura":"4 minutos"},"schema":{"@context":"https:\/\/schema.org","@graph":[{"@type":"Article","@id":"https:\/\/exaudi.org\/es\/el-papa-amar-significa-estar-atentos-a-los-demas\/#article","isPartOf":{"@id":"https:\/\/exaudi.org\/es\/el-papa-amar-significa-estar-atentos-a-los-demas\/"},"author":{"name":"Exaudi Redacci\u00f3n","@id":"https:\/\/exaudi.org\/#\/schema\/person\/f5fc8f063065e38742da7afe15f25df7"},"headline":"El Papa: \u201cAmar significa estar atentos a los dem\u00e1s\u201d","datePublished":"2022-08-07T12:37:11+00:00","dateModified":"2022-08-09T11:41:10+00:00","mainEntityOfPage":{"@id":"https:\/\/exaudi.org\/es\/el-papa-amar-significa-estar-atentos-a-los-demas\/"},"wordCount":778,"image":{"@id":"https:\/\/exaudi.org\/es\/el-papa-amar-significa-estar-atentos-a-los-demas\/#primaryimage"},"thumbnailUrl":"https:\/\/exaudi.org\/wp-content\/uploads\/2022\/08\/Angelus-7-agosto-2022-scaled.jpg","keywords":["\u00c1ngelus 7 agosto 2022","Trending"],"articleSection":["\u00c1ngelus","Le\u00f3n XIV"],"inLanguage":"es"},{"@type":"WebPage","@id":"https:\/\/exaudi.org\/es\/el-papa-amar-significa-estar-atentos-a-los-demas\/","url":"https:\/\/exaudi.org\/es\/el-papa-amar-significa-estar-atentos-a-los-demas\/","name":"El Papa: \u201cAmar significa estar atentos a los dem\u00e1s\u201d &#8211; Exaudi","isPartOf":{"@id":"https:\/\/exaudi.org\/#website"},"primaryImageOfPage":{"@id":"https:\/\/exaudi.org\/es\/el-papa-amar-significa-estar-atentos-a-los-demas\/#primaryimage"},"image":{"@id":"https:\/\/exaudi.org\/es\/el-papa-amar-significa-estar-atentos-a-los-demas\/#primaryimage"},"thumbnailUrl":"https:\/\/exaudi.org\/wp-content\/uploads\/2022\/08\/Angelus-7-agosto-2022-scaled.jpg","datePublished":"2022-08-07T12:37:11+00:00","dateModified":"2022-08-09T11:41:10+00:00","author":{"@id":"https:\/\/exaudi.org\/#\/schema\/person\/f5fc8f063065e38742da7afe15f25df7"},"breadcrumb":{"@id":"https:\/\/exaudi.org\/es\/el-papa-amar-significa-estar-atentos-a-los-demas\/#breadcrumb"},"inLanguage":"es","potentialAction":[{"@type":"ReadAction","target":["https:\/\/exaudi.org\/es\/el-papa-amar-significa-estar-atentos-a-los-demas\/"]}]},{"@type":"ImageObject","inLanguage":"es","@id":"https:\/\/exaudi.org\/es\/el-papa-amar-significa-estar-atentos-a-los-demas\/#primaryimage","url":"https:\/\/exaudi.org\/wp-content\/uploads\/2022\/08\/Angelus-7-agosto-2022-scaled.jpg","contentUrl":"https:\/\/exaudi.org\/wp-content\/uploads\/2022\/08\/Angelus-7-agosto-2022-scaled.jpg","width":2560,"height":1707,"caption":"\u00c1ngelus 7 agosto 2022 \u00a9 Vatican Media"},{"@type":"BreadcrumbList","@id":"https:\/\/exaudi.org\/es\/el-papa-amar-significa-estar-atentos-a-los-demas\/#breadcrumb","itemListElement":[{"@type":"ListItem","position":1,"name":"Portada","item":"https:\/\/exaudi.org\/es\/"},{"@type":"ListItem","position":2,"name":"El Papa: \u201cAmar significa estar atentos a los dem\u00e1s\u201d"}]},{"@type":"WebSite","@id":"https:\/\/exaudi.org\/#website","url":"https:\/\/exaudi.org\/","name":"Exaudi","description":"News","potentialAction":[{"@type":"SearchAction","target":{"@type":"EntryPoint","urlTemplate":"https:\/\/exaudi.org\/?s={search_term_string}"},"query-input":{"@type":"PropertyValueSpecification","valueRequired":true,"valueName":"search_term_string"}}],"inLanguage":"es"},{"@type":"Person","@id":"https:\/\/exaudi.org\/#\/schema\/person\/f5fc8f063065e38742da7afe15f25df7","name":"Exaudi Redacci\u00f3n","image":{"@type":"ImageObject","inLanguage":"es","@id":"https:\/\/secure.gravatar.com\/avatar\/fe0f6a059fb68d9b3e11bc5850dd4899b1c7492091a3cb6dd9b01b56ad828be2?s=96&d=mm&r=g","url":"https:\/\/secure.gravatar.com\/avatar\/fe0f6a059fb68d9b3e11bc5850dd4899b1c7492091a3cb6dd9b01b56ad828be2?s=96&d=mm&r=g","contentUrl":"https:\/\/secure.gravatar.com\/avatar\/fe0f6a059fb68d9b3e11bc5850dd4899b1c7492091a3cb6dd9b01b56ad828be2?s=96&d=mm&r=g","caption":"Exaudi Redacci\u00f3n"},"description":"\u00bfQu\u00e9 es Exaudi News? Exaudi News es un medio de comunicaci\u00f3n cat\u00f3lico internacional que informa, forma y transforma, diariamente en espa\u00f1ol, ingl\u00e9s e italiano. A trav\u00e9s de noticias, art\u00edculos de an\u00e1lisis y transmisiones en directo de los eventos del Papa, Exaudi busca fortalecer la unidad de los cristianos y contribuir a la evangelizaci\u00f3n del mundo, siempre guiados por la doctrina social de la Iglesia. Trabajamos para acercar la verdad y los valores cristianos a cada rinc\u00f3n del planeta. \u00a1Ay\u00fadanos a transformar el mundo con Exaudi! En Exaudi creemos que la evangelizaci\u00f3n y la informaci\u00f3n de calidad pueden cambiar vidas. Para continuar con nuestra misi\u00f3n y expandir nuestro alcance, necesitamos tu ayuda. Adem\u00e1s, buscamos personas comprometidas que deseen unirse a nuestro equipo. Con tu apoyo, lograremos llegar a m\u00e1s personas, difundir el mensaje de Cristo y reforzar la unidad de los cristianos. \u00bfTe unes a nuestra misi\u00f3n? Para m\u00e1s informaci\u00f3n sobre c\u00f3mo colaborar, visita Exaudi.org\/es o cont\u00e1ctanos directamente: info@exaudi.org Exaudi: Informa, forma y transforma.","sameAs":["https:\/\/www.facebook.com\/ExaudiNoticias\/","https:\/\/www.instagram.com\/exaudi_noticias\/","https:\/\/x.com\/Exaudi_noticias","https:\/\/www.youtube.com\/@exaudicatholicnews"],"url":"https:\/\/exaudi.org\/es\/author\/redaccionexaudi\/"}]}},"jetpack_featured_media_url":"https:\/\/exaudi.org\/wp-content\/uploads\/2022\/08\/Angelus-7-agosto-2022-scaled.jpg","jetpack_shortlink":"https:\/\/wp.me\/pgKjF2-fIU","_links":{"self":[{"href":"https:\/\/exaudi.org\/es\/wp-json\/wp\/v2\/posts\/60444","targetHints":{"allow":["GET"]}}],"collection":[{"href":"https:\/\/exaudi.org\/es\/wp-json\/wp\/v2\/posts"}],"about":[{"href":"https:\/\/exaudi.org\/es\/wp-json\/wp\/v2\/types\/post"}],"author":[{"embeddable":true,"href":"https:\/\/exaudi.org\/es\/wp-json\/wp\/v2\/users\/15"}],"replies":[{"embeddable":true,"href":"https:\/\/exaudi.org\/es\/wp-json\/wp\/v2\/comments?post=60444"}],"version-history":[{"count":0,"href":"https:\/\/exaudi.org\/es\/wp-json\/wp\/v2\/posts\/60444\/revisions"}],"wp:featuredmedia":[{"embeddable":true,"href":"https:\/\/exaudi.org\/es\/wp-json\/wp\/v2\/media\/60445"}],"wp:attachment":[{"href":"https:\/\/exaudi.org\/es\/wp-json\/wp\/v2\/media?parent=60444"}],"wp:term":[{"taxonomy":"category","embeddable":true,"href":"https:\/\/exaudi.org\/es\/wp-json\/wp\/v2\/categories?post=60444"},{"taxonomy":"post_tag","embeddable":true,"href":"https:\/\/exaudi.org\/es\/wp-json\/wp\/v2\/tags?post=60444"}],"curies":[{"name":"wp","href":"https:\/\/api.w.org\/{rel}","templated":true}]}}