{"id":60421,"date":"2022-08-05T21:13:22","date_gmt":"2022-08-05T19:13:22","guid":{"rendered":"https:\/\/exaudi.org\/?p=60421"},"modified":"2022-08-05T21:15:38","modified_gmt":"2022-08-05T19:15:38","slug":"petro-oros-sacerdote-ucraniano-martirizado-sera-beatificado","status":"publish","type":"post","link":"https:\/\/exaudi.org\/es\/petro-oros-sacerdote-ucraniano-martirizado-sera-beatificado\/","title":{"rendered":"Petro Oros, sacerdote ucraniano martirizado, ser\u00e1 beatificado"},"content":{"rendered":"<p>Petro Oros, sacerdote ucraniano martirizado bajo el r\u00e9gimen sovi\u00e9tico, ser\u00e1 beatificado.<\/p>\n<p>La Oficina de Prensa de la Santa Sede ha informado hoy, 5 de julio de 2022, que durante la audiencia concedida el cardenal Marcello Semeraro, prefecto del Dicasterio para las Causas de los Santos, el Sumo Pont\u00edfice autoriz\u00f3 al \u00a0Dicasterio a promulgar el Decreto relativo al martirio del siervo de Dios Pedro Pablo Oros, sacerdote de la Eparqu\u00eda de Muk\u00e1chevo en Ucrania.<\/p>\n<h2><strong>Causa por martirio<\/strong><\/h2>\n<p>Una\u00a0<a href=\"https:\/\/exaudi.org\/es\/postulador-reflexiona-sobre-el-atractivo-de-los-santos\/\">causa de santidad<\/a>\u00a0introducida por motivo de martirio se centra en el momento de la muerte del siervo de Dios, pues se trata de demostrar que muri\u00f3 por odio a la fe.<\/p>\n<p>Si la causa de beatificaci\u00f3n se sigue por la v\u00eda de martirio, no se procede a la declaraci\u00f3n de venerable. El reconocimiento del martirio abre el camino para la beatificaci\u00f3n de ese siervo de Dios. Un milagro, posterior a la proclamaci\u00f3n de beato, solo ser\u00e1 necesario para la eventual canonizaci\u00f3n<strong>.<\/strong><\/p>\n<h2><strong>Nuevos venerables<\/strong><\/h2>\n<p>En la misma comunicaci\u00f3n, la Oficina de Prensa de la Santa Sede da a conocer tambi\u00e9n la autorizaci\u00f3n del Decreto relativo a las virtudes heroicas del\u00a0<a href=\"http:\/\/www.causesanti.va\/it\/venerabili\/jesus-antonio-gomez-gomez.html\">Siervo de Dios Jes\u00fas Antonio G\u00f3mez G\u00f3mez<\/a>, \u201cla l\u00e1mpara del Sant\u00edsimo\u201d, sacerdote diocesano nacido el 26 de marzo de 1895 en El Santuario (Colombia), y fallecido el 23 de marzo de 1971 en Medell\u00edn (Colombia).<\/p>\n<p>Asimismo, se reconocen las virtudes heroicas del\u00a0<a href=\"http:\/\/www.causesanti.va\/it\/venerabili\/giovanni-sanchez-hernandez.html\">siervo de Dios Juan S\u00e1nchez Hern\u00e1ndez<\/a>, (Espa\u00f1a) sacerdote de la Congregaci\u00f3n de Sacerdotes Operarios Diocesanos del Coraz\u00f3n de Jes\u00fas,\u00a0cuya vida se caracteriz\u00f3 por el anhelo de santidad, que busc\u00f3 para s\u00ed mismo y para las almas que le fueron confiadas.<\/p>\n<p>Ser\u00e1n tambi\u00e9n venerables los Siervos de Dios Umile de G\u00e9nova, (Italia) sacerdote profeso de la Orden de los Frailes Menores Capuchinos, el siervo de Dios Vittorio Coelho de Almeida, (Brasil) sacerdote profeso de la Congregaci\u00f3n del Sant\u00edsimo Redentor y la sierva de Dios Mar\u00eda Celina Kannanaikal, (India) religiosa profesa de la Congregaci\u00f3n de las Hermanas Ursulinas de Mar\u00eda Inmaculada.<\/p>\n<h2><strong>Reconocimiento de las virtudes heroicas (venerables)<\/strong><\/h2>\n<p>El reconocimiento de las virtudes heroicas de una persona otorga el t\u00edtulo de venerable. Esta condici\u00f3n ratifica que un fallecido vivi\u00f3 las virtudes teologales (fe, esperanza y caridad), las cardinales (fortaleza, prudencia, templanza y justicia) y todas las dem\u00e1s virtudes de manera heroica, es decir, extraordinaria.<\/p>\n<p>Ser venerable consiste en el primer paso en el\u00a0proceso oficial de la causa de los santos, antes de ser proclamado beato y santo. Los criterios por los que se consideraba \u201csanta\u201d a una persona son:\u00a0su reputaci\u00f3n entre la gente (\u201cfama de santidad\u201d); el ejemplo de su vida como modelo de virtud heroica; y su poder de obrar milagros, en especial aquellos producidos p\u00f3stumamente sobre las tumbas o a trav\u00e9s de las reliquias.<\/p>\n","protected":false},"excerpt":{"rendered":"<p>El Papa aprueba 6 nuevos Decretos de la Congregaci\u00f3n para la Causa de los Santos<\/p>\n","protected":false},"author":15,"featured_media":60422,"comment_status":"closed","ping_status":"closed","sticky":false,"template":"","format":"standard","meta":{"_acf_changed":false,"_crdt_document":"","inline_featured_image":false,"footnotes":""},"categories":[134],"tags":[261],"class_list":["post-60421","post","type-post","status-publish","format-standard","has-post-thumbnail","hentry","category-causas-de-santos","tag-congregacion-para-la-causa-de-los-santos"],"acf":[],"yoast_head":"<!-- This site is optimized with the Yoast SEO plugin v27.5 - https:\/\/yoast.com\/product\/yoast-seo-wordpress\/ -->\n<title>Petro Oros, sacerdote ucraniano martirizado, ser\u00e1 beatificado &#8211; Exaudi<\/title>\n<meta name=\"robots\" content=\"index, follow, max-snippet:-1, max-image-preview:large, max-video-preview:-1\" \/>\n<link rel=\"canonical\" href=\"https:\/\/exaudi.org\/es\/petro-oros-sacerdote-ucraniano-martirizado-sera-beatificado\/\" \/>\n<meta property=\"og:locale\" content=\"es_ES\" \/>\n<meta property=\"og:type\" content=\"article\" \/>\n<meta property=\"og:title\" content=\"Petro Oros, sacerdote ucraniano martirizado, ser\u00e1 beatificado &#8211; Exaudi\" \/>\n<meta property=\"og:description\" content=\"El Papa aprueba 6 nuevos Decretos de la Congregaci\u00f3n para la Causa de los Santos\" \/>\n<meta property=\"og:url\" content=\"https:\/\/exaudi.org\/es\/petro-oros-sacerdote-ucraniano-martirizado-sera-beatificado\/\" \/>\n<meta property=\"og:site_name\" content=\"Exaudi\" \/>\n<meta property=\"article:publisher\" content=\"https:\/\/www.facebook.com\/ExaudiNews\" \/>\n<meta property=\"article:author\" content=\"https:\/\/www.facebook.com\/ExaudiNoticias\/\" \/>\n<meta property=\"article:published_time\" content=\"2022-08-05T19:13:22+00:00\" \/>\n<meta property=\"article:modified_time\" content=\"2022-08-05T19:15:38+00:00\" \/>\n<meta property=\"og:image\" content=\"https:\/\/exaudi.org\/wp-content\/uploads\/2022\/08\/FZY-kFGXwAA2Eey.jpg\" \/>\n\t<meta property=\"og:image:width\" content=\"758\" \/>\n\t<meta property=\"og:image:height\" content=\"619\" \/>\n\t<meta property=\"og:image:type\" content=\"image\/jpeg\" \/>\n<meta name=\"author\" content=\"Exaudi Redacci\u00f3n\" \/>\n<meta name=\"twitter:card\" content=\"summary_large_image\" \/>\n<meta name=\"twitter:creator\" content=\"@Exaudi_noticias\" \/>\n<meta name=\"twitter:site\" content=\"@Exaudi_News\" \/>\n<meta name=\"twitter:label1\" content=\"Escrito por\" \/>\n\t<meta name=\"twitter:data1\" content=\"Exaudi Redacci\u00f3n\" \/>\n\t<meta name=\"twitter:label2\" content=\"Tiempo de lectura\" \/>\n\t<meta name=\"twitter:data2\" content=\"3 minutos\" \/>\n<script type=\"application\/ld+json\" class=\"yoast-schema-graph\">{\"@context\":\"https:\\\/\\\/schema.org\",\"@graph\":[{\"@type\":\"Article\",\"@id\":\"https:\\\/\\\/exaudi.org\\\/es\\\/petro-oros-sacerdote-ucraniano-martirizado-sera-beatificado\\\/#article\",\"isPartOf\":{\"@id\":\"https:\\\/\\\/exaudi.org\\\/es\\\/petro-oros-sacerdote-ucraniano-martirizado-sera-beatificado\\\/\"},\"author\":{\"name\":\"Exaudi Redacci\u00f3n\",\"@id\":\"https:\\\/\\\/exaudi.org\\\/#\\\/schema\\\/person\\\/f5fc8f063065e38742da7afe15f25df7\"},\"headline\":\"Petro Oros, sacerdote ucraniano martirizado, ser\u00e1 beatificado\",\"datePublished\":\"2022-08-05T19:13:22+00:00\",\"dateModified\":\"2022-08-05T19:15:38+00:00\",\"mainEntityOfPage\":{\"@id\":\"https:\\\/\\\/exaudi.org\\\/es\\\/petro-oros-sacerdote-ucraniano-martirizado-sera-beatificado\\\/\"},\"wordCount\":496,\"image\":{\"@id\":\"https:\\\/\\\/exaudi.org\\\/es\\\/petro-oros-sacerdote-ucraniano-martirizado-sera-beatificado\\\/#primaryimage\"},\"thumbnailUrl\":\"https:\\\/\\\/exaudi.org\\\/wp-content\\\/uploads\\\/2022\\\/08\\\/FZY-kFGXwAA2Eey.jpg\",\"keywords\":[\"Congregaci\u00f3n para la Causa de los Santos\"],\"articleSection\":[\"Causas de Santos\"],\"inLanguage\":\"es\"},{\"@type\":\"WebPage\",\"@id\":\"https:\\\/\\\/exaudi.org\\\/es\\\/petro-oros-sacerdote-ucraniano-martirizado-sera-beatificado\\\/\",\"url\":\"https:\\\/\\\/exaudi.org\\\/es\\\/petro-oros-sacerdote-ucraniano-martirizado-sera-beatificado\\\/\",\"name\":\"Petro Oros, sacerdote ucraniano martirizado, ser\u00e1 beatificado &#8211; Exaudi\",\"isPartOf\":{\"@id\":\"https:\\\/\\\/exaudi.org\\\/#website\"},\"primaryImageOfPage\":{\"@id\":\"https:\\\/\\\/exaudi.org\\\/es\\\/petro-oros-sacerdote-ucraniano-martirizado-sera-beatificado\\\/#primaryimage\"},\"image\":{\"@id\":\"https:\\\/\\\/exaudi.org\\\/es\\\/petro-oros-sacerdote-ucraniano-martirizado-sera-beatificado\\\/#primaryimage\"},\"thumbnailUrl\":\"https:\\\/\\\/exaudi.org\\\/wp-content\\\/uploads\\\/2022\\\/08\\\/FZY-kFGXwAA2Eey.jpg\",\"datePublished\":\"2022-08-05T19:13:22+00:00\",\"dateModified\":\"2022-08-05T19:15:38+00:00\",\"author\":{\"@id\":\"https:\\\/\\\/exaudi.org\\\/#\\\/schema\\\/person\\\/f5fc8f063065e38742da7afe15f25df7\"},\"breadcrumb\":{\"@id\":\"https:\\\/\\\/exaudi.org\\\/es\\\/petro-oros-sacerdote-ucraniano-martirizado-sera-beatificado\\\/#breadcrumb\"},\"inLanguage\":\"es\",\"potentialAction\":[{\"@type\":\"ReadAction\",\"target\":[\"https:\\\/\\\/exaudi.org\\\/es\\\/petro-oros-sacerdote-ucraniano-martirizado-sera-beatificado\\\/\"]}]},{\"@type\":\"ImageObject\",\"inLanguage\":\"es\",\"@id\":\"https:\\\/\\\/exaudi.org\\\/es\\\/petro-oros-sacerdote-ucraniano-martirizado-sera-beatificado\\\/#primaryimage\",\"url\":\"https:\\\/\\\/exaudi.org\\\/wp-content\\\/uploads\\\/2022\\\/08\\\/FZY-kFGXwAA2Eey.jpg\",\"contentUrl\":\"https:\\\/\\\/exaudi.org\\\/wp-content\\\/uploads\\\/2022\\\/08\\\/FZY-kFGXwAA2Eey.jpg\",\"width\":758,\"height\":619,\"caption\":\"Promulgaci\u00f3n de 6 nuevos decretos, 5 agosto 2022 \u00a9 Congregaci\u00f3n para las Causas de los Santos\"},{\"@type\":\"BreadcrumbList\",\"@id\":\"https:\\\/\\\/exaudi.org\\\/es\\\/petro-oros-sacerdote-ucraniano-martirizado-sera-beatificado\\\/#breadcrumb\",\"itemListElement\":[{\"@type\":\"ListItem\",\"position\":1,\"name\":\"Portada\",\"item\":\"https:\\\/\\\/exaudi.org\\\/es\\\/\"},{\"@type\":\"ListItem\",\"position\":2,\"name\":\"Petro Oros, sacerdote ucraniano martirizado, ser\u00e1 beatificado\"}]},{\"@type\":\"WebSite\",\"@id\":\"https:\\\/\\\/exaudi.org\\\/#website\",\"url\":\"https:\\\/\\\/exaudi.org\\\/\",\"name\":\"Exaudi\",\"description\":\"News\",\"potentialAction\":[{\"@type\":\"SearchAction\",\"target\":{\"@type\":\"EntryPoint\",\"urlTemplate\":\"https:\\\/\\\/exaudi.org\\\/?s={search_term_string}\"},\"query-input\":{\"@type\":\"PropertyValueSpecification\",\"valueRequired\":true,\"valueName\":\"search_term_string\"}}],\"inLanguage\":\"es\"},{\"@type\":\"Person\",\"@id\":\"https:\\\/\\\/exaudi.org\\\/#\\\/schema\\\/person\\\/f5fc8f063065e38742da7afe15f25df7\",\"name\":\"Exaudi Redacci\u00f3n\",\"image\":{\"@type\":\"ImageObject\",\"inLanguage\":\"es\",\"@id\":\"https:\\\/\\\/secure.gravatar.com\\\/avatar\\\/fe0f6a059fb68d9b3e11bc5850dd4899b1c7492091a3cb6dd9b01b56ad828be2?s=96&d=mm&r=g\",\"url\":\"https:\\\/\\\/secure.gravatar.com\\\/avatar\\\/fe0f6a059fb68d9b3e11bc5850dd4899b1c7492091a3cb6dd9b01b56ad828be2?s=96&d=mm&r=g\",\"contentUrl\":\"https:\\\/\\\/secure.gravatar.com\\\/avatar\\\/fe0f6a059fb68d9b3e11bc5850dd4899b1c7492091a3cb6dd9b01b56ad828be2?s=96&d=mm&r=g\",\"caption\":\"Exaudi Redacci\u00f3n\"},\"description\":\"\u00bfQu\u00e9 es Exaudi News? Exaudi News es un medio de comunicaci\u00f3n cat\u00f3lico internacional que informa, forma y transforma, diariamente en espa\u00f1ol, ingl\u00e9s e italiano. A trav\u00e9s de noticias, art\u00edculos de an\u00e1lisis y transmisiones en directo de los eventos del Papa, Exaudi busca fortalecer la unidad de los cristianos y contribuir a la evangelizaci\u00f3n del mundo, siempre guiados por la doctrina social de la Iglesia. Trabajamos para acercar la verdad y los valores cristianos a cada rinc\u00f3n del planeta. \u00a1Ay\u00fadanos a transformar el mundo con Exaudi! En Exaudi creemos que la evangelizaci\u00f3n y la informaci\u00f3n de calidad pueden cambiar vidas. Para continuar con nuestra misi\u00f3n y expandir nuestro alcance, necesitamos tu ayuda. Adem\u00e1s, buscamos personas comprometidas que deseen unirse a nuestro equipo. Con tu apoyo, lograremos llegar a m\u00e1s personas, difundir el mensaje de Cristo y reforzar la unidad de los cristianos. \u00bfTe unes a nuestra misi\u00f3n? Para m\u00e1s informaci\u00f3n sobre c\u00f3mo colaborar, visita Exaudi.org\\\/es o cont\u00e1ctanos directamente: info@exaudi.org Exaudi: Informa, forma y transforma.\",\"sameAs\":[\"https:\\\/\\\/www.facebook.com\\\/ExaudiNoticias\\\/\",\"https:\\\/\\\/www.instagram.com\\\/exaudi_noticias\\\/\",\"https:\\\/\\\/x.com\\\/Exaudi_noticias\",\"https:\\\/\\\/www.youtube.com\\\/@exaudicatholicnews\"],\"url\":\"https:\\\/\\\/exaudi.org\\\/es\\\/author\\\/redaccionexaudi\\\/\"}]}<\/script>\n<!-- \/ Yoast SEO plugin. -->","yoast_head_json":{"title":"Petro Oros, sacerdote ucraniano martirizado, ser\u00e1 beatificado &#8211; Exaudi","robots":{"index":"index","follow":"follow","max-snippet":"max-snippet:-1","max-image-preview":"max-image-preview:large","max-video-preview":"max-video-preview:-1"},"canonical":"https:\/\/exaudi.org\/es\/petro-oros-sacerdote-ucraniano-martirizado-sera-beatificado\/","og_locale":"es_ES","og_type":"article","og_title":"Petro Oros, sacerdote ucraniano martirizado, ser\u00e1 beatificado &#8211; Exaudi","og_description":"El Papa aprueba 6 nuevos Decretos de la Congregaci\u00f3n para la Causa de los Santos","og_url":"https:\/\/exaudi.org\/es\/petro-oros-sacerdote-ucraniano-martirizado-sera-beatificado\/","og_site_name":"Exaudi","article_publisher":"https:\/\/www.facebook.com\/ExaudiNews","article_author":"https:\/\/www.facebook.com\/ExaudiNoticias\/","article_published_time":"2022-08-05T19:13:22+00:00","article_modified_time":"2022-08-05T19:15:38+00:00","og_image":[{"width":758,"height":619,"url":"https:\/\/exaudi.org\/wp-content\/uploads\/2022\/08\/FZY-kFGXwAA2Eey.jpg","type":"image\/jpeg"}],"author":"Exaudi Redacci\u00f3n","twitter_card":"summary_large_image","twitter_creator":"@Exaudi_noticias","twitter_site":"@Exaudi_News","twitter_misc":{"Escrito por":"Exaudi Redacci\u00f3n","Tiempo de lectura":"3 minutos"},"schema":{"@context":"https:\/\/schema.org","@graph":[{"@type":"Article","@id":"https:\/\/exaudi.org\/es\/petro-oros-sacerdote-ucraniano-martirizado-sera-beatificado\/#article","isPartOf":{"@id":"https:\/\/exaudi.org\/es\/petro-oros-sacerdote-ucraniano-martirizado-sera-beatificado\/"},"author":{"name":"Exaudi Redacci\u00f3n","@id":"https:\/\/exaudi.org\/#\/schema\/person\/f5fc8f063065e38742da7afe15f25df7"},"headline":"Petro Oros, sacerdote ucraniano martirizado, ser\u00e1 beatificado","datePublished":"2022-08-05T19:13:22+00:00","dateModified":"2022-08-05T19:15:38+00:00","mainEntityOfPage":{"@id":"https:\/\/exaudi.org\/es\/petro-oros-sacerdote-ucraniano-martirizado-sera-beatificado\/"},"wordCount":496,"image":{"@id":"https:\/\/exaudi.org\/es\/petro-oros-sacerdote-ucraniano-martirizado-sera-beatificado\/#primaryimage"},"thumbnailUrl":"https:\/\/exaudi.org\/wp-content\/uploads\/2022\/08\/FZY-kFGXwAA2Eey.jpg","keywords":["Congregaci\u00f3n para la Causa de los Santos"],"articleSection":["Causas de Santos"],"inLanguage":"es"},{"@type":"WebPage","@id":"https:\/\/exaudi.org\/es\/petro-oros-sacerdote-ucraniano-martirizado-sera-beatificado\/","url":"https:\/\/exaudi.org\/es\/petro-oros-sacerdote-ucraniano-martirizado-sera-beatificado\/","name":"Petro Oros, sacerdote ucraniano martirizado, ser\u00e1 beatificado &#8211; Exaudi","isPartOf":{"@id":"https:\/\/exaudi.org\/#website"},"primaryImageOfPage":{"@id":"https:\/\/exaudi.org\/es\/petro-oros-sacerdote-ucraniano-martirizado-sera-beatificado\/#primaryimage"},"image":{"@id":"https:\/\/exaudi.org\/es\/petro-oros-sacerdote-ucraniano-martirizado-sera-beatificado\/#primaryimage"},"thumbnailUrl":"https:\/\/exaudi.org\/wp-content\/uploads\/2022\/08\/FZY-kFGXwAA2Eey.jpg","datePublished":"2022-08-05T19:13:22+00:00","dateModified":"2022-08-05T19:15:38+00:00","author":{"@id":"https:\/\/exaudi.org\/#\/schema\/person\/f5fc8f063065e38742da7afe15f25df7"},"breadcrumb":{"@id":"https:\/\/exaudi.org\/es\/petro-oros-sacerdote-ucraniano-martirizado-sera-beatificado\/#breadcrumb"},"inLanguage":"es","potentialAction":[{"@type":"ReadAction","target":["https:\/\/exaudi.org\/es\/petro-oros-sacerdote-ucraniano-martirizado-sera-beatificado\/"]}]},{"@type":"ImageObject","inLanguage":"es","@id":"https:\/\/exaudi.org\/es\/petro-oros-sacerdote-ucraniano-martirizado-sera-beatificado\/#primaryimage","url":"https:\/\/exaudi.org\/wp-content\/uploads\/2022\/08\/FZY-kFGXwAA2Eey.jpg","contentUrl":"https:\/\/exaudi.org\/wp-content\/uploads\/2022\/08\/FZY-kFGXwAA2Eey.jpg","width":758,"height":619,"caption":"Promulgaci\u00f3n de 6 nuevos decretos, 5 agosto 2022 \u00a9 Congregaci\u00f3n para las Causas de los Santos"},{"@type":"BreadcrumbList","@id":"https:\/\/exaudi.org\/es\/petro-oros-sacerdote-ucraniano-martirizado-sera-beatificado\/#breadcrumb","itemListElement":[{"@type":"ListItem","position":1,"name":"Portada","item":"https:\/\/exaudi.org\/es\/"},{"@type":"ListItem","position":2,"name":"Petro Oros, sacerdote ucraniano martirizado, ser\u00e1 beatificado"}]},{"@type":"WebSite","@id":"https:\/\/exaudi.org\/#website","url":"https:\/\/exaudi.org\/","name":"Exaudi","description":"News","potentialAction":[{"@type":"SearchAction","target":{"@type":"EntryPoint","urlTemplate":"https:\/\/exaudi.org\/?s={search_term_string}"},"query-input":{"@type":"PropertyValueSpecification","valueRequired":true,"valueName":"search_term_string"}}],"inLanguage":"es"},{"@type":"Person","@id":"https:\/\/exaudi.org\/#\/schema\/person\/f5fc8f063065e38742da7afe15f25df7","name":"Exaudi Redacci\u00f3n","image":{"@type":"ImageObject","inLanguage":"es","@id":"https:\/\/secure.gravatar.com\/avatar\/fe0f6a059fb68d9b3e11bc5850dd4899b1c7492091a3cb6dd9b01b56ad828be2?s=96&d=mm&r=g","url":"https:\/\/secure.gravatar.com\/avatar\/fe0f6a059fb68d9b3e11bc5850dd4899b1c7492091a3cb6dd9b01b56ad828be2?s=96&d=mm&r=g","contentUrl":"https:\/\/secure.gravatar.com\/avatar\/fe0f6a059fb68d9b3e11bc5850dd4899b1c7492091a3cb6dd9b01b56ad828be2?s=96&d=mm&r=g","caption":"Exaudi Redacci\u00f3n"},"description":"\u00bfQu\u00e9 es Exaudi News? Exaudi News es un medio de comunicaci\u00f3n cat\u00f3lico internacional que informa, forma y transforma, diariamente en espa\u00f1ol, ingl\u00e9s e italiano. A trav\u00e9s de noticias, art\u00edculos de an\u00e1lisis y transmisiones en directo de los eventos del Papa, Exaudi busca fortalecer la unidad de los cristianos y contribuir a la evangelizaci\u00f3n del mundo, siempre guiados por la doctrina social de la Iglesia. Trabajamos para acercar la verdad y los valores cristianos a cada rinc\u00f3n del planeta. \u00a1Ay\u00fadanos a transformar el mundo con Exaudi! En Exaudi creemos que la evangelizaci\u00f3n y la informaci\u00f3n de calidad pueden cambiar vidas. Para continuar con nuestra misi\u00f3n y expandir nuestro alcance, necesitamos tu ayuda. Adem\u00e1s, buscamos personas comprometidas que deseen unirse a nuestro equipo. Con tu apoyo, lograremos llegar a m\u00e1s personas, difundir el mensaje de Cristo y reforzar la unidad de los cristianos. \u00bfTe unes a nuestra misi\u00f3n? Para m\u00e1s informaci\u00f3n sobre c\u00f3mo colaborar, visita Exaudi.org\/es o cont\u00e1ctanos directamente: info@exaudi.org Exaudi: Informa, forma y transforma.","sameAs":["https:\/\/www.facebook.com\/ExaudiNoticias\/","https:\/\/www.instagram.com\/exaudi_noticias\/","https:\/\/x.com\/Exaudi_noticias","https:\/\/www.youtube.com\/@exaudicatholicnews"],"url":"https:\/\/exaudi.org\/es\/author\/redaccionexaudi\/"}]}},"jetpack_featured_media_url":"https:\/\/exaudi.org\/wp-content\/uploads\/2022\/08\/FZY-kFGXwAA2Eey.jpg","jetpack_shortlink":"https:\/\/wp.me\/pgKjF2-fIx","_links":{"self":[{"href":"https:\/\/exaudi.org\/es\/wp-json\/wp\/v2\/posts\/60421","targetHints":{"allow":["GET"]}}],"collection":[{"href":"https:\/\/exaudi.org\/es\/wp-json\/wp\/v2\/posts"}],"about":[{"href":"https:\/\/exaudi.org\/es\/wp-json\/wp\/v2\/types\/post"}],"author":[{"embeddable":true,"href":"https:\/\/exaudi.org\/es\/wp-json\/wp\/v2\/users\/15"}],"replies":[{"embeddable":true,"href":"https:\/\/exaudi.org\/es\/wp-json\/wp\/v2\/comments?post=60421"}],"version-history":[{"count":0,"href":"https:\/\/exaudi.org\/es\/wp-json\/wp\/v2\/posts\/60421\/revisions"}],"wp:featuredmedia":[{"embeddable":true,"href":"https:\/\/exaudi.org\/es\/wp-json\/wp\/v2\/media\/60422"}],"wp:attachment":[{"href":"https:\/\/exaudi.org\/es\/wp-json\/wp\/v2\/media?parent=60421"}],"wp:term":[{"taxonomy":"category","embeddable":true,"href":"https:\/\/exaudi.org\/es\/wp-json\/wp\/v2\/categories?post=60421"},{"taxonomy":"post_tag","embeddable":true,"href":"https:\/\/exaudi.org\/es\/wp-json\/wp\/v2\/tags?post=60421"}],"curies":[{"name":"wp","href":"https:\/\/api.w.org\/{rel}","templated":true}]}}