{"id":60384,"date":"2025-08-04T08:00:02","date_gmt":"2025-08-04T06:00:02","guid":{"rendered":"https:\/\/exaudi.org\/?p=60384"},"modified":"2025-08-05T00:30:46","modified_gmt":"2025-08-04T22:30:46","slug":"el-santo-cura-de-ars-modelo-y-ejemplo-para-los-sacerdotes","status":"publish","type":"post","link":"https:\/\/exaudi.org\/es\/el-santo-cura-de-ars-modelo-y-ejemplo-para-los-sacerdotes\/","title":{"rendered":"El santo cura de Ars, modelo y ejemplo para los sacerdotes"},"content":{"rendered":"<p>El sacerdote\u00a0<a href=\"https:\/\/exaudi.org\/es\/author\/rafaelmosteyrin\/\" target=\"_blank\" rel=\"noopener\">Rafael de Mosteyr\u00edn<\/a>\u00a0ofrece a los lectores de Exaudi este art\u00edculo sobre el <a href=\"https:\/\/exaudi.org\/es\/san-juan-maria-vianney-4-agosto-2022\/\" target=\"_blank\" rel=\"noopener\">santo cura de Ars<\/a>, patrono de los p\u00e1rrocos y cuya fiesta se celebra el 4 de agosto.<\/p>\n<p><iframe title=\"Spotify Embed: El santo cura de Ars, modelo y ejemplo para los sacerdotes\" style=\"border-radius: 12px\" width=\"100%\" height=\"152\" frameborder=\"0\" allowfullscreen allow=\"autoplay; clipboard-write; encrypted-media; fullscreen; picture-in-picture\" loading=\"lazy\" src=\"https:\/\/open.spotify.com\/embed\/episode\/1g8GiwoDw1v2Dt22bQcoO0?si=KpDyWdzFTfeeHeGZAORJUA&#038;utm_source=oembed\"><\/iframe><\/p>\n<p>El Cura de Ars (1.786-1.859) fue presentado por san Juan XXIII, a los 100 a\u00f1os de su muerte, como modelo y ejemplo para los sacerdotes. Benedicto XVI en 2.009 nombr\u00f3 un a\u00f1o sacerdotal con motivo de los 150 a\u00f1os de su nacimiento. Son referencias de la grandeza de la vida de este sencillo sacerdote, que estuvo tan enamorado de Dios.<\/p>\n<p>Durante los primeros a\u00f1os de su vida, asistir a la Santa Misa fue para el peque\u00f1o Juan Mar\u00eda y para su familia un asunto realmente peligroso. Asist\u00edan a la Eucarist\u00eda de manera clandestina para evitar que los agentes del gobierno los descubrieran.<\/p>\n<p>Juan Mar\u00eda tuvo que realizar su primera comuni\u00f3n durante una celebraci\u00f3n nocturna. Los asistentes acud\u00edan a ella con fardos de hierba, simulando que iban a alimentar el ganado. El ejemplo de aquellos heroicos sacerdotes, que expon\u00edan sus vidas para que los fieles participaran en la celebraci\u00f3n de la Eucarist\u00eda, impresion\u00f3 vivamente al peque\u00f1o Juan.<\/p>\n<p>A los 17 a\u00f1os, Juan Mar\u00eda decidi\u00f3 que quer\u00eda ser sacerdote. Tuvo que superar muchos obst\u00e1culos, pero, al fin, fue ordenado el 13 de agosto de 1815. A partir de entonces trabaj\u00f3 inagotablemente en un pueblo llamado Ars. Se priv\u00f3 hasta de lo esencial para atender a todos los fieles de su parroquia, a los hu\u00e9rfanos y a los pobres.<\/p>\n<p>Sol\u00eda decir que lo que nos causar\u00e1 mayor admiraci\u00f3n, durante la eternidad, ser\u00e1 ver c\u00f3mo nosotros, siendo tan miserables, hemos podido recibir a un Dios tan grande.<\/p>\n<p>En una ocasi\u00f3n habl\u00e9 del cura de Ars en un colegio. Un ni\u00f1o de diez me pregunt\u00f3 asombrado que c\u00f3mo pudo estar diez horas seguidas sin parar, confesando, durante trece a\u00f1os. Pienso que la \u00fanica respuesta posible es que fue una demostraci\u00f3n de su amor a Dios y del deseo de ser instrumento suyo.<\/p>\n<p>Sus a\u00f1os de seminario fueron dif\u00edciles. Tuvo muchas dificultades para aprobar las asignaturas, especialmente el lat\u00edn. Hasta el punto de que se puso en duda si deb\u00eda ser ordenado sacerdote o no. El arzobispo de Lyon, en el exilio en Roma, fue consultado para que diera su opini\u00f3n. Entonces, a pesar de que sus \u00faltimos ex\u00e1menes no fueron buenos, pregunt\u00f3: \u00bfEs piadoso? \u00bfTiene devoci\u00f3n a la Sant\u00edsima Virgen?, y como se le respondi\u00f3 que era un modelo de piedad decidi\u00f3 que se ordenase sacerdote.<\/p>\n<p>Su tarea como sacerdote siempre fue acompa\u00f1ada por mucha oraci\u00f3n y mucha mortificaci\u00f3n. Un compa\u00f1ero sacerdote se quejaba de la falta de eficacia de su ministerio, y le pregunt\u00f3 a san Juan Mar\u00eda Vianney qu\u00e9 deb\u00eda hacer para lograr m\u00e1s fruto. Su respuesta fue: \u201cHab\u00e9is orado, hab\u00e9is llorado, gemido y suspirado. Pero \u00bfhab\u00e9is ayunado, hab\u00e9is velado, hab\u00e9is dormido en el suelo, os hab\u00e9is disciplinado? Mientras a ello os negu\u00e9is, no cre\u00e1is haberlo hecho todo\u201d.<\/p>\n<p>El Catecismo de la Iglesia Cat\u00f3lica nos dice, a prop\u00f3sito de la oraci\u00f3n, en el n\u00famero 2715: \u201cYo le miro y \u00e9l me mira\u201d. Se trata de la respuesta de un campesino, al Cura de Ars, que le hab\u00eda preguntado qu\u00e9 le dec\u00eda a Jes\u00fas cuando le rezaba todos los d\u00edas. Su p\u00e1rroco estaba sorprendido de la constancia de este campesino, que pasaba todos los d\u00edas un buen rato delante del Sagrario.<\/p>\n<p>Durante los \u00faltimos a\u00f1os de su vida lleg\u00f3 a pasar 18 horas diarias en el confesionario, pues acud\u00edan a confesarse con \u00e9l personas de toda Francia. El centro de su vida fue la Eucarist\u00eda. \u201cSi conoci\u00e9ramos el valor de la Santa Misa, morir\u00edamos de alegr\u00eda\u201d, afirm\u00f3 san Juan M. Vianney.<\/p>\n<p>El 4 de agosto de 1859 muri\u00f3 con fama de santidad. El 31 de mayo de 1925 fue canonizado por el Papa P\u00edo XI, que lo propuso como modelo para el clero parroquial.<\/p>\n<p>La canonizaci\u00f3n en 1925 del cura Vianney fue excepcional. En primer lugar, por ser un sacerdote p\u00e1rroco, pues hay pocos que hayan sido nombrados santos. Pero tambi\u00e9n porque apenas hab\u00eda pasado medio siglo desde su marcha al Cielo.<\/p>\n","protected":false},"excerpt":{"rendered":"<p>Patrono de los p\u00e1rrocos<\/p>\n","protected":false},"author":21,"featured_media":60389,"comment_status":"closed","ping_status":"closed","sticky":false,"template":"","format":"standard","meta":{"_acf_changed":false,"_crdt_document":"","inline_featured_image":false,"footnotes":""},"categories":[2772,130],"tags":[2718,387,4953,4953],"class_list":["post-60384","post","type-post","status-publish","format-standard","has-post-thumbnail","hentry","category-santoral","category-voces","tag-sacerdotes","tag-santoral","tag-trending-es"],"acf":[],"yoast_head":"<!-- This site is optimized with the Yoast SEO plugin v27.5 - https:\/\/yoast.com\/product\/yoast-seo-wordpress\/ -->\n<title>El santo cura de Ars, modelo y ejemplo para los sacerdotes &#8211; Exaudi<\/title>\n<meta name=\"robots\" content=\"index, follow, max-snippet:-1, max-image-preview:large, max-video-preview:-1\" \/>\n<link rel=\"canonical\" href=\"https:\/\/exaudi.org\/es\/el-santo-cura-de-ars-modelo-y-ejemplo-para-los-sacerdotes\/\" \/>\n<meta property=\"og:locale\" content=\"es_ES\" \/>\n<meta property=\"og:type\" content=\"article\" \/>\n<meta property=\"og:title\" content=\"El santo cura de Ars, modelo y ejemplo para los sacerdotes &#8211; Exaudi\" \/>\n<meta property=\"og:description\" content=\"Patrono de los p\u00e1rrocos\" \/>\n<meta property=\"og:url\" content=\"https:\/\/exaudi.org\/es\/el-santo-cura-de-ars-modelo-y-ejemplo-para-los-sacerdotes\/\" \/>\n<meta property=\"og:site_name\" content=\"Exaudi\" \/>\n<meta property=\"article:publisher\" content=\"https:\/\/www.facebook.com\/ExaudiNews\" \/>\n<meta property=\"article:published_time\" content=\"2025-08-04T06:00:02+00:00\" \/>\n<meta property=\"article:modified_time\" content=\"2025-08-04T22:30:46+00:00\" \/>\n<meta property=\"og:image\" content=\"https:\/\/exaudi.org\/wp-content\/uploads\/2022\/08\/San-Juan-Maria-Vianney-el-Cura-de-Ars.jpeg\" \/>\n\t<meta property=\"og:image:width\" content=\"1280\" \/>\n\t<meta property=\"og:image:height\" content=\"720\" \/>\n\t<meta property=\"og:image:type\" content=\"image\/jpeg\" \/>\n<meta name=\"author\" content=\"Rafael Mosteyr\u00edn\" \/>\n<meta name=\"twitter:card\" content=\"summary_large_image\" \/>\n<meta name=\"twitter:creator\" content=\"@Exaudi_News\" \/>\n<meta name=\"twitter:site\" content=\"@Exaudi_News\" \/>\n<meta name=\"twitter:label1\" content=\"Escrito por\" \/>\n\t<meta name=\"twitter:data1\" content=\"Rafael Mosteyr\u00edn\" \/>\n\t<meta name=\"twitter:label2\" content=\"Tiempo de lectura\" \/>\n\t<meta name=\"twitter:data2\" content=\"4 minutos\" \/>\n<script type=\"application\/ld+json\" class=\"yoast-schema-graph\">{\"@context\":\"https:\\\/\\\/schema.org\",\"@graph\":[{\"@type\":\"Article\",\"@id\":\"https:\\\/\\\/exaudi.org\\\/es\\\/el-santo-cura-de-ars-modelo-y-ejemplo-para-los-sacerdotes\\\/#article\",\"isPartOf\":{\"@id\":\"https:\\\/\\\/exaudi.org\\\/es\\\/el-santo-cura-de-ars-modelo-y-ejemplo-para-los-sacerdotes\\\/\"},\"author\":{\"name\":\"Rafael Mosteyr\u00edn\",\"@id\":\"https:\\\/\\\/exaudi.org\\\/#\\\/schema\\\/person\\\/f353f945f5324dc163c4081b5aa12fcb\"},\"headline\":\"El santo cura de Ars, modelo y ejemplo para los sacerdotes\",\"datePublished\":\"2025-08-04T06:00:02+00:00\",\"dateModified\":\"2025-08-04T22:30:46+00:00\",\"mainEntityOfPage\":{\"@id\":\"https:\\\/\\\/exaudi.org\\\/es\\\/el-santo-cura-de-ars-modelo-y-ejemplo-para-los-sacerdotes\\\/\"},\"wordCount\":765,\"image\":{\"@id\":\"https:\\\/\\\/exaudi.org\\\/es\\\/el-santo-cura-de-ars-modelo-y-ejemplo-para-los-sacerdotes\\\/#primaryimage\"},\"thumbnailUrl\":\"https:\\\/\\\/exaudi.org\\\/wp-content\\\/uploads\\\/2022\\\/08\\\/San-Juan-Maria-Vianney-el-Cura-de-Ars.jpeg\",\"keywords\":[\"Sacerdotes\",\"Santoral\",\"Trending\",\"Trending\"],\"articleSection\":[\"Santoral\",\"Voces\"],\"inLanguage\":\"es\"},{\"@type\":\"WebPage\",\"@id\":\"https:\\\/\\\/exaudi.org\\\/es\\\/el-santo-cura-de-ars-modelo-y-ejemplo-para-los-sacerdotes\\\/\",\"url\":\"https:\\\/\\\/exaudi.org\\\/es\\\/el-santo-cura-de-ars-modelo-y-ejemplo-para-los-sacerdotes\\\/\",\"name\":\"El santo cura de Ars, modelo y ejemplo para los sacerdotes &#8211; Exaudi\",\"isPartOf\":{\"@id\":\"https:\\\/\\\/exaudi.org\\\/#website\"},\"primaryImageOfPage\":{\"@id\":\"https:\\\/\\\/exaudi.org\\\/es\\\/el-santo-cura-de-ars-modelo-y-ejemplo-para-los-sacerdotes\\\/#primaryimage\"},\"image\":{\"@id\":\"https:\\\/\\\/exaudi.org\\\/es\\\/el-santo-cura-de-ars-modelo-y-ejemplo-para-los-sacerdotes\\\/#primaryimage\"},\"thumbnailUrl\":\"https:\\\/\\\/exaudi.org\\\/wp-content\\\/uploads\\\/2022\\\/08\\\/San-Juan-Maria-Vianney-el-Cura-de-Ars.jpeg\",\"datePublished\":\"2025-08-04T06:00:02+00:00\",\"dateModified\":\"2025-08-04T22:30:46+00:00\",\"author\":{\"@id\":\"https:\\\/\\\/exaudi.org\\\/#\\\/schema\\\/person\\\/f353f945f5324dc163c4081b5aa12fcb\"},\"breadcrumb\":{\"@id\":\"https:\\\/\\\/exaudi.org\\\/es\\\/el-santo-cura-de-ars-modelo-y-ejemplo-para-los-sacerdotes\\\/#breadcrumb\"},\"inLanguage\":\"es\",\"potentialAction\":[{\"@type\":\"ReadAction\",\"target\":[\"https:\\\/\\\/exaudi.org\\\/es\\\/el-santo-cura-de-ars-modelo-y-ejemplo-para-los-sacerdotes\\\/\"]}]},{\"@type\":\"ImageObject\",\"inLanguage\":\"es\",\"@id\":\"https:\\\/\\\/exaudi.org\\\/es\\\/el-santo-cura-de-ars-modelo-y-ejemplo-para-los-sacerdotes\\\/#primaryimage\",\"url\":\"https:\\\/\\\/exaudi.org\\\/wp-content\\\/uploads\\\/2022\\\/08\\\/San-Juan-Maria-Vianney-el-Cura-de-Ars.jpeg\",\"contentUrl\":\"https:\\\/\\\/exaudi.org\\\/wp-content\\\/uploads\\\/2022\\\/08\\\/San-Juan-Maria-Vianney-el-Cura-de-Ars.jpeg\",\"width\":1280,\"height\":720,\"caption\":\"San Juan Mar\u00eda, Vianney, el Cura de Ars \u00a9 Vatican Media\"},{\"@type\":\"BreadcrumbList\",\"@id\":\"https:\\\/\\\/exaudi.org\\\/es\\\/el-santo-cura-de-ars-modelo-y-ejemplo-para-los-sacerdotes\\\/#breadcrumb\",\"itemListElement\":[{\"@type\":\"ListItem\",\"position\":1,\"name\":\"Portada\",\"item\":\"https:\\\/\\\/exaudi.org\\\/es\\\/\"},{\"@type\":\"ListItem\",\"position\":2,\"name\":\"El santo cura de Ars, modelo y ejemplo para los sacerdotes\"}]},{\"@type\":\"WebSite\",\"@id\":\"https:\\\/\\\/exaudi.org\\\/#website\",\"url\":\"https:\\\/\\\/exaudi.org\\\/\",\"name\":\"Exaudi\",\"description\":\"News\",\"potentialAction\":[{\"@type\":\"SearchAction\",\"target\":{\"@type\":\"EntryPoint\",\"urlTemplate\":\"https:\\\/\\\/exaudi.org\\\/?s={search_term_string}\"},\"query-input\":{\"@type\":\"PropertyValueSpecification\",\"valueRequired\":true,\"valueName\":\"search_term_string\"}}],\"inLanguage\":\"es\"},{\"@type\":\"Person\",\"@id\":\"https:\\\/\\\/exaudi.org\\\/#\\\/schema\\\/person\\\/f353f945f5324dc163c4081b5aa12fcb\",\"name\":\"Rafael Mosteyr\u00edn\",\"image\":{\"@type\":\"ImageObject\",\"inLanguage\":\"es\",\"@id\":\"https:\\\/\\\/secure.gravatar.com\\\/avatar\\\/27281f36e8c6433071aa858f3ba7cb1231e54d489be779f5b4d512db37f4128b?s=96&d=mm&r=g\",\"url\":\"https:\\\/\\\/secure.gravatar.com\\\/avatar\\\/27281f36e8c6433071aa858f3ba7cb1231e54d489be779f5b4d512db37f4128b?s=96&d=mm&r=g\",\"contentUrl\":\"https:\\\/\\\/secure.gravatar.com\\\/avatar\\\/27281f36e8c6433071aa858f3ba7cb1231e54d489be779f5b4d512db37f4128b?s=96&d=mm&r=g\",\"caption\":\"Rafael Mosteyr\u00edn\"},\"description\":\"Nacido en 1973 en Sevilla, y ordenado sacerdote en 2014 en Roma. Desde entonces he vivido en Barcelona y Sevilla, con estancias de colaboraci\u00f3n en Oberammergau (Alemania) y Huancavelica (Per\u00fa). Actualmente estoy en Sevilla, en la Iglesia del Se\u00f1or san Jos\u00e9 y en el colegio Ribamar.\",\"url\":\"https:\\\/\\\/exaudi.org\\\/es\\\/author\\\/rafaelmosteyrin\\\/\"}]}<\/script>\n<!-- \/ Yoast SEO plugin. -->","yoast_head_json":{"title":"El santo cura de Ars, modelo y ejemplo para los sacerdotes &#8211; Exaudi","robots":{"index":"index","follow":"follow","max-snippet":"max-snippet:-1","max-image-preview":"max-image-preview:large","max-video-preview":"max-video-preview:-1"},"canonical":"https:\/\/exaudi.org\/es\/el-santo-cura-de-ars-modelo-y-ejemplo-para-los-sacerdotes\/","og_locale":"es_ES","og_type":"article","og_title":"El santo cura de Ars, modelo y ejemplo para los sacerdotes &#8211; Exaudi","og_description":"Patrono de los p\u00e1rrocos","og_url":"https:\/\/exaudi.org\/es\/el-santo-cura-de-ars-modelo-y-ejemplo-para-los-sacerdotes\/","og_site_name":"Exaudi","article_publisher":"https:\/\/www.facebook.com\/ExaudiNews","article_published_time":"2025-08-04T06:00:02+00:00","article_modified_time":"2025-08-04T22:30:46+00:00","og_image":[{"width":1280,"height":720,"url":"https:\/\/exaudi.org\/wp-content\/uploads\/2022\/08\/San-Juan-Maria-Vianney-el-Cura-de-Ars.jpeg","type":"image\/jpeg"}],"author":"Rafael Mosteyr\u00edn","twitter_card":"summary_large_image","twitter_creator":"@Exaudi_News","twitter_site":"@Exaudi_News","twitter_misc":{"Escrito por":"Rafael Mosteyr\u00edn","Tiempo de lectura":"4 minutos"},"schema":{"@context":"https:\/\/schema.org","@graph":[{"@type":"Article","@id":"https:\/\/exaudi.org\/es\/el-santo-cura-de-ars-modelo-y-ejemplo-para-los-sacerdotes\/#article","isPartOf":{"@id":"https:\/\/exaudi.org\/es\/el-santo-cura-de-ars-modelo-y-ejemplo-para-los-sacerdotes\/"},"author":{"name":"Rafael Mosteyr\u00edn","@id":"https:\/\/exaudi.org\/#\/schema\/person\/f353f945f5324dc163c4081b5aa12fcb"},"headline":"El santo cura de Ars, modelo y ejemplo para los sacerdotes","datePublished":"2025-08-04T06:00:02+00:00","dateModified":"2025-08-04T22:30:46+00:00","mainEntityOfPage":{"@id":"https:\/\/exaudi.org\/es\/el-santo-cura-de-ars-modelo-y-ejemplo-para-los-sacerdotes\/"},"wordCount":765,"image":{"@id":"https:\/\/exaudi.org\/es\/el-santo-cura-de-ars-modelo-y-ejemplo-para-los-sacerdotes\/#primaryimage"},"thumbnailUrl":"https:\/\/exaudi.org\/wp-content\/uploads\/2022\/08\/San-Juan-Maria-Vianney-el-Cura-de-Ars.jpeg","keywords":["Sacerdotes","Santoral","Trending","Trending"],"articleSection":["Santoral","Voces"],"inLanguage":"es"},{"@type":"WebPage","@id":"https:\/\/exaudi.org\/es\/el-santo-cura-de-ars-modelo-y-ejemplo-para-los-sacerdotes\/","url":"https:\/\/exaudi.org\/es\/el-santo-cura-de-ars-modelo-y-ejemplo-para-los-sacerdotes\/","name":"El santo cura de Ars, modelo y ejemplo para los sacerdotes &#8211; Exaudi","isPartOf":{"@id":"https:\/\/exaudi.org\/#website"},"primaryImageOfPage":{"@id":"https:\/\/exaudi.org\/es\/el-santo-cura-de-ars-modelo-y-ejemplo-para-los-sacerdotes\/#primaryimage"},"image":{"@id":"https:\/\/exaudi.org\/es\/el-santo-cura-de-ars-modelo-y-ejemplo-para-los-sacerdotes\/#primaryimage"},"thumbnailUrl":"https:\/\/exaudi.org\/wp-content\/uploads\/2022\/08\/San-Juan-Maria-Vianney-el-Cura-de-Ars.jpeg","datePublished":"2025-08-04T06:00:02+00:00","dateModified":"2025-08-04T22:30:46+00:00","author":{"@id":"https:\/\/exaudi.org\/#\/schema\/person\/f353f945f5324dc163c4081b5aa12fcb"},"breadcrumb":{"@id":"https:\/\/exaudi.org\/es\/el-santo-cura-de-ars-modelo-y-ejemplo-para-los-sacerdotes\/#breadcrumb"},"inLanguage":"es","potentialAction":[{"@type":"ReadAction","target":["https:\/\/exaudi.org\/es\/el-santo-cura-de-ars-modelo-y-ejemplo-para-los-sacerdotes\/"]}]},{"@type":"ImageObject","inLanguage":"es","@id":"https:\/\/exaudi.org\/es\/el-santo-cura-de-ars-modelo-y-ejemplo-para-los-sacerdotes\/#primaryimage","url":"https:\/\/exaudi.org\/wp-content\/uploads\/2022\/08\/San-Juan-Maria-Vianney-el-Cura-de-Ars.jpeg","contentUrl":"https:\/\/exaudi.org\/wp-content\/uploads\/2022\/08\/San-Juan-Maria-Vianney-el-Cura-de-Ars.jpeg","width":1280,"height":720,"caption":"San Juan Mar\u00eda, Vianney, el Cura de Ars \u00a9 Vatican Media"},{"@type":"BreadcrumbList","@id":"https:\/\/exaudi.org\/es\/el-santo-cura-de-ars-modelo-y-ejemplo-para-los-sacerdotes\/#breadcrumb","itemListElement":[{"@type":"ListItem","position":1,"name":"Portada","item":"https:\/\/exaudi.org\/es\/"},{"@type":"ListItem","position":2,"name":"El santo cura de Ars, modelo y ejemplo para los sacerdotes"}]},{"@type":"WebSite","@id":"https:\/\/exaudi.org\/#website","url":"https:\/\/exaudi.org\/","name":"Exaudi","description":"News","potentialAction":[{"@type":"SearchAction","target":{"@type":"EntryPoint","urlTemplate":"https:\/\/exaudi.org\/?s={search_term_string}"},"query-input":{"@type":"PropertyValueSpecification","valueRequired":true,"valueName":"search_term_string"}}],"inLanguage":"es"},{"@type":"Person","@id":"https:\/\/exaudi.org\/#\/schema\/person\/f353f945f5324dc163c4081b5aa12fcb","name":"Rafael Mosteyr\u00edn","image":{"@type":"ImageObject","inLanguage":"es","@id":"https:\/\/secure.gravatar.com\/avatar\/27281f36e8c6433071aa858f3ba7cb1231e54d489be779f5b4d512db37f4128b?s=96&d=mm&r=g","url":"https:\/\/secure.gravatar.com\/avatar\/27281f36e8c6433071aa858f3ba7cb1231e54d489be779f5b4d512db37f4128b?s=96&d=mm&r=g","contentUrl":"https:\/\/secure.gravatar.com\/avatar\/27281f36e8c6433071aa858f3ba7cb1231e54d489be779f5b4d512db37f4128b?s=96&d=mm&r=g","caption":"Rafael Mosteyr\u00edn"},"description":"Nacido en 1973 en Sevilla, y ordenado sacerdote en 2014 en Roma. Desde entonces he vivido en Barcelona y Sevilla, con estancias de colaboraci\u00f3n en Oberammergau (Alemania) y Huancavelica (Per\u00fa). Actualmente estoy en Sevilla, en la Iglesia del Se\u00f1or san Jos\u00e9 y en el colegio Ribamar.","url":"https:\/\/exaudi.org\/es\/author\/rafaelmosteyrin\/"}]}},"jetpack_featured_media_url":"https:\/\/exaudi.org\/wp-content\/uploads\/2022\/08\/San-Juan-Maria-Vianney-el-Cura-de-Ars.jpeg","jetpack_shortlink":"https:\/\/wp.me\/pgKjF2-fHW","_links":{"self":[{"href":"https:\/\/exaudi.org\/es\/wp-json\/wp\/v2\/posts\/60384","targetHints":{"allow":["GET"]}}],"collection":[{"href":"https:\/\/exaudi.org\/es\/wp-json\/wp\/v2\/posts"}],"about":[{"href":"https:\/\/exaudi.org\/es\/wp-json\/wp\/v2\/types\/post"}],"author":[{"embeddable":true,"href":"https:\/\/exaudi.org\/es\/wp-json\/wp\/v2\/users\/21"}],"replies":[{"embeddable":true,"href":"https:\/\/exaudi.org\/es\/wp-json\/wp\/v2\/comments?post=60384"}],"version-history":[{"count":0,"href":"https:\/\/exaudi.org\/es\/wp-json\/wp\/v2\/posts\/60384\/revisions"}],"wp:featuredmedia":[{"embeddable":true,"href":"https:\/\/exaudi.org\/es\/wp-json\/wp\/v2\/media\/60389"}],"wp:attachment":[{"href":"https:\/\/exaudi.org\/es\/wp-json\/wp\/v2\/media?parent=60384"}],"wp:term":[{"taxonomy":"category","embeddable":true,"href":"https:\/\/exaudi.org\/es\/wp-json\/wp\/v2\/categories?post=60384"},{"taxonomy":"post_tag","embeddable":true,"href":"https:\/\/exaudi.org\/es\/wp-json\/wp\/v2\/tags?post=60384"}],"curies":[{"name":"wp","href":"https:\/\/api.w.org\/{rel}","templated":true}]}}