{"id":60336,"date":"2022-08-04T08:34:10","date_gmt":"2022-08-04T06:34:10","guid":{"rendered":"https:\/\/exaudi.org\/?p=60336"},"modified":"2022-08-04T08:34:10","modified_gmt":"2022-08-04T06:34:10","slug":"cardenal-arizmendi-el-papa-francisco-en-canada","status":"publish","type":"post","link":"https:\/\/exaudi.org\/es\/cardenal-arizmendi-el-papa-francisco-en-canada\/","title":{"rendered":"Cardenal Arizmendi: El Papa Francisco en Canad\u00e1"},"content":{"rendered":"<p>El\u00a0<a href=\"https:\/\/exaudi.org\/es\/author\/felipearizmendi\/\">cardenal Felipe Arizmendi<\/a>, obispo em\u00e9rito de San Crist\u00f3bal de Las Casas y responsable de la Doctrina de la Fe en la\u00a0<a href=\"https:\/\/www.cem.org.mx\/\">Conferencia del Episcopado Mexicano (CEM)<\/a>, ofrece a los lectores de Exaudi su art\u00edculo semanal titulado \u201cEl Papa Francisco en Canad\u00e1\u201d.<\/p>\n<p>***<\/p>\n<p><strong>MIRAR<\/strong><\/p>\n<p>Durante los siglos XIX y parte del XX, el gobierno de Canad\u00e1 estableci\u00f3 139 escuelas residenciales en todo el pa\u00eds, con el fin de asimilar a los ind\u00edgenas a la cultura dominante, porque les parec\u00eda que su modo de vivir era muy atrasado. De esas 139, unas 40 fueron confiadas a instituciones cristianas, la mayor\u00eda de la Iglesia Cat\u00f3lica. Unos 150,000 ni\u00f1os fueron separados de sus padres, muchas veces sin su consentimiento, para una pol\u00edtica nacional de asimilaci\u00f3n forzada que buscaba occidentalizar sus costumbres. Les imped\u00edan hablar en su idioma nativo, les daban alimentos a los que no estaban acostumbrados, no les atend\u00edan bien en sus enfermedades y, a causa de todo ello, miles murieron en forma criminal, sepult\u00e1ndolos en fosas comunitarias. Los pueblos originarios actuales, sobre todo sus descendientes, han exigido una reparaci\u00f3n del da\u00f1o provocado. Entre sus exigencias, estaba que el Papa Francisco fuera a Canad\u00e1 a ofrecer una disculpa oficial de aquellos vej\u00e1menes cometidos. El Papa quiso recibirlos primero en Roma y despu\u00e9s hizo una visita a esos pueblos, calificando como genocidio lo sucedido y conden\u00e1ndolo como contrario al Evangelio.<\/p>\n<p>Sin embargo, lo que sucedi\u00f3 en Canad\u00e1 no es un hecho aislado, aunque quiz\u00e1 no con esa misma crueldad. En nuestros pa\u00edses, en las escuelas p\u00fablicas hay maestros que proh\u00edben a los ind\u00edgenas usar sus idiomas, vestir seg\u00fan sus tradiciones, y les imponen una cultura muy diferente a la propia. La mayor\u00eda de los docentes desconocen la riqueza de esas culturas milenarias, las menosprecian y ridiculizan. Lo mismo pasa en los pueblos y ciudades, donde los ind\u00edgenas se empe\u00f1an en ocultar su identidad, para no ser ofendidos y discriminados. Por eso van desapareciendo idiomas ind\u00edgenas, pues la sociedad dominante no los toma en cuenta, no los valora, y se pierden culturas que han dado vida a generaciones. Cuando fui p\u00e1rroco en una comunidad otom\u00ed (\u00f1ha\u00f1h\u00fa), los catequistas no quisieron que yo aprendiera su idioma, porque me dec\u00edan que eso ya no val\u00eda, que ya no serv\u00eda, que era cosa de tiempos pasados, y ellos mismos imped\u00edan a sus hijos hablarlo, para que no los discriminaran. Esto sigue pasando todav\u00eda en muchas partes. Hay sacerdotes con la misma actitud, que no permiten, por ejemplo, que unas partes de la Misa se celebren en esos idiomas originarios. Acompa\u00f1o a un grupo de traductores al n\u00e1huatl y al otom\u00ed, y la queja frecuente es que los p\u00e1rrocos no permiten que estos idiomas se usen en la Iglesia.<\/p>\n<p>Lamentablemente, en Seminarios y Casas de Formaci\u00f3n de Religiosas y Religiosos, se dan casos de discriminaci\u00f3n. No se toma en cuenta a alumnos que proceden de esas culturas. Como si no existieran y nada tuvieran que aportar a la comunidad. Hace a\u00f1os, acompa\u00f1\u00e9 encuentros de seminaristas y de religiosas ind\u00edgenas, a nivel nacional y latinoamericano, y la queja frecuente es que en el proceso de su formaci\u00f3n se desconocen y menosprecian sus culturas originarias. Por ello, ha habido sacerdotes ind\u00edgenas que no quieren ser p\u00e1rrocos de pueblos de su cultura, esconden su identidad originaria y nada hacen por promover sus culturas nativas y por evitar que desaparezcan. Por lo contrario, en algunos Seminarios de di\u00f3cesis con significativa poblaci\u00f3n ind\u00edgena, se exige que todos los alumnos conozcan esas culturas y aprendan a hablar en uno de esos idiomas, como condici\u00f3n para ser ordenados presb\u00edteros. A algunos les cuesta ir a vivir en una poblaci\u00f3n ind\u00edgena, con muchas limitaciones, no en la casa del p\u00e1rroco, y vivir en otra cultura y aprender su idioma; con el tiempo lo valoran y agradecen. Son peque\u00f1os intentos, pero muy valiosos para que seamos una Iglesia inculturada en esos pueblos, y no sigamos colaborando en la desaparici\u00f3n de muchas culturas originarias.<\/p>\n<p>&nbsp;<\/p>\n<p><strong>DISCERNIR<\/strong><\/p>\n<p>Transcribo s\u00f3lo dos p\u00e1rrafos de lo expresado por el Papa Francisco en Canad\u00e1, y que repiti\u00f3 de una y otra forma durante su viaje:<\/p>\n<p><em>\u201cNo debemos olvidar que tambi\u00e9n en la Iglesia el trigo se mezcla con la ciza\u00f1a. Tambi\u00e9n en la Iglesia. Y precisamente a causa de esa ciza\u00f1a quise realizar esta peregrinaci\u00f3n penitencial, y comenzarla esta ma\u00f1ana haciendo memoria del mal que sufrieron los pueblos ind\u00edgenas por parte de muchos cristianos y con dolor pedir perd\u00f3n. Me duele pensar que algunos cat\u00f3licos hayan contribuido a las pol\u00edticas de asimilaci\u00f3n y desvinculaci\u00f3n que transmit\u00edan un sentido de inferioridad, sustrayendo a comunidades y personas sus identidades culturales y espirituales, cortando sus ra\u00edces y alimentando actitudes prejuiciosas y discriminatorias, y que eso tambi\u00e9n se haya hecho en nombre de una educaci\u00f3n que se supon\u00eda cristiana. La educaci\u00f3n siempre debe partir del respeto y de la promoci\u00f3n de los talentos que ya est\u00e1n en las personas. No es ni puede ser nunca algo elaborado previamente que se impone, porque educar es la aventura de explorar y descubrir juntos el misterio de la vida. Gracias a Dios, en parroquias como \u00e9sta, d\u00eda tras d\u00eda, se construyen por medio del encuentro las bases para la sanaci\u00f3n y reconciliaci\u00f3n. Sanaci\u00f3n, reconciliaci\u00f3n\u201d.<\/em><\/p>\n<p><em>\u201cAunque la caridad cristiana haya estado presente y existan no pocos ejemplares de entrega por los ni\u00f1os, con todo, las consecuencias globales de las pol\u00edticas ligadas a las escuelas residenciales han sido catastr\u00f3ficas. Lo que la fe cristiana nos dice es que fue un error devastador, incompatible con el Evangelio de Jesucristo. Duele saber que ese terreno compacto de valores, lengua y cultura, que confiri\u00f3 a sus pueblos un sentido genuino de identidad, duele saber que haya sido erosionado, y que ustedes siguen pagando los efectos. Frente a este mal que indigna, la Iglesia se arrodilla ante Dios y le implora perd\u00f3n por los pecados de sus hijos. Quisiera repetir con verg\u00fcenza y claridad: pido perd\u00f3n humildemente por el mal que tantos cristianos cometieron contra los pueblos ind\u00edgenas\u201d <\/em>(25-VII-2022).<\/p>\n<p><strong>ACTUAR<\/strong><\/p>\n<p>No despreciemos ni discriminemos a los ind\u00edgenas. Tienen otros valores, otra forma de ser, de pensar, de relacionarse. Anim\u00e9monos a conocerlos, valorarlos, respetarlos y darles su lugar en la comunidad y en la Iglesia.<\/p>\n","protected":false},"excerpt":{"rendered":"<p>No discriminemos a los ind\u00edgenas<\/p>\n","protected":false},"author":24,"featured_media":60337,"comment_status":"closed","ping_status":"closed","sticky":false,"template":"","format":"standard","meta":{"_acf_changed":false,"_crdt_document":"","inline_featured_image":false,"footnotes":""},"categories":[130],"tags":[6274,4953],"class_list":["post-60336","post","type-post","status-publish","format-standard","has-post-thumbnail","hentry","category-voces","tag-felipe-arizmendi","tag-trending-es"],"acf":[],"yoast_head":"<!-- This site is optimized with the Yoast SEO plugin v27.5 - https:\/\/yoast.com\/product\/yoast-seo-wordpress\/ -->\n<title>Cardenal Arizmendi: El Papa Francisco en Canad\u00e1 &#8211; Exaudi<\/title>\n<meta name=\"robots\" content=\"index, follow, max-snippet:-1, max-image-preview:large, max-video-preview:-1\" \/>\n<link rel=\"canonical\" href=\"https:\/\/exaudi.org\/es\/cardenal-arizmendi-el-papa-francisco-en-canada\/\" \/>\n<meta property=\"og:locale\" content=\"es_ES\" \/>\n<meta property=\"og:type\" content=\"article\" \/>\n<meta property=\"og:title\" content=\"Cardenal Arizmendi: El Papa Francisco en Canad\u00e1 &#8211; Exaudi\" \/>\n<meta property=\"og:description\" content=\"No discriminemos a los ind\u00edgenas\" \/>\n<meta property=\"og:url\" content=\"https:\/\/exaudi.org\/es\/cardenal-arizmendi-el-papa-francisco-en-canada\/\" \/>\n<meta property=\"og:site_name\" content=\"Exaudi\" \/>\n<meta property=\"article:publisher\" content=\"https:\/\/www.facebook.com\/ExaudiNews\" \/>\n<meta property=\"article:published_time\" content=\"2022-08-04T06:34:10+00:00\" \/>\n<meta property=\"og:image\" content=\"https:\/\/exaudi.org\/wp-content\/uploads\/2022\/08\/martinezjose603-1592176447338-cathopic-scaled.jpg\" \/>\n\t<meta property=\"og:image:width\" content=\"2560\" \/>\n\t<meta property=\"og:image:height\" content=\"1920\" \/>\n\t<meta property=\"og:image:type\" content=\"image\/jpeg\" \/>\n<meta name=\"author\" content=\"Cardenal Felipe Arizmendi\" \/>\n<meta name=\"twitter:card\" content=\"summary_large_image\" \/>\n<meta name=\"twitter:creator\" content=\"@Exaudi_News\" \/>\n<meta name=\"twitter:site\" content=\"@Exaudi_News\" \/>\n<meta name=\"twitter:label1\" content=\"Escrito por\" \/>\n\t<meta name=\"twitter:data1\" content=\"Cardenal Felipe Arizmendi\" \/>\n\t<meta name=\"twitter:label2\" content=\"Tiempo de lectura\" \/>\n\t<meta name=\"twitter:data2\" content=\"5 minutos\" \/>\n<script type=\"application\/ld+json\" class=\"yoast-schema-graph\">{\"@context\":\"https:\\\/\\\/schema.org\",\"@graph\":[{\"@type\":\"Article\",\"@id\":\"https:\\\/\\\/exaudi.org\\\/es\\\/cardenal-arizmendi-el-papa-francisco-en-canada\\\/#article\",\"isPartOf\":{\"@id\":\"https:\\\/\\\/exaudi.org\\\/es\\\/cardenal-arizmendi-el-papa-francisco-en-canada\\\/\"},\"author\":{\"name\":\"Cardenal Felipe Arizmendi\",\"@id\":\"https:\\\/\\\/exaudi.org\\\/#\\\/schema\\\/person\\\/c7d223f87e58f1105d044d8da1439102\"},\"headline\":\"Cardenal Arizmendi: El Papa Francisco en Canad\u00e1\",\"datePublished\":\"2022-08-04T06:34:10+00:00\",\"mainEntityOfPage\":{\"@id\":\"https:\\\/\\\/exaudi.org\\\/es\\\/cardenal-arizmendi-el-papa-francisco-en-canada\\\/\"},\"wordCount\":1122,\"image\":{\"@id\":\"https:\\\/\\\/exaudi.org\\\/es\\\/cardenal-arizmendi-el-papa-francisco-en-canada\\\/#primaryimage\"},\"thumbnailUrl\":\"https:\\\/\\\/exaudi.org\\\/wp-content\\\/uploads\\\/2022\\\/08\\\/martinezjose603-1592176447338-cathopic-scaled.jpg\",\"keywords\":[\"Felipe Arizmendi\",\"Trending\"],\"articleSection\":[\"Voces\"],\"inLanguage\":\"es\"},{\"@type\":\"WebPage\",\"@id\":\"https:\\\/\\\/exaudi.org\\\/es\\\/cardenal-arizmendi-el-papa-francisco-en-canada\\\/\",\"url\":\"https:\\\/\\\/exaudi.org\\\/es\\\/cardenal-arizmendi-el-papa-francisco-en-canada\\\/\",\"name\":\"Cardenal Arizmendi: El Papa Francisco en Canad\u00e1 &#8211; Exaudi\",\"isPartOf\":{\"@id\":\"https:\\\/\\\/exaudi.org\\\/#website\"},\"primaryImageOfPage\":{\"@id\":\"https:\\\/\\\/exaudi.org\\\/es\\\/cardenal-arizmendi-el-papa-francisco-en-canada\\\/#primaryimage\"},\"image\":{\"@id\":\"https:\\\/\\\/exaudi.org\\\/es\\\/cardenal-arizmendi-el-papa-francisco-en-canada\\\/#primaryimage\"},\"thumbnailUrl\":\"https:\\\/\\\/exaudi.org\\\/wp-content\\\/uploads\\\/2022\\\/08\\\/martinezjose603-1592176447338-cathopic-scaled.jpg\",\"datePublished\":\"2022-08-04T06:34:10+00:00\",\"author\":{\"@id\":\"https:\\\/\\\/exaudi.org\\\/#\\\/schema\\\/person\\\/c7d223f87e58f1105d044d8da1439102\"},\"breadcrumb\":{\"@id\":\"https:\\\/\\\/exaudi.org\\\/es\\\/cardenal-arizmendi-el-papa-francisco-en-canada\\\/#breadcrumb\"},\"inLanguage\":\"es\",\"potentialAction\":[{\"@type\":\"ReadAction\",\"target\":[\"https:\\\/\\\/exaudi.org\\\/es\\\/cardenal-arizmendi-el-papa-francisco-en-canada\\\/\"]}]},{\"@type\":\"ImageObject\",\"inLanguage\":\"es\",\"@id\":\"https:\\\/\\\/exaudi.org\\\/es\\\/cardenal-arizmendi-el-papa-francisco-en-canada\\\/#primaryimage\",\"url\":\"https:\\\/\\\/exaudi.org\\\/wp-content\\\/uploads\\\/2022\\\/08\\\/martinezjose603-1592176447338-cathopic-scaled.jpg\",\"contentUrl\":\"https:\\\/\\\/exaudi.org\\\/wp-content\\\/uploads\\\/2022\\\/08\\\/martinezjose603-1592176447338-cathopic-scaled.jpg\",\"width\":2560,\"height\":1920,\"caption\":\"martinezjose-cathopic\"},{\"@type\":\"BreadcrumbList\",\"@id\":\"https:\\\/\\\/exaudi.org\\\/es\\\/cardenal-arizmendi-el-papa-francisco-en-canada\\\/#breadcrumb\",\"itemListElement\":[{\"@type\":\"ListItem\",\"position\":1,\"name\":\"Portada\",\"item\":\"https:\\\/\\\/exaudi.org\\\/es\\\/\"},{\"@type\":\"ListItem\",\"position\":2,\"name\":\"Cardenal Arizmendi: El Papa Francisco en Canad\u00e1\"}]},{\"@type\":\"WebSite\",\"@id\":\"https:\\\/\\\/exaudi.org\\\/#website\",\"url\":\"https:\\\/\\\/exaudi.org\\\/\",\"name\":\"Exaudi\",\"description\":\"News\",\"potentialAction\":[{\"@type\":\"SearchAction\",\"target\":{\"@type\":\"EntryPoint\",\"urlTemplate\":\"https:\\\/\\\/exaudi.org\\\/?s={search_term_string}\"},\"query-input\":{\"@type\":\"PropertyValueSpecification\",\"valueRequired\":true,\"valueName\":\"search_term_string\"}}],\"inLanguage\":\"es\"},{\"@type\":\"Person\",\"@id\":\"https:\\\/\\\/exaudi.org\\\/#\\\/schema\\\/person\\\/c7d223f87e58f1105d044d8da1439102\",\"name\":\"Cardenal Felipe Arizmendi\",\"image\":{\"@type\":\"ImageObject\",\"inLanguage\":\"es\",\"@id\":\"https:\\\/\\\/secure.gravatar.com\\\/avatar\\\/4ffc5520d896b86d39346168903de33a17ef0f23d16de0ff45062c1ff422ed2f?s=96&d=mm&r=g\",\"url\":\"https:\\\/\\\/secure.gravatar.com\\\/avatar\\\/4ffc5520d896b86d39346168903de33a17ef0f23d16de0ff45062c1ff422ed2f?s=96&d=mm&r=g\",\"contentUrl\":\"https:\\\/\\\/secure.gravatar.com\\\/avatar\\\/4ffc5520d896b86d39346168903de33a17ef0f23d16de0ff45062c1ff422ed2f?s=96&d=mm&r=g\",\"caption\":\"Cardenal Felipe Arizmendi\"},\"description\":\"Nacido en Chiltepec el 1 de mayo de 1940. Estudi\u00f3 Humanidades y Filosof\u00eda en el Seminario de Toluca, de 1952 a 1959. Curs\u00f3 la Teolog\u00eda en la Universidad Pontificia de Salamanca, Espa\u00f1a, de 1959 a 1963, obteniendo la licenciatura en Teolog\u00eda Dogm\u00e1tica. Por su cuenta, se especializ\u00f3 en Liturgia. Fue ordenado sacerdote el 25 de agosto de 1963 en Toluca. Sirvi\u00f3 como Vicario Parroquial en tres parroquias por tres a\u00f1os y medio y fue p\u00e1rroco de una comunidad ind\u00edgena otom\u00ed, de 1967 a 1970. Fue Director Espiritual del Seminario de Toluca por diez a\u00f1os, y Rector del mismo de 1981 a 1991. El 7 de marzo de 1991, fue ordenado obispo de la di\u00f3cesis de Tapachula, donde estuvo hasta el 30 de abril del a\u00f1o 2000. El 1 de mayo del 2000, inici\u00f3 su ministerio episcopal como XLVI obispo de la di\u00f3cesis de San Crist\u00f3bal de las Casas, Chiapas, una de las di\u00f3cesis m\u00e1s antiguas de M\u00e9xico, erigida en 1539; all\u00ed sirvi\u00f3 por casi 18 a\u00f1os. Ha ocupado diversos cargos en la Conferencia del Episcopado Mexicano y en el CELAM. El 3 de noviembre de 2017, el Papa Francisco le acept\u00f3, por edad, su renuncia al servicio episcopal en esta di\u00f3cesis, que entreg\u00f3 a su sucesor el 3 de enero de 2018. Desde entonces, reside en la ciudad de Toluca. Desde 1979, escribe art\u00edculos de actualidad en varios medios religiosos y civiles. Es autor de varias publicaciones.\",\"url\":\"https:\\\/\\\/exaudi.org\\\/es\\\/author\\\/felipearizmendi\\\/\"}]}<\/script>\n<!-- \/ Yoast SEO plugin. -->","yoast_head_json":{"title":"Cardenal Arizmendi: El Papa Francisco en Canad\u00e1 &#8211; Exaudi","robots":{"index":"index","follow":"follow","max-snippet":"max-snippet:-1","max-image-preview":"max-image-preview:large","max-video-preview":"max-video-preview:-1"},"canonical":"https:\/\/exaudi.org\/es\/cardenal-arizmendi-el-papa-francisco-en-canada\/","og_locale":"es_ES","og_type":"article","og_title":"Cardenal Arizmendi: El Papa Francisco en Canad\u00e1 &#8211; Exaudi","og_description":"No discriminemos a los ind\u00edgenas","og_url":"https:\/\/exaudi.org\/es\/cardenal-arizmendi-el-papa-francisco-en-canada\/","og_site_name":"Exaudi","article_publisher":"https:\/\/www.facebook.com\/ExaudiNews","article_published_time":"2022-08-04T06:34:10+00:00","og_image":[{"width":2560,"height":1920,"url":"https:\/\/exaudi.org\/wp-content\/uploads\/2022\/08\/martinezjose603-1592176447338-cathopic-scaled.jpg","type":"image\/jpeg"}],"author":"Cardenal Felipe Arizmendi","twitter_card":"summary_large_image","twitter_creator":"@Exaudi_News","twitter_site":"@Exaudi_News","twitter_misc":{"Escrito por":"Cardenal Felipe Arizmendi","Tiempo de lectura":"5 minutos"},"schema":{"@context":"https:\/\/schema.org","@graph":[{"@type":"Article","@id":"https:\/\/exaudi.org\/es\/cardenal-arizmendi-el-papa-francisco-en-canada\/#article","isPartOf":{"@id":"https:\/\/exaudi.org\/es\/cardenal-arizmendi-el-papa-francisco-en-canada\/"},"author":{"name":"Cardenal Felipe Arizmendi","@id":"https:\/\/exaudi.org\/#\/schema\/person\/c7d223f87e58f1105d044d8da1439102"},"headline":"Cardenal Arizmendi: El Papa Francisco en Canad\u00e1","datePublished":"2022-08-04T06:34:10+00:00","mainEntityOfPage":{"@id":"https:\/\/exaudi.org\/es\/cardenal-arizmendi-el-papa-francisco-en-canada\/"},"wordCount":1122,"image":{"@id":"https:\/\/exaudi.org\/es\/cardenal-arizmendi-el-papa-francisco-en-canada\/#primaryimage"},"thumbnailUrl":"https:\/\/exaudi.org\/wp-content\/uploads\/2022\/08\/martinezjose603-1592176447338-cathopic-scaled.jpg","keywords":["Felipe Arizmendi","Trending"],"articleSection":["Voces"],"inLanguage":"es"},{"@type":"WebPage","@id":"https:\/\/exaudi.org\/es\/cardenal-arizmendi-el-papa-francisco-en-canada\/","url":"https:\/\/exaudi.org\/es\/cardenal-arizmendi-el-papa-francisco-en-canada\/","name":"Cardenal Arizmendi: El Papa Francisco en Canad\u00e1 &#8211; Exaudi","isPartOf":{"@id":"https:\/\/exaudi.org\/#website"},"primaryImageOfPage":{"@id":"https:\/\/exaudi.org\/es\/cardenal-arizmendi-el-papa-francisco-en-canada\/#primaryimage"},"image":{"@id":"https:\/\/exaudi.org\/es\/cardenal-arizmendi-el-papa-francisco-en-canada\/#primaryimage"},"thumbnailUrl":"https:\/\/exaudi.org\/wp-content\/uploads\/2022\/08\/martinezjose603-1592176447338-cathopic-scaled.jpg","datePublished":"2022-08-04T06:34:10+00:00","author":{"@id":"https:\/\/exaudi.org\/#\/schema\/person\/c7d223f87e58f1105d044d8da1439102"},"breadcrumb":{"@id":"https:\/\/exaudi.org\/es\/cardenal-arizmendi-el-papa-francisco-en-canada\/#breadcrumb"},"inLanguage":"es","potentialAction":[{"@type":"ReadAction","target":["https:\/\/exaudi.org\/es\/cardenal-arizmendi-el-papa-francisco-en-canada\/"]}]},{"@type":"ImageObject","inLanguage":"es","@id":"https:\/\/exaudi.org\/es\/cardenal-arizmendi-el-papa-francisco-en-canada\/#primaryimage","url":"https:\/\/exaudi.org\/wp-content\/uploads\/2022\/08\/martinezjose603-1592176447338-cathopic-scaled.jpg","contentUrl":"https:\/\/exaudi.org\/wp-content\/uploads\/2022\/08\/martinezjose603-1592176447338-cathopic-scaled.jpg","width":2560,"height":1920,"caption":"martinezjose-cathopic"},{"@type":"BreadcrumbList","@id":"https:\/\/exaudi.org\/es\/cardenal-arizmendi-el-papa-francisco-en-canada\/#breadcrumb","itemListElement":[{"@type":"ListItem","position":1,"name":"Portada","item":"https:\/\/exaudi.org\/es\/"},{"@type":"ListItem","position":2,"name":"Cardenal Arizmendi: El Papa Francisco en Canad\u00e1"}]},{"@type":"WebSite","@id":"https:\/\/exaudi.org\/#website","url":"https:\/\/exaudi.org\/","name":"Exaudi","description":"News","potentialAction":[{"@type":"SearchAction","target":{"@type":"EntryPoint","urlTemplate":"https:\/\/exaudi.org\/?s={search_term_string}"},"query-input":{"@type":"PropertyValueSpecification","valueRequired":true,"valueName":"search_term_string"}}],"inLanguage":"es"},{"@type":"Person","@id":"https:\/\/exaudi.org\/#\/schema\/person\/c7d223f87e58f1105d044d8da1439102","name":"Cardenal Felipe Arizmendi","image":{"@type":"ImageObject","inLanguage":"es","@id":"https:\/\/secure.gravatar.com\/avatar\/4ffc5520d896b86d39346168903de33a17ef0f23d16de0ff45062c1ff422ed2f?s=96&d=mm&r=g","url":"https:\/\/secure.gravatar.com\/avatar\/4ffc5520d896b86d39346168903de33a17ef0f23d16de0ff45062c1ff422ed2f?s=96&d=mm&r=g","contentUrl":"https:\/\/secure.gravatar.com\/avatar\/4ffc5520d896b86d39346168903de33a17ef0f23d16de0ff45062c1ff422ed2f?s=96&d=mm&r=g","caption":"Cardenal Felipe Arizmendi"},"description":"Nacido en Chiltepec el 1 de mayo de 1940. Estudi\u00f3 Humanidades y Filosof\u00eda en el Seminario de Toluca, de 1952 a 1959. Curs\u00f3 la Teolog\u00eda en la Universidad Pontificia de Salamanca, Espa\u00f1a, de 1959 a 1963, obteniendo la licenciatura en Teolog\u00eda Dogm\u00e1tica. Por su cuenta, se especializ\u00f3 en Liturgia. Fue ordenado sacerdote el 25 de agosto de 1963 en Toluca. Sirvi\u00f3 como Vicario Parroquial en tres parroquias por tres a\u00f1os y medio y fue p\u00e1rroco de una comunidad ind\u00edgena otom\u00ed, de 1967 a 1970. Fue Director Espiritual del Seminario de Toluca por diez a\u00f1os, y Rector del mismo de 1981 a 1991. El 7 de marzo de 1991, fue ordenado obispo de la di\u00f3cesis de Tapachula, donde estuvo hasta el 30 de abril del a\u00f1o 2000. El 1 de mayo del 2000, inici\u00f3 su ministerio episcopal como XLVI obispo de la di\u00f3cesis de San Crist\u00f3bal de las Casas, Chiapas, una de las di\u00f3cesis m\u00e1s antiguas de M\u00e9xico, erigida en 1539; all\u00ed sirvi\u00f3 por casi 18 a\u00f1os. Ha ocupado diversos cargos en la Conferencia del Episcopado Mexicano y en el CELAM. El 3 de noviembre de 2017, el Papa Francisco le acept\u00f3, por edad, su renuncia al servicio episcopal en esta di\u00f3cesis, que entreg\u00f3 a su sucesor el 3 de enero de 2018. Desde entonces, reside en la ciudad de Toluca. Desde 1979, escribe art\u00edculos de actualidad en varios medios religiosos y civiles. Es autor de varias publicaciones.","url":"https:\/\/exaudi.org\/es\/author\/felipearizmendi\/"}]}},"jetpack_featured_media_url":"https:\/\/exaudi.org\/wp-content\/uploads\/2022\/08\/martinezjose603-1592176447338-cathopic-scaled.jpg","jetpack_shortlink":"https:\/\/wp.me\/pgKjF2-fHa","_links":{"self":[{"href":"https:\/\/exaudi.org\/es\/wp-json\/wp\/v2\/posts\/60336","targetHints":{"allow":["GET"]}}],"collection":[{"href":"https:\/\/exaudi.org\/es\/wp-json\/wp\/v2\/posts"}],"about":[{"href":"https:\/\/exaudi.org\/es\/wp-json\/wp\/v2\/types\/post"}],"author":[{"embeddable":true,"href":"https:\/\/exaudi.org\/es\/wp-json\/wp\/v2\/users\/24"}],"replies":[{"embeddable":true,"href":"https:\/\/exaudi.org\/es\/wp-json\/wp\/v2\/comments?post=60336"}],"version-history":[{"count":0,"href":"https:\/\/exaudi.org\/es\/wp-json\/wp\/v2\/posts\/60336\/revisions"}],"wp:featuredmedia":[{"embeddable":true,"href":"https:\/\/exaudi.org\/es\/wp-json\/wp\/v2\/media\/60337"}],"wp:attachment":[{"href":"https:\/\/exaudi.org\/es\/wp-json\/wp\/v2\/media?parent=60336"}],"wp:term":[{"taxonomy":"category","embeddable":true,"href":"https:\/\/exaudi.org\/es\/wp-json\/wp\/v2\/categories?post=60336"},{"taxonomy":"post_tag","embeddable":true,"href":"https:\/\/exaudi.org\/es\/wp-json\/wp\/v2\/tags?post=60336"}],"curies":[{"name":"wp","href":"https:\/\/api.w.org\/{rel}","templated":true}]}}