{"id":60314,"date":"2022-08-03T14:51:43","date_gmt":"2022-08-03T12:51:43","guid":{"rendered":"https:\/\/exaudi.org\/?p=60314"},"modified":"2022-08-06T19:20:20","modified_gmt":"2022-08-06T17:20:20","slug":"memoria-reconciliacion-sanacion-3-etapas-viaje-papa-canada","status":"publish","type":"post","link":"https:\/\/exaudi.org\/es\/memoria-reconciliacion-sanacion-3-etapas-viaje-papa-canada\/","title":{"rendered":"Memoria, reconciliaci\u00f3n, sanaci\u00f3n: 3 etapas del viaje del Papa a Canad\u00e1"},"content":{"rendered":"<p>Hoy, 3 de agosto de 2022,el Papa Francisco ha dedicado su primera audiencia general tras el periodo de vacaciones a repasar su reciente \u201cviaje penitencial\u201d a Canad\u00e1 (Lectura: <em>Lc<\/em> 24,13-15). El Pont\u00edfice record\u00f3 que las tres etapas de esta peregrinaci\u00f3n al pa\u00eds norteamericano fueron memoria, reconciliaci\u00f3n y sanaci\u00f3n.<\/p>\n<p>A continuaci\u00f3n sigue el texto completo de la catequesis de Francisco, celebrada en el Aula Pablo VI del Vaticano debido a las altas temperaturas en Roma en estas fechas.<\/p>\n<p>***<\/p>\n<h3><strong>Catequesis del Santo Padre<\/strong><\/h3>\n<p>Queridos hermanos y hermanas, \u00a1buenos d\u00edas!<\/p>\n<p>Hoy quisiera compartir con vosotros algunas reflexiones sobre el\u00a0<a href=\"https:\/\/www.vatican.va\/content\/francesco\/es\/travels\/2022\/outside\/documents\/canada-2022.html\">viaje apost\u00f3lico que realic\u00e9 a Canad\u00e1<\/a>\u00a0los d\u00edas pasados. Se ha tratado de un viaje diferente a los otros. De hecho, la motivaci\u00f3n principal era la de encontrar a las poblaciones originarias para expresarles mi cercan\u00eda y mi dolor y pedir perd\u00f3n &#8211; pedir perd\u00f3n &#8211; por el da\u00f1o que les hicieron aquellos cristianos, incluidos muchos cat\u00f3licos, que en el pasado colaboraron en las pol\u00edticas de asimilaci\u00f3n forzada y liberaci\u00f3n de los gobiernos de la \u00e9poca.<\/p>\n<p>En este sentido, en Canad\u00e1 se ha iniciado un recorrido para escribir una nueva p\u00e1gina del camino que desde hace tiempo la Iglesia est\u00e1 realizando junto a los pueblos ind\u00edgenas. Y de hecho el lema del viaje \u201cCaminar juntos\u201d explica un poco esto. Un camino de reconciliaci\u00f3n, de sanaci\u00f3n, que presupone la conciencia hist\u00f3rica, la escucha de los supervivientes, la toma de conciencia y sobre todo la conversi\u00f3n, el cambio de mentalidad. De esta profundizaci\u00f3n resulta que, por un lado, algunos hombres y mujeres de Iglesia han estado entre los m\u00e1s decididos y valientes defensores de la dignidad de las poblaciones aut\u00f3ctonas, poni\u00e9ndose de su lado y contribuyendo al conocimiento de sus lenguas y culturas; pero, por otro lado, lamentablemente no han faltado cristianos, es decir sacerdotes, religiosos, religiosas, laicos que han participado en programas que hoy entendemos que son inaceptables y tambi\u00e9n contrarios al Evangelio. Y por esto yo he ido a pedir perd\u00f3n en nombre de la Iglesia.<\/p>\n<p>Por tanto, fue una peregrinaci\u00f3n penitencial. Muchos fueron los momentos de alegr\u00eda, pero el sentido y el tono del conjunto fue reflexi\u00f3n, arrepentimiento y reconciliaci\u00f3n. Hace cuatro meses recib\u00ed en el Vaticano, en grupos diferentes, a los representantes de los pueblos originarios: en total fueron seis reuniones, para preparar un poco este encuentro.<\/p>\n<p>Las grandes etapas de la peregrinaci\u00f3n fueron tres: la primera, en Edmonton, en la parte occidental del pa\u00eds. La segunda, en Quebec, en la parte oriental. Y la tercera en el norte, en Iqaluit, a 300 kil\u00f3metros del c\u00edrculo polar \u00e1rtico.\u00a0<a href=\"https:\/\/www.vatican.va\/content\/francesco\/es\/events\/event.dir.html\/content\/vaticanevents\/es\/2022\/7\/25\/popolazioniindigene-canada.html\">El primer encuentro tuvo lugar en Masqwacis<\/a>, que significa \u201cla colina del oso\u201d, donde se dieron cita jefes y miembros de los principales grupos ind\u00edgenas de todo el pa\u00eds: Primeras naciones, M\u00e9tis e Inuit. Juntos hemos hecho memoria: la buena memoria de la historia milenaria de estos pueblos, en armon\u00eda con su tierra: esta es una de las cosas m\u00e1s hermosas de los pueblos originarios, la armon\u00eda con la tierra. Nunca maltratan la creaci\u00f3n, nunca. En armon\u00eda con la tierra. Y tambi\u00e9n hemos recogido la memoria dolorosa de los abusos sufridos, tambi\u00e9n en las escuelas residenciales, a causa de las pol\u00edticas de asimilaci\u00f3n cultural.<\/p>\n<p>Despu\u00e9s de la memoria,\u00a0<a href=\"https:\/\/www.vatican.va\/content\/francesco\/es\/events\/event.dir.html\/content\/vaticanevents\/es\/2022\/7\/25\/incontroedmonton-canada.html\">el segundo paso de nuestro camino fue el de la reconciliaci\u00f3n<\/a>. No un acuerdo entre nosotros \u2013 ser\u00eda una ilusi\u00f3n, una puesta en escena \u2013 sino un dejarse reconciliar por Cristo, que es nuestra paz (cfr\u00a0<em>Ef<\/em>\u00a02,14). Lo hemos hecho teniendo como referencia la figura del \u00e1rbol, central en la vida y en la simbolog\u00eda de los pueblos ind\u00edgenas.<\/p>\n<p>Memoria, reconciliaci\u00f3n, y finalmente sanaci\u00f3n. Hemos dado este\u00a0<a href=\"https:\/\/www.vatican.va\/content\/francesco\/es\/events\/event.dir.html\/content\/vaticanevents\/es\/2022\/7\/26\/omelia-lacsteanne-canada.html\">tercer paso del camino en la orilla del lago Santa Ana<\/a>, precisamente en el d\u00eda de la fiesta de santos Joaqu\u00edn y Ana. Todos podemos tomar de Cristo, fuente de agua viva, y all\u00ed, en Jes\u00fas hemos visto la cercan\u00eda del Padre que nos da la sanaci\u00f3n de las heridas y tambi\u00e9n el perd\u00f3n de los pecados.<\/p>\n<p>De este recorrido de memoria, reconciliaci\u00f3n y sanaci\u00f3n brota la esperanza por la Iglesia, en Canad\u00e1 y en todos los lugares. Y ah\u00ed, la figura de los disc\u00edpulos de Ema\u00fas, que despu\u00e9s de haber caminado con Jes\u00fas resucitado, con \u00c9l y gracias a \u00c9l pasaron del fracaso a la esperanza (cfr\u00a0<em>Lc<\/em>\u00a024,13-35).<\/p>\n<p>Como dec\u00eda al principio, el camino junto a los pueblos ind\u00edgenas ha constituido la espina dorsal de este viaje apost\u00f3lico. Sobre ella se construyeron los dos encuentros con\u00a0<a href=\"https:\/\/www.vatican.va\/content\/francesco\/es\/events\/event.dir.html\/content\/vaticanevents\/es\/2022\/7\/28\/omelia-vespri-quebec.html\">la Iglesia local<\/a>\u00a0y con\u00a0<a href=\"https:\/\/www.vatican.va\/content\/francesco\/es\/events\/event.dir.html\/content\/vaticanevents\/es\/2022\/7\/27\/autorita-canada.html\">las autoridades del pa\u00eds<\/a>, a cuyas autoridades deseo renovar mi gratitud sincera por la gran disponibilidad y la cordial acogida que me han reservado a m\u00ed y a mis colaboradores. Y a los obispos, lo mismo.\u00a0<a href=\"https:\/\/www.vatican.va\/content\/francesco\/es\/events\/event.dir.html\/content\/vaticanevents\/es\/2022\/7\/27\/autorita-canada.html\">Delante de los gobernantes, de los jefes ind\u00edgenas y del cuerpo diplom\u00e1tico<\/a>\u00a0reiter\u00e9 la voluntad activa de la Santa Sede y de las comunidades cat\u00f3licas locales de promover las culturas originarias, con recorridos espirituales apropiados y con la atenci\u00f3n a las costumbres y a las lenguas de los pueblos. Al mismo tiempo, se\u00f1al\u00e9 c\u00f3mo la mentalidad colonizadora se presenta hoy bajo varias formas de colonizaciones ideol\u00f3gicas, que amenazan a las tradiciones, la historia y los v\u00ednculos religiosos de los pueblos, aplanando las diferencias, concentr\u00e1ndose solo en el presente y descuidando a menudo los deberes hacia los m\u00e1s d\u00e9biles y fr\u00e1giles. Se trata por tanto de recuperar un sano equilibrio, recuperar la armon\u00eda, que es m\u00e1s que un equilibrio, es otra cosa; recuperar la armon\u00eda entre modernidad y culturas ancestrales, entre la secularizaci\u00f3n y los valores espirituales. Y esto interpela directamente la misi\u00f3n de la Iglesia, enviada a todo el mundo a testimoniar, a \u201csembrar\u201d una fraternidad universal que respeta y promueve la dimensi\u00f3n local con sus m\u00faltiples riquezas (cfr Enc.\u00a0<em><a href=\"https:\/\/www.vatican.va\/content\/francesco\/es\/encyclicals\/documents\/papa-francesco_20201003_enciclica-fratelli-tutti.html#142\">Fratelli tutti<\/a><\/em>, 142-153). Ya lo he dicho, pero quiero reiterar mi agradecimiento a las autoridades civiles, a la se\u00f1ora gobernadora general, al primer ministro, a las autoridades locales de los lugares donde fui: doy muchas gracias por la forma en la que han favorecido la realizaci\u00f3n de los prop\u00f3sitos y de los gestos que he mencionado. Y deseo dar las gracias a los obispos y sobre todo por la unidad del episcopado: la realizaci\u00f3n de los fines del viaje fue posible porque los obispos estaban unidos, y donde hay unidad se puede ir adelante. Por esto quisiera subrayar esto y dar las gracias a los obispos de Canad\u00e1 por esta unidad.<\/p>\n<p>Y en el signo de la esperanza fue el \u00faltimo encuentro, en la tierra de los Inuit, con\u00a0<a href=\"https:\/\/www.vatican.va\/content\/francesco\/es\/events\/event.dir.html\/content\/vaticanevents\/es\/2022\/7\/29\/giovani-anziani-iqaluit.html\">j\u00f3venes y ancianos<\/a>. Y os aseguro que, en estos encuentros, sobre todo en el \u00faltimo, he tenido que sentir como bofetadas el dolor de esa gente: los ancianos que han perdido a los hijos y no sab\u00edan d\u00f3nde estaban, por esta pol\u00edtica de asimilaci\u00f3n. Fue un momento muy doloroso, pero se ten\u00eda que dar la cara: tenemos que dar la cara delante de nuestros errores, de nuestros pecados. Tambi\u00e9n en Canad\u00e1 es un binomio-clave, j\u00f3venes y ancianos, es un signo de los tiempos: j\u00f3venes y ancianos en di\u00e1logo para caminar juntos en la historia entre memoria y profec\u00eda, que est\u00e1n de acuerdo. La fortaleza y la acci\u00f3n pac\u00edfica de los pueblos ind\u00edgenas de Canad\u00e1 sea de ejemplo para todas las poblaciones originarias a no cerrarse, sino a ofrecer su indispensable contribuci\u00f3n para una humanidad m\u00e1s fraterna, que sepa amar a la creaci\u00f3n y al Creador, en armon\u00eda con la creaci\u00f3n, en armon\u00eda entre todos vosotros.<\/p>\n<p>________________________________________________________<\/p>\n<p><strong>Saludos:<\/strong><\/p>\n<p>Saludo cordialmente a los peregrinos de lengua espa\u00f1ola. Los invito a seguir \u201ccaminando juntos\u201d y\u00a0estar atentos a los signos de los tiempos. Y as\u00ed podremos descubrir \u2014como los disc\u00edpulos de Ema\u00fas\u2014 al mismo Jes\u00fas, que se acerca y camina con nosotros, que nos hace arder el coraz\u00f3n con su Palabra y parte para nosotros el Pan. Que Dios los bendiga. Muchas gracias.<\/p>\n<p>_________________________________<\/p>\n<p><strong>LLAMAMIENTO<\/strong><\/p>\n<p>Ma\u00f1ana es el segundo aniversario de la explosi\u00f3n en el puerto de Beirut. Mi pensamiento va a las familias de las v\u00edctimas de aquel desastroso evento y al querido pueblo liban\u00e9s: rezo para que cada uno pueda ser consolado por la fe y confortado por la justicia y la verdad, que nunca se debe esconder.<\/p>\n<p>Deseo que el L\u00edbano, con la ayuda de la comunidad internacional, siga recorriendo el camino de \u201crenacimiento\u201d, permaneciendo fiel a la propia vocaci\u00f3n de ser tierra de paz y de pluralismo, donde las comunidades de religiones diferentes puedan vivir en fraternidad.<\/p>\n<p>_______________________________<\/p>\n<p><strong>Resumen le\u00eddo por el Santo Padre en espa\u00f1ol<\/strong><\/p>\n<p>Queridos hermanos y hermanas:<\/p>\n<p>Hoy quisiera compartirles algunas de las experiencias que viv\u00ed en el\u00a0<em><a href=\"https:\/\/www.vatican.va\/content\/francesco\/es\/travels\/2022\/outside\/documents\/canada-2022.html\">Viaje apost\u00f3lico a Canad\u00e1<\/a><\/em>. El lema del viaje fue \u201c<em>Caminar juntos<\/em>\u201d\u201d y quise realizarlo como una\u00a0<em>peregrinaci\u00f3n penitencial<\/em>, para\u00a0<em>pedir perd\u00f3n\u00a0<\/em>a los pueblos ind\u00edgenas por lo que sufrieron a causa de tantos cristianos, y entre ellos muchos cat\u00f3licos. Fue un camino recorrido en tres grandes etapas: Edmonton, Quebec e Iqaluit; y en este itinerario se dieron tres pasos: la\u00a0<em>memoria<\/em>, la\u00a0<em>reconciliaci\u00f3n<\/em>\u00a0y la\u00a0<em>sanaci\u00f3n<\/em>, que son posibles gracias al\u00a0<em>encuentro con Cristo<\/em>, nuestra\u00a0<em>esperanza<\/em>.<\/p>\n<p>Ante las ideolog\u00edas que amenazan a los pueblos intentando borrar su historia y sus tradiciones, la Iglesia se siente interpelada y no quiere repetir errores. Su misi\u00f3n en el mundo es anunciar el Evangelio y construir la\u00a0<em>unidad<\/em>\u00a0respetando y valorando la\u00a0<em>diversidad<\/em>\u00a0de cada pueblo y de cada persona. Para esta misi\u00f3n, un binomio-clave es la relaci\u00f3n entre\u00a0<em>ancianos<\/em>\u00a0y\u00a0<em>j\u00f3venes<\/em>, un di\u00e1logo entre\u00a0<em>memoria<\/em>\u00a0y\u00a0<em>profec\u00eda<\/em>\u00a0que puede edificar un mundo m\u00e1s fraterno y solidario.<\/p>\n<p>&nbsp;<\/p>\n","protected":false},"excerpt":{"rendered":"<p>Catequesis: viaje apost\u00f3lico a Canad\u00e1<\/p>\n","protected":false},"author":15,"featured_media":60325,"comment_status":"closed","ping_status":"closed","sticky":false,"template":"","format":"standard","meta":{"_acf_changed":false,"_crdt_document":"","inline_featured_image":false,"footnotes":""},"categories":[112,68],"tags":[6690,4953,6578],"class_list":["post-60314","post","type-post","status-publish","format-standard","has-post-thumbnail","hentry","category-audiencia-general","category-leon-xiv","tag-catequesis-del-papa","tag-trending-es","tag-viaje-canada"],"acf":[],"yoast_head":"<!-- This site is optimized with the Yoast SEO plugin v27.4 - https:\/\/yoast.com\/product\/yoast-seo-wordpress\/ -->\n<title>Memoria, reconciliaci\u00f3n, sanaci\u00f3n: 3 etapas del viaje del Papa a Canad\u00e1 &#8211; Exaudi<\/title>\n<meta name=\"robots\" content=\"index, follow, max-snippet:-1, max-image-preview:large, max-video-preview:-1\" \/>\n<link rel=\"canonical\" href=\"https:\/\/exaudi.org\/es\/memoria-reconciliacion-sanacion-3-etapas-viaje-papa-canada\/\" \/>\n<meta property=\"og:locale\" content=\"es_ES\" \/>\n<meta property=\"og:type\" content=\"article\" \/>\n<meta property=\"og:title\" content=\"Memoria, reconciliaci\u00f3n, sanaci\u00f3n: 3 etapas del viaje del Papa a Canad\u00e1 &#8211; Exaudi\" \/>\n<meta property=\"og:description\" content=\"Catequesis: viaje apost\u00f3lico a Canad\u00e1\" \/>\n<meta property=\"og:url\" content=\"https:\/\/exaudi.org\/es\/memoria-reconciliacion-sanacion-3-etapas-viaje-papa-canada\/\" \/>\n<meta property=\"og:site_name\" content=\"Exaudi\" \/>\n<meta property=\"article:publisher\" content=\"https:\/\/www.facebook.com\/ExaudiNews\" \/>\n<meta property=\"article:author\" content=\"https:\/\/www.facebook.com\/ExaudiNoticias\/\" \/>\n<meta property=\"article:published_time\" content=\"2022-08-03T12:51:43+00:00\" \/>\n<meta property=\"article:modified_time\" content=\"2022-08-06T17:20:20+00:00\" \/>\n<meta property=\"og:image\" content=\"https:\/\/exaudi.org\/wp-content\/uploads\/2022\/08\/cq5dam.web_.800.800-14.jpeg\" \/>\n\t<meta property=\"og:image:width\" content=\"800\" \/>\n\t<meta property=\"og:image:height\" content=\"533\" \/>\n\t<meta property=\"og:image:type\" content=\"image\/jpeg\" \/>\n<meta name=\"author\" content=\"Exaudi Redacci\u00f3n\" \/>\n<meta name=\"twitter:card\" content=\"summary_large_image\" \/>\n<meta name=\"twitter:creator\" content=\"@Exaudi_noticias\" \/>\n<meta name=\"twitter:site\" content=\"@Exaudi_News\" \/>\n<meta name=\"twitter:label1\" content=\"Escrito por\" \/>\n\t<meta name=\"twitter:data1\" content=\"Exaudi Redacci\u00f3n\" \/>\n\t<meta name=\"twitter:label2\" content=\"Tiempo de lectura\" \/>\n\t<meta name=\"twitter:data2\" content=\"8 minutos\" \/>\n<script type=\"application\/ld+json\" class=\"yoast-schema-graph\">{\"@context\":\"https:\\\/\\\/schema.org\",\"@graph\":[{\"@type\":\"Article\",\"@id\":\"https:\\\/\\\/exaudi.org\\\/es\\\/memoria-reconciliacion-sanacion-3-etapas-viaje-papa-canada\\\/#article\",\"isPartOf\":{\"@id\":\"https:\\\/\\\/exaudi.org\\\/es\\\/memoria-reconciliacion-sanacion-3-etapas-viaje-papa-canada\\\/\"},\"author\":{\"name\":\"Exaudi Redacci\u00f3n\",\"@id\":\"https:\\\/\\\/exaudi.org\\\/#\\\/schema\\\/person\\\/f5fc8f063065e38742da7afe15f25df7\"},\"headline\":\"Memoria, reconciliaci\u00f3n, sanaci\u00f3n: 3 etapas del viaje del Papa a Canad\u00e1\",\"datePublished\":\"2022-08-03T12:51:43+00:00\",\"dateModified\":\"2022-08-06T17:20:20+00:00\",\"mainEntityOfPage\":{\"@id\":\"https:\\\/\\\/exaudi.org\\\/es\\\/memoria-reconciliacion-sanacion-3-etapas-viaje-papa-canada\\\/\"},\"wordCount\":1727,\"image\":{\"@id\":\"https:\\\/\\\/exaudi.org\\\/es\\\/memoria-reconciliacion-sanacion-3-etapas-viaje-papa-canada\\\/#primaryimage\"},\"thumbnailUrl\":\"https:\\\/\\\/exaudi.org\\\/wp-content\\\/uploads\\\/2022\\\/08\\\/cq5dam.web_.800.800-14.jpeg\",\"keywords\":[\"Catequesis del Papa\",\"Trending\",\"Viaje Canada\"],\"articleSection\":[\"Audiencia General\",\"Le\u00f3n XIV\"],\"inLanguage\":\"es\"},{\"@type\":\"WebPage\",\"@id\":\"https:\\\/\\\/exaudi.org\\\/es\\\/memoria-reconciliacion-sanacion-3-etapas-viaje-papa-canada\\\/\",\"url\":\"https:\\\/\\\/exaudi.org\\\/es\\\/memoria-reconciliacion-sanacion-3-etapas-viaje-papa-canada\\\/\",\"name\":\"Memoria, reconciliaci\u00f3n, sanaci\u00f3n: 3 etapas del viaje del Papa a Canad\u00e1 &#8211; Exaudi\",\"isPartOf\":{\"@id\":\"https:\\\/\\\/exaudi.org\\\/#website\"},\"primaryImageOfPage\":{\"@id\":\"https:\\\/\\\/exaudi.org\\\/es\\\/memoria-reconciliacion-sanacion-3-etapas-viaje-papa-canada\\\/#primaryimage\"},\"image\":{\"@id\":\"https:\\\/\\\/exaudi.org\\\/es\\\/memoria-reconciliacion-sanacion-3-etapas-viaje-papa-canada\\\/#primaryimage\"},\"thumbnailUrl\":\"https:\\\/\\\/exaudi.org\\\/wp-content\\\/uploads\\\/2022\\\/08\\\/cq5dam.web_.800.800-14.jpeg\",\"datePublished\":\"2022-08-03T12:51:43+00:00\",\"dateModified\":\"2022-08-06T17:20:20+00:00\",\"author\":{\"@id\":\"https:\\\/\\\/exaudi.org\\\/#\\\/schema\\\/person\\\/f5fc8f063065e38742da7afe15f25df7\"},\"breadcrumb\":{\"@id\":\"https:\\\/\\\/exaudi.org\\\/es\\\/memoria-reconciliacion-sanacion-3-etapas-viaje-papa-canada\\\/#breadcrumb\"},\"inLanguage\":\"es\",\"potentialAction\":[{\"@type\":\"ReadAction\",\"target\":[\"https:\\\/\\\/exaudi.org\\\/es\\\/memoria-reconciliacion-sanacion-3-etapas-viaje-papa-canada\\\/\"]}]},{\"@type\":\"ImageObject\",\"inLanguage\":\"es\",\"@id\":\"https:\\\/\\\/exaudi.org\\\/es\\\/memoria-reconciliacion-sanacion-3-etapas-viaje-papa-canada\\\/#primaryimage\",\"url\":\"https:\\\/\\\/exaudi.org\\\/wp-content\\\/uploads\\\/2022\\\/08\\\/cq5dam.web_.800.800-14.jpeg\",\"contentUrl\":\"https:\\\/\\\/exaudi.org\\\/wp-content\\\/uploads\\\/2022\\\/08\\\/cq5dam.web_.800.800-14.jpeg\",\"width\":800,\"height\":533,\"caption\":\"Audiencia general, 3 agosto 2022 \u00a9 Vatican Media\"},{\"@type\":\"BreadcrumbList\",\"@id\":\"https:\\\/\\\/exaudi.org\\\/es\\\/memoria-reconciliacion-sanacion-3-etapas-viaje-papa-canada\\\/#breadcrumb\",\"itemListElement\":[{\"@type\":\"ListItem\",\"position\":1,\"name\":\"Portada\",\"item\":\"https:\\\/\\\/exaudi.org\\\/es\\\/\"},{\"@type\":\"ListItem\",\"position\":2,\"name\":\"Memoria, reconciliaci\u00f3n, sanaci\u00f3n: 3 etapas del viaje del Papa a Canad\u00e1\"}]},{\"@type\":\"WebSite\",\"@id\":\"https:\\\/\\\/exaudi.org\\\/#website\",\"url\":\"https:\\\/\\\/exaudi.org\\\/\",\"name\":\"Exaudi\",\"description\":\"News\",\"potentialAction\":[{\"@type\":\"SearchAction\",\"target\":{\"@type\":\"EntryPoint\",\"urlTemplate\":\"https:\\\/\\\/exaudi.org\\\/?s={search_term_string}\"},\"query-input\":{\"@type\":\"PropertyValueSpecification\",\"valueRequired\":true,\"valueName\":\"search_term_string\"}}],\"inLanguage\":\"es\"},{\"@type\":\"Person\",\"@id\":\"https:\\\/\\\/exaudi.org\\\/#\\\/schema\\\/person\\\/f5fc8f063065e38742da7afe15f25df7\",\"name\":\"Exaudi Redacci\u00f3n\",\"image\":{\"@type\":\"ImageObject\",\"inLanguage\":\"es\",\"@id\":\"https:\\\/\\\/secure.gravatar.com\\\/avatar\\\/fe0f6a059fb68d9b3e11bc5850dd4899b1c7492091a3cb6dd9b01b56ad828be2?s=96&d=mm&r=g\",\"url\":\"https:\\\/\\\/secure.gravatar.com\\\/avatar\\\/fe0f6a059fb68d9b3e11bc5850dd4899b1c7492091a3cb6dd9b01b56ad828be2?s=96&d=mm&r=g\",\"contentUrl\":\"https:\\\/\\\/secure.gravatar.com\\\/avatar\\\/fe0f6a059fb68d9b3e11bc5850dd4899b1c7492091a3cb6dd9b01b56ad828be2?s=96&d=mm&r=g\",\"caption\":\"Exaudi Redacci\u00f3n\"},\"description\":\"\u00bfQu\u00e9 es Exaudi News? Exaudi News es un medio de comunicaci\u00f3n cat\u00f3lico internacional que informa, forma y transforma, diariamente en espa\u00f1ol, ingl\u00e9s e italiano. A trav\u00e9s de noticias, art\u00edculos de an\u00e1lisis y transmisiones en directo de los eventos del Papa, Exaudi busca fortalecer la unidad de los cristianos y contribuir a la evangelizaci\u00f3n del mundo, siempre guiados por la doctrina social de la Iglesia. Trabajamos para acercar la verdad y los valores cristianos a cada rinc\u00f3n del planeta. \u00a1Ay\u00fadanos a transformar el mundo con Exaudi! En Exaudi creemos que la evangelizaci\u00f3n y la informaci\u00f3n de calidad pueden cambiar vidas. Para continuar con nuestra misi\u00f3n y expandir nuestro alcance, necesitamos tu ayuda. Adem\u00e1s, buscamos personas comprometidas que deseen unirse a nuestro equipo. Con tu apoyo, lograremos llegar a m\u00e1s personas, difundir el mensaje de Cristo y reforzar la unidad de los cristianos. \u00bfTe unes a nuestra misi\u00f3n? Para m\u00e1s informaci\u00f3n sobre c\u00f3mo colaborar, visita Exaudi.org\\\/es o cont\u00e1ctanos directamente: info@exaudi.org Exaudi: Informa, forma y transforma.\",\"sameAs\":[\"https:\\\/\\\/www.facebook.com\\\/ExaudiNoticias\\\/\",\"https:\\\/\\\/www.instagram.com\\\/exaudi_noticias\\\/\",\"https:\\\/\\\/x.com\\\/Exaudi_noticias\",\"https:\\\/\\\/www.youtube.com\\\/@exaudicatholicnews\"],\"url\":\"https:\\\/\\\/exaudi.org\\\/es\\\/author\\\/redaccionexaudi\\\/\"}]}<\/script>\n<!-- \/ Yoast SEO plugin. -->","yoast_head_json":{"title":"Memoria, reconciliaci\u00f3n, sanaci\u00f3n: 3 etapas del viaje del Papa a Canad\u00e1 &#8211; Exaudi","robots":{"index":"index","follow":"follow","max-snippet":"max-snippet:-1","max-image-preview":"max-image-preview:large","max-video-preview":"max-video-preview:-1"},"canonical":"https:\/\/exaudi.org\/es\/memoria-reconciliacion-sanacion-3-etapas-viaje-papa-canada\/","og_locale":"es_ES","og_type":"article","og_title":"Memoria, reconciliaci\u00f3n, sanaci\u00f3n: 3 etapas del viaje del Papa a Canad\u00e1 &#8211; Exaudi","og_description":"Catequesis: viaje apost\u00f3lico a Canad\u00e1","og_url":"https:\/\/exaudi.org\/es\/memoria-reconciliacion-sanacion-3-etapas-viaje-papa-canada\/","og_site_name":"Exaudi","article_publisher":"https:\/\/www.facebook.com\/ExaudiNews","article_author":"https:\/\/www.facebook.com\/ExaudiNoticias\/","article_published_time":"2022-08-03T12:51:43+00:00","article_modified_time":"2022-08-06T17:20:20+00:00","og_image":[{"width":800,"height":533,"url":"https:\/\/exaudi.org\/wp-content\/uploads\/2022\/08\/cq5dam.web_.800.800-14.jpeg","type":"image\/jpeg"}],"author":"Exaudi Redacci\u00f3n","twitter_card":"summary_large_image","twitter_creator":"@Exaudi_noticias","twitter_site":"@Exaudi_News","twitter_misc":{"Escrito por":"Exaudi Redacci\u00f3n","Tiempo de lectura":"8 minutos"},"schema":{"@context":"https:\/\/schema.org","@graph":[{"@type":"Article","@id":"https:\/\/exaudi.org\/es\/memoria-reconciliacion-sanacion-3-etapas-viaje-papa-canada\/#article","isPartOf":{"@id":"https:\/\/exaudi.org\/es\/memoria-reconciliacion-sanacion-3-etapas-viaje-papa-canada\/"},"author":{"name":"Exaudi Redacci\u00f3n","@id":"https:\/\/exaudi.org\/#\/schema\/person\/f5fc8f063065e38742da7afe15f25df7"},"headline":"Memoria, reconciliaci\u00f3n, sanaci\u00f3n: 3 etapas del viaje del Papa a Canad\u00e1","datePublished":"2022-08-03T12:51:43+00:00","dateModified":"2022-08-06T17:20:20+00:00","mainEntityOfPage":{"@id":"https:\/\/exaudi.org\/es\/memoria-reconciliacion-sanacion-3-etapas-viaje-papa-canada\/"},"wordCount":1727,"image":{"@id":"https:\/\/exaudi.org\/es\/memoria-reconciliacion-sanacion-3-etapas-viaje-papa-canada\/#primaryimage"},"thumbnailUrl":"https:\/\/exaudi.org\/wp-content\/uploads\/2022\/08\/cq5dam.web_.800.800-14.jpeg","keywords":["Catequesis del Papa","Trending","Viaje Canada"],"articleSection":["Audiencia General","Le\u00f3n XIV"],"inLanguage":"es"},{"@type":"WebPage","@id":"https:\/\/exaudi.org\/es\/memoria-reconciliacion-sanacion-3-etapas-viaje-papa-canada\/","url":"https:\/\/exaudi.org\/es\/memoria-reconciliacion-sanacion-3-etapas-viaje-papa-canada\/","name":"Memoria, reconciliaci\u00f3n, sanaci\u00f3n: 3 etapas del viaje del Papa a Canad\u00e1 &#8211; Exaudi","isPartOf":{"@id":"https:\/\/exaudi.org\/#website"},"primaryImageOfPage":{"@id":"https:\/\/exaudi.org\/es\/memoria-reconciliacion-sanacion-3-etapas-viaje-papa-canada\/#primaryimage"},"image":{"@id":"https:\/\/exaudi.org\/es\/memoria-reconciliacion-sanacion-3-etapas-viaje-papa-canada\/#primaryimage"},"thumbnailUrl":"https:\/\/exaudi.org\/wp-content\/uploads\/2022\/08\/cq5dam.web_.800.800-14.jpeg","datePublished":"2022-08-03T12:51:43+00:00","dateModified":"2022-08-06T17:20:20+00:00","author":{"@id":"https:\/\/exaudi.org\/#\/schema\/person\/f5fc8f063065e38742da7afe15f25df7"},"breadcrumb":{"@id":"https:\/\/exaudi.org\/es\/memoria-reconciliacion-sanacion-3-etapas-viaje-papa-canada\/#breadcrumb"},"inLanguage":"es","potentialAction":[{"@type":"ReadAction","target":["https:\/\/exaudi.org\/es\/memoria-reconciliacion-sanacion-3-etapas-viaje-papa-canada\/"]}]},{"@type":"ImageObject","inLanguage":"es","@id":"https:\/\/exaudi.org\/es\/memoria-reconciliacion-sanacion-3-etapas-viaje-papa-canada\/#primaryimage","url":"https:\/\/exaudi.org\/wp-content\/uploads\/2022\/08\/cq5dam.web_.800.800-14.jpeg","contentUrl":"https:\/\/exaudi.org\/wp-content\/uploads\/2022\/08\/cq5dam.web_.800.800-14.jpeg","width":800,"height":533,"caption":"Audiencia general, 3 agosto 2022 \u00a9 Vatican Media"},{"@type":"BreadcrumbList","@id":"https:\/\/exaudi.org\/es\/memoria-reconciliacion-sanacion-3-etapas-viaje-papa-canada\/#breadcrumb","itemListElement":[{"@type":"ListItem","position":1,"name":"Portada","item":"https:\/\/exaudi.org\/es\/"},{"@type":"ListItem","position":2,"name":"Memoria, reconciliaci\u00f3n, sanaci\u00f3n: 3 etapas del viaje del Papa a Canad\u00e1"}]},{"@type":"WebSite","@id":"https:\/\/exaudi.org\/#website","url":"https:\/\/exaudi.org\/","name":"Exaudi","description":"News","potentialAction":[{"@type":"SearchAction","target":{"@type":"EntryPoint","urlTemplate":"https:\/\/exaudi.org\/?s={search_term_string}"},"query-input":{"@type":"PropertyValueSpecification","valueRequired":true,"valueName":"search_term_string"}}],"inLanguage":"es"},{"@type":"Person","@id":"https:\/\/exaudi.org\/#\/schema\/person\/f5fc8f063065e38742da7afe15f25df7","name":"Exaudi Redacci\u00f3n","image":{"@type":"ImageObject","inLanguage":"es","@id":"https:\/\/secure.gravatar.com\/avatar\/fe0f6a059fb68d9b3e11bc5850dd4899b1c7492091a3cb6dd9b01b56ad828be2?s=96&d=mm&r=g","url":"https:\/\/secure.gravatar.com\/avatar\/fe0f6a059fb68d9b3e11bc5850dd4899b1c7492091a3cb6dd9b01b56ad828be2?s=96&d=mm&r=g","contentUrl":"https:\/\/secure.gravatar.com\/avatar\/fe0f6a059fb68d9b3e11bc5850dd4899b1c7492091a3cb6dd9b01b56ad828be2?s=96&d=mm&r=g","caption":"Exaudi Redacci\u00f3n"},"description":"\u00bfQu\u00e9 es Exaudi News? Exaudi News es un medio de comunicaci\u00f3n cat\u00f3lico internacional que informa, forma y transforma, diariamente en espa\u00f1ol, ingl\u00e9s e italiano. A trav\u00e9s de noticias, art\u00edculos de an\u00e1lisis y transmisiones en directo de los eventos del Papa, Exaudi busca fortalecer la unidad de los cristianos y contribuir a la evangelizaci\u00f3n del mundo, siempre guiados por la doctrina social de la Iglesia. Trabajamos para acercar la verdad y los valores cristianos a cada rinc\u00f3n del planeta. \u00a1Ay\u00fadanos a transformar el mundo con Exaudi! En Exaudi creemos que la evangelizaci\u00f3n y la informaci\u00f3n de calidad pueden cambiar vidas. Para continuar con nuestra misi\u00f3n y expandir nuestro alcance, necesitamos tu ayuda. Adem\u00e1s, buscamos personas comprometidas que deseen unirse a nuestro equipo. Con tu apoyo, lograremos llegar a m\u00e1s personas, difundir el mensaje de Cristo y reforzar la unidad de los cristianos. \u00bfTe unes a nuestra misi\u00f3n? Para m\u00e1s informaci\u00f3n sobre c\u00f3mo colaborar, visita Exaudi.org\/es o cont\u00e1ctanos directamente: info@exaudi.org Exaudi: Informa, forma y transforma.","sameAs":["https:\/\/www.facebook.com\/ExaudiNoticias\/","https:\/\/www.instagram.com\/exaudi_noticias\/","https:\/\/x.com\/Exaudi_noticias","https:\/\/www.youtube.com\/@exaudicatholicnews"],"url":"https:\/\/exaudi.org\/es\/author\/redaccionexaudi\/"}]}},"jetpack_featured_media_url":"https:\/\/exaudi.org\/wp-content\/uploads\/2022\/08\/cq5dam.web_.800.800-14.jpeg","jetpack_shortlink":"https:\/\/wp.me\/pgKjF2-fGO","_links":{"self":[{"href":"https:\/\/exaudi.org\/es\/wp-json\/wp\/v2\/posts\/60314","targetHints":{"allow":["GET"]}}],"collection":[{"href":"https:\/\/exaudi.org\/es\/wp-json\/wp\/v2\/posts"}],"about":[{"href":"https:\/\/exaudi.org\/es\/wp-json\/wp\/v2\/types\/post"}],"author":[{"embeddable":true,"href":"https:\/\/exaudi.org\/es\/wp-json\/wp\/v2\/users\/15"}],"replies":[{"embeddable":true,"href":"https:\/\/exaudi.org\/es\/wp-json\/wp\/v2\/comments?post=60314"}],"version-history":[{"count":0,"href":"https:\/\/exaudi.org\/es\/wp-json\/wp\/v2\/posts\/60314\/revisions"}],"wp:featuredmedia":[{"embeddable":true,"href":"https:\/\/exaudi.org\/es\/wp-json\/wp\/v2\/media\/60325"}],"wp:attachment":[{"href":"https:\/\/exaudi.org\/es\/wp-json\/wp\/v2\/media?parent=60314"}],"wp:term":[{"taxonomy":"category","embeddable":true,"href":"https:\/\/exaudi.org\/es\/wp-json\/wp\/v2\/categories?post=60314"},{"taxonomy":"post_tag","embeddable":true,"href":"https:\/\/exaudi.org\/es\/wp-json\/wp\/v2\/tags?post=60314"}],"curies":[{"name":"wp","href":"https:\/\/api.w.org\/{rel}","templated":true}]}}