{"id":60309,"date":"2022-08-03T13:57:15","date_gmt":"2022-08-03T11:57:15","guid":{"rendered":"https:\/\/exaudi.org\/?p=60309"},"modified":"2022-08-05T20:03:33","modified_gmt":"2022-08-05T18:03:33","slug":"el-observatorio-de-bioetica-se-posiciona-en-contra-de-la-ultima-remodelacion-del-comite-de-bioetica-de-espana","status":"publish","type":"post","link":"https:\/\/exaudi.org\/es\/el-observatorio-de-bioetica-se-posiciona-en-contra-de-la-ultima-remodelacion-del-comite-de-bioetica-de-espana\/","title":{"rendered":"El Observatorio de Bio\u00e9tica se posiciona en contra remodelaci\u00f3n del Comit\u00e9 de Bio\u00e9tica de Espa\u00f1a"},"content":{"rendered":"<p>El Ministerio de Sanidad ha cesado a los miembros del Comit\u00e9 de Bio\u00e9tica de Espa\u00f1a, el \u00f3rgano colegiado independiente y de car\u00e1cter consultivo, que asesora sobre materias relacionadas con las implicaciones \u00e9ticas y sociales de la Biomedicina y Ciencias de la Salud.<\/p>\n<p>En su d\u00eda, el Gobierno no solicit\u00f3 el asesoramiento bio\u00e9tico del Comit\u00e9 durante la tramitaci\u00f3n parlamentaria de la Ley de la Eutanasia,\u00a0 desoyendo las valoraciones que \u00e9ste emiti\u00f3 sobre la norma, en las que los\u00a0<a href=\"https:\/\/www.observatoriobioetica.org\/2021\/07\/eutanasia-y-objecion-de-conciencia-alertas-del-comite-de-bioetica-de-espana\/36608\">expertos del Comit\u00e9 alertaron<\/a>\u00a0de las numerosas dificultades bio\u00e9ticas que presentaba, entre las que menciona que, adem\u00e1s de suponer un atentado contra la vida y la dignidad de los pacientes, la objeci\u00f3n de conciencia de los facultativos implicados no quedaba garantizada, abri\u00e9ndose numerosas lagunas que podr\u00edan complicar el que los m\u00e9dicos y otros sanitarios implicados puedan ejercer su leg\u00edtimo derecho a plantear la objeci\u00f3n de conciencia para la pr\u00e1ctica de la\u00a0eutanasia y el suicidio asistido que se deriva del art\u00edculo 16 de la Constituci\u00f3n Espa\u00f1ola referido a la libertad religiosa e ideol\u00f3gica.<\/p>\n<p>Este informe cont\u00f3 con la unanimidad de sus miembros\u00a0a excepci\u00f3n del voto particular emitido por la vocal Leonor Ruiz\u00a0en el caso de la objeci\u00f3n de conciencia, que precisamente es la \u00fanica que se mantiene del anterior Comit\u00e9.<\/p>\n<h2><strong>Puntos clave:<\/strong><\/h2>\n<ol>\n<li>La redacci\u00f3n de la reciente\u00a0<strong><a href=\"https:\/\/www.observatoriobioetica.org\/2018\/05\/valoracion-medica-juridica-y-bioetica-de-la-eutanasia\/27822\">Ley de Eutanasia<\/a><\/strong>\u00a0y su posterior aprobaci\u00f3n parlamentaria, ha obviado no solo la opini\u00f3n de los profesionales implicados sino tambi\u00e9n la del propio Comit\u00e9 de Bio\u00e9tica de Espa\u00f1a, al que ni tan siquiera solicit\u00f3 informe consultivo.<\/li>\n<li>El proceder legislativo que ignora la opini\u00f3n de expertos o las evidencias cient\u00edficas relacionadas disponibles, incurre en una grave irresponsabilidad que le puede llevar con probabilidad a legislar en contra del bien com\u00fan. Las razones por las que se ha procedido de tal manera no son cient\u00edficas ni rigurosas en ning\u00fan caso, sino meramente ideol\u00f3gicas.<\/li>\n<li>Suprimir al disidente, o silenciarlo como ha ocurrido en el caso que nos ocupa, es un proceder habitual del que impone, somete, manipula o reprime, pr\u00e1cticas totalitarias de consecuencias tristemente conocidas. La actual intervenci\u00f3n selectiva relevando a los miembros de un comit\u00e9 consultivo, que hubieran podido ser renovados otros cuatro a\u00f1os, por resultar inc\u00f3modos a quien gobierna al mostrar su oposici\u00f3n, basada en la evidencia cient\u00edfica, a la arbitrariedad del gobernante que desde la ignorancia o el sesgo ideol\u00f3gico legisla contra el bien de sus ciudadanos, constituye un ejemplo lamentable de proceder totalitario, acient\u00edfico y no plural, que situ\u00e1ndose de espaldas a la evidencia, aquella que le muestran los expertos que ahora trata de silenciar, procede con imprudencia maleficente.<\/li>\n<li>Las consecuencias de esta forma de proceder incluyen una degradaci\u00f3n en la pr\u00e1ctica asistencial, que muestra su rostro m\u00e1s siniestro en la no implementaci\u00f3n de los cuidados paliativos de calidad para todo el que los necesita y, eso s\u00ed, la eliminaci\u00f3n del que sufre y pide morir. Sin duda m\u00e1s barato. Sin duda m\u00e1s indigno.&nbsp;\n<p>Julio Tudela Cuenca<\/p>\n<p>Instituto Ciencias de la Vida<\/p>\n<p><a href=\"https:\/\/www.observatoriobioetica.org\/\">Observatorio de Bio\u00e9tica<\/a><\/p>\n<p>Universidad Cat\u00f3lica de Valencia<\/li>\n<\/ol>\n","protected":false},"excerpt":{"rendered":"<p>El Ministerio de Sanidad ha cesado a los miembros del Comit\u00e9 de Bio\u00e9tica de Espa\u00f1a, el \u00f3rgano colegiado independiente y de car\u00e1cter consultivo, que asesora sobre materias relacionadas con las implicaciones \u00e9ticas y sociales de la Biomedicina y Ciencias de la Salud. En su d\u00eda, el Gobierno no solicit\u00f3 el asesoramiento bio\u00e9tico del Comit\u00e9 durante [&hellip;]<\/p>\n","protected":false},"author":87,"featured_media":60310,"comment_status":"closed","ping_status":"closed","sticky":false,"template":"","format":"standard","meta":{"_acf_changed":false,"_crdt_document":"","inline_featured_image":false,"footnotes":""},"categories":[130],"tags":[728,630],"class_list":["post-60309","post","type-post","status-publish","format-standard","has-post-thumbnail","hentry","category-voces","tag-bioetica","tag-observatorio-de-bioetica-de-la-universidad-catolica-de-valencia"],"acf":[],"yoast_head":"<!-- This site is optimized with the Yoast SEO plugin v27.5 - https:\/\/yoast.com\/product\/yoast-seo-wordpress\/ -->\n<title>El Observatorio de Bio\u00e9tica se posiciona en contra remodelaci\u00f3n del Comit\u00e9 de Bio\u00e9tica de Espa\u00f1a &#8211; Exaudi<\/title>\n<meta name=\"description\" content=\"Especialistas alertan de que las razones por las que se ha cesado al actual comit\u00e9 no son cient\u00edficas ni rigurosas en ning\u00fan caso, sino meramente ideol\u00f3gicas\" \/>\n<meta name=\"robots\" content=\"index, follow, max-snippet:-1, max-image-preview:large, max-video-preview:-1\" \/>\n<link rel=\"canonical\" href=\"https:\/\/exaudi.org\/es\/el-observatorio-de-bioetica-se-posiciona-en-contra-de-la-ultima-remodelacion-del-comite-de-bioetica-de-espana\/\" \/>\n<meta property=\"og:locale\" content=\"es_ES\" \/>\n<meta property=\"og:type\" content=\"article\" \/>\n<meta property=\"og:title\" content=\"El Observatorio de Bio\u00e9tica se posiciona en contra remodelaci\u00f3n del Comit\u00e9 de Bio\u00e9tica de Espa\u00f1a &#8211; Exaudi\" \/>\n<meta property=\"og:description\" content=\"Especialistas alertan de que las razones por las que se ha cesado al actual comit\u00e9 no son cient\u00edficas ni rigurosas en ning\u00fan caso, sino meramente ideol\u00f3gicas\" \/>\n<meta property=\"og:url\" content=\"https:\/\/exaudi.org\/es\/el-observatorio-de-bioetica-se-posiciona-en-contra-de-la-ultima-remodelacion-del-comite-de-bioetica-de-espana\/\" \/>\n<meta property=\"og:site_name\" content=\"Exaudi\" \/>\n<meta property=\"article:publisher\" content=\"https:\/\/www.facebook.com\/ExaudiNews\" \/>\n<meta property=\"article:author\" content=\"https:\/\/www.facebook.com\/observatoriodebioetica\/\" \/>\n<meta property=\"article:published_time\" content=\"2022-08-03T11:57:15+00:00\" \/>\n<meta property=\"article:modified_time\" content=\"2022-08-05T18:03:33+00:00\" \/>\n<meta property=\"og:image\" content=\"https:\/\/exaudi.org\/wp-content\/uploads\/2022\/08\/CBespana-750x375-1.jpg\" \/>\n\t<meta property=\"og:image:width\" content=\"750\" \/>\n\t<meta property=\"og:image:height\" content=\"375\" \/>\n\t<meta property=\"og:image:type\" content=\"image\/jpeg\" \/>\n<meta name=\"author\" content=\"Observatorio de Bio\u00e9tica UCV\" \/>\n<meta name=\"twitter:card\" content=\"summary_large_image\" \/>\n<meta name=\"twitter:creator\" content=\"@obioetica\" \/>\n<meta name=\"twitter:site\" content=\"@Exaudi_News\" \/>\n<meta name=\"twitter:label1\" content=\"Escrito por\" \/>\n\t<meta name=\"twitter:data1\" content=\"Observatorio de Bio\u00e9tica UCV\" \/>\n\t<meta name=\"twitter:label2\" content=\"Tiempo de lectura\" \/>\n\t<meta name=\"twitter:data2\" content=\"3 minutos\" \/>\n<script type=\"application\/ld+json\" class=\"yoast-schema-graph\">{\"@context\":\"https:\\\/\\\/schema.org\",\"@graph\":[{\"@type\":\"Article\",\"@id\":\"https:\\\/\\\/exaudi.org\\\/es\\\/el-observatorio-de-bioetica-se-posiciona-en-contra-de-la-ultima-remodelacion-del-comite-de-bioetica-de-espana\\\/#article\",\"isPartOf\":{\"@id\":\"https:\\\/\\\/exaudi.org\\\/es\\\/el-observatorio-de-bioetica-se-posiciona-en-contra-de-la-ultima-remodelacion-del-comite-de-bioetica-de-espana\\\/\"},\"author\":{\"name\":\"Observatorio de Bio\u00e9tica UCV\",\"@id\":\"https:\\\/\\\/exaudi.org\\\/#\\\/schema\\\/person\\\/05d1c06e56ecb5490e9bff0d27026595\"},\"headline\":\"El Observatorio de Bio\u00e9tica se posiciona en contra remodelaci\u00f3n del Comit\u00e9 de Bio\u00e9tica de Espa\u00f1a\",\"datePublished\":\"2022-08-03T11:57:15+00:00\",\"dateModified\":\"2022-08-05T18:03:33+00:00\",\"mainEntityOfPage\":{\"@id\":\"https:\\\/\\\/exaudi.org\\\/es\\\/el-observatorio-de-bioetica-se-posiciona-en-contra-de-la-ultima-remodelacion-del-comite-de-bioetica-de-espana\\\/\"},\"wordCount\":566,\"image\":{\"@id\":\"https:\\\/\\\/exaudi.org\\\/es\\\/el-observatorio-de-bioetica-se-posiciona-en-contra-de-la-ultima-remodelacion-del-comite-de-bioetica-de-espana\\\/#primaryimage\"},\"thumbnailUrl\":\"https:\\\/\\\/exaudi.org\\\/wp-content\\\/uploads\\\/2022\\\/08\\\/CBespana-750x375-1.jpg\",\"keywords\":[\"Bio\u00e9tica\",\"Observatorio de Bio\u00e9tica de la Universidad Cat\u00f3lica de Valencia\"],\"articleSection\":[\"Voces\"],\"inLanguage\":\"es\"},{\"@type\":\"WebPage\",\"@id\":\"https:\\\/\\\/exaudi.org\\\/es\\\/el-observatorio-de-bioetica-se-posiciona-en-contra-de-la-ultima-remodelacion-del-comite-de-bioetica-de-espana\\\/\",\"url\":\"https:\\\/\\\/exaudi.org\\\/es\\\/el-observatorio-de-bioetica-se-posiciona-en-contra-de-la-ultima-remodelacion-del-comite-de-bioetica-de-espana\\\/\",\"name\":\"El Observatorio de Bio\u00e9tica se posiciona en contra remodelaci\u00f3n del Comit\u00e9 de Bio\u00e9tica de Espa\u00f1a &#8211; Exaudi\",\"isPartOf\":{\"@id\":\"https:\\\/\\\/exaudi.org\\\/#website\"},\"primaryImageOfPage\":{\"@id\":\"https:\\\/\\\/exaudi.org\\\/es\\\/el-observatorio-de-bioetica-se-posiciona-en-contra-de-la-ultima-remodelacion-del-comite-de-bioetica-de-espana\\\/#primaryimage\"},\"image\":{\"@id\":\"https:\\\/\\\/exaudi.org\\\/es\\\/el-observatorio-de-bioetica-se-posiciona-en-contra-de-la-ultima-remodelacion-del-comite-de-bioetica-de-espana\\\/#primaryimage\"},\"thumbnailUrl\":\"https:\\\/\\\/exaudi.org\\\/wp-content\\\/uploads\\\/2022\\\/08\\\/CBespana-750x375-1.jpg\",\"datePublished\":\"2022-08-03T11:57:15+00:00\",\"dateModified\":\"2022-08-05T18:03:33+00:00\",\"author\":{\"@id\":\"https:\\\/\\\/exaudi.org\\\/#\\\/schema\\\/person\\\/05d1c06e56ecb5490e9bff0d27026595\"},\"description\":\"Especialistas alertan de que las razones por las que se ha cesado al actual comit\u00e9 no son cient\u00edficas ni rigurosas en ning\u00fan caso, sino meramente ideol\u00f3gicas\",\"breadcrumb\":{\"@id\":\"https:\\\/\\\/exaudi.org\\\/es\\\/el-observatorio-de-bioetica-se-posiciona-en-contra-de-la-ultima-remodelacion-del-comite-de-bioetica-de-espana\\\/#breadcrumb\"},\"inLanguage\":\"es\",\"potentialAction\":[{\"@type\":\"ReadAction\",\"target\":[\"https:\\\/\\\/exaudi.org\\\/es\\\/el-observatorio-de-bioetica-se-posiciona-en-contra-de-la-ultima-remodelacion-del-comite-de-bioetica-de-espana\\\/\"]}]},{\"@type\":\"ImageObject\",\"inLanguage\":\"es\",\"@id\":\"https:\\\/\\\/exaudi.org\\\/es\\\/el-observatorio-de-bioetica-se-posiciona-en-contra-de-la-ultima-remodelacion-del-comite-de-bioetica-de-espana\\\/#primaryimage\",\"url\":\"https:\\\/\\\/exaudi.org\\\/wp-content\\\/uploads\\\/2022\\\/08\\\/CBespana-750x375-1.jpg\",\"contentUrl\":\"https:\\\/\\\/exaudi.org\\\/wp-content\\\/uploads\\\/2022\\\/08\\\/CBespana-750x375-1.jpg\",\"width\":750,\"height\":375},{\"@type\":\"BreadcrumbList\",\"@id\":\"https:\\\/\\\/exaudi.org\\\/es\\\/el-observatorio-de-bioetica-se-posiciona-en-contra-de-la-ultima-remodelacion-del-comite-de-bioetica-de-espana\\\/#breadcrumb\",\"itemListElement\":[{\"@type\":\"ListItem\",\"position\":1,\"name\":\"Portada\",\"item\":\"https:\\\/\\\/exaudi.org\\\/es\\\/\"},{\"@type\":\"ListItem\",\"position\":2,\"name\":\"El Observatorio de Bio\u00e9tica se posiciona en contra remodelaci\u00f3n del Comit\u00e9 de Bio\u00e9tica de Espa\u00f1a\"}]},{\"@type\":\"WebSite\",\"@id\":\"https:\\\/\\\/exaudi.org\\\/#website\",\"url\":\"https:\\\/\\\/exaudi.org\\\/\",\"name\":\"Exaudi\",\"description\":\"News\",\"potentialAction\":[{\"@type\":\"SearchAction\",\"target\":{\"@type\":\"EntryPoint\",\"urlTemplate\":\"https:\\\/\\\/exaudi.org\\\/?s={search_term_string}\"},\"query-input\":{\"@type\":\"PropertyValueSpecification\",\"valueRequired\":true,\"valueName\":\"search_term_string\"}}],\"inLanguage\":\"es\"},{\"@type\":\"Person\",\"@id\":\"https:\\\/\\\/exaudi.org\\\/#\\\/schema\\\/person\\\/05d1c06e56ecb5490e9bff0d27026595\",\"name\":\"Observatorio de Bio\u00e9tica UCV\",\"image\":{\"@type\":\"ImageObject\",\"inLanguage\":\"es\",\"@id\":\"https:\\\/\\\/secure.gravatar.com\\\/avatar\\\/086563f59595a89fb0851de25d712a03657b1cdfa8af3c9cd0a1ee122fc5d596?s=96&d=mm&r=g\",\"url\":\"https:\\\/\\\/secure.gravatar.com\\\/avatar\\\/086563f59595a89fb0851de25d712a03657b1cdfa8af3c9cd0a1ee122fc5d596?s=96&d=mm&r=g\",\"contentUrl\":\"https:\\\/\\\/secure.gravatar.com\\\/avatar\\\/086563f59595a89fb0851de25d712a03657b1cdfa8af3c9cd0a1ee122fc5d596?s=96&d=mm&r=g\",\"caption\":\"Observatorio de Bio\u00e9tica UCV\"},\"description\":\"El Observatorio de Bio\u00e9tica se encuentra dentro del Instituto Ciencias de la vida de la Universidad Cat\u00f3lica de Valencia \u201cSan Vicente M\u00e1rtir\u201d . En el trasfondo de sus publicaciones, se defiende la vida humana desde la fecundaci\u00f3n a la muerte natural y la dignidad de la persona, teniendo como objetivo aunar esfuerzos para difundir la cultura de la vida como la define la Evangelium Vitae.\",\"sameAs\":[\"https:\\\/\\\/www.observatoriobioetica.org\\\/\",\"https:\\\/\\\/www.facebook.com\\\/observatoriodebioetica\\\/\",\"https:\\\/\\\/x.com\\\/obioetica\",\"https:\\\/\\\/www.youtube.com\\\/channel\\\/UC_Tr4WS5-TXoNo5e1MdQc7w\"],\"url\":\"https:\\\/\\\/exaudi.org\\\/es\\\/author\\\/observatoriodebioeticaucv\\\/\"}]}<\/script>\n<!-- \/ Yoast SEO plugin. -->","yoast_head_json":{"title":"El Observatorio de Bio\u00e9tica se posiciona en contra remodelaci\u00f3n del Comit\u00e9 de Bio\u00e9tica de Espa\u00f1a &#8211; Exaudi","description":"Especialistas alertan de que las razones por las que se ha cesado al actual comit\u00e9 no son cient\u00edficas ni rigurosas en ning\u00fan caso, sino meramente ideol\u00f3gicas","robots":{"index":"index","follow":"follow","max-snippet":"max-snippet:-1","max-image-preview":"max-image-preview:large","max-video-preview":"max-video-preview:-1"},"canonical":"https:\/\/exaudi.org\/es\/el-observatorio-de-bioetica-se-posiciona-en-contra-de-la-ultima-remodelacion-del-comite-de-bioetica-de-espana\/","og_locale":"es_ES","og_type":"article","og_title":"El Observatorio de Bio\u00e9tica se posiciona en contra remodelaci\u00f3n del Comit\u00e9 de Bio\u00e9tica de Espa\u00f1a &#8211; Exaudi","og_description":"Especialistas alertan de que las razones por las que se ha cesado al actual comit\u00e9 no son cient\u00edficas ni rigurosas en ning\u00fan caso, sino meramente ideol\u00f3gicas","og_url":"https:\/\/exaudi.org\/es\/el-observatorio-de-bioetica-se-posiciona-en-contra-de-la-ultima-remodelacion-del-comite-de-bioetica-de-espana\/","og_site_name":"Exaudi","article_publisher":"https:\/\/www.facebook.com\/ExaudiNews","article_author":"https:\/\/www.facebook.com\/observatoriodebioetica\/","article_published_time":"2022-08-03T11:57:15+00:00","article_modified_time":"2022-08-05T18:03:33+00:00","og_image":[{"width":750,"height":375,"url":"https:\/\/exaudi.org\/wp-content\/uploads\/2022\/08\/CBespana-750x375-1.jpg","type":"image\/jpeg"}],"author":"Observatorio de Bio\u00e9tica UCV","twitter_card":"summary_large_image","twitter_creator":"@obioetica","twitter_site":"@Exaudi_News","twitter_misc":{"Escrito por":"Observatorio de Bio\u00e9tica UCV","Tiempo de lectura":"3 minutos"},"schema":{"@context":"https:\/\/schema.org","@graph":[{"@type":"Article","@id":"https:\/\/exaudi.org\/es\/el-observatorio-de-bioetica-se-posiciona-en-contra-de-la-ultima-remodelacion-del-comite-de-bioetica-de-espana\/#article","isPartOf":{"@id":"https:\/\/exaudi.org\/es\/el-observatorio-de-bioetica-se-posiciona-en-contra-de-la-ultima-remodelacion-del-comite-de-bioetica-de-espana\/"},"author":{"name":"Observatorio de Bio\u00e9tica UCV","@id":"https:\/\/exaudi.org\/#\/schema\/person\/05d1c06e56ecb5490e9bff0d27026595"},"headline":"El Observatorio de Bio\u00e9tica se posiciona en contra remodelaci\u00f3n del Comit\u00e9 de Bio\u00e9tica de Espa\u00f1a","datePublished":"2022-08-03T11:57:15+00:00","dateModified":"2022-08-05T18:03:33+00:00","mainEntityOfPage":{"@id":"https:\/\/exaudi.org\/es\/el-observatorio-de-bioetica-se-posiciona-en-contra-de-la-ultima-remodelacion-del-comite-de-bioetica-de-espana\/"},"wordCount":566,"image":{"@id":"https:\/\/exaudi.org\/es\/el-observatorio-de-bioetica-se-posiciona-en-contra-de-la-ultima-remodelacion-del-comite-de-bioetica-de-espana\/#primaryimage"},"thumbnailUrl":"https:\/\/exaudi.org\/wp-content\/uploads\/2022\/08\/CBespana-750x375-1.jpg","keywords":["Bio\u00e9tica","Observatorio de Bio\u00e9tica de la Universidad Cat\u00f3lica de Valencia"],"articleSection":["Voces"],"inLanguage":"es"},{"@type":"WebPage","@id":"https:\/\/exaudi.org\/es\/el-observatorio-de-bioetica-se-posiciona-en-contra-de-la-ultima-remodelacion-del-comite-de-bioetica-de-espana\/","url":"https:\/\/exaudi.org\/es\/el-observatorio-de-bioetica-se-posiciona-en-contra-de-la-ultima-remodelacion-del-comite-de-bioetica-de-espana\/","name":"El Observatorio de Bio\u00e9tica se posiciona en contra remodelaci\u00f3n del Comit\u00e9 de Bio\u00e9tica de Espa\u00f1a &#8211; Exaudi","isPartOf":{"@id":"https:\/\/exaudi.org\/#website"},"primaryImageOfPage":{"@id":"https:\/\/exaudi.org\/es\/el-observatorio-de-bioetica-se-posiciona-en-contra-de-la-ultima-remodelacion-del-comite-de-bioetica-de-espana\/#primaryimage"},"image":{"@id":"https:\/\/exaudi.org\/es\/el-observatorio-de-bioetica-se-posiciona-en-contra-de-la-ultima-remodelacion-del-comite-de-bioetica-de-espana\/#primaryimage"},"thumbnailUrl":"https:\/\/exaudi.org\/wp-content\/uploads\/2022\/08\/CBespana-750x375-1.jpg","datePublished":"2022-08-03T11:57:15+00:00","dateModified":"2022-08-05T18:03:33+00:00","author":{"@id":"https:\/\/exaudi.org\/#\/schema\/person\/05d1c06e56ecb5490e9bff0d27026595"},"description":"Especialistas alertan de que las razones por las que se ha cesado al actual comit\u00e9 no son cient\u00edficas ni rigurosas en ning\u00fan caso, sino meramente ideol\u00f3gicas","breadcrumb":{"@id":"https:\/\/exaudi.org\/es\/el-observatorio-de-bioetica-se-posiciona-en-contra-de-la-ultima-remodelacion-del-comite-de-bioetica-de-espana\/#breadcrumb"},"inLanguage":"es","potentialAction":[{"@type":"ReadAction","target":["https:\/\/exaudi.org\/es\/el-observatorio-de-bioetica-se-posiciona-en-contra-de-la-ultima-remodelacion-del-comite-de-bioetica-de-espana\/"]}]},{"@type":"ImageObject","inLanguage":"es","@id":"https:\/\/exaudi.org\/es\/el-observatorio-de-bioetica-se-posiciona-en-contra-de-la-ultima-remodelacion-del-comite-de-bioetica-de-espana\/#primaryimage","url":"https:\/\/exaudi.org\/wp-content\/uploads\/2022\/08\/CBespana-750x375-1.jpg","contentUrl":"https:\/\/exaudi.org\/wp-content\/uploads\/2022\/08\/CBespana-750x375-1.jpg","width":750,"height":375},{"@type":"BreadcrumbList","@id":"https:\/\/exaudi.org\/es\/el-observatorio-de-bioetica-se-posiciona-en-contra-de-la-ultima-remodelacion-del-comite-de-bioetica-de-espana\/#breadcrumb","itemListElement":[{"@type":"ListItem","position":1,"name":"Portada","item":"https:\/\/exaudi.org\/es\/"},{"@type":"ListItem","position":2,"name":"El Observatorio de Bio\u00e9tica se posiciona en contra remodelaci\u00f3n del Comit\u00e9 de Bio\u00e9tica de Espa\u00f1a"}]},{"@type":"WebSite","@id":"https:\/\/exaudi.org\/#website","url":"https:\/\/exaudi.org\/","name":"Exaudi","description":"News","potentialAction":[{"@type":"SearchAction","target":{"@type":"EntryPoint","urlTemplate":"https:\/\/exaudi.org\/?s={search_term_string}"},"query-input":{"@type":"PropertyValueSpecification","valueRequired":true,"valueName":"search_term_string"}}],"inLanguage":"es"},{"@type":"Person","@id":"https:\/\/exaudi.org\/#\/schema\/person\/05d1c06e56ecb5490e9bff0d27026595","name":"Observatorio de Bio\u00e9tica UCV","image":{"@type":"ImageObject","inLanguage":"es","@id":"https:\/\/secure.gravatar.com\/avatar\/086563f59595a89fb0851de25d712a03657b1cdfa8af3c9cd0a1ee122fc5d596?s=96&d=mm&r=g","url":"https:\/\/secure.gravatar.com\/avatar\/086563f59595a89fb0851de25d712a03657b1cdfa8af3c9cd0a1ee122fc5d596?s=96&d=mm&r=g","contentUrl":"https:\/\/secure.gravatar.com\/avatar\/086563f59595a89fb0851de25d712a03657b1cdfa8af3c9cd0a1ee122fc5d596?s=96&d=mm&r=g","caption":"Observatorio de Bio\u00e9tica UCV"},"description":"El Observatorio de Bio\u00e9tica se encuentra dentro del Instituto Ciencias de la vida de la Universidad Cat\u00f3lica de Valencia \u201cSan Vicente M\u00e1rtir\u201d . En el trasfondo de sus publicaciones, se defiende la vida humana desde la fecundaci\u00f3n a la muerte natural y la dignidad de la persona, teniendo como objetivo aunar esfuerzos para difundir la cultura de la vida como la define la Evangelium Vitae.","sameAs":["https:\/\/www.observatoriobioetica.org\/","https:\/\/www.facebook.com\/observatoriodebioetica\/","https:\/\/x.com\/obioetica","https:\/\/www.youtube.com\/channel\/UC_Tr4WS5-TXoNo5e1MdQc7w"],"url":"https:\/\/exaudi.org\/es\/author\/observatoriodebioeticaucv\/"}]}},"jetpack_featured_media_url":"https:\/\/exaudi.org\/wp-content\/uploads\/2022\/08\/CBespana-750x375-1.jpg","jetpack_shortlink":"https:\/\/wp.me\/pgKjF2-fGJ","_links":{"self":[{"href":"https:\/\/exaudi.org\/es\/wp-json\/wp\/v2\/posts\/60309","targetHints":{"allow":["GET"]}}],"collection":[{"href":"https:\/\/exaudi.org\/es\/wp-json\/wp\/v2\/posts"}],"about":[{"href":"https:\/\/exaudi.org\/es\/wp-json\/wp\/v2\/types\/post"}],"author":[{"embeddable":true,"href":"https:\/\/exaudi.org\/es\/wp-json\/wp\/v2\/users\/87"}],"replies":[{"embeddable":true,"href":"https:\/\/exaudi.org\/es\/wp-json\/wp\/v2\/comments?post=60309"}],"version-history":[{"count":0,"href":"https:\/\/exaudi.org\/es\/wp-json\/wp\/v2\/posts\/60309\/revisions"}],"wp:featuredmedia":[{"embeddable":true,"href":"https:\/\/exaudi.org\/es\/wp-json\/wp\/v2\/media\/60310"}],"wp:attachment":[{"href":"https:\/\/exaudi.org\/es\/wp-json\/wp\/v2\/media?parent=60309"}],"wp:term":[{"taxonomy":"category","embeddable":true,"href":"https:\/\/exaudi.org\/es\/wp-json\/wp\/v2\/categories?post=60309"},{"taxonomy":"post_tag","embeddable":true,"href":"https:\/\/exaudi.org\/es\/wp-json\/wp\/v2\/tags?post=60309"}],"curies":[{"name":"wp","href":"https:\/\/api.w.org\/{rel}","templated":true}]}}