{"id":60119,"date":"2022-07-28T18:57:42","date_gmt":"2022-07-28T16:57:42","guid":{"rendered":"https:\/\/exaudi.org\/?p=60119"},"modified":"2022-07-29T08:20:32","modified_gmt":"2022-07-29T06:20:32","slug":"el-senor-sale-a-nuestro-encuentro-en-el-camino-del-fracaso-a-la-esperanza","status":"publish","type":"post","link":"https:\/\/exaudi.org\/es\/el-senor-sale-a-nuestro-encuentro-en-el-camino-del-fracaso-a-la-esperanza\/","title":{"rendered":"El Se\u00f1or sale a nuestro encuentro en el \u201ccamino del fracaso a la esperanza\u201d"},"content":{"rendered":"<p>El Papa Francisco ha recordado que el Se\u00f1or sale a nuestro encuentro en los momentos de decepci\u00f3n para acompa\u00f1arnos en el \u201ccamino del fracaso a la esperanza\u201d.<\/p>\n<p>El Santo Padre ha presidido la Santa Misa en la ma\u00f1ana de este jueves 28 de julio en la bas\u00edlica de Santa Ana de Beaupr\u00e9, en Quebec, Canad\u00e1. Este templo, declarado santuario nacional, situado a orillas del r\u00edo San Lorenzo, constituye el lugar m\u00e1s antiguo de peregrinaci\u00f3n de Am\u00e9rica del Norte y recibe cada a\u00f1o cerca de 1 mill\u00f3n de visitantes.<\/p>\n<p>En su homil\u00eda, Francisco coment\u00f3 el pasaje del viaje de los disc\u00edpulos de Ema\u00fas, al final del Evangelio de san Lucas, que \u201ces una imagen de nuestro camino personal y del camino de la Iglesia\u201d.<\/p>\n<p>\u201cEn el curso de la vida \u2014y de la vida de fe\u2014\u201c, se\u00f1ala el Papa, \u201cmientras llevamos adelante los sue\u00f1os, los proyectos, las ilusiones y las esperanzas que viven en nuestro coraz\u00f3n, enfrentamos tambi\u00e9n nuestras fragilidades y debilidades, experimentamos derrotas y desilusiones, y tantas veces quedamos bloqueados por un sentimiento de fracaso que nos paraliza\u201d.<\/p>\n<p>No obstante, contin\u00faa, \u201cel Evangelio nos anuncia que, precisamente en ese momento, no estamos solos, el Se\u00f1or sale a nuestro encuentro, se pone a nuestro lado, recorre nuestro mismo camino con la discreci\u00f3n de un transe\u00fante amable que nos quiere abrir los ojos y hacer arder nuestro coraz\u00f3n\u201d.<\/p>\n<p>De este modo, \u201ccuando las decepciones dejan espacio al encuentro con el Se\u00f1or, la vida vuelve a nacer a la esperanza y podemos reconciliarnos, con nosotros mismos, con los hermanos y con Dios\u201d.<\/p>\n<p>A continuaci\u00f3n, sigue el texto completo de la homil\u00eda del Santo Padre.<\/p>\n<p>***<\/p>\n<h2><strong>Homil\u00eda del Santo Padre<\/strong><\/h2>\n<p>El viaje de los disc\u00edpulos de Ema\u00fas, al final del Evangelio de san Lucas, es una imagen de nuestro camino personal y del camino de la Iglesia. En el curso de la vida \u2014y de la vida de fe\u2014, mientras llevamos adelante los sue\u00f1os, los proyectos, las ilusiones y las esperanzas que viven en nuestro coraz\u00f3n, enfrentamos tambi\u00e9n nuestras fragilidades y debilidades, experimentamos derrotas y desilusiones, y tantas veces quedamos bloqueados por un sentimiento de fracaso que nos paraliza. Pero el Evangelio nos anuncia que, precisamente en ese momento, no estamos solos, el Se\u00f1or sale a nuestro encuentro, se pone a nuestro lado, recorre nuestro mismo camino con la discreci\u00f3n de un transe\u00fante amable que nos quiere abrir los ojos y hacer arder nuestro coraz\u00f3n. As\u00ed, cuando las decepciones dejan espacio al encuentro con el Se\u00f1or, la vida vuelve a nacer a la esperanza y podemos reconciliarnos, con nosotros mismos, con los hermanos y con Dios.<\/p>\n<p>Sigamos entonces el itinerario de este camino que podemos titular:\u00a0<em>del fracaso a la esperanza.<\/em><\/p>\n<p>En primer lugar, est\u00e1 el sentimiento de fracaso, que anida en el coraz\u00f3n de estos dos disc\u00edpulos despu\u00e9s de la muerte de Jes\u00fas. Hab\u00edan perseguido un sue\u00f1o con entusiasmo. En Jes\u00fas hab\u00edan puesto todas sus esperanzas y sus deseos. Ahora, despu\u00e9s de la escandalosa muerte en la cruz, le dan la espalda a Jerusal\u00e9n para volver a casa, a la vida de antes. El suyo es un viaje de regreso, como queriendo olvidar aquella experiencia que ha llenado de amargura sus corazones, aquel Mes\u00edas condenado a muerte como un delincuente en la cruz. Vuelven a casa abatidos, \u00abcon el semblante triste\u201d (<em>Lc\u00a0<\/em>24,17). Las expectativas que se hab\u00edan creado quedaron en nada, las esperanzas en las que creyeron se desmoronaron, los sue\u00f1os que habr\u00edan querido realizar dejaron paso a la desilusi\u00f3n y a la amargura.<\/p>\n<p>Esta experiencia que ata\u00f1e tambi\u00e9n a nuestra vida y, del mismo modo, al camino espiritual, en todas las ocasiones en las que nos vemos obligados a redimensionar nuestras expectativas y aprender a convivir con la ambig\u00fcedad de la realidad, con las sombras de la vida y con nuestras debilidades. Es algo que nos sucede cada vez que nuestros ideales afrontan las decepciones de la vida y nuestros planes caen en el olvido por culpa de nuestras fragilidades; cuando empezamos proyectos de bien pero no tenemos capacidad de llevarlos a cabo (cf.\u00a0<em>Rm\u00a0<\/em>7,18); cuando en las actividades que nos ocupan o en nuestras relaciones experimentamos \u2014antes o despu\u00e9s\u2014 una derrota, un error, un rev\u00e9s, una ca\u00edda. Esto sucede mientras vemos derrumbarse aquello en lo que cre\u00edmos o con lo que nos comprometimos y tambi\u00e9n cuando nos sentimos bajo el peso de nuestro pecado y del sentimiento de culpa.<\/p>\n<p>Y esto es lo que les sucedi\u00f3 a Ad\u00e1n y Eva como o\u00edmos en la primera Lectura, su pecado no s\u00f3lo los alej\u00f3 de Dios, sino que los distanci\u00f3 el uno del otro. No hac\u00edan m\u00e1s que acusarse mutuamente. Y lo vemos tambi\u00e9n en los disc\u00edpulos de Ema\u00fas, cuyo malestar por haber visto derrumbarse el proyecto de Jes\u00fas s\u00f3lo les dejaba espacio para una discusi\u00f3n est\u00e9ril. Lo mismo se puede verificar en la vida de la Iglesia: esa comunidad de los disc\u00edpulos del Se\u00f1or que representan los dos de Ema\u00fas. A pesar de ser la comunidad del Resucitado, podemos encontrarla vagando perdida y desilusionada ante el esc\u00e1ndalo del mal y de la violencia del Calvario. No le queda entonces otra opci\u00f3n que tomar en mano el sentimiento de fracaso y preguntarse: \u00bfqu\u00e9 ha pasado?, \u00bfpor qu\u00e9 ha sucedido?, \u00bfc\u00f3mo ha podido ocurrir?<\/p>\n<p>Hermanos y hermanas, son preguntas que cada uno de nosotros se hace a s\u00ed mismo; y son tambi\u00e9n cuestiones candentes que resuenan en el coraz\u00f3n de la Iglesia que peregrina en Canad\u00e1, en este arduo camino de sanaci\u00f3n y reconciliaci\u00f3n que est\u00e1 realizando. Tambi\u00e9n nosotros, ante el esc\u00e1ndalo del mal y ante el Cuerpo de Cristo herido en la carne de nuestros hermanos ind\u00edgenas, nos hemos sumergido en la amargura y sentimos el peso de la ca\u00edda. Perm\u00edtanme que me una espiritualmente a la multitud de peregrinos que suben la \u201cScala Santa\u201d, que evoca la subida de Jes\u00fas al pretorio de Pilatos, y acompa\u00f1arlos como Iglesia en estas preguntas que nacen del coraz\u00f3n lleno de dolor: \u00bfPor qu\u00e9 sucedi\u00f3 todo esto? \u00bfC\u00f3mo pudo ocurrir algo as\u00ed en la comunidad de los seguidores de Jes\u00fas?<\/p>\n<p>En este punto, debemos estar atentos a la\u00a0<em>tentaci\u00f3n de la huida<\/em>, que est\u00e1 presente en los dos disc\u00edpulos del Evangelio. Huir, deshacer el camino, escapar del lugar donde ocurrieron los hechos, intentar que desaparezcan, buscar un \u201clugar tranquilo\u201d como Ema\u00fas con tal de olvidarlos. No hay nada peor, ante los reveses de la vida, que huir para no afrontarlos. Es una tentaci\u00f3n del enemigo, que amenaza nuestro camino espiritual y el camino de la Iglesia; nos quiere hacer creer que la derrota es definitiva, quiere paralizarnos con la amargura y la tristeza, convencernos de que no hay nada que hacer y que por tanto no merece la pena encontrar un camino para volver a empezar.<\/p>\n<p>Sin embargo, el Evangelio nos revela que, precisamente en las situaciones de desenga\u00f1o y de dolor, justamente cuando experimentamos at\u00f3nitos la violencia del mal y la verg\u00fcenza de la culpa, cuando el r\u00edo de nuestra vida se seca a causa del pecado y del fracaso, cuando desnudos de todo nos parece que ya no nos queda nada, precisamente all\u00ed es cuando el Se\u00f1or sale a nuestro encuentro y camina con nosotros. En el camino de Ema\u00fas, \u00c9l se acerca con discreci\u00f3n para acompa\u00f1ar y compartir con esos disc\u00edpulos entristecidos sus pasos resignados. Y, \u00bfqu\u00e9 hace? No ofrece palabras gen\u00e9ricas de aliento o de circunstancia, ni tampoco consolaciones f\u00e1ciles, sino que, desvelando en las Sagradas Escrituras el misterio de su muerte y su resurrecci\u00f3n, ilumina la historia y los acontecimientos que han vivido. De ese modo, abre los ojos de ellos para ver las cosas con una nueva mirada. Tambi\u00e9n nosotros que compartimos la Eucarist\u00eda en esta Bas\u00edlica podemos releer muchos acontecimientos de la historia. En este mismo lugar hubo ya tres templos, pero tambi\u00e9n hubo personas que no se echaron atr\u00e1s ante las dificultades, y fueron capaces de volver a so\u00f1ar a pesar de sus errores y los de los dem\u00e1s. As\u00ed, cuando hace cien a\u00f1os un incendio devast\u00f3 el santuario, ellos no se dejaron vencer, construyendo este templo con valor y creatividad. Y todos los que comparten la Eucarist\u00eda desde las cercanas Llanuras de Abraham, tambi\u00e9n pueden percibir el \u00e1nimo de aquellos que no se dejaron secuestrar por el odio de la guerra, de la destrucci\u00f3n y del dolor, sino que supieron proyectar de nuevo una ciudad y un pa\u00eds.<\/p>\n<p>Finalmente, ante los disc\u00edpulos de Ema\u00fas, Jes\u00fas parte el pan, abri\u00e9ndoles los ojos y mostr\u00e1ndose una vez m\u00e1s como Dios de amor que ofrece la vida por sus amigos. De este modo, los ayuda a retomar el camino con alegr\u00eda, a recomenzar, a pasar del fracaso a la esperanza. Hermanos y hermanas, el Se\u00f1or quiere tambi\u00e9n hacer lo mismo con cada uno de nosotros y con su Iglesia. \u00bfC\u00f3mo pueden abrirse de nuevo nuestros ojos?, \u00bfc\u00f3mo puede nuestro coraz\u00f3n inflamarse por el Evangelio una vez m\u00e1s? \u00bfQu\u00e9 hacer mientras nos afligimos por las distintas pruebas espirituales y materiales, mientras buscamos el camino hacia una sociedad m\u00e1s justa y fraterna, mientras deseamos recuperarnos de nuestras decepciones y cansancios, mientras esperamos sanarnos de las heridas del pasado y reconciliarnos con Dios y entre nosotros?<\/p>\n<p>S\u00f3lo hay un camino, una sola v\u00eda, es la v\u00eda de Jes\u00fas, ese camino que es Jes\u00fas mismo (cf.\u00a0<em>Jn\u00a0<\/em>14,6). Creamos que Jes\u00fas se une a nuestro camino y dej\u00e9mosle que nos alcance, dejemos que sea su Palabra la que interprete la historia que vivimos como individuos y como comunidad, y la que nos indique el camino para sanar y para reconciliarnos. Partamos con fe el Pan eucar\u00edstico, porque alrededor de la mesa podemos redescubrirnos hijos amados del Padre, llamados a ser todos hermanos. Jes\u00fas, partiendo el Pan, confirma el testimonio de las mujeres, a las que los disc\u00edpulos no hab\u00edan dado cr\u00e9dito, que \u00a1ha resucitado! En esta Bas\u00edlica, donde recordamos a la madre de la Virgen Mar\u00eda, y en la que se encuentra tambi\u00e9n la cripta dedicada a la Inmaculada Concepci\u00f3n, tenemos que resaltar el papel que Dios ha querido dar a la mujer en su plan de salvaci\u00f3n. Santa Ana, la Sant\u00edsima Virgen Mar\u00eda, las mujeres de la ma\u00f1ana de Pascua nos indican un nuevo camino de reconciliaci\u00f3n, la ternura materna de tantas mujeres nos puede acompa\u00f1ar \u2014como Iglesia\u2014 hacia tiempos nuevamente fecundos, en los que dejemos atr\u00e1s tanta esterilidad y tanta muerte, y colocar en el centro a Jes\u00fas, el Crucificado Resucitado.<\/p>\n<p>De hecho, en el centro de nuestras preguntas, de los trabajos que llevamos dentro, de la misma vida pastoral, no podemos ponernos a nosotros mismos y nuestras frustraciones, debemos ponerlo a \u00c9l, al Se\u00f1or Jes\u00fas. En el coraz\u00f3n de cada cosa pongamos su Palabra, que ilumina los eventos y nos restituye ojos para ver la presencia eficaz del amor de Dios y la posibilidad del bien incluso en las situaciones aparentemente perdidas. Pongamos, igualmente, el Pan de la Eucarist\u00eda, que Jes\u00fas parte todav\u00eda para nosotros hoy, para compartir su vida con la nuestra, abrazar nuestras debilidades, sostener nuestros pasos cansados y sanar nuestro coraz\u00f3n. Y, reconciliados con Dios, con los otros y con nosotros mismos, podremos tambi\u00e9n ser instrumentos de reconciliaci\u00f3n y de paz en la sociedad en la que vivimos.<\/p>\n<p>Se\u00f1or Jes\u00fas, nuestro camino, nuestra fuerza y consolaci\u00f3n, nos dirigimos a ti como los disc\u00edpulos de Ema\u00fas: \u201cQu\u00e9date con nosotros, porque ya es tarde\u201d (<em>Lc<\/em>\u00a024,29). Qu\u00e9date con nosotros, Se\u00f1or, cuando declina la esperanza y cae la noche oscura de la decepci\u00f3n. Qu\u00e9date con nosotros porque contigo, Jes\u00fas, nuestro camino toma una nueva direcci\u00f3n y desde los callejones sin salida de la desconfianza renace el asombro de la alegr\u00eda. Qu\u00e9date con nosotros, Se\u00f1or, porque contigo la noche del dolor se cambia en alba radiante de vida. Simplemente decimos: qu\u00e9date con nosotros, Se\u00f1or, porque si T\u00fa caminas a nuestro lado el fracaso se abre a la esperanza de una vida nueva. Am\u00e9n.<\/p>\n<p><strong>\u00a9 Librer\u00eda Editora Vaticana<\/strong><\/p>\n","protected":false},"excerpt":{"rendered":"<p>Homil\u00eda del Santo Padre en Quebec, Canad\u00e1<\/p>\n","protected":false},"author":15,"featured_media":60120,"comment_status":"closed","ping_status":"closed","sticky":false,"template":"","format":"standard","meta":{"_acf_changed":false,"_crdt_document":"","inline_featured_image":false,"footnotes":""},"categories":[114,68,120,126],"tags":[2716,158,4953],"class_list":["post-60119","post","type-post","status-publish","format-standard","has-post-thumbnail","hentry","category-homilias","category-leon-xiv","category-viajes","category-viajes-papales","tag-canada-es","tag-papa-francisco","tag-trending-es"],"acf":[],"yoast_head":"<!-- This site is optimized with the Yoast SEO plugin v27.4 - https:\/\/yoast.com\/product\/yoast-seo-wordpress\/ -->\n<title>El Se\u00f1or sale a nuestro encuentro en el \u201ccamino del fracaso a la esperanza\u201d &#8211; Exaudi<\/title>\n<meta name=\"robots\" content=\"index, follow, max-snippet:-1, max-image-preview:large, max-video-preview:-1\" \/>\n<link rel=\"canonical\" href=\"https:\/\/exaudi.org\/es\/el-senor-sale-a-nuestro-encuentro-en-el-camino-del-fracaso-a-la-esperanza\/\" \/>\n<meta property=\"og:locale\" content=\"es_ES\" \/>\n<meta property=\"og:type\" content=\"article\" \/>\n<meta property=\"og:title\" content=\"El Se\u00f1or sale a nuestro encuentro en el \u201ccamino del fracaso a la esperanza\u201d &#8211; Exaudi\" \/>\n<meta property=\"og:description\" content=\"Homil\u00eda del Santo Padre en Quebec, Canad\u00e1\" \/>\n<meta property=\"og:url\" content=\"https:\/\/exaudi.org\/es\/el-senor-sale-a-nuestro-encuentro-en-el-camino-del-fracaso-a-la-esperanza\/\" \/>\n<meta property=\"og:site_name\" content=\"Exaudi\" \/>\n<meta property=\"article:publisher\" content=\"https:\/\/www.facebook.com\/ExaudiNews\" \/>\n<meta property=\"article:author\" content=\"https:\/\/www.facebook.com\/ExaudiNoticias\/\" \/>\n<meta property=\"article:published_time\" content=\"2022-07-28T16:57:42+00:00\" \/>\n<meta property=\"article:modified_time\" content=\"2022-07-29T06:20:32+00:00\" \/>\n<meta property=\"og:image\" content=\"https:\/\/exaudi.org\/wp-content\/uploads\/2022\/07\/DSC2021-scaled.jpg\" \/>\n\t<meta property=\"og:image:width\" content=\"2560\" \/>\n\t<meta property=\"og:image:height\" content=\"1707\" \/>\n\t<meta property=\"og:image:type\" content=\"image\/jpeg\" \/>\n<meta name=\"author\" content=\"Exaudi Redacci\u00f3n\" \/>\n<meta name=\"twitter:card\" content=\"summary_large_image\" \/>\n<meta name=\"twitter:creator\" content=\"@Exaudi_noticias\" \/>\n<meta name=\"twitter:site\" content=\"@Exaudi_News\" \/>\n<meta name=\"twitter:label1\" content=\"Escrito por\" \/>\n\t<meta name=\"twitter:data1\" content=\"Exaudi Redacci\u00f3n\" \/>\n\t<meta name=\"twitter:label2\" content=\"Tiempo de lectura\" \/>\n\t<meta name=\"twitter:data2\" content=\"10 minutos\" \/>\n<script type=\"application\/ld+json\" class=\"yoast-schema-graph\">{\"@context\":\"https:\\\/\\\/schema.org\",\"@graph\":[{\"@type\":\"Article\",\"@id\":\"https:\\\/\\\/exaudi.org\\\/es\\\/el-senor-sale-a-nuestro-encuentro-en-el-camino-del-fracaso-a-la-esperanza\\\/#article\",\"isPartOf\":{\"@id\":\"https:\\\/\\\/exaudi.org\\\/es\\\/el-senor-sale-a-nuestro-encuentro-en-el-camino-del-fracaso-a-la-esperanza\\\/\"},\"author\":{\"name\":\"Exaudi Redacci\u00f3n\",\"@id\":\"https:\\\/\\\/exaudi.org\\\/#\\\/schema\\\/person\\\/f5fc8f063065e38742da7afe15f25df7\"},\"headline\":\"El Se\u00f1or sale a nuestro encuentro en el \u201ccamino del fracaso a la esperanza\u201d\",\"datePublished\":\"2022-07-28T16:57:42+00:00\",\"dateModified\":\"2022-07-29T06:20:32+00:00\",\"mainEntityOfPage\":{\"@id\":\"https:\\\/\\\/exaudi.org\\\/es\\\/el-senor-sale-a-nuestro-encuentro-en-el-camino-del-fracaso-a-la-esperanza\\\/\"},\"wordCount\":2170,\"image\":{\"@id\":\"https:\\\/\\\/exaudi.org\\\/es\\\/el-senor-sale-a-nuestro-encuentro-en-el-camino-del-fracaso-a-la-esperanza\\\/#primaryimage\"},\"thumbnailUrl\":\"https:\\\/\\\/exaudi.org\\\/wp-content\\\/uploads\\\/2022\\\/07\\\/DSC2021-scaled.jpg\",\"keywords\":[\"canada\",\"papa francisco\",\"Trending\"],\"articleSection\":[\"Homilias\",\"Le\u00f3n XIV\",\"Viajes\",\"Viajes Papales\"],\"inLanguage\":\"es\"},{\"@type\":\"WebPage\",\"@id\":\"https:\\\/\\\/exaudi.org\\\/es\\\/el-senor-sale-a-nuestro-encuentro-en-el-camino-del-fracaso-a-la-esperanza\\\/\",\"url\":\"https:\\\/\\\/exaudi.org\\\/es\\\/el-senor-sale-a-nuestro-encuentro-en-el-camino-del-fracaso-a-la-esperanza\\\/\",\"name\":\"El Se\u00f1or sale a nuestro encuentro en el \u201ccamino del fracaso a la esperanza\u201d &#8211; Exaudi\",\"isPartOf\":{\"@id\":\"https:\\\/\\\/exaudi.org\\\/#website\"},\"primaryImageOfPage\":{\"@id\":\"https:\\\/\\\/exaudi.org\\\/es\\\/el-senor-sale-a-nuestro-encuentro-en-el-camino-del-fracaso-a-la-esperanza\\\/#primaryimage\"},\"image\":{\"@id\":\"https:\\\/\\\/exaudi.org\\\/es\\\/el-senor-sale-a-nuestro-encuentro-en-el-camino-del-fracaso-a-la-esperanza\\\/#primaryimage\"},\"thumbnailUrl\":\"https:\\\/\\\/exaudi.org\\\/wp-content\\\/uploads\\\/2022\\\/07\\\/DSC2021-scaled.jpg\",\"datePublished\":\"2022-07-28T16:57:42+00:00\",\"dateModified\":\"2022-07-29T06:20:32+00:00\",\"author\":{\"@id\":\"https:\\\/\\\/exaudi.org\\\/#\\\/schema\\\/person\\\/f5fc8f063065e38742da7afe15f25df7\"},\"breadcrumb\":{\"@id\":\"https:\\\/\\\/exaudi.org\\\/es\\\/el-senor-sale-a-nuestro-encuentro-en-el-camino-del-fracaso-a-la-esperanza\\\/#breadcrumb\"},\"inLanguage\":\"es\",\"potentialAction\":[{\"@type\":\"ReadAction\",\"target\":[\"https:\\\/\\\/exaudi.org\\\/es\\\/el-senor-sale-a-nuestro-encuentro-en-el-camino-del-fracaso-a-la-esperanza\\\/\"]}]},{\"@type\":\"ImageObject\",\"inLanguage\":\"es\",\"@id\":\"https:\\\/\\\/exaudi.org\\\/es\\\/el-senor-sale-a-nuestro-encuentro-en-el-camino-del-fracaso-a-la-esperanza\\\/#primaryimage\",\"url\":\"https:\\\/\\\/exaudi.org\\\/wp-content\\\/uploads\\\/2022\\\/07\\\/DSC2021-scaled.jpg\",\"contentUrl\":\"https:\\\/\\\/exaudi.org\\\/wp-content\\\/uploads\\\/2022\\\/07\\\/DSC2021-scaled.jpg\",\"width\":2560,\"height\":1707,\"caption\":\"Misa en la bas\u00edlica de Santa Ana de Beaupr\u00e9, Quebec, Canada \u00a9 Vatican Media\"},{\"@type\":\"BreadcrumbList\",\"@id\":\"https:\\\/\\\/exaudi.org\\\/es\\\/el-senor-sale-a-nuestro-encuentro-en-el-camino-del-fracaso-a-la-esperanza\\\/#breadcrumb\",\"itemListElement\":[{\"@type\":\"ListItem\",\"position\":1,\"name\":\"Portada\",\"item\":\"https:\\\/\\\/exaudi.org\\\/es\\\/\"},{\"@type\":\"ListItem\",\"position\":2,\"name\":\"El Se\u00f1or sale a nuestro encuentro en el \u201ccamino del fracaso a la esperanza\u201d\"}]},{\"@type\":\"WebSite\",\"@id\":\"https:\\\/\\\/exaudi.org\\\/#website\",\"url\":\"https:\\\/\\\/exaudi.org\\\/\",\"name\":\"Exaudi\",\"description\":\"News\",\"potentialAction\":[{\"@type\":\"SearchAction\",\"target\":{\"@type\":\"EntryPoint\",\"urlTemplate\":\"https:\\\/\\\/exaudi.org\\\/?s={search_term_string}\"},\"query-input\":{\"@type\":\"PropertyValueSpecification\",\"valueRequired\":true,\"valueName\":\"search_term_string\"}}],\"inLanguage\":\"es\"},{\"@type\":\"Person\",\"@id\":\"https:\\\/\\\/exaudi.org\\\/#\\\/schema\\\/person\\\/f5fc8f063065e38742da7afe15f25df7\",\"name\":\"Exaudi Redacci\u00f3n\",\"image\":{\"@type\":\"ImageObject\",\"inLanguage\":\"es\",\"@id\":\"https:\\\/\\\/secure.gravatar.com\\\/avatar\\\/fe0f6a059fb68d9b3e11bc5850dd4899b1c7492091a3cb6dd9b01b56ad828be2?s=96&d=mm&r=g\",\"url\":\"https:\\\/\\\/secure.gravatar.com\\\/avatar\\\/fe0f6a059fb68d9b3e11bc5850dd4899b1c7492091a3cb6dd9b01b56ad828be2?s=96&d=mm&r=g\",\"contentUrl\":\"https:\\\/\\\/secure.gravatar.com\\\/avatar\\\/fe0f6a059fb68d9b3e11bc5850dd4899b1c7492091a3cb6dd9b01b56ad828be2?s=96&d=mm&r=g\",\"caption\":\"Exaudi Redacci\u00f3n\"},\"description\":\"\u00bfQu\u00e9 es Exaudi News? Exaudi News es un medio de comunicaci\u00f3n cat\u00f3lico internacional que informa, forma y transforma, diariamente en espa\u00f1ol, ingl\u00e9s e italiano. A trav\u00e9s de noticias, art\u00edculos de an\u00e1lisis y transmisiones en directo de los eventos del Papa, Exaudi busca fortalecer la unidad de los cristianos y contribuir a la evangelizaci\u00f3n del mundo, siempre guiados por la doctrina social de la Iglesia. Trabajamos para acercar la verdad y los valores cristianos a cada rinc\u00f3n del planeta. \u00a1Ay\u00fadanos a transformar el mundo con Exaudi! En Exaudi creemos que la evangelizaci\u00f3n y la informaci\u00f3n de calidad pueden cambiar vidas. Para continuar con nuestra misi\u00f3n y expandir nuestro alcance, necesitamos tu ayuda. Adem\u00e1s, buscamos personas comprometidas que deseen unirse a nuestro equipo. Con tu apoyo, lograremos llegar a m\u00e1s personas, difundir el mensaje de Cristo y reforzar la unidad de los cristianos. \u00bfTe unes a nuestra misi\u00f3n? Para m\u00e1s informaci\u00f3n sobre c\u00f3mo colaborar, visita Exaudi.org\\\/es o cont\u00e1ctanos directamente: info@exaudi.org Exaudi: Informa, forma y transforma.\",\"sameAs\":[\"https:\\\/\\\/www.facebook.com\\\/ExaudiNoticias\\\/\",\"https:\\\/\\\/www.instagram.com\\\/exaudi_noticias\\\/\",\"https:\\\/\\\/x.com\\\/Exaudi_noticias\",\"https:\\\/\\\/www.youtube.com\\\/@exaudicatholicnews\"],\"url\":\"https:\\\/\\\/exaudi.org\\\/es\\\/author\\\/redaccionexaudi\\\/\"}]}<\/script>\n<!-- \/ Yoast SEO plugin. -->","yoast_head_json":{"title":"El Se\u00f1or sale a nuestro encuentro en el \u201ccamino del fracaso a la esperanza\u201d &#8211; Exaudi","robots":{"index":"index","follow":"follow","max-snippet":"max-snippet:-1","max-image-preview":"max-image-preview:large","max-video-preview":"max-video-preview:-1"},"canonical":"https:\/\/exaudi.org\/es\/el-senor-sale-a-nuestro-encuentro-en-el-camino-del-fracaso-a-la-esperanza\/","og_locale":"es_ES","og_type":"article","og_title":"El Se\u00f1or sale a nuestro encuentro en el \u201ccamino del fracaso a la esperanza\u201d &#8211; Exaudi","og_description":"Homil\u00eda del Santo Padre en Quebec, Canad\u00e1","og_url":"https:\/\/exaudi.org\/es\/el-senor-sale-a-nuestro-encuentro-en-el-camino-del-fracaso-a-la-esperanza\/","og_site_name":"Exaudi","article_publisher":"https:\/\/www.facebook.com\/ExaudiNews","article_author":"https:\/\/www.facebook.com\/ExaudiNoticias\/","article_published_time":"2022-07-28T16:57:42+00:00","article_modified_time":"2022-07-29T06:20:32+00:00","og_image":[{"width":2560,"height":1707,"url":"https:\/\/exaudi.org\/wp-content\/uploads\/2022\/07\/DSC2021-scaled.jpg","type":"image\/jpeg"}],"author":"Exaudi Redacci\u00f3n","twitter_card":"summary_large_image","twitter_creator":"@Exaudi_noticias","twitter_site":"@Exaudi_News","twitter_misc":{"Escrito por":"Exaudi Redacci\u00f3n","Tiempo de lectura":"10 minutos"},"schema":{"@context":"https:\/\/schema.org","@graph":[{"@type":"Article","@id":"https:\/\/exaudi.org\/es\/el-senor-sale-a-nuestro-encuentro-en-el-camino-del-fracaso-a-la-esperanza\/#article","isPartOf":{"@id":"https:\/\/exaudi.org\/es\/el-senor-sale-a-nuestro-encuentro-en-el-camino-del-fracaso-a-la-esperanza\/"},"author":{"name":"Exaudi Redacci\u00f3n","@id":"https:\/\/exaudi.org\/#\/schema\/person\/f5fc8f063065e38742da7afe15f25df7"},"headline":"El Se\u00f1or sale a nuestro encuentro en el \u201ccamino del fracaso a la esperanza\u201d","datePublished":"2022-07-28T16:57:42+00:00","dateModified":"2022-07-29T06:20:32+00:00","mainEntityOfPage":{"@id":"https:\/\/exaudi.org\/es\/el-senor-sale-a-nuestro-encuentro-en-el-camino-del-fracaso-a-la-esperanza\/"},"wordCount":2170,"image":{"@id":"https:\/\/exaudi.org\/es\/el-senor-sale-a-nuestro-encuentro-en-el-camino-del-fracaso-a-la-esperanza\/#primaryimage"},"thumbnailUrl":"https:\/\/exaudi.org\/wp-content\/uploads\/2022\/07\/DSC2021-scaled.jpg","keywords":["canada","papa francisco","Trending"],"articleSection":["Homilias","Le\u00f3n XIV","Viajes","Viajes Papales"],"inLanguage":"es"},{"@type":"WebPage","@id":"https:\/\/exaudi.org\/es\/el-senor-sale-a-nuestro-encuentro-en-el-camino-del-fracaso-a-la-esperanza\/","url":"https:\/\/exaudi.org\/es\/el-senor-sale-a-nuestro-encuentro-en-el-camino-del-fracaso-a-la-esperanza\/","name":"El Se\u00f1or sale a nuestro encuentro en el \u201ccamino del fracaso a la esperanza\u201d &#8211; Exaudi","isPartOf":{"@id":"https:\/\/exaudi.org\/#website"},"primaryImageOfPage":{"@id":"https:\/\/exaudi.org\/es\/el-senor-sale-a-nuestro-encuentro-en-el-camino-del-fracaso-a-la-esperanza\/#primaryimage"},"image":{"@id":"https:\/\/exaudi.org\/es\/el-senor-sale-a-nuestro-encuentro-en-el-camino-del-fracaso-a-la-esperanza\/#primaryimage"},"thumbnailUrl":"https:\/\/exaudi.org\/wp-content\/uploads\/2022\/07\/DSC2021-scaled.jpg","datePublished":"2022-07-28T16:57:42+00:00","dateModified":"2022-07-29T06:20:32+00:00","author":{"@id":"https:\/\/exaudi.org\/#\/schema\/person\/f5fc8f063065e38742da7afe15f25df7"},"breadcrumb":{"@id":"https:\/\/exaudi.org\/es\/el-senor-sale-a-nuestro-encuentro-en-el-camino-del-fracaso-a-la-esperanza\/#breadcrumb"},"inLanguage":"es","potentialAction":[{"@type":"ReadAction","target":["https:\/\/exaudi.org\/es\/el-senor-sale-a-nuestro-encuentro-en-el-camino-del-fracaso-a-la-esperanza\/"]}]},{"@type":"ImageObject","inLanguage":"es","@id":"https:\/\/exaudi.org\/es\/el-senor-sale-a-nuestro-encuentro-en-el-camino-del-fracaso-a-la-esperanza\/#primaryimage","url":"https:\/\/exaudi.org\/wp-content\/uploads\/2022\/07\/DSC2021-scaled.jpg","contentUrl":"https:\/\/exaudi.org\/wp-content\/uploads\/2022\/07\/DSC2021-scaled.jpg","width":2560,"height":1707,"caption":"Misa en la bas\u00edlica de Santa Ana de Beaupr\u00e9, Quebec, Canada \u00a9 Vatican Media"},{"@type":"BreadcrumbList","@id":"https:\/\/exaudi.org\/es\/el-senor-sale-a-nuestro-encuentro-en-el-camino-del-fracaso-a-la-esperanza\/#breadcrumb","itemListElement":[{"@type":"ListItem","position":1,"name":"Portada","item":"https:\/\/exaudi.org\/es\/"},{"@type":"ListItem","position":2,"name":"El Se\u00f1or sale a nuestro encuentro en el \u201ccamino del fracaso a la esperanza\u201d"}]},{"@type":"WebSite","@id":"https:\/\/exaudi.org\/#website","url":"https:\/\/exaudi.org\/","name":"Exaudi","description":"News","potentialAction":[{"@type":"SearchAction","target":{"@type":"EntryPoint","urlTemplate":"https:\/\/exaudi.org\/?s={search_term_string}"},"query-input":{"@type":"PropertyValueSpecification","valueRequired":true,"valueName":"search_term_string"}}],"inLanguage":"es"},{"@type":"Person","@id":"https:\/\/exaudi.org\/#\/schema\/person\/f5fc8f063065e38742da7afe15f25df7","name":"Exaudi Redacci\u00f3n","image":{"@type":"ImageObject","inLanguage":"es","@id":"https:\/\/secure.gravatar.com\/avatar\/fe0f6a059fb68d9b3e11bc5850dd4899b1c7492091a3cb6dd9b01b56ad828be2?s=96&d=mm&r=g","url":"https:\/\/secure.gravatar.com\/avatar\/fe0f6a059fb68d9b3e11bc5850dd4899b1c7492091a3cb6dd9b01b56ad828be2?s=96&d=mm&r=g","contentUrl":"https:\/\/secure.gravatar.com\/avatar\/fe0f6a059fb68d9b3e11bc5850dd4899b1c7492091a3cb6dd9b01b56ad828be2?s=96&d=mm&r=g","caption":"Exaudi Redacci\u00f3n"},"description":"\u00bfQu\u00e9 es Exaudi News? Exaudi News es un medio de comunicaci\u00f3n cat\u00f3lico internacional que informa, forma y transforma, diariamente en espa\u00f1ol, ingl\u00e9s e italiano. A trav\u00e9s de noticias, art\u00edculos de an\u00e1lisis y transmisiones en directo de los eventos del Papa, Exaudi busca fortalecer la unidad de los cristianos y contribuir a la evangelizaci\u00f3n del mundo, siempre guiados por la doctrina social de la Iglesia. Trabajamos para acercar la verdad y los valores cristianos a cada rinc\u00f3n del planeta. \u00a1Ay\u00fadanos a transformar el mundo con Exaudi! En Exaudi creemos que la evangelizaci\u00f3n y la informaci\u00f3n de calidad pueden cambiar vidas. Para continuar con nuestra misi\u00f3n y expandir nuestro alcance, necesitamos tu ayuda. Adem\u00e1s, buscamos personas comprometidas que deseen unirse a nuestro equipo. Con tu apoyo, lograremos llegar a m\u00e1s personas, difundir el mensaje de Cristo y reforzar la unidad de los cristianos. \u00bfTe unes a nuestra misi\u00f3n? Para m\u00e1s informaci\u00f3n sobre c\u00f3mo colaborar, visita Exaudi.org\/es o cont\u00e1ctanos directamente: info@exaudi.org Exaudi: Informa, forma y transforma.","sameAs":["https:\/\/www.facebook.com\/ExaudiNoticias\/","https:\/\/www.instagram.com\/exaudi_noticias\/","https:\/\/x.com\/Exaudi_noticias","https:\/\/www.youtube.com\/@exaudicatholicnews"],"url":"https:\/\/exaudi.org\/es\/author\/redaccionexaudi\/"}]}},"jetpack_featured_media_url":"https:\/\/exaudi.org\/wp-content\/uploads\/2022\/07\/DSC2021-scaled.jpg","jetpack_shortlink":"https:\/\/wp.me\/pgKjF2-fDF","_links":{"self":[{"href":"https:\/\/exaudi.org\/es\/wp-json\/wp\/v2\/posts\/60119","targetHints":{"allow":["GET"]}}],"collection":[{"href":"https:\/\/exaudi.org\/es\/wp-json\/wp\/v2\/posts"}],"about":[{"href":"https:\/\/exaudi.org\/es\/wp-json\/wp\/v2\/types\/post"}],"author":[{"embeddable":true,"href":"https:\/\/exaudi.org\/es\/wp-json\/wp\/v2\/users\/15"}],"replies":[{"embeddable":true,"href":"https:\/\/exaudi.org\/es\/wp-json\/wp\/v2\/comments?post=60119"}],"version-history":[{"count":0,"href":"https:\/\/exaudi.org\/es\/wp-json\/wp\/v2\/posts\/60119\/revisions"}],"wp:featuredmedia":[{"embeddable":true,"href":"https:\/\/exaudi.org\/es\/wp-json\/wp\/v2\/media\/60120"}],"wp:attachment":[{"href":"https:\/\/exaudi.org\/es\/wp-json\/wp\/v2\/media?parent=60119"}],"wp:term":[{"taxonomy":"category","embeddable":true,"href":"https:\/\/exaudi.org\/es\/wp-json\/wp\/v2\/categories?post=60119"},{"taxonomy":"post_tag","embeddable":true,"href":"https:\/\/exaudi.org\/es\/wp-json\/wp\/v2\/tags?post=60119"}],"curies":[{"name":"wp","href":"https:\/\/api.w.org\/{rel}","templated":true}]}}