{"id":59878,"date":"2022-07-24T16:13:52","date_gmt":"2022-07-24T14:13:52","guid":{"rendered":"https:\/\/exaudi.org\/?p=59878"},"modified":"2022-07-25T16:22:55","modified_gmt":"2022-07-25T14:22:55","slug":"viaje-penitencial-del-papa-a-canada","status":"publish","type":"post","link":"https:\/\/exaudi.org\/es\/viaje-penitencial-del-papa-a-canada\/","title":{"rendered":"Viaje penitencial del Papa a Canad\u00e1"},"content":{"rendered":"<p>Esta ma\u00f1ana, en el avi\u00f3n que le llevaba a Canad\u00e1, el Santo Padre Francisco -como es costumbre- fue a saludar a los trabajadores de los medios de comunicaci\u00f3n que le acompa\u00f1aban en el vuelo papal- habitual-, introducido por el saludo del Director de la Oficina de Prensa de la Santa Sede, Matteo Bruni, el Papa dirigi\u00f3 las siguientes palabras a los periodistas:<\/p>\n<p>***<\/p>\n<p><strong>Palabras del Santo Padre<\/strong><\/p>\n<h4><strong>Matteo Bruni:<\/strong><\/h4>\n<p>Buenos d\u00edas. Buenos d\u00edas, Santo Padre. Le acompa\u00f1an hoy unos ochenta periodistas, procedentes de m\u00e1s de diez pa\u00edses, en lo que usted ha descrito como una\u00a0 \u201cperegrinaci\u00f3n penitencial\u201d, un viaje un tanto especial. Estaremos encantados de escucharle estos d\u00edas, e incluso ahora, si quiere dirigirse a nosotros.<\/p>\n<p><strong>El Papa Francisco<\/strong>:<\/p>\n<p>Buen domingo a todos, \u00a1bienvenidos! Gracias por este servicio y tambi\u00e9n por esta empresa: lo vivo como una empresa&#8230; Gracias por su trabajo. Me gustar\u00eda saludarles como siempre. Creo que puedo hacerlo, podemos ir.<\/p>\n<p>Seamos cuidadosos en este viaje: como dijo [Matteo Bruni], es un viaje penitencial, hag\u00e1moslo con este esp\u00edritu. Tambi\u00e9n doy la bienvenida a la \u201cdecana\u201d [la periodista mexicana Valentina Alazraki]: ha vuelto, despu\u00e9s de unos cuantos viajes en los que no estuvo&#8230;<\/p>\n<p>\u00a1Feliz domingo! Me gustar\u00eda que hoy&#8230; No hay \u00c1ngelus, pero hag\u00e1moslo aqu\u00ed, el \u00c1ngelus.<\/p>\n<p>Es el d\u00eda de los abuelos: los abuelos, las abuelas, que son los que han transmitido la historia, las tradiciones, las costumbres y tantas cosas. Hoy necesitamos: volver a los abuelos -lo dir\u00e9 como leitmotiv-, en el sentido de que los j\u00f3venes deben tener contacto con sus abuelos, volver a ellos, volver a sus ra\u00edces, no para quedarse all\u00ed, no, sino para llevarlas adelante, como el \u00e1rbol que toma fuerza de sus ra\u00edces y la lleva adelante en flores y frutos. Siempre me acuerdo de aquel poema de Bern\u00e1rdez: todo lo que el \u00e1rbol tiene de flor le viene de lo que tiene de entierro, que son los abuelos. Y tambi\u00e9n quiero recordar, como religioso, a los religiosos y religiosas mayores, los \u201cabuelos\u201d de la vida consagrada: por favor, no los escond\u00e1is, son la sabidur\u00eda de una familia religiosa; y que los nuevos religiosos y religiosas, los novicios, tengan contacto con ellos: nos dar\u00e1n toda la experiencia de vida que tanto nos ayudar\u00e1 a avanzar.<\/p>\n<p>Cada uno de nosotros tiene abuelos y abuelas, algunos ya no est\u00e1n, otros est\u00e1n vivos; record\u00e9moslos hoy de manera especial. De ellos hemos recibido muchas cosas, en primer lugar la historia. Gracias.<\/p>\n","protected":false},"excerpt":{"rendered":"<p>Saludo del Papa a los periodistas en el vuelo<\/p>\n","protected":false},"author":15,"featured_media":59879,"comment_status":"closed","ping_status":"closed","sticky":false,"template":"","format":"standard","meta":{"_acf_changed":false,"_crdt_document":"","inline_featured_image":false,"footnotes":""},"categories":[68,120],"tags":[658,6619,4953,6618,6620],"class_list":["post-59878","post","type-post","status-publish","format-standard","has-post-thumbnail","hentry","category-leon-xiv","category-viajes","tag-matteo-bruni","tag-palabras-a-los-periodista","tag-trending-es","tag-viaje-a-canada","tag-vuelo"],"acf":[],"yoast_head":"<!-- This site is optimized with the Yoast SEO plugin v27.5 - https:\/\/yoast.com\/product\/yoast-seo-wordpress\/ -->\n<title>Viaje penitencial del Papa a Canad\u00e1 &#8211; Exaudi<\/title>\n<meta name=\"robots\" content=\"index, follow, max-snippet:-1, max-image-preview:large, max-video-preview:-1\" \/>\n<link rel=\"canonical\" href=\"https:\/\/exaudi.org\/es\/viaje-penitencial-del-papa-a-canada\/\" \/>\n<meta property=\"og:locale\" content=\"es_ES\" \/>\n<meta property=\"og:type\" content=\"article\" \/>\n<meta property=\"og:title\" content=\"Viaje penitencial del Papa a Canad\u00e1 &#8211; Exaudi\" \/>\n<meta property=\"og:description\" content=\"Saludo del Papa a los periodistas en el vuelo\" \/>\n<meta property=\"og:url\" content=\"https:\/\/exaudi.org\/es\/viaje-penitencial-del-papa-a-canada\/\" \/>\n<meta property=\"og:site_name\" content=\"Exaudi\" \/>\n<meta property=\"article:publisher\" content=\"https:\/\/www.facebook.com\/ExaudiNews\" \/>\n<meta property=\"article:author\" content=\"https:\/\/www.facebook.com\/ExaudiNoticias\/\" \/>\n<meta property=\"article:published_time\" content=\"2022-07-24T14:13:52+00:00\" \/>\n<meta property=\"article:modified_time\" content=\"2022-07-25T14:22:55+00:00\" \/>\n<meta property=\"og:image\" content=\"https:\/\/exaudi.org\/wp-content\/uploads\/2022\/07\/Vuelo-a-Canada.jpeg\" \/>\n\t<meta property=\"og:image:width\" content=\"1000\" \/>\n\t<meta property=\"og:image:height\" content=\"563\" \/>\n\t<meta property=\"og:image:type\" content=\"image\/jpeg\" \/>\n<meta name=\"author\" content=\"Exaudi Redacci\u00f3n\" \/>\n<meta name=\"twitter:card\" content=\"summary_large_image\" \/>\n<meta name=\"twitter:creator\" content=\"@Exaudi_noticias\" \/>\n<meta name=\"twitter:site\" content=\"@Exaudi_News\" \/>\n<meta name=\"twitter:label1\" content=\"Escrito por\" \/>\n\t<meta name=\"twitter:data1\" content=\"Exaudi Redacci\u00f3n\" \/>\n\t<meta name=\"twitter:label2\" content=\"Tiempo de lectura\" \/>\n\t<meta name=\"twitter:data2\" content=\"2 minutos\" \/>\n<script type=\"application\/ld+json\" class=\"yoast-schema-graph\">{\"@context\":\"https:\\\/\\\/schema.org\",\"@graph\":[{\"@type\":\"Article\",\"@id\":\"https:\\\/\\\/exaudi.org\\\/es\\\/viaje-penitencial-del-papa-a-canada\\\/#article\",\"isPartOf\":{\"@id\":\"https:\\\/\\\/exaudi.org\\\/es\\\/viaje-penitencial-del-papa-a-canada\\\/\"},\"author\":{\"name\":\"Exaudi Redacci\u00f3n\",\"@id\":\"https:\\\/\\\/exaudi.org\\\/#\\\/schema\\\/person\\\/f5fc8f063065e38742da7afe15f25df7\"},\"headline\":\"Viaje penitencial del Papa a Canad\u00e1\",\"datePublished\":\"2022-07-24T14:13:52+00:00\",\"dateModified\":\"2022-07-25T14:22:55+00:00\",\"mainEntityOfPage\":{\"@id\":\"https:\\\/\\\/exaudi.org\\\/es\\\/viaje-penitencial-del-papa-a-canada\\\/\"},\"wordCount\":441,\"image\":{\"@id\":\"https:\\\/\\\/exaudi.org\\\/es\\\/viaje-penitencial-del-papa-a-canada\\\/#primaryimage\"},\"thumbnailUrl\":\"https:\\\/\\\/exaudi.org\\\/wp-content\\\/uploads\\\/2022\\\/07\\\/Vuelo-a-Canada.jpeg\",\"keywords\":[\"Matteo Bruni\",\"palabras a los periodista\",\"Trending\",\"Viaje a Canad\u00e1\",\"vuelo\"],\"articleSection\":[\"Le\u00f3n XIV\",\"Viajes\"],\"inLanguage\":\"es\"},{\"@type\":\"WebPage\",\"@id\":\"https:\\\/\\\/exaudi.org\\\/es\\\/viaje-penitencial-del-papa-a-canada\\\/\",\"url\":\"https:\\\/\\\/exaudi.org\\\/es\\\/viaje-penitencial-del-papa-a-canada\\\/\",\"name\":\"Viaje penitencial del Papa a Canad\u00e1 &#8211; Exaudi\",\"isPartOf\":{\"@id\":\"https:\\\/\\\/exaudi.org\\\/#website\"},\"primaryImageOfPage\":{\"@id\":\"https:\\\/\\\/exaudi.org\\\/es\\\/viaje-penitencial-del-papa-a-canada\\\/#primaryimage\"},\"image\":{\"@id\":\"https:\\\/\\\/exaudi.org\\\/es\\\/viaje-penitencial-del-papa-a-canada\\\/#primaryimage\"},\"thumbnailUrl\":\"https:\\\/\\\/exaudi.org\\\/wp-content\\\/uploads\\\/2022\\\/07\\\/Vuelo-a-Canada.jpeg\",\"datePublished\":\"2022-07-24T14:13:52+00:00\",\"dateModified\":\"2022-07-25T14:22:55+00:00\",\"author\":{\"@id\":\"https:\\\/\\\/exaudi.org\\\/#\\\/schema\\\/person\\\/f5fc8f063065e38742da7afe15f25df7\"},\"breadcrumb\":{\"@id\":\"https:\\\/\\\/exaudi.org\\\/es\\\/viaje-penitencial-del-papa-a-canada\\\/#breadcrumb\"},\"inLanguage\":\"es\",\"potentialAction\":[{\"@type\":\"ReadAction\",\"target\":[\"https:\\\/\\\/exaudi.org\\\/es\\\/viaje-penitencial-del-papa-a-canada\\\/\"]}]},{\"@type\":\"ImageObject\",\"inLanguage\":\"es\",\"@id\":\"https:\\\/\\\/exaudi.org\\\/es\\\/viaje-penitencial-del-papa-a-canada\\\/#primaryimage\",\"url\":\"https:\\\/\\\/exaudi.org\\\/wp-content\\\/uploads\\\/2022\\\/07\\\/Vuelo-a-Canada.jpeg\",\"contentUrl\":\"https:\\\/\\\/exaudi.org\\\/wp-content\\\/uploads\\\/2022\\\/07\\\/Vuelo-a-Canada.jpeg\",\"width\":1000,\"height\":563,\"caption\":\"Vuelo a Canad\u00e1 \u00a9 Vatican Media\"},{\"@type\":\"BreadcrumbList\",\"@id\":\"https:\\\/\\\/exaudi.org\\\/es\\\/viaje-penitencial-del-papa-a-canada\\\/#breadcrumb\",\"itemListElement\":[{\"@type\":\"ListItem\",\"position\":1,\"name\":\"Portada\",\"item\":\"https:\\\/\\\/exaudi.org\\\/es\\\/\"},{\"@type\":\"ListItem\",\"position\":2,\"name\":\"Viaje penitencial del Papa a Canad\u00e1\"}]},{\"@type\":\"WebSite\",\"@id\":\"https:\\\/\\\/exaudi.org\\\/#website\",\"url\":\"https:\\\/\\\/exaudi.org\\\/\",\"name\":\"Exaudi\",\"description\":\"News\",\"potentialAction\":[{\"@type\":\"SearchAction\",\"target\":{\"@type\":\"EntryPoint\",\"urlTemplate\":\"https:\\\/\\\/exaudi.org\\\/?s={search_term_string}\"},\"query-input\":{\"@type\":\"PropertyValueSpecification\",\"valueRequired\":true,\"valueName\":\"search_term_string\"}}],\"inLanguage\":\"es\"},{\"@type\":\"Person\",\"@id\":\"https:\\\/\\\/exaudi.org\\\/#\\\/schema\\\/person\\\/f5fc8f063065e38742da7afe15f25df7\",\"name\":\"Exaudi Redacci\u00f3n\",\"image\":{\"@type\":\"ImageObject\",\"inLanguage\":\"es\",\"@id\":\"https:\\\/\\\/secure.gravatar.com\\\/avatar\\\/fe0f6a059fb68d9b3e11bc5850dd4899b1c7492091a3cb6dd9b01b56ad828be2?s=96&d=mm&r=g\",\"url\":\"https:\\\/\\\/secure.gravatar.com\\\/avatar\\\/fe0f6a059fb68d9b3e11bc5850dd4899b1c7492091a3cb6dd9b01b56ad828be2?s=96&d=mm&r=g\",\"contentUrl\":\"https:\\\/\\\/secure.gravatar.com\\\/avatar\\\/fe0f6a059fb68d9b3e11bc5850dd4899b1c7492091a3cb6dd9b01b56ad828be2?s=96&d=mm&r=g\",\"caption\":\"Exaudi Redacci\u00f3n\"},\"description\":\"\u00bfQu\u00e9 es Exaudi News? Exaudi News es un medio de comunicaci\u00f3n cat\u00f3lico internacional que informa, forma y transforma, diariamente en espa\u00f1ol, ingl\u00e9s e italiano. A trav\u00e9s de noticias, art\u00edculos de an\u00e1lisis y transmisiones en directo de los eventos del Papa, Exaudi busca fortalecer la unidad de los cristianos y contribuir a la evangelizaci\u00f3n del mundo, siempre guiados por la doctrina social de la Iglesia. Trabajamos para acercar la verdad y los valores cristianos a cada rinc\u00f3n del planeta. \u00a1Ay\u00fadanos a transformar el mundo con Exaudi! En Exaudi creemos que la evangelizaci\u00f3n y la informaci\u00f3n de calidad pueden cambiar vidas. Para continuar con nuestra misi\u00f3n y expandir nuestro alcance, necesitamos tu ayuda. Adem\u00e1s, buscamos personas comprometidas que deseen unirse a nuestro equipo. Con tu apoyo, lograremos llegar a m\u00e1s personas, difundir el mensaje de Cristo y reforzar la unidad de los cristianos. \u00bfTe unes a nuestra misi\u00f3n? Para m\u00e1s informaci\u00f3n sobre c\u00f3mo colaborar, visita Exaudi.org\\\/es o cont\u00e1ctanos directamente: info@exaudi.org Exaudi: Informa, forma y transforma.\",\"sameAs\":[\"https:\\\/\\\/www.facebook.com\\\/ExaudiNoticias\\\/\",\"https:\\\/\\\/www.instagram.com\\\/exaudi_noticias\\\/\",\"https:\\\/\\\/x.com\\\/Exaudi_noticias\",\"https:\\\/\\\/www.youtube.com\\\/@exaudicatholicnews\"],\"url\":\"https:\\\/\\\/exaudi.org\\\/es\\\/author\\\/redaccionexaudi\\\/\"}]}<\/script>\n<!-- \/ Yoast SEO plugin. -->","yoast_head_json":{"title":"Viaje penitencial del Papa a Canad\u00e1 &#8211; Exaudi","robots":{"index":"index","follow":"follow","max-snippet":"max-snippet:-1","max-image-preview":"max-image-preview:large","max-video-preview":"max-video-preview:-1"},"canonical":"https:\/\/exaudi.org\/es\/viaje-penitencial-del-papa-a-canada\/","og_locale":"es_ES","og_type":"article","og_title":"Viaje penitencial del Papa a Canad\u00e1 &#8211; Exaudi","og_description":"Saludo del Papa a los periodistas en el vuelo","og_url":"https:\/\/exaudi.org\/es\/viaje-penitencial-del-papa-a-canada\/","og_site_name":"Exaudi","article_publisher":"https:\/\/www.facebook.com\/ExaudiNews","article_author":"https:\/\/www.facebook.com\/ExaudiNoticias\/","article_published_time":"2022-07-24T14:13:52+00:00","article_modified_time":"2022-07-25T14:22:55+00:00","og_image":[{"width":1000,"height":563,"url":"https:\/\/exaudi.org\/wp-content\/uploads\/2022\/07\/Vuelo-a-Canada.jpeg","type":"image\/jpeg"}],"author":"Exaudi Redacci\u00f3n","twitter_card":"summary_large_image","twitter_creator":"@Exaudi_noticias","twitter_site":"@Exaudi_News","twitter_misc":{"Escrito por":"Exaudi Redacci\u00f3n","Tiempo de lectura":"2 minutos"},"schema":{"@context":"https:\/\/schema.org","@graph":[{"@type":"Article","@id":"https:\/\/exaudi.org\/es\/viaje-penitencial-del-papa-a-canada\/#article","isPartOf":{"@id":"https:\/\/exaudi.org\/es\/viaje-penitencial-del-papa-a-canada\/"},"author":{"name":"Exaudi Redacci\u00f3n","@id":"https:\/\/exaudi.org\/#\/schema\/person\/f5fc8f063065e38742da7afe15f25df7"},"headline":"Viaje penitencial del Papa a Canad\u00e1","datePublished":"2022-07-24T14:13:52+00:00","dateModified":"2022-07-25T14:22:55+00:00","mainEntityOfPage":{"@id":"https:\/\/exaudi.org\/es\/viaje-penitencial-del-papa-a-canada\/"},"wordCount":441,"image":{"@id":"https:\/\/exaudi.org\/es\/viaje-penitencial-del-papa-a-canada\/#primaryimage"},"thumbnailUrl":"https:\/\/exaudi.org\/wp-content\/uploads\/2022\/07\/Vuelo-a-Canada.jpeg","keywords":["Matteo Bruni","palabras a los periodista","Trending","Viaje a Canad\u00e1","vuelo"],"articleSection":["Le\u00f3n XIV","Viajes"],"inLanguage":"es"},{"@type":"WebPage","@id":"https:\/\/exaudi.org\/es\/viaje-penitencial-del-papa-a-canada\/","url":"https:\/\/exaudi.org\/es\/viaje-penitencial-del-papa-a-canada\/","name":"Viaje penitencial del Papa a Canad\u00e1 &#8211; Exaudi","isPartOf":{"@id":"https:\/\/exaudi.org\/#website"},"primaryImageOfPage":{"@id":"https:\/\/exaudi.org\/es\/viaje-penitencial-del-papa-a-canada\/#primaryimage"},"image":{"@id":"https:\/\/exaudi.org\/es\/viaje-penitencial-del-papa-a-canada\/#primaryimage"},"thumbnailUrl":"https:\/\/exaudi.org\/wp-content\/uploads\/2022\/07\/Vuelo-a-Canada.jpeg","datePublished":"2022-07-24T14:13:52+00:00","dateModified":"2022-07-25T14:22:55+00:00","author":{"@id":"https:\/\/exaudi.org\/#\/schema\/person\/f5fc8f063065e38742da7afe15f25df7"},"breadcrumb":{"@id":"https:\/\/exaudi.org\/es\/viaje-penitencial-del-papa-a-canada\/#breadcrumb"},"inLanguage":"es","potentialAction":[{"@type":"ReadAction","target":["https:\/\/exaudi.org\/es\/viaje-penitencial-del-papa-a-canada\/"]}]},{"@type":"ImageObject","inLanguage":"es","@id":"https:\/\/exaudi.org\/es\/viaje-penitencial-del-papa-a-canada\/#primaryimage","url":"https:\/\/exaudi.org\/wp-content\/uploads\/2022\/07\/Vuelo-a-Canada.jpeg","contentUrl":"https:\/\/exaudi.org\/wp-content\/uploads\/2022\/07\/Vuelo-a-Canada.jpeg","width":1000,"height":563,"caption":"Vuelo a Canad\u00e1 \u00a9 Vatican Media"},{"@type":"BreadcrumbList","@id":"https:\/\/exaudi.org\/es\/viaje-penitencial-del-papa-a-canada\/#breadcrumb","itemListElement":[{"@type":"ListItem","position":1,"name":"Portada","item":"https:\/\/exaudi.org\/es\/"},{"@type":"ListItem","position":2,"name":"Viaje penitencial del Papa a Canad\u00e1"}]},{"@type":"WebSite","@id":"https:\/\/exaudi.org\/#website","url":"https:\/\/exaudi.org\/","name":"Exaudi","description":"News","potentialAction":[{"@type":"SearchAction","target":{"@type":"EntryPoint","urlTemplate":"https:\/\/exaudi.org\/?s={search_term_string}"},"query-input":{"@type":"PropertyValueSpecification","valueRequired":true,"valueName":"search_term_string"}}],"inLanguage":"es"},{"@type":"Person","@id":"https:\/\/exaudi.org\/#\/schema\/person\/f5fc8f063065e38742da7afe15f25df7","name":"Exaudi Redacci\u00f3n","image":{"@type":"ImageObject","inLanguage":"es","@id":"https:\/\/secure.gravatar.com\/avatar\/fe0f6a059fb68d9b3e11bc5850dd4899b1c7492091a3cb6dd9b01b56ad828be2?s=96&d=mm&r=g","url":"https:\/\/secure.gravatar.com\/avatar\/fe0f6a059fb68d9b3e11bc5850dd4899b1c7492091a3cb6dd9b01b56ad828be2?s=96&d=mm&r=g","contentUrl":"https:\/\/secure.gravatar.com\/avatar\/fe0f6a059fb68d9b3e11bc5850dd4899b1c7492091a3cb6dd9b01b56ad828be2?s=96&d=mm&r=g","caption":"Exaudi Redacci\u00f3n"},"description":"\u00bfQu\u00e9 es Exaudi News? Exaudi News es un medio de comunicaci\u00f3n cat\u00f3lico internacional que informa, forma y transforma, diariamente en espa\u00f1ol, ingl\u00e9s e italiano. A trav\u00e9s de noticias, art\u00edculos de an\u00e1lisis y transmisiones en directo de los eventos del Papa, Exaudi busca fortalecer la unidad de los cristianos y contribuir a la evangelizaci\u00f3n del mundo, siempre guiados por la doctrina social de la Iglesia. Trabajamos para acercar la verdad y los valores cristianos a cada rinc\u00f3n del planeta. \u00a1Ay\u00fadanos a transformar el mundo con Exaudi! En Exaudi creemos que la evangelizaci\u00f3n y la informaci\u00f3n de calidad pueden cambiar vidas. Para continuar con nuestra misi\u00f3n y expandir nuestro alcance, necesitamos tu ayuda. Adem\u00e1s, buscamos personas comprometidas que deseen unirse a nuestro equipo. Con tu apoyo, lograremos llegar a m\u00e1s personas, difundir el mensaje de Cristo y reforzar la unidad de los cristianos. \u00bfTe unes a nuestra misi\u00f3n? Para m\u00e1s informaci\u00f3n sobre c\u00f3mo colaborar, visita Exaudi.org\/es o cont\u00e1ctanos directamente: info@exaudi.org Exaudi: Informa, forma y transforma.","sameAs":["https:\/\/www.facebook.com\/ExaudiNoticias\/","https:\/\/www.instagram.com\/exaudi_noticias\/","https:\/\/x.com\/Exaudi_noticias","https:\/\/www.youtube.com\/@exaudicatholicnews"],"url":"https:\/\/exaudi.org\/es\/author\/redaccionexaudi\/"}]}},"jetpack_featured_media_url":"https:\/\/exaudi.org\/wp-content\/uploads\/2022\/07\/Vuelo-a-Canada.jpeg","jetpack_shortlink":"https:\/\/wp.me\/pgKjF2-fzM","_links":{"self":[{"href":"https:\/\/exaudi.org\/es\/wp-json\/wp\/v2\/posts\/59878","targetHints":{"allow":["GET"]}}],"collection":[{"href":"https:\/\/exaudi.org\/es\/wp-json\/wp\/v2\/posts"}],"about":[{"href":"https:\/\/exaudi.org\/es\/wp-json\/wp\/v2\/types\/post"}],"author":[{"embeddable":true,"href":"https:\/\/exaudi.org\/es\/wp-json\/wp\/v2\/users\/15"}],"replies":[{"embeddable":true,"href":"https:\/\/exaudi.org\/es\/wp-json\/wp\/v2\/comments?post=59878"}],"version-history":[{"count":0,"href":"https:\/\/exaudi.org\/es\/wp-json\/wp\/v2\/posts\/59878\/revisions"}],"wp:featuredmedia":[{"embeddable":true,"href":"https:\/\/exaudi.org\/es\/wp-json\/wp\/v2\/media\/59879"}],"wp:attachment":[{"href":"https:\/\/exaudi.org\/es\/wp-json\/wp\/v2\/media?parent=59878"}],"wp:term":[{"taxonomy":"category","embeddable":true,"href":"https:\/\/exaudi.org\/es\/wp-json\/wp\/v2\/categories?post=59878"},{"taxonomy":"post_tag","embeddable":true,"href":"https:\/\/exaudi.org\/es\/wp-json\/wp\/v2\/tags?post=59878"}],"curies":[{"name":"wp","href":"https:\/\/api.w.org\/{rel}","templated":true}]}}