{"id":59809,"date":"2022-07-22T12:14:19","date_gmt":"2022-07-22T10:14:19","guid":{"rendered":"https:\/\/exaudi.org\/?p=59809"},"modified":"2022-07-24T16:21:46","modified_gmt":"2022-07-24T14:21:46","slug":"el-papa-encomienda-a-la-virgen-su-peregrinacion-penitencial-a-canada","status":"publish","type":"post","link":"https:\/\/exaudi.org\/es\/el-papa-encomienda-a-la-virgen-su-peregrinacion-penitencial-a-canada\/","title":{"rendered":"El Papa encomienda a la Virgen su \u201cperegrinaci\u00f3n penitencial\u201d a Canad\u00e1"},"content":{"rendered":"<p>En la ma\u00f1ana de hoy, viernes 22 de julio de 2022, el Papa Francisco acudi\u00f3 a la <a href=\"https:\/\/www.facebook.com\/Basilica-Papale-di-Santa-Maria-Maggiore-109157834049624\" target=\"_blank\" rel=\"noopener\">Bas\u00edlica de Santa Mar\u00eda la Mayor<\/a> para rezar ante el icono de la Virgen <em>Salus Populi Romani<\/em> y encomendarla en su pr\u00f3ximo viaje a Canad\u00e1, que \u00e9l mismo define como una \u201cperegrinaci\u00f3n penitencial\u201d. As\u00ed inform\u00f3 la Oficina de Prensa de la Santa Sede.<\/p>\n<p>Como es tradici\u00f3n, el Santo Padre acude a esta bas\u00edlica papal antes de iniciar una de sus visitas apost\u00f3licas. Se trata de su 37\u00ba Viaje Internacional, <a href=\"https:\/\/exaudi.org\/es\/programa-del-37o-viaje-apostolico-del-papa-a-canada\/\">programada del 24 al 30 de julio de 2022<\/a>.<\/p>\n<h2><strong>\u201cUna peregrinaci\u00f3n penitencial\u201d<\/strong><\/h2>\n<p>El pasado 17 de julio, tras el rezo del \u00c1ngelus, Francisco se dirigi\u00f3 a los habitantes del pa\u00eds norteamericano: \u201cQueridos hermanos y hermanas de Canad\u00e1, como sab\u00e9is, ir\u00e9 entre vosotros sobre todo en el nombre de Jes\u00fas para encontrar y abrazar a las poblaciones ind\u00edgenas\u201d.<\/p>\n<p>\u201cLamentablemente\u201d, expuso, \u201cen Canad\u00e1, muchos cristianos, incluidos algunos miembros de institutos religiosos, han contribuido a las pol\u00edticas de asimilaci\u00f3n cultural que, en el pasado, han da\u00f1ado gravemente, de diferentes maneras, a las comunidades nativas. Por esto, recientemente recib\u00ed en el Vaticano a algunos grupos, representantes de los pueblos ind\u00edgenas, a los cuales manifest\u00e9 mi dolor y mi solidaridad por el mal que han sufrido\u201d.<\/p>\n<p>\u201cY ahora estoy a punto de hacer una peregrinaci\u00f3n penitencial, que espero, con la gracia de Dios, pueda contribuir al camino de sanaci\u00f3n y reconciliaci\u00f3n ya emprendido. Os agradezco desde ahora por todo el trabajo preparatorio y la acogida que me reservar\u00e9is. \u00a1Gracias a todos! Y os pido por favor que me acompa\u00f1\u00e9is con la oraci\u00f3n\u201d, a\u00f1adi\u00f3.<\/p>\n<h2><strong>Lugar especial para el Papa<\/strong><\/h2>\n<p>La bas\u00edlica de Santa Mar\u00eda la Mayor, donde se encuentra la imagen de Nuestra Se\u00f1ora de las Nieves, es un lugar especial para Francisco. Se trata de una visita obligada antes de emprender un viaje apost\u00f3lico y a su regreso.<\/p>\n","protected":false},"excerpt":{"rendered":"<p>37\u00ba Viaje Internacional del 24 al 30 de julio de 2022<\/p>\n","protected":false},"author":15,"featured_media":59810,"comment_status":"closed","ping_status":"closed","sticky":false,"template":"","format":"standard","meta":{"_acf_changed":false,"_crdt_document":"","inline_featured_image":false,"footnotes":""},"categories":[68],"tags":[2716,158,5113,4953],"class_list":["post-59809","post","type-post","status-publish","format-standard","has-post-thumbnail","hentry","category-leon-xiv","tag-canada-es","tag-papa-francisco","tag-santa-maria-la-mayor","tag-trending-es"],"acf":[],"yoast_head":"<!-- This site is optimized with the Yoast SEO plugin v27.5 - https:\/\/yoast.com\/product\/yoast-seo-wordpress\/ -->\n<title>El Papa encomienda a la Virgen su \u201cperegrinaci\u00f3n penitencial\u201d a Canad\u00e1 &#8211; Exaudi<\/title>\n<meta name=\"description\" content=\"El Papa Francisco encomienda a la Virgen su pr\u00f3ximo viaje a Canad\u00e1, que \u00e9l mismo define como una \u201cperegrinaci\u00f3n penitencial\u201d\" \/>\n<meta name=\"robots\" content=\"index, follow, max-snippet:-1, max-image-preview:large, max-video-preview:-1\" \/>\n<link rel=\"canonical\" href=\"https:\/\/exaudi.org\/es\/el-papa-encomienda-a-la-virgen-su-peregrinacion-penitencial-a-canada\/\" \/>\n<meta property=\"og:locale\" content=\"es_ES\" \/>\n<meta property=\"og:type\" content=\"article\" \/>\n<meta property=\"og:title\" content=\"El Papa encomienda a la Virgen su \u201cperegrinaci\u00f3n penitencial\u201d a Canad\u00e1 &#8211; Exaudi\" \/>\n<meta property=\"og:description\" content=\"El Papa Francisco encomienda a la Virgen su pr\u00f3ximo viaje a Canad\u00e1, que \u00e9l mismo define como una \u201cperegrinaci\u00f3n penitencial\u201d\" \/>\n<meta property=\"og:url\" content=\"https:\/\/exaudi.org\/es\/el-papa-encomienda-a-la-virgen-su-peregrinacion-penitencial-a-canada\/\" \/>\n<meta property=\"og:site_name\" content=\"Exaudi\" \/>\n<meta property=\"article:publisher\" content=\"https:\/\/www.facebook.com\/ExaudiNews\" \/>\n<meta property=\"article:author\" content=\"https:\/\/www.facebook.com\/ExaudiNoticias\/\" \/>\n<meta property=\"article:published_time\" content=\"2022-07-22T10:14:19+00:00\" \/>\n<meta property=\"article:modified_time\" content=\"2022-07-24T14:21:46+00:00\" \/>\n<meta property=\"og:image\" content=\"https:\/\/exaudi.org\/wp-content\/uploads\/2022\/07\/Foto.jpeg\" \/>\n\t<meta property=\"og:image:width\" content=\"768\" \/>\n\t<meta property=\"og:image:height\" content=\"1024\" \/>\n\t<meta property=\"og:image:type\" content=\"image\/jpeg\" \/>\n<meta name=\"author\" content=\"Exaudi Redacci\u00f3n\" \/>\n<meta name=\"twitter:card\" content=\"summary_large_image\" \/>\n<meta name=\"twitter:creator\" content=\"@Exaudi_noticias\" \/>\n<meta name=\"twitter:site\" content=\"@Exaudi_News\" \/>\n<meta name=\"twitter:label1\" content=\"Escrito por\" \/>\n\t<meta name=\"twitter:data1\" content=\"Exaudi Redacci\u00f3n\" \/>\n\t<meta name=\"twitter:label2\" content=\"Tiempo de lectura\" \/>\n\t<meta name=\"twitter:data2\" content=\"2 minutos\" \/>\n<script type=\"application\/ld+json\" class=\"yoast-schema-graph\">{\"@context\":\"https:\\\/\\\/schema.org\",\"@graph\":[{\"@type\":\"Article\",\"@id\":\"https:\\\/\\\/exaudi.org\\\/es\\\/el-papa-encomienda-a-la-virgen-su-peregrinacion-penitencial-a-canada\\\/#article\",\"isPartOf\":{\"@id\":\"https:\\\/\\\/exaudi.org\\\/es\\\/el-papa-encomienda-a-la-virgen-su-peregrinacion-penitencial-a-canada\\\/\"},\"author\":{\"name\":\"Exaudi Redacci\u00f3n\",\"@id\":\"https:\\\/\\\/exaudi.org\\\/#\\\/schema\\\/person\\\/f5fc8f063065e38742da7afe15f25df7\"},\"headline\":\"El Papa encomienda a la Virgen su \u201cperegrinaci\u00f3n penitencial\u201d a Canad\u00e1\",\"datePublished\":\"2022-07-22T10:14:19+00:00\",\"dateModified\":\"2022-07-24T14:21:46+00:00\",\"mainEntityOfPage\":{\"@id\":\"https:\\\/\\\/exaudi.org\\\/es\\\/el-papa-encomienda-a-la-virgen-su-peregrinacion-penitencial-a-canada\\\/\"},\"wordCount\":342,\"image\":{\"@id\":\"https:\\\/\\\/exaudi.org\\\/es\\\/el-papa-encomienda-a-la-virgen-su-peregrinacion-penitencial-a-canada\\\/#primaryimage\"},\"thumbnailUrl\":\"https:\\\/\\\/exaudi.org\\\/wp-content\\\/uploads\\\/2022\\\/07\\\/Foto.jpeg\",\"keywords\":[\"canada\",\"papa francisco\",\"Santa Mar\u00eda la Mayor\",\"Trending\"],\"articleSection\":[\"Le\u00f3n XIV\"],\"inLanguage\":\"es\"},{\"@type\":\"WebPage\",\"@id\":\"https:\\\/\\\/exaudi.org\\\/es\\\/el-papa-encomienda-a-la-virgen-su-peregrinacion-penitencial-a-canada\\\/\",\"url\":\"https:\\\/\\\/exaudi.org\\\/es\\\/el-papa-encomienda-a-la-virgen-su-peregrinacion-penitencial-a-canada\\\/\",\"name\":\"El Papa encomienda a la Virgen su \u201cperegrinaci\u00f3n penitencial\u201d a Canad\u00e1 &#8211; Exaudi\",\"isPartOf\":{\"@id\":\"https:\\\/\\\/exaudi.org\\\/#website\"},\"primaryImageOfPage\":{\"@id\":\"https:\\\/\\\/exaudi.org\\\/es\\\/el-papa-encomienda-a-la-virgen-su-peregrinacion-penitencial-a-canada\\\/#primaryimage\"},\"image\":{\"@id\":\"https:\\\/\\\/exaudi.org\\\/es\\\/el-papa-encomienda-a-la-virgen-su-peregrinacion-penitencial-a-canada\\\/#primaryimage\"},\"thumbnailUrl\":\"https:\\\/\\\/exaudi.org\\\/wp-content\\\/uploads\\\/2022\\\/07\\\/Foto.jpeg\",\"datePublished\":\"2022-07-22T10:14:19+00:00\",\"dateModified\":\"2022-07-24T14:21:46+00:00\",\"author\":{\"@id\":\"https:\\\/\\\/exaudi.org\\\/#\\\/schema\\\/person\\\/f5fc8f063065e38742da7afe15f25df7\"},\"description\":\"El Papa Francisco encomienda a la Virgen su pr\u00f3ximo viaje a Canad\u00e1, que \u00e9l mismo define como una \u201cperegrinaci\u00f3n penitencial\u201d\",\"breadcrumb\":{\"@id\":\"https:\\\/\\\/exaudi.org\\\/es\\\/el-papa-encomienda-a-la-virgen-su-peregrinacion-penitencial-a-canada\\\/#breadcrumb\"},\"inLanguage\":\"es\",\"potentialAction\":[{\"@type\":\"ReadAction\",\"target\":[\"https:\\\/\\\/exaudi.org\\\/es\\\/el-papa-encomienda-a-la-virgen-su-peregrinacion-penitencial-a-canada\\\/\"]}]},{\"@type\":\"ImageObject\",\"inLanguage\":\"es\",\"@id\":\"https:\\\/\\\/exaudi.org\\\/es\\\/el-papa-encomienda-a-la-virgen-su-peregrinacion-penitencial-a-canada\\\/#primaryimage\",\"url\":\"https:\\\/\\\/exaudi.org\\\/wp-content\\\/uploads\\\/2022\\\/07\\\/Foto.jpeg\",\"contentUrl\":\"https:\\\/\\\/exaudi.org\\\/wp-content\\\/uploads\\\/2022\\\/07\\\/Foto.jpeg\",\"width\":768,\"height\":1024,\"caption\":\"El Papa Francisco en oraci\u00f3n en Santa Mar\u00eda la Mayor, 22 julio 2022 \u00a9 Vatican Media\"},{\"@type\":\"BreadcrumbList\",\"@id\":\"https:\\\/\\\/exaudi.org\\\/es\\\/el-papa-encomienda-a-la-virgen-su-peregrinacion-penitencial-a-canada\\\/#breadcrumb\",\"itemListElement\":[{\"@type\":\"ListItem\",\"position\":1,\"name\":\"Portada\",\"item\":\"https:\\\/\\\/exaudi.org\\\/es\\\/\"},{\"@type\":\"ListItem\",\"position\":2,\"name\":\"El Papa encomienda a la Virgen su \u201cperegrinaci\u00f3n penitencial\u201d a Canad\u00e1\"}]},{\"@type\":\"WebSite\",\"@id\":\"https:\\\/\\\/exaudi.org\\\/#website\",\"url\":\"https:\\\/\\\/exaudi.org\\\/\",\"name\":\"Exaudi\",\"description\":\"News\",\"potentialAction\":[{\"@type\":\"SearchAction\",\"target\":{\"@type\":\"EntryPoint\",\"urlTemplate\":\"https:\\\/\\\/exaudi.org\\\/?s={search_term_string}\"},\"query-input\":{\"@type\":\"PropertyValueSpecification\",\"valueRequired\":true,\"valueName\":\"search_term_string\"}}],\"inLanguage\":\"es\"},{\"@type\":\"Person\",\"@id\":\"https:\\\/\\\/exaudi.org\\\/#\\\/schema\\\/person\\\/f5fc8f063065e38742da7afe15f25df7\",\"name\":\"Exaudi Redacci\u00f3n\",\"image\":{\"@type\":\"ImageObject\",\"inLanguage\":\"es\",\"@id\":\"https:\\\/\\\/secure.gravatar.com\\\/avatar\\\/fe0f6a059fb68d9b3e11bc5850dd4899b1c7492091a3cb6dd9b01b56ad828be2?s=96&d=mm&r=g\",\"url\":\"https:\\\/\\\/secure.gravatar.com\\\/avatar\\\/fe0f6a059fb68d9b3e11bc5850dd4899b1c7492091a3cb6dd9b01b56ad828be2?s=96&d=mm&r=g\",\"contentUrl\":\"https:\\\/\\\/secure.gravatar.com\\\/avatar\\\/fe0f6a059fb68d9b3e11bc5850dd4899b1c7492091a3cb6dd9b01b56ad828be2?s=96&d=mm&r=g\",\"caption\":\"Exaudi Redacci\u00f3n\"},\"description\":\"\u00bfQu\u00e9 es Exaudi News? Exaudi News es un medio de comunicaci\u00f3n cat\u00f3lico internacional que informa, forma y transforma, diariamente en espa\u00f1ol, ingl\u00e9s e italiano. A trav\u00e9s de noticias, art\u00edculos de an\u00e1lisis y transmisiones en directo de los eventos del Papa, Exaudi busca fortalecer la unidad de los cristianos y contribuir a la evangelizaci\u00f3n del mundo, siempre guiados por la doctrina social de la Iglesia. Trabajamos para acercar la verdad y los valores cristianos a cada rinc\u00f3n del planeta. \u00a1Ay\u00fadanos a transformar el mundo con Exaudi! En Exaudi creemos que la evangelizaci\u00f3n y la informaci\u00f3n de calidad pueden cambiar vidas. Para continuar con nuestra misi\u00f3n y expandir nuestro alcance, necesitamos tu ayuda. Adem\u00e1s, buscamos personas comprometidas que deseen unirse a nuestro equipo. Con tu apoyo, lograremos llegar a m\u00e1s personas, difundir el mensaje de Cristo y reforzar la unidad de los cristianos. \u00bfTe unes a nuestra misi\u00f3n? Para m\u00e1s informaci\u00f3n sobre c\u00f3mo colaborar, visita Exaudi.org\\\/es o cont\u00e1ctanos directamente: info@exaudi.org Exaudi: Informa, forma y transforma.\",\"sameAs\":[\"https:\\\/\\\/www.facebook.com\\\/ExaudiNoticias\\\/\",\"https:\\\/\\\/www.instagram.com\\\/exaudi_noticias\\\/\",\"https:\\\/\\\/x.com\\\/Exaudi_noticias\",\"https:\\\/\\\/www.youtube.com\\\/@exaudicatholicnews\"],\"url\":\"https:\\\/\\\/exaudi.org\\\/es\\\/author\\\/redaccionexaudi\\\/\"}]}<\/script>\n<!-- \/ Yoast SEO plugin. -->","yoast_head_json":{"title":"El Papa encomienda a la Virgen su \u201cperegrinaci\u00f3n penitencial\u201d a Canad\u00e1 &#8211; Exaudi","description":"El Papa Francisco encomienda a la Virgen su pr\u00f3ximo viaje a Canad\u00e1, que \u00e9l mismo define como una \u201cperegrinaci\u00f3n penitencial\u201d","robots":{"index":"index","follow":"follow","max-snippet":"max-snippet:-1","max-image-preview":"max-image-preview:large","max-video-preview":"max-video-preview:-1"},"canonical":"https:\/\/exaudi.org\/es\/el-papa-encomienda-a-la-virgen-su-peregrinacion-penitencial-a-canada\/","og_locale":"es_ES","og_type":"article","og_title":"El Papa encomienda a la Virgen su \u201cperegrinaci\u00f3n penitencial\u201d a Canad\u00e1 &#8211; Exaudi","og_description":"El Papa Francisco encomienda a la Virgen su pr\u00f3ximo viaje a Canad\u00e1, que \u00e9l mismo define como una \u201cperegrinaci\u00f3n penitencial\u201d","og_url":"https:\/\/exaudi.org\/es\/el-papa-encomienda-a-la-virgen-su-peregrinacion-penitencial-a-canada\/","og_site_name":"Exaudi","article_publisher":"https:\/\/www.facebook.com\/ExaudiNews","article_author":"https:\/\/www.facebook.com\/ExaudiNoticias\/","article_published_time":"2022-07-22T10:14:19+00:00","article_modified_time":"2022-07-24T14:21:46+00:00","og_image":[{"width":768,"height":1024,"url":"https:\/\/exaudi.org\/wp-content\/uploads\/2022\/07\/Foto.jpeg","type":"image\/jpeg"}],"author":"Exaudi Redacci\u00f3n","twitter_card":"summary_large_image","twitter_creator":"@Exaudi_noticias","twitter_site":"@Exaudi_News","twitter_misc":{"Escrito por":"Exaudi Redacci\u00f3n","Tiempo de lectura":"2 minutos"},"schema":{"@context":"https:\/\/schema.org","@graph":[{"@type":"Article","@id":"https:\/\/exaudi.org\/es\/el-papa-encomienda-a-la-virgen-su-peregrinacion-penitencial-a-canada\/#article","isPartOf":{"@id":"https:\/\/exaudi.org\/es\/el-papa-encomienda-a-la-virgen-su-peregrinacion-penitencial-a-canada\/"},"author":{"name":"Exaudi Redacci\u00f3n","@id":"https:\/\/exaudi.org\/#\/schema\/person\/f5fc8f063065e38742da7afe15f25df7"},"headline":"El Papa encomienda a la Virgen su \u201cperegrinaci\u00f3n penitencial\u201d a Canad\u00e1","datePublished":"2022-07-22T10:14:19+00:00","dateModified":"2022-07-24T14:21:46+00:00","mainEntityOfPage":{"@id":"https:\/\/exaudi.org\/es\/el-papa-encomienda-a-la-virgen-su-peregrinacion-penitencial-a-canada\/"},"wordCount":342,"image":{"@id":"https:\/\/exaudi.org\/es\/el-papa-encomienda-a-la-virgen-su-peregrinacion-penitencial-a-canada\/#primaryimage"},"thumbnailUrl":"https:\/\/exaudi.org\/wp-content\/uploads\/2022\/07\/Foto.jpeg","keywords":["canada","papa francisco","Santa Mar\u00eda la Mayor","Trending"],"articleSection":["Le\u00f3n XIV"],"inLanguage":"es"},{"@type":"WebPage","@id":"https:\/\/exaudi.org\/es\/el-papa-encomienda-a-la-virgen-su-peregrinacion-penitencial-a-canada\/","url":"https:\/\/exaudi.org\/es\/el-papa-encomienda-a-la-virgen-su-peregrinacion-penitencial-a-canada\/","name":"El Papa encomienda a la Virgen su \u201cperegrinaci\u00f3n penitencial\u201d a Canad\u00e1 &#8211; Exaudi","isPartOf":{"@id":"https:\/\/exaudi.org\/#website"},"primaryImageOfPage":{"@id":"https:\/\/exaudi.org\/es\/el-papa-encomienda-a-la-virgen-su-peregrinacion-penitencial-a-canada\/#primaryimage"},"image":{"@id":"https:\/\/exaudi.org\/es\/el-papa-encomienda-a-la-virgen-su-peregrinacion-penitencial-a-canada\/#primaryimage"},"thumbnailUrl":"https:\/\/exaudi.org\/wp-content\/uploads\/2022\/07\/Foto.jpeg","datePublished":"2022-07-22T10:14:19+00:00","dateModified":"2022-07-24T14:21:46+00:00","author":{"@id":"https:\/\/exaudi.org\/#\/schema\/person\/f5fc8f063065e38742da7afe15f25df7"},"description":"El Papa Francisco encomienda a la Virgen su pr\u00f3ximo viaje a Canad\u00e1, que \u00e9l mismo define como una \u201cperegrinaci\u00f3n penitencial\u201d","breadcrumb":{"@id":"https:\/\/exaudi.org\/es\/el-papa-encomienda-a-la-virgen-su-peregrinacion-penitencial-a-canada\/#breadcrumb"},"inLanguage":"es","potentialAction":[{"@type":"ReadAction","target":["https:\/\/exaudi.org\/es\/el-papa-encomienda-a-la-virgen-su-peregrinacion-penitencial-a-canada\/"]}]},{"@type":"ImageObject","inLanguage":"es","@id":"https:\/\/exaudi.org\/es\/el-papa-encomienda-a-la-virgen-su-peregrinacion-penitencial-a-canada\/#primaryimage","url":"https:\/\/exaudi.org\/wp-content\/uploads\/2022\/07\/Foto.jpeg","contentUrl":"https:\/\/exaudi.org\/wp-content\/uploads\/2022\/07\/Foto.jpeg","width":768,"height":1024,"caption":"El Papa Francisco en oraci\u00f3n en Santa Mar\u00eda la Mayor, 22 julio 2022 \u00a9 Vatican Media"},{"@type":"BreadcrumbList","@id":"https:\/\/exaudi.org\/es\/el-papa-encomienda-a-la-virgen-su-peregrinacion-penitencial-a-canada\/#breadcrumb","itemListElement":[{"@type":"ListItem","position":1,"name":"Portada","item":"https:\/\/exaudi.org\/es\/"},{"@type":"ListItem","position":2,"name":"El Papa encomienda a la Virgen su \u201cperegrinaci\u00f3n penitencial\u201d a Canad\u00e1"}]},{"@type":"WebSite","@id":"https:\/\/exaudi.org\/#website","url":"https:\/\/exaudi.org\/","name":"Exaudi","description":"News","potentialAction":[{"@type":"SearchAction","target":{"@type":"EntryPoint","urlTemplate":"https:\/\/exaudi.org\/?s={search_term_string}"},"query-input":{"@type":"PropertyValueSpecification","valueRequired":true,"valueName":"search_term_string"}}],"inLanguage":"es"},{"@type":"Person","@id":"https:\/\/exaudi.org\/#\/schema\/person\/f5fc8f063065e38742da7afe15f25df7","name":"Exaudi Redacci\u00f3n","image":{"@type":"ImageObject","inLanguage":"es","@id":"https:\/\/secure.gravatar.com\/avatar\/fe0f6a059fb68d9b3e11bc5850dd4899b1c7492091a3cb6dd9b01b56ad828be2?s=96&d=mm&r=g","url":"https:\/\/secure.gravatar.com\/avatar\/fe0f6a059fb68d9b3e11bc5850dd4899b1c7492091a3cb6dd9b01b56ad828be2?s=96&d=mm&r=g","contentUrl":"https:\/\/secure.gravatar.com\/avatar\/fe0f6a059fb68d9b3e11bc5850dd4899b1c7492091a3cb6dd9b01b56ad828be2?s=96&d=mm&r=g","caption":"Exaudi Redacci\u00f3n"},"description":"\u00bfQu\u00e9 es Exaudi News? Exaudi News es un medio de comunicaci\u00f3n cat\u00f3lico internacional que informa, forma y transforma, diariamente en espa\u00f1ol, ingl\u00e9s e italiano. A trav\u00e9s de noticias, art\u00edculos de an\u00e1lisis y transmisiones en directo de los eventos del Papa, Exaudi busca fortalecer la unidad de los cristianos y contribuir a la evangelizaci\u00f3n del mundo, siempre guiados por la doctrina social de la Iglesia. Trabajamos para acercar la verdad y los valores cristianos a cada rinc\u00f3n del planeta. \u00a1Ay\u00fadanos a transformar el mundo con Exaudi! En Exaudi creemos que la evangelizaci\u00f3n y la informaci\u00f3n de calidad pueden cambiar vidas. Para continuar con nuestra misi\u00f3n y expandir nuestro alcance, necesitamos tu ayuda. Adem\u00e1s, buscamos personas comprometidas que deseen unirse a nuestro equipo. Con tu apoyo, lograremos llegar a m\u00e1s personas, difundir el mensaje de Cristo y reforzar la unidad de los cristianos. \u00bfTe unes a nuestra misi\u00f3n? Para m\u00e1s informaci\u00f3n sobre c\u00f3mo colaborar, visita Exaudi.org\/es o cont\u00e1ctanos directamente: info@exaudi.org Exaudi: Informa, forma y transforma.","sameAs":["https:\/\/www.facebook.com\/ExaudiNoticias\/","https:\/\/www.instagram.com\/exaudi_noticias\/","https:\/\/x.com\/Exaudi_noticias","https:\/\/www.youtube.com\/@exaudicatholicnews"],"url":"https:\/\/exaudi.org\/es\/author\/redaccionexaudi\/"}]}},"jetpack_featured_media_url":"https:\/\/exaudi.org\/wp-content\/uploads\/2022\/07\/Foto.jpeg","jetpack_shortlink":"https:\/\/wp.me\/pgKjF2-fyF","_links":{"self":[{"href":"https:\/\/exaudi.org\/es\/wp-json\/wp\/v2\/posts\/59809","targetHints":{"allow":["GET"]}}],"collection":[{"href":"https:\/\/exaudi.org\/es\/wp-json\/wp\/v2\/posts"}],"about":[{"href":"https:\/\/exaudi.org\/es\/wp-json\/wp\/v2\/types\/post"}],"author":[{"embeddable":true,"href":"https:\/\/exaudi.org\/es\/wp-json\/wp\/v2\/users\/15"}],"replies":[{"embeddable":true,"href":"https:\/\/exaudi.org\/es\/wp-json\/wp\/v2\/comments?post=59809"}],"version-history":[{"count":0,"href":"https:\/\/exaudi.org\/es\/wp-json\/wp\/v2\/posts\/59809\/revisions"}],"wp:featuredmedia":[{"embeddable":true,"href":"https:\/\/exaudi.org\/es\/wp-json\/wp\/v2\/media\/59810"}],"wp:attachment":[{"href":"https:\/\/exaudi.org\/es\/wp-json\/wp\/v2\/media?parent=59809"}],"wp:term":[{"taxonomy":"category","embeddable":true,"href":"https:\/\/exaudi.org\/es\/wp-json\/wp\/v2\/categories?post=59809"},{"taxonomy":"post_tag","embeddable":true,"href":"https:\/\/exaudi.org\/es\/wp-json\/wp\/v2\/tags?post=59809"}],"curies":[{"name":"wp","href":"https:\/\/api.w.org\/{rel}","templated":true}]}}