{"id":5978,"date":"2021-03-14T16:53:21","date_gmt":"2021-03-14T15:53:21","guid":{"rendered":"https:\/\/exaudi.org\/?p=5978"},"modified":"2021-03-15T16:30:49","modified_gmt":"2021-03-15T15:30:49","slug":"angelus-llamamiento-del-papa-por-siria","status":"publish","type":"post","link":"https:\/\/exaudi.org\/es\/angelus-llamamiento-del-papa-por-siria\/","title":{"rendered":"\u00c1ngelus: Llamamiento del Papa por Siria"},"content":{"rendered":"<div class=\"testo\">\n<div class=\"text parbase vaticanrichtext\">\n<p>Despu\u00e9s del rezo del <a href=\"https:\/\/www.youtube.com\/watch?v=6eUGY5eHqeY\">\u00c1ngelus<\/a> de <a href=\"https:\/\/exaudi.org\/es\/angelus-la-luz-nos-lleva-a-hacer-buenas-obras\/\" target=\"_blank\" rel=\"noopener noreferrer\">este domingo 14 de marzo de 2021<\/a>, el Papa Francisco record\u00f3 el d\u00e9cimo aniversario del comienzo del conflicto de Siria, renovando encarecidamente un llamamiento a las partes en conflicto \u201cpara que den muestras de buena voluntad, a fin de que se abra un rayo de esperanza para la poblaci\u00f3n extenuada\u201d.<\/p>\n<p>\u201cEspero igualmente un compromiso decidido y renovado, constructivo y solidario, por parte de la comunidad internacional, para que, depuestas las armas, se pueda restablecer el tejido social y comenzar la reconstrucci\u00f3n y la recuperaci\u00f3n econ\u00f3mica\u201d, a\u00f1adi\u00f3 el Pont\u00edfice.<\/p>\n<p>El pr\u00f3ximo viernes 19 de marzo, solemnidad de San Jos\u00e9, se abre el A\u00f1o de la Familia <em>Amoris Laetitia<\/em>, record\u00f3 el Papa, e invit\u00f3 \u201ca un renovado y creativo impulso pastoral para poner a la familia en el centro de la atenci\u00f3n de la Iglesia y de la sociedad\u201d.<\/p>\n<p>El Obispo de Roma salud\u00f3 a los chicos y chicas del equipo de baloncesto y sus familias reunidos en la plaza de San Pedro, as\u00ed como a los peregrinos presentes y a los filipinos, que celebran el 500 aniversario de la evangelizaci\u00f3n de Filipinas.<\/p>\n<\/div>\n<p>A continuaci\u00f3n, siguen las palabras del Papa, seg\u00fan la traducci\u00f3n oficial ofrecida por la Oficina de Prensa de la Santa Sede.<\/p>\n<div class=\"text parbase vaticanrichtext\">\n<p>***<\/p>\n<h4><strong>Palabras despu\u00e9s del \u00c1ngelus<\/strong><\/h4>\n<p><i>Queridos hermanos y hermanas<\/i><\/p>\n<p>Hace diez a\u00f1os comenzaba el sangriento conflicto de Siria, que ha provocado una de las mayores cat\u00e1strofes humanitarias de nuestro tiempo: un n\u00famero indeterminado de muertos y heridos, millones de refugiados, miles de desaparecidos, destrucci\u00f3n, violencia de todo tipo y un inmenso sufrimiento para toda la poblaci\u00f3n, especialmente la m\u00e1s vulnerable, como ni\u00f1os, mujeres y ancianos. Renuevo mi m\u00e1s encarecido llamamiento a las partes en conflicto para que den muestras de buena voluntad, a fin de que se abra un rayo de esperanza para la poblaci\u00f3n extenuada. Espero igualmente un compromiso decidido y renovado, constructivo y solidario, por parte de la comunidad internacional, para que, depuestas las armas, se pueda restablecer el tejido social y comenzar la reconstrucci\u00f3n y la recuperaci\u00f3n econ\u00f3mica. Pidamos todos al Se\u00f1or para que no se olvide tanto sufrimiento en la amada y atormentada Siria y para que nuestra solidaridad reavive la esperanza. Recemos juntos por la amada y atormentada Siria. Ave Mar\u00eda&#8230;<\/p>\n<p>El pr\u00f3ximo viernes 19 de marzo, solemnidad de San Jos\u00e9, se abre el A\u00f1o de la Familia <em>Amoris Laetitia<\/em> de la Familia: un a\u00f1o especial para crecer en el amor familiar. Invito a un renovado y creativo impulso pastoral para poner a la familia en el centro de la atenci\u00f3n de la Iglesia y de la sociedad. Rezo para que cada familia sienta en su propia casa la presencia viva de la Sagrada Familia de Nazaret, que llene nuestras peque\u00f1as comunidades dom\u00e9sticas de amor sincero y generoso, fuente de alegr\u00eda incluso en las pruebas y dificultades.<\/p>\n<p>Saludo a los chicos y chicas del equipo de baloncesto, acompa\u00f1ados por sus familias y sus entrenadores, presentes hoy en la Plaza. \u00a1Muy buenos! Seguid as\u00ed.<\/p>\n<p>Os saludo cordialmente a todos, queridos fieles de Roma y queridos peregrinos. Y, en particular, saludo a los numerosos filipinos que celebran el 500\u00ba aniversario de la evangelizaci\u00f3n de Filipinas. Felicidades. \u00a1Y adelante con la alegr\u00eda del Evangelio!<\/p>\n<p>Deseo a todos un buen domingo. Por favor, no os olvid\u00e9is de rezar por m\u00ed. Buen almuerzo y hasta pronto.<\/p>\n<div class=\"clearfix\"><\/div>\n<\/div>\n<div class=\"content parsys\"><\/div>\n<\/div>\n","protected":false},"excerpt":{"rendered":"<p>Palabras despu\u00e9s de la oraci\u00f3n mariana<\/p>\n","protected":false},"author":7,"featured_media":6010,"comment_status":"closed","ping_status":"closed","sticky":false,"template":"","format":"standard","meta":{"_acf_changed":false,"_crdt_document":"","inline_featured_image":false,"footnotes":""},"categories":[70,298],"tags":[894],"class_list":["post-5978","post","type-post","status-publish","format-standard","has-post-thumbnail","hentry","category-angelus-es","category-ultimas-noticias","tag-angelus-14-marzo-2021"],"acf":[],"yoast_head":"<!-- This site is optimized with the Yoast SEO plugin v27.5 - https:\/\/yoast.com\/product\/yoast-seo-wordpress\/ -->\n<title>\u00c1ngelus: Llamamiento del Papa por Siria &#8211; Exaudi<\/title>\n<meta name=\"description\" content=\"Despu\u00e9s del rezo del \u00c1ngelus de hoy, el Papa renov\u00f3 su llamamiento a las partes del conflicto en Siria y la comunidad internacional\" \/>\n<meta name=\"robots\" content=\"index, follow, max-snippet:-1, max-image-preview:large, max-video-preview:-1\" \/>\n<link rel=\"canonical\" href=\"https:\/\/exaudi.org\/es\/angelus-llamamiento-del-papa-por-siria\/\" \/>\n<meta property=\"og:locale\" content=\"es_ES\" \/>\n<meta property=\"og:type\" content=\"article\" \/>\n<meta property=\"og:title\" content=\"\u00c1ngelus: Llamamiento del Papa por Siria &#8211; Exaudi\" \/>\n<meta property=\"og:description\" content=\"Despu\u00e9s del rezo del \u00c1ngelus de hoy, el Papa renov\u00f3 su llamamiento a las partes del conflicto en Siria y la comunidad internacional\" \/>\n<meta property=\"og:url\" content=\"https:\/\/exaudi.org\/es\/angelus-llamamiento-del-papa-por-siria\/\" \/>\n<meta property=\"og:site_name\" content=\"Exaudi\" \/>\n<meta property=\"article:publisher\" content=\"https:\/\/www.facebook.com\/ExaudiNews\" \/>\n<meta property=\"article:published_time\" content=\"2021-03-14T15:53:21+00:00\" \/>\n<meta property=\"article:modified_time\" content=\"2021-03-15T15:30:49+00:00\" \/>\n<meta property=\"og:image\" content=\"https:\/\/exaudi.org\/wp-content\/uploads\/2021\/03\/Siria-.jpg\" \/>\n\t<meta property=\"og:image:width\" content=\"1000\" \/>\n\t<meta property=\"og:image:height\" content=\"667\" \/>\n\t<meta property=\"og:image:type\" content=\"image\/jpeg\" \/>\n<meta name=\"author\" content=\"Raquel Anillo\" \/>\n<meta name=\"twitter:card\" content=\"summary_large_image\" \/>\n<meta name=\"twitter:creator\" content=\"@Exaudi_News\" \/>\n<meta name=\"twitter:site\" content=\"@Exaudi_News\" \/>\n<meta name=\"twitter:label1\" content=\"Escrito por\" \/>\n\t<meta name=\"twitter:data1\" content=\"Raquel Anillo\" \/>\n\t<meta name=\"twitter:label2\" content=\"Tiempo de lectura\" \/>\n\t<meta name=\"twitter:data2\" content=\"3 minutos\" \/>\n<script type=\"application\/ld+json\" class=\"yoast-schema-graph\">{\"@context\":\"https:\\\/\\\/schema.org\",\"@graph\":[{\"@type\":\"Article\",\"@id\":\"https:\\\/\\\/exaudi.org\\\/es\\\/angelus-llamamiento-del-papa-por-siria\\\/#article\",\"isPartOf\":{\"@id\":\"https:\\\/\\\/exaudi.org\\\/es\\\/angelus-llamamiento-del-papa-por-siria\\\/\"},\"author\":{\"name\":\"Raquel Anillo\",\"@id\":\"https:\\\/\\\/exaudi.org\\\/#\\\/schema\\\/person\\\/6ff0af358a606d657c4b1b6e0d5c85cb\"},\"headline\":\"\u00c1ngelus: Llamamiento del Papa por Siria\",\"datePublished\":\"2021-03-14T15:53:21+00:00\",\"dateModified\":\"2021-03-15T15:30:49+00:00\",\"mainEntityOfPage\":{\"@id\":\"https:\\\/\\\/exaudi.org\\\/es\\\/angelus-llamamiento-del-papa-por-siria\\\/\"},\"wordCount\":594,\"image\":{\"@id\":\"https:\\\/\\\/exaudi.org\\\/es\\\/angelus-llamamiento-del-papa-por-siria\\\/#primaryimage\"},\"thumbnailUrl\":\"https:\\\/\\\/exaudi.org\\\/wp-content\\\/uploads\\\/2021\\\/03\\\/Siria-.jpg\",\"keywords\":[\"\u00c1ngelus 14 marzo 2021\"],\"articleSection\":[\"\u00c1ngelus\",\"\u00daltimas noticias\"],\"inLanguage\":\"es\"},{\"@type\":\"WebPage\",\"@id\":\"https:\\\/\\\/exaudi.org\\\/es\\\/angelus-llamamiento-del-papa-por-siria\\\/\",\"url\":\"https:\\\/\\\/exaudi.org\\\/es\\\/angelus-llamamiento-del-papa-por-siria\\\/\",\"name\":\"\u00c1ngelus: Llamamiento del Papa por Siria &#8211; Exaudi\",\"isPartOf\":{\"@id\":\"https:\\\/\\\/exaudi.org\\\/#website\"},\"primaryImageOfPage\":{\"@id\":\"https:\\\/\\\/exaudi.org\\\/es\\\/angelus-llamamiento-del-papa-por-siria\\\/#primaryimage\"},\"image\":{\"@id\":\"https:\\\/\\\/exaudi.org\\\/es\\\/angelus-llamamiento-del-papa-por-siria\\\/#primaryimage\"},\"thumbnailUrl\":\"https:\\\/\\\/exaudi.org\\\/wp-content\\\/uploads\\\/2021\\\/03\\\/Siria-.jpg\",\"datePublished\":\"2021-03-14T15:53:21+00:00\",\"dateModified\":\"2021-03-15T15:30:49+00:00\",\"author\":{\"@id\":\"https:\\\/\\\/exaudi.org\\\/#\\\/schema\\\/person\\\/6ff0af358a606d657c4b1b6e0d5c85cb\"},\"description\":\"Despu\u00e9s del rezo del \u00c1ngelus de hoy, el Papa renov\u00f3 su llamamiento a las partes del conflicto en Siria y la comunidad internacional\",\"breadcrumb\":{\"@id\":\"https:\\\/\\\/exaudi.org\\\/es\\\/angelus-llamamiento-del-papa-por-siria\\\/#breadcrumb\"},\"inLanguage\":\"es\",\"potentialAction\":[{\"@type\":\"ReadAction\",\"target\":[\"https:\\\/\\\/exaudi.org\\\/es\\\/angelus-llamamiento-del-papa-por-siria\\\/\"]}]},{\"@type\":\"ImageObject\",\"inLanguage\":\"es\",\"@id\":\"https:\\\/\\\/exaudi.org\\\/es\\\/angelus-llamamiento-del-papa-por-siria\\\/#primaryimage\",\"url\":\"https:\\\/\\\/exaudi.org\\\/wp-content\\\/uploads\\\/2021\\\/03\\\/Siria-.jpg\",\"contentUrl\":\"https:\\\/\\\/exaudi.org\\\/wp-content\\\/uploads\\\/2021\\\/03\\\/Siria-.jpg\",\"width\":1000,\"height\":667,\"caption\":\"Siria \u00a9 Caritas Siria\"},{\"@type\":\"BreadcrumbList\",\"@id\":\"https:\\\/\\\/exaudi.org\\\/es\\\/angelus-llamamiento-del-papa-por-siria\\\/#breadcrumb\",\"itemListElement\":[{\"@type\":\"ListItem\",\"position\":1,\"name\":\"Portada\",\"item\":\"https:\\\/\\\/exaudi.org\\\/es\\\/\"},{\"@type\":\"ListItem\",\"position\":2,\"name\":\"\u00c1ngelus: Llamamiento del Papa por Siria\"}]},{\"@type\":\"WebSite\",\"@id\":\"https:\\\/\\\/exaudi.org\\\/#website\",\"url\":\"https:\\\/\\\/exaudi.org\\\/\",\"name\":\"Exaudi\",\"description\":\"News\",\"potentialAction\":[{\"@type\":\"SearchAction\",\"target\":{\"@type\":\"EntryPoint\",\"urlTemplate\":\"https:\\\/\\\/exaudi.org\\\/?s={search_term_string}\"},\"query-input\":{\"@type\":\"PropertyValueSpecification\",\"valueRequired\":true,\"valueName\":\"search_term_string\"}}],\"inLanguage\":\"es\"},{\"@type\":\"Person\",\"@id\":\"https:\\\/\\\/exaudi.org\\\/#\\\/schema\\\/person\\\/6ff0af358a606d657c4b1b6e0d5c85cb\",\"name\":\"Raquel Anillo\",\"image\":{\"@type\":\"ImageObject\",\"inLanguage\":\"es\",\"@id\":\"https:\\\/\\\/secure.gravatar.com\\\/avatar\\\/7f88757c095badfcf277fb437d860f221e7a4fb83008b887cccb1f1299f66efb?s=96&d=mm&r=g\",\"url\":\"https:\\\/\\\/secure.gravatar.com\\\/avatar\\\/7f88757c095badfcf277fb437d860f221e7a4fb83008b887cccb1f1299f66efb?s=96&d=mm&r=g\",\"contentUrl\":\"https:\\\/\\\/secure.gravatar.com\\\/avatar\\\/7f88757c095badfcf277fb437d860f221e7a4fb83008b887cccb1f1299f66efb?s=96&d=mm&r=g\",\"caption\":\"Raquel Anillo\"},\"description\":\"Casada. Comprometida con la Iglesia. Traductora e int\u00e9rprete para la Comunidad Emmanuel, especialmente para las sesiones internacionales de Paray le Monial (Francia) 1986 al 2005. Colaboradora de Zenit de 2012-2014 y de 2017-2020 como traductora.\",\"url\":\"https:\\\/\\\/exaudi.org\\\/es\\\/author\\\/ranilloexaudi-org\\\/\"}]}<\/script>\n<!-- \/ Yoast SEO plugin. -->","yoast_head_json":{"title":"\u00c1ngelus: Llamamiento del Papa por Siria &#8211; Exaudi","description":"Despu\u00e9s del rezo del \u00c1ngelus de hoy, el Papa renov\u00f3 su llamamiento a las partes del conflicto en Siria y la comunidad internacional","robots":{"index":"index","follow":"follow","max-snippet":"max-snippet:-1","max-image-preview":"max-image-preview:large","max-video-preview":"max-video-preview:-1"},"canonical":"https:\/\/exaudi.org\/es\/angelus-llamamiento-del-papa-por-siria\/","og_locale":"es_ES","og_type":"article","og_title":"\u00c1ngelus: Llamamiento del Papa por Siria &#8211; Exaudi","og_description":"Despu\u00e9s del rezo del \u00c1ngelus de hoy, el Papa renov\u00f3 su llamamiento a las partes del conflicto en Siria y la comunidad internacional","og_url":"https:\/\/exaudi.org\/es\/angelus-llamamiento-del-papa-por-siria\/","og_site_name":"Exaudi","article_publisher":"https:\/\/www.facebook.com\/ExaudiNews","article_published_time":"2021-03-14T15:53:21+00:00","article_modified_time":"2021-03-15T15:30:49+00:00","og_image":[{"width":1000,"height":667,"url":"https:\/\/exaudi.org\/wp-content\/uploads\/2021\/03\/Siria-.jpg","type":"image\/jpeg"}],"author":"Raquel Anillo","twitter_card":"summary_large_image","twitter_creator":"@Exaudi_News","twitter_site":"@Exaudi_News","twitter_misc":{"Escrito por":"Raquel Anillo","Tiempo de lectura":"3 minutos"},"schema":{"@context":"https:\/\/schema.org","@graph":[{"@type":"Article","@id":"https:\/\/exaudi.org\/es\/angelus-llamamiento-del-papa-por-siria\/#article","isPartOf":{"@id":"https:\/\/exaudi.org\/es\/angelus-llamamiento-del-papa-por-siria\/"},"author":{"name":"Raquel Anillo","@id":"https:\/\/exaudi.org\/#\/schema\/person\/6ff0af358a606d657c4b1b6e0d5c85cb"},"headline":"\u00c1ngelus: Llamamiento del Papa por Siria","datePublished":"2021-03-14T15:53:21+00:00","dateModified":"2021-03-15T15:30:49+00:00","mainEntityOfPage":{"@id":"https:\/\/exaudi.org\/es\/angelus-llamamiento-del-papa-por-siria\/"},"wordCount":594,"image":{"@id":"https:\/\/exaudi.org\/es\/angelus-llamamiento-del-papa-por-siria\/#primaryimage"},"thumbnailUrl":"https:\/\/exaudi.org\/wp-content\/uploads\/2021\/03\/Siria-.jpg","keywords":["\u00c1ngelus 14 marzo 2021"],"articleSection":["\u00c1ngelus","\u00daltimas noticias"],"inLanguage":"es"},{"@type":"WebPage","@id":"https:\/\/exaudi.org\/es\/angelus-llamamiento-del-papa-por-siria\/","url":"https:\/\/exaudi.org\/es\/angelus-llamamiento-del-papa-por-siria\/","name":"\u00c1ngelus: Llamamiento del Papa por Siria &#8211; Exaudi","isPartOf":{"@id":"https:\/\/exaudi.org\/#website"},"primaryImageOfPage":{"@id":"https:\/\/exaudi.org\/es\/angelus-llamamiento-del-papa-por-siria\/#primaryimage"},"image":{"@id":"https:\/\/exaudi.org\/es\/angelus-llamamiento-del-papa-por-siria\/#primaryimage"},"thumbnailUrl":"https:\/\/exaudi.org\/wp-content\/uploads\/2021\/03\/Siria-.jpg","datePublished":"2021-03-14T15:53:21+00:00","dateModified":"2021-03-15T15:30:49+00:00","author":{"@id":"https:\/\/exaudi.org\/#\/schema\/person\/6ff0af358a606d657c4b1b6e0d5c85cb"},"description":"Despu\u00e9s del rezo del \u00c1ngelus de hoy, el Papa renov\u00f3 su llamamiento a las partes del conflicto en Siria y la comunidad internacional","breadcrumb":{"@id":"https:\/\/exaudi.org\/es\/angelus-llamamiento-del-papa-por-siria\/#breadcrumb"},"inLanguage":"es","potentialAction":[{"@type":"ReadAction","target":["https:\/\/exaudi.org\/es\/angelus-llamamiento-del-papa-por-siria\/"]}]},{"@type":"ImageObject","inLanguage":"es","@id":"https:\/\/exaudi.org\/es\/angelus-llamamiento-del-papa-por-siria\/#primaryimage","url":"https:\/\/exaudi.org\/wp-content\/uploads\/2021\/03\/Siria-.jpg","contentUrl":"https:\/\/exaudi.org\/wp-content\/uploads\/2021\/03\/Siria-.jpg","width":1000,"height":667,"caption":"Siria \u00a9 Caritas Siria"},{"@type":"BreadcrumbList","@id":"https:\/\/exaudi.org\/es\/angelus-llamamiento-del-papa-por-siria\/#breadcrumb","itemListElement":[{"@type":"ListItem","position":1,"name":"Portada","item":"https:\/\/exaudi.org\/es\/"},{"@type":"ListItem","position":2,"name":"\u00c1ngelus: Llamamiento del Papa por Siria"}]},{"@type":"WebSite","@id":"https:\/\/exaudi.org\/#website","url":"https:\/\/exaudi.org\/","name":"Exaudi","description":"News","potentialAction":[{"@type":"SearchAction","target":{"@type":"EntryPoint","urlTemplate":"https:\/\/exaudi.org\/?s={search_term_string}"},"query-input":{"@type":"PropertyValueSpecification","valueRequired":true,"valueName":"search_term_string"}}],"inLanguage":"es"},{"@type":"Person","@id":"https:\/\/exaudi.org\/#\/schema\/person\/6ff0af358a606d657c4b1b6e0d5c85cb","name":"Raquel Anillo","image":{"@type":"ImageObject","inLanguage":"es","@id":"https:\/\/secure.gravatar.com\/avatar\/7f88757c095badfcf277fb437d860f221e7a4fb83008b887cccb1f1299f66efb?s=96&d=mm&r=g","url":"https:\/\/secure.gravatar.com\/avatar\/7f88757c095badfcf277fb437d860f221e7a4fb83008b887cccb1f1299f66efb?s=96&d=mm&r=g","contentUrl":"https:\/\/secure.gravatar.com\/avatar\/7f88757c095badfcf277fb437d860f221e7a4fb83008b887cccb1f1299f66efb?s=96&d=mm&r=g","caption":"Raquel Anillo"},"description":"Casada. Comprometida con la Iglesia. Traductora e int\u00e9rprete para la Comunidad Emmanuel, especialmente para las sesiones internacionales de Paray le Monial (Francia) 1986 al 2005. Colaboradora de Zenit de 2012-2014 y de 2017-2020 como traductora.","url":"https:\/\/exaudi.org\/es\/author\/ranilloexaudi-org\/"}]}},"jetpack_featured_media_url":"https:\/\/exaudi.org\/wp-content\/uploads\/2021\/03\/Siria-.jpg","jetpack_shortlink":"https:\/\/wp.me\/pgKjF2-1yq","_links":{"self":[{"href":"https:\/\/exaudi.org\/es\/wp-json\/wp\/v2\/posts\/5978","targetHints":{"allow":["GET"]}}],"collection":[{"href":"https:\/\/exaudi.org\/es\/wp-json\/wp\/v2\/posts"}],"about":[{"href":"https:\/\/exaudi.org\/es\/wp-json\/wp\/v2\/types\/post"}],"author":[{"embeddable":true,"href":"https:\/\/exaudi.org\/es\/wp-json\/wp\/v2\/users\/7"}],"replies":[{"embeddable":true,"href":"https:\/\/exaudi.org\/es\/wp-json\/wp\/v2\/comments?post=5978"}],"version-history":[{"count":0,"href":"https:\/\/exaudi.org\/es\/wp-json\/wp\/v2\/posts\/5978\/revisions"}],"wp:featuredmedia":[{"embeddable":true,"href":"https:\/\/exaudi.org\/es\/wp-json\/wp\/v2\/media\/6010"}],"wp:attachment":[{"href":"https:\/\/exaudi.org\/es\/wp-json\/wp\/v2\/media?parent=5978"}],"wp:term":[{"taxonomy":"category","embeddable":true,"href":"https:\/\/exaudi.org\/es\/wp-json\/wp\/v2\/categories?post=5978"},{"taxonomy":"post_tag","embeddable":true,"href":"https:\/\/exaudi.org\/es\/wp-json\/wp\/v2\/tags?post=5978"}],"curies":[{"name":"wp","href":"https:\/\/api.w.org\/{rel}","templated":true}]}}