{"id":59640,"date":"2022-07-19T08:00:03","date_gmt":"2022-07-19T06:00:03","guid":{"rendered":"https:\/\/exaudi.org\/?p=59640"},"modified":"2022-07-19T14:14:43","modified_gmt":"2022-07-19T12:14:43","slug":"las-montanas-nunca-se-encuentran-pero-la-gente-si-sigamos-adelante","status":"publish","type":"post","link":"https:\/\/exaudi.org\/es\/las-montanas-nunca-se-encuentran-pero-la-gente-si-sigamos-adelante\/","title":{"rendered":"\u201cLas monta\u00f1as nunca se encuentran, pero la gente s\u00ed.\u201d Sigamos adelante"},"content":{"rendered":"<p>Publicamos a continuaci\u00f3n el texto del videomensaje que el Santo Padre Francisco env\u00eda a participantes en el II Congreso Cat\u00f3lico Panafricano sobre Teolog\u00eda, Sociedad y Vida Pastoral, que tiene lugar en Nairobi, Kenia, en la Universidad Cat\u00f3lica de \u00c1frica Oriental, del 19 al 22 de julio de 2022:<\/p>\n<p><strong>Videomensaje del Santo Padre Francisco<\/strong><\/p>\n<p>Hermanas, hermanos de la Red Cat\u00f3lica Pan-Africana de Teolog\u00eda y Pastoral:<\/p>\n<p>Me alegra saber de este encuentro en la Universidad Cat\u00f3lica de \u00c1frica Oriental en Nairobi.\u00a0 Se que se re\u00fanen con motivo del II Congreso Cat\u00f3lico Panafricano sobre Teolog\u00eda, Sociedad y Vida Pastoral.<\/p>\n<p>Es un signo de esperanza que te\u00f3logos, laicos, sacerdotes, religiosos, religiosas, obispos hayan tomado la iniciativa de caminar juntos.<\/p>\n<p>Juntarse para discernir qu\u00e9 nos dice Dios hoy, no solo para atender las necesidades desafiantes ciertamente, sino tambi\u00e9n para hacer realidad los sue\u00f1os africanos ( sue\u00f1os sociales, culturales, ecol\u00f3gicos y eclesiales) es ya se\u00f1al una Iglesia Africana en salida.<\/p>\n<p>Siguen adelante.<\/p>\n<p>En mis visitas a \u00c1frica, siempre me ha impresionado la fe y resiliencia de esos pueblos. Como comente durante <a href=\"https:\/\/www.vatican.va\/content\/francesco\/es\/travels\/2015\/outside\/documents\/papa-francesco-africa-2015.html\" target=\"_blank\" rel=\"noopener\">mi viaje a la Rep\u00fablica Centroafricana en 201<\/a>5, \u201c\u00c1frica siempre nos sorprende.\u201d\u00a0 Hagan surgir lo mejor de ustedes en estas reflexiones para que sea sorpresa, para que nazca esa creaci\u00f3n africana que nos da una sorpresa a todos.<\/p>\n<p>Porque \u00c1frica es poes\u00eda.<\/p>\n<p>La sabidur\u00eda de los ancestros africanos nos recuerda para esta importante convocatoria que \u201clas monta\u00f1as nunca se encuentran, pero la gente s\u00ed.\u201d Sigamos adelante. Juntos. Acompa\u00f1\u00e1ndonos, ayud\u00e1ndonos, y creciendo Juntos.<\/p>\n<p>Que una teolog\u00eda sapiencial, como ustedes proponen, sea la buena noticia de misericordia para los pobres y alimenta a las personas y comunidades en su lucha por la vida, la paz y la esperanza.<\/p>\n<p>Que el Esp\u00edritu Santo los inspire &#8211; que de este congreso salgan caminos que la Iglesia necesita:\u00a0 caminos de conversi\u00f3n misionera, ecol\u00f3gica, de paz, de reconciliaci\u00f3n y de transformaci\u00f3n de todo el mundo.<\/p>\n<p>Y a todos los bendigo. Que Dios los bendiga.<br \/>\nQue la Virgen los acompa\u00f1e.<br \/>\nY por favor, no se olviden de rezar por mi.<br \/>\nGracias.<\/p>\n<p>Videomensaje:<\/p>\n<p><iframe loading=\"lazy\" title=\"Francisco: \u201cUna teolog\u00eda sapiencial sea la buena noticia de misericordia\u201d\" width=\"500\" height=\"281\" src=\"https:\/\/www.youtube.com\/embed\/mpf9Y38syrA?feature=oembed\" frameborder=\"0\" allow=\"accelerometer; autoplay; clipboard-write; encrypted-media; gyroscope; picture-in-picture; web-share\" referrerpolicy=\"strict-origin-when-cross-origin\" allowfullscreen><\/iframe><\/p>\n","protected":false},"excerpt":{"rendered":"<p>Santo Padre Francisco a los participantes del II Congreso Cat\u00f3lico Panafricano <\/p>\n","protected":false},"author":15,"featured_media":59638,"comment_status":"closed","ping_status":"closed","sticky":false,"template":"","format":"standard","meta":{"_acf_changed":false,"_crdt_document":"","inline_featured_image":false,"footnotes":""},"categories":[128,68,118,126],"tags":[2483,158,4953],"class_list":["post-59640","post","type-post","status-publish","format-standard","has-post-thumbnail","hentry","category-eventos-especiales","category-leon-xiv","category-mensajes","category-viajes-papales","tag-africa-es","tag-papa-francisco","tag-trending-es"],"acf":[],"yoast_head":"<!-- This site is optimized with the Yoast SEO plugin v27.5 - https:\/\/yoast.com\/product\/yoast-seo-wordpress\/ -->\n<title>\u201cLas monta\u00f1as nunca se encuentran, pero la gente s\u00ed.\u201d Sigamos adelante &#8211; Exaudi<\/title>\n<meta name=\"robots\" content=\"index, follow, max-snippet:-1, max-image-preview:large, max-video-preview:-1\" \/>\n<link rel=\"canonical\" href=\"https:\/\/exaudi.org\/es\/las-montanas-nunca-se-encuentran-pero-la-gente-si-sigamos-adelante\/\" \/>\n<meta property=\"og:locale\" content=\"es_ES\" \/>\n<meta property=\"og:type\" content=\"article\" \/>\n<meta property=\"og:title\" content=\"\u201cLas monta\u00f1as nunca se encuentran, pero la gente s\u00ed.\u201d Sigamos adelante &#8211; Exaudi\" \/>\n<meta property=\"og:description\" content=\"Santo Padre Francisco a los participantes del II Congreso Cat\u00f3lico Panafricano\" \/>\n<meta property=\"og:url\" content=\"https:\/\/exaudi.org\/es\/las-montanas-nunca-se-encuentran-pero-la-gente-si-sigamos-adelante\/\" \/>\n<meta property=\"og:site_name\" content=\"Exaudi\" \/>\n<meta property=\"article:publisher\" content=\"https:\/\/www.facebook.com\/ExaudiNews\" \/>\n<meta property=\"article:author\" content=\"https:\/\/www.facebook.com\/ExaudiNoticias\/\" \/>\n<meta property=\"article:published_time\" content=\"2022-07-19T06:00:03+00:00\" \/>\n<meta property=\"article:modified_time\" content=\"2022-07-19T12:14:43+00:00\" \/>\n<meta property=\"og:image\" content=\"https:\/\/exaudi.org\/wp-content\/uploads\/2022\/07\/PapaFranciscoAudiencia-1.jpeg\" \/>\n\t<meta property=\"og:image:width\" content=\"750\" \/>\n\t<meta property=\"og:image:height\" content=\"422\" \/>\n\t<meta property=\"og:image:type\" content=\"image\/jpeg\" \/>\n<meta name=\"author\" content=\"Exaudi Redacci\u00f3n\" \/>\n<meta name=\"twitter:card\" content=\"summary_large_image\" \/>\n<meta name=\"twitter:creator\" content=\"@Exaudi_noticias\" \/>\n<meta name=\"twitter:site\" content=\"@Exaudi_News\" \/>\n<meta name=\"twitter:label1\" content=\"Escrito por\" \/>\n\t<meta name=\"twitter:data1\" content=\"Exaudi Redacci\u00f3n\" \/>\n\t<meta name=\"twitter:label2\" content=\"Tiempo de lectura\" \/>\n\t<meta name=\"twitter:data2\" content=\"2 minutos\" \/>\n<script type=\"application\/ld+json\" class=\"yoast-schema-graph\">{\"@context\":\"https:\\\/\\\/schema.org\",\"@graph\":[{\"@type\":\"Article\",\"@id\":\"https:\\\/\\\/exaudi.org\\\/es\\\/las-montanas-nunca-se-encuentran-pero-la-gente-si-sigamos-adelante\\\/#article\",\"isPartOf\":{\"@id\":\"https:\\\/\\\/exaudi.org\\\/es\\\/las-montanas-nunca-se-encuentran-pero-la-gente-si-sigamos-adelante\\\/\"},\"author\":{\"name\":\"Exaudi Redacci\u00f3n\",\"@id\":\"https:\\\/\\\/exaudi.org\\\/#\\\/schema\\\/person\\\/f5fc8f063065e38742da7afe15f25df7\"},\"headline\":\"\u201cLas monta\u00f1as nunca se encuentran, pero la gente s\u00ed.\u201d Sigamos adelante\",\"datePublished\":\"2022-07-19T06:00:03+00:00\",\"dateModified\":\"2022-07-19T12:14:43+00:00\",\"mainEntityOfPage\":{\"@id\":\"https:\\\/\\\/exaudi.org\\\/es\\\/las-montanas-nunca-se-encuentran-pero-la-gente-si-sigamos-adelante\\\/\"},\"wordCount\":387,\"image\":{\"@id\":\"https:\\\/\\\/exaudi.org\\\/es\\\/las-montanas-nunca-se-encuentran-pero-la-gente-si-sigamos-adelante\\\/#primaryimage\"},\"thumbnailUrl\":\"https:\\\/\\\/exaudi.org\\\/wp-content\\\/uploads\\\/2022\\\/07\\\/PapaFranciscoAudiencia-1.jpeg\",\"keywords\":[\"Africa\",\"papa francisco\",\"Trending\"],\"articleSection\":[\"Eventos especiales\",\"Le\u00f3n XIV\",\"Mensajes\",\"Viajes Papales\"],\"inLanguage\":\"es\"},{\"@type\":\"WebPage\",\"@id\":\"https:\\\/\\\/exaudi.org\\\/es\\\/las-montanas-nunca-se-encuentran-pero-la-gente-si-sigamos-adelante\\\/\",\"url\":\"https:\\\/\\\/exaudi.org\\\/es\\\/las-montanas-nunca-se-encuentran-pero-la-gente-si-sigamos-adelante\\\/\",\"name\":\"\u201cLas monta\u00f1as nunca se encuentran, pero la gente s\u00ed.\u201d Sigamos adelante &#8211; Exaudi\",\"isPartOf\":{\"@id\":\"https:\\\/\\\/exaudi.org\\\/#website\"},\"primaryImageOfPage\":{\"@id\":\"https:\\\/\\\/exaudi.org\\\/es\\\/las-montanas-nunca-se-encuentran-pero-la-gente-si-sigamos-adelante\\\/#primaryimage\"},\"image\":{\"@id\":\"https:\\\/\\\/exaudi.org\\\/es\\\/las-montanas-nunca-se-encuentran-pero-la-gente-si-sigamos-adelante\\\/#primaryimage\"},\"thumbnailUrl\":\"https:\\\/\\\/exaudi.org\\\/wp-content\\\/uploads\\\/2022\\\/07\\\/PapaFranciscoAudiencia-1.jpeg\",\"datePublished\":\"2022-07-19T06:00:03+00:00\",\"dateModified\":\"2022-07-19T12:14:43+00:00\",\"author\":{\"@id\":\"https:\\\/\\\/exaudi.org\\\/#\\\/schema\\\/person\\\/f5fc8f063065e38742da7afe15f25df7\"},\"breadcrumb\":{\"@id\":\"https:\\\/\\\/exaudi.org\\\/es\\\/las-montanas-nunca-se-encuentran-pero-la-gente-si-sigamos-adelante\\\/#breadcrumb\"},\"inLanguage\":\"es\",\"potentialAction\":[{\"@type\":\"ReadAction\",\"target\":[\"https:\\\/\\\/exaudi.org\\\/es\\\/las-montanas-nunca-se-encuentran-pero-la-gente-si-sigamos-adelante\\\/\"]}]},{\"@type\":\"ImageObject\",\"inLanguage\":\"es\",\"@id\":\"https:\\\/\\\/exaudi.org\\\/es\\\/las-montanas-nunca-se-encuentran-pero-la-gente-si-sigamos-adelante\\\/#primaryimage\",\"url\":\"https:\\\/\\\/exaudi.org\\\/wp-content\\\/uploads\\\/2022\\\/07\\\/PapaFranciscoAudiencia-1.jpeg\",\"contentUrl\":\"https:\\\/\\\/exaudi.org\\\/wp-content\\\/uploads\\\/2022\\\/07\\\/PapaFranciscoAudiencia-1.jpeg\",\"width\":750,\"height\":422,\"caption\":\"Vatican News\"},{\"@type\":\"BreadcrumbList\",\"@id\":\"https:\\\/\\\/exaudi.org\\\/es\\\/las-montanas-nunca-se-encuentran-pero-la-gente-si-sigamos-adelante\\\/#breadcrumb\",\"itemListElement\":[{\"@type\":\"ListItem\",\"position\":1,\"name\":\"Portada\",\"item\":\"https:\\\/\\\/exaudi.org\\\/es\\\/\"},{\"@type\":\"ListItem\",\"position\":2,\"name\":\"\u201cLas monta\u00f1as nunca se encuentran, pero la gente s\u00ed.\u201d Sigamos adelante\"}]},{\"@type\":\"WebSite\",\"@id\":\"https:\\\/\\\/exaudi.org\\\/#website\",\"url\":\"https:\\\/\\\/exaudi.org\\\/\",\"name\":\"Exaudi\",\"description\":\"News\",\"potentialAction\":[{\"@type\":\"SearchAction\",\"target\":{\"@type\":\"EntryPoint\",\"urlTemplate\":\"https:\\\/\\\/exaudi.org\\\/?s={search_term_string}\"},\"query-input\":{\"@type\":\"PropertyValueSpecification\",\"valueRequired\":true,\"valueName\":\"search_term_string\"}}],\"inLanguage\":\"es\"},{\"@type\":\"Person\",\"@id\":\"https:\\\/\\\/exaudi.org\\\/#\\\/schema\\\/person\\\/f5fc8f063065e38742da7afe15f25df7\",\"name\":\"Exaudi Redacci\u00f3n\",\"image\":{\"@type\":\"ImageObject\",\"inLanguage\":\"es\",\"@id\":\"https:\\\/\\\/secure.gravatar.com\\\/avatar\\\/fe0f6a059fb68d9b3e11bc5850dd4899b1c7492091a3cb6dd9b01b56ad828be2?s=96&d=mm&r=g\",\"url\":\"https:\\\/\\\/secure.gravatar.com\\\/avatar\\\/fe0f6a059fb68d9b3e11bc5850dd4899b1c7492091a3cb6dd9b01b56ad828be2?s=96&d=mm&r=g\",\"contentUrl\":\"https:\\\/\\\/secure.gravatar.com\\\/avatar\\\/fe0f6a059fb68d9b3e11bc5850dd4899b1c7492091a3cb6dd9b01b56ad828be2?s=96&d=mm&r=g\",\"caption\":\"Exaudi Redacci\u00f3n\"},\"description\":\"\u00bfQu\u00e9 es Exaudi News? Exaudi News es un medio de comunicaci\u00f3n cat\u00f3lico internacional que informa, forma y transforma, diariamente en espa\u00f1ol, ingl\u00e9s e italiano. A trav\u00e9s de noticias, art\u00edculos de an\u00e1lisis y transmisiones en directo de los eventos del Papa, Exaudi busca fortalecer la unidad de los cristianos y contribuir a la evangelizaci\u00f3n del mundo, siempre guiados por la doctrina social de la Iglesia. Trabajamos para acercar la verdad y los valores cristianos a cada rinc\u00f3n del planeta. \u00a1Ay\u00fadanos a transformar el mundo con Exaudi! En Exaudi creemos que la evangelizaci\u00f3n y la informaci\u00f3n de calidad pueden cambiar vidas. Para continuar con nuestra misi\u00f3n y expandir nuestro alcance, necesitamos tu ayuda. Adem\u00e1s, buscamos personas comprometidas que deseen unirse a nuestro equipo. Con tu apoyo, lograremos llegar a m\u00e1s personas, difundir el mensaje de Cristo y reforzar la unidad de los cristianos. \u00bfTe unes a nuestra misi\u00f3n? Para m\u00e1s informaci\u00f3n sobre c\u00f3mo colaborar, visita Exaudi.org\\\/es o cont\u00e1ctanos directamente: info@exaudi.org Exaudi: Informa, forma y transforma.\",\"sameAs\":[\"https:\\\/\\\/www.facebook.com\\\/ExaudiNoticias\\\/\",\"https:\\\/\\\/www.instagram.com\\\/exaudi_noticias\\\/\",\"https:\\\/\\\/x.com\\\/Exaudi_noticias\",\"https:\\\/\\\/www.youtube.com\\\/@exaudicatholicnews\"],\"url\":\"https:\\\/\\\/exaudi.org\\\/es\\\/author\\\/redaccionexaudi\\\/\"}]}<\/script>\n<!-- \/ Yoast SEO plugin. -->","yoast_head_json":{"title":"\u201cLas monta\u00f1as nunca se encuentran, pero la gente s\u00ed.\u201d Sigamos adelante &#8211; Exaudi","robots":{"index":"index","follow":"follow","max-snippet":"max-snippet:-1","max-image-preview":"max-image-preview:large","max-video-preview":"max-video-preview:-1"},"canonical":"https:\/\/exaudi.org\/es\/las-montanas-nunca-se-encuentran-pero-la-gente-si-sigamos-adelante\/","og_locale":"es_ES","og_type":"article","og_title":"\u201cLas monta\u00f1as nunca se encuentran, pero la gente s\u00ed.\u201d Sigamos adelante &#8211; Exaudi","og_description":"Santo Padre Francisco a los participantes del II Congreso Cat\u00f3lico Panafricano","og_url":"https:\/\/exaudi.org\/es\/las-montanas-nunca-se-encuentran-pero-la-gente-si-sigamos-adelante\/","og_site_name":"Exaudi","article_publisher":"https:\/\/www.facebook.com\/ExaudiNews","article_author":"https:\/\/www.facebook.com\/ExaudiNoticias\/","article_published_time":"2022-07-19T06:00:03+00:00","article_modified_time":"2022-07-19T12:14:43+00:00","og_image":[{"width":750,"height":422,"url":"https:\/\/exaudi.org\/wp-content\/uploads\/2022\/07\/PapaFranciscoAudiencia-1.jpeg","type":"image\/jpeg"}],"author":"Exaudi Redacci\u00f3n","twitter_card":"summary_large_image","twitter_creator":"@Exaudi_noticias","twitter_site":"@Exaudi_News","twitter_misc":{"Escrito por":"Exaudi Redacci\u00f3n","Tiempo de lectura":"2 minutos"},"schema":{"@context":"https:\/\/schema.org","@graph":[{"@type":"Article","@id":"https:\/\/exaudi.org\/es\/las-montanas-nunca-se-encuentran-pero-la-gente-si-sigamos-adelante\/#article","isPartOf":{"@id":"https:\/\/exaudi.org\/es\/las-montanas-nunca-se-encuentran-pero-la-gente-si-sigamos-adelante\/"},"author":{"name":"Exaudi Redacci\u00f3n","@id":"https:\/\/exaudi.org\/#\/schema\/person\/f5fc8f063065e38742da7afe15f25df7"},"headline":"\u201cLas monta\u00f1as nunca se encuentran, pero la gente s\u00ed.\u201d Sigamos adelante","datePublished":"2022-07-19T06:00:03+00:00","dateModified":"2022-07-19T12:14:43+00:00","mainEntityOfPage":{"@id":"https:\/\/exaudi.org\/es\/las-montanas-nunca-se-encuentran-pero-la-gente-si-sigamos-adelante\/"},"wordCount":387,"image":{"@id":"https:\/\/exaudi.org\/es\/las-montanas-nunca-se-encuentran-pero-la-gente-si-sigamos-adelante\/#primaryimage"},"thumbnailUrl":"https:\/\/exaudi.org\/wp-content\/uploads\/2022\/07\/PapaFranciscoAudiencia-1.jpeg","keywords":["Africa","papa francisco","Trending"],"articleSection":["Eventos especiales","Le\u00f3n XIV","Mensajes","Viajes Papales"],"inLanguage":"es"},{"@type":"WebPage","@id":"https:\/\/exaudi.org\/es\/las-montanas-nunca-se-encuentran-pero-la-gente-si-sigamos-adelante\/","url":"https:\/\/exaudi.org\/es\/las-montanas-nunca-se-encuentran-pero-la-gente-si-sigamos-adelante\/","name":"\u201cLas monta\u00f1as nunca se encuentran, pero la gente s\u00ed.\u201d Sigamos adelante &#8211; Exaudi","isPartOf":{"@id":"https:\/\/exaudi.org\/#website"},"primaryImageOfPage":{"@id":"https:\/\/exaudi.org\/es\/las-montanas-nunca-se-encuentran-pero-la-gente-si-sigamos-adelante\/#primaryimage"},"image":{"@id":"https:\/\/exaudi.org\/es\/las-montanas-nunca-se-encuentran-pero-la-gente-si-sigamos-adelante\/#primaryimage"},"thumbnailUrl":"https:\/\/exaudi.org\/wp-content\/uploads\/2022\/07\/PapaFranciscoAudiencia-1.jpeg","datePublished":"2022-07-19T06:00:03+00:00","dateModified":"2022-07-19T12:14:43+00:00","author":{"@id":"https:\/\/exaudi.org\/#\/schema\/person\/f5fc8f063065e38742da7afe15f25df7"},"breadcrumb":{"@id":"https:\/\/exaudi.org\/es\/las-montanas-nunca-se-encuentran-pero-la-gente-si-sigamos-adelante\/#breadcrumb"},"inLanguage":"es","potentialAction":[{"@type":"ReadAction","target":["https:\/\/exaudi.org\/es\/las-montanas-nunca-se-encuentran-pero-la-gente-si-sigamos-adelante\/"]}]},{"@type":"ImageObject","inLanguage":"es","@id":"https:\/\/exaudi.org\/es\/las-montanas-nunca-se-encuentran-pero-la-gente-si-sigamos-adelante\/#primaryimage","url":"https:\/\/exaudi.org\/wp-content\/uploads\/2022\/07\/PapaFranciscoAudiencia-1.jpeg","contentUrl":"https:\/\/exaudi.org\/wp-content\/uploads\/2022\/07\/PapaFranciscoAudiencia-1.jpeg","width":750,"height":422,"caption":"Vatican News"},{"@type":"BreadcrumbList","@id":"https:\/\/exaudi.org\/es\/las-montanas-nunca-se-encuentran-pero-la-gente-si-sigamos-adelante\/#breadcrumb","itemListElement":[{"@type":"ListItem","position":1,"name":"Portada","item":"https:\/\/exaudi.org\/es\/"},{"@type":"ListItem","position":2,"name":"\u201cLas monta\u00f1as nunca se encuentran, pero la gente s\u00ed.\u201d Sigamos adelante"}]},{"@type":"WebSite","@id":"https:\/\/exaudi.org\/#website","url":"https:\/\/exaudi.org\/","name":"Exaudi","description":"News","potentialAction":[{"@type":"SearchAction","target":{"@type":"EntryPoint","urlTemplate":"https:\/\/exaudi.org\/?s={search_term_string}"},"query-input":{"@type":"PropertyValueSpecification","valueRequired":true,"valueName":"search_term_string"}}],"inLanguage":"es"},{"@type":"Person","@id":"https:\/\/exaudi.org\/#\/schema\/person\/f5fc8f063065e38742da7afe15f25df7","name":"Exaudi Redacci\u00f3n","image":{"@type":"ImageObject","inLanguage":"es","@id":"https:\/\/secure.gravatar.com\/avatar\/fe0f6a059fb68d9b3e11bc5850dd4899b1c7492091a3cb6dd9b01b56ad828be2?s=96&d=mm&r=g","url":"https:\/\/secure.gravatar.com\/avatar\/fe0f6a059fb68d9b3e11bc5850dd4899b1c7492091a3cb6dd9b01b56ad828be2?s=96&d=mm&r=g","contentUrl":"https:\/\/secure.gravatar.com\/avatar\/fe0f6a059fb68d9b3e11bc5850dd4899b1c7492091a3cb6dd9b01b56ad828be2?s=96&d=mm&r=g","caption":"Exaudi Redacci\u00f3n"},"description":"\u00bfQu\u00e9 es Exaudi News? Exaudi News es un medio de comunicaci\u00f3n cat\u00f3lico internacional que informa, forma y transforma, diariamente en espa\u00f1ol, ingl\u00e9s e italiano. A trav\u00e9s de noticias, art\u00edculos de an\u00e1lisis y transmisiones en directo de los eventos del Papa, Exaudi busca fortalecer la unidad de los cristianos y contribuir a la evangelizaci\u00f3n del mundo, siempre guiados por la doctrina social de la Iglesia. Trabajamos para acercar la verdad y los valores cristianos a cada rinc\u00f3n del planeta. \u00a1Ay\u00fadanos a transformar el mundo con Exaudi! En Exaudi creemos que la evangelizaci\u00f3n y la informaci\u00f3n de calidad pueden cambiar vidas. Para continuar con nuestra misi\u00f3n y expandir nuestro alcance, necesitamos tu ayuda. Adem\u00e1s, buscamos personas comprometidas que deseen unirse a nuestro equipo. Con tu apoyo, lograremos llegar a m\u00e1s personas, difundir el mensaje de Cristo y reforzar la unidad de los cristianos. \u00bfTe unes a nuestra misi\u00f3n? Para m\u00e1s informaci\u00f3n sobre c\u00f3mo colaborar, visita Exaudi.org\/es o cont\u00e1ctanos directamente: info@exaudi.org Exaudi: Informa, forma y transforma.","sameAs":["https:\/\/www.facebook.com\/ExaudiNoticias\/","https:\/\/www.instagram.com\/exaudi_noticias\/","https:\/\/x.com\/Exaudi_noticias","https:\/\/www.youtube.com\/@exaudicatholicnews"],"url":"https:\/\/exaudi.org\/es\/author\/redaccionexaudi\/"}]}},"jetpack_featured_media_url":"https:\/\/exaudi.org\/wp-content\/uploads\/2022\/07\/PapaFranciscoAudiencia-1.jpeg","jetpack_shortlink":"https:\/\/wp.me\/pgKjF2-fvW","_links":{"self":[{"href":"https:\/\/exaudi.org\/es\/wp-json\/wp\/v2\/posts\/59640","targetHints":{"allow":["GET"]}}],"collection":[{"href":"https:\/\/exaudi.org\/es\/wp-json\/wp\/v2\/posts"}],"about":[{"href":"https:\/\/exaudi.org\/es\/wp-json\/wp\/v2\/types\/post"}],"author":[{"embeddable":true,"href":"https:\/\/exaudi.org\/es\/wp-json\/wp\/v2\/users\/15"}],"replies":[{"embeddable":true,"href":"https:\/\/exaudi.org\/es\/wp-json\/wp\/v2\/comments?post=59640"}],"version-history":[{"count":0,"href":"https:\/\/exaudi.org\/es\/wp-json\/wp\/v2\/posts\/59640\/revisions"}],"wp:featuredmedia":[{"embeddable":true,"href":"https:\/\/exaudi.org\/es\/wp-json\/wp\/v2\/media\/59638"}],"wp:attachment":[{"href":"https:\/\/exaudi.org\/es\/wp-json\/wp\/v2\/media?parent=59640"}],"wp:term":[{"taxonomy":"category","embeddable":true,"href":"https:\/\/exaudi.org\/es\/wp-json\/wp\/v2\/categories?post=59640"},{"taxonomy":"post_tag","embeddable":true,"href":"https:\/\/exaudi.org\/es\/wp-json\/wp\/v2\/tags?post=59640"}],"curies":[{"name":"wp","href":"https:\/\/api.w.org\/{rel}","templated":true}]}}