{"id":59355,"date":"2022-07-12T16:41:36","date_gmt":"2022-07-12T14:41:36","guid":{"rendered":"https:\/\/exaudi.org\/?p=59355"},"modified":"2022-07-12T16:41:36","modified_gmt":"2022-07-12T14:41:36","slug":"el-papa-la-cercania-de-los-pastores-a-los-fieles-lleva-el-agua-viva-de-la-esperanza","status":"publish","type":"post","link":"https:\/\/exaudi.org\/es\/el-papa-la-cercania-de-los-pastores-a-los-fieles-lleva-el-agua-viva-de-la-esperanza\/","title":{"rendered":"El Papa: \u201cLa cercan\u00eda de los pastores a los fieles lleva el agua viva de la esperanza\u201d"},"content":{"rendered":"<p>Mensaje dirigido a Su Beatitud Shevchuk,por el Papa Francisco que dirigi\u00f3 a los prelados reunidos en Polonia, reafirmando su cercan\u00eda al pueblo ucraniano, \u201cLa cercan\u00eda de los pastores a los fieles lleva el agua viva de la esperanza\u201d.<\/p>\n<p>***<\/p>\n<h4><strong>Mensaje del Papa<\/strong><\/h4>\n<p style=\"text-align: left\">Al Venerable Hermano\u00a0 Su Beatitud el Arzobispo Mayor de Kyiv-Haly\u0107 Sviatoslav Shevchuk<\/p>\n<p style=\"text-align: left\">\u00a1Alabado sea Jesucristo!<\/p>\n<p>Beatitud,<\/p>\n<p>Queridos hermanos obispos de la Iglesia greco-cat\u00f3lica ucraniana.<\/p>\n<p>Os saludo cordialmente a todos vosotros reunidos en S\u00ednodo en Przemy\u015bl, del 7 al 15 de julio. Este S\u00ednodo, seg\u00fan el plan anterior, deber\u00eda haberse celebrado en Kiev, pero la dram\u00e1tica situaci\u00f3n de la guerra, ya en su quinto mes, no lo permiti\u00f3.<\/p>\n<p>Recientemente, el 27 de junio, la Iglesia greco-cat\u00f3lica ucraniana celebr\u00f3 la memoria lit\u00fargica de los beatos m\u00e1rtires, <a href=\"https:\/\/www.vatican.va\/content\/john-paul-ii\/it\/homilies\/2001\/documents\/hf_jp-ii_hom_20010627_ucraina-beat.html\" target=\"_blank\" rel=\"noopener\">beatificados por San Juan Pablo II<\/a> en Lviv durante su visita a <a href=\"https:\/\/www.vatican.va\/content\/john-paul-ii\/es\/travels\/2001\/travels\/documents\/trav_ukraine-2001.html\" target=\"_blank\" rel=\"noopener\">Ucrania en 2001<\/a>. Pero es en este momento cuando comprendemos mejor las circunstancias en las que vivieron y murieron estos m\u00e1rtires, entre los que se encontraban obispos, sacerdotes, religiosos y religiosas y laicos que fueron v\u00edctimas del r\u00e9gimen comunista sovi\u00e9tico. Hoy protegen desde el cielo a su pueblo que sufre: a su protecci\u00f3n encomiendo a todos los miembros del S\u00ednodo.<\/p>\n<p>Queridos hermanos obispos, me uno espiritualmente a vuestro sufrimiento, asegur\u00e1ndoos mi oraci\u00f3n y mi compromiso, que no pocas veces, a causa de la delicada situaci\u00f3n, no aparece en los medios de comunicaci\u00f3n. El S\u00ednodo de los Obispos, cuyo tema es \u201cSinodalidad y catolicidad: la experiencia de la CGCU\u201d , debe tener como finalidad el bien de la Iglesia y de cada uno de los fieles, y ser tambi\u00e9n un lugar de encuentro y de ayuda mutua en el camino com\u00fan de la vida, en la b\u00fasqueda de nuevos caminos para acompa\u00f1ar a los fieles y estar cerca de ellos. Una vez m\u00e1s, quiero recordar <a href=\"https:\/\/www.vatican.va\/content\/francesco\/es\/speeches\/2019\/july\/documents\/papa-francesco_20190705_sinodo-chiesaucraina.html\" target=\"_blank\" rel=\"noopener\">mis palabras al Arzobispo Mayor y a los Metropolitanos en nuestro encuentro en Roma en julio de 2019<\/a>:<\/p>\n<p>\u201c<em>La cercan\u00eda de los pastores a los fieles es un cauce que se construye d\u00eda a d\u00eda, y que lleva el agua viva de la esperanza. Se construye as\u00ed, encuentro tras encuentro, con los sacerdotes que conocen y se toman al pie de la letra las preocupaciones de la gente, y los fieles que, a trav\u00e9s de la atenci\u00f3n que reciben, asimilan el anuncio del Evangelio que transmiten los pastores. No entienden si los pastores se empe\u00f1an s\u00f3lo en decir Dios; entienden si los primeros se esfuerzan por dar a Dios; entreg\u00e1ndose, permaneciendo cerca, testigos del Dios de la esperanza hecho carne para caminar por los senderos del hombre. Que la Iglesia sea el lugar donde se atrae la esperanza, donde se encuentra siempre la puerta abierta, donde se recibe el consuelo y el aliento<\/em>\u201d (AAS, 7 \/2019\/, 1126-1127).<\/p>\n<p>Que el encuentro de hoy os inspire en la continuaci\u00f3n creativa de la extraordinaria tradici\u00f3n de la fe de los Padres, arraigada y sostenida durante generaciones en el Pueblo de Dios de vuestra naci\u00f3n. Rezo para que vuestra Iglesia y vuestro pueblo, animados por la fuerza de los Sacramentos, manteniendo la mirada fija en el Coraz\u00f3n Inmaculado de Mar\u00eda, no pierdan nunca la esperanza cristiana en tiempos mejores.<\/p>\n<p>A todos los miembros del S\u00ednodo, les imparto mi bendici\u00f3n.<\/p>\n<p>Roma, San Juan de Letr\u00e1n, 30 de junio de 2022.<\/p>\n<p>FRANCISCO<\/p>\n","protected":false},"excerpt":{"rendered":"<p>Carta del Santo Padre Francisco a los obispos del S\u00ednodo de la Iglesia greco-cat\u00f3lica ucraniana<\/p>\n","protected":false},"author":15,"featured_media":59362,"comment_status":"closed","ping_status":"closed","sticky":false,"template":"","format":"standard","meta":{"_acf_changed":false,"_crdt_document":"","inline_featured_image":false,"footnotes":""},"categories":[68,118],"tags":[6140,6540,4953],"class_list":["post-59355","post","type-post","status-publish","format-standard","has-post-thumbnail","hentry","category-leon-xiv","category-mensajes","tag-iglesia-greco-catolica-ucraniana","tag-mensaje-del-papa-francisco","tag-trending-es"],"acf":[],"yoast_head":"<!-- This site is optimized with the Yoast SEO plugin v27.5 - https:\/\/yoast.com\/product\/yoast-seo-wordpress\/ -->\n<title>El Papa: \u201cLa cercan\u00eda de los pastores a los fieles lleva el agua viva de la esperanza\u201d &#8211; Exaudi<\/title>\n<meta name=\"robots\" content=\"index, follow, max-snippet:-1, max-image-preview:large, max-video-preview:-1\" \/>\n<link rel=\"canonical\" href=\"https:\/\/exaudi.org\/es\/el-papa-la-cercania-de-los-pastores-a-los-fieles-lleva-el-agua-viva-de-la-esperanza\/\" \/>\n<meta property=\"og:locale\" content=\"es_ES\" \/>\n<meta property=\"og:type\" content=\"article\" \/>\n<meta property=\"og:title\" content=\"El Papa: \u201cLa cercan\u00eda de los pastores a los fieles lleva el agua viva de la esperanza\u201d &#8211; Exaudi\" \/>\n<meta property=\"og:description\" content=\"Carta del Santo Padre Francisco a los obispos del S\u00ednodo de la Iglesia greco-cat\u00f3lica ucraniana\" \/>\n<meta property=\"og:url\" content=\"https:\/\/exaudi.org\/es\/el-papa-la-cercania-de-los-pastores-a-los-fieles-lleva-el-agua-viva-de-la-esperanza\/\" \/>\n<meta property=\"og:site_name\" content=\"Exaudi\" \/>\n<meta property=\"article:publisher\" content=\"https:\/\/www.facebook.com\/ExaudiNews\" \/>\n<meta property=\"article:author\" content=\"https:\/\/www.facebook.com\/ExaudiNoticias\/\" \/>\n<meta property=\"article:published_time\" content=\"2022-07-12T14:41:36+00:00\" \/>\n<meta property=\"og:image\" content=\"https:\/\/exaudi.org\/wp-content\/uploads\/2022\/07\/Greco-catolico-ucraniano.jpeg\" \/>\n\t<meta property=\"og:image:width\" content=\"1500\" \/>\n\t<meta property=\"og:image:height\" content=\"844\" \/>\n\t<meta property=\"og:image:type\" content=\"image\/jpeg\" \/>\n<meta name=\"author\" content=\"Exaudi Redacci\u00f3n\" \/>\n<meta name=\"twitter:card\" content=\"summary_large_image\" \/>\n<meta name=\"twitter:creator\" content=\"@Exaudi_noticias\" \/>\n<meta name=\"twitter:site\" content=\"@Exaudi_News\" \/>\n<meta name=\"twitter:label1\" content=\"Escrito por\" \/>\n\t<meta name=\"twitter:data1\" content=\"Exaudi Redacci\u00f3n\" \/>\n\t<meta name=\"twitter:label2\" content=\"Tiempo de lectura\" \/>\n\t<meta name=\"twitter:data2\" content=\"3 minutos\" \/>\n<script type=\"application\/ld+json\" class=\"yoast-schema-graph\">{\"@context\":\"https:\\\/\\\/schema.org\",\"@graph\":[{\"@type\":\"Article\",\"@id\":\"https:\\\/\\\/exaudi.org\\\/es\\\/el-papa-la-cercania-de-los-pastores-a-los-fieles-lleva-el-agua-viva-de-la-esperanza\\\/#article\",\"isPartOf\":{\"@id\":\"https:\\\/\\\/exaudi.org\\\/es\\\/el-papa-la-cercania-de-los-pastores-a-los-fieles-lleva-el-agua-viva-de-la-esperanza\\\/\"},\"author\":{\"name\":\"Exaudi Redacci\u00f3n\",\"@id\":\"https:\\\/\\\/exaudi.org\\\/#\\\/schema\\\/person\\\/f5fc8f063065e38742da7afe15f25df7\"},\"headline\":\"El Papa: \u201cLa cercan\u00eda de los pastores a los fieles lleva el agua viva de la esperanza\u201d\",\"datePublished\":\"2022-07-12T14:41:36+00:00\",\"mainEntityOfPage\":{\"@id\":\"https:\\\/\\\/exaudi.org\\\/es\\\/el-papa-la-cercania-de-los-pastores-a-los-fieles-lleva-el-agua-viva-de-la-esperanza\\\/\"},\"wordCount\":601,\"image\":{\"@id\":\"https:\\\/\\\/exaudi.org\\\/es\\\/el-papa-la-cercania-de-los-pastores-a-los-fieles-lleva-el-agua-viva-de-la-esperanza\\\/#primaryimage\"},\"thumbnailUrl\":\"https:\\\/\\\/exaudi.org\\\/wp-content\\\/uploads\\\/2022\\\/07\\\/Greco-catolico-ucraniano.jpeg\",\"keywords\":[\"Iglesia greco-cat\u00f3lica ucraniana\",\"Mensaje del Papa Francisco\",\"Trending\"],\"articleSection\":[\"Le\u00f3n XIV\",\"Mensajes\"],\"inLanguage\":\"es\"},{\"@type\":\"WebPage\",\"@id\":\"https:\\\/\\\/exaudi.org\\\/es\\\/el-papa-la-cercania-de-los-pastores-a-los-fieles-lleva-el-agua-viva-de-la-esperanza\\\/\",\"url\":\"https:\\\/\\\/exaudi.org\\\/es\\\/el-papa-la-cercania-de-los-pastores-a-los-fieles-lleva-el-agua-viva-de-la-esperanza\\\/\",\"name\":\"El Papa: \u201cLa cercan\u00eda de los pastores a los fieles lleva el agua viva de la esperanza\u201d &#8211; Exaudi\",\"isPartOf\":{\"@id\":\"https:\\\/\\\/exaudi.org\\\/#website\"},\"primaryImageOfPage\":{\"@id\":\"https:\\\/\\\/exaudi.org\\\/es\\\/el-papa-la-cercania-de-los-pastores-a-los-fieles-lleva-el-agua-viva-de-la-esperanza\\\/#primaryimage\"},\"image\":{\"@id\":\"https:\\\/\\\/exaudi.org\\\/es\\\/el-papa-la-cercania-de-los-pastores-a-los-fieles-lleva-el-agua-viva-de-la-esperanza\\\/#primaryimage\"},\"thumbnailUrl\":\"https:\\\/\\\/exaudi.org\\\/wp-content\\\/uploads\\\/2022\\\/07\\\/Greco-catolico-ucraniano.jpeg\",\"datePublished\":\"2022-07-12T14:41:36+00:00\",\"author\":{\"@id\":\"https:\\\/\\\/exaudi.org\\\/#\\\/schema\\\/person\\\/f5fc8f063065e38742da7afe15f25df7\"},\"breadcrumb\":{\"@id\":\"https:\\\/\\\/exaudi.org\\\/es\\\/el-papa-la-cercania-de-los-pastores-a-los-fieles-lleva-el-agua-viva-de-la-esperanza\\\/#breadcrumb\"},\"inLanguage\":\"es\",\"potentialAction\":[{\"@type\":\"ReadAction\",\"target\":[\"https:\\\/\\\/exaudi.org\\\/es\\\/el-papa-la-cercania-de-los-pastores-a-los-fieles-lleva-el-agua-viva-de-la-esperanza\\\/\"]}]},{\"@type\":\"ImageObject\",\"inLanguage\":\"es\",\"@id\":\"https:\\\/\\\/exaudi.org\\\/es\\\/el-papa-la-cercania-de-los-pastores-a-los-fieles-lleva-el-agua-viva-de-la-esperanza\\\/#primaryimage\",\"url\":\"https:\\\/\\\/exaudi.org\\\/wp-content\\\/uploads\\\/2022\\\/07\\\/Greco-catolico-ucraniano.jpeg\",\"contentUrl\":\"https:\\\/\\\/exaudi.org\\\/wp-content\\\/uploads\\\/2022\\\/07\\\/Greco-catolico-ucraniano.jpeg\",\"width\":1500,\"height\":844,\"caption\":\"Su Beatitud Svjatoslav Shevchuk, arzobispo mayor de los greco-cat\u00f3licos ucranianos \u00a9 Vatican Media\"},{\"@type\":\"BreadcrumbList\",\"@id\":\"https:\\\/\\\/exaudi.org\\\/es\\\/el-papa-la-cercania-de-los-pastores-a-los-fieles-lleva-el-agua-viva-de-la-esperanza\\\/#breadcrumb\",\"itemListElement\":[{\"@type\":\"ListItem\",\"position\":1,\"name\":\"Portada\",\"item\":\"https:\\\/\\\/exaudi.org\\\/es\\\/\"},{\"@type\":\"ListItem\",\"position\":2,\"name\":\"El Papa: \u201cLa cercan\u00eda de los pastores a los fieles lleva el agua viva de la esperanza\u201d\"}]},{\"@type\":\"WebSite\",\"@id\":\"https:\\\/\\\/exaudi.org\\\/#website\",\"url\":\"https:\\\/\\\/exaudi.org\\\/\",\"name\":\"Exaudi\",\"description\":\"News\",\"potentialAction\":[{\"@type\":\"SearchAction\",\"target\":{\"@type\":\"EntryPoint\",\"urlTemplate\":\"https:\\\/\\\/exaudi.org\\\/?s={search_term_string}\"},\"query-input\":{\"@type\":\"PropertyValueSpecification\",\"valueRequired\":true,\"valueName\":\"search_term_string\"}}],\"inLanguage\":\"es\"},{\"@type\":\"Person\",\"@id\":\"https:\\\/\\\/exaudi.org\\\/#\\\/schema\\\/person\\\/f5fc8f063065e38742da7afe15f25df7\",\"name\":\"Exaudi Redacci\u00f3n\",\"image\":{\"@type\":\"ImageObject\",\"inLanguage\":\"es\",\"@id\":\"https:\\\/\\\/secure.gravatar.com\\\/avatar\\\/fe0f6a059fb68d9b3e11bc5850dd4899b1c7492091a3cb6dd9b01b56ad828be2?s=96&d=mm&r=g\",\"url\":\"https:\\\/\\\/secure.gravatar.com\\\/avatar\\\/fe0f6a059fb68d9b3e11bc5850dd4899b1c7492091a3cb6dd9b01b56ad828be2?s=96&d=mm&r=g\",\"contentUrl\":\"https:\\\/\\\/secure.gravatar.com\\\/avatar\\\/fe0f6a059fb68d9b3e11bc5850dd4899b1c7492091a3cb6dd9b01b56ad828be2?s=96&d=mm&r=g\",\"caption\":\"Exaudi Redacci\u00f3n\"},\"description\":\"\u00bfQu\u00e9 es Exaudi News? Exaudi News es un medio de comunicaci\u00f3n cat\u00f3lico internacional que informa, forma y transforma, diariamente en espa\u00f1ol, ingl\u00e9s e italiano. A trav\u00e9s de noticias, art\u00edculos de an\u00e1lisis y transmisiones en directo de los eventos del Papa, Exaudi busca fortalecer la unidad de los cristianos y contribuir a la evangelizaci\u00f3n del mundo, siempre guiados por la doctrina social de la Iglesia. Trabajamos para acercar la verdad y los valores cristianos a cada rinc\u00f3n del planeta. \u00a1Ay\u00fadanos a transformar el mundo con Exaudi! En Exaudi creemos que la evangelizaci\u00f3n y la informaci\u00f3n de calidad pueden cambiar vidas. Para continuar con nuestra misi\u00f3n y expandir nuestro alcance, necesitamos tu ayuda. Adem\u00e1s, buscamos personas comprometidas que deseen unirse a nuestro equipo. Con tu apoyo, lograremos llegar a m\u00e1s personas, difundir el mensaje de Cristo y reforzar la unidad de los cristianos. \u00bfTe unes a nuestra misi\u00f3n? Para m\u00e1s informaci\u00f3n sobre c\u00f3mo colaborar, visita Exaudi.org\\\/es o cont\u00e1ctanos directamente: info@exaudi.org Exaudi: Informa, forma y transforma.\",\"sameAs\":[\"https:\\\/\\\/www.facebook.com\\\/ExaudiNoticias\\\/\",\"https:\\\/\\\/www.instagram.com\\\/exaudi_noticias\\\/\",\"https:\\\/\\\/x.com\\\/Exaudi_noticias\",\"https:\\\/\\\/www.youtube.com\\\/@exaudicatholicnews\"],\"url\":\"https:\\\/\\\/exaudi.org\\\/es\\\/author\\\/redaccionexaudi\\\/\"}]}<\/script>\n<!-- \/ Yoast SEO plugin. -->","yoast_head_json":{"title":"El Papa: \u201cLa cercan\u00eda de los pastores a los fieles lleva el agua viva de la esperanza\u201d &#8211; Exaudi","robots":{"index":"index","follow":"follow","max-snippet":"max-snippet:-1","max-image-preview":"max-image-preview:large","max-video-preview":"max-video-preview:-1"},"canonical":"https:\/\/exaudi.org\/es\/el-papa-la-cercania-de-los-pastores-a-los-fieles-lleva-el-agua-viva-de-la-esperanza\/","og_locale":"es_ES","og_type":"article","og_title":"El Papa: \u201cLa cercan\u00eda de los pastores a los fieles lleva el agua viva de la esperanza\u201d &#8211; Exaudi","og_description":"Carta del Santo Padre Francisco a los obispos del S\u00ednodo de la Iglesia greco-cat\u00f3lica ucraniana","og_url":"https:\/\/exaudi.org\/es\/el-papa-la-cercania-de-los-pastores-a-los-fieles-lleva-el-agua-viva-de-la-esperanza\/","og_site_name":"Exaudi","article_publisher":"https:\/\/www.facebook.com\/ExaudiNews","article_author":"https:\/\/www.facebook.com\/ExaudiNoticias\/","article_published_time":"2022-07-12T14:41:36+00:00","og_image":[{"width":1500,"height":844,"url":"https:\/\/exaudi.org\/wp-content\/uploads\/2022\/07\/Greco-catolico-ucraniano.jpeg","type":"image\/jpeg"}],"author":"Exaudi Redacci\u00f3n","twitter_card":"summary_large_image","twitter_creator":"@Exaudi_noticias","twitter_site":"@Exaudi_News","twitter_misc":{"Escrito por":"Exaudi Redacci\u00f3n","Tiempo de lectura":"3 minutos"},"schema":{"@context":"https:\/\/schema.org","@graph":[{"@type":"Article","@id":"https:\/\/exaudi.org\/es\/el-papa-la-cercania-de-los-pastores-a-los-fieles-lleva-el-agua-viva-de-la-esperanza\/#article","isPartOf":{"@id":"https:\/\/exaudi.org\/es\/el-papa-la-cercania-de-los-pastores-a-los-fieles-lleva-el-agua-viva-de-la-esperanza\/"},"author":{"name":"Exaudi Redacci\u00f3n","@id":"https:\/\/exaudi.org\/#\/schema\/person\/f5fc8f063065e38742da7afe15f25df7"},"headline":"El Papa: \u201cLa cercan\u00eda de los pastores a los fieles lleva el agua viva de la esperanza\u201d","datePublished":"2022-07-12T14:41:36+00:00","mainEntityOfPage":{"@id":"https:\/\/exaudi.org\/es\/el-papa-la-cercania-de-los-pastores-a-los-fieles-lleva-el-agua-viva-de-la-esperanza\/"},"wordCount":601,"image":{"@id":"https:\/\/exaudi.org\/es\/el-papa-la-cercania-de-los-pastores-a-los-fieles-lleva-el-agua-viva-de-la-esperanza\/#primaryimage"},"thumbnailUrl":"https:\/\/exaudi.org\/wp-content\/uploads\/2022\/07\/Greco-catolico-ucraniano.jpeg","keywords":["Iglesia greco-cat\u00f3lica ucraniana","Mensaje del Papa Francisco","Trending"],"articleSection":["Le\u00f3n XIV","Mensajes"],"inLanguage":"es"},{"@type":"WebPage","@id":"https:\/\/exaudi.org\/es\/el-papa-la-cercania-de-los-pastores-a-los-fieles-lleva-el-agua-viva-de-la-esperanza\/","url":"https:\/\/exaudi.org\/es\/el-papa-la-cercania-de-los-pastores-a-los-fieles-lleva-el-agua-viva-de-la-esperanza\/","name":"El Papa: \u201cLa cercan\u00eda de los pastores a los fieles lleva el agua viva de la esperanza\u201d &#8211; Exaudi","isPartOf":{"@id":"https:\/\/exaudi.org\/#website"},"primaryImageOfPage":{"@id":"https:\/\/exaudi.org\/es\/el-papa-la-cercania-de-los-pastores-a-los-fieles-lleva-el-agua-viva-de-la-esperanza\/#primaryimage"},"image":{"@id":"https:\/\/exaudi.org\/es\/el-papa-la-cercania-de-los-pastores-a-los-fieles-lleva-el-agua-viva-de-la-esperanza\/#primaryimage"},"thumbnailUrl":"https:\/\/exaudi.org\/wp-content\/uploads\/2022\/07\/Greco-catolico-ucraniano.jpeg","datePublished":"2022-07-12T14:41:36+00:00","author":{"@id":"https:\/\/exaudi.org\/#\/schema\/person\/f5fc8f063065e38742da7afe15f25df7"},"breadcrumb":{"@id":"https:\/\/exaudi.org\/es\/el-papa-la-cercania-de-los-pastores-a-los-fieles-lleva-el-agua-viva-de-la-esperanza\/#breadcrumb"},"inLanguage":"es","potentialAction":[{"@type":"ReadAction","target":["https:\/\/exaudi.org\/es\/el-papa-la-cercania-de-los-pastores-a-los-fieles-lleva-el-agua-viva-de-la-esperanza\/"]}]},{"@type":"ImageObject","inLanguage":"es","@id":"https:\/\/exaudi.org\/es\/el-papa-la-cercania-de-los-pastores-a-los-fieles-lleva-el-agua-viva-de-la-esperanza\/#primaryimage","url":"https:\/\/exaudi.org\/wp-content\/uploads\/2022\/07\/Greco-catolico-ucraniano.jpeg","contentUrl":"https:\/\/exaudi.org\/wp-content\/uploads\/2022\/07\/Greco-catolico-ucraniano.jpeg","width":1500,"height":844,"caption":"Su Beatitud Svjatoslav Shevchuk, arzobispo mayor de los greco-cat\u00f3licos ucranianos \u00a9 Vatican Media"},{"@type":"BreadcrumbList","@id":"https:\/\/exaudi.org\/es\/el-papa-la-cercania-de-los-pastores-a-los-fieles-lleva-el-agua-viva-de-la-esperanza\/#breadcrumb","itemListElement":[{"@type":"ListItem","position":1,"name":"Portada","item":"https:\/\/exaudi.org\/es\/"},{"@type":"ListItem","position":2,"name":"El Papa: \u201cLa cercan\u00eda de los pastores a los fieles lleva el agua viva de la esperanza\u201d"}]},{"@type":"WebSite","@id":"https:\/\/exaudi.org\/#website","url":"https:\/\/exaudi.org\/","name":"Exaudi","description":"News","potentialAction":[{"@type":"SearchAction","target":{"@type":"EntryPoint","urlTemplate":"https:\/\/exaudi.org\/?s={search_term_string}"},"query-input":{"@type":"PropertyValueSpecification","valueRequired":true,"valueName":"search_term_string"}}],"inLanguage":"es"},{"@type":"Person","@id":"https:\/\/exaudi.org\/#\/schema\/person\/f5fc8f063065e38742da7afe15f25df7","name":"Exaudi Redacci\u00f3n","image":{"@type":"ImageObject","inLanguage":"es","@id":"https:\/\/secure.gravatar.com\/avatar\/fe0f6a059fb68d9b3e11bc5850dd4899b1c7492091a3cb6dd9b01b56ad828be2?s=96&d=mm&r=g","url":"https:\/\/secure.gravatar.com\/avatar\/fe0f6a059fb68d9b3e11bc5850dd4899b1c7492091a3cb6dd9b01b56ad828be2?s=96&d=mm&r=g","contentUrl":"https:\/\/secure.gravatar.com\/avatar\/fe0f6a059fb68d9b3e11bc5850dd4899b1c7492091a3cb6dd9b01b56ad828be2?s=96&d=mm&r=g","caption":"Exaudi Redacci\u00f3n"},"description":"\u00bfQu\u00e9 es Exaudi News? Exaudi News es un medio de comunicaci\u00f3n cat\u00f3lico internacional que informa, forma y transforma, diariamente en espa\u00f1ol, ingl\u00e9s e italiano. A trav\u00e9s de noticias, art\u00edculos de an\u00e1lisis y transmisiones en directo de los eventos del Papa, Exaudi busca fortalecer la unidad de los cristianos y contribuir a la evangelizaci\u00f3n del mundo, siempre guiados por la doctrina social de la Iglesia. Trabajamos para acercar la verdad y los valores cristianos a cada rinc\u00f3n del planeta. \u00a1Ay\u00fadanos a transformar el mundo con Exaudi! En Exaudi creemos que la evangelizaci\u00f3n y la informaci\u00f3n de calidad pueden cambiar vidas. Para continuar con nuestra misi\u00f3n y expandir nuestro alcance, necesitamos tu ayuda. Adem\u00e1s, buscamos personas comprometidas que deseen unirse a nuestro equipo. Con tu apoyo, lograremos llegar a m\u00e1s personas, difundir el mensaje de Cristo y reforzar la unidad de los cristianos. \u00bfTe unes a nuestra misi\u00f3n? Para m\u00e1s informaci\u00f3n sobre c\u00f3mo colaborar, visita Exaudi.org\/es o cont\u00e1ctanos directamente: info@exaudi.org Exaudi: Informa, forma y transforma.","sameAs":["https:\/\/www.facebook.com\/ExaudiNoticias\/","https:\/\/www.instagram.com\/exaudi_noticias\/","https:\/\/x.com\/Exaudi_noticias","https:\/\/www.youtube.com\/@exaudicatholicnews"],"url":"https:\/\/exaudi.org\/es\/author\/redaccionexaudi\/"}]}},"jetpack_featured_media_url":"https:\/\/exaudi.org\/wp-content\/uploads\/2022\/07\/Greco-catolico-ucraniano.jpeg","jetpack_shortlink":"https:\/\/wp.me\/pgKjF2-frl","_links":{"self":[{"href":"https:\/\/exaudi.org\/es\/wp-json\/wp\/v2\/posts\/59355","targetHints":{"allow":["GET"]}}],"collection":[{"href":"https:\/\/exaudi.org\/es\/wp-json\/wp\/v2\/posts"}],"about":[{"href":"https:\/\/exaudi.org\/es\/wp-json\/wp\/v2\/types\/post"}],"author":[{"embeddable":true,"href":"https:\/\/exaudi.org\/es\/wp-json\/wp\/v2\/users\/15"}],"replies":[{"embeddable":true,"href":"https:\/\/exaudi.org\/es\/wp-json\/wp\/v2\/comments?post=59355"}],"version-history":[{"count":0,"href":"https:\/\/exaudi.org\/es\/wp-json\/wp\/v2\/posts\/59355\/revisions"}],"wp:featuredmedia":[{"embeddable":true,"href":"https:\/\/exaudi.org\/es\/wp-json\/wp\/v2\/media\/59362"}],"wp:attachment":[{"href":"https:\/\/exaudi.org\/es\/wp-json\/wp\/v2\/media?parent=59355"}],"wp:term":[{"taxonomy":"category","embeddable":true,"href":"https:\/\/exaudi.org\/es\/wp-json\/wp\/v2\/categories?post=59355"},{"taxonomy":"post_tag","embeddable":true,"href":"https:\/\/exaudi.org\/es\/wp-json\/wp\/v2\/tags?post=59355"}],"curies":[{"name":"wp","href":"https:\/\/api.w.org\/{rel}","templated":true}]}}