{"id":59218,"date":"2022-07-08T15:56:20","date_gmt":"2022-07-08T13:56:20","guid":{"rendered":"https:\/\/exaudi.org\/?p=59218"},"modified":"2022-07-08T16:35:26","modified_gmt":"2022-07-08T14:35:26","slug":"el-papa-la-tolerancia-0-a-abusos-en-la-iglesia-un-camino-irreversible","status":"publish","type":"post","link":"https:\/\/exaudi.org\/es\/el-papa-la-tolerancia-0-a-abusos-en-la-iglesia-un-camino-irreversible\/","title":{"rendered":"El Papa: La tolerancia 0 a abusos en la Iglesia, un camino irreversible"},"content":{"rendered":"<p>Con respecto al tema de los abusos sexuales, el Papa Francisco ha afirmado: \u201cLa Iglesia comenz\u00f3 la tolerancia 0 lentamente, y ha avanzado. En este sentido, creo que la direcci\u00f3n tomada es irreversible. Es irreversible. Hoy es un tema que no se puede discutir\u201d.<\/p>\n<p>Junto a estas declaraciones, en la reciente entrevista concedida a la agencia Reuters, el Santo Padre admiti\u00f3 que puede existir cierta resistencia en algunas iglesias locales a la hora de aplicar las medidas contra los abusos, \u201cpero cada vez hay m\u00e1s conciencia de que este es el camino\u201d.<\/p>\n<p>En este sentido, Francisco record\u00f3 la divisi\u00f3n del Dicasterio para la Doctrina de la Fe en dos secciones, dedicando una de ellas a los juicios por abusos, e indic\u00f3: \u201cLas cosas van bien\u201d.<\/p>\n<p>Por otro lado, en el intercambio, el Papa describi\u00f3 que, si bien las estad\u00edsticas indican que solo un peque\u00f1o porcentaje de sacerdotes son responsables de abusos en comparaci\u00f3n con los delitos de este tipo en la poblaci\u00f3n general y la mayor\u00eda de los abusos se producen en el contexto familiar, incluso uno solo de ellos dentro de la Iglesia es vergonzoso.<\/p>\n<h2><strong>\u201cTenemos que luchar contra todos los casos\u201d<\/strong><\/h2>\n<p>\u201cTenemos que luchar contra todos los casos\u201d, remarc\u00f3. \u201cComo sacerdote, tengo que ayudar a las personas a crecer y salvarlas. Si abuso, los mato. Esto es terrible. Tolerancia 0\u201d, a\u00f1adi\u00f3.<\/p>\n<p>En 2014, un a\u00f1o despu\u00e9s de su elecci\u00f3n, el Pont\u00edfice cre\u00f3 la <a href=\"https:\/\/www.tutelaminorum.org\/es\/\" target=\"_blank\" rel=\"noopener\">Comisi\u00f3n Pontificia para la Protecci\u00f3n de Menores<\/a> con el fin de promover mejores pr\u00e1cticas y una cultura que garantice la protecci\u00f3n en las comunidades cat\u00f3licas de todo el mundo.\u00a0 Respecto a ello, durante la entrevista, el Obispo de Roma expuso: \u201cApoyo totalmente a la comisi\u00f3n\u201d.<\/p>\n<p>Asimismo, el Sucesor de Pedro alab\u00f3 a su presidente, el <a href=\"https:\/\/exaudi.org\/es\/cardenal-omalley-habla-de-la-dimension-mundial-de-los-abusos\/\" target=\"_blank\" rel=\"noopener\">cardenal estadounidense Sean O&#8217;Malley<\/a>, y a su secretario, el sacerdote brit\u00e1nico Andrew Small, defini\u00e9ndolos como \u201cvalientes\u201d.<\/p>\n","protected":false},"excerpt":{"rendered":"<p>\u201cTenemos que luchar contra todos los casos\u201d<\/p>\n","protected":false},"author":15,"featured_media":59219,"comment_status":"closed","ping_status":"closed","sticky":false,"template":"","format":"standard","meta":{"_acf_changed":false,"_crdt_document":"","inline_featured_image":false,"footnotes":""},"categories":[68],"tags":[2677,2419,158],"class_list":["post-59218","post","type-post","status-publish","format-standard","has-post-thumbnail","hentry","category-leon-xiv","tag-abusos","tag-featured","tag-papa-francisco"],"acf":[],"yoast_head":"<!-- This site is optimized with the Yoast SEO plugin v27.5 - https:\/\/yoast.com\/product\/yoast-seo-wordpress\/ -->\n<title>El Papa: La tolerancia 0 a abusos en la Iglesia, un camino irreversible &#8211; Exaudi<\/title>\n<meta name=\"description\" content=\"El Papa Francisco afirma que la tolerancia 0 a abusos en la Iglesia es un camino irreversible: \u201cTenemos que luchar contra todos los casos\u201d\" \/>\n<meta name=\"robots\" content=\"index, follow, max-snippet:-1, max-image-preview:large, max-video-preview:-1\" \/>\n<link rel=\"canonical\" href=\"https:\/\/exaudi.org\/es\/el-papa-la-tolerancia-0-a-abusos-en-la-iglesia-un-camino-irreversible\/\" \/>\n<meta property=\"og:locale\" content=\"es_ES\" \/>\n<meta property=\"og:type\" content=\"article\" \/>\n<meta property=\"og:title\" content=\"El Papa: La tolerancia 0 a abusos en la Iglesia, un camino irreversible &#8211; Exaudi\" \/>\n<meta property=\"og:description\" content=\"El Papa Francisco afirma que la tolerancia 0 a abusos en la Iglesia es un camino irreversible: \u201cTenemos que luchar contra todos los casos\u201d\" \/>\n<meta property=\"og:url\" content=\"https:\/\/exaudi.org\/es\/el-papa-la-tolerancia-0-a-abusos-en-la-iglesia-un-camino-irreversible\/\" \/>\n<meta property=\"og:site_name\" content=\"Exaudi\" \/>\n<meta property=\"article:publisher\" content=\"https:\/\/www.facebook.com\/ExaudiNews\" \/>\n<meta property=\"article:author\" content=\"https:\/\/www.facebook.com\/ExaudiNoticias\/\" \/>\n<meta property=\"article:published_time\" content=\"2022-07-08T13:56:20+00:00\" \/>\n<meta property=\"article:modified_time\" content=\"2022-07-08T14:35:26+00:00\" \/>\n<meta property=\"og:image\" content=\"https:\/\/exaudi.org\/wp-content\/uploads\/2022\/07\/Papa-Francisco-2.jpeg\" \/>\n\t<meta property=\"og:image:width\" content=\"1500\" \/>\n\t<meta property=\"og:image:height\" content=\"844\" \/>\n\t<meta property=\"og:image:type\" content=\"image\/jpeg\" \/>\n<meta name=\"author\" content=\"Exaudi Redacci\u00f3n\" \/>\n<meta name=\"twitter:card\" content=\"summary_large_image\" \/>\n<meta name=\"twitter:creator\" content=\"@Exaudi_noticias\" \/>\n<meta name=\"twitter:site\" content=\"@Exaudi_News\" \/>\n<meta name=\"twitter:label1\" content=\"Escrito por\" \/>\n\t<meta name=\"twitter:data1\" content=\"Exaudi Redacci\u00f3n\" \/>\n\t<meta name=\"twitter:label2\" content=\"Tiempo de lectura\" \/>\n\t<meta name=\"twitter:data2\" content=\"2 minutos\" \/>\n<script type=\"application\/ld+json\" class=\"yoast-schema-graph\">{\"@context\":\"https:\\\/\\\/schema.org\",\"@graph\":[{\"@type\":\"Article\",\"@id\":\"https:\\\/\\\/exaudi.org\\\/es\\\/el-papa-la-tolerancia-0-a-abusos-en-la-iglesia-un-camino-irreversible\\\/#article\",\"isPartOf\":{\"@id\":\"https:\\\/\\\/exaudi.org\\\/es\\\/el-papa-la-tolerancia-0-a-abusos-en-la-iglesia-un-camino-irreversible\\\/\"},\"author\":{\"name\":\"Exaudi Redacci\u00f3n\",\"@id\":\"https:\\\/\\\/exaudi.org\\\/#\\\/schema\\\/person\\\/f5fc8f063065e38742da7afe15f25df7\"},\"headline\":\"El Papa: La tolerancia 0 a abusos en la Iglesia, un camino irreversible\",\"datePublished\":\"2022-07-08T13:56:20+00:00\",\"dateModified\":\"2022-07-08T14:35:26+00:00\",\"mainEntityOfPage\":{\"@id\":\"https:\\\/\\\/exaudi.org\\\/es\\\/el-papa-la-tolerancia-0-a-abusos-en-la-iglesia-un-camino-irreversible\\\/\"},\"wordCount\":337,\"image\":{\"@id\":\"https:\\\/\\\/exaudi.org\\\/es\\\/el-papa-la-tolerancia-0-a-abusos-en-la-iglesia-un-camino-irreversible\\\/#primaryimage\"},\"thumbnailUrl\":\"https:\\\/\\\/exaudi.org\\\/wp-content\\\/uploads\\\/2022\\\/07\\\/Papa-Francisco-2.jpeg\",\"keywords\":[\"Abusos\",\"Featured\",\"papa francisco\"],\"articleSection\":[\"Le\u00f3n XIV\"],\"inLanguage\":\"es\"},{\"@type\":\"WebPage\",\"@id\":\"https:\\\/\\\/exaudi.org\\\/es\\\/el-papa-la-tolerancia-0-a-abusos-en-la-iglesia-un-camino-irreversible\\\/\",\"url\":\"https:\\\/\\\/exaudi.org\\\/es\\\/el-papa-la-tolerancia-0-a-abusos-en-la-iglesia-un-camino-irreversible\\\/\",\"name\":\"El Papa: La tolerancia 0 a abusos en la Iglesia, un camino irreversible &#8211; Exaudi\",\"isPartOf\":{\"@id\":\"https:\\\/\\\/exaudi.org\\\/#website\"},\"primaryImageOfPage\":{\"@id\":\"https:\\\/\\\/exaudi.org\\\/es\\\/el-papa-la-tolerancia-0-a-abusos-en-la-iglesia-un-camino-irreversible\\\/#primaryimage\"},\"image\":{\"@id\":\"https:\\\/\\\/exaudi.org\\\/es\\\/el-papa-la-tolerancia-0-a-abusos-en-la-iglesia-un-camino-irreversible\\\/#primaryimage\"},\"thumbnailUrl\":\"https:\\\/\\\/exaudi.org\\\/wp-content\\\/uploads\\\/2022\\\/07\\\/Papa-Francisco-2.jpeg\",\"datePublished\":\"2022-07-08T13:56:20+00:00\",\"dateModified\":\"2022-07-08T14:35:26+00:00\",\"author\":{\"@id\":\"https:\\\/\\\/exaudi.org\\\/#\\\/schema\\\/person\\\/f5fc8f063065e38742da7afe15f25df7\"},\"description\":\"El Papa Francisco afirma que la tolerancia 0 a abusos en la Iglesia es un camino irreversible: \u201cTenemos que luchar contra todos los casos\u201d\",\"breadcrumb\":{\"@id\":\"https:\\\/\\\/exaudi.org\\\/es\\\/el-papa-la-tolerancia-0-a-abusos-en-la-iglesia-un-camino-irreversible\\\/#breadcrumb\"},\"inLanguage\":\"es\",\"potentialAction\":[{\"@type\":\"ReadAction\",\"target\":[\"https:\\\/\\\/exaudi.org\\\/es\\\/el-papa-la-tolerancia-0-a-abusos-en-la-iglesia-un-camino-irreversible\\\/\"]}]},{\"@type\":\"ImageObject\",\"inLanguage\":\"es\",\"@id\":\"https:\\\/\\\/exaudi.org\\\/es\\\/el-papa-la-tolerancia-0-a-abusos-en-la-iglesia-un-camino-irreversible\\\/#primaryimage\",\"url\":\"https:\\\/\\\/exaudi.org\\\/wp-content\\\/uploads\\\/2022\\\/07\\\/Papa-Francisco-2.jpeg\",\"contentUrl\":\"https:\\\/\\\/exaudi.org\\\/wp-content\\\/uploads\\\/2022\\\/07\\\/Papa-Francisco-2.jpeg\",\"width\":1500,\"height\":844,\"caption\":\"Papa Francisco \u00a9 Vatican Media\"},{\"@type\":\"BreadcrumbList\",\"@id\":\"https:\\\/\\\/exaudi.org\\\/es\\\/el-papa-la-tolerancia-0-a-abusos-en-la-iglesia-un-camino-irreversible\\\/#breadcrumb\",\"itemListElement\":[{\"@type\":\"ListItem\",\"position\":1,\"name\":\"Portada\",\"item\":\"https:\\\/\\\/exaudi.org\\\/es\\\/\"},{\"@type\":\"ListItem\",\"position\":2,\"name\":\"El Papa: La tolerancia 0 a abusos en la Iglesia, un camino irreversible\"}]},{\"@type\":\"WebSite\",\"@id\":\"https:\\\/\\\/exaudi.org\\\/#website\",\"url\":\"https:\\\/\\\/exaudi.org\\\/\",\"name\":\"Exaudi\",\"description\":\"News\",\"potentialAction\":[{\"@type\":\"SearchAction\",\"target\":{\"@type\":\"EntryPoint\",\"urlTemplate\":\"https:\\\/\\\/exaudi.org\\\/?s={search_term_string}\"},\"query-input\":{\"@type\":\"PropertyValueSpecification\",\"valueRequired\":true,\"valueName\":\"search_term_string\"}}],\"inLanguage\":\"es\"},{\"@type\":\"Person\",\"@id\":\"https:\\\/\\\/exaudi.org\\\/#\\\/schema\\\/person\\\/f5fc8f063065e38742da7afe15f25df7\",\"name\":\"Exaudi Redacci\u00f3n\",\"image\":{\"@type\":\"ImageObject\",\"inLanguage\":\"es\",\"@id\":\"https:\\\/\\\/secure.gravatar.com\\\/avatar\\\/fe0f6a059fb68d9b3e11bc5850dd4899b1c7492091a3cb6dd9b01b56ad828be2?s=96&d=mm&r=g\",\"url\":\"https:\\\/\\\/secure.gravatar.com\\\/avatar\\\/fe0f6a059fb68d9b3e11bc5850dd4899b1c7492091a3cb6dd9b01b56ad828be2?s=96&d=mm&r=g\",\"contentUrl\":\"https:\\\/\\\/secure.gravatar.com\\\/avatar\\\/fe0f6a059fb68d9b3e11bc5850dd4899b1c7492091a3cb6dd9b01b56ad828be2?s=96&d=mm&r=g\",\"caption\":\"Exaudi Redacci\u00f3n\"},\"description\":\"\u00bfQu\u00e9 es Exaudi News? Exaudi News es un medio de comunicaci\u00f3n cat\u00f3lico internacional que informa, forma y transforma, diariamente en espa\u00f1ol, ingl\u00e9s e italiano. A trav\u00e9s de noticias, art\u00edculos de an\u00e1lisis y transmisiones en directo de los eventos del Papa, Exaudi busca fortalecer la unidad de los cristianos y contribuir a la evangelizaci\u00f3n del mundo, siempre guiados por la doctrina social de la Iglesia. Trabajamos para acercar la verdad y los valores cristianos a cada rinc\u00f3n del planeta. \u00a1Ay\u00fadanos a transformar el mundo con Exaudi! En Exaudi creemos que la evangelizaci\u00f3n y la informaci\u00f3n de calidad pueden cambiar vidas. Para continuar con nuestra misi\u00f3n y expandir nuestro alcance, necesitamos tu ayuda. Adem\u00e1s, buscamos personas comprometidas que deseen unirse a nuestro equipo. Con tu apoyo, lograremos llegar a m\u00e1s personas, difundir el mensaje de Cristo y reforzar la unidad de los cristianos. \u00bfTe unes a nuestra misi\u00f3n? Para m\u00e1s informaci\u00f3n sobre c\u00f3mo colaborar, visita Exaudi.org\\\/es o cont\u00e1ctanos directamente: info@exaudi.org Exaudi: Informa, forma y transforma.\",\"sameAs\":[\"https:\\\/\\\/www.facebook.com\\\/ExaudiNoticias\\\/\",\"https:\\\/\\\/www.instagram.com\\\/exaudi_noticias\\\/\",\"https:\\\/\\\/x.com\\\/Exaudi_noticias\",\"https:\\\/\\\/www.youtube.com\\\/@exaudicatholicnews\"],\"url\":\"https:\\\/\\\/exaudi.org\\\/es\\\/author\\\/redaccionexaudi\\\/\"}]}<\/script>\n<!-- \/ Yoast SEO plugin. -->","yoast_head_json":{"title":"El Papa: La tolerancia 0 a abusos en la Iglesia, un camino irreversible &#8211; Exaudi","description":"El Papa Francisco afirma que la tolerancia 0 a abusos en la Iglesia es un camino irreversible: \u201cTenemos que luchar contra todos los casos\u201d","robots":{"index":"index","follow":"follow","max-snippet":"max-snippet:-1","max-image-preview":"max-image-preview:large","max-video-preview":"max-video-preview:-1"},"canonical":"https:\/\/exaudi.org\/es\/el-papa-la-tolerancia-0-a-abusos-en-la-iglesia-un-camino-irreversible\/","og_locale":"es_ES","og_type":"article","og_title":"El Papa: La tolerancia 0 a abusos en la Iglesia, un camino irreversible &#8211; Exaudi","og_description":"El Papa Francisco afirma que la tolerancia 0 a abusos en la Iglesia es un camino irreversible: \u201cTenemos que luchar contra todos los casos\u201d","og_url":"https:\/\/exaudi.org\/es\/el-papa-la-tolerancia-0-a-abusos-en-la-iglesia-un-camino-irreversible\/","og_site_name":"Exaudi","article_publisher":"https:\/\/www.facebook.com\/ExaudiNews","article_author":"https:\/\/www.facebook.com\/ExaudiNoticias\/","article_published_time":"2022-07-08T13:56:20+00:00","article_modified_time":"2022-07-08T14:35:26+00:00","og_image":[{"width":1500,"height":844,"url":"https:\/\/exaudi.org\/wp-content\/uploads\/2022\/07\/Papa-Francisco-2.jpeg","type":"image\/jpeg"}],"author":"Exaudi Redacci\u00f3n","twitter_card":"summary_large_image","twitter_creator":"@Exaudi_noticias","twitter_site":"@Exaudi_News","twitter_misc":{"Escrito por":"Exaudi Redacci\u00f3n","Tiempo de lectura":"2 minutos"},"schema":{"@context":"https:\/\/schema.org","@graph":[{"@type":"Article","@id":"https:\/\/exaudi.org\/es\/el-papa-la-tolerancia-0-a-abusos-en-la-iglesia-un-camino-irreversible\/#article","isPartOf":{"@id":"https:\/\/exaudi.org\/es\/el-papa-la-tolerancia-0-a-abusos-en-la-iglesia-un-camino-irreversible\/"},"author":{"name":"Exaudi Redacci\u00f3n","@id":"https:\/\/exaudi.org\/#\/schema\/person\/f5fc8f063065e38742da7afe15f25df7"},"headline":"El Papa: La tolerancia 0 a abusos en la Iglesia, un camino irreversible","datePublished":"2022-07-08T13:56:20+00:00","dateModified":"2022-07-08T14:35:26+00:00","mainEntityOfPage":{"@id":"https:\/\/exaudi.org\/es\/el-papa-la-tolerancia-0-a-abusos-en-la-iglesia-un-camino-irreversible\/"},"wordCount":337,"image":{"@id":"https:\/\/exaudi.org\/es\/el-papa-la-tolerancia-0-a-abusos-en-la-iglesia-un-camino-irreversible\/#primaryimage"},"thumbnailUrl":"https:\/\/exaudi.org\/wp-content\/uploads\/2022\/07\/Papa-Francisco-2.jpeg","keywords":["Abusos","Featured","papa francisco"],"articleSection":["Le\u00f3n XIV"],"inLanguage":"es"},{"@type":"WebPage","@id":"https:\/\/exaudi.org\/es\/el-papa-la-tolerancia-0-a-abusos-en-la-iglesia-un-camino-irreversible\/","url":"https:\/\/exaudi.org\/es\/el-papa-la-tolerancia-0-a-abusos-en-la-iglesia-un-camino-irreversible\/","name":"El Papa: La tolerancia 0 a abusos en la Iglesia, un camino irreversible &#8211; Exaudi","isPartOf":{"@id":"https:\/\/exaudi.org\/#website"},"primaryImageOfPage":{"@id":"https:\/\/exaudi.org\/es\/el-papa-la-tolerancia-0-a-abusos-en-la-iglesia-un-camino-irreversible\/#primaryimage"},"image":{"@id":"https:\/\/exaudi.org\/es\/el-papa-la-tolerancia-0-a-abusos-en-la-iglesia-un-camino-irreversible\/#primaryimage"},"thumbnailUrl":"https:\/\/exaudi.org\/wp-content\/uploads\/2022\/07\/Papa-Francisco-2.jpeg","datePublished":"2022-07-08T13:56:20+00:00","dateModified":"2022-07-08T14:35:26+00:00","author":{"@id":"https:\/\/exaudi.org\/#\/schema\/person\/f5fc8f063065e38742da7afe15f25df7"},"description":"El Papa Francisco afirma que la tolerancia 0 a abusos en la Iglesia es un camino irreversible: \u201cTenemos que luchar contra todos los casos\u201d","breadcrumb":{"@id":"https:\/\/exaudi.org\/es\/el-papa-la-tolerancia-0-a-abusos-en-la-iglesia-un-camino-irreversible\/#breadcrumb"},"inLanguage":"es","potentialAction":[{"@type":"ReadAction","target":["https:\/\/exaudi.org\/es\/el-papa-la-tolerancia-0-a-abusos-en-la-iglesia-un-camino-irreversible\/"]}]},{"@type":"ImageObject","inLanguage":"es","@id":"https:\/\/exaudi.org\/es\/el-papa-la-tolerancia-0-a-abusos-en-la-iglesia-un-camino-irreversible\/#primaryimage","url":"https:\/\/exaudi.org\/wp-content\/uploads\/2022\/07\/Papa-Francisco-2.jpeg","contentUrl":"https:\/\/exaudi.org\/wp-content\/uploads\/2022\/07\/Papa-Francisco-2.jpeg","width":1500,"height":844,"caption":"Papa Francisco \u00a9 Vatican Media"},{"@type":"BreadcrumbList","@id":"https:\/\/exaudi.org\/es\/el-papa-la-tolerancia-0-a-abusos-en-la-iglesia-un-camino-irreversible\/#breadcrumb","itemListElement":[{"@type":"ListItem","position":1,"name":"Portada","item":"https:\/\/exaudi.org\/es\/"},{"@type":"ListItem","position":2,"name":"El Papa: La tolerancia 0 a abusos en la Iglesia, un camino irreversible"}]},{"@type":"WebSite","@id":"https:\/\/exaudi.org\/#website","url":"https:\/\/exaudi.org\/","name":"Exaudi","description":"News","potentialAction":[{"@type":"SearchAction","target":{"@type":"EntryPoint","urlTemplate":"https:\/\/exaudi.org\/?s={search_term_string}"},"query-input":{"@type":"PropertyValueSpecification","valueRequired":true,"valueName":"search_term_string"}}],"inLanguage":"es"},{"@type":"Person","@id":"https:\/\/exaudi.org\/#\/schema\/person\/f5fc8f063065e38742da7afe15f25df7","name":"Exaudi Redacci\u00f3n","image":{"@type":"ImageObject","inLanguage":"es","@id":"https:\/\/secure.gravatar.com\/avatar\/fe0f6a059fb68d9b3e11bc5850dd4899b1c7492091a3cb6dd9b01b56ad828be2?s=96&d=mm&r=g","url":"https:\/\/secure.gravatar.com\/avatar\/fe0f6a059fb68d9b3e11bc5850dd4899b1c7492091a3cb6dd9b01b56ad828be2?s=96&d=mm&r=g","contentUrl":"https:\/\/secure.gravatar.com\/avatar\/fe0f6a059fb68d9b3e11bc5850dd4899b1c7492091a3cb6dd9b01b56ad828be2?s=96&d=mm&r=g","caption":"Exaudi Redacci\u00f3n"},"description":"\u00bfQu\u00e9 es Exaudi News? Exaudi News es un medio de comunicaci\u00f3n cat\u00f3lico internacional que informa, forma y transforma, diariamente en espa\u00f1ol, ingl\u00e9s e italiano. A trav\u00e9s de noticias, art\u00edculos de an\u00e1lisis y transmisiones en directo de los eventos del Papa, Exaudi busca fortalecer la unidad de los cristianos y contribuir a la evangelizaci\u00f3n del mundo, siempre guiados por la doctrina social de la Iglesia. Trabajamos para acercar la verdad y los valores cristianos a cada rinc\u00f3n del planeta. \u00a1Ay\u00fadanos a transformar el mundo con Exaudi! En Exaudi creemos que la evangelizaci\u00f3n y la informaci\u00f3n de calidad pueden cambiar vidas. Para continuar con nuestra misi\u00f3n y expandir nuestro alcance, necesitamos tu ayuda. Adem\u00e1s, buscamos personas comprometidas que deseen unirse a nuestro equipo. Con tu apoyo, lograremos llegar a m\u00e1s personas, difundir el mensaje de Cristo y reforzar la unidad de los cristianos. \u00bfTe unes a nuestra misi\u00f3n? Para m\u00e1s informaci\u00f3n sobre c\u00f3mo colaborar, visita Exaudi.org\/es o cont\u00e1ctanos directamente: info@exaudi.org Exaudi: Informa, forma y transforma.","sameAs":["https:\/\/www.facebook.com\/ExaudiNoticias\/","https:\/\/www.instagram.com\/exaudi_noticias\/","https:\/\/x.com\/Exaudi_noticias","https:\/\/www.youtube.com\/@exaudicatholicnews"],"url":"https:\/\/exaudi.org\/es\/author\/redaccionexaudi\/"}]}},"jetpack_featured_media_url":"https:\/\/exaudi.org\/wp-content\/uploads\/2022\/07\/Papa-Francisco-2.jpeg","jetpack_shortlink":"https:\/\/wp.me\/pgKjF2-fp8","_links":{"self":[{"href":"https:\/\/exaudi.org\/es\/wp-json\/wp\/v2\/posts\/59218","targetHints":{"allow":["GET"]}}],"collection":[{"href":"https:\/\/exaudi.org\/es\/wp-json\/wp\/v2\/posts"}],"about":[{"href":"https:\/\/exaudi.org\/es\/wp-json\/wp\/v2\/types\/post"}],"author":[{"embeddable":true,"href":"https:\/\/exaudi.org\/es\/wp-json\/wp\/v2\/users\/15"}],"replies":[{"embeddable":true,"href":"https:\/\/exaudi.org\/es\/wp-json\/wp\/v2\/comments?post=59218"}],"version-history":[{"count":0,"href":"https:\/\/exaudi.org\/es\/wp-json\/wp\/v2\/posts\/59218\/revisions"}],"wp:featuredmedia":[{"embeddable":true,"href":"https:\/\/exaudi.org\/es\/wp-json\/wp\/v2\/media\/59219"}],"wp:attachment":[{"href":"https:\/\/exaudi.org\/es\/wp-json\/wp\/v2\/media?parent=59218"}],"wp:term":[{"taxonomy":"category","embeddable":true,"href":"https:\/\/exaudi.org\/es\/wp-json\/wp\/v2\/categories?post=59218"},{"taxonomy":"post_tag","embeddable":true,"href":"https:\/\/exaudi.org\/es\/wp-json\/wp\/v2\/tags?post=59218"}],"curies":[{"name":"wp","href":"https:\/\/api.w.org\/{rel}","templated":true}]}}