{"id":59208,"date":"2022-07-08T09:20:39","date_gmt":"2022-07-08T07:20:39","guid":{"rendered":"https:\/\/exaudi.org\/?p=59208"},"modified":"2022-07-08T16:13:58","modified_gmt":"2022-07-08T14:13:58","slug":"juan-pablo-i-ya-no-sera-la-cenicienta-de-los-papas-del-siglo-xx","status":"publish","type":"post","link":"https:\/\/exaudi.org\/es\/juan-pablo-i-ya-no-sera-la-cenicienta-de-los-papas-del-siglo-xx\/","title":{"rendered":"\u201cJuan Pablo I ya no ser\u00e1 la &#8216;Cenicienta&#8217; de los Papas del Siglo XX\u201d"},"content":{"rendered":"<p>\u201cYa no ser\u00e1 m\u00e1s la &#8216;Cenicienta&#8217; de los Papas del siglo XX\u201d. As\u00ed se refiri\u00f3 el Papa Francisco a Juan Pablo I, que ser\u00e1 proclamado beato el 4 de septiembre.<\/p>\n<p>La sentencia se pronunci\u00f3 en la audiencia concedida a Stefania Falasca, periodista, vicepostuladora de la causa de beatificaci\u00f3n y vicepresidenta de la fundaci\u00f3n Juan Pablo I.<\/p>\n<p>El pasado mes de diciembre, Falasca present\u00f3 al Papa el enorme trabajo realizado en la documentaci\u00f3n de la pr\u00f3ximo Beato. Lo explic\u00f3 en un encuentro con periodistas vaticanistas organizado por la Asociaci\u00f3n Iscom. Una obra de enorme importancia y lejos de ser concluida. \u201cUna de las razones por las que la causa de beatificaci\u00f3n de Albino Luciani comenz\u00f3 apenas 25 a\u00f1os despu\u00e9s de su muerte -explic\u00f3 la periodista- es que no hab\u00eda \u00f3rganos, instituciones, secretar\u00edas para llevarla a cabo. Y tambi\u00e9n por eso, hace a\u00f1os que nadie estudia la gran cantidad de documentaci\u00f3n existente\u201d. En cambio, es precisamente sobre la base de las cartas que se puede hablar de Luciani con pleno conocimiento de causa. Es el compromiso de la Fundaci\u00f3n lo que abre una nueva y sorprendente perspectiva sobre la figura de Juan Pablo I.<\/p>\n<h2><strong>34 d\u00edas, no 33<\/strong><\/h2>\n<p>Repasando la biograf\u00eda de Luciani, Falasca subray\u00f3 c\u00f3mo siempre fue considerado \u201cun hombre de gobierno y estudio: un l\u00edder\u201d, tanto que ocup\u00f3 cargos de gran responsabilidad desde temprana edad. Creciendo en Canale d&#8217;Agordo, un puesto fronterizo, en un ambiente cultural y socialmente animado, aprendi\u00f3 de su maestro Don Filippo Carli el \u201csentido teol\u00f3gico\u201d de la sencillez. En otras palabras, la importancia de hacer entender a los interlocutores conceptos elevados, con un lenguaje sencillo. Esto se convirti\u00f3 en una caracter\u00edstica primero de su misi\u00f3n episcopal en Vittorio Veneto y Venecia, luego en el corto pero decisivo pontificado. Que dur\u00f3 34 d\u00edas, no 33: Falasca quiso precisarlo \u201cporque tambi\u00e9n hay que contar el d\u00eda de la elecci\u00f3n\u201d.<\/p>\n<h2><strong>Servidores, no amos, de la verdad<\/strong><\/h2>\n<p>Pero m\u00e1s all\u00e1 de la curiosidad estad\u00edstica, lo que importa es que \u00absu mandato episcopal coincide con la aplicaci\u00f3n del Concilio. En Vittorio Veneto, con su sencillez, ilustra todos los temas del Concilio Vaticano II. En Venecia, quienes dieron interpretaciones enga\u00f1osas del Concilio lo acusaron de fascista\u201d. Inconcebible. En la audiencia del 27 de septiembre de 1978, este \u00faltimo, por ejemplo, reafirm\u00f3 las palabras de Pablo VI sobre la propiedad privada que \u201cno es un derecho incondicional y absoluto\u201d. En realidad, Luciani estaba arraigado \u201cen una doctrina firme y s\u00f3lida\u201d. Afirm\u00f3 que \u201csomos servidores, no amos, de la verdad. Supo sintetizar lo sagrado y lo profano, lo nuevo y lo antiguo, una forma de transmitir la fe que lo hace \u00fanico, en la fidelidad a la doctrina\u201d. El problema, una vez m\u00e1s, es que \u201clas categor\u00edas pol\u00edticas aplicadas a la Iglesia s\u00f3lo crean confusi\u00f3n\u201d.<\/p>\n<h2><strong>Un lenguaje sencillo<\/strong><\/h2>\n<p>\u201cLuciani no suprime el nosotros: simplemente usa la primera persona porque quiere estar m\u00e1s cerca del hombre. As\u00ed rompe las fronteras con los no creyentes\u201d. Un cambio de lenguaje revolucionario, como el que adopt\u00f3 en su primer discurso a los cardenales. Sin embargo, deja una huella profunda y es \u201cextremadamente actual. Luciani no era un meteoro. Ha llevado adelante a la Iglesia siguiendo la estela de una antigua tradici\u00f3n\u201d.<\/p>\n<h2><strong>Los supuestos \u201cmisterios\u201d sobre la muerte<\/strong><\/h2>\n<p>La leyenda sobre la muerte de Juan Pablo I \u201ces la fake news m\u00e1s longeva del siglo XX\u201d. Stefania Falasca repas\u00f3 todas las etapas sobre los supuestos misterios que rodearon la muerte de Luciani. Explic\u00f3 que los malentendidos fueron alimentados por una mala comunicaci\u00f3n (por ejemplo, la idea de que las monjas encontraron el cuerpo pudo haber dado lugar a inferencias absurdas; por torpes intentos de evitar problemas por parte de las secretarias (una de las dos se hab\u00eda ido despu\u00e9s de eso). El Papa se hab\u00eda retirado. Finalmente, del secreto profesional de los m\u00e9dicos que constataron su muerte.<\/p>\n<p>\u201cCuando fue elegido Luciani -explica Falasca- les dijo claramente a las monjas que eran una familia y como tal ten\u00edan que vivir\u201d. Esto signific\u00f3, por ejemplo, que se contrat\u00f3 a un mayordomo para servir en la mesa. Las monjas, sin embargo, no com\u00edan con el Papa, a diferencia de las secretarias. \u201cEn la noche del 28 de septiembre, Luciani se asom\u00f3 como sol\u00eda hacer para saludar a las monjas en su apartamento. Anteriormente hab\u00eda tenido una larga llamada telef\u00f3nica (con el cardenal de Mil\u00e1n, Colombo, ndr) para convencer a Don Angelo Vigan\u00f2, aunque el primer nombre que hab\u00eda pensado era el de Bartolomeo Sorge, para convertirse en Patriarca de Venecia, cuyo sacerdote \u00e9l no quer\u00eda aceptar. Luego se retir\u00f3 a su cuarto\u201d.<\/p>\n<h2><strong>\u201cSantidad, no puede permitirse ciertas bromas\u201d<\/strong><\/h2>\n<p>La continuaci\u00f3n se basa en el testimonio de la hermana Margherita Marin, que era una de las cuatro que viv\u00edan en el apartamento contiguo al Papa. Sor Vincenza Taffarel, descrita como una especie de sargento de hierro, tambi\u00e9n ten\u00eda pr\u00e1cticamente funciones de enfermera. En la ma\u00f1ana del 29 de septiembre hab\u00eda llevado su caf\u00e9 habitual a la antec\u00e1mara del Papa. \u201cAl no verlo levantarse, al rato volvi\u00f3 a llamar a su puerta con Sor Margherita \u2013 cuenta Falasca \u2013 Despu\u00e9s de llamar por tercera vez, entr\u00f3 Sor Vincenza exclamando &#8216;Santidad, no puede permitirse estas bromas conmigo&#8217;. Encontr\u00f3 al Papa muerto con los ojos entrecerrados y unos papeles en la mano\u201d. El resto es conocido.<\/p>\n<h2><strong>El trombo en el ojo<\/strong><\/h2>\n<p>El arquiatra (m\u00e9dico) Buzzonetti explic\u00f3 m\u00e1s tarde en su declaraci\u00f3n que el Papa hab\u00eda sido golpeado por una \u201cmuerte s\u00fabita\u201d, eso es natural. Probablemente fue un infarto sin ning\u00fan s\u00edntoma de alarma, si no un episodio concreto: \u201cEn 1975, al volver de un viaje a Brasil -explica Falasca- le sali\u00f3 una embolia en un ojo. Esto se considera un s\u00edntoma de problemas cardiovasculares, pero en ese momento no hab\u00eda herramientas de diagn\u00f3stico actuales. Repasamos toda la historia cl\u00ednica de Luciani. No hab\u00eda raz\u00f3n para hacer una autopsia (entre otras cosas permitidas solo con una ley de 1983 de Juan Pablo II) porque era evidente que se trataba de una muerte natural. Y que el Papa no hubiera sufrido\u201d.<\/p>\n<h2><strong>La beatificaci\u00f3n<\/strong><\/h2>\n<p>No se prev\u00e9n actos excepcionales para el 4 de septiembre. \u201cEstamos preparando una reliquia y un estandarte particular\u201d, anticip\u00f3 Falasca. El d\u00eda 3 est\u00e1 prevista una vigilia en S. Giovanni in Laterano. La Misa de Acci\u00f3n de Gracias se llevar\u00e1 a cabo en la ciudad natal de Luciani, Canale d&#8217;Agordo, el 11 de septiembre. Ser\u00e1 celebrada por el Patriarca de Venecia, Mons. Moraglia. Con \u00e9l, los obispos de Belluno y Vittorio Veneto: las tres di\u00f3cesis en las que se desarroll\u00f3 el ministerio de Luciani. Beato gracias por el reconocimiento del milagro por la recuperaci\u00f3n total de una ni\u00f1a argentina, reducida al final de su vida por una encefalitis refractaria.<\/p>\n","protected":false},"excerpt":{"rendered":"<p>El comentario de Francisco sobre el enorme trabajo de documentaci\u00f3n relativo a Luciani. Falasca: \u00abLa fake news m\u00e1s longeva del siglo sobre su muerte\u00bb<\/p>\n","protected":false},"author":18,"featured_media":59182,"comment_status":"closed","ping_status":"closed","sticky":false,"template":"","format":"standard","meta":{"_acf_changed":false,"_crdt_document":"","inline_featured_image":false,"footnotes":""},"categories":[134,132],"tags":[1966,4513,4953],"class_list":["post-59208","post","type-post","status-publish","format-standard","has-post-thumbnail","hentry","category-causas-de-santos","category-vaticano-es","tag-albino-luciani","tag-juan-pablo-i","tag-trending-es"],"acf":[],"yoast_head":"<!-- This site is optimized with the Yoast SEO plugin v27.4 - https:\/\/yoast.com\/product\/yoast-seo-wordpress\/ -->\n<title>\u201cJuan Pablo I ya no ser\u00e1 la &#039;Cenicienta&#039; de los Papas del Siglo XX\u201d &#8211; Exaudi<\/title>\n<meta name=\"robots\" content=\"index, follow, max-snippet:-1, max-image-preview:large, max-video-preview:-1\" \/>\n<link rel=\"canonical\" href=\"https:\/\/exaudi.org\/es\/juan-pablo-i-ya-no-sera-la-cenicienta-de-los-papas-del-siglo-xx\/\" \/>\n<meta property=\"og:locale\" content=\"es_ES\" \/>\n<meta property=\"og:type\" content=\"article\" \/>\n<meta property=\"og:title\" content=\"\u201cJuan Pablo I ya no ser\u00e1 la &#039;Cenicienta&#039; de los Papas del Siglo XX\u201d &#8211; Exaudi\" \/>\n<meta property=\"og:description\" content=\"El comentario de Francisco sobre el enorme trabajo de documentaci\u00f3n relativo a Luciani. Falasca: &quot;La fake news m\u00e1s longeva del siglo sobre su muerte&quot;\" \/>\n<meta property=\"og:url\" content=\"https:\/\/exaudi.org\/es\/juan-pablo-i-ya-no-sera-la-cenicienta-de-los-papas-del-siglo-xx\/\" \/>\n<meta property=\"og:site_name\" content=\"Exaudi\" \/>\n<meta property=\"article:publisher\" content=\"https:\/\/www.facebook.com\/ExaudiNews\" \/>\n<meta property=\"article:published_time\" content=\"2022-07-08T07:20:39+00:00\" \/>\n<meta property=\"article:modified_time\" content=\"2022-07-08T14:13:58+00:00\" \/>\n<meta property=\"og:image\" content=\"https:\/\/exaudi.org\/wp-content\/uploads\/2022\/07\/Giovanni-Paolo-I.jpeg\" \/>\n\t<meta property=\"og:image:width\" content=\"750\" \/>\n\t<meta property=\"og:image:height\" content=\"422\" \/>\n\t<meta property=\"og:image:type\" content=\"image\/jpeg\" \/>\n<meta name=\"author\" content=\"Andrea Acali\" \/>\n<meta name=\"twitter:card\" content=\"summary_large_image\" \/>\n<meta name=\"twitter:creator\" content=\"@Exaudi_News\" \/>\n<meta name=\"twitter:site\" content=\"@Exaudi_News\" \/>\n<meta name=\"twitter:label1\" content=\"Escrito por\" \/>\n\t<meta name=\"twitter:data1\" content=\"Andrea Acali\" \/>\n\t<meta name=\"twitter:label2\" content=\"Tiempo de lectura\" \/>\n\t<meta name=\"twitter:data2\" content=\"6 minutos\" \/>\n<script type=\"application\/ld+json\" class=\"yoast-schema-graph\">{\"@context\":\"https:\\\/\\\/schema.org\",\"@graph\":[{\"@type\":\"Article\",\"@id\":\"https:\\\/\\\/exaudi.org\\\/es\\\/juan-pablo-i-ya-no-sera-la-cenicienta-de-los-papas-del-siglo-xx\\\/#article\",\"isPartOf\":{\"@id\":\"https:\\\/\\\/exaudi.org\\\/es\\\/juan-pablo-i-ya-no-sera-la-cenicienta-de-los-papas-del-siglo-xx\\\/\"},\"author\":{\"name\":\"Andrea Acali\",\"@id\":\"https:\\\/\\\/exaudi.org\\\/#\\\/schema\\\/person\\\/127735be832481a6d3c410c5837bb61a\"},\"headline\":\"\u201cJuan Pablo I ya no ser\u00e1 la &#8216;Cenicienta&#8217; de los Papas del Siglo XX\u201d\",\"datePublished\":\"2022-07-08T07:20:39+00:00\",\"dateModified\":\"2022-07-08T14:13:58+00:00\",\"mainEntityOfPage\":{\"@id\":\"https:\\\/\\\/exaudi.org\\\/es\\\/juan-pablo-i-ya-no-sera-la-cenicienta-de-los-papas-del-siglo-xx\\\/\"},\"wordCount\":1194,\"image\":{\"@id\":\"https:\\\/\\\/exaudi.org\\\/es\\\/juan-pablo-i-ya-no-sera-la-cenicienta-de-los-papas-del-siglo-xx\\\/#primaryimage\"},\"thumbnailUrl\":\"https:\\\/\\\/exaudi.org\\\/wp-content\\\/uploads\\\/2022\\\/07\\\/Giovanni-Paolo-I.jpeg\",\"keywords\":[\"Albino Luciani\",\"Juan Pablo I\",\"Trending\"],\"articleSection\":[\"Causas de Santos\",\"Vaticano\"],\"inLanguage\":\"es\"},{\"@type\":\"WebPage\",\"@id\":\"https:\\\/\\\/exaudi.org\\\/es\\\/juan-pablo-i-ya-no-sera-la-cenicienta-de-los-papas-del-siglo-xx\\\/\",\"url\":\"https:\\\/\\\/exaudi.org\\\/es\\\/juan-pablo-i-ya-no-sera-la-cenicienta-de-los-papas-del-siglo-xx\\\/\",\"name\":\"\u201cJuan Pablo I ya no ser\u00e1 la 'Cenicienta' de los Papas del Siglo XX\u201d &#8211; Exaudi\",\"isPartOf\":{\"@id\":\"https:\\\/\\\/exaudi.org\\\/#website\"},\"primaryImageOfPage\":{\"@id\":\"https:\\\/\\\/exaudi.org\\\/es\\\/juan-pablo-i-ya-no-sera-la-cenicienta-de-los-papas-del-siglo-xx\\\/#primaryimage\"},\"image\":{\"@id\":\"https:\\\/\\\/exaudi.org\\\/es\\\/juan-pablo-i-ya-no-sera-la-cenicienta-de-los-papas-del-siglo-xx\\\/#primaryimage\"},\"thumbnailUrl\":\"https:\\\/\\\/exaudi.org\\\/wp-content\\\/uploads\\\/2022\\\/07\\\/Giovanni-Paolo-I.jpeg\",\"datePublished\":\"2022-07-08T07:20:39+00:00\",\"dateModified\":\"2022-07-08T14:13:58+00:00\",\"author\":{\"@id\":\"https:\\\/\\\/exaudi.org\\\/#\\\/schema\\\/person\\\/127735be832481a6d3c410c5837bb61a\"},\"breadcrumb\":{\"@id\":\"https:\\\/\\\/exaudi.org\\\/es\\\/juan-pablo-i-ya-no-sera-la-cenicienta-de-los-papas-del-siglo-xx\\\/#breadcrumb\"},\"inLanguage\":\"es\",\"potentialAction\":[{\"@type\":\"ReadAction\",\"target\":[\"https:\\\/\\\/exaudi.org\\\/es\\\/juan-pablo-i-ya-no-sera-la-cenicienta-de-los-papas-del-siglo-xx\\\/\"]}]},{\"@type\":\"ImageObject\",\"inLanguage\":\"es\",\"@id\":\"https:\\\/\\\/exaudi.org\\\/es\\\/juan-pablo-i-ya-no-sera-la-cenicienta-de-los-papas-del-siglo-xx\\\/#primaryimage\",\"url\":\"https:\\\/\\\/exaudi.org\\\/wp-content\\\/uploads\\\/2022\\\/07\\\/Giovanni-Paolo-I.jpeg\",\"contentUrl\":\"https:\\\/\\\/exaudi.org\\\/wp-content\\\/uploads\\\/2022\\\/07\\\/Giovanni-Paolo-I.jpeg\",\"width\":750,\"height\":422,\"caption\":\"Giovanni Paolo I\"},{\"@type\":\"BreadcrumbList\",\"@id\":\"https:\\\/\\\/exaudi.org\\\/es\\\/juan-pablo-i-ya-no-sera-la-cenicienta-de-los-papas-del-siglo-xx\\\/#breadcrumb\",\"itemListElement\":[{\"@type\":\"ListItem\",\"position\":1,\"name\":\"Portada\",\"item\":\"https:\\\/\\\/exaudi.org\\\/es\\\/\"},{\"@type\":\"ListItem\",\"position\":2,\"name\":\"\u201cJuan Pablo I ya no ser\u00e1 la &#8216;Cenicienta&#8217; de los Papas del Siglo XX\u201d\"}]},{\"@type\":\"WebSite\",\"@id\":\"https:\\\/\\\/exaudi.org\\\/#website\",\"url\":\"https:\\\/\\\/exaudi.org\\\/\",\"name\":\"Exaudi\",\"description\":\"News\",\"potentialAction\":[{\"@type\":\"SearchAction\",\"target\":{\"@type\":\"EntryPoint\",\"urlTemplate\":\"https:\\\/\\\/exaudi.org\\\/?s={search_term_string}\"},\"query-input\":{\"@type\":\"PropertyValueSpecification\",\"valueRequired\":true,\"valueName\":\"search_term_string\"}}],\"inLanguage\":\"es\"},{\"@type\":\"Person\",\"@id\":\"https:\\\/\\\/exaudi.org\\\/#\\\/schema\\\/person\\\/127735be832481a6d3c410c5837bb61a\",\"name\":\"Andrea Acali\",\"image\":{\"@type\":\"ImageObject\",\"inLanguage\":\"es\",\"@id\":\"https:\\\/\\\/secure.gravatar.com\\\/avatar\\\/2abf8e528c4f8c571ab456e5ef9ac66b04b987863e3ab3fd9546150699bb9259?s=96&d=mm&r=g\",\"url\":\"https:\\\/\\\/secure.gravatar.com\\\/avatar\\\/2abf8e528c4f8c571ab456e5ef9ac66b04b987863e3ab3fd9546150699bb9259?s=96&d=mm&r=g\",\"contentUrl\":\"https:\\\/\\\/secure.gravatar.com\\\/avatar\\\/2abf8e528c4f8c571ab456e5ef9ac66b04b987863e3ab3fd9546150699bb9259?s=96&d=mm&r=g\",\"caption\":\"Andrea Acali\"},\"description\":\"Andrea Acali es un periodista y comunicador italiano con una larga trayectoria en el \u00e1mbito de la informaci\u00f3n religiosa, social y deportiva. Durante casi treinta a\u00f1os trabaj\u00f3 en el diario Il Tempo como vaticanista y jefe de secci\u00f3n, especializ\u00e1ndose en la cobertura de la actualidad del Vaticano y de la Iglesia cat\u00f3lica. Desde 2016 colabora como periodista web en RomaSette y tambi\u00e9n escribe para el peri\u00f3dico Avvenire. Desde 2019 ejerce como comunicador en la Delegazione della Generalitat de Catalunya in Italia, con sede en Roma, donde combina su experiencia period\u00edstica con la comunicaci\u00f3n institucional\",\"sameAs\":[\"https:\\\/\\\/www.linkedin.com\\\/in\\\/andrea-acali-505567125\\\/?originalSubdomain=it\"],\"url\":\"https:\\\/\\\/exaudi.org\\\/es\\\/author\\\/aacaliexaudi-org\\\/\"}]}<\/script>\n<!-- \/ Yoast SEO plugin. -->","yoast_head_json":{"title":"\u201cJuan Pablo I ya no ser\u00e1 la 'Cenicienta' de los Papas del Siglo XX\u201d &#8211; Exaudi","robots":{"index":"index","follow":"follow","max-snippet":"max-snippet:-1","max-image-preview":"max-image-preview:large","max-video-preview":"max-video-preview:-1"},"canonical":"https:\/\/exaudi.org\/es\/juan-pablo-i-ya-no-sera-la-cenicienta-de-los-papas-del-siglo-xx\/","og_locale":"es_ES","og_type":"article","og_title":"\u201cJuan Pablo I ya no ser\u00e1 la 'Cenicienta' de los Papas del Siglo XX\u201d &#8211; Exaudi","og_description":"El comentario de Francisco sobre el enorme trabajo de documentaci\u00f3n relativo a Luciani. Falasca: \"La fake news m\u00e1s longeva del siglo sobre su muerte\"","og_url":"https:\/\/exaudi.org\/es\/juan-pablo-i-ya-no-sera-la-cenicienta-de-los-papas-del-siglo-xx\/","og_site_name":"Exaudi","article_publisher":"https:\/\/www.facebook.com\/ExaudiNews","article_published_time":"2022-07-08T07:20:39+00:00","article_modified_time":"2022-07-08T14:13:58+00:00","og_image":[{"width":750,"height":422,"url":"https:\/\/exaudi.org\/wp-content\/uploads\/2022\/07\/Giovanni-Paolo-I.jpeg","type":"image\/jpeg"}],"author":"Andrea Acali","twitter_card":"summary_large_image","twitter_creator":"@Exaudi_News","twitter_site":"@Exaudi_News","twitter_misc":{"Escrito por":"Andrea Acali","Tiempo de lectura":"6 minutos"},"schema":{"@context":"https:\/\/schema.org","@graph":[{"@type":"Article","@id":"https:\/\/exaudi.org\/es\/juan-pablo-i-ya-no-sera-la-cenicienta-de-los-papas-del-siglo-xx\/#article","isPartOf":{"@id":"https:\/\/exaudi.org\/es\/juan-pablo-i-ya-no-sera-la-cenicienta-de-los-papas-del-siglo-xx\/"},"author":{"name":"Andrea Acali","@id":"https:\/\/exaudi.org\/#\/schema\/person\/127735be832481a6d3c410c5837bb61a"},"headline":"\u201cJuan Pablo I ya no ser\u00e1 la &#8216;Cenicienta&#8217; de los Papas del Siglo XX\u201d","datePublished":"2022-07-08T07:20:39+00:00","dateModified":"2022-07-08T14:13:58+00:00","mainEntityOfPage":{"@id":"https:\/\/exaudi.org\/es\/juan-pablo-i-ya-no-sera-la-cenicienta-de-los-papas-del-siglo-xx\/"},"wordCount":1194,"image":{"@id":"https:\/\/exaudi.org\/es\/juan-pablo-i-ya-no-sera-la-cenicienta-de-los-papas-del-siglo-xx\/#primaryimage"},"thumbnailUrl":"https:\/\/exaudi.org\/wp-content\/uploads\/2022\/07\/Giovanni-Paolo-I.jpeg","keywords":["Albino Luciani","Juan Pablo I","Trending"],"articleSection":["Causas de Santos","Vaticano"],"inLanguage":"es"},{"@type":"WebPage","@id":"https:\/\/exaudi.org\/es\/juan-pablo-i-ya-no-sera-la-cenicienta-de-los-papas-del-siglo-xx\/","url":"https:\/\/exaudi.org\/es\/juan-pablo-i-ya-no-sera-la-cenicienta-de-los-papas-del-siglo-xx\/","name":"\u201cJuan Pablo I ya no ser\u00e1 la 'Cenicienta' de los Papas del Siglo XX\u201d &#8211; Exaudi","isPartOf":{"@id":"https:\/\/exaudi.org\/#website"},"primaryImageOfPage":{"@id":"https:\/\/exaudi.org\/es\/juan-pablo-i-ya-no-sera-la-cenicienta-de-los-papas-del-siglo-xx\/#primaryimage"},"image":{"@id":"https:\/\/exaudi.org\/es\/juan-pablo-i-ya-no-sera-la-cenicienta-de-los-papas-del-siglo-xx\/#primaryimage"},"thumbnailUrl":"https:\/\/exaudi.org\/wp-content\/uploads\/2022\/07\/Giovanni-Paolo-I.jpeg","datePublished":"2022-07-08T07:20:39+00:00","dateModified":"2022-07-08T14:13:58+00:00","author":{"@id":"https:\/\/exaudi.org\/#\/schema\/person\/127735be832481a6d3c410c5837bb61a"},"breadcrumb":{"@id":"https:\/\/exaudi.org\/es\/juan-pablo-i-ya-no-sera-la-cenicienta-de-los-papas-del-siglo-xx\/#breadcrumb"},"inLanguage":"es","potentialAction":[{"@type":"ReadAction","target":["https:\/\/exaudi.org\/es\/juan-pablo-i-ya-no-sera-la-cenicienta-de-los-papas-del-siglo-xx\/"]}]},{"@type":"ImageObject","inLanguage":"es","@id":"https:\/\/exaudi.org\/es\/juan-pablo-i-ya-no-sera-la-cenicienta-de-los-papas-del-siglo-xx\/#primaryimage","url":"https:\/\/exaudi.org\/wp-content\/uploads\/2022\/07\/Giovanni-Paolo-I.jpeg","contentUrl":"https:\/\/exaudi.org\/wp-content\/uploads\/2022\/07\/Giovanni-Paolo-I.jpeg","width":750,"height":422,"caption":"Giovanni Paolo I"},{"@type":"BreadcrumbList","@id":"https:\/\/exaudi.org\/es\/juan-pablo-i-ya-no-sera-la-cenicienta-de-los-papas-del-siglo-xx\/#breadcrumb","itemListElement":[{"@type":"ListItem","position":1,"name":"Portada","item":"https:\/\/exaudi.org\/es\/"},{"@type":"ListItem","position":2,"name":"\u201cJuan Pablo I ya no ser\u00e1 la &#8216;Cenicienta&#8217; de los Papas del Siglo XX\u201d"}]},{"@type":"WebSite","@id":"https:\/\/exaudi.org\/#website","url":"https:\/\/exaudi.org\/","name":"Exaudi","description":"News","potentialAction":[{"@type":"SearchAction","target":{"@type":"EntryPoint","urlTemplate":"https:\/\/exaudi.org\/?s={search_term_string}"},"query-input":{"@type":"PropertyValueSpecification","valueRequired":true,"valueName":"search_term_string"}}],"inLanguage":"es"},{"@type":"Person","@id":"https:\/\/exaudi.org\/#\/schema\/person\/127735be832481a6d3c410c5837bb61a","name":"Andrea Acali","image":{"@type":"ImageObject","inLanguage":"es","@id":"https:\/\/secure.gravatar.com\/avatar\/2abf8e528c4f8c571ab456e5ef9ac66b04b987863e3ab3fd9546150699bb9259?s=96&d=mm&r=g","url":"https:\/\/secure.gravatar.com\/avatar\/2abf8e528c4f8c571ab456e5ef9ac66b04b987863e3ab3fd9546150699bb9259?s=96&d=mm&r=g","contentUrl":"https:\/\/secure.gravatar.com\/avatar\/2abf8e528c4f8c571ab456e5ef9ac66b04b987863e3ab3fd9546150699bb9259?s=96&d=mm&r=g","caption":"Andrea Acali"},"description":"Andrea Acali es un periodista y comunicador italiano con una larga trayectoria en el \u00e1mbito de la informaci\u00f3n religiosa, social y deportiva. Durante casi treinta a\u00f1os trabaj\u00f3 en el diario Il Tempo como vaticanista y jefe de secci\u00f3n, especializ\u00e1ndose en la cobertura de la actualidad del Vaticano y de la Iglesia cat\u00f3lica. Desde 2016 colabora como periodista web en RomaSette y tambi\u00e9n escribe para el peri\u00f3dico Avvenire. Desde 2019 ejerce como comunicador en la Delegazione della Generalitat de Catalunya in Italia, con sede en Roma, donde combina su experiencia period\u00edstica con la comunicaci\u00f3n institucional","sameAs":["https:\/\/www.linkedin.com\/in\/andrea-acali-505567125\/?originalSubdomain=it"],"url":"https:\/\/exaudi.org\/es\/author\/aacaliexaudi-org\/"}]}},"jetpack_featured_media_url":"https:\/\/exaudi.org\/wp-content\/uploads\/2022\/07\/Giovanni-Paolo-I.jpeg","jetpack_shortlink":"https:\/\/wp.me\/pgKjF2-foY","_links":{"self":[{"href":"https:\/\/exaudi.org\/es\/wp-json\/wp\/v2\/posts\/59208","targetHints":{"allow":["GET"]}}],"collection":[{"href":"https:\/\/exaudi.org\/es\/wp-json\/wp\/v2\/posts"}],"about":[{"href":"https:\/\/exaudi.org\/es\/wp-json\/wp\/v2\/types\/post"}],"author":[{"embeddable":true,"href":"https:\/\/exaudi.org\/es\/wp-json\/wp\/v2\/users\/18"}],"replies":[{"embeddable":true,"href":"https:\/\/exaudi.org\/es\/wp-json\/wp\/v2\/comments?post=59208"}],"version-history":[{"count":0,"href":"https:\/\/exaudi.org\/es\/wp-json\/wp\/v2\/posts\/59208\/revisions"}],"wp:featuredmedia":[{"embeddable":true,"href":"https:\/\/exaudi.org\/es\/wp-json\/wp\/v2\/media\/59182"}],"wp:attachment":[{"href":"https:\/\/exaudi.org\/es\/wp-json\/wp\/v2\/media?parent=59208"}],"wp:term":[{"taxonomy":"category","embeddable":true,"href":"https:\/\/exaudi.org\/es\/wp-json\/wp\/v2\/categories?post=59208"},{"taxonomy":"post_tag","embeddable":true,"href":"https:\/\/exaudi.org\/es\/wp-json\/wp\/v2\/tags?post=59208"}],"curies":[{"name":"wp","href":"https:\/\/api.w.org\/{rel}","templated":true}]}}