{"id":58842,"date":"2022-06-30T14:35:18","date_gmt":"2022-06-30T12:35:18","guid":{"rendered":"https:\/\/exaudi.org\/?p=58842"},"modified":"2022-07-03T16:04:17","modified_gmt":"2022-07-03T14:04:17","slug":"el-dialogo-interreligioso-camino-privilegiado-para-la-fraternidad-y-la-paz-en-nuestro-mundo","status":"publish","type":"post","link":"https:\/\/exaudi.org\/es\/el-dialogo-interreligioso-camino-privilegiado-para-la-fraternidad-y-la-paz-en-nuestro-mundo\/","title":{"rendered":"El di\u00e1logo interreligioso camino privilegiado para la fraternidad y la paz"},"content":{"rendered":"<p>Saludo del Santo Padre, entregado al Cardenal Koch para la Delegaci\u00f3n del Comit\u00e9 Jud\u00edo Internacional de Consultas Interreligiosas.<\/p>\n<p>***<\/p>\n<p>Queridos amigos,<\/p>\n<p>Os doy una calurosa bienvenida a vosotros, dirigentes del Comit\u00e9 jud\u00edo internacional de consultas interreligiosas. Su organizaci\u00f3n, fundada en 1970 con el objetivo de promover y fomentar el di\u00e1logo interreligioso en todo el mundo, re\u00fane a varias grandes organizaciones jud\u00edas, con sede especialmente en los Estados Unidos de Am\u00e9rica. Desde el principio, hab\u00e9is estado en contacto con la Comisi\u00f3n de la Santa Sede para las Relaciones Religiosas con los Jud\u00edos y juntos hab\u00e9is organizado regularmente conferencias conjuntas sobre temas de actualidad. Recuerdo haber saludado a su grupo en la Audiencia General en la Plaza de San Pedro durante su \u00faltimo encuentro en Roma en mayo de 2019.<\/p>\n<p>En nuestros tiempos turbulentos, es fundamental que jud\u00edos y cristianos se encuentren con m\u00e1s frecuencia y trabajen juntos en un esfuerzo por contrarrestar ciertas tendencias negativas que se encuentran en nuestras sociedades occidentales: la idolatr\u00eda del yo y del dinero, el individualismo extremo y la cultura de la indiferencia y del despilfarro. Estamos llamados a dar juntos testimonio del Dios de la misericordia y la justicia, que ama y cuida de todas las personas. Podemos hacerlo recurriendo al patrimonio espiritual que en parte compartimos, un patrimonio que tenemos la responsabilidad de preservar y comprender cada vez m\u00e1s profundamente.<\/p>\n<p>Nuestras tradiciones religiosas nos invitan a abordar los desacuerdos, las diferencias y los conflictos no de forma conflictiva, sino sin prejuicios, con intenciones pac\u00edficas y con el objetivo de encontrar \u00e1mbitos de acuerdo aceptables para todos. Sin duda, el odio y la violencia son incompatibles con nuestra fe en el Dios \u201cmisericordioso y clemente, lento a la c\u00f3lera y abundante en misericordia y fidelidad\u201d (<em>Ex<\/em> 34,6). Como jud\u00edos y cristianos, estamos llamados a actuar de manera que nos parezcamos lo mejor posible a nuestro Creador y Padre. Esto, como sabemos, se vuelve muy dif\u00edcil cuando somos objeto de injusticia y persecuci\u00f3n, como ha ocurrido frecuentemente en la historia y, tr\u00e1gicamente, sigue ocurriendo hoy. A este respecto, aprovecho la ocasi\u00f3n para reiterar el compromiso de la Iglesia cat\u00f3lica de oponerse a toda forma de antisemitismo, sobre todo mediante la acci\u00f3n preventiva, es decir, en el \u00e1mbito de la educaci\u00f3n, en las familias, en las comunidades parroquiales y en las escuelas, y en las asociaciones de laicos.<\/p>\n<p>El di\u00e1logo interreligioso es un signo de nuestro tiempo y, yo dir\u00eda, un signo providencial, en el sentido de que Dios mismo, en su sabio plan, ha inspirado, en los l\u00edderes religiosos y en muchos otros, el deseo de encontrarse y conocerse de una manera respetuosa con las diferencias religiosas. Este es un camino privilegiado para el crecimiento de la fraternidad y la paz en nuestro mundo. Reforzando el di\u00e1logo, podemos resistir al extremismo que, lamentablemente, es una patolog\u00eda que puede aparecer tambi\u00e9n en las religiones. Recemos para que el Se\u00f1or nos siga guiando en este camino de di\u00e1logo y fraternidad.<\/p>\n<p>Queridos amigos, os agradezco vuestra visita. Que la bendici\u00f3n de Dios os acompa\u00f1e y haga fruct\u00edfero vuestro trabajo al servicio de una mayor comprensi\u00f3n y cooperaci\u00f3n mutuas. En vuestras oraciones, por favor, acordaos tambi\u00e9n de m\u00ed. Gracias.<\/p>\n","protected":false},"excerpt":{"rendered":"<p>Saludo de su Santidad el Papa Francisco a la Delegaci\u00f3n del Comit\u00e9 Internacional Jud\u00edo de Consultas Interreligiosas<\/p>\n","protected":false},"author":15,"featured_media":58843,"comment_status":"closed","ping_status":"closed","sticky":false,"template":"","format":"standard","meta":{"_acf_changed":false,"_crdt_document":"","inline_featured_image":false,"footnotes":""},"categories":[140,59,68,118],"tags":[6473,854,6474,4953],"class_list":["post-58842","post","type-post","status-publish","format-standard","has-post-thumbnail","hentry","category-ecumenismo-y-dialogo-interreligioso","category-featured-news","category-leon-xiv","category-mensajes","tag-comite-judio","tag-dialogo-interreligioso-es","tag-saludo-del-papa","tag-trending-es"],"acf":[],"yoast_head":"<!-- This site is optimized with the Yoast SEO plugin v27.4 - https:\/\/yoast.com\/product\/yoast-seo-wordpress\/ -->\n<title>El di\u00e1logo interreligioso camino privilegiado para la fraternidad y la paz &#8211; Exaudi<\/title>\n<meta name=\"robots\" content=\"index, follow, max-snippet:-1, max-image-preview:large, max-video-preview:-1\" \/>\n<link rel=\"canonical\" href=\"https:\/\/exaudi.org\/es\/el-dialogo-interreligioso-camino-privilegiado-para-la-fraternidad-y-la-paz-en-nuestro-mundo\/\" \/>\n<meta property=\"og:locale\" content=\"es_ES\" \/>\n<meta property=\"og:type\" content=\"article\" \/>\n<meta property=\"og:title\" content=\"El di\u00e1logo interreligioso camino privilegiado para la fraternidad y la paz &#8211; Exaudi\" \/>\n<meta property=\"og:description\" content=\"Saludo de su Santidad el Papa Francisco a la Delegaci\u00f3n del Comit\u00e9 Internacional Jud\u00edo de Consultas Interreligiosas\" \/>\n<meta property=\"og:url\" content=\"https:\/\/exaudi.org\/es\/el-dialogo-interreligioso-camino-privilegiado-para-la-fraternidad-y-la-paz-en-nuestro-mundo\/\" \/>\n<meta property=\"og:site_name\" content=\"Exaudi\" \/>\n<meta property=\"article:publisher\" content=\"https:\/\/www.facebook.com\/ExaudiNews\" \/>\n<meta property=\"article:author\" content=\"https:\/\/www.facebook.com\/ExaudiNoticias\/\" \/>\n<meta property=\"article:published_time\" content=\"2022-06-30T12:35:18+00:00\" \/>\n<meta property=\"article:modified_time\" content=\"2022-07-03T14:04:17+00:00\" \/>\n<meta property=\"og:image\" content=\"https:\/\/exaudi.org\/wp-content\/uploads\/2022\/06\/Comunidad-judia.jpeg\" \/>\n\t<meta property=\"og:image:width\" content=\"1000\" \/>\n\t<meta property=\"og:image:height\" content=\"563\" \/>\n\t<meta property=\"og:image:type\" content=\"image\/jpeg\" \/>\n<meta name=\"author\" content=\"Exaudi Redacci\u00f3n\" \/>\n<meta name=\"twitter:card\" content=\"summary_large_image\" \/>\n<meta name=\"twitter:creator\" content=\"@Exaudi_noticias\" \/>\n<meta name=\"twitter:site\" content=\"@Exaudi_News\" \/>\n<meta name=\"twitter:label1\" content=\"Escrito por\" \/>\n\t<meta name=\"twitter:data1\" content=\"Exaudi Redacci\u00f3n\" \/>\n\t<meta name=\"twitter:label2\" content=\"Tiempo de lectura\" \/>\n\t<meta name=\"twitter:data2\" content=\"3 minutos\" \/>\n<script type=\"application\/ld+json\" class=\"yoast-schema-graph\">{\"@context\":\"https:\\\/\\\/schema.org\",\"@graph\":[{\"@type\":\"Article\",\"@id\":\"https:\\\/\\\/exaudi.org\\\/es\\\/el-dialogo-interreligioso-camino-privilegiado-para-la-fraternidad-y-la-paz-en-nuestro-mundo\\\/#article\",\"isPartOf\":{\"@id\":\"https:\\\/\\\/exaudi.org\\\/es\\\/el-dialogo-interreligioso-camino-privilegiado-para-la-fraternidad-y-la-paz-en-nuestro-mundo\\\/\"},\"author\":{\"name\":\"Exaudi Redacci\u00f3n\",\"@id\":\"https:\\\/\\\/exaudi.org\\\/#\\\/schema\\\/person\\\/f5fc8f063065e38742da7afe15f25df7\"},\"headline\":\"El di\u00e1logo interreligioso camino privilegiado para la fraternidad y la paz\",\"datePublished\":\"2022-06-30T12:35:18+00:00\",\"dateModified\":\"2022-07-03T14:04:17+00:00\",\"mainEntityOfPage\":{\"@id\":\"https:\\\/\\\/exaudi.org\\\/es\\\/el-dialogo-interreligioso-camino-privilegiado-para-la-fraternidad-y-la-paz-en-nuestro-mundo\\\/\"},\"wordCount\":577,\"image\":{\"@id\":\"https:\\\/\\\/exaudi.org\\\/es\\\/el-dialogo-interreligioso-camino-privilegiado-para-la-fraternidad-y-la-paz-en-nuestro-mundo\\\/#primaryimage\"},\"thumbnailUrl\":\"https:\\\/\\\/exaudi.org\\\/wp-content\\\/uploads\\\/2022\\\/06\\\/Comunidad-judia.jpeg\",\"keywords\":[\"Comit\u00e9 Judio\",\"dialogo interreligioso\",\"Saludo del Papa\",\"Trending\"],\"articleSection\":[\"Ecumenismo y Di\u00e1logo interreligioso\",\"Featured News\",\"Le\u00f3n XIV\",\"Mensajes\"],\"inLanguage\":\"es\"},{\"@type\":\"WebPage\",\"@id\":\"https:\\\/\\\/exaudi.org\\\/es\\\/el-dialogo-interreligioso-camino-privilegiado-para-la-fraternidad-y-la-paz-en-nuestro-mundo\\\/\",\"url\":\"https:\\\/\\\/exaudi.org\\\/es\\\/el-dialogo-interreligioso-camino-privilegiado-para-la-fraternidad-y-la-paz-en-nuestro-mundo\\\/\",\"name\":\"El di\u00e1logo interreligioso camino privilegiado para la fraternidad y la paz &#8211; Exaudi\",\"isPartOf\":{\"@id\":\"https:\\\/\\\/exaudi.org\\\/#website\"},\"primaryImageOfPage\":{\"@id\":\"https:\\\/\\\/exaudi.org\\\/es\\\/el-dialogo-interreligioso-camino-privilegiado-para-la-fraternidad-y-la-paz-en-nuestro-mundo\\\/#primaryimage\"},\"image\":{\"@id\":\"https:\\\/\\\/exaudi.org\\\/es\\\/el-dialogo-interreligioso-camino-privilegiado-para-la-fraternidad-y-la-paz-en-nuestro-mundo\\\/#primaryimage\"},\"thumbnailUrl\":\"https:\\\/\\\/exaudi.org\\\/wp-content\\\/uploads\\\/2022\\\/06\\\/Comunidad-judia.jpeg\",\"datePublished\":\"2022-06-30T12:35:18+00:00\",\"dateModified\":\"2022-07-03T14:04:17+00:00\",\"author\":{\"@id\":\"https:\\\/\\\/exaudi.org\\\/#\\\/schema\\\/person\\\/f5fc8f063065e38742da7afe15f25df7\"},\"breadcrumb\":{\"@id\":\"https:\\\/\\\/exaudi.org\\\/es\\\/el-dialogo-interreligioso-camino-privilegiado-para-la-fraternidad-y-la-paz-en-nuestro-mundo\\\/#breadcrumb\"},\"inLanguage\":\"es\",\"potentialAction\":[{\"@type\":\"ReadAction\",\"target\":[\"https:\\\/\\\/exaudi.org\\\/es\\\/el-dialogo-interreligioso-camino-privilegiado-para-la-fraternidad-y-la-paz-en-nuestro-mundo\\\/\"]}]},{\"@type\":\"ImageObject\",\"inLanguage\":\"es\",\"@id\":\"https:\\\/\\\/exaudi.org\\\/es\\\/el-dialogo-interreligioso-camino-privilegiado-para-la-fraternidad-y-la-paz-en-nuestro-mundo\\\/#primaryimage\",\"url\":\"https:\\\/\\\/exaudi.org\\\/wp-content\\\/uploads\\\/2022\\\/06\\\/Comunidad-judia.jpeg\",\"contentUrl\":\"https:\\\/\\\/exaudi.org\\\/wp-content\\\/uploads\\\/2022\\\/06\\\/Comunidad-judia.jpeg\",\"width\":1000,\"height\":563,\"caption\":\"Comunidad judia \u00a9 Vatican Media\"},{\"@type\":\"BreadcrumbList\",\"@id\":\"https:\\\/\\\/exaudi.org\\\/es\\\/el-dialogo-interreligioso-camino-privilegiado-para-la-fraternidad-y-la-paz-en-nuestro-mundo\\\/#breadcrumb\",\"itemListElement\":[{\"@type\":\"ListItem\",\"position\":1,\"name\":\"Portada\",\"item\":\"https:\\\/\\\/exaudi.org\\\/es\\\/\"},{\"@type\":\"ListItem\",\"position\":2,\"name\":\"El di\u00e1logo interreligioso camino privilegiado para la fraternidad y la paz\"}]},{\"@type\":\"WebSite\",\"@id\":\"https:\\\/\\\/exaudi.org\\\/#website\",\"url\":\"https:\\\/\\\/exaudi.org\\\/\",\"name\":\"Exaudi\",\"description\":\"News\",\"potentialAction\":[{\"@type\":\"SearchAction\",\"target\":{\"@type\":\"EntryPoint\",\"urlTemplate\":\"https:\\\/\\\/exaudi.org\\\/?s={search_term_string}\"},\"query-input\":{\"@type\":\"PropertyValueSpecification\",\"valueRequired\":true,\"valueName\":\"search_term_string\"}}],\"inLanguage\":\"es\"},{\"@type\":\"Person\",\"@id\":\"https:\\\/\\\/exaudi.org\\\/#\\\/schema\\\/person\\\/f5fc8f063065e38742da7afe15f25df7\",\"name\":\"Exaudi Redacci\u00f3n\",\"image\":{\"@type\":\"ImageObject\",\"inLanguage\":\"es\",\"@id\":\"https:\\\/\\\/secure.gravatar.com\\\/avatar\\\/fe0f6a059fb68d9b3e11bc5850dd4899b1c7492091a3cb6dd9b01b56ad828be2?s=96&d=mm&r=g\",\"url\":\"https:\\\/\\\/secure.gravatar.com\\\/avatar\\\/fe0f6a059fb68d9b3e11bc5850dd4899b1c7492091a3cb6dd9b01b56ad828be2?s=96&d=mm&r=g\",\"contentUrl\":\"https:\\\/\\\/secure.gravatar.com\\\/avatar\\\/fe0f6a059fb68d9b3e11bc5850dd4899b1c7492091a3cb6dd9b01b56ad828be2?s=96&d=mm&r=g\",\"caption\":\"Exaudi Redacci\u00f3n\"},\"description\":\"\u00bfQu\u00e9 es Exaudi News? Exaudi News es un medio de comunicaci\u00f3n cat\u00f3lico internacional que informa, forma y transforma, diariamente en espa\u00f1ol, ingl\u00e9s e italiano. A trav\u00e9s de noticias, art\u00edculos de an\u00e1lisis y transmisiones en directo de los eventos del Papa, Exaudi busca fortalecer la unidad de los cristianos y contribuir a la evangelizaci\u00f3n del mundo, siempre guiados por la doctrina social de la Iglesia. Trabajamos para acercar la verdad y los valores cristianos a cada rinc\u00f3n del planeta. \u00a1Ay\u00fadanos a transformar el mundo con Exaudi! En Exaudi creemos que la evangelizaci\u00f3n y la informaci\u00f3n de calidad pueden cambiar vidas. Para continuar con nuestra misi\u00f3n y expandir nuestro alcance, necesitamos tu ayuda. Adem\u00e1s, buscamos personas comprometidas que deseen unirse a nuestro equipo. Con tu apoyo, lograremos llegar a m\u00e1s personas, difundir el mensaje de Cristo y reforzar la unidad de los cristianos. \u00bfTe unes a nuestra misi\u00f3n? Para m\u00e1s informaci\u00f3n sobre c\u00f3mo colaborar, visita Exaudi.org\\\/es o cont\u00e1ctanos directamente: info@exaudi.org Exaudi: Informa, forma y transforma.\",\"sameAs\":[\"https:\\\/\\\/www.facebook.com\\\/ExaudiNoticias\\\/\",\"https:\\\/\\\/www.instagram.com\\\/exaudi_noticias\\\/\",\"https:\\\/\\\/x.com\\\/Exaudi_noticias\",\"https:\\\/\\\/www.youtube.com\\\/@exaudicatholicnews\"],\"url\":\"https:\\\/\\\/exaudi.org\\\/es\\\/author\\\/redaccionexaudi\\\/\"}]}<\/script>\n<!-- \/ Yoast SEO plugin. -->","yoast_head_json":{"title":"El di\u00e1logo interreligioso camino privilegiado para la fraternidad y la paz &#8211; Exaudi","robots":{"index":"index","follow":"follow","max-snippet":"max-snippet:-1","max-image-preview":"max-image-preview:large","max-video-preview":"max-video-preview:-1"},"canonical":"https:\/\/exaudi.org\/es\/el-dialogo-interreligioso-camino-privilegiado-para-la-fraternidad-y-la-paz-en-nuestro-mundo\/","og_locale":"es_ES","og_type":"article","og_title":"El di\u00e1logo interreligioso camino privilegiado para la fraternidad y la paz &#8211; Exaudi","og_description":"Saludo de su Santidad el Papa Francisco a la Delegaci\u00f3n del Comit\u00e9 Internacional Jud\u00edo de Consultas Interreligiosas","og_url":"https:\/\/exaudi.org\/es\/el-dialogo-interreligioso-camino-privilegiado-para-la-fraternidad-y-la-paz-en-nuestro-mundo\/","og_site_name":"Exaudi","article_publisher":"https:\/\/www.facebook.com\/ExaudiNews","article_author":"https:\/\/www.facebook.com\/ExaudiNoticias\/","article_published_time":"2022-06-30T12:35:18+00:00","article_modified_time":"2022-07-03T14:04:17+00:00","og_image":[{"width":1000,"height":563,"url":"https:\/\/exaudi.org\/wp-content\/uploads\/2022\/06\/Comunidad-judia.jpeg","type":"image\/jpeg"}],"author":"Exaudi Redacci\u00f3n","twitter_card":"summary_large_image","twitter_creator":"@Exaudi_noticias","twitter_site":"@Exaudi_News","twitter_misc":{"Escrito por":"Exaudi Redacci\u00f3n","Tiempo de lectura":"3 minutos"},"schema":{"@context":"https:\/\/schema.org","@graph":[{"@type":"Article","@id":"https:\/\/exaudi.org\/es\/el-dialogo-interreligioso-camino-privilegiado-para-la-fraternidad-y-la-paz-en-nuestro-mundo\/#article","isPartOf":{"@id":"https:\/\/exaudi.org\/es\/el-dialogo-interreligioso-camino-privilegiado-para-la-fraternidad-y-la-paz-en-nuestro-mundo\/"},"author":{"name":"Exaudi Redacci\u00f3n","@id":"https:\/\/exaudi.org\/#\/schema\/person\/f5fc8f063065e38742da7afe15f25df7"},"headline":"El di\u00e1logo interreligioso camino privilegiado para la fraternidad y la paz","datePublished":"2022-06-30T12:35:18+00:00","dateModified":"2022-07-03T14:04:17+00:00","mainEntityOfPage":{"@id":"https:\/\/exaudi.org\/es\/el-dialogo-interreligioso-camino-privilegiado-para-la-fraternidad-y-la-paz-en-nuestro-mundo\/"},"wordCount":577,"image":{"@id":"https:\/\/exaudi.org\/es\/el-dialogo-interreligioso-camino-privilegiado-para-la-fraternidad-y-la-paz-en-nuestro-mundo\/#primaryimage"},"thumbnailUrl":"https:\/\/exaudi.org\/wp-content\/uploads\/2022\/06\/Comunidad-judia.jpeg","keywords":["Comit\u00e9 Judio","dialogo interreligioso","Saludo del Papa","Trending"],"articleSection":["Ecumenismo y Di\u00e1logo interreligioso","Featured News","Le\u00f3n XIV","Mensajes"],"inLanguage":"es"},{"@type":"WebPage","@id":"https:\/\/exaudi.org\/es\/el-dialogo-interreligioso-camino-privilegiado-para-la-fraternidad-y-la-paz-en-nuestro-mundo\/","url":"https:\/\/exaudi.org\/es\/el-dialogo-interreligioso-camino-privilegiado-para-la-fraternidad-y-la-paz-en-nuestro-mundo\/","name":"El di\u00e1logo interreligioso camino privilegiado para la fraternidad y la paz &#8211; Exaudi","isPartOf":{"@id":"https:\/\/exaudi.org\/#website"},"primaryImageOfPage":{"@id":"https:\/\/exaudi.org\/es\/el-dialogo-interreligioso-camino-privilegiado-para-la-fraternidad-y-la-paz-en-nuestro-mundo\/#primaryimage"},"image":{"@id":"https:\/\/exaudi.org\/es\/el-dialogo-interreligioso-camino-privilegiado-para-la-fraternidad-y-la-paz-en-nuestro-mundo\/#primaryimage"},"thumbnailUrl":"https:\/\/exaudi.org\/wp-content\/uploads\/2022\/06\/Comunidad-judia.jpeg","datePublished":"2022-06-30T12:35:18+00:00","dateModified":"2022-07-03T14:04:17+00:00","author":{"@id":"https:\/\/exaudi.org\/#\/schema\/person\/f5fc8f063065e38742da7afe15f25df7"},"breadcrumb":{"@id":"https:\/\/exaudi.org\/es\/el-dialogo-interreligioso-camino-privilegiado-para-la-fraternidad-y-la-paz-en-nuestro-mundo\/#breadcrumb"},"inLanguage":"es","potentialAction":[{"@type":"ReadAction","target":["https:\/\/exaudi.org\/es\/el-dialogo-interreligioso-camino-privilegiado-para-la-fraternidad-y-la-paz-en-nuestro-mundo\/"]}]},{"@type":"ImageObject","inLanguage":"es","@id":"https:\/\/exaudi.org\/es\/el-dialogo-interreligioso-camino-privilegiado-para-la-fraternidad-y-la-paz-en-nuestro-mundo\/#primaryimage","url":"https:\/\/exaudi.org\/wp-content\/uploads\/2022\/06\/Comunidad-judia.jpeg","contentUrl":"https:\/\/exaudi.org\/wp-content\/uploads\/2022\/06\/Comunidad-judia.jpeg","width":1000,"height":563,"caption":"Comunidad judia \u00a9 Vatican Media"},{"@type":"BreadcrumbList","@id":"https:\/\/exaudi.org\/es\/el-dialogo-interreligioso-camino-privilegiado-para-la-fraternidad-y-la-paz-en-nuestro-mundo\/#breadcrumb","itemListElement":[{"@type":"ListItem","position":1,"name":"Portada","item":"https:\/\/exaudi.org\/es\/"},{"@type":"ListItem","position":2,"name":"El di\u00e1logo interreligioso camino privilegiado para la fraternidad y la paz"}]},{"@type":"WebSite","@id":"https:\/\/exaudi.org\/#website","url":"https:\/\/exaudi.org\/","name":"Exaudi","description":"News","potentialAction":[{"@type":"SearchAction","target":{"@type":"EntryPoint","urlTemplate":"https:\/\/exaudi.org\/?s={search_term_string}"},"query-input":{"@type":"PropertyValueSpecification","valueRequired":true,"valueName":"search_term_string"}}],"inLanguage":"es"},{"@type":"Person","@id":"https:\/\/exaudi.org\/#\/schema\/person\/f5fc8f063065e38742da7afe15f25df7","name":"Exaudi Redacci\u00f3n","image":{"@type":"ImageObject","inLanguage":"es","@id":"https:\/\/secure.gravatar.com\/avatar\/fe0f6a059fb68d9b3e11bc5850dd4899b1c7492091a3cb6dd9b01b56ad828be2?s=96&d=mm&r=g","url":"https:\/\/secure.gravatar.com\/avatar\/fe0f6a059fb68d9b3e11bc5850dd4899b1c7492091a3cb6dd9b01b56ad828be2?s=96&d=mm&r=g","contentUrl":"https:\/\/secure.gravatar.com\/avatar\/fe0f6a059fb68d9b3e11bc5850dd4899b1c7492091a3cb6dd9b01b56ad828be2?s=96&d=mm&r=g","caption":"Exaudi Redacci\u00f3n"},"description":"\u00bfQu\u00e9 es Exaudi News? Exaudi News es un medio de comunicaci\u00f3n cat\u00f3lico internacional que informa, forma y transforma, diariamente en espa\u00f1ol, ingl\u00e9s e italiano. A trav\u00e9s de noticias, art\u00edculos de an\u00e1lisis y transmisiones en directo de los eventos del Papa, Exaudi busca fortalecer la unidad de los cristianos y contribuir a la evangelizaci\u00f3n del mundo, siempre guiados por la doctrina social de la Iglesia. Trabajamos para acercar la verdad y los valores cristianos a cada rinc\u00f3n del planeta. \u00a1Ay\u00fadanos a transformar el mundo con Exaudi! En Exaudi creemos que la evangelizaci\u00f3n y la informaci\u00f3n de calidad pueden cambiar vidas. Para continuar con nuestra misi\u00f3n y expandir nuestro alcance, necesitamos tu ayuda. Adem\u00e1s, buscamos personas comprometidas que deseen unirse a nuestro equipo. Con tu apoyo, lograremos llegar a m\u00e1s personas, difundir el mensaje de Cristo y reforzar la unidad de los cristianos. \u00bfTe unes a nuestra misi\u00f3n? Para m\u00e1s informaci\u00f3n sobre c\u00f3mo colaborar, visita Exaudi.org\/es o cont\u00e1ctanos directamente: info@exaudi.org Exaudi: Informa, forma y transforma.","sameAs":["https:\/\/www.facebook.com\/ExaudiNoticias\/","https:\/\/www.instagram.com\/exaudi_noticias\/","https:\/\/x.com\/Exaudi_noticias","https:\/\/www.youtube.com\/@exaudicatholicnews"],"url":"https:\/\/exaudi.org\/es\/author\/redaccionexaudi\/"}]}},"jetpack_featured_media_url":"https:\/\/exaudi.org\/wp-content\/uploads\/2022\/06\/Comunidad-judia.jpeg","jetpack_shortlink":"https:\/\/wp.me\/pgKjF2-fj4","_links":{"self":[{"href":"https:\/\/exaudi.org\/es\/wp-json\/wp\/v2\/posts\/58842","targetHints":{"allow":["GET"]}}],"collection":[{"href":"https:\/\/exaudi.org\/es\/wp-json\/wp\/v2\/posts"}],"about":[{"href":"https:\/\/exaudi.org\/es\/wp-json\/wp\/v2\/types\/post"}],"author":[{"embeddable":true,"href":"https:\/\/exaudi.org\/es\/wp-json\/wp\/v2\/users\/15"}],"replies":[{"embeddable":true,"href":"https:\/\/exaudi.org\/es\/wp-json\/wp\/v2\/comments?post=58842"}],"version-history":[{"count":0,"href":"https:\/\/exaudi.org\/es\/wp-json\/wp\/v2\/posts\/58842\/revisions"}],"wp:featuredmedia":[{"embeddable":true,"href":"https:\/\/exaudi.org\/es\/wp-json\/wp\/v2\/media\/58843"}],"wp:attachment":[{"href":"https:\/\/exaudi.org\/es\/wp-json\/wp\/v2\/media?parent=58842"}],"wp:term":[{"taxonomy":"category","embeddable":true,"href":"https:\/\/exaudi.org\/es\/wp-json\/wp\/v2\/categories?post=58842"},{"taxonomy":"post_tag","embeddable":true,"href":"https:\/\/exaudi.org\/es\/wp-json\/wp\/v2\/tags?post=58842"}],"curies":[{"name":"wp","href":"https:\/\/api.w.org\/{rel}","templated":true}]}}