{"id":58793,"date":"2022-06-29T21:14:41","date_gmt":"2022-06-29T19:14:41","guid":{"rendered":"https:\/\/exaudi.org\/?p=58793"},"modified":"2022-06-29T21:14:41","modified_gmt":"2022-06-29T19:14:41","slug":"cardenal-arizmendi-mexico-esta-salpicando-sangre","status":"publish","type":"post","link":"https:\/\/exaudi.org\/es\/cardenal-arizmendi-mexico-esta-salpicando-sangre\/","title":{"rendered":"Cardenal Arizmendi: \u201cM\u00e9xico est\u00e1 salpicando sangre\u201d"},"content":{"rendered":"<p>El\u00a0<a href=\"https:\/\/exaudi.org\/es\/author\/felipearizmendi\/\">cardenal Felipe Arizmendi<\/a>, obispo em\u00e9rito de San Crist\u00f3bal de Las Casas y responsable de la Doctrina de la Fe en la\u00a0<a href=\"https:\/\/www.cem.org.mx\/\">Conferencia del Episcopado Mexicano (CEM)<\/a>, ofrece a los lectores de Exaudi su art\u00edculo semanal titulado \u201c<em>M\u00e9xico est\u00e1 salpicando sangre<\/em><em>\u201d.<\/em><\/p>\n<p>***<\/p>\n<p><strong>MIRAR<\/strong><\/p>\n<p>Esta es la afirmaci\u00f3n que ha hecho, para describir lo que estamos viviendo en nuestro pa\u00eds, el obispo de Cuernavaca, Ram\u00f3n Castro, Secretario General de la Conferencia del Episcopado Mexicano. El Papa Francisco, con ocasi\u00f3n del asesinato de dos sacerdotes jesuitas, expres\u00f3: <em>\u201c<\/em><em>\u00a1Cu\u00e1ntos asesinatos en M\u00e9xico! Estoy cercano con el afecto y la oraci\u00f3n a la comunidad cat\u00f3lica afectada por esta tragedia. Una vez m\u00e1s, repito que la violencia no resuelve los problemas, sino que aumenta los sufrimientos innecesarios\u201d.<\/em><\/p>\n<p>Seg\u00fan cifras oficiales, estamos rebasando los \u00edndices de criminalidad que hubo en otros sexenios, aunque en algunos rubros hayan bajado. Ante estos hechos y ante la sensaci\u00f3n generalizada de inseguridad y violencia, no es v\u00e1lido culpar a otros, sino asumir la propia responsabilidad. Afirmar sin vacilaci\u00f3n que no se va a cambiar la estrategia gubernamental ante este fen\u00f3meno, denota cerraz\u00f3n de mente y de coraz\u00f3n, para no dejarse interpelar por los datos de la realidad. No escuchar lo voz de muchos ciudadanos que se sienten inermes ante el crimen organizado, indica muy poca sabidur\u00eda. Insistir en que los cr\u00edticos de este gobierno, incluso nosotros los religiosos, lo hacemos por otros intereses, manifiesta muy poca humildad para asumir los propios errores. Hay que preguntarnos por qu\u00e9, a pesar de este y otros fracasos, las encuestas de opini\u00f3n p\u00fablica siguen concediendo un alto nivel de aceptaci\u00f3n y confianza a quienes sostienen esa estrategia. Quiz\u00e1 sea por las d\u00e1divas que reciben, y que provienen de nuestros impuestos, no de los bolsillos de los gobernantes.<\/p>\n<p>Es verdad que hay que atacar las causas de la criminalidad; por ello, es muy valioso ofrecer becas a los j\u00f3venes estudiantes, promover fuentes de trabajo, sembrar \u00e1rboles, apoyar a los mayores de edad y dem\u00e1s acciones gubernamentales para combatir la pobreza; pero al mismo tiempo se deber\u00edan implementar medidas para impedir que los grupos criminales hagan lo que quieran, con armas de alto poder, sembrando terror e inseguridad por todas partes. Es cierto que, despu\u00e9s de que suceden asesinatos y se denuncian amenazas, se mandan contingentes policiacos y militares, que patrullan unos d\u00edas las comunidades. Mientras duran esos patrullajes, los criminales desaparecen, pues tienen <em>\u201chalcones\u201d<\/em>, la mayor\u00eda no voluntarios sino obligados bajo amenaza, quienes les avisan por radio o por otros medios para que se oculten; y, cuando los militares se retiran, vuelven a sus extorsiones y abusos contra quienes viven honradamente de su trabajo. Es responsabilidad de los diferentes niveles de gobierno proteger al pueblo y no escudarse en culpar a otros. Tambi\u00e9n nosotros, como pastores de la Iglesia, nos cuestionamos sobre c\u00f3mo nuestra pastoral debe afrontar esta ola violenta y criminal. Y si a esto agregamos el libertinaje en la venta y consumo de drogas, que tantos apoyan como un progreso, el problema asume niveles dif\u00edciles de controlar y convertir.<\/p>\n<p><strong>DISCERNIR<\/strong><\/p>\n<p>El episcopado mexicano ha emitido un valiente y sabio mensaje, que ojal\u00e1 todos asumi\u00e9ramos: <em>\u201cLos obispos mexicanos nos dirigimos como pastores de la comunidad cat\u00f3lica, al Pueblo de M\u00e9xico con profunda preocupaci\u00f3n por la creciente violencia que sufre nuestro querido Pa\u00eds y con una gran tristeza por la p\u00e9rdida de miles de vidas inocentes que llenan de luto a familias enteras. El crimen se ha extendido por todas partes trastocando la vida cotidiana de toda la sociedad, afectando las actividades productivas en las ciudades y en el campo, ejerciendo presi\u00f3n con extorsiones hacia quienes trabajan honestamente en los mercados, en las escuelas, en las peque\u00f1as, medianas y grandes empresas; se han adue\u00f1ado de las calles, de las colonias y de pueblos enteros, adem\u00e1s de caminos, carreteras y autopistas y, lo m\u00e1s grave, han llegado a manifestarse con niveles de crueldad inhumana en ejecuciones y masacres que han hecho de nuestro pa\u00eds uno de los lugares m\u00e1s inseguros y violentos del mundo. <\/em><\/p>\n<p><em>\u00a0<\/em><em>El reciente asesinato de un civil y de dos sacerdotes Jesuitas dentro del templo cat\u00f3lico de Cerocahui, en la regi\u00f3n de la Tarahumara en Chihuahua, no es m\u00e1s que una muestra m\u00e1s de la falta de valores y sensibilidad a la que se ha llegado, perdiendo todo respeto a la dignidad humana. Los datos oficiales nos hablan de casi 122,000 asesinatos a manos de los criminales durante los tres a\u00f1os y medio. \u201c\u00a1Cu\u00e1ntos asesinatos en M\u00e9xico!\u201d ha expresado con dolor el Papa Francisco en la Audiencia General del 22 de junio de este a\u00f1o. \u00a1Cu\u00e1nta maldad y desorden social! expresamos nosotros como obispos mexicanos. <\/em><\/p>\n<p><em>Reconocemos que como Iglesia no hemos hecho lo suficiente en la evangelizaci\u00f3n de los pueblos y que es necesario redoblar esfuerzos. Queda mucho por hacer en la reconstrucci\u00f3n del tejido social, desde la labor pastoral que nos es propia. Reafirmamos nuestro compromiso manifestado en nuestro primer eje transversal del proyecto pastoral 2031-2034: LA CONSTRUCCI\u00d3N DE PAZ. Por tanto, hacemos un llamado a todo el pueblo de Dios, en especial a los sacerdotes, religiosos (as), catequistas, evangelizadores y dem\u00e1s agentes de pastoral, a sumarse en los trabajos por concretar el proyecto de PAZ de Cristo. <\/em><\/p>\n<p><em>Queremos manifestar nuestra cercan\u00eda y solidaridad con todas las v\u00edctimas, m\u00e1s all\u00e1 de nuestras diferencias pol\u00edticas o sociales, reconociendo que todos somos hermanos.<\/em><\/p>\n<p><em>Queremos sumarnos a las miles de voces de los ciudadanos de buena voluntad que piden que se ponga un alto a esta situaci\u00f3n. \u00a1Ya basta! No podemos ser indiferentes ni ajenos a lo que nos est\u00e1 afectando a todos. <\/em><\/p>\n<p><em>Ante la gravedad de los hechos, hacemos un llamado al Gobierno Federal y a los distintos niveles de autoridades, en consonancia con el pronunciamiento que se ha realizado desde el Senado de la Rep\u00fablica: es tiempo de revisar las estrategias de seguridad que est\u00e1n fracasando. Es tiempo de escuchar a la ciudadan\u00eda, a las voces de miles de familiares de las v\u00edctimas, de asesinados y desaparecidos, a los cuerpos policiacos maltratados por el crimen. Es tiempo de escuchar a los acad\u00e9micos e investigadores, a las denuncias de los medios de comunicaci\u00f3n, a todas las fuerzas pol\u00edticas, a la sociedad civil y a las asociaciones religiosas. Creemos que no es \u00fatil negar la realidad y tampoco culpar a tiempos pasados de lo que nos toca resolver ahora. Escucharnos no hace d\u00e9bil a nadie; al contrario, nos fortalece como Naci\u00f3n. <\/em><\/p>\n<p><em>Todos somos mexicanos, todos necesitamos vivir en paz y concordia. Es responsabilidad de los gobernantes aplicar la ley con justicia para erradicar la impunidad, respetando los derechos humanos, pero procurando la seguridad de los ciudadanos y la paz social. Como obispos mexicanos en unidad con el Pueblo de M\u00e9xico del que tambi\u00e9n somos parte, hacemos un respetuoso llamado a nuestras autoridades pol\u00edticas a convocar a un di\u00e1logo nacional para emprender acciones inteligentes e integrales con el fin de alcanzar la paz mediante una participaci\u00f3n conjunta. Creemos que \u201cla paz es posible, que tiene que ser posible\u201d. En esta tarea todos los ciudadanos de buena voluntad podemos ser aliados. \u00a1No perdamos esta oportunidad!\u201d<\/em> (23 de junio de 2022).<\/p>\n<p><strong>ACTUAR<\/strong><\/p>\n<p>Revis\u00e9monos, con humildad, y reconozcamos en qu\u00e9 hemos fallado, al llegar a estos niveles de criminalidad. Empecemos por la familia, por la educaci\u00f3n de los hijos, por los programas escolares, por nuestra pastoral eclesial, y los gobernantes por sus acciones u omisiones.<\/p>\n","protected":false},"excerpt":{"rendered":"<p>La violencia no resuelve los problemas<\/p>\n","protected":false},"author":24,"featured_media":58794,"comment_status":"closed","ping_status":"closed","sticky":false,"template":"","format":"standard","meta":{"_acf_changed":false,"_crdt_document":"","inline_featured_image":false,"footnotes":""},"categories":[130],"tags":[6465,6464,4953],"class_list":["post-58793","post","type-post","status-publish","format-standard","has-post-thumbnail","hentry","category-voces","tag-mexico-esta-salpicando-sangre","tag-mons-felipe-arizmendi","tag-trending-es"],"acf":[],"yoast_head":"<!-- This site is optimized with the Yoast SEO plugin v27.4 - https:\/\/yoast.com\/product\/yoast-seo-wordpress\/ -->\n<title>Cardenal Arizmendi: \u201cM\u00e9xico est\u00e1 salpicando sangre\u201d &#8211; Exaudi<\/title>\n<meta name=\"robots\" content=\"index, follow, max-snippet:-1, max-image-preview:large, max-video-preview:-1\" \/>\n<link rel=\"canonical\" href=\"https:\/\/exaudi.org\/es\/cardenal-arizmendi-mexico-esta-salpicando-sangre\/\" \/>\n<meta property=\"og:locale\" content=\"es_ES\" \/>\n<meta property=\"og:type\" content=\"article\" \/>\n<meta property=\"og:title\" content=\"Cardenal Arizmendi: \u201cM\u00e9xico est\u00e1 salpicando sangre\u201d &#8211; Exaudi\" \/>\n<meta property=\"og:description\" content=\"La violencia no resuelve los problemas\" \/>\n<meta property=\"og:url\" content=\"https:\/\/exaudi.org\/es\/cardenal-arizmendi-mexico-esta-salpicando-sangre\/\" \/>\n<meta property=\"og:site_name\" content=\"Exaudi\" \/>\n<meta property=\"article:publisher\" content=\"https:\/\/www.facebook.com\/ExaudiNews\" \/>\n<meta property=\"article:published_time\" content=\"2022-06-29T19:14:41+00:00\" \/>\n<meta property=\"og:image\" content=\"https:\/\/exaudi.org\/wp-content\/uploads\/2022\/06\/lizmanzanokuan-1568058994232-cathopic-scaled.jpg\" \/>\n\t<meta property=\"og:image:width\" content=\"1707\" \/>\n\t<meta property=\"og:image:height\" content=\"2560\" \/>\n\t<meta property=\"og:image:type\" content=\"image\/jpeg\" \/>\n<meta name=\"author\" content=\"Cardenal Felipe Arizmendi\" \/>\n<meta name=\"twitter:card\" content=\"summary_large_image\" \/>\n<meta name=\"twitter:creator\" content=\"@Exaudi_News\" \/>\n<meta name=\"twitter:site\" content=\"@Exaudi_News\" \/>\n<meta name=\"twitter:label1\" content=\"Escrito por\" \/>\n\t<meta name=\"twitter:data1\" content=\"Cardenal Felipe Arizmendi\" \/>\n\t<meta name=\"twitter:label2\" content=\"Tiempo de lectura\" \/>\n\t<meta name=\"twitter:data2\" content=\"6 minutos\" \/>\n<script type=\"application\/ld+json\" class=\"yoast-schema-graph\">{\"@context\":\"https:\\\/\\\/schema.org\",\"@graph\":[{\"@type\":\"Article\",\"@id\":\"https:\\\/\\\/exaudi.org\\\/es\\\/cardenal-arizmendi-mexico-esta-salpicando-sangre\\\/#article\",\"isPartOf\":{\"@id\":\"https:\\\/\\\/exaudi.org\\\/es\\\/cardenal-arizmendi-mexico-esta-salpicando-sangre\\\/\"},\"author\":{\"name\":\"Cardenal Felipe Arizmendi\",\"@id\":\"https:\\\/\\\/exaudi.org\\\/#\\\/schema\\\/person\\\/c7d223f87e58f1105d044d8da1439102\"},\"headline\":\"Cardenal Arizmendi: \u201cM\u00e9xico est\u00e1 salpicando sangre\u201d\",\"datePublished\":\"2022-06-29T19:14:41+00:00\",\"mainEntityOfPage\":{\"@id\":\"https:\\\/\\\/exaudi.org\\\/es\\\/cardenal-arizmendi-mexico-esta-salpicando-sangre\\\/\"},\"wordCount\":1310,\"image\":{\"@id\":\"https:\\\/\\\/exaudi.org\\\/es\\\/cardenal-arizmendi-mexico-esta-salpicando-sangre\\\/#primaryimage\"},\"thumbnailUrl\":\"https:\\\/\\\/exaudi.org\\\/wp-content\\\/uploads\\\/2022\\\/06\\\/lizmanzanokuan-1568058994232-cathopic-scaled.jpg\",\"keywords\":[\"M\u00e9xico est\u00e1 salpicando sangre\",\"Mons. Felipe Arizmendi\",\"Trending\"],\"articleSection\":[\"Voces\"],\"inLanguage\":\"es\"},{\"@type\":\"WebPage\",\"@id\":\"https:\\\/\\\/exaudi.org\\\/es\\\/cardenal-arizmendi-mexico-esta-salpicando-sangre\\\/\",\"url\":\"https:\\\/\\\/exaudi.org\\\/es\\\/cardenal-arizmendi-mexico-esta-salpicando-sangre\\\/\",\"name\":\"Cardenal Arizmendi: \u201cM\u00e9xico est\u00e1 salpicando sangre\u201d &#8211; Exaudi\",\"isPartOf\":{\"@id\":\"https:\\\/\\\/exaudi.org\\\/#website\"},\"primaryImageOfPage\":{\"@id\":\"https:\\\/\\\/exaudi.org\\\/es\\\/cardenal-arizmendi-mexico-esta-salpicando-sangre\\\/#primaryimage\"},\"image\":{\"@id\":\"https:\\\/\\\/exaudi.org\\\/es\\\/cardenal-arizmendi-mexico-esta-salpicando-sangre\\\/#primaryimage\"},\"thumbnailUrl\":\"https:\\\/\\\/exaudi.org\\\/wp-content\\\/uploads\\\/2022\\\/06\\\/lizmanzanokuan-1568058994232-cathopic-scaled.jpg\",\"datePublished\":\"2022-06-29T19:14:41+00:00\",\"author\":{\"@id\":\"https:\\\/\\\/exaudi.org\\\/#\\\/schema\\\/person\\\/c7d223f87e58f1105d044d8da1439102\"},\"breadcrumb\":{\"@id\":\"https:\\\/\\\/exaudi.org\\\/es\\\/cardenal-arizmendi-mexico-esta-salpicando-sangre\\\/#breadcrumb\"},\"inLanguage\":\"es\",\"potentialAction\":[{\"@type\":\"ReadAction\",\"target\":[\"https:\\\/\\\/exaudi.org\\\/es\\\/cardenal-arizmendi-mexico-esta-salpicando-sangre\\\/\"]}]},{\"@type\":\"ImageObject\",\"inLanguage\":\"es\",\"@id\":\"https:\\\/\\\/exaudi.org\\\/es\\\/cardenal-arizmendi-mexico-esta-salpicando-sangre\\\/#primaryimage\",\"url\":\"https:\\\/\\\/exaudi.org\\\/wp-content\\\/uploads\\\/2022\\\/06\\\/lizmanzanokuan-1568058994232-cathopic-scaled.jpg\",\"contentUrl\":\"https:\\\/\\\/exaudi.org\\\/wp-content\\\/uploads\\\/2022\\\/06\\\/lizmanzanokuan-1568058994232-cathopic-scaled.jpg\",\"width\":1707,\"height\":2560,\"caption\":\"lizmanzanokuan-\u00a9 Cathopic\"},{\"@type\":\"BreadcrumbList\",\"@id\":\"https:\\\/\\\/exaudi.org\\\/es\\\/cardenal-arizmendi-mexico-esta-salpicando-sangre\\\/#breadcrumb\",\"itemListElement\":[{\"@type\":\"ListItem\",\"position\":1,\"name\":\"Portada\",\"item\":\"https:\\\/\\\/exaudi.org\\\/es\\\/\"},{\"@type\":\"ListItem\",\"position\":2,\"name\":\"Cardenal Arizmendi: \u201cM\u00e9xico est\u00e1 salpicando sangre\u201d\"}]},{\"@type\":\"WebSite\",\"@id\":\"https:\\\/\\\/exaudi.org\\\/#website\",\"url\":\"https:\\\/\\\/exaudi.org\\\/\",\"name\":\"Exaudi\",\"description\":\"News\",\"potentialAction\":[{\"@type\":\"SearchAction\",\"target\":{\"@type\":\"EntryPoint\",\"urlTemplate\":\"https:\\\/\\\/exaudi.org\\\/?s={search_term_string}\"},\"query-input\":{\"@type\":\"PropertyValueSpecification\",\"valueRequired\":true,\"valueName\":\"search_term_string\"}}],\"inLanguage\":\"es\"},{\"@type\":\"Person\",\"@id\":\"https:\\\/\\\/exaudi.org\\\/#\\\/schema\\\/person\\\/c7d223f87e58f1105d044d8da1439102\",\"name\":\"Cardenal Felipe Arizmendi\",\"image\":{\"@type\":\"ImageObject\",\"inLanguage\":\"es\",\"@id\":\"https:\\\/\\\/secure.gravatar.com\\\/avatar\\\/4ffc5520d896b86d39346168903de33a17ef0f23d16de0ff45062c1ff422ed2f?s=96&d=mm&r=g\",\"url\":\"https:\\\/\\\/secure.gravatar.com\\\/avatar\\\/4ffc5520d896b86d39346168903de33a17ef0f23d16de0ff45062c1ff422ed2f?s=96&d=mm&r=g\",\"contentUrl\":\"https:\\\/\\\/secure.gravatar.com\\\/avatar\\\/4ffc5520d896b86d39346168903de33a17ef0f23d16de0ff45062c1ff422ed2f?s=96&d=mm&r=g\",\"caption\":\"Cardenal Felipe Arizmendi\"},\"description\":\"Nacido en Chiltepec el 1 de mayo de 1940. Estudi\u00f3 Humanidades y Filosof\u00eda en el Seminario de Toluca, de 1952 a 1959. Curs\u00f3 la Teolog\u00eda en la Universidad Pontificia de Salamanca, Espa\u00f1a, de 1959 a 1963, obteniendo la licenciatura en Teolog\u00eda Dogm\u00e1tica. Por su cuenta, se especializ\u00f3 en Liturgia. Fue ordenado sacerdote el 25 de agosto de 1963 en Toluca. Sirvi\u00f3 como Vicario Parroquial en tres parroquias por tres a\u00f1os y medio y fue p\u00e1rroco de una comunidad ind\u00edgena otom\u00ed, de 1967 a 1970. Fue Director Espiritual del Seminario de Toluca por diez a\u00f1os, y Rector del mismo de 1981 a 1991. El 7 de marzo de 1991, fue ordenado obispo de la di\u00f3cesis de Tapachula, donde estuvo hasta el 30 de abril del a\u00f1o 2000. El 1 de mayo del 2000, inici\u00f3 su ministerio episcopal como XLVI obispo de la di\u00f3cesis de San Crist\u00f3bal de las Casas, Chiapas, una de las di\u00f3cesis m\u00e1s antiguas de M\u00e9xico, erigida en 1539; all\u00ed sirvi\u00f3 por casi 18 a\u00f1os. Ha ocupado diversos cargos en la Conferencia del Episcopado Mexicano y en el CELAM. El 3 de noviembre de 2017, el Papa Francisco le acept\u00f3, por edad, su renuncia al servicio episcopal en esta di\u00f3cesis, que entreg\u00f3 a su sucesor el 3 de enero de 2018. Desde entonces, reside en la ciudad de Toluca. Desde 1979, escribe art\u00edculos de actualidad en varios medios religiosos y civiles. Es autor de varias publicaciones.\",\"url\":\"https:\\\/\\\/exaudi.org\\\/es\\\/author\\\/felipearizmendi\\\/\"}]}<\/script>\n<!-- \/ Yoast SEO plugin. -->","yoast_head_json":{"title":"Cardenal Arizmendi: \u201cM\u00e9xico est\u00e1 salpicando sangre\u201d &#8211; Exaudi","robots":{"index":"index","follow":"follow","max-snippet":"max-snippet:-1","max-image-preview":"max-image-preview:large","max-video-preview":"max-video-preview:-1"},"canonical":"https:\/\/exaudi.org\/es\/cardenal-arizmendi-mexico-esta-salpicando-sangre\/","og_locale":"es_ES","og_type":"article","og_title":"Cardenal Arizmendi: \u201cM\u00e9xico est\u00e1 salpicando sangre\u201d &#8211; Exaudi","og_description":"La violencia no resuelve los problemas","og_url":"https:\/\/exaudi.org\/es\/cardenal-arizmendi-mexico-esta-salpicando-sangre\/","og_site_name":"Exaudi","article_publisher":"https:\/\/www.facebook.com\/ExaudiNews","article_published_time":"2022-06-29T19:14:41+00:00","og_image":[{"width":1707,"height":2560,"url":"https:\/\/exaudi.org\/wp-content\/uploads\/2022\/06\/lizmanzanokuan-1568058994232-cathopic-scaled.jpg","type":"image\/jpeg"}],"author":"Cardenal Felipe Arizmendi","twitter_card":"summary_large_image","twitter_creator":"@Exaudi_News","twitter_site":"@Exaudi_News","twitter_misc":{"Escrito por":"Cardenal Felipe Arizmendi","Tiempo de lectura":"6 minutos"},"schema":{"@context":"https:\/\/schema.org","@graph":[{"@type":"Article","@id":"https:\/\/exaudi.org\/es\/cardenal-arizmendi-mexico-esta-salpicando-sangre\/#article","isPartOf":{"@id":"https:\/\/exaudi.org\/es\/cardenal-arizmendi-mexico-esta-salpicando-sangre\/"},"author":{"name":"Cardenal Felipe Arizmendi","@id":"https:\/\/exaudi.org\/#\/schema\/person\/c7d223f87e58f1105d044d8da1439102"},"headline":"Cardenal Arizmendi: \u201cM\u00e9xico est\u00e1 salpicando sangre\u201d","datePublished":"2022-06-29T19:14:41+00:00","mainEntityOfPage":{"@id":"https:\/\/exaudi.org\/es\/cardenal-arizmendi-mexico-esta-salpicando-sangre\/"},"wordCount":1310,"image":{"@id":"https:\/\/exaudi.org\/es\/cardenal-arizmendi-mexico-esta-salpicando-sangre\/#primaryimage"},"thumbnailUrl":"https:\/\/exaudi.org\/wp-content\/uploads\/2022\/06\/lizmanzanokuan-1568058994232-cathopic-scaled.jpg","keywords":["M\u00e9xico est\u00e1 salpicando sangre","Mons. Felipe Arizmendi","Trending"],"articleSection":["Voces"],"inLanguage":"es"},{"@type":"WebPage","@id":"https:\/\/exaudi.org\/es\/cardenal-arizmendi-mexico-esta-salpicando-sangre\/","url":"https:\/\/exaudi.org\/es\/cardenal-arizmendi-mexico-esta-salpicando-sangre\/","name":"Cardenal Arizmendi: \u201cM\u00e9xico est\u00e1 salpicando sangre\u201d &#8211; Exaudi","isPartOf":{"@id":"https:\/\/exaudi.org\/#website"},"primaryImageOfPage":{"@id":"https:\/\/exaudi.org\/es\/cardenal-arizmendi-mexico-esta-salpicando-sangre\/#primaryimage"},"image":{"@id":"https:\/\/exaudi.org\/es\/cardenal-arizmendi-mexico-esta-salpicando-sangre\/#primaryimage"},"thumbnailUrl":"https:\/\/exaudi.org\/wp-content\/uploads\/2022\/06\/lizmanzanokuan-1568058994232-cathopic-scaled.jpg","datePublished":"2022-06-29T19:14:41+00:00","author":{"@id":"https:\/\/exaudi.org\/#\/schema\/person\/c7d223f87e58f1105d044d8da1439102"},"breadcrumb":{"@id":"https:\/\/exaudi.org\/es\/cardenal-arizmendi-mexico-esta-salpicando-sangre\/#breadcrumb"},"inLanguage":"es","potentialAction":[{"@type":"ReadAction","target":["https:\/\/exaudi.org\/es\/cardenal-arizmendi-mexico-esta-salpicando-sangre\/"]}]},{"@type":"ImageObject","inLanguage":"es","@id":"https:\/\/exaudi.org\/es\/cardenal-arizmendi-mexico-esta-salpicando-sangre\/#primaryimage","url":"https:\/\/exaudi.org\/wp-content\/uploads\/2022\/06\/lizmanzanokuan-1568058994232-cathopic-scaled.jpg","contentUrl":"https:\/\/exaudi.org\/wp-content\/uploads\/2022\/06\/lizmanzanokuan-1568058994232-cathopic-scaled.jpg","width":1707,"height":2560,"caption":"lizmanzanokuan-\u00a9 Cathopic"},{"@type":"BreadcrumbList","@id":"https:\/\/exaudi.org\/es\/cardenal-arizmendi-mexico-esta-salpicando-sangre\/#breadcrumb","itemListElement":[{"@type":"ListItem","position":1,"name":"Portada","item":"https:\/\/exaudi.org\/es\/"},{"@type":"ListItem","position":2,"name":"Cardenal Arizmendi: \u201cM\u00e9xico est\u00e1 salpicando sangre\u201d"}]},{"@type":"WebSite","@id":"https:\/\/exaudi.org\/#website","url":"https:\/\/exaudi.org\/","name":"Exaudi","description":"News","potentialAction":[{"@type":"SearchAction","target":{"@type":"EntryPoint","urlTemplate":"https:\/\/exaudi.org\/?s={search_term_string}"},"query-input":{"@type":"PropertyValueSpecification","valueRequired":true,"valueName":"search_term_string"}}],"inLanguage":"es"},{"@type":"Person","@id":"https:\/\/exaudi.org\/#\/schema\/person\/c7d223f87e58f1105d044d8da1439102","name":"Cardenal Felipe Arizmendi","image":{"@type":"ImageObject","inLanguage":"es","@id":"https:\/\/secure.gravatar.com\/avatar\/4ffc5520d896b86d39346168903de33a17ef0f23d16de0ff45062c1ff422ed2f?s=96&d=mm&r=g","url":"https:\/\/secure.gravatar.com\/avatar\/4ffc5520d896b86d39346168903de33a17ef0f23d16de0ff45062c1ff422ed2f?s=96&d=mm&r=g","contentUrl":"https:\/\/secure.gravatar.com\/avatar\/4ffc5520d896b86d39346168903de33a17ef0f23d16de0ff45062c1ff422ed2f?s=96&d=mm&r=g","caption":"Cardenal Felipe Arizmendi"},"description":"Nacido en Chiltepec el 1 de mayo de 1940. Estudi\u00f3 Humanidades y Filosof\u00eda en el Seminario de Toluca, de 1952 a 1959. Curs\u00f3 la Teolog\u00eda en la Universidad Pontificia de Salamanca, Espa\u00f1a, de 1959 a 1963, obteniendo la licenciatura en Teolog\u00eda Dogm\u00e1tica. Por su cuenta, se especializ\u00f3 en Liturgia. Fue ordenado sacerdote el 25 de agosto de 1963 en Toluca. Sirvi\u00f3 como Vicario Parroquial en tres parroquias por tres a\u00f1os y medio y fue p\u00e1rroco de una comunidad ind\u00edgena otom\u00ed, de 1967 a 1970. Fue Director Espiritual del Seminario de Toluca por diez a\u00f1os, y Rector del mismo de 1981 a 1991. El 7 de marzo de 1991, fue ordenado obispo de la di\u00f3cesis de Tapachula, donde estuvo hasta el 30 de abril del a\u00f1o 2000. El 1 de mayo del 2000, inici\u00f3 su ministerio episcopal como XLVI obispo de la di\u00f3cesis de San Crist\u00f3bal de las Casas, Chiapas, una de las di\u00f3cesis m\u00e1s antiguas de M\u00e9xico, erigida en 1539; all\u00ed sirvi\u00f3 por casi 18 a\u00f1os. Ha ocupado diversos cargos en la Conferencia del Episcopado Mexicano y en el CELAM. El 3 de noviembre de 2017, el Papa Francisco le acept\u00f3, por edad, su renuncia al servicio episcopal en esta di\u00f3cesis, que entreg\u00f3 a su sucesor el 3 de enero de 2018. Desde entonces, reside en la ciudad de Toluca. Desde 1979, escribe art\u00edculos de actualidad en varios medios religiosos y civiles. Es autor de varias publicaciones.","url":"https:\/\/exaudi.org\/es\/author\/felipearizmendi\/"}]}},"jetpack_featured_media_url":"https:\/\/exaudi.org\/wp-content\/uploads\/2022\/06\/lizmanzanokuan-1568058994232-cathopic-scaled.jpg","jetpack_shortlink":"https:\/\/wp.me\/pgKjF2-fih","_links":{"self":[{"href":"https:\/\/exaudi.org\/es\/wp-json\/wp\/v2\/posts\/58793","targetHints":{"allow":["GET"]}}],"collection":[{"href":"https:\/\/exaudi.org\/es\/wp-json\/wp\/v2\/posts"}],"about":[{"href":"https:\/\/exaudi.org\/es\/wp-json\/wp\/v2\/types\/post"}],"author":[{"embeddable":true,"href":"https:\/\/exaudi.org\/es\/wp-json\/wp\/v2\/users\/24"}],"replies":[{"embeddable":true,"href":"https:\/\/exaudi.org\/es\/wp-json\/wp\/v2\/comments?post=58793"}],"version-history":[{"count":0,"href":"https:\/\/exaudi.org\/es\/wp-json\/wp\/v2\/posts\/58793\/revisions"}],"wp:featuredmedia":[{"embeddable":true,"href":"https:\/\/exaudi.org\/es\/wp-json\/wp\/v2\/media\/58794"}],"wp:attachment":[{"href":"https:\/\/exaudi.org\/es\/wp-json\/wp\/v2\/media?parent=58793"}],"wp:term":[{"taxonomy":"category","embeddable":true,"href":"https:\/\/exaudi.org\/es\/wp-json\/wp\/v2\/categories?post=58793"},{"taxonomy":"post_tag","embeddable":true,"href":"https:\/\/exaudi.org\/es\/wp-json\/wp\/v2\/tags?post=58793"}],"curies":[{"name":"wp","href":"https:\/\/api.w.org\/{rel}","templated":true}]}}