{"id":58657,"date":"2022-06-26T17:11:32","date_gmt":"2022-06-26T15:11:32","guid":{"rendered":"https:\/\/exaudi.org\/?p=58657"},"modified":"2022-06-26T17:17:04","modified_gmt":"2022-06-26T15:17:04","slug":"preocupacion-del-papa-por-lo-que-ocurre-en-ecuador-y-por-la-guerra-de-ucrania","status":"publish","type":"post","link":"https:\/\/exaudi.org\/es\/preocupacion-del-papa-por-lo-que-ocurre-en-ecuador-y-por-la-guerra-de-ucrania\/","title":{"rendered":"Preocupaci\u00f3n del Papa por lo que ocurre en Ecuador y por la guerra de Ucrania"},"content":{"rendered":"<p>\u201cSigo con preocupaci\u00f3n lo que ocurre en Ecuador.\u201d, dijo hoy el Papa Francisco tras el rezo del\u00a0<a href=\"https:\/\/exaudi.org\/es\/el-papa-el-fuego-que-vino-a-traer-a-la-tierra-es-el-amor-misericordioso-del-padre\/\" target=\"_blank\" rel=\"noopener\"><em>\u00c1ngelus<\/em><\/a>\u00a0de este domingo, 26 de junio de 2022, con los fieles y peregrinos reunidos en la Plaza de San Pedro.<\/p>\n<p>\u201cEn Ucrania, los bombardeos contin\u00faan, causando muerte, destrucci\u00f3n y sufrimiento a la poblaci\u00f3n. Por favor, no olvidemos a este pueblo afligido por la guerra. No los olvidemos en nuestros corazones y en nuestras oraciones\u201d, se lament\u00f3 el Papa.<\/p>\n<p>El Santo Padre expres\u00f3 su cercan\u00eda a la familia y a las hermanas de la hermana Luisa Dell&#8217;Orto, hermanita del Evangelio de Charles de Foucauld, asesinada ayer en Puerto Pr\u00edncipe.<\/p>\n<p>Finalmente, el Obispo de Roma, salud\u00f3 a los fieles y peregrinos reunidos en la Plaza de San Pedro deseando a todos un feliz domingo.<\/p>\n<p>A continuaci\u00f3n, siguen las palabras del Papa despu\u00e9s de la oraci\u00f3n del\u00a0<em>\u00c1ngelus,<\/em>\u00a0ofrecidas por la\u00a0<a href=\"https:\/\/www.vatican.va\/news_services\/press\/index_sp.htm\">Oficina de Prensa de la Santa Sede:<\/a><\/p>\n<h4>***<\/h4>\n<h4><strong>Palabras del Papa<\/strong><\/h4>\n<p>\u00a1Queridos hermanos y hermanas!<\/p>\n<p>Sigo con preocupaci\u00f3n lo que ocurre en Ecuador. Estoy cerca de ese pueblo y animo a todas las partes a abandonar la violencia y las posiciones extremas. Aprendamos: s\u00f3lo a trav\u00e9s del di\u00e1logo ser\u00e1 posible encontrar, espero que pronto, la paz social, con especial atenci\u00f3n a las poblaciones marginadas y a los m\u00e1s pobres, pero siempre respetando los derechos de todos y las instituciones del pa\u00eds.<\/p>\n<p>Deseo expresar mi cercan\u00eda a la familia y a las hermanas de la hermana Luisa Dell&#8217;Orto, hermanita del Evangelio de Charles de Foucauld, asesinada ayer en Puerto Pr\u00edncipe, capital de Hait\u00ed. La hermana Luisa llevaba 20 a\u00f1os viviendo all\u00ed, dedicada sobre todo al servicio de los ni\u00f1os de la calle. Encomiendo su alma a Dios y rezo por el pueblo haitiano, especialmente por los m\u00e1s peque\u00f1os, para que tengan un futuro m\u00e1s sereno, sin miseria ni violencia. Sor Luisa hizo de su vida un don para los dem\u00e1s, hasta el martirio.<\/p>\n<p>Los saludo a todos, romanos y peregrinos de Italia y de muchos pa\u00edses: veo la bandera argentina, mis compatriotas. Los saludo a todos. En particular, saludo a los fieles de Lisboa, a los estudiantes del Instituto Notre-Dame de Sainte-Croix de Neuilly, Francia, y a los de Telfs, Austria. Saludo al Coro polif\u00f3nico de Riesi, al grupo de padres de Rovigo y a la comunidad pastoral Beato Serafino Morazzone de Maggianico. Veo que hay banderas de Ucrania: all\u00ed, en Ucrania, los bombardeos contin\u00faan, causando muerte, destrucci\u00f3n y sufrimiento a la poblaci\u00f3n. Por favor, no olvidemos a este pueblo afligido por la guerra. No los olvidemos en nuestros corazones y en nuestras oraciones.<\/p>\n<p>Le deseo un buen domingo. Y, por favor, no olviden rezar por m\u00ed. Que tengas un buen almuerzo y hasta luego.<\/p>\n","protected":false},"excerpt":{"rendered":"<p>Palabras del Santo Padre despu\u00e9s del \u00c1ngelus<\/p>\n","protected":false},"author":15,"featured_media":58658,"comment_status":"closed","ping_status":"closed","sticky":false,"template":"","format":"standard","meta":{"_acf_changed":false,"_crdt_document":"","inline_featured_image":false,"footnotes":""},"categories":[70,68],"tags":[6450,4953],"class_list":["post-58657","post","type-post","status-publish","format-standard","has-post-thumbnail","hentry","category-angelus-es","category-leon-xiv","tag-angelus-26-junio-2022","tag-trending-es"],"acf":[],"yoast_head":"<!-- This site is optimized with the Yoast SEO plugin v27.5 - https:\/\/yoast.com\/product\/yoast-seo-wordpress\/ -->\n<title>Preocupaci\u00f3n del Papa por lo que ocurre en Ecuador y por la guerra de Ucrania &#8211; Exaudi<\/title>\n<meta name=\"robots\" content=\"index, follow, max-snippet:-1, max-image-preview:large, max-video-preview:-1\" \/>\n<link rel=\"canonical\" href=\"https:\/\/exaudi.org\/es\/preocupacion-del-papa-por-lo-que-ocurre-en-ecuador-y-por-la-guerra-de-ucrania\/\" \/>\n<meta property=\"og:locale\" content=\"es_ES\" \/>\n<meta property=\"og:type\" content=\"article\" \/>\n<meta property=\"og:title\" content=\"Preocupaci\u00f3n del Papa por lo que ocurre en Ecuador y por la guerra de Ucrania &#8211; Exaudi\" \/>\n<meta property=\"og:description\" content=\"Palabras del Santo Padre despu\u00e9s del \u00c1ngelus\" \/>\n<meta property=\"og:url\" content=\"https:\/\/exaudi.org\/es\/preocupacion-del-papa-por-lo-que-ocurre-en-ecuador-y-por-la-guerra-de-ucrania\/\" \/>\n<meta property=\"og:site_name\" content=\"Exaudi\" \/>\n<meta property=\"article:publisher\" content=\"https:\/\/www.facebook.com\/ExaudiNews\" \/>\n<meta property=\"article:author\" content=\"https:\/\/www.facebook.com\/ExaudiNoticias\/\" \/>\n<meta property=\"article:published_time\" content=\"2022-06-26T15:11:32+00:00\" \/>\n<meta property=\"article:modified_time\" content=\"2022-06-26T15:17:04+00:00\" \/>\n<meta property=\"og:image\" content=\"https:\/\/exaudi.org\/wp-content\/uploads\/2022\/06\/Angelus-26-junio-20221-scaled.jpg\" \/>\n\t<meta property=\"og:image:width\" content=\"2560\" \/>\n\t<meta property=\"og:image:height\" content=\"1707\" \/>\n\t<meta property=\"og:image:type\" content=\"image\/jpeg\" \/>\n<meta name=\"author\" content=\"Exaudi Redacci\u00f3n\" \/>\n<meta name=\"twitter:card\" content=\"summary_large_image\" \/>\n<meta name=\"twitter:creator\" content=\"@Exaudi_noticias\" \/>\n<meta name=\"twitter:site\" content=\"@Exaudi_News\" \/>\n<meta name=\"twitter:label1\" content=\"Escrito por\" \/>\n\t<meta name=\"twitter:data1\" content=\"Exaudi Redacci\u00f3n\" \/>\n\t<meta name=\"twitter:label2\" content=\"Tiempo de lectura\" \/>\n\t<meta name=\"twitter:data2\" content=\"3 minutos\" \/>\n<script type=\"application\/ld+json\" class=\"yoast-schema-graph\">{\"@context\":\"https:\\\/\\\/schema.org\",\"@graph\":[{\"@type\":\"Article\",\"@id\":\"https:\\\/\\\/exaudi.org\\\/es\\\/preocupacion-del-papa-por-lo-que-ocurre-en-ecuador-y-por-la-guerra-de-ucrania\\\/#article\",\"isPartOf\":{\"@id\":\"https:\\\/\\\/exaudi.org\\\/es\\\/preocupacion-del-papa-por-lo-que-ocurre-en-ecuador-y-por-la-guerra-de-ucrania\\\/\"},\"author\":{\"name\":\"Exaudi Redacci\u00f3n\",\"@id\":\"https:\\\/\\\/exaudi.org\\\/#\\\/schema\\\/person\\\/f5fc8f063065e38742da7afe15f25df7\"},\"headline\":\"Preocupaci\u00f3n del Papa por lo que ocurre en Ecuador y por la guerra de Ucrania\",\"datePublished\":\"2022-06-26T15:11:32+00:00\",\"dateModified\":\"2022-06-26T15:17:04+00:00\",\"mainEntityOfPage\":{\"@id\":\"https:\\\/\\\/exaudi.org\\\/es\\\/preocupacion-del-papa-por-lo-que-ocurre-en-ecuador-y-por-la-guerra-de-ucrania\\\/\"},\"wordCount\":493,\"image\":{\"@id\":\"https:\\\/\\\/exaudi.org\\\/es\\\/preocupacion-del-papa-por-lo-que-ocurre-en-ecuador-y-por-la-guerra-de-ucrania\\\/#primaryimage\"},\"thumbnailUrl\":\"https:\\\/\\\/exaudi.org\\\/wp-content\\\/uploads\\\/2022\\\/06\\\/Angelus-26-junio-20221-scaled.jpg\",\"keywords\":[\"\u00c1ngelus 26 junio 2022\",\"Trending\"],\"articleSection\":[\"\u00c1ngelus\",\"Le\u00f3n XIV\"],\"inLanguage\":\"es\"},{\"@type\":\"WebPage\",\"@id\":\"https:\\\/\\\/exaudi.org\\\/es\\\/preocupacion-del-papa-por-lo-que-ocurre-en-ecuador-y-por-la-guerra-de-ucrania\\\/\",\"url\":\"https:\\\/\\\/exaudi.org\\\/es\\\/preocupacion-del-papa-por-lo-que-ocurre-en-ecuador-y-por-la-guerra-de-ucrania\\\/\",\"name\":\"Preocupaci\u00f3n del Papa por lo que ocurre en Ecuador y por la guerra de Ucrania &#8211; Exaudi\",\"isPartOf\":{\"@id\":\"https:\\\/\\\/exaudi.org\\\/#website\"},\"primaryImageOfPage\":{\"@id\":\"https:\\\/\\\/exaudi.org\\\/es\\\/preocupacion-del-papa-por-lo-que-ocurre-en-ecuador-y-por-la-guerra-de-ucrania\\\/#primaryimage\"},\"image\":{\"@id\":\"https:\\\/\\\/exaudi.org\\\/es\\\/preocupacion-del-papa-por-lo-que-ocurre-en-ecuador-y-por-la-guerra-de-ucrania\\\/#primaryimage\"},\"thumbnailUrl\":\"https:\\\/\\\/exaudi.org\\\/wp-content\\\/uploads\\\/2022\\\/06\\\/Angelus-26-junio-20221-scaled.jpg\",\"datePublished\":\"2022-06-26T15:11:32+00:00\",\"dateModified\":\"2022-06-26T15:17:04+00:00\",\"author\":{\"@id\":\"https:\\\/\\\/exaudi.org\\\/#\\\/schema\\\/person\\\/f5fc8f063065e38742da7afe15f25df7\"},\"breadcrumb\":{\"@id\":\"https:\\\/\\\/exaudi.org\\\/es\\\/preocupacion-del-papa-por-lo-que-ocurre-en-ecuador-y-por-la-guerra-de-ucrania\\\/#breadcrumb\"},\"inLanguage\":\"es\",\"potentialAction\":[{\"@type\":\"ReadAction\",\"target\":[\"https:\\\/\\\/exaudi.org\\\/es\\\/preocupacion-del-papa-por-lo-que-ocurre-en-ecuador-y-por-la-guerra-de-ucrania\\\/\"]}]},{\"@type\":\"ImageObject\",\"inLanguage\":\"es\",\"@id\":\"https:\\\/\\\/exaudi.org\\\/es\\\/preocupacion-del-papa-por-lo-que-ocurre-en-ecuador-y-por-la-guerra-de-ucrania\\\/#primaryimage\",\"url\":\"https:\\\/\\\/exaudi.org\\\/wp-content\\\/uploads\\\/2022\\\/06\\\/Angelus-26-junio-20221-scaled.jpg\",\"contentUrl\":\"https:\\\/\\\/exaudi.org\\\/wp-content\\\/uploads\\\/2022\\\/06\\\/Angelus-26-junio-20221-scaled.jpg\",\"width\":2560,\"height\":1707,\"caption\":\"Angelus 26 june 2022 \u00a9 Vatican Media\"},{\"@type\":\"BreadcrumbList\",\"@id\":\"https:\\\/\\\/exaudi.org\\\/es\\\/preocupacion-del-papa-por-lo-que-ocurre-en-ecuador-y-por-la-guerra-de-ucrania\\\/#breadcrumb\",\"itemListElement\":[{\"@type\":\"ListItem\",\"position\":1,\"name\":\"Portada\",\"item\":\"https:\\\/\\\/exaudi.org\\\/es\\\/\"},{\"@type\":\"ListItem\",\"position\":2,\"name\":\"Preocupaci\u00f3n del Papa por lo que ocurre en Ecuador y por la guerra de Ucrania\"}]},{\"@type\":\"WebSite\",\"@id\":\"https:\\\/\\\/exaudi.org\\\/#website\",\"url\":\"https:\\\/\\\/exaudi.org\\\/\",\"name\":\"Exaudi\",\"description\":\"News\",\"potentialAction\":[{\"@type\":\"SearchAction\",\"target\":{\"@type\":\"EntryPoint\",\"urlTemplate\":\"https:\\\/\\\/exaudi.org\\\/?s={search_term_string}\"},\"query-input\":{\"@type\":\"PropertyValueSpecification\",\"valueRequired\":true,\"valueName\":\"search_term_string\"}}],\"inLanguage\":\"es\"},{\"@type\":\"Person\",\"@id\":\"https:\\\/\\\/exaudi.org\\\/#\\\/schema\\\/person\\\/f5fc8f063065e38742da7afe15f25df7\",\"name\":\"Exaudi Redacci\u00f3n\",\"image\":{\"@type\":\"ImageObject\",\"inLanguage\":\"es\",\"@id\":\"https:\\\/\\\/secure.gravatar.com\\\/avatar\\\/fe0f6a059fb68d9b3e11bc5850dd4899b1c7492091a3cb6dd9b01b56ad828be2?s=96&d=mm&r=g\",\"url\":\"https:\\\/\\\/secure.gravatar.com\\\/avatar\\\/fe0f6a059fb68d9b3e11bc5850dd4899b1c7492091a3cb6dd9b01b56ad828be2?s=96&d=mm&r=g\",\"contentUrl\":\"https:\\\/\\\/secure.gravatar.com\\\/avatar\\\/fe0f6a059fb68d9b3e11bc5850dd4899b1c7492091a3cb6dd9b01b56ad828be2?s=96&d=mm&r=g\",\"caption\":\"Exaudi Redacci\u00f3n\"},\"description\":\"\u00bfQu\u00e9 es Exaudi News? Exaudi News es un medio de comunicaci\u00f3n cat\u00f3lico internacional que informa, forma y transforma, diariamente en espa\u00f1ol, ingl\u00e9s e italiano. A trav\u00e9s de noticias, art\u00edculos de an\u00e1lisis y transmisiones en directo de los eventos del Papa, Exaudi busca fortalecer la unidad de los cristianos y contribuir a la evangelizaci\u00f3n del mundo, siempre guiados por la doctrina social de la Iglesia. Trabajamos para acercar la verdad y los valores cristianos a cada rinc\u00f3n del planeta. \u00a1Ay\u00fadanos a transformar el mundo con Exaudi! En Exaudi creemos que la evangelizaci\u00f3n y la informaci\u00f3n de calidad pueden cambiar vidas. Para continuar con nuestra misi\u00f3n y expandir nuestro alcance, necesitamos tu ayuda. Adem\u00e1s, buscamos personas comprometidas que deseen unirse a nuestro equipo. Con tu apoyo, lograremos llegar a m\u00e1s personas, difundir el mensaje de Cristo y reforzar la unidad de los cristianos. \u00bfTe unes a nuestra misi\u00f3n? Para m\u00e1s informaci\u00f3n sobre c\u00f3mo colaborar, visita Exaudi.org\\\/es o cont\u00e1ctanos directamente: info@exaudi.org Exaudi: Informa, forma y transforma.\",\"sameAs\":[\"https:\\\/\\\/www.facebook.com\\\/ExaudiNoticias\\\/\",\"https:\\\/\\\/www.instagram.com\\\/exaudi_noticias\\\/\",\"https:\\\/\\\/x.com\\\/Exaudi_noticias\",\"https:\\\/\\\/www.youtube.com\\\/@exaudicatholicnews\"],\"url\":\"https:\\\/\\\/exaudi.org\\\/es\\\/author\\\/redaccionexaudi\\\/\"}]}<\/script>\n<!-- \/ Yoast SEO plugin. -->","yoast_head_json":{"title":"Preocupaci\u00f3n del Papa por lo que ocurre en Ecuador y por la guerra de Ucrania &#8211; Exaudi","robots":{"index":"index","follow":"follow","max-snippet":"max-snippet:-1","max-image-preview":"max-image-preview:large","max-video-preview":"max-video-preview:-1"},"canonical":"https:\/\/exaudi.org\/es\/preocupacion-del-papa-por-lo-que-ocurre-en-ecuador-y-por-la-guerra-de-ucrania\/","og_locale":"es_ES","og_type":"article","og_title":"Preocupaci\u00f3n del Papa por lo que ocurre en Ecuador y por la guerra de Ucrania &#8211; Exaudi","og_description":"Palabras del Santo Padre despu\u00e9s del \u00c1ngelus","og_url":"https:\/\/exaudi.org\/es\/preocupacion-del-papa-por-lo-que-ocurre-en-ecuador-y-por-la-guerra-de-ucrania\/","og_site_name":"Exaudi","article_publisher":"https:\/\/www.facebook.com\/ExaudiNews","article_author":"https:\/\/www.facebook.com\/ExaudiNoticias\/","article_published_time":"2022-06-26T15:11:32+00:00","article_modified_time":"2022-06-26T15:17:04+00:00","og_image":[{"width":2560,"height":1707,"url":"https:\/\/exaudi.org\/wp-content\/uploads\/2022\/06\/Angelus-26-junio-20221-scaled.jpg","type":"image\/jpeg"}],"author":"Exaudi Redacci\u00f3n","twitter_card":"summary_large_image","twitter_creator":"@Exaudi_noticias","twitter_site":"@Exaudi_News","twitter_misc":{"Escrito por":"Exaudi Redacci\u00f3n","Tiempo de lectura":"3 minutos"},"schema":{"@context":"https:\/\/schema.org","@graph":[{"@type":"Article","@id":"https:\/\/exaudi.org\/es\/preocupacion-del-papa-por-lo-que-ocurre-en-ecuador-y-por-la-guerra-de-ucrania\/#article","isPartOf":{"@id":"https:\/\/exaudi.org\/es\/preocupacion-del-papa-por-lo-que-ocurre-en-ecuador-y-por-la-guerra-de-ucrania\/"},"author":{"name":"Exaudi Redacci\u00f3n","@id":"https:\/\/exaudi.org\/#\/schema\/person\/f5fc8f063065e38742da7afe15f25df7"},"headline":"Preocupaci\u00f3n del Papa por lo que ocurre en Ecuador y por la guerra de Ucrania","datePublished":"2022-06-26T15:11:32+00:00","dateModified":"2022-06-26T15:17:04+00:00","mainEntityOfPage":{"@id":"https:\/\/exaudi.org\/es\/preocupacion-del-papa-por-lo-que-ocurre-en-ecuador-y-por-la-guerra-de-ucrania\/"},"wordCount":493,"image":{"@id":"https:\/\/exaudi.org\/es\/preocupacion-del-papa-por-lo-que-ocurre-en-ecuador-y-por-la-guerra-de-ucrania\/#primaryimage"},"thumbnailUrl":"https:\/\/exaudi.org\/wp-content\/uploads\/2022\/06\/Angelus-26-junio-20221-scaled.jpg","keywords":["\u00c1ngelus 26 junio 2022","Trending"],"articleSection":["\u00c1ngelus","Le\u00f3n XIV"],"inLanguage":"es"},{"@type":"WebPage","@id":"https:\/\/exaudi.org\/es\/preocupacion-del-papa-por-lo-que-ocurre-en-ecuador-y-por-la-guerra-de-ucrania\/","url":"https:\/\/exaudi.org\/es\/preocupacion-del-papa-por-lo-que-ocurre-en-ecuador-y-por-la-guerra-de-ucrania\/","name":"Preocupaci\u00f3n del Papa por lo que ocurre en Ecuador y por la guerra de Ucrania &#8211; Exaudi","isPartOf":{"@id":"https:\/\/exaudi.org\/#website"},"primaryImageOfPage":{"@id":"https:\/\/exaudi.org\/es\/preocupacion-del-papa-por-lo-que-ocurre-en-ecuador-y-por-la-guerra-de-ucrania\/#primaryimage"},"image":{"@id":"https:\/\/exaudi.org\/es\/preocupacion-del-papa-por-lo-que-ocurre-en-ecuador-y-por-la-guerra-de-ucrania\/#primaryimage"},"thumbnailUrl":"https:\/\/exaudi.org\/wp-content\/uploads\/2022\/06\/Angelus-26-junio-20221-scaled.jpg","datePublished":"2022-06-26T15:11:32+00:00","dateModified":"2022-06-26T15:17:04+00:00","author":{"@id":"https:\/\/exaudi.org\/#\/schema\/person\/f5fc8f063065e38742da7afe15f25df7"},"breadcrumb":{"@id":"https:\/\/exaudi.org\/es\/preocupacion-del-papa-por-lo-que-ocurre-en-ecuador-y-por-la-guerra-de-ucrania\/#breadcrumb"},"inLanguage":"es","potentialAction":[{"@type":"ReadAction","target":["https:\/\/exaudi.org\/es\/preocupacion-del-papa-por-lo-que-ocurre-en-ecuador-y-por-la-guerra-de-ucrania\/"]}]},{"@type":"ImageObject","inLanguage":"es","@id":"https:\/\/exaudi.org\/es\/preocupacion-del-papa-por-lo-que-ocurre-en-ecuador-y-por-la-guerra-de-ucrania\/#primaryimage","url":"https:\/\/exaudi.org\/wp-content\/uploads\/2022\/06\/Angelus-26-junio-20221-scaled.jpg","contentUrl":"https:\/\/exaudi.org\/wp-content\/uploads\/2022\/06\/Angelus-26-junio-20221-scaled.jpg","width":2560,"height":1707,"caption":"Angelus 26 june 2022 \u00a9 Vatican Media"},{"@type":"BreadcrumbList","@id":"https:\/\/exaudi.org\/es\/preocupacion-del-papa-por-lo-que-ocurre-en-ecuador-y-por-la-guerra-de-ucrania\/#breadcrumb","itemListElement":[{"@type":"ListItem","position":1,"name":"Portada","item":"https:\/\/exaudi.org\/es\/"},{"@type":"ListItem","position":2,"name":"Preocupaci\u00f3n del Papa por lo que ocurre en Ecuador y por la guerra de Ucrania"}]},{"@type":"WebSite","@id":"https:\/\/exaudi.org\/#website","url":"https:\/\/exaudi.org\/","name":"Exaudi","description":"News","potentialAction":[{"@type":"SearchAction","target":{"@type":"EntryPoint","urlTemplate":"https:\/\/exaudi.org\/?s={search_term_string}"},"query-input":{"@type":"PropertyValueSpecification","valueRequired":true,"valueName":"search_term_string"}}],"inLanguage":"es"},{"@type":"Person","@id":"https:\/\/exaudi.org\/#\/schema\/person\/f5fc8f063065e38742da7afe15f25df7","name":"Exaudi Redacci\u00f3n","image":{"@type":"ImageObject","inLanguage":"es","@id":"https:\/\/secure.gravatar.com\/avatar\/fe0f6a059fb68d9b3e11bc5850dd4899b1c7492091a3cb6dd9b01b56ad828be2?s=96&d=mm&r=g","url":"https:\/\/secure.gravatar.com\/avatar\/fe0f6a059fb68d9b3e11bc5850dd4899b1c7492091a3cb6dd9b01b56ad828be2?s=96&d=mm&r=g","contentUrl":"https:\/\/secure.gravatar.com\/avatar\/fe0f6a059fb68d9b3e11bc5850dd4899b1c7492091a3cb6dd9b01b56ad828be2?s=96&d=mm&r=g","caption":"Exaudi Redacci\u00f3n"},"description":"\u00bfQu\u00e9 es Exaudi News? Exaudi News es un medio de comunicaci\u00f3n cat\u00f3lico internacional que informa, forma y transforma, diariamente en espa\u00f1ol, ingl\u00e9s e italiano. A trav\u00e9s de noticias, art\u00edculos de an\u00e1lisis y transmisiones en directo de los eventos del Papa, Exaudi busca fortalecer la unidad de los cristianos y contribuir a la evangelizaci\u00f3n del mundo, siempre guiados por la doctrina social de la Iglesia. Trabajamos para acercar la verdad y los valores cristianos a cada rinc\u00f3n del planeta. \u00a1Ay\u00fadanos a transformar el mundo con Exaudi! En Exaudi creemos que la evangelizaci\u00f3n y la informaci\u00f3n de calidad pueden cambiar vidas. Para continuar con nuestra misi\u00f3n y expandir nuestro alcance, necesitamos tu ayuda. Adem\u00e1s, buscamos personas comprometidas que deseen unirse a nuestro equipo. Con tu apoyo, lograremos llegar a m\u00e1s personas, difundir el mensaje de Cristo y reforzar la unidad de los cristianos. \u00bfTe unes a nuestra misi\u00f3n? Para m\u00e1s informaci\u00f3n sobre c\u00f3mo colaborar, visita Exaudi.org\/es o cont\u00e1ctanos directamente: info@exaudi.org Exaudi: Informa, forma y transforma.","sameAs":["https:\/\/www.facebook.com\/ExaudiNoticias\/","https:\/\/www.instagram.com\/exaudi_noticias\/","https:\/\/x.com\/Exaudi_noticias","https:\/\/www.youtube.com\/@exaudicatholicnews"],"url":"https:\/\/exaudi.org\/es\/author\/redaccionexaudi\/"}]}},"jetpack_featured_media_url":"https:\/\/exaudi.org\/wp-content\/uploads\/2022\/06\/Angelus-26-junio-20221-scaled.jpg","jetpack_shortlink":"https:\/\/wp.me\/pgKjF2-fg5","_links":{"self":[{"href":"https:\/\/exaudi.org\/es\/wp-json\/wp\/v2\/posts\/58657","targetHints":{"allow":["GET"]}}],"collection":[{"href":"https:\/\/exaudi.org\/es\/wp-json\/wp\/v2\/posts"}],"about":[{"href":"https:\/\/exaudi.org\/es\/wp-json\/wp\/v2\/types\/post"}],"author":[{"embeddable":true,"href":"https:\/\/exaudi.org\/es\/wp-json\/wp\/v2\/users\/15"}],"replies":[{"embeddable":true,"href":"https:\/\/exaudi.org\/es\/wp-json\/wp\/v2\/comments?post=58657"}],"version-history":[{"count":0,"href":"https:\/\/exaudi.org\/es\/wp-json\/wp\/v2\/posts\/58657\/revisions"}],"wp:featuredmedia":[{"embeddable":true,"href":"https:\/\/exaudi.org\/es\/wp-json\/wp\/v2\/media\/58658"}],"wp:attachment":[{"href":"https:\/\/exaudi.org\/es\/wp-json\/wp\/v2\/media?parent=58657"}],"wp:term":[{"taxonomy":"category","embeddable":true,"href":"https:\/\/exaudi.org\/es\/wp-json\/wp\/v2\/categories?post=58657"},{"taxonomy":"post_tag","embeddable":true,"href":"https:\/\/exaudi.org\/es\/wp-json\/wp\/v2\/tags?post=58657"}],"curies":[{"name":"wp","href":"https:\/\/api.w.org\/{rel}","templated":true}]}}