{"id":58612,"date":"2022-06-25T19:48:23","date_gmt":"2022-06-25T17:48:23","guid":{"rendered":"https:\/\/exaudi.org\/?p=58612"},"modified":"2022-06-25T19:48:23","modified_gmt":"2022-06-25T17:48:23","slug":"donde-dos-o-tres-estan-reunidos-en-mi-nombre-alli-estoy-yo-en-medio-de-ellos","status":"publish","type":"post","link":"https:\/\/exaudi.org\/es\/donde-dos-o-tres-estan-reunidos-en-mi-nombre-alli-estoy-yo-en-medio-de-ellos\/","title":{"rendered":"\u00abDonde dos o tres est\u00e1n reunidos en mi nombre, all\u00ed estoy yo en medio de ellos\u00bb"},"content":{"rendered":"<p>El Santo Padre Francisco ha recibido esta ma\u00f1ana en audiencia una representaci\u00f3n de la Familia Orionina en el 150 aniversario del nacimiento de San Luis Orione y de los participantes en el Cap\u00edtulo General de los Hijos de la Divina Providencia.<\/p>\n<p>El siguiente es el discurso que el Papa dirigi\u00f3 a los presentes en la audiencia:<\/p>\n<p><strong>Discurso del Santo Padre<\/strong><\/p>\n<p><em>Queridos hermanos y hermanas, \u00a1buenos d\u00edas y bienvenidos!<\/em><\/p>\n<p>Saludo al P. Tarcisio Gregorio Vieira, reconfirmado Superior General de los Hijos de la Divina Providencia, y a todos vosotros, queridos miembros de la Familia Carism\u00e1tica Orionina.\u00a0Se trata de una \u00abplanta \u00fanica con muchas ramas\u00bb, formada por religiosos y religiosas, consagradas seculares y laicos, todos ellos alimentados por el mismo carisma de San Luis Orione, cuyo 150 aniversario de su nacimiento, que tuvo lugar en Pontecurone (Alessandria), el 23 de junio de 1872, se cumple este a\u00f1o.<\/p>\n<p>Bendigo con vosotros al Se\u00f1or, que de esa semilla -como dice el Evangelio- ha hecho crecer una gran planta, que da acogida, cobijo y refresco a tantas personas, especialmente a las m\u00e1s necesitadas e infelices.\u00a0Y al dar gracias y celebrar, sentir vivo el poder del carisma, sentir el compromiso que requiere ser seguidores y familiares de un gran testimonio de la caridad de Cristo;\u00a0el compromiso de hacer presente, con vuestra vida y vuestra acci\u00f3n, el fuego de esta caridad en el mundo de hoy, marcado por el individualismo y el consumismo, la eficiencia y la apariencia.<\/p>\n<p>Esto es lo que escribi\u00f3 Don Orione a principios del siglo XX: \u00abVivimos en un siglo lleno de escarcha y muerte en la vida del esp\u00edritu;\u00a0todo encerrado en s\u00ed mismo, nada ve esos placeres, vanidades y pasiones y la vida de esta tierra, y no m\u00e1s\u00bb.\u00a0Y se pregunt\u00f3: \u00ab\u00bfQui\u00e9n dar\u00e1 vida a esta generaci\u00f3n muerta a la vida de Dios, si no al aliento de caridad de Jesucristo?\u00a0[&#8230;]\u00a0Por lo tanto, debemos pedir a Dios no una chispa de caridad, [&#8230;] sino un horno de caridad que nos inflame y renueve el mundo fr\u00edo y helado, con la ayuda y la gracia que el Se\u00f1or\u00a0<em>nos<\/em>\u00a0dar\u00e1\u00bb (Escritos 20: 76-77).<\/p>\n<p>Vosotros, Hijos de la Divina Providencia, como tema de vuestro reci\u00e9n concluido Cap\u00edtulo General, hab\u00e9is elegido una expresi\u00f3n t\u00edpica del celo apost\u00f3lico de don Orione: \u00abHagamos la se\u00f1al de la cruz y arroj\u00e9monos confiadamente al fuego de los nuevos tiempos para el bien del pueblo\u00bb (Escritos 75, 242). \u00a1Se necesita coraje! Por favor, que el fuego no permanezca s\u00f3lo en vuestra casa y en vuestras comunidades, o incluso s\u00f3lo en vuestras obras, sino que pod\u00e1is \u00abarrojaros al fuego de los nuevos tiempos por el bien del pueblo\u00bb.<\/p>\n<p>Jes\u00fas dijo de s\u00ed mismo: \u00ab\u00a1He venido a echar fuego sobre la tierra, y c\u00f3mo desear\u00eda que ya estuviera encendida!\u00bb\u00a0(<em>Lc<\/em>\u00a012,49).\u00a0El fuego de Cristo es fuego bueno, no es para destruir, como a Santiago y Juan les hubiera gustado cuando preguntaron: \u00abSe\u00f1or, \u00bfquieres que digamos que un fuego baja del cielo y los consume?\u00bb\u00a0(<em>Lc<\/em>\u00a09,54).\u00a0No, no es ese fuego.\u00a0Pero Jes\u00fas reprendi\u00f3 a los dos hermanos.\u00a0El suyo es un fuego de amor, un fuego que enciende los corazones de las personas, un fuego que da luz, calienta y da vida.<\/p>\n<p>En la medida en que la caridad de Cristo arde en vosotros, vuestra presencia y vuestra acci\u00f3n se hacen \u00fatiles a Dios y a los hombres, porque -escribi\u00f3 san Luis- \u00abla causa de Cristo y de la Iglesia s\u00f3lo se sirve con una gran caridad de vida y de obras, la caridad abre los ojos a la fe y calienta los corazones de amor a Dios.\u00a0\u00a1Se necesitan obras de coraz\u00f3n y caridad cristiana!\u00a0Y todos creer\u00e1n en ella\u00bb (<em>Cartas<\/em>\u00a0I, 181;\u00a0<em>Escritos<\/em>\u00a04, 280).<\/p>\n<p>Con raz\u00f3n, en el Cap\u00edtulo General, pones en el centro de la renovaci\u00f3n la relaci\u00f3n con Dios, el coraz\u00f3n de tu identidad.\u00a0El fuego se alimenta al recibirlo de Dios con la vida de oraci\u00f3n, la meditaci\u00f3n en la Palabra, la gracia de los Sacramentos.\u00a0Don Orione fue un hombre de acci\u00f3n y contemplaci\u00f3n.\u00a0Por eso exhort\u00f3: \u00abArroj\u00e9monos al pie del Sagrario\u00bb, y tambi\u00e9n: \u00abArroj\u00e9monos al pie de la cruz\u00bb, porque \u00abamar a Dios y amar a nuestros hermanos y hermanas son dos llamas de un fuego sagrado\u00bb (<em>Cartas<\/em>\u00a0II, 397).<\/p>\n<figure id=\"attachment_58614\" aria-describedby=\"caption-attachment-58614\" style=\"width: 300px\" class=\"wp-caption alignright\"><img loading=\"lazy\" decoding=\"async\" class=\"size-medium wp-image-58614\" src=\"https:\/\/exaudi.org\/wp-content\/uploads\/2022\/06\/thumbnail_sf25062022121754_00145-1-300x200.jpg\" alt=\"\" width=\"300\" height=\"200\" srcset=\"https:\/\/exaudi.org\/wp-content\/uploads\/2022\/06\/thumbnail_sf25062022121754_00145-1-300x200.jpg 300w, https:\/\/exaudi.org\/wp-content\/uploads\/2022\/06\/thumbnail_sf25062022121754_00145-1-1024x682.jpg 1024w, https:\/\/exaudi.org\/wp-content\/uploads\/2022\/06\/thumbnail_sf25062022121754_00145-1-770x513.jpg 770w, https:\/\/exaudi.org\/wp-content\/uploads\/2022\/06\/thumbnail_sf25062022121754_00145-1-360x240.jpg?crop=1 360w, https:\/\/exaudi.org\/wp-content\/uploads\/2022\/06\/thumbnail_sf25062022121754_00145-1-500x333.jpg 500w, https:\/\/exaudi.org\/wp-content\/uploads\/2022\/06\/thumbnail_sf25062022121754_00145-1-1155x770.jpg 1155w, https:\/\/exaudi.org\/wp-content\/uploads\/2022\/06\/thumbnail_sf25062022121754_00145-1-370x247.jpg 370w, https:\/\/exaudi.org\/wp-content\/uploads\/2022\/06\/thumbnail_sf25062022121754_00145-1-293x195.jpg 293w, https:\/\/exaudi.org\/wp-content\/uploads\/2022\/06\/thumbnail_sf25062022121754_00145-1-120x80.jpg 120w, https:\/\/exaudi.org\/wp-content\/uploads\/2022\/06\/thumbnail_sf25062022121754_00145-1-240x160.jpg 240w, https:\/\/exaudi.org\/wp-content\/uploads\/2022\/06\/thumbnail_sf25062022121754_00145-1-390x260.jpg 390w, https:\/\/exaudi.org\/wp-content\/uploads\/2022\/06\/thumbnail_sf25062022121754_00145-1.jpg 1280w\" sizes=\"auto, (max-width: 300px) 100vw, 300px\" \/><figcaption id=\"caption-attachment-58614\" class=\"wp-caption-text\">Audiencia, 25 junio 2022 &#8211; \u00a9 Vatican Media<\/figcaption><\/figure>\n<p>Queridos hermanos y hermanas de la Familia Orionina, hoy ser disc\u00edpulos misioneros, enviados por la Iglesia, no es ante todo un hacer algo, una actividad;\u00a0es una identidad apost\u00f3lica alimentada continuamente en la vida fraterna de la comunidad religiosa o de la familia.\u00a0\u00abDonde dos o tres est\u00e1n reunidos en mi nombre, all\u00ed estoy yo en medio de ellos\u00bb (<em>Mt<\/em>\u00a018:20).\u00a0Es importante<strong>\u00a0<\/strong>cuidar la calidad de la vida comunitaria, las relaciones, la oraci\u00f3n com\u00fan: esto ya es apostolado, porque es testimonio.\u00a0Si hay frialdad entre nosotros, o, peor a\u00fan, juicios y chismes, \u00bfqu\u00e9 apostolado queremos hacer?\u00a0Por favor, sin charlas.\u00a0El chisme es una carcoma, una carcoma que corrompe, una carcoma que mata la vida de una comunidad, de una orden religiosa.\u00a0Sin charlas.\u00a0S\u00e9 que no es f\u00e1cil, este chisme de superaci\u00f3n no es f\u00e1cil y alguien me pregunta: \u00ab\u00bfPero \u00bfc\u00f3mo puedes hacerlo?\u00bb.\u00a0Hay una medicina muy buena, muy buena: morderse la lengua.\u00a0\u00a1Te har\u00e1 bien!<\/p>\n<p>El testimonio de amor en la comunidad religiosa y en la familia es la confirmaci\u00f3n del anuncio evang\u00e9lico, es la \u00abprueba de fuego\u00bb.\u00a0\u00abUna comunidad hermosa, fuerte- dijo don Orione, \u00aby donde vive plena armon\u00eda de corazones y paz, no puede sino ser querida, deseante y edificante para todos\u00bb (<em>Cartas<\/em>\u00a0I, 418).\u00a0Y tambi\u00e9n se vuelve atractivo para las nuevas vocaciones.<\/p>\n<p>Por \u00faltimo, quisiera volver a esa exhortaci\u00f3n a \u00abarrojarse al fuego de los nuevos tiempos\u00bb.\u00a0Esto requiere que miremos al mundo de hoy como ap\u00f3stoles, es decir, con discernimiento pero con simpat\u00eda, sin miedo, sin prejuicios, con valent\u00eda;\u00a0mirar<strong>\u00a0<\/strong>el mundo como Dios lo mira, sintiendo nuestras penas, alegr\u00edas, las esperanzas de la humanidad.\u00a0La Palabra gu\u00eda sigue siendo la de Dios a Mois\u00e9s: \u00abHe observado la miseria de mi pueblo [&#8230;].\u00a0Baj\u00e9 para librarlo\u00bb (<em>Ex<\/em>\u00a03:7-8).\u00a0Debemos ver las miserias de este mundo nuestro como la raz\u00f3n de nuestro apostolado y no como un obst\u00e1culo.\u00a0Tu Fundador dijo: \u00abNo es suficiente quejarse de la tristeza de los tiempos y de los hombres, y no es suficiente decir: \u00a1Oh Se\u00f1or!\u00a0\u00a1Oh Se\u00f1or!\u00a0Sin remordimientos de una \u00e9poca pasada.\u00a0Sin esp\u00edritu triste, sin esp\u00edritu cerrado.\u00a0Adelante con serena e imperturbable laboriosidad\u00bb.\u00a0(<em>Escritos<\/em>\u00a079, 291).\u00a0Y no hay chismes, repito.<\/p>\n<p>Nuestro tiempo nos exige abrirnos a nuevas fronteras, descubrir nuevas formas de misi\u00f3n.\u00a0Miremos a Mar\u00eda, virgen de ingenio y cuidado, que sale r\u00e1pidamente de casa y emprende el camino para ir a ayudar a su prima Isabel.\u00a0Y all\u00ed, en el servicio, Mar\u00eda tuvo la confirmaci\u00f3n del plan de la providencia de Dios.\u00a0Me gusta rezarle como \u00abNuestra Se\u00f1ora a toda prisa\u00bb: no pierde el tiempo, va y hace.<\/p>\n<p>Queridos hermanos y hermanas, os doy las gracias por venir, y sobre todo por lo que sois y por lo que hac\u00e9is.\u00a0Os bendigo cordialmente a todos vosotros y a vuestras comunidades.\u00a0Y por favor, les pido que oren por m\u00ed.\u00a0Gracias.<\/p>\n<p>&nbsp;<\/p>\n","protected":false},"excerpt":{"rendered":"<p>Audiencia con la Familia Orionina y participantes \u00abHijos Generales Divina Providencia\u00bb<\/p>\n","protected":false},"author":15,"featured_media":58611,"comment_status":"closed","ping_status":"closed","sticky":false,"template":"","format":"standard","meta":{"_acf_changed":false,"_crdt_document":"","inline_featured_image":false,"footnotes":""},"categories":[68,118],"tags":[168,6424,158,6425],"class_list":["post-58612","post","type-post","status-publish","format-standard","has-post-thumbnail","hentry","category-leon-xiv","category-mensajes","tag-audiencia","tag-papa-francesco-es-2","tag-papa-francisco","tag-udienza-es"],"acf":[],"yoast_head":"<!-- This site is optimized with the Yoast SEO plugin v27.5 - https:\/\/yoast.com\/product\/yoast-seo-wordpress\/ -->\n<title>&quot;Donde dos o tres est\u00e1n reunidos en mi nombre, all\u00ed estoy yo en medio de ellos&quot; &#8211; Exaudi<\/title>\n<meta name=\"robots\" content=\"index, follow, max-snippet:-1, max-image-preview:large, max-video-preview:-1\" \/>\n<link rel=\"canonical\" href=\"https:\/\/exaudi.org\/es\/donde-dos-o-tres-estan-reunidos-en-mi-nombre-alli-estoy-yo-en-medio-de-ellos\/\" \/>\n<meta property=\"og:locale\" content=\"es_ES\" \/>\n<meta property=\"og:type\" content=\"article\" \/>\n<meta property=\"og:title\" content=\"&quot;Donde dos o tres est\u00e1n reunidos en mi nombre, all\u00ed estoy yo en medio de ellos&quot; &#8211; Exaudi\" \/>\n<meta property=\"og:description\" content=\"Audiencia con la Familia Orionina y participantes &quot;Hijos Generales Divina Providencia&quot;\" \/>\n<meta property=\"og:url\" content=\"https:\/\/exaudi.org\/es\/donde-dos-o-tres-estan-reunidos-en-mi-nombre-alli-estoy-yo-en-medio-de-ellos\/\" \/>\n<meta property=\"og:site_name\" content=\"Exaudi\" \/>\n<meta property=\"article:publisher\" content=\"https:\/\/www.facebook.com\/ExaudiNews\" \/>\n<meta property=\"article:author\" content=\"https:\/\/www.facebook.com\/ExaudiNoticias\/\" \/>\n<meta property=\"article:published_time\" content=\"2022-06-25T17:48:23+00:00\" \/>\n<meta property=\"og:image\" content=\"https:\/\/exaudi.org\/wp-content\/uploads\/2022\/06\/thumbnail__DSC4138.jpg\" \/>\n\t<meta property=\"og:image:width\" content=\"1280\" \/>\n\t<meta property=\"og:image:height\" content=\"853\" \/>\n\t<meta property=\"og:image:type\" content=\"image\/jpeg\" \/>\n<meta name=\"author\" content=\"Exaudi Redacci\u00f3n\" \/>\n<meta name=\"twitter:card\" content=\"summary_large_image\" \/>\n<meta name=\"twitter:creator\" content=\"@Exaudi_noticias\" \/>\n<meta name=\"twitter:site\" content=\"@Exaudi_News\" \/>\n<meta name=\"twitter:label1\" content=\"Escrito por\" \/>\n\t<meta name=\"twitter:data1\" content=\"Exaudi Redacci\u00f3n\" \/>\n\t<meta name=\"twitter:label2\" content=\"Tiempo de lectura\" \/>\n\t<meta name=\"twitter:data2\" content=\"6 minutos\" \/>\n<script type=\"application\/ld+json\" class=\"yoast-schema-graph\">{\"@context\":\"https:\\\/\\\/schema.org\",\"@graph\":[{\"@type\":\"Article\",\"@id\":\"https:\\\/\\\/exaudi.org\\\/es\\\/donde-dos-o-tres-estan-reunidos-en-mi-nombre-alli-estoy-yo-en-medio-de-ellos\\\/#article\",\"isPartOf\":{\"@id\":\"https:\\\/\\\/exaudi.org\\\/es\\\/donde-dos-o-tres-estan-reunidos-en-mi-nombre-alli-estoy-yo-en-medio-de-ellos\\\/\"},\"author\":{\"name\":\"Exaudi Redacci\u00f3n\",\"@id\":\"https:\\\/\\\/exaudi.org\\\/#\\\/schema\\\/person\\\/f5fc8f063065e38742da7afe15f25df7\"},\"headline\":\"\u00abDonde dos o tres est\u00e1n reunidos en mi nombre, all\u00ed estoy yo en medio de ellos\u00bb\",\"datePublished\":\"2022-06-25T17:48:23+00:00\",\"mainEntityOfPage\":{\"@id\":\"https:\\\/\\\/exaudi.org\\\/es\\\/donde-dos-o-tres-estan-reunidos-en-mi-nombre-alli-estoy-yo-en-medio-de-ellos\\\/\"},\"wordCount\":1285,\"image\":{\"@id\":\"https:\\\/\\\/exaudi.org\\\/es\\\/donde-dos-o-tres-estan-reunidos-en-mi-nombre-alli-estoy-yo-en-medio-de-ellos\\\/#primaryimage\"},\"thumbnailUrl\":\"https:\\\/\\\/exaudi.org\\\/wp-content\\\/uploads\\\/2022\\\/06\\\/thumbnail__DSC4138.jpg\",\"keywords\":[\"audiencia\",\"Papa Francesco\",\"papa francisco\",\"udienza\"],\"articleSection\":[\"Le\u00f3n XIV\",\"Mensajes\"],\"inLanguage\":\"es\"},{\"@type\":\"WebPage\",\"@id\":\"https:\\\/\\\/exaudi.org\\\/es\\\/donde-dos-o-tres-estan-reunidos-en-mi-nombre-alli-estoy-yo-en-medio-de-ellos\\\/\",\"url\":\"https:\\\/\\\/exaudi.org\\\/es\\\/donde-dos-o-tres-estan-reunidos-en-mi-nombre-alli-estoy-yo-en-medio-de-ellos\\\/\",\"name\":\"\\\"Donde dos o tres est\u00e1n reunidos en mi nombre, all\u00ed estoy yo en medio de ellos\\\" &#8211; Exaudi\",\"isPartOf\":{\"@id\":\"https:\\\/\\\/exaudi.org\\\/#website\"},\"primaryImageOfPage\":{\"@id\":\"https:\\\/\\\/exaudi.org\\\/es\\\/donde-dos-o-tres-estan-reunidos-en-mi-nombre-alli-estoy-yo-en-medio-de-ellos\\\/#primaryimage\"},\"image\":{\"@id\":\"https:\\\/\\\/exaudi.org\\\/es\\\/donde-dos-o-tres-estan-reunidos-en-mi-nombre-alli-estoy-yo-en-medio-de-ellos\\\/#primaryimage\"},\"thumbnailUrl\":\"https:\\\/\\\/exaudi.org\\\/wp-content\\\/uploads\\\/2022\\\/06\\\/thumbnail__DSC4138.jpg\",\"datePublished\":\"2022-06-25T17:48:23+00:00\",\"author\":{\"@id\":\"https:\\\/\\\/exaudi.org\\\/#\\\/schema\\\/person\\\/f5fc8f063065e38742da7afe15f25df7\"},\"breadcrumb\":{\"@id\":\"https:\\\/\\\/exaudi.org\\\/es\\\/donde-dos-o-tres-estan-reunidos-en-mi-nombre-alli-estoy-yo-en-medio-de-ellos\\\/#breadcrumb\"},\"inLanguage\":\"es\",\"potentialAction\":[{\"@type\":\"ReadAction\",\"target\":[\"https:\\\/\\\/exaudi.org\\\/es\\\/donde-dos-o-tres-estan-reunidos-en-mi-nombre-alli-estoy-yo-en-medio-de-ellos\\\/\"]}]},{\"@type\":\"ImageObject\",\"inLanguage\":\"es\",\"@id\":\"https:\\\/\\\/exaudi.org\\\/es\\\/donde-dos-o-tres-estan-reunidos-en-mi-nombre-alli-estoy-yo-en-medio-de-ellos\\\/#primaryimage\",\"url\":\"https:\\\/\\\/exaudi.org\\\/wp-content\\\/uploads\\\/2022\\\/06\\\/thumbnail__DSC4138.jpg\",\"contentUrl\":\"https:\\\/\\\/exaudi.org\\\/wp-content\\\/uploads\\\/2022\\\/06\\\/thumbnail__DSC4138.jpg\",\"width\":1280,\"height\":853,\"caption\":\"Famiglia Orionina e partecipanti Capit. Generale Figli Divina Provvidenza\"},{\"@type\":\"BreadcrumbList\",\"@id\":\"https:\\\/\\\/exaudi.org\\\/es\\\/donde-dos-o-tres-estan-reunidos-en-mi-nombre-alli-estoy-yo-en-medio-de-ellos\\\/#breadcrumb\",\"itemListElement\":[{\"@type\":\"ListItem\",\"position\":1,\"name\":\"Portada\",\"item\":\"https:\\\/\\\/exaudi.org\\\/es\\\/\"},{\"@type\":\"ListItem\",\"position\":2,\"name\":\"\u00abDonde dos o tres est\u00e1n reunidos en mi nombre, all\u00ed estoy yo en medio de ellos\u00bb\"}]},{\"@type\":\"WebSite\",\"@id\":\"https:\\\/\\\/exaudi.org\\\/#website\",\"url\":\"https:\\\/\\\/exaudi.org\\\/\",\"name\":\"Exaudi\",\"description\":\"News\",\"potentialAction\":[{\"@type\":\"SearchAction\",\"target\":{\"@type\":\"EntryPoint\",\"urlTemplate\":\"https:\\\/\\\/exaudi.org\\\/?s={search_term_string}\"},\"query-input\":{\"@type\":\"PropertyValueSpecification\",\"valueRequired\":true,\"valueName\":\"search_term_string\"}}],\"inLanguage\":\"es\"},{\"@type\":\"Person\",\"@id\":\"https:\\\/\\\/exaudi.org\\\/#\\\/schema\\\/person\\\/f5fc8f063065e38742da7afe15f25df7\",\"name\":\"Exaudi Redacci\u00f3n\",\"image\":{\"@type\":\"ImageObject\",\"inLanguage\":\"es\",\"@id\":\"https:\\\/\\\/secure.gravatar.com\\\/avatar\\\/fe0f6a059fb68d9b3e11bc5850dd4899b1c7492091a3cb6dd9b01b56ad828be2?s=96&d=mm&r=g\",\"url\":\"https:\\\/\\\/secure.gravatar.com\\\/avatar\\\/fe0f6a059fb68d9b3e11bc5850dd4899b1c7492091a3cb6dd9b01b56ad828be2?s=96&d=mm&r=g\",\"contentUrl\":\"https:\\\/\\\/secure.gravatar.com\\\/avatar\\\/fe0f6a059fb68d9b3e11bc5850dd4899b1c7492091a3cb6dd9b01b56ad828be2?s=96&d=mm&r=g\",\"caption\":\"Exaudi Redacci\u00f3n\"},\"description\":\"\u00bfQu\u00e9 es Exaudi News? Exaudi News es un medio de comunicaci\u00f3n cat\u00f3lico internacional que informa, forma y transforma, diariamente en espa\u00f1ol, ingl\u00e9s e italiano. A trav\u00e9s de noticias, art\u00edculos de an\u00e1lisis y transmisiones en directo de los eventos del Papa, Exaudi busca fortalecer la unidad de los cristianos y contribuir a la evangelizaci\u00f3n del mundo, siempre guiados por la doctrina social de la Iglesia. Trabajamos para acercar la verdad y los valores cristianos a cada rinc\u00f3n del planeta. \u00a1Ay\u00fadanos a transformar el mundo con Exaudi! En Exaudi creemos que la evangelizaci\u00f3n y la informaci\u00f3n de calidad pueden cambiar vidas. Para continuar con nuestra misi\u00f3n y expandir nuestro alcance, necesitamos tu ayuda. Adem\u00e1s, buscamos personas comprometidas que deseen unirse a nuestro equipo. Con tu apoyo, lograremos llegar a m\u00e1s personas, difundir el mensaje de Cristo y reforzar la unidad de los cristianos. \u00bfTe unes a nuestra misi\u00f3n? Para m\u00e1s informaci\u00f3n sobre c\u00f3mo colaborar, visita Exaudi.org\\\/es o cont\u00e1ctanos directamente: info@exaudi.org Exaudi: Informa, forma y transforma.\",\"sameAs\":[\"https:\\\/\\\/www.facebook.com\\\/ExaudiNoticias\\\/\",\"https:\\\/\\\/www.instagram.com\\\/exaudi_noticias\\\/\",\"https:\\\/\\\/x.com\\\/Exaudi_noticias\",\"https:\\\/\\\/www.youtube.com\\\/@exaudicatholicnews\"],\"url\":\"https:\\\/\\\/exaudi.org\\\/es\\\/author\\\/redaccionexaudi\\\/\"}]}<\/script>\n<!-- \/ Yoast SEO plugin. -->","yoast_head_json":{"title":"\"Donde dos o tres est\u00e1n reunidos en mi nombre, all\u00ed estoy yo en medio de ellos\" &#8211; Exaudi","robots":{"index":"index","follow":"follow","max-snippet":"max-snippet:-1","max-image-preview":"max-image-preview:large","max-video-preview":"max-video-preview:-1"},"canonical":"https:\/\/exaudi.org\/es\/donde-dos-o-tres-estan-reunidos-en-mi-nombre-alli-estoy-yo-en-medio-de-ellos\/","og_locale":"es_ES","og_type":"article","og_title":"\"Donde dos o tres est\u00e1n reunidos en mi nombre, all\u00ed estoy yo en medio de ellos\" &#8211; Exaudi","og_description":"Audiencia con la Familia Orionina y participantes \"Hijos Generales Divina Providencia\"","og_url":"https:\/\/exaudi.org\/es\/donde-dos-o-tres-estan-reunidos-en-mi-nombre-alli-estoy-yo-en-medio-de-ellos\/","og_site_name":"Exaudi","article_publisher":"https:\/\/www.facebook.com\/ExaudiNews","article_author":"https:\/\/www.facebook.com\/ExaudiNoticias\/","article_published_time":"2022-06-25T17:48:23+00:00","og_image":[{"width":1280,"height":853,"url":"https:\/\/exaudi.org\/wp-content\/uploads\/2022\/06\/thumbnail__DSC4138.jpg","type":"image\/jpeg"}],"author":"Exaudi Redacci\u00f3n","twitter_card":"summary_large_image","twitter_creator":"@Exaudi_noticias","twitter_site":"@Exaudi_News","twitter_misc":{"Escrito por":"Exaudi Redacci\u00f3n","Tiempo de lectura":"6 minutos"},"schema":{"@context":"https:\/\/schema.org","@graph":[{"@type":"Article","@id":"https:\/\/exaudi.org\/es\/donde-dos-o-tres-estan-reunidos-en-mi-nombre-alli-estoy-yo-en-medio-de-ellos\/#article","isPartOf":{"@id":"https:\/\/exaudi.org\/es\/donde-dos-o-tres-estan-reunidos-en-mi-nombre-alli-estoy-yo-en-medio-de-ellos\/"},"author":{"name":"Exaudi Redacci\u00f3n","@id":"https:\/\/exaudi.org\/#\/schema\/person\/f5fc8f063065e38742da7afe15f25df7"},"headline":"\u00abDonde dos o tres est\u00e1n reunidos en mi nombre, all\u00ed estoy yo en medio de ellos\u00bb","datePublished":"2022-06-25T17:48:23+00:00","mainEntityOfPage":{"@id":"https:\/\/exaudi.org\/es\/donde-dos-o-tres-estan-reunidos-en-mi-nombre-alli-estoy-yo-en-medio-de-ellos\/"},"wordCount":1285,"image":{"@id":"https:\/\/exaudi.org\/es\/donde-dos-o-tres-estan-reunidos-en-mi-nombre-alli-estoy-yo-en-medio-de-ellos\/#primaryimage"},"thumbnailUrl":"https:\/\/exaudi.org\/wp-content\/uploads\/2022\/06\/thumbnail__DSC4138.jpg","keywords":["audiencia","Papa Francesco","papa francisco","udienza"],"articleSection":["Le\u00f3n XIV","Mensajes"],"inLanguage":"es"},{"@type":"WebPage","@id":"https:\/\/exaudi.org\/es\/donde-dos-o-tres-estan-reunidos-en-mi-nombre-alli-estoy-yo-en-medio-de-ellos\/","url":"https:\/\/exaudi.org\/es\/donde-dos-o-tres-estan-reunidos-en-mi-nombre-alli-estoy-yo-en-medio-de-ellos\/","name":"\"Donde dos o tres est\u00e1n reunidos en mi nombre, all\u00ed estoy yo en medio de ellos\" &#8211; Exaudi","isPartOf":{"@id":"https:\/\/exaudi.org\/#website"},"primaryImageOfPage":{"@id":"https:\/\/exaudi.org\/es\/donde-dos-o-tres-estan-reunidos-en-mi-nombre-alli-estoy-yo-en-medio-de-ellos\/#primaryimage"},"image":{"@id":"https:\/\/exaudi.org\/es\/donde-dos-o-tres-estan-reunidos-en-mi-nombre-alli-estoy-yo-en-medio-de-ellos\/#primaryimage"},"thumbnailUrl":"https:\/\/exaudi.org\/wp-content\/uploads\/2022\/06\/thumbnail__DSC4138.jpg","datePublished":"2022-06-25T17:48:23+00:00","author":{"@id":"https:\/\/exaudi.org\/#\/schema\/person\/f5fc8f063065e38742da7afe15f25df7"},"breadcrumb":{"@id":"https:\/\/exaudi.org\/es\/donde-dos-o-tres-estan-reunidos-en-mi-nombre-alli-estoy-yo-en-medio-de-ellos\/#breadcrumb"},"inLanguage":"es","potentialAction":[{"@type":"ReadAction","target":["https:\/\/exaudi.org\/es\/donde-dos-o-tres-estan-reunidos-en-mi-nombre-alli-estoy-yo-en-medio-de-ellos\/"]}]},{"@type":"ImageObject","inLanguage":"es","@id":"https:\/\/exaudi.org\/es\/donde-dos-o-tres-estan-reunidos-en-mi-nombre-alli-estoy-yo-en-medio-de-ellos\/#primaryimage","url":"https:\/\/exaudi.org\/wp-content\/uploads\/2022\/06\/thumbnail__DSC4138.jpg","contentUrl":"https:\/\/exaudi.org\/wp-content\/uploads\/2022\/06\/thumbnail__DSC4138.jpg","width":1280,"height":853,"caption":"Famiglia Orionina e partecipanti Capit. Generale Figli Divina Provvidenza"},{"@type":"BreadcrumbList","@id":"https:\/\/exaudi.org\/es\/donde-dos-o-tres-estan-reunidos-en-mi-nombre-alli-estoy-yo-en-medio-de-ellos\/#breadcrumb","itemListElement":[{"@type":"ListItem","position":1,"name":"Portada","item":"https:\/\/exaudi.org\/es\/"},{"@type":"ListItem","position":2,"name":"\u00abDonde dos o tres est\u00e1n reunidos en mi nombre, all\u00ed estoy yo en medio de ellos\u00bb"}]},{"@type":"WebSite","@id":"https:\/\/exaudi.org\/#website","url":"https:\/\/exaudi.org\/","name":"Exaudi","description":"News","potentialAction":[{"@type":"SearchAction","target":{"@type":"EntryPoint","urlTemplate":"https:\/\/exaudi.org\/?s={search_term_string}"},"query-input":{"@type":"PropertyValueSpecification","valueRequired":true,"valueName":"search_term_string"}}],"inLanguage":"es"},{"@type":"Person","@id":"https:\/\/exaudi.org\/#\/schema\/person\/f5fc8f063065e38742da7afe15f25df7","name":"Exaudi Redacci\u00f3n","image":{"@type":"ImageObject","inLanguage":"es","@id":"https:\/\/secure.gravatar.com\/avatar\/fe0f6a059fb68d9b3e11bc5850dd4899b1c7492091a3cb6dd9b01b56ad828be2?s=96&d=mm&r=g","url":"https:\/\/secure.gravatar.com\/avatar\/fe0f6a059fb68d9b3e11bc5850dd4899b1c7492091a3cb6dd9b01b56ad828be2?s=96&d=mm&r=g","contentUrl":"https:\/\/secure.gravatar.com\/avatar\/fe0f6a059fb68d9b3e11bc5850dd4899b1c7492091a3cb6dd9b01b56ad828be2?s=96&d=mm&r=g","caption":"Exaudi Redacci\u00f3n"},"description":"\u00bfQu\u00e9 es Exaudi News? Exaudi News es un medio de comunicaci\u00f3n cat\u00f3lico internacional que informa, forma y transforma, diariamente en espa\u00f1ol, ingl\u00e9s e italiano. A trav\u00e9s de noticias, art\u00edculos de an\u00e1lisis y transmisiones en directo de los eventos del Papa, Exaudi busca fortalecer la unidad de los cristianos y contribuir a la evangelizaci\u00f3n del mundo, siempre guiados por la doctrina social de la Iglesia. Trabajamos para acercar la verdad y los valores cristianos a cada rinc\u00f3n del planeta. \u00a1Ay\u00fadanos a transformar el mundo con Exaudi! En Exaudi creemos que la evangelizaci\u00f3n y la informaci\u00f3n de calidad pueden cambiar vidas. Para continuar con nuestra misi\u00f3n y expandir nuestro alcance, necesitamos tu ayuda. Adem\u00e1s, buscamos personas comprometidas que deseen unirse a nuestro equipo. Con tu apoyo, lograremos llegar a m\u00e1s personas, difundir el mensaje de Cristo y reforzar la unidad de los cristianos. \u00bfTe unes a nuestra misi\u00f3n? Para m\u00e1s informaci\u00f3n sobre c\u00f3mo colaborar, visita Exaudi.org\/es o cont\u00e1ctanos directamente: info@exaudi.org Exaudi: Informa, forma y transforma.","sameAs":["https:\/\/www.facebook.com\/ExaudiNoticias\/","https:\/\/www.instagram.com\/exaudi_noticias\/","https:\/\/x.com\/Exaudi_noticias","https:\/\/www.youtube.com\/@exaudicatholicnews"],"url":"https:\/\/exaudi.org\/es\/author\/redaccionexaudi\/"}]}},"jetpack_featured_media_url":"https:\/\/exaudi.org\/wp-content\/uploads\/2022\/06\/thumbnail__DSC4138.jpg","jetpack_shortlink":"https:\/\/wp.me\/pgKjF2-ffm","_links":{"self":[{"href":"https:\/\/exaudi.org\/es\/wp-json\/wp\/v2\/posts\/58612","targetHints":{"allow":["GET"]}}],"collection":[{"href":"https:\/\/exaudi.org\/es\/wp-json\/wp\/v2\/posts"}],"about":[{"href":"https:\/\/exaudi.org\/es\/wp-json\/wp\/v2\/types\/post"}],"author":[{"embeddable":true,"href":"https:\/\/exaudi.org\/es\/wp-json\/wp\/v2\/users\/15"}],"replies":[{"embeddable":true,"href":"https:\/\/exaudi.org\/es\/wp-json\/wp\/v2\/comments?post=58612"}],"version-history":[{"count":0,"href":"https:\/\/exaudi.org\/es\/wp-json\/wp\/v2\/posts\/58612\/revisions"}],"wp:featuredmedia":[{"embeddable":true,"href":"https:\/\/exaudi.org\/es\/wp-json\/wp\/v2\/media\/58611"}],"wp:attachment":[{"href":"https:\/\/exaudi.org\/es\/wp-json\/wp\/v2\/media?parent=58612"}],"wp:term":[{"taxonomy":"category","embeddable":true,"href":"https:\/\/exaudi.org\/es\/wp-json\/wp\/v2\/categories?post=58612"},{"taxonomy":"post_tag","embeddable":true,"href":"https:\/\/exaudi.org\/es\/wp-json\/wp\/v2\/tags?post=58612"}],"curies":[{"name":"wp","href":"https:\/\/api.w.org\/{rel}","templated":true}]}}