{"id":58386,"date":"2022-06-22T12:25:28","date_gmt":"2022-06-22T10:25:28","guid":{"rendered":"https:\/\/exaudi.org\/?p=58386"},"modified":"2022-06-22T15:31:49","modified_gmt":"2022-06-22T13:31:49","slug":"catequesis-del-papa-una-espiritualidad-para-mantenernos-fieles-en-la-ancianidad","status":"publish","type":"post","link":"https:\/\/exaudi.org\/es\/catequesis-del-papa-una-espiritualidad-para-mantenernos-fieles-en-la-ancianidad\/","title":{"rendered":"Catequesis del Papa: Una espiritualidad para mantenernos fieles en la ancianidad"},"content":{"rendered":"<p>En su catequesis de hoy, mi\u00e9rcoles, 22 de junio de 2022, el Papa Francisco desde la Plaza San Pedro, ha reflexionado sobre Juan 21, 15-23. \u201c<em>Necesitamos, sobre todo en la ancianidad, una\u00a0espiritualidad\u00a0que nos ayude a mantenernos fieles al seguimiento de Cristo hasta el final<\/em>,\u201d dentro del ciclo sobre la vejez.<\/p>\n<p>A continuaci\u00f3n, sigue la catequesis completa del Obispo de Roma, , no oficial en espa\u00f1ol, ofrecida por la Oficina de Prensa de la Santa Sede.<\/p>\n<p>***<\/p>\n<h4><strong>Catequesis sobre la vejez 15. Pedro y Juan<\/strong><\/h4>\n<p>Queridos hermanos y hermanas, \u00a1buenos d\u00edas!<\/p>\n<p>En nuestro recorrido de catequesis sobre la vejez, hoy meditamos sobre el di\u00e1logo entre Jes\u00fas resucitado y Pedro al finalizar el Evangelio de Juan (21,15-23). Es un di\u00e1logo conmovedor, en el que se refleja todo el amor de Jes\u00fas por sus disc\u00edpulos, y tambi\u00e9n la sublime humanidad de su relaci\u00f3n con ellos, en particular con Pedro: una relaci\u00f3n tierna, pero no simple, directa, fuerte, libre y abierta. Una relaci\u00f3n en la verdad. As\u00ed, el Evangelio de Juan, tan espiritual, tan elevado, se cierra con una vehemente petici\u00f3n y ofrenda de amor entre Jes\u00fas y Pedro, que se entrelaza, con toda naturalidad, con una discusi\u00f3n entre ambos. El evangelista nos advierte: da testimonio de la verdad de los hechos (cf. <em>Jn<\/em> 21, 24). Y es en ellos donde hay que buscar la verdad.<\/p>\n<p><img loading=\"lazy\" decoding=\"async\" class=\"size-medium wp-image-58394 alignright\" src=\"https:\/\/exaudi.org\/wp-content\/uploads\/2022\/06\/audiencia4-300x200.jpeg\" alt=\"\" width=\"300\" height=\"200\" srcset=\"https:\/\/exaudi.org\/wp-content\/uploads\/2022\/06\/audiencia4-300x200.jpeg 300w, https:\/\/exaudi.org\/wp-content\/uploads\/2022\/06\/audiencia4-770x513.jpeg 770w, https:\/\/exaudi.org\/wp-content\/uploads\/2022\/06\/audiencia4-360x240.jpeg?crop=1 360w, https:\/\/exaudi.org\/wp-content\/uploads\/2022\/06\/audiencia4-500x333.jpeg 500w, https:\/\/exaudi.org\/wp-content\/uploads\/2022\/06\/audiencia4-370x247.jpeg 370w, https:\/\/exaudi.org\/wp-content\/uploads\/2022\/06\/audiencia4-293x195.jpeg 293w, https:\/\/exaudi.org\/wp-content\/uploads\/2022\/06\/audiencia4-120x80.jpeg 120w, https:\/\/exaudi.org\/wp-content\/uploads\/2022\/06\/audiencia4-240x160.jpeg 240w, https:\/\/exaudi.org\/wp-content\/uploads\/2022\/06\/audiencia4-390x260.jpeg 390w, https:\/\/exaudi.org\/wp-content\/uploads\/2022\/06\/audiencia4.jpeg 800w\" sizes=\"auto, (max-width: 300px) 100vw, 300px\" \/>Podemos preguntarnos: \u00bfsomos capaces nosotros de custodiar el tenor de esta relaci\u00f3n de Jes\u00fas con los disc\u00edpulos, seg\u00fan su estilo tan abierto, tan franco, tan directo, tan humanamente real? \u00bfNo estamos, sin embargo, muy a menudo tentados a encerrar el testimonio del Evangelio en la cris\u00e1lida de una revelaci\u00f3n \u201cazucarada\u201d, a la que a\u00f1adimos nuestra veneraci\u00f3n de circunstancia? Esta actitud, que parece de respeto, en realidad nos aleja del verdadero Jes\u00fas, e incluso se convierte en ocasi\u00f3n para un camino de fe muy abstracto, muy autorreferencial, muy mundano.<\/p>\n<p>En el transcurso de la discusi\u00f3n de Jes\u00fas con Pedro, encontramos dos pasajes que se refieren precisamente a la vejez y a la duraci\u00f3n del tiempo: el tiempo del testimonio, el tiempo de la vida. El primer paso es la advertencia de Jes\u00fas a Pedro: cuando eras joven eras autosuficiente, cuando seas viejo ya no ser\u00e1s padr\u00f3n tuyo ni de tu vida. Y tu testimonio tambi\u00e9n ir\u00e1 acompa\u00f1ado de esta debilidad. El Evangelista a\u00f1ade su comentario, explicando que Jes\u00fas alud\u00eda al testimonio extremo, el del martirio y de la muerte. Pero podemos comprender bien el sentido de esta advertencia de forma m\u00e1s general: tu secuela deber\u00e1 aprender a dejarse instruir y plasmar por tu fragilidad, tu impotencia, tu dependencia de los dem\u00e1s, incluso en el vestirse, en el caminar. Pero t\u00fa \u00abs\u00edgueme\u00bb (v. 19). La sabidur\u00eda de la secuela debe encontrar el camino para permanecer en su profesi\u00f3n de fe &#8211; \u00abSe\u00f1or, t\u00fa sabes que te quiero\u00bb (vv. 15.16.17) \u2013, tambi\u00e9n en las condiciones limitadas de la debilidad y de la vejez.<img loading=\"lazy\" decoding=\"async\" class=\"size-medium wp-image-58398 alignleft\" src=\"https:\/\/exaudi.org\/wp-content\/uploads\/2022\/06\/audiencia-2-300x200.jpeg\" alt=\"\" width=\"300\" height=\"200\" srcset=\"https:\/\/exaudi.org\/wp-content\/uploads\/2022\/06\/audiencia-2-300x200.jpeg 300w, https:\/\/exaudi.org\/wp-content\/uploads\/2022\/06\/audiencia-2-770x513.jpeg 770w, https:\/\/exaudi.org\/wp-content\/uploads\/2022\/06\/audiencia-2-360x240.jpeg?crop=1 360w, https:\/\/exaudi.org\/wp-content\/uploads\/2022\/06\/audiencia-2-500x333.jpeg 500w, https:\/\/exaudi.org\/wp-content\/uploads\/2022\/06\/audiencia-2-370x247.jpeg 370w, https:\/\/exaudi.org\/wp-content\/uploads\/2022\/06\/audiencia-2-293x195.jpeg 293w, https:\/\/exaudi.org\/wp-content\/uploads\/2022\/06\/audiencia-2-120x80.jpeg 120w, https:\/\/exaudi.org\/wp-content\/uploads\/2022\/06\/audiencia-2-240x160.jpeg 240w, https:\/\/exaudi.org\/wp-content\/uploads\/2022\/06\/audiencia-2-390x260.jpeg 390w, https:\/\/exaudi.org\/wp-content\/uploads\/2022\/06\/audiencia-2.jpeg 800w\" sizes=\"auto, (max-width: 300px) 100vw, 300px\" \/><\/p>\n<p>Este coloquio entre Jes\u00fas y Pedro contiene una ense\u00f1anza valiosa para todos los disc\u00edpulos, para todos los creyentes. Y tambi\u00e9n para todos los ancianos. Aprender de nuestra fragilidad y expresar la coherencia de nuestro testimonio de vida en las condiciones de una vida ampliamente confiada a otros, ampliamente dependiente de la iniciativa de otros.<\/p>\n<p>Pero de nuevo debemos preguntarnos: \u00bfdisponemos de una espiritualidad realmente capaz de interpretar la \u00e9poca -ahora larga y extendida- de este tiempo de nuestra debilidad confiada a los dem\u00e1s, m\u00e1s que al poder de nuestra autonom\u00eda? \u00bfC\u00f3mo permanecer fieles a la secuela vivida, al amor prometido, a la justicia buscada en el tiempo de nuestra capacidad de iniciativa, en el tiempo de la fragilidad de la dependencia, de la despedida del protagonismo de nuestra vida?<\/p>\n<p>Este nuevo tiempo es tambi\u00e9n un tiempo de prueba, ciertamente. Empezando por la tentaci\u00f3n &#8211; muy humana, sin duda, pero tambi\u00e9n muy insidiosa- de conservar nuestro protagonismo. \u201c\u00bfY \u00e9l?\u201d, dice Pedro, viendo al disc\u00edpulo amado que le segu\u00eda (cf. vv. 20-21). \u00bfRealmente tiene que estar en \u201cmi\u201d secuela? \u00bfDebe quiz\u00e1 ocupar \u201cmi\u201d espacio? \u00bfDebe durar m\u00e1s que yo y tomar mi lugar? La respuesta de Jes\u00fas es franca e incluso \u00e1spera: \u00ab\u00bfQu\u00e9 te importa? T\u00fa, s\u00edgueme\u00bb (v. 22). Hermoso. Los ancianos no deben tener envidia de los j\u00f3venes que toman su camino, que ocupan su lugar, que duran m\u00e1s que ellos.<\/p>\n<p><img loading=\"lazy\" decoding=\"async\" class=\"alignright size-medium wp-image-58401\" src=\"https:\/\/exaudi.org\/wp-content\/uploads\/2022\/06\/Audiencia-1-300x200.jpeg\" alt=\"\" width=\"300\" height=\"200\" srcset=\"https:\/\/exaudi.org\/wp-content\/uploads\/2022\/06\/Audiencia-1-300x200.jpeg 300w, https:\/\/exaudi.org\/wp-content\/uploads\/2022\/06\/Audiencia-1-770x513.jpeg 770w, https:\/\/exaudi.org\/wp-content\/uploads\/2022\/06\/Audiencia-1-360x240.jpeg?crop=1 360w, https:\/\/exaudi.org\/wp-content\/uploads\/2022\/06\/Audiencia-1-500x333.jpeg 500w, https:\/\/exaudi.org\/wp-content\/uploads\/2022\/06\/Audiencia-1-370x247.jpeg 370w, https:\/\/exaudi.org\/wp-content\/uploads\/2022\/06\/Audiencia-1-293x195.jpeg 293w, https:\/\/exaudi.org\/wp-content\/uploads\/2022\/06\/Audiencia-1-120x80.jpeg 120w, https:\/\/exaudi.org\/wp-content\/uploads\/2022\/06\/Audiencia-1-240x160.jpeg 240w, https:\/\/exaudi.org\/wp-content\/uploads\/2022\/06\/Audiencia-1-390x260.jpeg 390w, https:\/\/exaudi.org\/wp-content\/uploads\/2022\/06\/Audiencia-1.jpeg 800w\" sizes=\"auto, (max-width: 300px) 100vw, 300px\" \/>El honor de su fidelidad al amor jurado, la fidelidad a la secuela de la fe cre\u00edda, incluso en las condiciones que les acercan a la despedida de la vida, son su t\u00edtulo de admiraci\u00f3n para las generaciones venideras y de reconocimiento agradecido por parte del Se\u00f1or.<\/p>\n<p>Incluso la secuela forzosamente inactiva, hecha de contemplaci\u00f3n emocionada y de escucha extasiada de la palabra del Se\u00f1or -como la de Mar\u00eda, hermana de L\u00e1zaro- se convertir\u00e1 en la mejor parte de su vida. Que nunca m\u00e1s ser\u00e1 quitada (cf. Lc 10,42).<\/p>\n<h4><strong>Resumen le\u00eddo por el Santo Padre en espa\u00f1ol<\/strong><\/h4>\n<p><em>Queridos hermanos y hermanas:<\/em><\/p>\n<p>En la catequesis de hoy reflexionamos sobre el di\u00e1logo de Jes\u00fas con Pedro, que est\u00e1 al final del Evangelio de Juan. Se trata de un coloquio directo y abierto entre el Maestro y el disc\u00edpulo, basado en\u00a0la\u00a0<em>libertad\u00a0<\/em>y en<em>\u00a0<\/em>la<em>\u00a0verdad<\/em>. En este pasaje encontramos tambi\u00e9n algunas referencias a la ancianidad. Jes\u00fas advierte a Pedro que, con el paso del tiempo, tendr\u00e1 que aprender a seguirlo teniendo en cuenta la propia\u00a0<em>fragilidad<\/em>, que lo limitar\u00e1 en su acci\u00f3n e, incluso, en ciertos aspectos, lo llevar\u00e1 a depender de los dem\u00e1s.<\/p>\n<p>Este di\u00e1logo nos brinda una gran ense\u00f1anza, y es que en cada etapa de la vida tenemos que conocernos y aprender a ser coherentes, contando con nuestras fragilidades, contando con nuestras limitaciones. Para ello necesitamos, sobre todo en la ancianidad, una\u00a0<em>espiritualidad<\/em>\u00a0que nos ayude a mantenernos fieles al seguimiento de Cristo hasta el final, sabiendo dar espacio a las j\u00f3venes generaciones que vienen detr\u00e1s de nosotros; y a agradecer al Se\u00f1or todas las bendiciones que recibimos de su infinita bondad.<\/p>\n<h4><strong>Saludos:<\/strong><\/h4>\n<p>Saludo cordialmente a los peregrinos de lengua espa\u00f1ola. Pidamos al Sagrado Coraz\u00f3n de Jes\u00fas y al Inmaculado Coraz\u00f3n de Mar\u00eda que asemejen nuestros corazones a los suyos, y que, palpitando al mismo ritmo, sepamos vivir con fe y serena alegr\u00eda cada etapa de nuestra vida. Que Dios los bendiga. Muchas gracias.<\/p>\n<p>&nbsp;<\/p>\n","protected":false},"excerpt":{"rendered":"<p>Catequesis sobre la vejez 15. Pedro y Juan<\/p>\n","protected":false},"author":7,"featured_media":58427,"comment_status":"closed","ping_status":"closed","sticky":false,"template":"","format":"standard","meta":{"_acf_changed":false,"_crdt_document":"","inline_featured_image":false,"footnotes":""},"categories":[112,68],"tags":[6313,6437,4953],"class_list":["post-58386","post","type-post","status-publish","format-standard","has-post-thumbnail","hentry","category-audiencia-general","category-leon-xiv","tag-catequesis-papa","tag-pedro-y-juan","tag-trending-es"],"acf":[],"yoast_head":"<!-- This site is optimized with the Yoast SEO plugin v27.4 - https:\/\/yoast.com\/product\/yoast-seo-wordpress\/ -->\n<title>Catequesis del Papa: Una espiritualidad para mantenernos fieles en la ancianidad &#8211; Exaudi<\/title>\n<meta name=\"robots\" content=\"index, follow, max-snippet:-1, max-image-preview:large, max-video-preview:-1\" \/>\n<link rel=\"canonical\" href=\"https:\/\/exaudi.org\/es\/catequesis-del-papa-una-espiritualidad-para-mantenernos-fieles-en-la-ancianidad\/\" \/>\n<meta property=\"og:locale\" content=\"es_ES\" \/>\n<meta property=\"og:type\" content=\"article\" \/>\n<meta property=\"og:title\" content=\"Catequesis del Papa: Una espiritualidad para mantenernos fieles en la ancianidad &#8211; Exaudi\" \/>\n<meta property=\"og:description\" content=\"Catequesis sobre la vejez 15. Pedro y Juan\" \/>\n<meta property=\"og:url\" content=\"https:\/\/exaudi.org\/es\/catequesis-del-papa-una-espiritualidad-para-mantenernos-fieles-en-la-ancianidad\/\" \/>\n<meta property=\"og:site_name\" content=\"Exaudi\" \/>\n<meta property=\"article:publisher\" content=\"https:\/\/www.facebook.com\/ExaudiNews\" \/>\n<meta property=\"article:published_time\" content=\"2022-06-22T10:25:28+00:00\" \/>\n<meta property=\"article:modified_time\" content=\"2022-06-22T13:31:49+00:00\" \/>\n<meta property=\"og:image\" content=\"https:\/\/exaudi.org\/wp-content\/uploads\/2022\/06\/rs22062022100615_07111-scaled.jpg\" \/>\n\t<meta property=\"og:image:width\" content=\"2560\" \/>\n\t<meta property=\"og:image:height\" content=\"1707\" \/>\n\t<meta property=\"og:image:type\" content=\"image\/jpeg\" \/>\n<meta name=\"author\" content=\"Raquel Anillo\" \/>\n<meta name=\"twitter:card\" content=\"summary_large_image\" \/>\n<meta name=\"twitter:creator\" content=\"@Exaudi_News\" \/>\n<meta name=\"twitter:site\" content=\"@Exaudi_News\" \/>\n<meta name=\"twitter:label1\" content=\"Escrito por\" \/>\n\t<meta name=\"twitter:data1\" content=\"Raquel Anillo\" \/>\n\t<meta name=\"twitter:label2\" content=\"Tiempo de lectura\" \/>\n\t<meta name=\"twitter:data2\" content=\"6 minutos\" \/>\n<script type=\"application\/ld+json\" class=\"yoast-schema-graph\">{\"@context\":\"https:\\\/\\\/schema.org\",\"@graph\":[{\"@type\":\"Article\",\"@id\":\"https:\\\/\\\/exaudi.org\\\/es\\\/catequesis-del-papa-una-espiritualidad-para-mantenernos-fieles-en-la-ancianidad\\\/#article\",\"isPartOf\":{\"@id\":\"https:\\\/\\\/exaudi.org\\\/es\\\/catequesis-del-papa-una-espiritualidad-para-mantenernos-fieles-en-la-ancianidad\\\/\"},\"author\":{\"name\":\"Raquel Anillo\",\"@id\":\"https:\\\/\\\/exaudi.org\\\/#\\\/schema\\\/person\\\/6ff0af358a606d657c4b1b6e0d5c85cb\"},\"headline\":\"Catequesis del Papa: Una espiritualidad para mantenernos fieles en la ancianidad\",\"datePublished\":\"2022-06-22T10:25:28+00:00\",\"dateModified\":\"2022-06-22T13:31:49+00:00\",\"mainEntityOfPage\":{\"@id\":\"https:\\\/\\\/exaudi.org\\\/es\\\/catequesis-del-papa-una-espiritualidad-para-mantenernos-fieles-en-la-ancianidad\\\/\"},\"wordCount\":1130,\"image\":{\"@id\":\"https:\\\/\\\/exaudi.org\\\/es\\\/catequesis-del-papa-una-espiritualidad-para-mantenernos-fieles-en-la-ancianidad\\\/#primaryimage\"},\"thumbnailUrl\":\"https:\\\/\\\/exaudi.org\\\/wp-content\\\/uploads\\\/2022\\\/06\\\/rs22062022100615_07111-scaled.jpg\",\"keywords\":[\"Catequesis Papa\",\"Pedro y Juan\",\"Trending\"],\"articleSection\":[\"Audiencia General\",\"Le\u00f3n XIV\"],\"inLanguage\":\"es\"},{\"@type\":\"WebPage\",\"@id\":\"https:\\\/\\\/exaudi.org\\\/es\\\/catequesis-del-papa-una-espiritualidad-para-mantenernos-fieles-en-la-ancianidad\\\/\",\"url\":\"https:\\\/\\\/exaudi.org\\\/es\\\/catequesis-del-papa-una-espiritualidad-para-mantenernos-fieles-en-la-ancianidad\\\/\",\"name\":\"Catequesis del Papa: Una espiritualidad para mantenernos fieles en la ancianidad &#8211; Exaudi\",\"isPartOf\":{\"@id\":\"https:\\\/\\\/exaudi.org\\\/#website\"},\"primaryImageOfPage\":{\"@id\":\"https:\\\/\\\/exaudi.org\\\/es\\\/catequesis-del-papa-una-espiritualidad-para-mantenernos-fieles-en-la-ancianidad\\\/#primaryimage\"},\"image\":{\"@id\":\"https:\\\/\\\/exaudi.org\\\/es\\\/catequesis-del-papa-una-espiritualidad-para-mantenernos-fieles-en-la-ancianidad\\\/#primaryimage\"},\"thumbnailUrl\":\"https:\\\/\\\/exaudi.org\\\/wp-content\\\/uploads\\\/2022\\\/06\\\/rs22062022100615_07111-scaled.jpg\",\"datePublished\":\"2022-06-22T10:25:28+00:00\",\"dateModified\":\"2022-06-22T13:31:49+00:00\",\"author\":{\"@id\":\"https:\\\/\\\/exaudi.org\\\/#\\\/schema\\\/person\\\/6ff0af358a606d657c4b1b6e0d5c85cb\"},\"breadcrumb\":{\"@id\":\"https:\\\/\\\/exaudi.org\\\/es\\\/catequesis-del-papa-una-espiritualidad-para-mantenernos-fieles-en-la-ancianidad\\\/#breadcrumb\"},\"inLanguage\":\"es\",\"potentialAction\":[{\"@type\":\"ReadAction\",\"target\":[\"https:\\\/\\\/exaudi.org\\\/es\\\/catequesis-del-papa-una-espiritualidad-para-mantenernos-fieles-en-la-ancianidad\\\/\"]}]},{\"@type\":\"ImageObject\",\"inLanguage\":\"es\",\"@id\":\"https:\\\/\\\/exaudi.org\\\/es\\\/catequesis-del-papa-una-espiritualidad-para-mantenernos-fieles-en-la-ancianidad\\\/#primaryimage\",\"url\":\"https:\\\/\\\/exaudi.org\\\/wp-content\\\/uploads\\\/2022\\\/06\\\/rs22062022100615_07111-scaled.jpg\",\"contentUrl\":\"https:\\\/\\\/exaudi.org\\\/wp-content\\\/uploads\\\/2022\\\/06\\\/rs22062022100615_07111-scaled.jpg\",\"width\":2560,\"height\":1707,\"caption\":\"\u00a9 Vatican Media\"},{\"@type\":\"BreadcrumbList\",\"@id\":\"https:\\\/\\\/exaudi.org\\\/es\\\/catequesis-del-papa-una-espiritualidad-para-mantenernos-fieles-en-la-ancianidad\\\/#breadcrumb\",\"itemListElement\":[{\"@type\":\"ListItem\",\"position\":1,\"name\":\"Portada\",\"item\":\"https:\\\/\\\/exaudi.org\\\/es\\\/\"},{\"@type\":\"ListItem\",\"position\":2,\"name\":\"Catequesis del Papa: Una espiritualidad para mantenernos fieles en la ancianidad\"}]},{\"@type\":\"WebSite\",\"@id\":\"https:\\\/\\\/exaudi.org\\\/#website\",\"url\":\"https:\\\/\\\/exaudi.org\\\/\",\"name\":\"Exaudi\",\"description\":\"News\",\"potentialAction\":[{\"@type\":\"SearchAction\",\"target\":{\"@type\":\"EntryPoint\",\"urlTemplate\":\"https:\\\/\\\/exaudi.org\\\/?s={search_term_string}\"},\"query-input\":{\"@type\":\"PropertyValueSpecification\",\"valueRequired\":true,\"valueName\":\"search_term_string\"}}],\"inLanguage\":\"es\"},{\"@type\":\"Person\",\"@id\":\"https:\\\/\\\/exaudi.org\\\/#\\\/schema\\\/person\\\/6ff0af358a606d657c4b1b6e0d5c85cb\",\"name\":\"Raquel Anillo\",\"image\":{\"@type\":\"ImageObject\",\"inLanguage\":\"es\",\"@id\":\"https:\\\/\\\/secure.gravatar.com\\\/avatar\\\/7f88757c095badfcf277fb437d860f221e7a4fb83008b887cccb1f1299f66efb?s=96&d=mm&r=g\",\"url\":\"https:\\\/\\\/secure.gravatar.com\\\/avatar\\\/7f88757c095badfcf277fb437d860f221e7a4fb83008b887cccb1f1299f66efb?s=96&d=mm&r=g\",\"contentUrl\":\"https:\\\/\\\/secure.gravatar.com\\\/avatar\\\/7f88757c095badfcf277fb437d860f221e7a4fb83008b887cccb1f1299f66efb?s=96&d=mm&r=g\",\"caption\":\"Raquel Anillo\"},\"description\":\"Casada. Comprometida con la Iglesia. Traductora e int\u00e9rprete para la Comunidad Emmanuel, especialmente para las sesiones internacionales de Paray le Monial (Francia) 1986 al 2005. Colaboradora de Zenit de 2012-2014 y de 2017-2020 como traductora.\",\"url\":\"https:\\\/\\\/exaudi.org\\\/es\\\/author\\\/ranilloexaudi-org\\\/\"}]}<\/script>\n<!-- \/ Yoast SEO plugin. -->","yoast_head_json":{"title":"Catequesis del Papa: Una espiritualidad para mantenernos fieles en la ancianidad &#8211; Exaudi","robots":{"index":"index","follow":"follow","max-snippet":"max-snippet:-1","max-image-preview":"max-image-preview:large","max-video-preview":"max-video-preview:-1"},"canonical":"https:\/\/exaudi.org\/es\/catequesis-del-papa-una-espiritualidad-para-mantenernos-fieles-en-la-ancianidad\/","og_locale":"es_ES","og_type":"article","og_title":"Catequesis del Papa: Una espiritualidad para mantenernos fieles en la ancianidad &#8211; Exaudi","og_description":"Catequesis sobre la vejez 15. Pedro y Juan","og_url":"https:\/\/exaudi.org\/es\/catequesis-del-papa-una-espiritualidad-para-mantenernos-fieles-en-la-ancianidad\/","og_site_name":"Exaudi","article_publisher":"https:\/\/www.facebook.com\/ExaudiNews","article_published_time":"2022-06-22T10:25:28+00:00","article_modified_time":"2022-06-22T13:31:49+00:00","og_image":[{"width":2560,"height":1707,"url":"https:\/\/exaudi.org\/wp-content\/uploads\/2022\/06\/rs22062022100615_07111-scaled.jpg","type":"image\/jpeg"}],"author":"Raquel Anillo","twitter_card":"summary_large_image","twitter_creator":"@Exaudi_News","twitter_site":"@Exaudi_News","twitter_misc":{"Escrito por":"Raquel Anillo","Tiempo de lectura":"6 minutos"},"schema":{"@context":"https:\/\/schema.org","@graph":[{"@type":"Article","@id":"https:\/\/exaudi.org\/es\/catequesis-del-papa-una-espiritualidad-para-mantenernos-fieles-en-la-ancianidad\/#article","isPartOf":{"@id":"https:\/\/exaudi.org\/es\/catequesis-del-papa-una-espiritualidad-para-mantenernos-fieles-en-la-ancianidad\/"},"author":{"name":"Raquel Anillo","@id":"https:\/\/exaudi.org\/#\/schema\/person\/6ff0af358a606d657c4b1b6e0d5c85cb"},"headline":"Catequesis del Papa: Una espiritualidad para mantenernos fieles en la ancianidad","datePublished":"2022-06-22T10:25:28+00:00","dateModified":"2022-06-22T13:31:49+00:00","mainEntityOfPage":{"@id":"https:\/\/exaudi.org\/es\/catequesis-del-papa-una-espiritualidad-para-mantenernos-fieles-en-la-ancianidad\/"},"wordCount":1130,"image":{"@id":"https:\/\/exaudi.org\/es\/catequesis-del-papa-una-espiritualidad-para-mantenernos-fieles-en-la-ancianidad\/#primaryimage"},"thumbnailUrl":"https:\/\/exaudi.org\/wp-content\/uploads\/2022\/06\/rs22062022100615_07111-scaled.jpg","keywords":["Catequesis Papa","Pedro y Juan","Trending"],"articleSection":["Audiencia General","Le\u00f3n XIV"],"inLanguage":"es"},{"@type":"WebPage","@id":"https:\/\/exaudi.org\/es\/catequesis-del-papa-una-espiritualidad-para-mantenernos-fieles-en-la-ancianidad\/","url":"https:\/\/exaudi.org\/es\/catequesis-del-papa-una-espiritualidad-para-mantenernos-fieles-en-la-ancianidad\/","name":"Catequesis del Papa: Una espiritualidad para mantenernos fieles en la ancianidad &#8211; Exaudi","isPartOf":{"@id":"https:\/\/exaudi.org\/#website"},"primaryImageOfPage":{"@id":"https:\/\/exaudi.org\/es\/catequesis-del-papa-una-espiritualidad-para-mantenernos-fieles-en-la-ancianidad\/#primaryimage"},"image":{"@id":"https:\/\/exaudi.org\/es\/catequesis-del-papa-una-espiritualidad-para-mantenernos-fieles-en-la-ancianidad\/#primaryimage"},"thumbnailUrl":"https:\/\/exaudi.org\/wp-content\/uploads\/2022\/06\/rs22062022100615_07111-scaled.jpg","datePublished":"2022-06-22T10:25:28+00:00","dateModified":"2022-06-22T13:31:49+00:00","author":{"@id":"https:\/\/exaudi.org\/#\/schema\/person\/6ff0af358a606d657c4b1b6e0d5c85cb"},"breadcrumb":{"@id":"https:\/\/exaudi.org\/es\/catequesis-del-papa-una-espiritualidad-para-mantenernos-fieles-en-la-ancianidad\/#breadcrumb"},"inLanguage":"es","potentialAction":[{"@type":"ReadAction","target":["https:\/\/exaudi.org\/es\/catequesis-del-papa-una-espiritualidad-para-mantenernos-fieles-en-la-ancianidad\/"]}]},{"@type":"ImageObject","inLanguage":"es","@id":"https:\/\/exaudi.org\/es\/catequesis-del-papa-una-espiritualidad-para-mantenernos-fieles-en-la-ancianidad\/#primaryimage","url":"https:\/\/exaudi.org\/wp-content\/uploads\/2022\/06\/rs22062022100615_07111-scaled.jpg","contentUrl":"https:\/\/exaudi.org\/wp-content\/uploads\/2022\/06\/rs22062022100615_07111-scaled.jpg","width":2560,"height":1707,"caption":"\u00a9 Vatican Media"},{"@type":"BreadcrumbList","@id":"https:\/\/exaudi.org\/es\/catequesis-del-papa-una-espiritualidad-para-mantenernos-fieles-en-la-ancianidad\/#breadcrumb","itemListElement":[{"@type":"ListItem","position":1,"name":"Portada","item":"https:\/\/exaudi.org\/es\/"},{"@type":"ListItem","position":2,"name":"Catequesis del Papa: Una espiritualidad para mantenernos fieles en la ancianidad"}]},{"@type":"WebSite","@id":"https:\/\/exaudi.org\/#website","url":"https:\/\/exaudi.org\/","name":"Exaudi","description":"News","potentialAction":[{"@type":"SearchAction","target":{"@type":"EntryPoint","urlTemplate":"https:\/\/exaudi.org\/?s={search_term_string}"},"query-input":{"@type":"PropertyValueSpecification","valueRequired":true,"valueName":"search_term_string"}}],"inLanguage":"es"},{"@type":"Person","@id":"https:\/\/exaudi.org\/#\/schema\/person\/6ff0af358a606d657c4b1b6e0d5c85cb","name":"Raquel Anillo","image":{"@type":"ImageObject","inLanguage":"es","@id":"https:\/\/secure.gravatar.com\/avatar\/7f88757c095badfcf277fb437d860f221e7a4fb83008b887cccb1f1299f66efb?s=96&d=mm&r=g","url":"https:\/\/secure.gravatar.com\/avatar\/7f88757c095badfcf277fb437d860f221e7a4fb83008b887cccb1f1299f66efb?s=96&d=mm&r=g","contentUrl":"https:\/\/secure.gravatar.com\/avatar\/7f88757c095badfcf277fb437d860f221e7a4fb83008b887cccb1f1299f66efb?s=96&d=mm&r=g","caption":"Raquel Anillo"},"description":"Casada. Comprometida con la Iglesia. Traductora e int\u00e9rprete para la Comunidad Emmanuel, especialmente para las sesiones internacionales de Paray le Monial (Francia) 1986 al 2005. Colaboradora de Zenit de 2012-2014 y de 2017-2020 como traductora.","url":"https:\/\/exaudi.org\/es\/author\/ranilloexaudi-org\/"}]}},"jetpack_featured_media_url":"https:\/\/exaudi.org\/wp-content\/uploads\/2022\/06\/rs22062022100615_07111-scaled.jpg","jetpack_shortlink":"https:\/\/wp.me\/pgKjF2-fbI","_links":{"self":[{"href":"https:\/\/exaudi.org\/es\/wp-json\/wp\/v2\/posts\/58386","targetHints":{"allow":["GET"]}}],"collection":[{"href":"https:\/\/exaudi.org\/es\/wp-json\/wp\/v2\/posts"}],"about":[{"href":"https:\/\/exaudi.org\/es\/wp-json\/wp\/v2\/types\/post"}],"author":[{"embeddable":true,"href":"https:\/\/exaudi.org\/es\/wp-json\/wp\/v2\/users\/7"}],"replies":[{"embeddable":true,"href":"https:\/\/exaudi.org\/es\/wp-json\/wp\/v2\/comments?post=58386"}],"version-history":[{"count":0,"href":"https:\/\/exaudi.org\/es\/wp-json\/wp\/v2\/posts\/58386\/revisions"}],"wp:featuredmedia":[{"embeddable":true,"href":"https:\/\/exaudi.org\/es\/wp-json\/wp\/v2\/media\/58427"}],"wp:attachment":[{"href":"https:\/\/exaudi.org\/es\/wp-json\/wp\/v2\/media?parent=58386"}],"wp:term":[{"taxonomy":"category","embeddable":true,"href":"https:\/\/exaudi.org\/es\/wp-json\/wp\/v2\/categories?post=58386"},{"taxonomy":"post_tag","embeddable":true,"href":"https:\/\/exaudi.org\/es\/wp-json\/wp\/v2\/tags?post=58386"}],"curies":[{"name":"wp","href":"https:\/\/api.w.org\/{rel}","templated":true}]}}