{"id":58176,"date":"2022-06-17T10:44:46","date_gmt":"2022-06-17T08:44:46","guid":{"rendered":"https:\/\/exaudi.org\/?p=58176"},"modified":"2022-06-17T10:46:42","modified_gmt":"2022-06-17T08:46:42","slug":"sacerdote-en-la-tragedia-de-nigeria-yo-los-protegia-como-una-gallina-a-sus-polluelos","status":"publish","type":"post","link":"https:\/\/exaudi.org\/es\/sacerdote-en-la-tragedia-de-nigeria-yo-los-protegia-como-una-gallina-a-sus-polluelos\/","title":{"rendered":"Sacerdote en la tragedia de Nigeria: \u201cYo los proteg\u00eda como una gallina a sus polluelos\u201d"},"content":{"rendered":"<p>El P. Andrew Adeniyi Abayomi es en Owo, en el estado nigeriano de Ondo, vicario parroquial de la iglesia de San Francisco Javier, donde el 5 de junio tuvo lugar un <a href=\"https:\/\/exaudi.org\/es\/nigeria-el-papa-reza-por-victimas-de-la-masacre-de-pentecostes\/\" target=\"_blank\" rel=\"noopener\">atentado terrorista en la Misa del Domingo de Pentecost\u00e9s<\/a>. La masacre dej\u00f3 al menos 41 fieles muertos y decenas de heridos graves. El P. Abayomi habla con <a href=\"https:\/\/www.ayudaalaiglesianecesitada.org\/\" target=\"_blank\" rel=\"noopener\">Ayuda a la Iglesia Necesitada (ACN)<\/a> sobre su experiencia de ese d\u00eda, las secuelas de la masacre y las medidas de la Iglesia local para atender a los heridos y a los que lloran la p\u00e9rdida de sus seres queridos.<\/p>\n<figure id=\"attachment_58183\" aria-describedby=\"caption-attachment-58183\" style=\"width: 218px\" class=\"wp-caption alignleft\"><img loading=\"lazy\" decoding=\"async\" class=\"size-medium wp-image-58183\" src=\"https:\/\/exaudi.org\/wp-content\/uploads\/2022\/06\/ACN-20220615-129360-218x300.jpg\" alt=\"\" width=\"218\" height=\"300\" srcset=\"https:\/\/exaudi.org\/wp-content\/uploads\/2022\/06\/ACN-20220615-129360-218x300.jpg 218w, https:\/\/exaudi.org\/wp-content\/uploads\/2022\/06\/ACN-20220615-129360-745x1024.jpg 745w, https:\/\/exaudi.org\/wp-content\/uploads\/2022\/06\/ACN-20220615-129360-770x1059.jpg 770w, https:\/\/exaudi.org\/wp-content\/uploads\/2022\/06\/ACN-20220615-129360-1117x1536.jpg 1117w, https:\/\/exaudi.org\/wp-content\/uploads\/2022\/06\/ACN-20220615-129360-1489x2048.jpg 1489w, https:\/\/exaudi.org\/wp-content\/uploads\/2022\/06\/ACN-20220615-129360-500x688.jpg 500w, https:\/\/exaudi.org\/wp-content\/uploads\/2022\/06\/ACN-20220615-129360-293x403.jpg 293w, https:\/\/exaudi.org\/wp-content\/uploads\/2022\/06\/ACN-20220615-129360-1400x1925.jpg 1400w, https:\/\/exaudi.org\/wp-content\/uploads\/2022\/06\/ACN-20220615-129360-390x536.jpg 390w, https:\/\/exaudi.org\/wp-content\/uploads\/2022\/06\/ACN-20220615-129360-scaled.jpg 1862w\" sizes=\"auto, (max-width: 218px) 100vw, 218px\" \/><figcaption id=\"caption-attachment-58183\" class=\"wp-caption-text\">Padre Andrew Adeniyi Abayomi, sacerdote en la iglesia de San Francisco Javier \u00a9 ACN<\/figcaption><\/figure>\n<p><strong>ACN: \u00bfCu\u00e1ntos atacantes hab\u00eda?<\/strong><\/p>\n<p><strong>P. Andrew<\/strong>: Yo no los vi, pero algunos testigos presenciales dicen que eran cuatro, mientras que otros aseguran que, adem\u00e1s de esos cuatro, hab\u00eda otros infiltrados entre nosotros en la iglesia. Otros dicen que eran seis en total, pero lo cierto es que se desconoce el n\u00famero real.<\/p>\n<p><strong>\u00bfD\u00f3nde estaba usted cuando ocurri\u00f3 el ataque?<\/strong><\/p>\n<p>Todav\u00eda estaba en el presbiterio. Hab\u00eda terminado la Misa y estaba reponiendo el incienso para la procesi\u00f3n posterior fuera de la iglesia. Fue entonces cuando o\u00ed un ruido. Pens\u00e9 que era un portazo o que alguien se hab\u00eda ca\u00eddo o hab\u00eda visto una serpiente, como ya hab\u00eda ocurrido en alguna ocasi\u00f3n.<\/p>\n<p>Pero entonces o\u00ed un segundo ruido fuerte y vi a los feligreses corriendo en diferentes direcciones en la iglesia. Me qued\u00e9 en estado de shock, pregunt\u00e1ndome qu\u00e9 estaba pasando, cuando alguien corri\u00f3 hacia m\u00ed gritando: \u201c\u00a1Padre, pistoleros!\u201d.<\/p>\n<p><strong>\u00bfTemi\u00f3 por su vida? <\/strong><\/p>\n<p>En ese momento, no; m\u00e1s bien pensaba en c\u00f3mo salvar a mis feligreses. Algunos se armaron de valor y cerraron la puerta de entrada. Yo inst\u00e9 a la gente a pasar por el presbiterio para entrar en la sacrist\u00eda, algunos feligreses escaparon por all\u00ed. Yo me qued\u00e9 en el interior de la sacrist\u00eda. No pod\u00eda moverme porque estaba rodeado de ni\u00f1os, al tiempo que algunos adultos se aferraban a m\u00ed; algunos ni\u00f1os incluso se escondieron debajo de mi casulla, yo los proteg\u00eda como una gallina a sus polluelos.<\/p>\n<p>Mis feligreses exclamaban: \u201c\u00a1Padre, por favor, s\u00e1lvenos; Padre, \u00a1rece!\u201d. Yo intent\u00e9 calmarlos, dici\u00e9ndoles que no se preocuparan, que estaba rezando y que Dios har\u00eda algo. Entonces o\u00ed tres o cuatro explosiones, una tras otra. El atentado estaba bien planeado y dur\u00f3 entre 20 y 25 minutos.<\/p>\n<p><strong>\u00bfQu\u00e9 ocurri\u00f3 despu\u00e9s? <\/strong><\/p>\n<figure id=\"attachment_58186\" aria-describedby=\"caption-attachment-58186\" style=\"width: 300px\" class=\"wp-caption alignright\"><img loading=\"lazy\" decoding=\"async\" class=\"size-medium wp-image-58186\" src=\"https:\/\/exaudi.org\/wp-content\/uploads\/2022\/06\/ACN-20220614-129340-300x200.jpg\" alt=\"\" width=\"300\" height=\"200\" srcset=\"https:\/\/exaudi.org\/wp-content\/uploads\/2022\/06\/ACN-20220614-129340-300x200.jpg 300w, https:\/\/exaudi.org\/wp-content\/uploads\/2022\/06\/ACN-20220614-129340-770x514.jpg 770w, https:\/\/exaudi.org\/wp-content\/uploads\/2022\/06\/ACN-20220614-129340-360x240.jpg?crop=1 360w, https:\/\/exaudi.org\/wp-content\/uploads\/2022\/06\/ACN-20220614-129340-500x333.jpg 500w, https:\/\/exaudi.org\/wp-content\/uploads\/2022\/06\/ACN-20220614-129340-370x247.jpg 370w, https:\/\/exaudi.org\/wp-content\/uploads\/2022\/06\/ACN-20220614-129340-293x195.jpg 293w, https:\/\/exaudi.org\/wp-content\/uploads\/2022\/06\/ACN-20220614-129340-120x80.jpg 120w, https:\/\/exaudi.org\/wp-content\/uploads\/2022\/06\/ACN-20220614-129340-240x160.jpg 240w, https:\/\/exaudi.org\/wp-content\/uploads\/2022\/06\/ACN-20220614-129340-390x260.jpg 390w, https:\/\/exaudi.org\/wp-content\/uploads\/2022\/06\/ACN-20220614-129340.jpg 1024w\" sizes=\"auto, (max-width: 300px) 100vw, 300px\" \/><figcaption id=\"caption-attachment-58186\" class=\"wp-caption-text\">La Iglesia despu\u00e9s del ataque terrorista \u00a9 ACN<\/figcaption><\/figure>\n<p>Finalmente, nos hicieron saber que los atacantes se hab\u00edan ido. Salimos de la sacrist\u00eda y vi a los feligreses que yac\u00edan muertos y a muchos otros heridos. Yo estaba conmocionado. Supliqu\u00e9 a la gente que llevara a nuestros hermanos y hermanas heridos al hospital, con la ayuda de los feligreses que saben conducir empec\u00e9 a trasladar a algunos de los heridos al hospital de San Luis y al centro de salud federal. Dejamos atr\u00e1s los cad\u00e1veres mientras intent\u00e1bamos salvar a los heridos.<\/p>\n<p><strong>El estado de Ondo siempre ha sido pac\u00edfico, especialmente en comparaci\u00f3n con el norte de Nigeria y el Cintur\u00f3n Medio, pese a algunas tensiones entre los pastores fulani y los campesinos cristianos. \u00bfC\u00f3mo se explica este repentino estallido de violencia?<\/strong><\/p>\n<p>Seg\u00fan hemos sabido, hay grupos militantes que est\u00e1n movilizando a la gente en el suroeste y en otras partes del pa\u00eds.\u00a0 No podemos determinar la tribu, la raza o el grupo al que pertenecen los atacantes. Incluso cuando se produjo el ataque, algunos los vieron, pero no pudieron identificarlos por la lengua porque no hablaron. Algunos de los atacantes acudieron haci\u00e9ndose pasar por feligreses a la Misa, celebraron la Misa con nosotros hasta que iniciaron el ataque.<\/p>\n<p><strong>\u00bfC\u00f3mo van a atender a los heridos y a los feligreses de luto?<\/strong><\/p>\n<p>Ya hemos empezado a hacerlo: les prestamos atenci\u00f3n pastoral, los visitamos, rezamos con ellos, les administramos el sacramento de los enfermos y los animamos a mantener viva la esperanza, tambi\u00e9n atendemos a sus familias y a los dem\u00e1s afligidos. Nuestra di\u00f3cesis ha pedido apoyo a otras parroquias, tanto el Gobierno como organizaciones no gubernamentales como la Cruz Roja y otros -incluso grupos musulmanes e imanes- est\u00e1n acudiendo en nuestra ayuda de forma concreta y econ\u00f3mica. La Cruz Roja ha sido la m\u00e1s activa en el intento de captar a donantes de sangre y reunir apoyo material.<\/p>\n<figure id=\"attachment_58180\" aria-describedby=\"caption-attachment-58180\" style=\"width: 300px\" class=\"wp-caption alignleft\"><img loading=\"lazy\" decoding=\"async\" class=\"size-medium wp-image-58180\" src=\"https:\/\/exaudi.org\/wp-content\/uploads\/2022\/06\/ACN-20220614-129337-300x200.jpg\" alt=\"\" width=\"300\" height=\"200\" srcset=\"https:\/\/exaudi.org\/wp-content\/uploads\/2022\/06\/ACN-20220614-129337-300x200.jpg 300w, https:\/\/exaudi.org\/wp-content\/uploads\/2022\/06\/ACN-20220614-129337-770x514.jpg 770w, https:\/\/exaudi.org\/wp-content\/uploads\/2022\/06\/ACN-20220614-129337-360x240.jpg?crop=1 360w, https:\/\/exaudi.org\/wp-content\/uploads\/2022\/06\/ACN-20220614-129337-500x333.jpg 500w, https:\/\/exaudi.org\/wp-content\/uploads\/2022\/06\/ACN-20220614-129337-370x247.jpg 370w, https:\/\/exaudi.org\/wp-content\/uploads\/2022\/06\/ACN-20220614-129337-293x195.jpg 293w, https:\/\/exaudi.org\/wp-content\/uploads\/2022\/06\/ACN-20220614-129337-120x80.jpg 120w, https:\/\/exaudi.org\/wp-content\/uploads\/2022\/06\/ACN-20220614-129337-240x160.jpg 240w, https:\/\/exaudi.org\/wp-content\/uploads\/2022\/06\/ACN-20220614-129337-390x260.jpg 390w, https:\/\/exaudi.org\/wp-content\/uploads\/2022\/06\/ACN-20220614-129337.jpg 1024w\" sizes=\"auto, (max-width: 300px) 100vw, 300px\" \/><figcaption id=\"caption-attachment-58180\" class=\"wp-caption-text\">Bendici\u00f3n de un superviviente despu\u00e9s del ataque \u00a9 ACN<\/figcaption><\/figure>\n<p><strong>\u00bfCu\u00e1les son las mayores necesidades en este momento?<\/strong><\/p>\n<p>Necesitamos apoyo material y econ\u00f3mico para atender a las v\u00edctimas y a los supervivientes. Tambi\u00e9n necesitamos una estrategia de seguridad propia, porque el personal de seguridad cercano y la polic\u00eda no acudieron a nuestro rescate a pesar de que el atentado dur\u00f3 20 minutos y de que explotaron cuatro artefactos. Necesitamos nuestro propio dispositivo de seguridad.<\/p>\n<p><strong>Tras una experiencia como esta, \u00bfse sentir\u00e1 la gente segura al volver a la iglesia?<\/strong><\/p>\n<p>El miedo se ha instalado en la mente de algunos feligreses, pero, no obstante, nosotros estamos decididos a reanimarlos, a mantenerlos firmes en la fe y a reconfortarlos buscando el contacto con todos y no solo con los directamente afectados. El objetivo es establecer un contacto directo con ellos para fortalecerlos y recordarles que profesar nuestra fe en Dios significa que le entregamos toda nuestra vida. Esta vida es solo un tr\u00e1nsito a la eternidad &#8211; la eternidad debe ser nuestra meta final.<\/p>\n<p><strong>\u00bfEl atentado ha fortalecido o debilitado la fe de sus feligreses?<\/strong><\/p>\n<p>En mis encuentros con los feligreses no he visto una p\u00e9rdida de fe, sino un fortalecimiento. Est\u00e1n preparados y dispuestos a permanecer firmes. Yo sigo rezando por ellos todos los d\u00edas, la Misa la celebramos por las intenciones de los que todav\u00eda est\u00e1n en el hospital para contribuir a su r\u00e1pida recuperaci\u00f3n. Adem\u00e1s, tambi\u00e9n se est\u00e1n celebrando Misas por las almas de los que han muerto, para que descansen en paz, y se celebran Misas por las intenciones de todos los miembros de la parroquia para que permanezcan firmes en la fe y vivos en la esperanza.<\/p>\n","protected":false},"excerpt":{"rendered":"<p>Ataque terrorista convierte la Misa de Pentecost\u00e9s en un ba\u00f1o de sangre<\/p>\n","protected":false},"author":89,"featured_media":58177,"comment_status":"closed","ping_status":"closed","sticky":false,"template":"","format":"standard","meta":{"_acf_changed":false,"_crdt_document":"","inline_featured_image":false,"footnotes":""},"categories":[90,98],"tags":[488,4953],"class_list":["post-58176","post","type-post","status-publish","format-standard","has-post-thumbnail","hentry","category-cristianos-perseguidos","category-testimonios","tag-nigeria-es","tag-trending-es"],"acf":[],"yoast_head":"<!-- This site is optimized with the Yoast SEO plugin v27.5 - https:\/\/yoast.com\/product\/yoast-seo-wordpress\/ -->\n<title>Sacerdote en la tragedia de Nigeria: \u201cYo los proteg\u00eda como una gallina a sus polluelos\u201d &#8211; Exaudi<\/title>\n<meta name=\"robots\" content=\"index, follow, max-snippet:-1, max-image-preview:large, max-video-preview:-1\" \/>\n<link rel=\"canonical\" href=\"https:\/\/exaudi.org\/es\/sacerdote-en-la-tragedia-de-nigeria-yo-los-protegia-como-una-gallina-a-sus-polluelos\/\" \/>\n<meta property=\"og:locale\" content=\"es_ES\" \/>\n<meta property=\"og:type\" content=\"article\" \/>\n<meta property=\"og:title\" content=\"Sacerdote en la tragedia de Nigeria: \u201cYo los proteg\u00eda como una gallina a sus polluelos\u201d &#8211; Exaudi\" \/>\n<meta property=\"og:description\" content=\"Ataque terrorista convierte la Misa de Pentecost\u00e9s en un ba\u00f1o de sangre\" \/>\n<meta property=\"og:url\" content=\"https:\/\/exaudi.org\/es\/sacerdote-en-la-tragedia-de-nigeria-yo-los-protegia-como-una-gallina-a-sus-polluelos\/\" \/>\n<meta property=\"og:site_name\" content=\"Exaudi\" \/>\n<meta property=\"article:publisher\" content=\"https:\/\/www.facebook.com\/ExaudiNews\" \/>\n<meta property=\"article:author\" content=\"https:\/\/www.facebook.com\/ayudaalaiglesianecesitada\/?ref=ts\" \/>\n<meta property=\"article:published_time\" content=\"2022-06-17T08:44:46+00:00\" \/>\n<meta property=\"article:modified_time\" content=\"2022-06-17T08:46:42+00:00\" \/>\n<meta property=\"og:image\" content=\"https:\/\/exaudi.org\/wp-content\/uploads\/2022\/06\/ACN-20220614-129341.jpg\" \/>\n\t<meta property=\"og:image:width\" content=\"1024\" \/>\n\t<meta property=\"og:image:height\" content=\"683\" \/>\n\t<meta property=\"og:image:type\" content=\"image\/jpeg\" \/>\n<meta name=\"author\" content=\"Ayuda a la Iglesia Necesitada\" \/>\n<meta name=\"twitter:card\" content=\"summary_large_image\" \/>\n<meta name=\"twitter:creator\" content=\"@https:\/\/x.com\/AyudaIglesNeces\" \/>\n<meta name=\"twitter:site\" content=\"@Exaudi_News\" \/>\n<meta name=\"twitter:label1\" content=\"Escrito por\" \/>\n\t<meta name=\"twitter:data1\" content=\"Ayuda a la Iglesia Necesitada\" \/>\n\t<meta name=\"twitter:label2\" content=\"Tiempo de lectura\" \/>\n\t<meta name=\"twitter:data2\" content=\"6 minutos\" \/>\n<script type=\"application\/ld+json\" class=\"yoast-schema-graph\">{\"@context\":\"https:\\\/\\\/schema.org\",\"@graph\":[{\"@type\":\"Article\",\"@id\":\"https:\\\/\\\/exaudi.org\\\/es\\\/sacerdote-en-la-tragedia-de-nigeria-yo-los-protegia-como-una-gallina-a-sus-polluelos\\\/#article\",\"isPartOf\":{\"@id\":\"https:\\\/\\\/exaudi.org\\\/es\\\/sacerdote-en-la-tragedia-de-nigeria-yo-los-protegia-como-una-gallina-a-sus-polluelos\\\/\"},\"author\":{\"name\":\"Ayuda a la Iglesia Necesitada\",\"@id\":\"https:\\\/\\\/exaudi.org\\\/#\\\/schema\\\/person\\\/d4906ab3b6c174ffe37d722c51c73317\"},\"headline\":\"Sacerdote en la tragedia de Nigeria: \u201cYo los proteg\u00eda como una gallina a sus polluelos\u201d\",\"datePublished\":\"2022-06-17T08:44:46+00:00\",\"dateModified\":\"2022-06-17T08:46:42+00:00\",\"mainEntityOfPage\":{\"@id\":\"https:\\\/\\\/exaudi.org\\\/es\\\/sacerdote-en-la-tragedia-de-nigeria-yo-los-protegia-como-una-gallina-a-sus-polluelos\\\/\"},\"wordCount\":1095,\"image\":{\"@id\":\"https:\\\/\\\/exaudi.org\\\/es\\\/sacerdote-en-la-tragedia-de-nigeria-yo-los-protegia-como-una-gallina-a-sus-polluelos\\\/#primaryimage\"},\"thumbnailUrl\":\"https:\\\/\\\/exaudi.org\\\/wp-content\\\/uploads\\\/2022\\\/06\\\/ACN-20220614-129341.jpg\",\"keywords\":[\"nigeria\",\"Trending\"],\"articleSection\":[\"Cristianos perseguidos\",\"Testimonios\"],\"inLanguage\":\"es\"},{\"@type\":\"WebPage\",\"@id\":\"https:\\\/\\\/exaudi.org\\\/es\\\/sacerdote-en-la-tragedia-de-nigeria-yo-los-protegia-como-una-gallina-a-sus-polluelos\\\/\",\"url\":\"https:\\\/\\\/exaudi.org\\\/es\\\/sacerdote-en-la-tragedia-de-nigeria-yo-los-protegia-como-una-gallina-a-sus-polluelos\\\/\",\"name\":\"Sacerdote en la tragedia de Nigeria: \u201cYo los proteg\u00eda como una gallina a sus polluelos\u201d &#8211; Exaudi\",\"isPartOf\":{\"@id\":\"https:\\\/\\\/exaudi.org\\\/#website\"},\"primaryImageOfPage\":{\"@id\":\"https:\\\/\\\/exaudi.org\\\/es\\\/sacerdote-en-la-tragedia-de-nigeria-yo-los-protegia-como-una-gallina-a-sus-polluelos\\\/#primaryimage\"},\"image\":{\"@id\":\"https:\\\/\\\/exaudi.org\\\/es\\\/sacerdote-en-la-tragedia-de-nigeria-yo-los-protegia-como-una-gallina-a-sus-polluelos\\\/#primaryimage\"},\"thumbnailUrl\":\"https:\\\/\\\/exaudi.org\\\/wp-content\\\/uploads\\\/2022\\\/06\\\/ACN-20220614-129341.jpg\",\"datePublished\":\"2022-06-17T08:44:46+00:00\",\"dateModified\":\"2022-06-17T08:46:42+00:00\",\"author\":{\"@id\":\"https:\\\/\\\/exaudi.org\\\/#\\\/schema\\\/person\\\/d4906ab3b6c174ffe37d722c51c73317\"},\"breadcrumb\":{\"@id\":\"https:\\\/\\\/exaudi.org\\\/es\\\/sacerdote-en-la-tragedia-de-nigeria-yo-los-protegia-como-una-gallina-a-sus-polluelos\\\/#breadcrumb\"},\"inLanguage\":\"es\",\"potentialAction\":[{\"@type\":\"ReadAction\",\"target\":[\"https:\\\/\\\/exaudi.org\\\/es\\\/sacerdote-en-la-tragedia-de-nigeria-yo-los-protegia-como-una-gallina-a-sus-polluelos\\\/\"]}]},{\"@type\":\"ImageObject\",\"inLanguage\":\"es\",\"@id\":\"https:\\\/\\\/exaudi.org\\\/es\\\/sacerdote-en-la-tragedia-de-nigeria-yo-los-protegia-como-una-gallina-a-sus-polluelos\\\/#primaryimage\",\"url\":\"https:\\\/\\\/exaudi.org\\\/wp-content\\\/uploads\\\/2022\\\/06\\\/ACN-20220614-129341.jpg\",\"contentUrl\":\"https:\\\/\\\/exaudi.org\\\/wp-content\\\/uploads\\\/2022\\\/06\\\/ACN-20220614-129341.jpg\",\"width\":1024,\"height\":683,\"caption\":\"Mons. Jude Arogundade obispo de Ondo, Nigeria, visita a supervivientes del ataque \u00a9 ACN\"},{\"@type\":\"BreadcrumbList\",\"@id\":\"https:\\\/\\\/exaudi.org\\\/es\\\/sacerdote-en-la-tragedia-de-nigeria-yo-los-protegia-como-una-gallina-a-sus-polluelos\\\/#breadcrumb\",\"itemListElement\":[{\"@type\":\"ListItem\",\"position\":1,\"name\":\"Portada\",\"item\":\"https:\\\/\\\/exaudi.org\\\/es\\\/\"},{\"@type\":\"ListItem\",\"position\":2,\"name\":\"Sacerdote en la tragedia de Nigeria: \u201cYo los proteg\u00eda como una gallina a sus polluelos\u201d\"}]},{\"@type\":\"WebSite\",\"@id\":\"https:\\\/\\\/exaudi.org\\\/#website\",\"url\":\"https:\\\/\\\/exaudi.org\\\/\",\"name\":\"Exaudi\",\"description\":\"News\",\"potentialAction\":[{\"@type\":\"SearchAction\",\"target\":{\"@type\":\"EntryPoint\",\"urlTemplate\":\"https:\\\/\\\/exaudi.org\\\/?s={search_term_string}\"},\"query-input\":{\"@type\":\"PropertyValueSpecification\",\"valueRequired\":true,\"valueName\":\"search_term_string\"}}],\"inLanguage\":\"es\"},{\"@type\":\"Person\",\"@id\":\"https:\\\/\\\/exaudi.org\\\/#\\\/schema\\\/person\\\/d4906ab3b6c174ffe37d722c51c73317\",\"name\":\"Ayuda a la Iglesia Necesitada\",\"image\":{\"@type\":\"ImageObject\",\"inLanguage\":\"es\",\"@id\":\"https:\\\/\\\/secure.gravatar.com\\\/avatar\\\/18b646e6575a46729bc25d1c374d5965acb9854728a2929ada390e85905160db?s=96&d=mm&r=g\",\"url\":\"https:\\\/\\\/secure.gravatar.com\\\/avatar\\\/18b646e6575a46729bc25d1c374d5965acb9854728a2929ada390e85905160db?s=96&d=mm&r=g\",\"contentUrl\":\"https:\\\/\\\/secure.gravatar.com\\\/avatar\\\/18b646e6575a46729bc25d1c374d5965acb9854728a2929ada390e85905160db?s=96&d=mm&r=g\",\"caption\":\"Ayuda a la Iglesia Necesitada\"},\"description\":\"Ayuda a la Iglesia Necesitada (ACN) es la Fundaci\u00f3n Pontificia que apoya a la Iglesia cat\u00f3lica en su labor evangelizadora en las comunidades m\u00e1s necesitadas, discriminadas y perseguidas del mundo. Cada a\u00f1o, ACN financia m\u00e1s de 5.000 proyectos pastorales y de emergencia humanitaria en m\u00e1s de 130 pa\u00edses. Cuenta con m\u00e1s de 20 oficinas en el mundo (en Espa\u00f1a desde 1965), dedicadas a informar sobre la realidad de estos cristianos; al fomento de la oraci\u00f3n, y a la recaudaci\u00f3n de fondos para la cobertura de proyectos. El 100% de los proyectos que desarrolla ACN se sostienen gracias a los donativos de personas f\u00edsicas u organizaciones que valoran la labor de la Iglesia en el mundo. La Fundaci\u00f3n no recibe subvenciones de organismos p\u00fablicos.\",\"sameAs\":[\"https:\\\/\\\/www.facebook.com\\\/ayudaalaiglesianecesitada\\\/?ref=ts\",\"https:\\\/\\\/www.instagram.com\\\/ayudaiglesianecesitada\\\/\",\"https:\\\/\\\/x.com\\\/https:\\\/\\\/x.com\\\/AyudaIglesNeces\",\"https:\\\/\\\/www.youtube.com\\\/user\\\/AINorg\"],\"url\":\"https:\\\/\\\/exaudi.org\\\/es\\\/author\\\/ayudaalaiglesianecesitada\\\/\"}]}<\/script>\n<!-- \/ Yoast SEO plugin. -->","yoast_head_json":{"title":"Sacerdote en la tragedia de Nigeria: \u201cYo los proteg\u00eda como una gallina a sus polluelos\u201d &#8211; Exaudi","robots":{"index":"index","follow":"follow","max-snippet":"max-snippet:-1","max-image-preview":"max-image-preview:large","max-video-preview":"max-video-preview:-1"},"canonical":"https:\/\/exaudi.org\/es\/sacerdote-en-la-tragedia-de-nigeria-yo-los-protegia-como-una-gallina-a-sus-polluelos\/","og_locale":"es_ES","og_type":"article","og_title":"Sacerdote en la tragedia de Nigeria: \u201cYo los proteg\u00eda como una gallina a sus polluelos\u201d &#8211; Exaudi","og_description":"Ataque terrorista convierte la Misa de Pentecost\u00e9s en un ba\u00f1o de sangre","og_url":"https:\/\/exaudi.org\/es\/sacerdote-en-la-tragedia-de-nigeria-yo-los-protegia-como-una-gallina-a-sus-polluelos\/","og_site_name":"Exaudi","article_publisher":"https:\/\/www.facebook.com\/ExaudiNews","article_author":"https:\/\/www.facebook.com\/ayudaalaiglesianecesitada\/?ref=ts","article_published_time":"2022-06-17T08:44:46+00:00","article_modified_time":"2022-06-17T08:46:42+00:00","og_image":[{"width":1024,"height":683,"url":"https:\/\/exaudi.org\/wp-content\/uploads\/2022\/06\/ACN-20220614-129341.jpg","type":"image\/jpeg"}],"author":"Ayuda a la Iglesia Necesitada","twitter_card":"summary_large_image","twitter_creator":"@https:\/\/x.com\/AyudaIglesNeces","twitter_site":"@Exaudi_News","twitter_misc":{"Escrito por":"Ayuda a la Iglesia Necesitada","Tiempo de lectura":"6 minutos"},"schema":{"@context":"https:\/\/schema.org","@graph":[{"@type":"Article","@id":"https:\/\/exaudi.org\/es\/sacerdote-en-la-tragedia-de-nigeria-yo-los-protegia-como-una-gallina-a-sus-polluelos\/#article","isPartOf":{"@id":"https:\/\/exaudi.org\/es\/sacerdote-en-la-tragedia-de-nigeria-yo-los-protegia-como-una-gallina-a-sus-polluelos\/"},"author":{"name":"Ayuda a la Iglesia Necesitada","@id":"https:\/\/exaudi.org\/#\/schema\/person\/d4906ab3b6c174ffe37d722c51c73317"},"headline":"Sacerdote en la tragedia de Nigeria: \u201cYo los proteg\u00eda como una gallina a sus polluelos\u201d","datePublished":"2022-06-17T08:44:46+00:00","dateModified":"2022-06-17T08:46:42+00:00","mainEntityOfPage":{"@id":"https:\/\/exaudi.org\/es\/sacerdote-en-la-tragedia-de-nigeria-yo-los-protegia-como-una-gallina-a-sus-polluelos\/"},"wordCount":1095,"image":{"@id":"https:\/\/exaudi.org\/es\/sacerdote-en-la-tragedia-de-nigeria-yo-los-protegia-como-una-gallina-a-sus-polluelos\/#primaryimage"},"thumbnailUrl":"https:\/\/exaudi.org\/wp-content\/uploads\/2022\/06\/ACN-20220614-129341.jpg","keywords":["nigeria","Trending"],"articleSection":["Cristianos perseguidos","Testimonios"],"inLanguage":"es"},{"@type":"WebPage","@id":"https:\/\/exaudi.org\/es\/sacerdote-en-la-tragedia-de-nigeria-yo-los-protegia-como-una-gallina-a-sus-polluelos\/","url":"https:\/\/exaudi.org\/es\/sacerdote-en-la-tragedia-de-nigeria-yo-los-protegia-como-una-gallina-a-sus-polluelos\/","name":"Sacerdote en la tragedia de Nigeria: \u201cYo los proteg\u00eda como una gallina a sus polluelos\u201d &#8211; Exaudi","isPartOf":{"@id":"https:\/\/exaudi.org\/#website"},"primaryImageOfPage":{"@id":"https:\/\/exaudi.org\/es\/sacerdote-en-la-tragedia-de-nigeria-yo-los-protegia-como-una-gallina-a-sus-polluelos\/#primaryimage"},"image":{"@id":"https:\/\/exaudi.org\/es\/sacerdote-en-la-tragedia-de-nigeria-yo-los-protegia-como-una-gallina-a-sus-polluelos\/#primaryimage"},"thumbnailUrl":"https:\/\/exaudi.org\/wp-content\/uploads\/2022\/06\/ACN-20220614-129341.jpg","datePublished":"2022-06-17T08:44:46+00:00","dateModified":"2022-06-17T08:46:42+00:00","author":{"@id":"https:\/\/exaudi.org\/#\/schema\/person\/d4906ab3b6c174ffe37d722c51c73317"},"breadcrumb":{"@id":"https:\/\/exaudi.org\/es\/sacerdote-en-la-tragedia-de-nigeria-yo-los-protegia-como-una-gallina-a-sus-polluelos\/#breadcrumb"},"inLanguage":"es","potentialAction":[{"@type":"ReadAction","target":["https:\/\/exaudi.org\/es\/sacerdote-en-la-tragedia-de-nigeria-yo-los-protegia-como-una-gallina-a-sus-polluelos\/"]}]},{"@type":"ImageObject","inLanguage":"es","@id":"https:\/\/exaudi.org\/es\/sacerdote-en-la-tragedia-de-nigeria-yo-los-protegia-como-una-gallina-a-sus-polluelos\/#primaryimage","url":"https:\/\/exaudi.org\/wp-content\/uploads\/2022\/06\/ACN-20220614-129341.jpg","contentUrl":"https:\/\/exaudi.org\/wp-content\/uploads\/2022\/06\/ACN-20220614-129341.jpg","width":1024,"height":683,"caption":"Mons. Jude Arogundade obispo de Ondo, Nigeria, visita a supervivientes del ataque \u00a9 ACN"},{"@type":"BreadcrumbList","@id":"https:\/\/exaudi.org\/es\/sacerdote-en-la-tragedia-de-nigeria-yo-los-protegia-como-una-gallina-a-sus-polluelos\/#breadcrumb","itemListElement":[{"@type":"ListItem","position":1,"name":"Portada","item":"https:\/\/exaudi.org\/es\/"},{"@type":"ListItem","position":2,"name":"Sacerdote en la tragedia de Nigeria: \u201cYo los proteg\u00eda como una gallina a sus polluelos\u201d"}]},{"@type":"WebSite","@id":"https:\/\/exaudi.org\/#website","url":"https:\/\/exaudi.org\/","name":"Exaudi","description":"News","potentialAction":[{"@type":"SearchAction","target":{"@type":"EntryPoint","urlTemplate":"https:\/\/exaudi.org\/?s={search_term_string}"},"query-input":{"@type":"PropertyValueSpecification","valueRequired":true,"valueName":"search_term_string"}}],"inLanguage":"es"},{"@type":"Person","@id":"https:\/\/exaudi.org\/#\/schema\/person\/d4906ab3b6c174ffe37d722c51c73317","name":"Ayuda a la Iglesia Necesitada","image":{"@type":"ImageObject","inLanguage":"es","@id":"https:\/\/secure.gravatar.com\/avatar\/18b646e6575a46729bc25d1c374d5965acb9854728a2929ada390e85905160db?s=96&d=mm&r=g","url":"https:\/\/secure.gravatar.com\/avatar\/18b646e6575a46729bc25d1c374d5965acb9854728a2929ada390e85905160db?s=96&d=mm&r=g","contentUrl":"https:\/\/secure.gravatar.com\/avatar\/18b646e6575a46729bc25d1c374d5965acb9854728a2929ada390e85905160db?s=96&d=mm&r=g","caption":"Ayuda a la Iglesia Necesitada"},"description":"Ayuda a la Iglesia Necesitada (ACN) es la Fundaci\u00f3n Pontificia que apoya a la Iglesia cat\u00f3lica en su labor evangelizadora en las comunidades m\u00e1s necesitadas, discriminadas y perseguidas del mundo. Cada a\u00f1o, ACN financia m\u00e1s de 5.000 proyectos pastorales y de emergencia humanitaria en m\u00e1s de 130 pa\u00edses. Cuenta con m\u00e1s de 20 oficinas en el mundo (en Espa\u00f1a desde 1965), dedicadas a informar sobre la realidad de estos cristianos; al fomento de la oraci\u00f3n, y a la recaudaci\u00f3n de fondos para la cobertura de proyectos. El 100% de los proyectos que desarrolla ACN se sostienen gracias a los donativos de personas f\u00edsicas u organizaciones que valoran la labor de la Iglesia en el mundo. La Fundaci\u00f3n no recibe subvenciones de organismos p\u00fablicos.","sameAs":["https:\/\/www.facebook.com\/ayudaalaiglesianecesitada\/?ref=ts","https:\/\/www.instagram.com\/ayudaiglesianecesitada\/","https:\/\/x.com\/https:\/\/x.com\/AyudaIglesNeces","https:\/\/www.youtube.com\/user\/AINorg"],"url":"https:\/\/exaudi.org\/es\/author\/ayudaalaiglesianecesitada\/"}]}},"jetpack_featured_media_url":"https:\/\/exaudi.org\/wp-content\/uploads\/2022\/06\/ACN-20220614-129341.jpg","jetpack_shortlink":"https:\/\/wp.me\/pgKjF2-f8k","_links":{"self":[{"href":"https:\/\/exaudi.org\/es\/wp-json\/wp\/v2\/posts\/58176","targetHints":{"allow":["GET"]}}],"collection":[{"href":"https:\/\/exaudi.org\/es\/wp-json\/wp\/v2\/posts"}],"about":[{"href":"https:\/\/exaudi.org\/es\/wp-json\/wp\/v2\/types\/post"}],"author":[{"embeddable":true,"href":"https:\/\/exaudi.org\/es\/wp-json\/wp\/v2\/users\/89"}],"replies":[{"embeddable":true,"href":"https:\/\/exaudi.org\/es\/wp-json\/wp\/v2\/comments?post=58176"}],"version-history":[{"count":0,"href":"https:\/\/exaudi.org\/es\/wp-json\/wp\/v2\/posts\/58176\/revisions"}],"wp:featuredmedia":[{"embeddable":true,"href":"https:\/\/exaudi.org\/es\/wp-json\/wp\/v2\/media\/58177"}],"wp:attachment":[{"href":"https:\/\/exaudi.org\/es\/wp-json\/wp\/v2\/media?parent=58176"}],"wp:term":[{"taxonomy":"category","embeddable":true,"href":"https:\/\/exaudi.org\/es\/wp-json\/wp\/v2\/categories?post=58176"},{"taxonomy":"post_tag","embeddable":true,"href":"https:\/\/exaudi.org\/es\/wp-json\/wp\/v2\/tags?post=58176"}],"curies":[{"name":"wp","href":"https:\/\/api.w.org\/{rel}","templated":true}]}}