{"id":58100,"date":"2022-06-15T14:14:45","date_gmt":"2022-06-15T12:14:45","guid":{"rendered":"https:\/\/exaudi.org\/?p=58100"},"modified":"2022-06-15T14:16:16","modified_gmt":"2022-06-15T12:16:16","slug":"cardenal-arizmendi-estar-cerca-del-pueblo-que-sufre","status":"publish","type":"post","link":"https:\/\/exaudi.org\/es\/cardenal-arizmendi-estar-cerca-del-pueblo-que-sufre\/","title":{"rendered":"Cardenal Arizmendi: Estar cerca del pueblo que sufre"},"content":{"rendered":"<p>El\u00a0<a href=\"https:\/\/exaudi.org\/es\/author\/felipearizmendi\/\">cardenal Felipe Arizmendi<\/a>, nos ofrece su art\u00edculo semanal titulado\u00a0 \u201cEstar cerca del pueblo que sufre\u201d.<\/p>\n<p>***<\/p>\n<p><strong>MIRAR<\/strong><\/p>\n<p>Nuestro pueblo sufre, no s\u00f3lo por las enfermedades y limitaciones econ\u00f3micas, sino porque se siente desprotegido ante los grupos criminales que est\u00e1n invadiendo ciudades y poblaciones rurales del pa\u00eds. El problema no es s\u00f3lo el narcotr\u00e1fico; lo m\u00e1s com\u00fan es la extorsi\u00f3n, que azota tanto a personas adineradas, como al pueblo m\u00e1s sencillo. Por ejemplo, la tortilla, alimento de ma\u00edz b\u00e1sico para nuestro pueblo, que hace poco costaba quince pesos el kilo, ahora cuesta 23-25 pesos. Los extorsionadores imponen a qui\u00e9n se debe comprar el ma\u00edz, y al precio que ellos deciden, porque en cada kilo se llevan su ganancia. A pesar de que nuestro Presidente repite que <em>primero los pobres, <\/em>\u00e9stos est\u00e1n cada d\u00eda m\u00e1s empobrecidos. \u00bfQu\u00e9 hacer? \u00bfS\u00f3lo lamentar y criticar? \u00bfSolo rezar, sin hacer lo que cada quien pueda para evitar esto?<\/p>\n<p>Algunos obispos han buscado a los l\u00edderes de estos grupos, no para hacer alianzas criminales, sino para exhortarlos a un cambio de vida. No nos hacen mucho caso, pero algo hay que hacer. Yo pude hablar con dos l\u00edderes locales, y sigo haciendo lo posible por dialogar m\u00e1s con ellos, para que le bajen a sus exigencias y respeten la vida de las personas. Como todos son creyentes, nos escuchan con respeto, pero siguen con sus intereses econ\u00f3micos, que para ellos son los que m\u00e1s cuentan. Y como tienen armas de grueso calibre, cometen muchas arbitrariedades e injusticias. En estas dolorosas circunstancias, no podemos abandonar a nuestro pueblo y dejarlo expuesto a los lobos, sino acudir a las autoridades para que hagan lo que les compete, estar cerca de los que sufren y buscar a los delincuentes para que se conviertan.<\/p>\n<p><em>\u00a0<\/em>Algunos obispos han logrado hablar con las primeras autoridades del pa\u00eds, pero \u00e9stas tienen otras estrategias. No podemos afirmar que nuestro Presidente tenga pactos con esos grupos, pero los hechos nos dicen que han aumentado mucho los asesinatos y otros cr\u00edmenes, que quedan en la impunidad. Hemos dialogado con autoridades estatales, pero se sienten rebasados y sin los recursos t\u00e9cnicos para enfrentar el problema, porque las autoridades federales no les apoyan como se requerir\u00eda.<\/p>\n<p>Adem\u00e1s de rezar, cada quien decide qu\u00e9 hacer. Muchos pagan lo que esos delincuentes exigen, para evitarse mayores problemas, sobre todo para que no los maten a ellos ni a sus familiares. Otros se han organizado en grupos de autodefensa, pero son superados por los c\u00e1rteles. A un conocido m\u00edo, en una peque\u00f1a poblaci\u00f3n, le exigieron que les facilitara su casa, para descansar y protegerse. Como no pod\u00eda negarse, pues se expondr\u00eda a represalias, accedi\u00f3 a ello, pero levant\u00f3 un acta ante Notario P\u00fablico para dejar constancia de que no colabora con ellos, sino que les cedi\u00f3 el uso de su casa obligado y sin tener otra alternativa.<\/p>\n<p><strong>DISCERNIR<\/strong><\/p>\n<p>En d\u00edas pasados, el Papa Francisco recibi\u00f3 en audiencia a sacerdotes de Sicilia, al sur de Italia, lugar famoso por sus mafias. Lo que les dijo, nos sirve a nosotros, no s\u00f3lo a sacerdotes y obispos, sino a cuantos tenemos alguna responsabilidad en el servicio al pueblo. Les dijo:<\/p>\n<p><strong><em>\u00a0<\/em><\/strong><em>\u201cEn Sicilia asistimos a comportamientos y gestos marcados por grandes virtudes y tambi\u00e9n por la crueldad. Junto a obras maestras de extraordinaria belleza art\u00edstica, vemos escenas de mortificante abandono. No es casualidad que se haya derramado tanta sangre a manos de los violentos, pero tambi\u00e9n por la resistencia humilde y heroica de los santos y los justos, servidores de la Iglesia y del Estado.<\/em><\/p>\n<p><em>\u00a0<\/em><em>La situaci\u00f3n social actual de Sicilia est\u00e1 en franco declive desde hace a\u00f1os; un signo claro de ello es la despoblaci\u00f3n de la isla. La desconfianza en las instituciones alcanza niveles elevados y los servicios disfuncionales lastran el desempe\u00f1o de las tareas cotidianas, a pesar de los esfuerzos de personas buenas y honestas que quisieran comprometerse y cambiar el sistema.<\/em> <em>\u00bfC\u00f3mo se ha llegado a este camino de injusticia y deshonestidad?<\/em><\/p>\n<p><em>Esta tarea, aunque encomendada a todo el pueblo de Dios, nos pide a los sacerdotes y obispos un servicio pleno, total y exclusivo. No han faltado en el pasado, y no faltan a\u00fan hoy, figuras de sacerdotes y fieles que abrazan plenamente el destino del pueblo siciliano.\u00a0 \u00bfC\u00f3mo ignorar la labor silenciosa, tenaz y amorosa de tantos sacerdotes en medio de personas desanimadas o sin trabajo, en medio de ni\u00f1os o ancianos cada vez m\u00e1s solos? La figura sacerdotal en medio del pueblo, de los buenos sacerdotes, es importante porque en Sicilia la gente sigue buscando a los sacerdotes como gu\u00edas espirituales y morales, personas que tambi\u00e9n pueden contribuir a mejorar la vida civil y social de la isla, a apoyar a la familia y a ser una referencia para los j\u00f3venes en crecimiento. La expectativa del pueblo siciliano hacia los sacerdotes es alta y exigente. No se queden a medias, por favor.<\/em><\/p>\n<p><em>\u00a0<\/em><em>Los pastores estamos llamados a abrazar plenamente la vida de este pueblo. No olvidemos a los profetas de Israel, que permanecieron fieles al pueblo por la fidelidad de Dios a la alianza, y le siguieron en el exilio. As\u00ed como los sabios y piadosos que sostuvieron al pueblo fiel en la di\u00e1spora. Estar al lado, estar cerca, eso es lo que estamos llamados a vivir, por la fidelidad de Dios; por amor a \u00e9l estamos al lado hasta el final, hasta el mismo final, cuando las circunstancias de justicia, de reconciliaci\u00f3n, de honestidad y de perd\u00f3n nos llevan a ello. Cercan\u00eda, compasi\u00f3n y ternura: este es el estilo de Dios y es tambi\u00e9n el estilo del pastor. El mismo Se\u00f1or dice a su pueblo: \u2018Dime, \u00bfqu\u00e9 pueblo tiene a sus dioses tan cerca como t\u00fa me tienes a m\u00ed?\u2019\u00a0La cercan\u00eda, que es compasiva, indulgente, tierna. Abraza, acaricia.<\/em><\/p>\n<p><em>El sacerdote es un hombre del don, del regalo de s\u00ed mismo, cada d\u00eda, sin pausa y sin descanso. Porque la nuestra, queridos sacerdotes, no es una profesi\u00f3n, sino una donaci\u00f3n; no una profesi\u00f3n, que puede servir tambi\u00e9n para hacer carrera, sino una misi\u00f3n\u00bb <\/em>(9-VI-2022).<\/p>\n<p><strong>ACTUAR<\/strong><\/p>\n<p>Sacerdotes, obispos, maestros, autoridades municipales y quienes tenemos alguna responsabilidad social, estemos cerca de nuestro pueblo, en sus dolores y sufrimientos, en sus esperanzas y alegr\u00edas. Hagamos cuanto podamos por que se erradiquen las extorsiones y los cr\u00edmenes, hablando en todos los niveles posibles, aunque no siempre nos hagan caso, pero nunca dejemos solos a nuestros pueblos.<\/p>\n","protected":false},"excerpt":{"rendered":"<p>Nunca dejemos solos a nuestros pueblos<\/p>\n","protected":false},"author":24,"featured_media":58105,"comment_status":"closed","ping_status":"closed","sticky":false,"template":"","format":"standard","meta":{"_acf_changed":false,"_crdt_document":"","inline_featured_image":false,"footnotes":""},"categories":[130],"tags":[1643,6420,4953],"class_list":["post-58100","post","type-post","status-publish","format-standard","has-post-thumbnail","hentry","category-voces","tag-cardenal-arizmendi","tag-estar-cerca-del-pueblo-que-sufre","tag-trending-es"],"acf":[],"yoast_head":"<!-- This site is optimized with the Yoast SEO plugin v27.5 - https:\/\/yoast.com\/product\/yoast-seo-wordpress\/ -->\n<title>Cardenal Arizmendi: Estar cerca del pueblo que sufre &#8211; Exaudi<\/title>\n<meta name=\"robots\" content=\"index, follow, max-snippet:-1, max-image-preview:large, max-video-preview:-1\" \/>\n<link rel=\"canonical\" href=\"https:\/\/exaudi.org\/es\/cardenal-arizmendi-estar-cerca-del-pueblo-que-sufre\/\" \/>\n<meta property=\"og:locale\" content=\"es_ES\" \/>\n<meta property=\"og:type\" content=\"article\" \/>\n<meta property=\"og:title\" content=\"Cardenal Arizmendi: Estar cerca del pueblo que sufre &#8211; Exaudi\" \/>\n<meta property=\"og:description\" content=\"Nunca dejemos solos a nuestros pueblos\" \/>\n<meta property=\"og:url\" content=\"https:\/\/exaudi.org\/es\/cardenal-arizmendi-estar-cerca-del-pueblo-que-sufre\/\" \/>\n<meta property=\"og:site_name\" content=\"Exaudi\" \/>\n<meta property=\"article:publisher\" content=\"https:\/\/www.facebook.com\/ExaudiNews\" \/>\n<meta property=\"article:published_time\" content=\"2022-06-15T12:14:45+00:00\" \/>\n<meta property=\"article:modified_time\" content=\"2022-06-15T12:16:16+00:00\" \/>\n<meta property=\"og:image\" content=\"https:\/\/exaudi.org\/wp-content\/uploads\/2022\/06\/Ricardo-Castillo-scaled-e1655295174765.jpg\" \/>\n\t<meta property=\"og:image:width\" content=\"1707\" \/>\n\t<meta property=\"og:image:height\" content=\"2560\" \/>\n\t<meta property=\"og:image:type\" content=\"image\/jpeg\" \/>\n<meta name=\"author\" content=\"Cardenal Felipe Arizmendi\" \/>\n<meta name=\"twitter:card\" content=\"summary_large_image\" \/>\n<meta name=\"twitter:creator\" content=\"@Exaudi_News\" \/>\n<meta name=\"twitter:site\" content=\"@Exaudi_News\" \/>\n<meta name=\"twitter:label1\" content=\"Escrito por\" \/>\n\t<meta name=\"twitter:data1\" content=\"Cardenal Felipe Arizmendi\" \/>\n\t<meta name=\"twitter:label2\" content=\"Tiempo de lectura\" \/>\n\t<meta name=\"twitter:data2\" content=\"6 minutos\" \/>\n<script type=\"application\/ld+json\" class=\"yoast-schema-graph\">{\"@context\":\"https:\\\/\\\/schema.org\",\"@graph\":[{\"@type\":\"Article\",\"@id\":\"https:\\\/\\\/exaudi.org\\\/es\\\/cardenal-arizmendi-estar-cerca-del-pueblo-que-sufre\\\/#article\",\"isPartOf\":{\"@id\":\"https:\\\/\\\/exaudi.org\\\/es\\\/cardenal-arizmendi-estar-cerca-del-pueblo-que-sufre\\\/\"},\"author\":{\"name\":\"Cardenal Felipe Arizmendi\",\"@id\":\"https:\\\/\\\/exaudi.org\\\/#\\\/schema\\\/person\\\/c7d223f87e58f1105d044d8da1439102\"},\"headline\":\"Cardenal Arizmendi: Estar cerca del pueblo que sufre\",\"datePublished\":\"2022-06-15T12:14:45+00:00\",\"dateModified\":\"2022-06-15T12:16:16+00:00\",\"mainEntityOfPage\":{\"@id\":\"https:\\\/\\\/exaudi.org\\\/es\\\/cardenal-arizmendi-estar-cerca-del-pueblo-que-sufre\\\/\"},\"wordCount\":1141,\"image\":{\"@id\":\"https:\\\/\\\/exaudi.org\\\/es\\\/cardenal-arizmendi-estar-cerca-del-pueblo-que-sufre\\\/#primaryimage\"},\"thumbnailUrl\":\"https:\\\/\\\/exaudi.org\\\/wp-content\\\/uploads\\\/2022\\\/06\\\/Ricardo-Castillo-scaled-e1655295174765.jpg\",\"keywords\":[\"Cardenal Arizmendi\",\"Estar cerca del pueblo que sufre\",\"Trending\"],\"articleSection\":[\"Voces\"],\"inLanguage\":\"es\"},{\"@type\":\"WebPage\",\"@id\":\"https:\\\/\\\/exaudi.org\\\/es\\\/cardenal-arizmendi-estar-cerca-del-pueblo-que-sufre\\\/\",\"url\":\"https:\\\/\\\/exaudi.org\\\/es\\\/cardenal-arizmendi-estar-cerca-del-pueblo-que-sufre\\\/\",\"name\":\"Cardenal Arizmendi: Estar cerca del pueblo que sufre &#8211; Exaudi\",\"isPartOf\":{\"@id\":\"https:\\\/\\\/exaudi.org\\\/#website\"},\"primaryImageOfPage\":{\"@id\":\"https:\\\/\\\/exaudi.org\\\/es\\\/cardenal-arizmendi-estar-cerca-del-pueblo-que-sufre\\\/#primaryimage\"},\"image\":{\"@id\":\"https:\\\/\\\/exaudi.org\\\/es\\\/cardenal-arizmendi-estar-cerca-del-pueblo-que-sufre\\\/#primaryimage\"},\"thumbnailUrl\":\"https:\\\/\\\/exaudi.org\\\/wp-content\\\/uploads\\\/2022\\\/06\\\/Ricardo-Castillo-scaled-e1655295174765.jpg\",\"datePublished\":\"2022-06-15T12:14:45+00:00\",\"dateModified\":\"2022-06-15T12:16:16+00:00\",\"author\":{\"@id\":\"https:\\\/\\\/exaudi.org\\\/#\\\/schema\\\/person\\\/c7d223f87e58f1105d044d8da1439102\"},\"breadcrumb\":{\"@id\":\"https:\\\/\\\/exaudi.org\\\/es\\\/cardenal-arizmendi-estar-cerca-del-pueblo-que-sufre\\\/#breadcrumb\"},\"inLanguage\":\"es\",\"potentialAction\":[{\"@type\":\"ReadAction\",\"target\":[\"https:\\\/\\\/exaudi.org\\\/es\\\/cardenal-arizmendi-estar-cerca-del-pueblo-que-sufre\\\/\"]}]},{\"@type\":\"ImageObject\",\"inLanguage\":\"es\",\"@id\":\"https:\\\/\\\/exaudi.org\\\/es\\\/cardenal-arizmendi-estar-cerca-del-pueblo-que-sufre\\\/#primaryimage\",\"url\":\"https:\\\/\\\/exaudi.org\\\/wp-content\\\/uploads\\\/2022\\\/06\\\/Ricardo-Castillo-scaled-e1655295174765.jpg\",\"contentUrl\":\"https:\\\/\\\/exaudi.org\\\/wp-content\\\/uploads\\\/2022\\\/06\\\/Ricardo-Castillo-scaled-e1655295174765.jpg\",\"width\":1707,\"height\":2560,\"caption\":\"Ricardo Castillo \u00a9 Cathopic\"},{\"@type\":\"BreadcrumbList\",\"@id\":\"https:\\\/\\\/exaudi.org\\\/es\\\/cardenal-arizmendi-estar-cerca-del-pueblo-que-sufre\\\/#breadcrumb\",\"itemListElement\":[{\"@type\":\"ListItem\",\"position\":1,\"name\":\"Portada\",\"item\":\"https:\\\/\\\/exaudi.org\\\/es\\\/\"},{\"@type\":\"ListItem\",\"position\":2,\"name\":\"Cardenal Arizmendi: Estar cerca del pueblo que sufre\"}]},{\"@type\":\"WebSite\",\"@id\":\"https:\\\/\\\/exaudi.org\\\/#website\",\"url\":\"https:\\\/\\\/exaudi.org\\\/\",\"name\":\"Exaudi\",\"description\":\"News\",\"potentialAction\":[{\"@type\":\"SearchAction\",\"target\":{\"@type\":\"EntryPoint\",\"urlTemplate\":\"https:\\\/\\\/exaudi.org\\\/?s={search_term_string}\"},\"query-input\":{\"@type\":\"PropertyValueSpecification\",\"valueRequired\":true,\"valueName\":\"search_term_string\"}}],\"inLanguage\":\"es\"},{\"@type\":\"Person\",\"@id\":\"https:\\\/\\\/exaudi.org\\\/#\\\/schema\\\/person\\\/c7d223f87e58f1105d044d8da1439102\",\"name\":\"Cardenal Felipe Arizmendi\",\"image\":{\"@type\":\"ImageObject\",\"inLanguage\":\"es\",\"@id\":\"https:\\\/\\\/secure.gravatar.com\\\/avatar\\\/4ffc5520d896b86d39346168903de33a17ef0f23d16de0ff45062c1ff422ed2f?s=96&d=mm&r=g\",\"url\":\"https:\\\/\\\/secure.gravatar.com\\\/avatar\\\/4ffc5520d896b86d39346168903de33a17ef0f23d16de0ff45062c1ff422ed2f?s=96&d=mm&r=g\",\"contentUrl\":\"https:\\\/\\\/secure.gravatar.com\\\/avatar\\\/4ffc5520d896b86d39346168903de33a17ef0f23d16de0ff45062c1ff422ed2f?s=96&d=mm&r=g\",\"caption\":\"Cardenal Felipe Arizmendi\"},\"description\":\"Nacido en Chiltepec el 1 de mayo de 1940. Estudi\u00f3 Humanidades y Filosof\u00eda en el Seminario de Toluca, de 1952 a 1959. Curs\u00f3 la Teolog\u00eda en la Universidad Pontificia de Salamanca, Espa\u00f1a, de 1959 a 1963, obteniendo la licenciatura en Teolog\u00eda Dogm\u00e1tica. Por su cuenta, se especializ\u00f3 en Liturgia. Fue ordenado sacerdote el 25 de agosto de 1963 en Toluca. Sirvi\u00f3 como Vicario Parroquial en tres parroquias por tres a\u00f1os y medio y fue p\u00e1rroco de una comunidad ind\u00edgena otom\u00ed, de 1967 a 1970. Fue Director Espiritual del Seminario de Toluca por diez a\u00f1os, y Rector del mismo de 1981 a 1991. El 7 de marzo de 1991, fue ordenado obispo de la di\u00f3cesis de Tapachula, donde estuvo hasta el 30 de abril del a\u00f1o 2000. El 1 de mayo del 2000, inici\u00f3 su ministerio episcopal como XLVI obispo de la di\u00f3cesis de San Crist\u00f3bal de las Casas, Chiapas, una de las di\u00f3cesis m\u00e1s antiguas de M\u00e9xico, erigida en 1539; all\u00ed sirvi\u00f3 por casi 18 a\u00f1os. Ha ocupado diversos cargos en la Conferencia del Episcopado Mexicano y en el CELAM. El 3 de noviembre de 2017, el Papa Francisco le acept\u00f3, por edad, su renuncia al servicio episcopal en esta di\u00f3cesis, que entreg\u00f3 a su sucesor el 3 de enero de 2018. Desde entonces, reside en la ciudad de Toluca. Desde 1979, escribe art\u00edculos de actualidad en varios medios religiosos y civiles. Es autor de varias publicaciones.\",\"url\":\"https:\\\/\\\/exaudi.org\\\/es\\\/author\\\/felipearizmendi\\\/\"}]}<\/script>\n<!-- \/ Yoast SEO plugin. -->","yoast_head_json":{"title":"Cardenal Arizmendi: Estar cerca del pueblo que sufre &#8211; Exaudi","robots":{"index":"index","follow":"follow","max-snippet":"max-snippet:-1","max-image-preview":"max-image-preview:large","max-video-preview":"max-video-preview:-1"},"canonical":"https:\/\/exaudi.org\/es\/cardenal-arizmendi-estar-cerca-del-pueblo-que-sufre\/","og_locale":"es_ES","og_type":"article","og_title":"Cardenal Arizmendi: Estar cerca del pueblo que sufre &#8211; Exaudi","og_description":"Nunca dejemos solos a nuestros pueblos","og_url":"https:\/\/exaudi.org\/es\/cardenal-arizmendi-estar-cerca-del-pueblo-que-sufre\/","og_site_name":"Exaudi","article_publisher":"https:\/\/www.facebook.com\/ExaudiNews","article_published_time":"2022-06-15T12:14:45+00:00","article_modified_time":"2022-06-15T12:16:16+00:00","og_image":[{"width":1707,"height":2560,"url":"https:\/\/exaudi.org\/wp-content\/uploads\/2022\/06\/Ricardo-Castillo-scaled-e1655295174765.jpg","type":"image\/jpeg"}],"author":"Cardenal Felipe Arizmendi","twitter_card":"summary_large_image","twitter_creator":"@Exaudi_News","twitter_site":"@Exaudi_News","twitter_misc":{"Escrito por":"Cardenal Felipe Arizmendi","Tiempo de lectura":"6 minutos"},"schema":{"@context":"https:\/\/schema.org","@graph":[{"@type":"Article","@id":"https:\/\/exaudi.org\/es\/cardenal-arizmendi-estar-cerca-del-pueblo-que-sufre\/#article","isPartOf":{"@id":"https:\/\/exaudi.org\/es\/cardenal-arizmendi-estar-cerca-del-pueblo-que-sufre\/"},"author":{"name":"Cardenal Felipe Arizmendi","@id":"https:\/\/exaudi.org\/#\/schema\/person\/c7d223f87e58f1105d044d8da1439102"},"headline":"Cardenal Arizmendi: Estar cerca del pueblo que sufre","datePublished":"2022-06-15T12:14:45+00:00","dateModified":"2022-06-15T12:16:16+00:00","mainEntityOfPage":{"@id":"https:\/\/exaudi.org\/es\/cardenal-arizmendi-estar-cerca-del-pueblo-que-sufre\/"},"wordCount":1141,"image":{"@id":"https:\/\/exaudi.org\/es\/cardenal-arizmendi-estar-cerca-del-pueblo-que-sufre\/#primaryimage"},"thumbnailUrl":"https:\/\/exaudi.org\/wp-content\/uploads\/2022\/06\/Ricardo-Castillo-scaled-e1655295174765.jpg","keywords":["Cardenal Arizmendi","Estar cerca del pueblo que sufre","Trending"],"articleSection":["Voces"],"inLanguage":"es"},{"@type":"WebPage","@id":"https:\/\/exaudi.org\/es\/cardenal-arizmendi-estar-cerca-del-pueblo-que-sufre\/","url":"https:\/\/exaudi.org\/es\/cardenal-arizmendi-estar-cerca-del-pueblo-que-sufre\/","name":"Cardenal Arizmendi: Estar cerca del pueblo que sufre &#8211; Exaudi","isPartOf":{"@id":"https:\/\/exaudi.org\/#website"},"primaryImageOfPage":{"@id":"https:\/\/exaudi.org\/es\/cardenal-arizmendi-estar-cerca-del-pueblo-que-sufre\/#primaryimage"},"image":{"@id":"https:\/\/exaudi.org\/es\/cardenal-arizmendi-estar-cerca-del-pueblo-que-sufre\/#primaryimage"},"thumbnailUrl":"https:\/\/exaudi.org\/wp-content\/uploads\/2022\/06\/Ricardo-Castillo-scaled-e1655295174765.jpg","datePublished":"2022-06-15T12:14:45+00:00","dateModified":"2022-06-15T12:16:16+00:00","author":{"@id":"https:\/\/exaudi.org\/#\/schema\/person\/c7d223f87e58f1105d044d8da1439102"},"breadcrumb":{"@id":"https:\/\/exaudi.org\/es\/cardenal-arizmendi-estar-cerca-del-pueblo-que-sufre\/#breadcrumb"},"inLanguage":"es","potentialAction":[{"@type":"ReadAction","target":["https:\/\/exaudi.org\/es\/cardenal-arizmendi-estar-cerca-del-pueblo-que-sufre\/"]}]},{"@type":"ImageObject","inLanguage":"es","@id":"https:\/\/exaudi.org\/es\/cardenal-arizmendi-estar-cerca-del-pueblo-que-sufre\/#primaryimage","url":"https:\/\/exaudi.org\/wp-content\/uploads\/2022\/06\/Ricardo-Castillo-scaled-e1655295174765.jpg","contentUrl":"https:\/\/exaudi.org\/wp-content\/uploads\/2022\/06\/Ricardo-Castillo-scaled-e1655295174765.jpg","width":1707,"height":2560,"caption":"Ricardo Castillo \u00a9 Cathopic"},{"@type":"BreadcrumbList","@id":"https:\/\/exaudi.org\/es\/cardenal-arizmendi-estar-cerca-del-pueblo-que-sufre\/#breadcrumb","itemListElement":[{"@type":"ListItem","position":1,"name":"Portada","item":"https:\/\/exaudi.org\/es\/"},{"@type":"ListItem","position":2,"name":"Cardenal Arizmendi: Estar cerca del pueblo que sufre"}]},{"@type":"WebSite","@id":"https:\/\/exaudi.org\/#website","url":"https:\/\/exaudi.org\/","name":"Exaudi","description":"News","potentialAction":[{"@type":"SearchAction","target":{"@type":"EntryPoint","urlTemplate":"https:\/\/exaudi.org\/?s={search_term_string}"},"query-input":{"@type":"PropertyValueSpecification","valueRequired":true,"valueName":"search_term_string"}}],"inLanguage":"es"},{"@type":"Person","@id":"https:\/\/exaudi.org\/#\/schema\/person\/c7d223f87e58f1105d044d8da1439102","name":"Cardenal Felipe Arizmendi","image":{"@type":"ImageObject","inLanguage":"es","@id":"https:\/\/secure.gravatar.com\/avatar\/4ffc5520d896b86d39346168903de33a17ef0f23d16de0ff45062c1ff422ed2f?s=96&d=mm&r=g","url":"https:\/\/secure.gravatar.com\/avatar\/4ffc5520d896b86d39346168903de33a17ef0f23d16de0ff45062c1ff422ed2f?s=96&d=mm&r=g","contentUrl":"https:\/\/secure.gravatar.com\/avatar\/4ffc5520d896b86d39346168903de33a17ef0f23d16de0ff45062c1ff422ed2f?s=96&d=mm&r=g","caption":"Cardenal Felipe Arizmendi"},"description":"Nacido en Chiltepec el 1 de mayo de 1940. Estudi\u00f3 Humanidades y Filosof\u00eda en el Seminario de Toluca, de 1952 a 1959. Curs\u00f3 la Teolog\u00eda en la Universidad Pontificia de Salamanca, Espa\u00f1a, de 1959 a 1963, obteniendo la licenciatura en Teolog\u00eda Dogm\u00e1tica. Por su cuenta, se especializ\u00f3 en Liturgia. Fue ordenado sacerdote el 25 de agosto de 1963 en Toluca. Sirvi\u00f3 como Vicario Parroquial en tres parroquias por tres a\u00f1os y medio y fue p\u00e1rroco de una comunidad ind\u00edgena otom\u00ed, de 1967 a 1970. Fue Director Espiritual del Seminario de Toluca por diez a\u00f1os, y Rector del mismo de 1981 a 1991. El 7 de marzo de 1991, fue ordenado obispo de la di\u00f3cesis de Tapachula, donde estuvo hasta el 30 de abril del a\u00f1o 2000. El 1 de mayo del 2000, inici\u00f3 su ministerio episcopal como XLVI obispo de la di\u00f3cesis de San Crist\u00f3bal de las Casas, Chiapas, una de las di\u00f3cesis m\u00e1s antiguas de M\u00e9xico, erigida en 1539; all\u00ed sirvi\u00f3 por casi 18 a\u00f1os. Ha ocupado diversos cargos en la Conferencia del Episcopado Mexicano y en el CELAM. El 3 de noviembre de 2017, el Papa Francisco le acept\u00f3, por edad, su renuncia al servicio episcopal en esta di\u00f3cesis, que entreg\u00f3 a su sucesor el 3 de enero de 2018. Desde entonces, reside en la ciudad de Toluca. Desde 1979, escribe art\u00edculos de actualidad en varios medios religiosos y civiles. Es autor de varias publicaciones.","url":"https:\/\/exaudi.org\/es\/author\/felipearizmendi\/"}]}},"jetpack_featured_media_url":"https:\/\/exaudi.org\/wp-content\/uploads\/2022\/06\/Ricardo-Castillo-scaled-e1655295174765.jpg","jetpack_shortlink":"https:\/\/wp.me\/pgKjF2-f76","_links":{"self":[{"href":"https:\/\/exaudi.org\/es\/wp-json\/wp\/v2\/posts\/58100","targetHints":{"allow":["GET"]}}],"collection":[{"href":"https:\/\/exaudi.org\/es\/wp-json\/wp\/v2\/posts"}],"about":[{"href":"https:\/\/exaudi.org\/es\/wp-json\/wp\/v2\/types\/post"}],"author":[{"embeddable":true,"href":"https:\/\/exaudi.org\/es\/wp-json\/wp\/v2\/users\/24"}],"replies":[{"embeddable":true,"href":"https:\/\/exaudi.org\/es\/wp-json\/wp\/v2\/comments?post=58100"}],"version-history":[{"count":0,"href":"https:\/\/exaudi.org\/es\/wp-json\/wp\/v2\/posts\/58100\/revisions"}],"wp:featuredmedia":[{"embeddable":true,"href":"https:\/\/exaudi.org\/es\/wp-json\/wp\/v2\/media\/58105"}],"wp:attachment":[{"href":"https:\/\/exaudi.org\/es\/wp-json\/wp\/v2\/media?parent=58100"}],"wp:term":[{"taxonomy":"category","embeddable":true,"href":"https:\/\/exaudi.org\/es\/wp-json\/wp\/v2\/categories?post=58100"},{"taxonomy":"post_tag","embeddable":true,"href":"https:\/\/exaudi.org\/es\/wp-json\/wp\/v2\/tags?post=58100"}],"curies":[{"name":"wp","href":"https:\/\/api.w.org\/{rel}","templated":true}]}}