{"id":57960,"date":"2022-06-13T09:30:37","date_gmt":"2022-06-13T07:30:37","guid":{"rendered":"https:\/\/exaudi.org\/?p=57960"},"modified":"2022-06-13T11:08:30","modified_gmt":"2022-06-13T09:08:30","slug":"peru-ayacucho-camina-con-la-beata-aguchita","status":"publish","type":"post","link":"https:\/\/exaudi.org\/es\/peru-ayacucho-camina-con-la-beata-aguchita\/","title":{"rendered":"Per\u00fa: Ayacucho camina con la beata \u201cAguchita\u201d"},"content":{"rendered":"<p><img loading=\"lazy\" decoding=\"async\" class=\"size-medium wp-image-57964 alignleft\" src=\"https:\/\/exaudi.org\/wp-content\/uploads\/2022\/06\/20220515_095839-300x169.jpg\" alt=\"\" width=\"300\" height=\"169\" srcset=\"https:\/\/exaudi.org\/wp-content\/uploads\/2022\/06\/20220515_095839-300x169.jpg 300w, https:\/\/exaudi.org\/wp-content\/uploads\/2022\/06\/20220515_095839-1024x576.jpg 1024w, https:\/\/exaudi.org\/wp-content\/uploads\/2022\/06\/20220515_095839-770x433.jpg 770w, https:\/\/exaudi.org\/wp-content\/uploads\/2022\/06\/20220515_095839-1536x864.jpg 1536w, https:\/\/exaudi.org\/wp-content\/uploads\/2022\/06\/20220515_095839-2048x1152.jpg 2048w, https:\/\/exaudi.org\/wp-content\/uploads\/2022\/06\/20220515_095839-500x281.jpg 500w, https:\/\/exaudi.org\/wp-content\/uploads\/2022\/06\/20220515_095839-293x165.jpg 293w, https:\/\/exaudi.org\/wp-content\/uploads\/2022\/06\/20220515_095839-1400x788.jpg 1400w, https:\/\/exaudi.org\/wp-content\/uploads\/2022\/06\/20220515_095839-390x219.jpg 390w\" sizes=\"auto, (max-width: 300px) 100vw, 300px\" \/>Tendida en el suelo, Mar\u00eda Agustina Rivas L\u00f3pez, \u201cAguchita\u201d, volvi\u00f3 a nacer. Y es que la muerte no la sorprendi\u00f3, sino m\u00e1s bien la encontr\u00f3 lista. \u00a0Misionera de la congregaci\u00f3n de Nuestra Se\u00f1ora de la Caridad del Buen Pastor aprendi\u00f3 a convivir con la comunidad nativa Yanesha en el centro poblado La Florida, ubicado a 727 m s.n.m. en la selva central, provincia de Chanchamayo, regi\u00f3n Jun\u00edn.<\/p>\n<p>Amada por el pueblo, Luzmila Antonia, como la bautizaron sus padres nace un 13 de junio de 1920. A m\u00e1s de un centenario de su nacimiento, los gestos de amor que en el d\u00eda a d\u00eda brotaban de su coraz\u00f3n, se convierten ahora en muestra de la ternura con que cobij\u00f3 a quienes m\u00e1s lo necesitaban.<\/p>\n<p><img loading=\"lazy\" decoding=\"async\" class=\"size-medium wp-image-57982 alignright\" src=\"https:\/\/exaudi.org\/wp-content\/uploads\/2022\/06\/20220515_123319-300x169.jpg\" alt=\"\" width=\"300\" height=\"169\" srcset=\"https:\/\/exaudi.org\/wp-content\/uploads\/2022\/06\/20220515_123319-300x169.jpg 300w, https:\/\/exaudi.org\/wp-content\/uploads\/2022\/06\/20220515_123319-1024x576.jpg 1024w, https:\/\/exaudi.org\/wp-content\/uploads\/2022\/06\/20220515_123319-770x433.jpg 770w, https:\/\/exaudi.org\/wp-content\/uploads\/2022\/06\/20220515_123319-1536x864.jpg 1536w, https:\/\/exaudi.org\/wp-content\/uploads\/2022\/06\/20220515_123319-2048x1152.jpg 2048w, https:\/\/exaudi.org\/wp-content\/uploads\/2022\/06\/20220515_123319-500x281.jpg 500w, https:\/\/exaudi.org\/wp-content\/uploads\/2022\/06\/20220515_123319-293x165.jpg 293w, https:\/\/exaudi.org\/wp-content\/uploads\/2022\/06\/20220515_123319-1400x788.jpg 1400w, https:\/\/exaudi.org\/wp-content\/uploads\/2022\/06\/20220515_123319-390x219.jpg 390w\" sizes=\"auto, (max-width: 300px) 100vw, 300px\" \/>Su pueblo natal Coracora, provincia de Ayacucho, la recibi\u00f3 con una peregrinaci\u00f3n el ultimo 28 de mayo, desde el templo de Nuestra Se\u00f1ora de las Nieves, hasta su casa.<\/p>\n<p>D\u00edas antes, entre pancartas, globos y un bosque de banderas los fieles caminaron en procesi\u00f3n junto a sus reliquias que fueron trasladadas por la Superiora Provincial Marlene Acosta Tixi, desde el templo de Santo Domingo, hasta la Bas\u00edlica Catedral de Ayacucho, en la ciudad de Huamanga.<\/p>\n<p>Con una misa de glorificaci\u00f3n presidida por el arzobispo de Ayacucho monse\u00f1or Salvador Pi\u00f1eiro, los ayacuchanos celebraron a su primera beata de origen andino. \u201cEn la d\u00e9cada de los a\u00f1os 90 una bala propinada por Sendero Luminoso le arranc\u00f3 la vida\u201d, record\u00f3 monse\u00f1or Salvador durante su homil\u00eda. \u201c\u00a1Nuestra beata Aguchita es Hija de los Andes!\u201d, alzo su voz mientras los aplausos de los j\u00f3venes, misioneros, y religiosos de diversas delegaciones de Lima, y del interior del pa\u00eds celebraban sus palabras.<\/p>\n<h2><strong>Testigo del amor<\/strong><\/h2>\n<p><img loading=\"lazy\" decoding=\"async\" class=\"size-medium wp-image-57979 alignleft\" src=\"https:\/\/exaudi.org\/wp-content\/uploads\/2022\/06\/20220515_095224-300x169.jpg\" alt=\"\" width=\"300\" height=\"169\" srcset=\"https:\/\/exaudi.org\/wp-content\/uploads\/2022\/06\/20220515_095224-300x169.jpg 300w, https:\/\/exaudi.org\/wp-content\/uploads\/2022\/06\/20220515_095224-1024x576.jpg 1024w, https:\/\/exaudi.org\/wp-content\/uploads\/2022\/06\/20220515_095224-770x433.jpg 770w, https:\/\/exaudi.org\/wp-content\/uploads\/2022\/06\/20220515_095224-1536x864.jpg 1536w, https:\/\/exaudi.org\/wp-content\/uploads\/2022\/06\/20220515_095224-2048x1152.jpg 2048w, https:\/\/exaudi.org\/wp-content\/uploads\/2022\/06\/20220515_095224-500x281.jpg 500w, https:\/\/exaudi.org\/wp-content\/uploads\/2022\/06\/20220515_095224-293x165.jpg 293w, https:\/\/exaudi.org\/wp-content\/uploads\/2022\/06\/20220515_095224-1400x788.jpg 1400w, https:\/\/exaudi.org\/wp-content\/uploads\/2022\/06\/20220515_095224-390x219.jpg 390w\" sizes=\"auto, (max-width: 300px) 100vw, 300px\" \/>\u201cLa religiosa del buen pastor no improvis\u00f3 su vida\u201d. \u201cElla sab\u00eda que la vida es corta y que vivir d\u00edas plenos era lo mejor\u201d. \u201cPor eso, decidi\u00f3 ser como el cirio que ilumina, pero se gasta\u201d, narr\u00f3 la hermana Vilma misionera del buen pastor quien vivi\u00f3 con ella sus \u00faltimas horas en el centro La Florida.<\/p>\n<p>La hermana Vilma relat\u00f3 en el altar c\u00f3mo en un acto divino logr\u00f3 llevarle la Eucarist\u00eda cuando ya estaba tendida en el piso, en medio de un charco de sangre. \u201cTengo que darle el ultimo regalo a Aguchita\u201d \u201cMe arm\u00e9 de valor pese a que el lugar estaba vigilado por militantes de sendero, pude darle tambi\u00e9n los santos oleos\u201d.<\/p>\n<p><img loading=\"lazy\" decoding=\"async\" class=\"size-medium wp-image-57967 alignright\" src=\"https:\/\/exaudi.org\/wp-content\/uploads\/2022\/06\/20220515_100052-300x169.jpg\" alt=\"\" width=\"300\" height=\"169\" srcset=\"https:\/\/exaudi.org\/wp-content\/uploads\/2022\/06\/20220515_100052-300x169.jpg 300w, https:\/\/exaudi.org\/wp-content\/uploads\/2022\/06\/20220515_100052-1024x576.jpg 1024w, https:\/\/exaudi.org\/wp-content\/uploads\/2022\/06\/20220515_100052-770x433.jpg 770w, https:\/\/exaudi.org\/wp-content\/uploads\/2022\/06\/20220515_100052-1536x864.jpg 1536w, https:\/\/exaudi.org\/wp-content\/uploads\/2022\/06\/20220515_100052-2048x1152.jpg 2048w, https:\/\/exaudi.org\/wp-content\/uploads\/2022\/06\/20220515_100052-500x281.jpg 500w, https:\/\/exaudi.org\/wp-content\/uploads\/2022\/06\/20220515_100052-293x165.jpg 293w, https:\/\/exaudi.org\/wp-content\/uploads\/2022\/06\/20220515_100052-1400x788.jpg 1400w, https:\/\/exaudi.org\/wp-content\/uploads\/2022\/06\/20220515_100052-390x219.jpg 390w\" sizes=\"auto, (max-width: 300px) 100vw, 300px\" \/>Al t\u00e9rmino de la misa los asistentes entonaron, guiados por el coro de j\u00f3venes, el himno a Aguchita, testigo de la misericordia. Ella sigue viva, pues sus gestos de amor obran milagros de fe en los corazones de aquellos que buscan conocerla.<\/p>\n","protected":false},"excerpt":{"rendered":"<p>Peregrinaci\u00f3n con sus reliquias en su pueblo natal <\/p>\n","protected":false},"author":39,"featured_media":57988,"comment_status":"closed","ping_status":"closed","sticky":false,"template":"","format":"standard","meta":{"_acf_changed":false,"_crdt_document":"","inline_featured_image":false,"footnotes":""},"categories":[86,98],"tags":[6410,945,4953],"class_list":["post-57960","post","type-post","status-publish","format-standard","has-post-thumbnail","hentry","category-iglesia-local","category-testimonios","tag-beata-aguchita","tag-peru","tag-trending-es"],"acf":[],"yoast_head":"<!-- This site is optimized with the Yoast SEO plugin v27.4 - https:\/\/yoast.com\/product\/yoast-seo-wordpress\/ -->\n<title>Per\u00fa: Ayacucho camina con la beata \u201cAguchita\u201d &#8211; Exaudi<\/title>\n<meta name=\"robots\" content=\"index, follow, max-snippet:-1, max-image-preview:large, max-video-preview:-1\" \/>\n<link rel=\"canonical\" href=\"https:\/\/exaudi.org\/es\/peru-ayacucho-camina-con-la-beata-aguchita\/\" \/>\n<meta property=\"og:locale\" content=\"es_ES\" \/>\n<meta property=\"og:type\" content=\"article\" \/>\n<meta property=\"og:title\" content=\"Per\u00fa: Ayacucho camina con la beata \u201cAguchita\u201d &#8211; Exaudi\" \/>\n<meta property=\"og:description\" content=\"Peregrinaci\u00f3n con sus reliquias en su pueblo natal\" \/>\n<meta property=\"og:url\" content=\"https:\/\/exaudi.org\/es\/peru-ayacucho-camina-con-la-beata-aguchita\/\" \/>\n<meta property=\"og:site_name\" content=\"Exaudi\" \/>\n<meta property=\"article:publisher\" content=\"https:\/\/www.facebook.com\/ExaudiNews\" \/>\n<meta property=\"article:published_time\" content=\"2022-06-13T07:30:37+00:00\" \/>\n<meta property=\"article:modified_time\" content=\"2022-06-13T09:08:30+00:00\" \/>\n<meta property=\"og:image\" content=\"https:\/\/exaudi.org\/wp-content\/uploads\/2022\/06\/20220515_100613-1-scaled.jpg\" \/>\n\t<meta property=\"og:image:width\" content=\"2560\" \/>\n\t<meta property=\"og:image:height\" content=\"1440\" \/>\n\t<meta property=\"og:image:type\" content=\"image\/jpeg\" \/>\n<meta name=\"author\" content=\"Esther N\u00fa\u00f1ez\" \/>\n<meta name=\"twitter:card\" content=\"summary_large_image\" \/>\n<meta name=\"twitter:creator\" content=\"@Exaudi_News\" \/>\n<meta name=\"twitter:site\" content=\"@Exaudi_News\" \/>\n<meta name=\"twitter:label1\" content=\"Escrito por\" \/>\n\t<meta name=\"twitter:data1\" content=\"Esther N\u00fa\u00f1ez\" \/>\n\t<meta name=\"twitter:label2\" content=\"Tiempo de lectura\" \/>\n\t<meta name=\"twitter:data2\" content=\"2 minutos\" \/>\n<script type=\"application\/ld+json\" class=\"yoast-schema-graph\">{\"@context\":\"https:\\\/\\\/schema.org\",\"@graph\":[{\"@type\":\"Article\",\"@id\":\"https:\\\/\\\/exaudi.org\\\/es\\\/peru-ayacucho-camina-con-la-beata-aguchita\\\/#article\",\"isPartOf\":{\"@id\":\"https:\\\/\\\/exaudi.org\\\/es\\\/peru-ayacucho-camina-con-la-beata-aguchita\\\/\"},\"author\":{\"name\":\"Esther N\u00fa\u00f1ez\",\"@id\":\"https:\\\/\\\/exaudi.org\\\/#\\\/schema\\\/person\\\/7105d7735b2bf8c31e7cf8784351ebbc\"},\"headline\":\"Per\u00fa: Ayacucho camina con la beata \u201cAguchita\u201d\",\"datePublished\":\"2022-06-13T07:30:37+00:00\",\"dateModified\":\"2022-06-13T09:08:30+00:00\",\"mainEntityOfPage\":{\"@id\":\"https:\\\/\\\/exaudi.org\\\/es\\\/peru-ayacucho-camina-con-la-beata-aguchita\\\/\"},\"wordCount\":475,\"image\":{\"@id\":\"https:\\\/\\\/exaudi.org\\\/es\\\/peru-ayacucho-camina-con-la-beata-aguchita\\\/#primaryimage\"},\"thumbnailUrl\":\"https:\\\/\\\/exaudi.org\\\/wp-content\\\/uploads\\\/2022\\\/06\\\/20220515_100613-1-scaled.jpg\",\"keywords\":[\"Beata Aguchita\",\"Per\u00fa\",\"Trending\"],\"articleSection\":[\"Iglesia Local\",\"Testimonios\"],\"inLanguage\":\"es\"},{\"@type\":\"WebPage\",\"@id\":\"https:\\\/\\\/exaudi.org\\\/es\\\/peru-ayacucho-camina-con-la-beata-aguchita\\\/\",\"url\":\"https:\\\/\\\/exaudi.org\\\/es\\\/peru-ayacucho-camina-con-la-beata-aguchita\\\/\",\"name\":\"Per\u00fa: Ayacucho camina con la beata \u201cAguchita\u201d &#8211; Exaudi\",\"isPartOf\":{\"@id\":\"https:\\\/\\\/exaudi.org\\\/#website\"},\"primaryImageOfPage\":{\"@id\":\"https:\\\/\\\/exaudi.org\\\/es\\\/peru-ayacucho-camina-con-la-beata-aguchita\\\/#primaryimage\"},\"image\":{\"@id\":\"https:\\\/\\\/exaudi.org\\\/es\\\/peru-ayacucho-camina-con-la-beata-aguchita\\\/#primaryimage\"},\"thumbnailUrl\":\"https:\\\/\\\/exaudi.org\\\/wp-content\\\/uploads\\\/2022\\\/06\\\/20220515_100613-1-scaled.jpg\",\"datePublished\":\"2022-06-13T07:30:37+00:00\",\"dateModified\":\"2022-06-13T09:08:30+00:00\",\"author\":{\"@id\":\"https:\\\/\\\/exaudi.org\\\/#\\\/schema\\\/person\\\/7105d7735b2bf8c31e7cf8784351ebbc\"},\"breadcrumb\":{\"@id\":\"https:\\\/\\\/exaudi.org\\\/es\\\/peru-ayacucho-camina-con-la-beata-aguchita\\\/#breadcrumb\"},\"inLanguage\":\"es\",\"potentialAction\":[{\"@type\":\"ReadAction\",\"target\":[\"https:\\\/\\\/exaudi.org\\\/es\\\/peru-ayacucho-camina-con-la-beata-aguchita\\\/\"]}]},{\"@type\":\"ImageObject\",\"inLanguage\":\"es\",\"@id\":\"https:\\\/\\\/exaudi.org\\\/es\\\/peru-ayacucho-camina-con-la-beata-aguchita\\\/#primaryimage\",\"url\":\"https:\\\/\\\/exaudi.org\\\/wp-content\\\/uploads\\\/2022\\\/06\\\/20220515_100613-1-scaled.jpg\",\"contentUrl\":\"https:\\\/\\\/exaudi.org\\\/wp-content\\\/uploads\\\/2022\\\/06\\\/20220515_100613-1-scaled.jpg\",\"width\":2560,\"height\":1440,\"caption\":\"Peregrinaci\u00f3n de las reliquias de la beata Aguchita en Ayacucho, Per\u00fa \u00a9 Esther N\u00fa\u00f1ez\"},{\"@type\":\"BreadcrumbList\",\"@id\":\"https:\\\/\\\/exaudi.org\\\/es\\\/peru-ayacucho-camina-con-la-beata-aguchita\\\/#breadcrumb\",\"itemListElement\":[{\"@type\":\"ListItem\",\"position\":1,\"name\":\"Portada\",\"item\":\"https:\\\/\\\/exaudi.org\\\/es\\\/\"},{\"@type\":\"ListItem\",\"position\":2,\"name\":\"Per\u00fa: Ayacucho camina con la beata \u201cAguchita\u201d\"}]},{\"@type\":\"WebSite\",\"@id\":\"https:\\\/\\\/exaudi.org\\\/#website\",\"url\":\"https:\\\/\\\/exaudi.org\\\/\",\"name\":\"Exaudi\",\"description\":\"News\",\"potentialAction\":[{\"@type\":\"SearchAction\",\"target\":{\"@type\":\"EntryPoint\",\"urlTemplate\":\"https:\\\/\\\/exaudi.org\\\/?s={search_term_string}\"},\"query-input\":{\"@type\":\"PropertyValueSpecification\",\"valueRequired\":true,\"valueName\":\"search_term_string\"}}],\"inLanguage\":\"es\"},{\"@type\":\"Person\",\"@id\":\"https:\\\/\\\/exaudi.org\\\/#\\\/schema\\\/person\\\/7105d7735b2bf8c31e7cf8784351ebbc\",\"name\":\"Esther N\u00fa\u00f1ez\",\"image\":{\"@type\":\"ImageObject\",\"inLanguage\":\"es\",\"@id\":\"https:\\\/\\\/secure.gravatar.com\\\/avatar\\\/856566533d218d9d7b852b03a545bc963463ade36cec448d0cba38a2d59be800?s=96&d=mm&r=g\",\"url\":\"https:\\\/\\\/secure.gravatar.com\\\/avatar\\\/856566533d218d9d7b852b03a545bc963463ade36cec448d0cba38a2d59be800?s=96&d=mm&r=g\",\"contentUrl\":\"https:\\\/\\\/secure.gravatar.com\\\/avatar\\\/856566533d218d9d7b852b03a545bc963463ade36cec448d0cba38a2d59be800?s=96&d=mm&r=g\",\"caption\":\"Esther N\u00fa\u00f1ez\"},\"description\":\"Lima, Per\u00fa Periodista colegiada con ejercicio de la profesi\u00f3n desde 2001. Licenciada en periodismo por la Universidad Jaime Bausate y Meza, de Lima. Estudios complementarios en Teolog\u00eda, Filosof\u00eda, Comunicaci\u00f3n Digital; as\u00ed como en Conducci\u00f3n de noticieros y producci\u00f3n audiovisual. Con preparaci\u00f3n adicional en doctrina social de la Iglesia, comunicaci\u00f3n institucional en el sector p\u00fablico y eclesial. Ha ejercido tareas como imagen institucional en la Oficina de Educaci\u00f3n de la Conferencia Episcopal Peruana. Asimismo, Jefa de prensa de un canal y editora de dos revistas impresas. Experiencia en la realizaci\u00f3n de talleres de redacci\u00f3n, as\u00ed como en corresponsal\u00edas de agencias y portales web, direcci\u00f3n, producci\u00f3n y conducci\u00f3n de programas de radio y televisi\u00f3n. Desde 2020 colabora como periodista en el Instituto de Radio y Televisi\u00f3n del Per\u00fa.\",\"url\":\"https:\\\/\\\/exaudi.org\\\/es\\\/author\\\/esthernunez\\\/\"}]}<\/script>\n<!-- \/ Yoast SEO plugin. -->","yoast_head_json":{"title":"Per\u00fa: Ayacucho camina con la beata \u201cAguchita\u201d &#8211; Exaudi","robots":{"index":"index","follow":"follow","max-snippet":"max-snippet:-1","max-image-preview":"max-image-preview:large","max-video-preview":"max-video-preview:-1"},"canonical":"https:\/\/exaudi.org\/es\/peru-ayacucho-camina-con-la-beata-aguchita\/","og_locale":"es_ES","og_type":"article","og_title":"Per\u00fa: Ayacucho camina con la beata \u201cAguchita\u201d &#8211; Exaudi","og_description":"Peregrinaci\u00f3n con sus reliquias en su pueblo natal","og_url":"https:\/\/exaudi.org\/es\/peru-ayacucho-camina-con-la-beata-aguchita\/","og_site_name":"Exaudi","article_publisher":"https:\/\/www.facebook.com\/ExaudiNews","article_published_time":"2022-06-13T07:30:37+00:00","article_modified_time":"2022-06-13T09:08:30+00:00","og_image":[{"width":2560,"height":1440,"url":"https:\/\/exaudi.org\/wp-content\/uploads\/2022\/06\/20220515_100613-1-scaled.jpg","type":"image\/jpeg"}],"author":"Esther N\u00fa\u00f1ez","twitter_card":"summary_large_image","twitter_creator":"@Exaudi_News","twitter_site":"@Exaudi_News","twitter_misc":{"Escrito por":"Esther N\u00fa\u00f1ez","Tiempo de lectura":"2 minutos"},"schema":{"@context":"https:\/\/schema.org","@graph":[{"@type":"Article","@id":"https:\/\/exaudi.org\/es\/peru-ayacucho-camina-con-la-beata-aguchita\/#article","isPartOf":{"@id":"https:\/\/exaudi.org\/es\/peru-ayacucho-camina-con-la-beata-aguchita\/"},"author":{"name":"Esther N\u00fa\u00f1ez","@id":"https:\/\/exaudi.org\/#\/schema\/person\/7105d7735b2bf8c31e7cf8784351ebbc"},"headline":"Per\u00fa: Ayacucho camina con la beata \u201cAguchita\u201d","datePublished":"2022-06-13T07:30:37+00:00","dateModified":"2022-06-13T09:08:30+00:00","mainEntityOfPage":{"@id":"https:\/\/exaudi.org\/es\/peru-ayacucho-camina-con-la-beata-aguchita\/"},"wordCount":475,"image":{"@id":"https:\/\/exaudi.org\/es\/peru-ayacucho-camina-con-la-beata-aguchita\/#primaryimage"},"thumbnailUrl":"https:\/\/exaudi.org\/wp-content\/uploads\/2022\/06\/20220515_100613-1-scaled.jpg","keywords":["Beata Aguchita","Per\u00fa","Trending"],"articleSection":["Iglesia Local","Testimonios"],"inLanguage":"es"},{"@type":"WebPage","@id":"https:\/\/exaudi.org\/es\/peru-ayacucho-camina-con-la-beata-aguchita\/","url":"https:\/\/exaudi.org\/es\/peru-ayacucho-camina-con-la-beata-aguchita\/","name":"Per\u00fa: Ayacucho camina con la beata \u201cAguchita\u201d &#8211; Exaudi","isPartOf":{"@id":"https:\/\/exaudi.org\/#website"},"primaryImageOfPage":{"@id":"https:\/\/exaudi.org\/es\/peru-ayacucho-camina-con-la-beata-aguchita\/#primaryimage"},"image":{"@id":"https:\/\/exaudi.org\/es\/peru-ayacucho-camina-con-la-beata-aguchita\/#primaryimage"},"thumbnailUrl":"https:\/\/exaudi.org\/wp-content\/uploads\/2022\/06\/20220515_100613-1-scaled.jpg","datePublished":"2022-06-13T07:30:37+00:00","dateModified":"2022-06-13T09:08:30+00:00","author":{"@id":"https:\/\/exaudi.org\/#\/schema\/person\/7105d7735b2bf8c31e7cf8784351ebbc"},"breadcrumb":{"@id":"https:\/\/exaudi.org\/es\/peru-ayacucho-camina-con-la-beata-aguchita\/#breadcrumb"},"inLanguage":"es","potentialAction":[{"@type":"ReadAction","target":["https:\/\/exaudi.org\/es\/peru-ayacucho-camina-con-la-beata-aguchita\/"]}]},{"@type":"ImageObject","inLanguage":"es","@id":"https:\/\/exaudi.org\/es\/peru-ayacucho-camina-con-la-beata-aguchita\/#primaryimage","url":"https:\/\/exaudi.org\/wp-content\/uploads\/2022\/06\/20220515_100613-1-scaled.jpg","contentUrl":"https:\/\/exaudi.org\/wp-content\/uploads\/2022\/06\/20220515_100613-1-scaled.jpg","width":2560,"height":1440,"caption":"Peregrinaci\u00f3n de las reliquias de la beata Aguchita en Ayacucho, Per\u00fa \u00a9 Esther N\u00fa\u00f1ez"},{"@type":"BreadcrumbList","@id":"https:\/\/exaudi.org\/es\/peru-ayacucho-camina-con-la-beata-aguchita\/#breadcrumb","itemListElement":[{"@type":"ListItem","position":1,"name":"Portada","item":"https:\/\/exaudi.org\/es\/"},{"@type":"ListItem","position":2,"name":"Per\u00fa: Ayacucho camina con la beata \u201cAguchita\u201d"}]},{"@type":"WebSite","@id":"https:\/\/exaudi.org\/#website","url":"https:\/\/exaudi.org\/","name":"Exaudi","description":"News","potentialAction":[{"@type":"SearchAction","target":{"@type":"EntryPoint","urlTemplate":"https:\/\/exaudi.org\/?s={search_term_string}"},"query-input":{"@type":"PropertyValueSpecification","valueRequired":true,"valueName":"search_term_string"}}],"inLanguage":"es"},{"@type":"Person","@id":"https:\/\/exaudi.org\/#\/schema\/person\/7105d7735b2bf8c31e7cf8784351ebbc","name":"Esther N\u00fa\u00f1ez","image":{"@type":"ImageObject","inLanguage":"es","@id":"https:\/\/secure.gravatar.com\/avatar\/856566533d218d9d7b852b03a545bc963463ade36cec448d0cba38a2d59be800?s=96&d=mm&r=g","url":"https:\/\/secure.gravatar.com\/avatar\/856566533d218d9d7b852b03a545bc963463ade36cec448d0cba38a2d59be800?s=96&d=mm&r=g","contentUrl":"https:\/\/secure.gravatar.com\/avatar\/856566533d218d9d7b852b03a545bc963463ade36cec448d0cba38a2d59be800?s=96&d=mm&r=g","caption":"Esther N\u00fa\u00f1ez"},"description":"Lima, Per\u00fa Periodista colegiada con ejercicio de la profesi\u00f3n desde 2001. Licenciada en periodismo por la Universidad Jaime Bausate y Meza, de Lima. Estudios complementarios en Teolog\u00eda, Filosof\u00eda, Comunicaci\u00f3n Digital; as\u00ed como en Conducci\u00f3n de noticieros y producci\u00f3n audiovisual. Con preparaci\u00f3n adicional en doctrina social de la Iglesia, comunicaci\u00f3n institucional en el sector p\u00fablico y eclesial. Ha ejercido tareas como imagen institucional en la Oficina de Educaci\u00f3n de la Conferencia Episcopal Peruana. Asimismo, Jefa de prensa de un canal y editora de dos revistas impresas. Experiencia en la realizaci\u00f3n de talleres de redacci\u00f3n, as\u00ed como en corresponsal\u00edas de agencias y portales web, direcci\u00f3n, producci\u00f3n y conducci\u00f3n de programas de radio y televisi\u00f3n. Desde 2020 colabora como periodista en el Instituto de Radio y Televisi\u00f3n del Per\u00fa.","url":"https:\/\/exaudi.org\/es\/author\/esthernunez\/"}]}},"jetpack_featured_media_url":"https:\/\/exaudi.org\/wp-content\/uploads\/2022\/06\/20220515_100613-1-scaled.jpg","jetpack_shortlink":"https:\/\/wp.me\/pgKjF2-f4Q","_links":{"self":[{"href":"https:\/\/exaudi.org\/es\/wp-json\/wp\/v2\/posts\/57960","targetHints":{"allow":["GET"]}}],"collection":[{"href":"https:\/\/exaudi.org\/es\/wp-json\/wp\/v2\/posts"}],"about":[{"href":"https:\/\/exaudi.org\/es\/wp-json\/wp\/v2\/types\/post"}],"author":[{"embeddable":true,"href":"https:\/\/exaudi.org\/es\/wp-json\/wp\/v2\/users\/39"}],"replies":[{"embeddable":true,"href":"https:\/\/exaudi.org\/es\/wp-json\/wp\/v2\/comments?post=57960"}],"version-history":[{"count":0,"href":"https:\/\/exaudi.org\/es\/wp-json\/wp\/v2\/posts\/57960\/revisions"}],"wp:featuredmedia":[{"embeddable":true,"href":"https:\/\/exaudi.org\/es\/wp-json\/wp\/v2\/media\/57988"}],"wp:attachment":[{"href":"https:\/\/exaudi.org\/es\/wp-json\/wp\/v2\/media?parent=57960"}],"wp:term":[{"taxonomy":"category","embeddable":true,"href":"https:\/\/exaudi.org\/es\/wp-json\/wp\/v2\/categories?post=57960"},{"taxonomy":"post_tag","embeddable":true,"href":"https:\/\/exaudi.org\/es\/wp-json\/wp\/v2\/tags?post=57960"}],"curies":[{"name":"wp","href":"https:\/\/api.w.org\/{rel}","templated":true}]}}