{"id":57870,"date":"2022-06-09T20:00:11","date_gmt":"2022-06-09T18:00:11","guid":{"rendered":"https:\/\/exaudi.org\/?p=57870"},"modified":"2022-06-10T12:21:52","modified_gmt":"2022-06-10T10:21:52","slug":"impacto-del-covid-19-en-las-mujeres","status":"publish","type":"post","link":"https:\/\/exaudi.org\/es\/impacto-del-covid-19-en-las-mujeres\/","title":{"rendered":"Impacto de la COVID-19 en las Mujeres"},"content":{"rendered":"<p>El 14 de junio de 2022, a las 10.30 horas, la Uni\u00f3n Mundial de Organizaciones Femeninas Cat\u00f3licas (UMOFC\/WUCWO) presentar\u00e1 el Observatorio Mundial de las Mujeres y su trabajo en Am\u00e9rica Latina y \u00c1frica en el Palazzo Altieri, Roma. Adem\u00e1s, ser\u00e1 una ocasi\u00f3n para presentar el primer informe, Impacto del Covid-19 en las mujeres de Am\u00e9rica Latina y el Caribe.<\/p>\n<p>La conferencia internacional contar\u00e1 con las ponencias del Card. Marc Ouellet, Prefecto de la Congregaci\u00f3n para los Obispos y Presidente de la Pontificia Comisi\u00f3n para Am\u00e9rica Latina, Mons. Miguel Cabrejos Vidarte, OFM, Presidente de la Conferencia Episcopal de Am\u00e9rica Latina (CELAM), la Hna. Alessandra Smerilli, Secretaria del Dicasterio para el Servicio del Desarrollo Humano Integral y delegada de la Comisi\u00f3n vaticana Covid-19, y la Prof. Emilce Cuda, Secretaria de la Pontificia Comisi\u00f3n para Am\u00e9rica Latina.<\/p>\n<p>La iniciativa est\u00e1 organizada por la UMOFC en colaboraci\u00f3n con el CELAM y bajo el patrocinio de las Embajadas ante la Santa Sede de Argentina, Australia, Austria, Colombia, Hait\u00ed, Pa\u00edses Bajos y Reino Unido.<\/p>\n<p>El principal objetivo del Observatorio Mundial de la Mujer es dar visibilidad a las mujeres, especialmente a las m\u00e1s vulnerables, que parecen ser \u201cinvisibles\u201d, tanto por su sufrimiento como por su potencial, y de este modo inspirar y generar estrategias pastorales, sinergias entre ONG, renovar las pol\u00edticas p\u00fablicas y contribuir a la agenda internacional. Todo ello para favorecer el desarrollo humano integral de las mujeres y el de sus familias, comunidades y pueblos.<\/p>\n<p>La Presidenta General de la UMOFC, Mar\u00eda L\u00eda Zervino, explica: \u201cEmpezamos a escuchar a las mujeres de Am\u00e9rica Latina y fue una experiencia conmovedora. Y ahora que empezamos a trabajar en \u00c1frica, se abre la posibilidad de recoger el sufrimiento y la resistencia de tantas mujeres que parecen invisibles para el resto del mundo\u201d.<\/p>\n<p>M\u00e1s informaci\u00f3n: info@wucwo.org o visite <a href=\"https:\/\/wucwo.org\/index.php\/es\/\" target=\"_blank\" rel=\"noopener\">www.umofc.org<\/a><\/p>\n","protected":false},"excerpt":{"rendered":"<p>Observatorio Mundial de la Mujer UMOFC presentar\u00e1 un primer informe <\/p>\n","protected":false},"author":15,"featured_media":57865,"comment_status":"closed","ping_status":"closed","sticky":false,"template":"","format":"standard","meta":{"_acf_changed":false,"_crdt_document":"","inline_featured_image":false,"footnotes":""},"categories":[74,298],"tags":[608,541,4953],"class_list":["post-57870","post","type-post","status-publish","format-standard","has-post-thumbnail","hentry","category-iglesia-y-mundo","category-ultimas-noticias","tag-comunicado-de-prensa","tag-covid-19","tag-trending-es"],"acf":[],"yoast_head":"<!-- This site is optimized with the Yoast SEO plugin v27.4 - https:\/\/yoast.com\/product\/yoast-seo-wordpress\/ -->\n<title>Impacto de la COVID-19 en las Mujeres &#8211; Exaudi<\/title>\n<meta name=\"robots\" content=\"index, follow, max-snippet:-1, max-image-preview:large, max-video-preview:-1\" \/>\n<link rel=\"canonical\" href=\"https:\/\/exaudi.org\/es\/impacto-del-covid-19-en-las-mujeres\/\" \/>\n<meta property=\"og:locale\" content=\"es_ES\" \/>\n<meta property=\"og:type\" content=\"article\" \/>\n<meta property=\"og:title\" content=\"Impacto de la COVID-19 en las Mujeres &#8211; Exaudi\" \/>\n<meta property=\"og:description\" content=\"Observatorio Mundial de la Mujer UMOFC presentar\u00e1 un primer informe\" \/>\n<meta property=\"og:url\" content=\"https:\/\/exaudi.org\/es\/impacto-del-covid-19-en-las-mujeres\/\" \/>\n<meta property=\"og:site_name\" content=\"Exaudi\" \/>\n<meta property=\"article:publisher\" content=\"https:\/\/www.facebook.com\/ExaudiNews\" \/>\n<meta property=\"article:author\" content=\"https:\/\/www.facebook.com\/ExaudiNoticias\/\" \/>\n<meta property=\"article:published_time\" content=\"2022-06-09T18:00:11+00:00\" \/>\n<meta property=\"article:modified_time\" content=\"2022-06-10T10:21:52+00:00\" \/>\n<meta property=\"og:image\" content=\"https:\/\/exaudi.org\/wp-content\/uploads\/2022\/06\/thumbnail_image.png\" \/>\n\t<meta property=\"og:image:width\" content=\"1280\" \/>\n\t<meta property=\"og:image:height\" content=\"853\" \/>\n\t<meta property=\"og:image:type\" content=\"image\/png\" \/>\n<meta name=\"author\" content=\"Exaudi Redacci\u00f3n\" \/>\n<meta name=\"twitter:card\" content=\"summary_large_image\" \/>\n<meta name=\"twitter:creator\" content=\"@Exaudi_noticias\" \/>\n<meta name=\"twitter:site\" content=\"@Exaudi_News\" \/>\n<meta name=\"twitter:label1\" content=\"Escrito por\" \/>\n\t<meta name=\"twitter:data1\" content=\"Exaudi Redacci\u00f3n\" \/>\n\t<meta name=\"twitter:label2\" content=\"Tiempo de lectura\" \/>\n\t<meta name=\"twitter:data2\" content=\"2 minutos\" \/>\n<script type=\"application\/ld+json\" class=\"yoast-schema-graph\">{\"@context\":\"https:\\\/\\\/schema.org\",\"@graph\":[{\"@type\":\"Article\",\"@id\":\"https:\\\/\\\/exaudi.org\\\/es\\\/impacto-del-covid-19-en-las-mujeres\\\/#article\",\"isPartOf\":{\"@id\":\"https:\\\/\\\/exaudi.org\\\/es\\\/impacto-del-covid-19-en-las-mujeres\\\/\"},\"author\":{\"name\":\"Exaudi Redacci\u00f3n\",\"@id\":\"https:\\\/\\\/exaudi.org\\\/#\\\/schema\\\/person\\\/f5fc8f063065e38742da7afe15f25df7\"},\"headline\":\"Impacto de la COVID-19 en las Mujeres\",\"datePublished\":\"2022-06-09T18:00:11+00:00\",\"dateModified\":\"2022-06-10T10:21:52+00:00\",\"mainEntityOfPage\":{\"@id\":\"https:\\\/\\\/exaudi.org\\\/es\\\/impacto-del-covid-19-en-las-mujeres\\\/\"},\"wordCount\":333,\"image\":{\"@id\":\"https:\\\/\\\/exaudi.org\\\/es\\\/impacto-del-covid-19-en-las-mujeres\\\/#primaryimage\"},\"thumbnailUrl\":\"https:\\\/\\\/exaudi.org\\\/wp-content\\\/uploads\\\/2022\\\/06\\\/thumbnail_image.png\",\"keywords\":[\"Comunicado de prensa\",\"COVID-19\",\"Trending\"],\"articleSection\":[\"Iglesia y Mundo\",\"\u00daltimas noticias\"],\"inLanguage\":\"es\"},{\"@type\":\"WebPage\",\"@id\":\"https:\\\/\\\/exaudi.org\\\/es\\\/impacto-del-covid-19-en-las-mujeres\\\/\",\"url\":\"https:\\\/\\\/exaudi.org\\\/es\\\/impacto-del-covid-19-en-las-mujeres\\\/\",\"name\":\"Impacto de la COVID-19 en las Mujeres &#8211; Exaudi\",\"isPartOf\":{\"@id\":\"https:\\\/\\\/exaudi.org\\\/#website\"},\"primaryImageOfPage\":{\"@id\":\"https:\\\/\\\/exaudi.org\\\/es\\\/impacto-del-covid-19-en-las-mujeres\\\/#primaryimage\"},\"image\":{\"@id\":\"https:\\\/\\\/exaudi.org\\\/es\\\/impacto-del-covid-19-en-las-mujeres\\\/#primaryimage\"},\"thumbnailUrl\":\"https:\\\/\\\/exaudi.org\\\/wp-content\\\/uploads\\\/2022\\\/06\\\/thumbnail_image.png\",\"datePublished\":\"2022-06-09T18:00:11+00:00\",\"dateModified\":\"2022-06-10T10:21:52+00:00\",\"author\":{\"@id\":\"https:\\\/\\\/exaudi.org\\\/#\\\/schema\\\/person\\\/f5fc8f063065e38742da7afe15f25df7\"},\"breadcrumb\":{\"@id\":\"https:\\\/\\\/exaudi.org\\\/es\\\/impacto-del-covid-19-en-las-mujeres\\\/#breadcrumb\"},\"inLanguage\":\"es\",\"potentialAction\":[{\"@type\":\"ReadAction\",\"target\":[\"https:\\\/\\\/exaudi.org\\\/es\\\/impacto-del-covid-19-en-las-mujeres\\\/\"]}]},{\"@type\":\"ImageObject\",\"inLanguage\":\"es\",\"@id\":\"https:\\\/\\\/exaudi.org\\\/es\\\/impacto-del-covid-19-en-las-mujeres\\\/#primaryimage\",\"url\":\"https:\\\/\\\/exaudi.org\\\/wp-content\\\/uploads\\\/2022\\\/06\\\/thumbnail_image.png\",\"contentUrl\":\"https:\\\/\\\/exaudi.org\\\/wp-content\\\/uploads\\\/2022\\\/06\\\/thumbnail_image.png\",\"width\":1280,\"height\":853,\"caption\":\"Uni\u00f3n Mundial - Copyright WUCWO\"},{\"@type\":\"BreadcrumbList\",\"@id\":\"https:\\\/\\\/exaudi.org\\\/es\\\/impacto-del-covid-19-en-las-mujeres\\\/#breadcrumb\",\"itemListElement\":[{\"@type\":\"ListItem\",\"position\":1,\"name\":\"Portada\",\"item\":\"https:\\\/\\\/exaudi.org\\\/es\\\/\"},{\"@type\":\"ListItem\",\"position\":2,\"name\":\"Impacto de la COVID-19 en las Mujeres\"}]},{\"@type\":\"WebSite\",\"@id\":\"https:\\\/\\\/exaudi.org\\\/#website\",\"url\":\"https:\\\/\\\/exaudi.org\\\/\",\"name\":\"Exaudi\",\"description\":\"News\",\"potentialAction\":[{\"@type\":\"SearchAction\",\"target\":{\"@type\":\"EntryPoint\",\"urlTemplate\":\"https:\\\/\\\/exaudi.org\\\/?s={search_term_string}\"},\"query-input\":{\"@type\":\"PropertyValueSpecification\",\"valueRequired\":true,\"valueName\":\"search_term_string\"}}],\"inLanguage\":\"es\"},{\"@type\":\"Person\",\"@id\":\"https:\\\/\\\/exaudi.org\\\/#\\\/schema\\\/person\\\/f5fc8f063065e38742da7afe15f25df7\",\"name\":\"Exaudi Redacci\u00f3n\",\"image\":{\"@type\":\"ImageObject\",\"inLanguage\":\"es\",\"@id\":\"https:\\\/\\\/secure.gravatar.com\\\/avatar\\\/fe0f6a059fb68d9b3e11bc5850dd4899b1c7492091a3cb6dd9b01b56ad828be2?s=96&d=mm&r=g\",\"url\":\"https:\\\/\\\/secure.gravatar.com\\\/avatar\\\/fe0f6a059fb68d9b3e11bc5850dd4899b1c7492091a3cb6dd9b01b56ad828be2?s=96&d=mm&r=g\",\"contentUrl\":\"https:\\\/\\\/secure.gravatar.com\\\/avatar\\\/fe0f6a059fb68d9b3e11bc5850dd4899b1c7492091a3cb6dd9b01b56ad828be2?s=96&d=mm&r=g\",\"caption\":\"Exaudi Redacci\u00f3n\"},\"description\":\"\u00bfQu\u00e9 es Exaudi News? Exaudi News es un medio de comunicaci\u00f3n cat\u00f3lico internacional que informa, forma y transforma, diariamente en espa\u00f1ol, ingl\u00e9s e italiano. A trav\u00e9s de noticias, art\u00edculos de an\u00e1lisis y transmisiones en directo de los eventos del Papa, Exaudi busca fortalecer la unidad de los cristianos y contribuir a la evangelizaci\u00f3n del mundo, siempre guiados por la doctrina social de la Iglesia. Trabajamos para acercar la verdad y los valores cristianos a cada rinc\u00f3n del planeta. \u00a1Ay\u00fadanos a transformar el mundo con Exaudi! En Exaudi creemos que la evangelizaci\u00f3n y la informaci\u00f3n de calidad pueden cambiar vidas. Para continuar con nuestra misi\u00f3n y expandir nuestro alcance, necesitamos tu ayuda. Adem\u00e1s, buscamos personas comprometidas que deseen unirse a nuestro equipo. Con tu apoyo, lograremos llegar a m\u00e1s personas, difundir el mensaje de Cristo y reforzar la unidad de los cristianos. \u00bfTe unes a nuestra misi\u00f3n? Para m\u00e1s informaci\u00f3n sobre c\u00f3mo colaborar, visita Exaudi.org\\\/es o cont\u00e1ctanos directamente: info@exaudi.org Exaudi: Informa, forma y transforma.\",\"sameAs\":[\"https:\\\/\\\/www.facebook.com\\\/ExaudiNoticias\\\/\",\"https:\\\/\\\/www.instagram.com\\\/exaudi_noticias\\\/\",\"https:\\\/\\\/x.com\\\/Exaudi_noticias\",\"https:\\\/\\\/www.youtube.com\\\/@exaudicatholicnews\"],\"url\":\"https:\\\/\\\/exaudi.org\\\/es\\\/author\\\/redaccionexaudi\\\/\"}]}<\/script>\n<!-- \/ Yoast SEO plugin. -->","yoast_head_json":{"title":"Impacto de la COVID-19 en las Mujeres &#8211; Exaudi","robots":{"index":"index","follow":"follow","max-snippet":"max-snippet:-1","max-image-preview":"max-image-preview:large","max-video-preview":"max-video-preview:-1"},"canonical":"https:\/\/exaudi.org\/es\/impacto-del-covid-19-en-las-mujeres\/","og_locale":"es_ES","og_type":"article","og_title":"Impacto de la COVID-19 en las Mujeres &#8211; Exaudi","og_description":"Observatorio Mundial de la Mujer UMOFC presentar\u00e1 un primer informe","og_url":"https:\/\/exaudi.org\/es\/impacto-del-covid-19-en-las-mujeres\/","og_site_name":"Exaudi","article_publisher":"https:\/\/www.facebook.com\/ExaudiNews","article_author":"https:\/\/www.facebook.com\/ExaudiNoticias\/","article_published_time":"2022-06-09T18:00:11+00:00","article_modified_time":"2022-06-10T10:21:52+00:00","og_image":[{"width":1280,"height":853,"url":"https:\/\/exaudi.org\/wp-content\/uploads\/2022\/06\/thumbnail_image.png","type":"image\/png"}],"author":"Exaudi Redacci\u00f3n","twitter_card":"summary_large_image","twitter_creator":"@Exaudi_noticias","twitter_site":"@Exaudi_News","twitter_misc":{"Escrito por":"Exaudi Redacci\u00f3n","Tiempo de lectura":"2 minutos"},"schema":{"@context":"https:\/\/schema.org","@graph":[{"@type":"Article","@id":"https:\/\/exaudi.org\/es\/impacto-del-covid-19-en-las-mujeres\/#article","isPartOf":{"@id":"https:\/\/exaudi.org\/es\/impacto-del-covid-19-en-las-mujeres\/"},"author":{"name":"Exaudi Redacci\u00f3n","@id":"https:\/\/exaudi.org\/#\/schema\/person\/f5fc8f063065e38742da7afe15f25df7"},"headline":"Impacto de la COVID-19 en las Mujeres","datePublished":"2022-06-09T18:00:11+00:00","dateModified":"2022-06-10T10:21:52+00:00","mainEntityOfPage":{"@id":"https:\/\/exaudi.org\/es\/impacto-del-covid-19-en-las-mujeres\/"},"wordCount":333,"image":{"@id":"https:\/\/exaudi.org\/es\/impacto-del-covid-19-en-las-mujeres\/#primaryimage"},"thumbnailUrl":"https:\/\/exaudi.org\/wp-content\/uploads\/2022\/06\/thumbnail_image.png","keywords":["Comunicado de prensa","COVID-19","Trending"],"articleSection":["Iglesia y Mundo","\u00daltimas noticias"],"inLanguage":"es"},{"@type":"WebPage","@id":"https:\/\/exaudi.org\/es\/impacto-del-covid-19-en-las-mujeres\/","url":"https:\/\/exaudi.org\/es\/impacto-del-covid-19-en-las-mujeres\/","name":"Impacto de la COVID-19 en las Mujeres &#8211; Exaudi","isPartOf":{"@id":"https:\/\/exaudi.org\/#website"},"primaryImageOfPage":{"@id":"https:\/\/exaudi.org\/es\/impacto-del-covid-19-en-las-mujeres\/#primaryimage"},"image":{"@id":"https:\/\/exaudi.org\/es\/impacto-del-covid-19-en-las-mujeres\/#primaryimage"},"thumbnailUrl":"https:\/\/exaudi.org\/wp-content\/uploads\/2022\/06\/thumbnail_image.png","datePublished":"2022-06-09T18:00:11+00:00","dateModified":"2022-06-10T10:21:52+00:00","author":{"@id":"https:\/\/exaudi.org\/#\/schema\/person\/f5fc8f063065e38742da7afe15f25df7"},"breadcrumb":{"@id":"https:\/\/exaudi.org\/es\/impacto-del-covid-19-en-las-mujeres\/#breadcrumb"},"inLanguage":"es","potentialAction":[{"@type":"ReadAction","target":["https:\/\/exaudi.org\/es\/impacto-del-covid-19-en-las-mujeres\/"]}]},{"@type":"ImageObject","inLanguage":"es","@id":"https:\/\/exaudi.org\/es\/impacto-del-covid-19-en-las-mujeres\/#primaryimage","url":"https:\/\/exaudi.org\/wp-content\/uploads\/2022\/06\/thumbnail_image.png","contentUrl":"https:\/\/exaudi.org\/wp-content\/uploads\/2022\/06\/thumbnail_image.png","width":1280,"height":853,"caption":"Uni\u00f3n Mundial - Copyright WUCWO"},{"@type":"BreadcrumbList","@id":"https:\/\/exaudi.org\/es\/impacto-del-covid-19-en-las-mujeres\/#breadcrumb","itemListElement":[{"@type":"ListItem","position":1,"name":"Portada","item":"https:\/\/exaudi.org\/es\/"},{"@type":"ListItem","position":2,"name":"Impacto de la COVID-19 en las Mujeres"}]},{"@type":"WebSite","@id":"https:\/\/exaudi.org\/#website","url":"https:\/\/exaudi.org\/","name":"Exaudi","description":"News","potentialAction":[{"@type":"SearchAction","target":{"@type":"EntryPoint","urlTemplate":"https:\/\/exaudi.org\/?s={search_term_string}"},"query-input":{"@type":"PropertyValueSpecification","valueRequired":true,"valueName":"search_term_string"}}],"inLanguage":"es"},{"@type":"Person","@id":"https:\/\/exaudi.org\/#\/schema\/person\/f5fc8f063065e38742da7afe15f25df7","name":"Exaudi Redacci\u00f3n","image":{"@type":"ImageObject","inLanguage":"es","@id":"https:\/\/secure.gravatar.com\/avatar\/fe0f6a059fb68d9b3e11bc5850dd4899b1c7492091a3cb6dd9b01b56ad828be2?s=96&d=mm&r=g","url":"https:\/\/secure.gravatar.com\/avatar\/fe0f6a059fb68d9b3e11bc5850dd4899b1c7492091a3cb6dd9b01b56ad828be2?s=96&d=mm&r=g","contentUrl":"https:\/\/secure.gravatar.com\/avatar\/fe0f6a059fb68d9b3e11bc5850dd4899b1c7492091a3cb6dd9b01b56ad828be2?s=96&d=mm&r=g","caption":"Exaudi Redacci\u00f3n"},"description":"\u00bfQu\u00e9 es Exaudi News? Exaudi News es un medio de comunicaci\u00f3n cat\u00f3lico internacional que informa, forma y transforma, diariamente en espa\u00f1ol, ingl\u00e9s e italiano. A trav\u00e9s de noticias, art\u00edculos de an\u00e1lisis y transmisiones en directo de los eventos del Papa, Exaudi busca fortalecer la unidad de los cristianos y contribuir a la evangelizaci\u00f3n del mundo, siempre guiados por la doctrina social de la Iglesia. Trabajamos para acercar la verdad y los valores cristianos a cada rinc\u00f3n del planeta. \u00a1Ay\u00fadanos a transformar el mundo con Exaudi! En Exaudi creemos que la evangelizaci\u00f3n y la informaci\u00f3n de calidad pueden cambiar vidas. Para continuar con nuestra misi\u00f3n y expandir nuestro alcance, necesitamos tu ayuda. Adem\u00e1s, buscamos personas comprometidas que deseen unirse a nuestro equipo. Con tu apoyo, lograremos llegar a m\u00e1s personas, difundir el mensaje de Cristo y reforzar la unidad de los cristianos. \u00bfTe unes a nuestra misi\u00f3n? Para m\u00e1s informaci\u00f3n sobre c\u00f3mo colaborar, visita Exaudi.org\/es o cont\u00e1ctanos directamente: info@exaudi.org Exaudi: Informa, forma y transforma.","sameAs":["https:\/\/www.facebook.com\/ExaudiNoticias\/","https:\/\/www.instagram.com\/exaudi_noticias\/","https:\/\/x.com\/Exaudi_noticias","https:\/\/www.youtube.com\/@exaudicatholicnews"],"url":"https:\/\/exaudi.org\/es\/author\/redaccionexaudi\/"}]}},"jetpack_featured_media_url":"https:\/\/exaudi.org\/wp-content\/uploads\/2022\/06\/thumbnail_image.png","jetpack_shortlink":"https:\/\/wp.me\/pgKjF2-f3o","_links":{"self":[{"href":"https:\/\/exaudi.org\/es\/wp-json\/wp\/v2\/posts\/57870","targetHints":{"allow":["GET"]}}],"collection":[{"href":"https:\/\/exaudi.org\/es\/wp-json\/wp\/v2\/posts"}],"about":[{"href":"https:\/\/exaudi.org\/es\/wp-json\/wp\/v2\/types\/post"}],"author":[{"embeddable":true,"href":"https:\/\/exaudi.org\/es\/wp-json\/wp\/v2\/users\/15"}],"replies":[{"embeddable":true,"href":"https:\/\/exaudi.org\/es\/wp-json\/wp\/v2\/comments?post=57870"}],"version-history":[{"count":0,"href":"https:\/\/exaudi.org\/es\/wp-json\/wp\/v2\/posts\/57870\/revisions"}],"wp:featuredmedia":[{"embeddable":true,"href":"https:\/\/exaudi.org\/es\/wp-json\/wp\/v2\/media\/57865"}],"wp:attachment":[{"href":"https:\/\/exaudi.org\/es\/wp-json\/wp\/v2\/media?parent=57870"}],"wp:term":[{"taxonomy":"category","embeddable":true,"href":"https:\/\/exaudi.org\/es\/wp-json\/wp\/v2\/categories?post=57870"},{"taxonomy":"post_tag","embeddable":true,"href":"https:\/\/exaudi.org\/es\/wp-json\/wp\/v2\/tags?post=57870"}],"curies":[{"name":"wp","href":"https:\/\/api.w.org\/{rel}","templated":true}]}}