{"id":57818,"date":"2022-06-08T13:59:55","date_gmt":"2022-06-08T11:59:55","guid":{"rendered":"https:\/\/exaudi.org\/?p=57818"},"modified":"2022-06-08T14:25:16","modified_gmt":"2022-06-08T12:25:16","slug":"una-ola-de-muerte-recorre-el-pais","status":"publish","type":"post","link":"https:\/\/exaudi.org\/es\/una-ola-de-muerte-recorre-el-pais\/","title":{"rendered":"Cardenal Arizmendi: \u201cUna ola de muerte recorre el pa\u00eds\u201d"},"content":{"rendered":"<p>El\u00a0<a href=\"https:\/\/exaudi.org\/es\/author\/felipearizmendi\/\">cardenal Felipe Arizmendi<\/a>, obispo em\u00e9rito de San Crist\u00f3bal de Las Casas y responsable de la Doctrina de la Fe en la\u00a0<a href=\"https:\/\/www.cem.org.mx\/\">Conferencia del Episcopado Mexicano (CEM)<\/a>, ofrece a los lectores de Exaudi su art\u00edculo semanal titulado \u201cUna ola de muerte recorre el pa\u00eds\u201d.<\/p>\n<p>***<\/p>\n<p><strong>MIRAR<\/strong><\/p>\n<p>Aunque el Jefe de Gobierno federal diga que <em>no pasa nada, que todo es esc\u00e1ndalo medi\u00e1tico de sus enemigos neoliberales y conservadores,<\/em> y que no cambiar\u00e1 su pol\u00edtica ante las c\u00e9lulas del crimen organizado, la cruda realidad diaria nacional es que los asesinatos y las desapariciones aumentan en forma exponencial. Los grupos con armas largas expanden su poder. Muchos ciudadanos tienen que huir de sus comunidades, refugiarse en las ciudades, o pedir asilo en los Estados Unidos, para sobrevivir, pues se sienten totalmente desamparados. Aunque ocasionalmente se env\u00eden Ej\u00e9rcito y Guardia Nacional, esos grupos tienen \u201chalcones\u201d que con anticipaci\u00f3n les avisan, y cuando aquellos llegan, todo est\u00e1 en calma\u2026 Se retira el Ej\u00e9rcito, y vuelven a hacer de las suyas. Una ola de muerte recorre el pa\u00eds.<\/p>\n<p>Dieciocho Estados (Provincias), la mayor\u00eda, hab\u00edan legislado a favor de la vida humana desde su concepci\u00f3n en el seno materno. Sin embargo, nuestra Suprema Corte de Justicia, que se deber\u00eda llamar de Legalidad o Constitucionalidad, no de Justicia, ha desautorizado la autonom\u00eda de los Estados en este punto, y van aumentando las legislaturas locales que echan por tierra lo que antes se hab\u00eda legislado, despenalizando m\u00e1s y m\u00e1s el aborto. En esos Estados, los gobernadores y buena parte de los legisladores pertenecen al partido que aumenta su hegemon\u00eda en buena parte del pa\u00eds, porque mucha gente sigue votando por ese color partidista, sin darse cuenta de que, con su voto, est\u00e1n apoyando la muerte, en vez de la vida. Como les dan programas sociales, como les regalan dinero a j\u00f3venes y a personas mayores de edad, y se lo aumentan en tiempos electorales, no se dan cuenta de que est\u00e1n comprando su voto. Les importa m\u00e1s el dinerito que reciben, que la vida humana de seres inocentes. Y la mayor\u00eda se declaran cat\u00f3licos\u2026 \u00a1Qu\u00e9 irresponsabilidad! Colaboran, inconscientemente, para que la ola de muerte invada m\u00e1s nuestro pa\u00eds.<\/p>\n<p>Es una verg\u00fcenza nacional que haya tantos feminicidios, tantos asesinatos de periodistas y luchadores sociales, tantos asaltos en transportes p\u00fablicos, tantas masacres que quedan impunes. \u00a1Y c\u00f3mo duele que muchos presuman como progreso el que se siga alentando la libertad para abortar! No queremos condenar a las mujeres que deciden hacerlo, porque cada historia es muy particular, pero preocupa que no se ponga atenci\u00f3n a la pobre criatura humana en proceso de formaci\u00f3n, que no es un c\u00famulo de c\u00e9lulas de cualquier cosa, sino una persona humana. Esto lo afirma la ciencia; no es cuesti\u00f3n que sea s\u00f3lo fruto de dogmas religiosos. Con raz\u00f3n en varias partes de los Estados Unidos se est\u00e1 replanteando este asunto, porque la ciencia ha demostrado que ya hay un ser humano desde la concepci\u00f3n. No estamos en contra de las mujeres, sino a favor de ambas vidas.<\/p>\n<p><strong>DISCERNIR<\/strong><\/p>\n<p>La Iglesia Cat\u00f3lica, hace ya casi 60 a\u00f1os, en el Concilio Vaticano II fijo nuestra postura: <em>\u201cEl Concilio sabe que los esposos, al ordenar armoniosamente su vida conyugal, con frecuencia se encuentran impedidos por algunas circunstancias actuales de la vida, y pueden hallarse en situaciones en las que el n\u00famero de hijos, al menos por cierto tiempo, no puede aumentarse, y el cultivo del amor fiel y la plena intimidad de vida tienen sus dificultades para mantenerse\u2026 Hay quienes se atreven a dar soluciones inmorales a estos problemas; m\u00e1s a\u00fan, ni siquiera retroceden ante el homicidio; la Iglesia, sin embargo, recuerda que no puede haber contradicci\u00f3n verdadera entre las leyes divinas de la transmisi\u00f3n obligatoria de la vida y del fomento del genuino amor conyugal.<\/em><\/p>\n<p><em>\u00a0<\/em><em>Pues Dios, Se\u00f1or de la vida, ha confiado a los hombres la insigne misi\u00f3n de conservar la vida, misi\u00f3n que ha de llevarse a cabo de modo digno del hombre. Por tanto, la vida, desde su concepci\u00f3n ha de ser salvaguardada con el m\u00e1ximo cuidado; el aborto y el infanticidio son cr\u00edmenes abominables\u2026 Cuando se trata, pues, de conjugar el amor conyugal con la responsable transmisi\u00f3n de la vida, la \u00edndole moral de la conducta no depende solamente de la sincera intenci\u00f3n y apreciaci\u00f3n de los motivos, sino que debe determinarse con criterios objetivos tomados de la naturaleza de la persona y de sus actos\u2026 No es l\u00edcito a los hijos de la Iglesia, fundados en estos principios, ir por caminos que el Magisterio, al explicar la ley divina, reprueba sobre la regulaci\u00f3n de la natalidad\u201d <\/em>(GS 51).<\/p>\n<p><strong>\u00a0<\/strong><strong>ACTUAR<\/strong><\/p>\n<p>Cuando tengas que elegir gobernantes y legisladores, no olvides el quinto mandamiento y apoya a quienes est\u00e9n de acuerdo con tus valores. Si te es posible, habla personalmente con ellos y manifi\u00e9stales tu punto de vista al respecto. En la democracia, la voz de la ciudadan\u00eda cuenta mucho, y no s\u00f3lo la de los jefes en el poder.<\/p>\n","protected":false},"excerpt":{"rendered":"<p>Pues Dios, Se\u00f1or de la vida, ha confiado a los hombres la insigne misi\u00f3n de conservar la vida<\/p>\n","protected":false},"author":24,"featured_media":57819,"comment_status":"closed","ping_status":"closed","sticky":false,"template":"","format":"standard","meta":{"_acf_changed":false,"_crdt_document":"","inline_featured_image":false,"footnotes":""},"categories":[298,130],"tags":[1643,4953,6381],"class_list":["post-57818","post","type-post","status-publish","format-standard","has-post-thumbnail","hentry","category-ultimas-noticias","category-voces","tag-cardenal-arizmendi","tag-trending-es","tag-una-ola-de-muerte-recorre-el-pais"],"acf":[],"yoast_head":"<!-- This site is optimized with the Yoast SEO plugin v27.5 - https:\/\/yoast.com\/product\/yoast-seo-wordpress\/ -->\n<title>Cardenal Arizmendi: \u201cUna ola de muerte recorre el pa\u00eds\u201d &#8211; Exaudi<\/title>\n<meta name=\"robots\" content=\"index, follow, max-snippet:-1, max-image-preview:large, max-video-preview:-1\" \/>\n<link rel=\"canonical\" href=\"https:\/\/exaudi.org\/es\/una-ola-de-muerte-recorre-el-pais\/\" \/>\n<meta property=\"og:locale\" content=\"es_ES\" \/>\n<meta property=\"og:type\" content=\"article\" \/>\n<meta property=\"og:title\" content=\"Cardenal Arizmendi: \u201cUna ola de muerte recorre el pa\u00eds\u201d &#8211; Exaudi\" \/>\n<meta property=\"og:description\" content=\"Pues Dios, Se\u00f1or de la vida, ha confiado a los hombres la insigne misi\u00f3n de conservar la vida\" \/>\n<meta property=\"og:url\" content=\"https:\/\/exaudi.org\/es\/una-ola-de-muerte-recorre-el-pais\/\" \/>\n<meta property=\"og:site_name\" content=\"Exaudi\" \/>\n<meta property=\"article:publisher\" content=\"https:\/\/www.facebook.com\/ExaudiNews\" \/>\n<meta property=\"article:published_time\" content=\"2022-06-08T11:59:55+00:00\" \/>\n<meta property=\"article:modified_time\" content=\"2022-06-08T12:25:16+00:00\" \/>\n<meta property=\"og:image\" content=\"https:\/\/exaudi.org\/wp-content\/uploads\/2022\/06\/Cathopic-amorsanto-scaled.jpg\" \/>\n\t<meta property=\"og:image:width\" content=\"2560\" \/>\n\t<meta property=\"og:image:height\" content=\"1707\" \/>\n\t<meta property=\"og:image:type\" content=\"image\/jpeg\" \/>\n<meta name=\"author\" content=\"Cardenal Felipe Arizmendi\" \/>\n<meta name=\"twitter:card\" content=\"summary_large_image\" \/>\n<meta name=\"twitter:creator\" content=\"@Exaudi_News\" \/>\n<meta name=\"twitter:site\" content=\"@Exaudi_News\" \/>\n<meta name=\"twitter:label1\" content=\"Escrito por\" \/>\n\t<meta name=\"twitter:data1\" content=\"Cardenal Felipe Arizmendi\" \/>\n\t<meta name=\"twitter:label2\" content=\"Tiempo de lectura\" \/>\n\t<meta name=\"twitter:data2\" content=\"4 minutos\" \/>\n<script type=\"application\/ld+json\" class=\"yoast-schema-graph\">{\"@context\":\"https:\\\/\\\/schema.org\",\"@graph\":[{\"@type\":\"Article\",\"@id\":\"https:\\\/\\\/exaudi.org\\\/es\\\/una-ola-de-muerte-recorre-el-pais\\\/#article\",\"isPartOf\":{\"@id\":\"https:\\\/\\\/exaudi.org\\\/es\\\/una-ola-de-muerte-recorre-el-pais\\\/\"},\"author\":{\"name\":\"Cardenal Felipe Arizmendi\",\"@id\":\"https:\\\/\\\/exaudi.org\\\/#\\\/schema\\\/person\\\/c7d223f87e58f1105d044d8da1439102\"},\"headline\":\"Cardenal Arizmendi: \u201cUna ola de muerte recorre el pa\u00eds\u201d\",\"datePublished\":\"2022-06-08T11:59:55+00:00\",\"dateModified\":\"2022-06-08T12:25:16+00:00\",\"mainEntityOfPage\":{\"@id\":\"https:\\\/\\\/exaudi.org\\\/es\\\/una-ola-de-muerte-recorre-el-pais\\\/\"},\"wordCount\":897,\"image\":{\"@id\":\"https:\\\/\\\/exaudi.org\\\/es\\\/una-ola-de-muerte-recorre-el-pais\\\/#primaryimage\"},\"thumbnailUrl\":\"https:\\\/\\\/exaudi.org\\\/wp-content\\\/uploads\\\/2022\\\/06\\\/Cathopic-amorsanto-scaled.jpg\",\"keywords\":[\"Cardenal Arizmendi\",\"Trending\",\"Una ola de muerte recorre el pa\u00eds\"],\"articleSection\":[\"\u00daltimas noticias\",\"Voces\"],\"inLanguage\":\"es\"},{\"@type\":\"WebPage\",\"@id\":\"https:\\\/\\\/exaudi.org\\\/es\\\/una-ola-de-muerte-recorre-el-pais\\\/\",\"url\":\"https:\\\/\\\/exaudi.org\\\/es\\\/una-ola-de-muerte-recorre-el-pais\\\/\",\"name\":\"Cardenal Arizmendi: \u201cUna ola de muerte recorre el pa\u00eds\u201d &#8211; Exaudi\",\"isPartOf\":{\"@id\":\"https:\\\/\\\/exaudi.org\\\/#website\"},\"primaryImageOfPage\":{\"@id\":\"https:\\\/\\\/exaudi.org\\\/es\\\/una-ola-de-muerte-recorre-el-pais\\\/#primaryimage\"},\"image\":{\"@id\":\"https:\\\/\\\/exaudi.org\\\/es\\\/una-ola-de-muerte-recorre-el-pais\\\/#primaryimage\"},\"thumbnailUrl\":\"https:\\\/\\\/exaudi.org\\\/wp-content\\\/uploads\\\/2022\\\/06\\\/Cathopic-amorsanto-scaled.jpg\",\"datePublished\":\"2022-06-08T11:59:55+00:00\",\"dateModified\":\"2022-06-08T12:25:16+00:00\",\"author\":{\"@id\":\"https:\\\/\\\/exaudi.org\\\/#\\\/schema\\\/person\\\/c7d223f87e58f1105d044d8da1439102\"},\"breadcrumb\":{\"@id\":\"https:\\\/\\\/exaudi.org\\\/es\\\/una-ola-de-muerte-recorre-el-pais\\\/#breadcrumb\"},\"inLanguage\":\"es\",\"potentialAction\":[{\"@type\":\"ReadAction\",\"target\":[\"https:\\\/\\\/exaudi.org\\\/es\\\/una-ola-de-muerte-recorre-el-pais\\\/\"]}]},{\"@type\":\"ImageObject\",\"inLanguage\":\"es\",\"@id\":\"https:\\\/\\\/exaudi.org\\\/es\\\/una-ola-de-muerte-recorre-el-pais\\\/#primaryimage\",\"url\":\"https:\\\/\\\/exaudi.org\\\/wp-content\\\/uploads\\\/2022\\\/06\\\/Cathopic-amorsanto-scaled.jpg\",\"contentUrl\":\"https:\\\/\\\/exaudi.org\\\/wp-content\\\/uploads\\\/2022\\\/06\\\/Cathopic-amorsanto-scaled.jpg\",\"width\":2560,\"height\":1707,\"caption\":\"Cathopic \u00a9 amorsanto\"},{\"@type\":\"BreadcrumbList\",\"@id\":\"https:\\\/\\\/exaudi.org\\\/es\\\/una-ola-de-muerte-recorre-el-pais\\\/#breadcrumb\",\"itemListElement\":[{\"@type\":\"ListItem\",\"position\":1,\"name\":\"Portada\",\"item\":\"https:\\\/\\\/exaudi.org\\\/es\\\/\"},{\"@type\":\"ListItem\",\"position\":2,\"name\":\"Cardenal Arizmendi: \u201cUna ola de muerte recorre el pa\u00eds\u201d\"}]},{\"@type\":\"WebSite\",\"@id\":\"https:\\\/\\\/exaudi.org\\\/#website\",\"url\":\"https:\\\/\\\/exaudi.org\\\/\",\"name\":\"Exaudi\",\"description\":\"News\",\"potentialAction\":[{\"@type\":\"SearchAction\",\"target\":{\"@type\":\"EntryPoint\",\"urlTemplate\":\"https:\\\/\\\/exaudi.org\\\/?s={search_term_string}\"},\"query-input\":{\"@type\":\"PropertyValueSpecification\",\"valueRequired\":true,\"valueName\":\"search_term_string\"}}],\"inLanguage\":\"es\"},{\"@type\":\"Person\",\"@id\":\"https:\\\/\\\/exaudi.org\\\/#\\\/schema\\\/person\\\/c7d223f87e58f1105d044d8da1439102\",\"name\":\"Cardenal Felipe Arizmendi\",\"image\":{\"@type\":\"ImageObject\",\"inLanguage\":\"es\",\"@id\":\"https:\\\/\\\/secure.gravatar.com\\\/avatar\\\/4ffc5520d896b86d39346168903de33a17ef0f23d16de0ff45062c1ff422ed2f?s=96&d=mm&r=g\",\"url\":\"https:\\\/\\\/secure.gravatar.com\\\/avatar\\\/4ffc5520d896b86d39346168903de33a17ef0f23d16de0ff45062c1ff422ed2f?s=96&d=mm&r=g\",\"contentUrl\":\"https:\\\/\\\/secure.gravatar.com\\\/avatar\\\/4ffc5520d896b86d39346168903de33a17ef0f23d16de0ff45062c1ff422ed2f?s=96&d=mm&r=g\",\"caption\":\"Cardenal Felipe Arizmendi\"},\"description\":\"Nacido en Chiltepec el 1 de mayo de 1940. Estudi\u00f3 Humanidades y Filosof\u00eda en el Seminario de Toluca, de 1952 a 1959. Curs\u00f3 la Teolog\u00eda en la Universidad Pontificia de Salamanca, Espa\u00f1a, de 1959 a 1963, obteniendo la licenciatura en Teolog\u00eda Dogm\u00e1tica. Por su cuenta, se especializ\u00f3 en Liturgia. Fue ordenado sacerdote el 25 de agosto de 1963 en Toluca. Sirvi\u00f3 como Vicario Parroquial en tres parroquias por tres a\u00f1os y medio y fue p\u00e1rroco de una comunidad ind\u00edgena otom\u00ed, de 1967 a 1970. Fue Director Espiritual del Seminario de Toluca por diez a\u00f1os, y Rector del mismo de 1981 a 1991. El 7 de marzo de 1991, fue ordenado obispo de la di\u00f3cesis de Tapachula, donde estuvo hasta el 30 de abril del a\u00f1o 2000. El 1 de mayo del 2000, inici\u00f3 su ministerio episcopal como XLVI obispo de la di\u00f3cesis de San Crist\u00f3bal de las Casas, Chiapas, una de las di\u00f3cesis m\u00e1s antiguas de M\u00e9xico, erigida en 1539; all\u00ed sirvi\u00f3 por casi 18 a\u00f1os. Ha ocupado diversos cargos en la Conferencia del Episcopado Mexicano y en el CELAM. El 3 de noviembre de 2017, el Papa Francisco le acept\u00f3, por edad, su renuncia al servicio episcopal en esta di\u00f3cesis, que entreg\u00f3 a su sucesor el 3 de enero de 2018. Desde entonces, reside en la ciudad de Toluca. Desde 1979, escribe art\u00edculos de actualidad en varios medios religiosos y civiles. Es autor de varias publicaciones.\",\"url\":\"https:\\\/\\\/exaudi.org\\\/es\\\/author\\\/felipearizmendi\\\/\"}]}<\/script>\n<!-- \/ Yoast SEO plugin. -->","yoast_head_json":{"title":"Cardenal Arizmendi: \u201cUna ola de muerte recorre el pa\u00eds\u201d &#8211; Exaudi","robots":{"index":"index","follow":"follow","max-snippet":"max-snippet:-1","max-image-preview":"max-image-preview:large","max-video-preview":"max-video-preview:-1"},"canonical":"https:\/\/exaudi.org\/es\/una-ola-de-muerte-recorre-el-pais\/","og_locale":"es_ES","og_type":"article","og_title":"Cardenal Arizmendi: \u201cUna ola de muerte recorre el pa\u00eds\u201d &#8211; Exaudi","og_description":"Pues Dios, Se\u00f1or de la vida, ha confiado a los hombres la insigne misi\u00f3n de conservar la vida","og_url":"https:\/\/exaudi.org\/es\/una-ola-de-muerte-recorre-el-pais\/","og_site_name":"Exaudi","article_publisher":"https:\/\/www.facebook.com\/ExaudiNews","article_published_time":"2022-06-08T11:59:55+00:00","article_modified_time":"2022-06-08T12:25:16+00:00","og_image":[{"width":2560,"height":1707,"url":"https:\/\/exaudi.org\/wp-content\/uploads\/2022\/06\/Cathopic-amorsanto-scaled.jpg","type":"image\/jpeg"}],"author":"Cardenal Felipe Arizmendi","twitter_card":"summary_large_image","twitter_creator":"@Exaudi_News","twitter_site":"@Exaudi_News","twitter_misc":{"Escrito por":"Cardenal Felipe Arizmendi","Tiempo de lectura":"4 minutos"},"schema":{"@context":"https:\/\/schema.org","@graph":[{"@type":"Article","@id":"https:\/\/exaudi.org\/es\/una-ola-de-muerte-recorre-el-pais\/#article","isPartOf":{"@id":"https:\/\/exaudi.org\/es\/una-ola-de-muerte-recorre-el-pais\/"},"author":{"name":"Cardenal Felipe Arizmendi","@id":"https:\/\/exaudi.org\/#\/schema\/person\/c7d223f87e58f1105d044d8da1439102"},"headline":"Cardenal Arizmendi: \u201cUna ola de muerte recorre el pa\u00eds\u201d","datePublished":"2022-06-08T11:59:55+00:00","dateModified":"2022-06-08T12:25:16+00:00","mainEntityOfPage":{"@id":"https:\/\/exaudi.org\/es\/una-ola-de-muerte-recorre-el-pais\/"},"wordCount":897,"image":{"@id":"https:\/\/exaudi.org\/es\/una-ola-de-muerte-recorre-el-pais\/#primaryimage"},"thumbnailUrl":"https:\/\/exaudi.org\/wp-content\/uploads\/2022\/06\/Cathopic-amorsanto-scaled.jpg","keywords":["Cardenal Arizmendi","Trending","Una ola de muerte recorre el pa\u00eds"],"articleSection":["\u00daltimas noticias","Voces"],"inLanguage":"es"},{"@type":"WebPage","@id":"https:\/\/exaudi.org\/es\/una-ola-de-muerte-recorre-el-pais\/","url":"https:\/\/exaudi.org\/es\/una-ola-de-muerte-recorre-el-pais\/","name":"Cardenal Arizmendi: \u201cUna ola de muerte recorre el pa\u00eds\u201d &#8211; Exaudi","isPartOf":{"@id":"https:\/\/exaudi.org\/#website"},"primaryImageOfPage":{"@id":"https:\/\/exaudi.org\/es\/una-ola-de-muerte-recorre-el-pais\/#primaryimage"},"image":{"@id":"https:\/\/exaudi.org\/es\/una-ola-de-muerte-recorre-el-pais\/#primaryimage"},"thumbnailUrl":"https:\/\/exaudi.org\/wp-content\/uploads\/2022\/06\/Cathopic-amorsanto-scaled.jpg","datePublished":"2022-06-08T11:59:55+00:00","dateModified":"2022-06-08T12:25:16+00:00","author":{"@id":"https:\/\/exaudi.org\/#\/schema\/person\/c7d223f87e58f1105d044d8da1439102"},"breadcrumb":{"@id":"https:\/\/exaudi.org\/es\/una-ola-de-muerte-recorre-el-pais\/#breadcrumb"},"inLanguage":"es","potentialAction":[{"@type":"ReadAction","target":["https:\/\/exaudi.org\/es\/una-ola-de-muerte-recorre-el-pais\/"]}]},{"@type":"ImageObject","inLanguage":"es","@id":"https:\/\/exaudi.org\/es\/una-ola-de-muerte-recorre-el-pais\/#primaryimage","url":"https:\/\/exaudi.org\/wp-content\/uploads\/2022\/06\/Cathopic-amorsanto-scaled.jpg","contentUrl":"https:\/\/exaudi.org\/wp-content\/uploads\/2022\/06\/Cathopic-amorsanto-scaled.jpg","width":2560,"height":1707,"caption":"Cathopic \u00a9 amorsanto"},{"@type":"BreadcrumbList","@id":"https:\/\/exaudi.org\/es\/una-ola-de-muerte-recorre-el-pais\/#breadcrumb","itemListElement":[{"@type":"ListItem","position":1,"name":"Portada","item":"https:\/\/exaudi.org\/es\/"},{"@type":"ListItem","position":2,"name":"Cardenal Arizmendi: \u201cUna ola de muerte recorre el pa\u00eds\u201d"}]},{"@type":"WebSite","@id":"https:\/\/exaudi.org\/#website","url":"https:\/\/exaudi.org\/","name":"Exaudi","description":"News","potentialAction":[{"@type":"SearchAction","target":{"@type":"EntryPoint","urlTemplate":"https:\/\/exaudi.org\/?s={search_term_string}"},"query-input":{"@type":"PropertyValueSpecification","valueRequired":true,"valueName":"search_term_string"}}],"inLanguage":"es"},{"@type":"Person","@id":"https:\/\/exaudi.org\/#\/schema\/person\/c7d223f87e58f1105d044d8da1439102","name":"Cardenal Felipe Arizmendi","image":{"@type":"ImageObject","inLanguage":"es","@id":"https:\/\/secure.gravatar.com\/avatar\/4ffc5520d896b86d39346168903de33a17ef0f23d16de0ff45062c1ff422ed2f?s=96&d=mm&r=g","url":"https:\/\/secure.gravatar.com\/avatar\/4ffc5520d896b86d39346168903de33a17ef0f23d16de0ff45062c1ff422ed2f?s=96&d=mm&r=g","contentUrl":"https:\/\/secure.gravatar.com\/avatar\/4ffc5520d896b86d39346168903de33a17ef0f23d16de0ff45062c1ff422ed2f?s=96&d=mm&r=g","caption":"Cardenal Felipe Arizmendi"},"description":"Nacido en Chiltepec el 1 de mayo de 1940. Estudi\u00f3 Humanidades y Filosof\u00eda en el Seminario de Toluca, de 1952 a 1959. Curs\u00f3 la Teolog\u00eda en la Universidad Pontificia de Salamanca, Espa\u00f1a, de 1959 a 1963, obteniendo la licenciatura en Teolog\u00eda Dogm\u00e1tica. Por su cuenta, se especializ\u00f3 en Liturgia. Fue ordenado sacerdote el 25 de agosto de 1963 en Toluca. Sirvi\u00f3 como Vicario Parroquial en tres parroquias por tres a\u00f1os y medio y fue p\u00e1rroco de una comunidad ind\u00edgena otom\u00ed, de 1967 a 1970. Fue Director Espiritual del Seminario de Toluca por diez a\u00f1os, y Rector del mismo de 1981 a 1991. El 7 de marzo de 1991, fue ordenado obispo de la di\u00f3cesis de Tapachula, donde estuvo hasta el 30 de abril del a\u00f1o 2000. El 1 de mayo del 2000, inici\u00f3 su ministerio episcopal como XLVI obispo de la di\u00f3cesis de San Crist\u00f3bal de las Casas, Chiapas, una de las di\u00f3cesis m\u00e1s antiguas de M\u00e9xico, erigida en 1539; all\u00ed sirvi\u00f3 por casi 18 a\u00f1os. Ha ocupado diversos cargos en la Conferencia del Episcopado Mexicano y en el CELAM. El 3 de noviembre de 2017, el Papa Francisco le acept\u00f3, por edad, su renuncia al servicio episcopal en esta di\u00f3cesis, que entreg\u00f3 a su sucesor el 3 de enero de 2018. Desde entonces, reside en la ciudad de Toluca. Desde 1979, escribe art\u00edculos de actualidad en varios medios religiosos y civiles. Es autor de varias publicaciones.","url":"https:\/\/exaudi.org\/es\/author\/felipearizmendi\/"}]}},"jetpack_featured_media_url":"https:\/\/exaudi.org\/wp-content\/uploads\/2022\/06\/Cathopic-amorsanto-scaled.jpg","jetpack_shortlink":"https:\/\/wp.me\/pgKjF2-f2y","_links":{"self":[{"href":"https:\/\/exaudi.org\/es\/wp-json\/wp\/v2\/posts\/57818","targetHints":{"allow":["GET"]}}],"collection":[{"href":"https:\/\/exaudi.org\/es\/wp-json\/wp\/v2\/posts"}],"about":[{"href":"https:\/\/exaudi.org\/es\/wp-json\/wp\/v2\/types\/post"}],"author":[{"embeddable":true,"href":"https:\/\/exaudi.org\/es\/wp-json\/wp\/v2\/users\/24"}],"replies":[{"embeddable":true,"href":"https:\/\/exaudi.org\/es\/wp-json\/wp\/v2\/comments?post=57818"}],"version-history":[{"count":0,"href":"https:\/\/exaudi.org\/es\/wp-json\/wp\/v2\/posts\/57818\/revisions"}],"wp:featuredmedia":[{"embeddable":true,"href":"https:\/\/exaudi.org\/es\/wp-json\/wp\/v2\/media\/57819"}],"wp:attachment":[{"href":"https:\/\/exaudi.org\/es\/wp-json\/wp\/v2\/media?parent=57818"}],"wp:term":[{"taxonomy":"category","embeddable":true,"href":"https:\/\/exaudi.org\/es\/wp-json\/wp\/v2\/categories?post=57818"},{"taxonomy":"post_tag","embeddable":true,"href":"https:\/\/exaudi.org\/es\/wp-json\/wp\/v2\/tags?post=57818"}],"curies":[{"name":"wp","href":"https:\/\/api.w.org\/{rel}","templated":true}]}}