{"id":57622,"date":"2022-06-06T09:00:23","date_gmt":"2022-06-06T07:00:23","guid":{"rendered":"https:\/\/exaudi.org\/?p=57622"},"modified":"2022-06-02T17:32:56","modified_gmt":"2022-06-02T15:32:56","slug":"teologia-para-millennials-mes-del-orgullo","status":"publish","type":"post","link":"https:\/\/exaudi.org\/es\/teologia-para-millennials-mes-del-orgullo\/","title":{"rendered":"Teolog\u00eda para Millennials: Mes del Orgullo"},"content":{"rendered":"<p>Hoy, 6 de junio de 2022, en \u201c<a href=\"https:\/\/teologiaparamillennials.com\/\">Teolog\u00eda para Millennials<\/a>\u201d, el sacerdote mexicano\u00a0<a href=\"https:\/\/exaudi.org\/es\/author\/padremarioarroyo\/\">Mario Arroyo Mart\u00ednez<\/a>, comparte con los lectores de Exaudi su art\u00edculo semanal titulado \u201cMes del Orgullo\u201d<em>.<\/em><\/p>\n<p><strong>***<\/strong><\/p>\n<p>Con peri\u00f3dica cadencia, el calendario no falla, llegamos al mes de junio, en el cual se nos recordar\u00e1, por activa y por pasiva, que se trata del mes del orgullo gay. Ello invita a realizar una somera reflexi\u00f3n al respecto, porque, quer\u00e1moslo o no, nos toca vivirlo.<\/p>\n<p>Desde una perspectiva sociol\u00f3gica, me parece que las personas con inclinaci\u00f3n sexual homosexual s\u00ed tienen bastante que celebrar. En un lapso de pocos decenios, han pasado de ser proscritos socialmente a estar de moda. De ser recriminados a ser intocables. Eso, nadie lo puede negar, es un triunfo social para estas personas, pero no solo para ellas. La sociedad entera se beneficia de eso, porque sus normas se han flexibilizado, y nadie se ve orillado a simular lo que no es, a aparentar una realidad ficticia. Ahora las personas con inclinaci\u00f3n homosexual no tienen por qu\u00e9 esconderse o disimular su condici\u00f3n, sino que con orgullo la pueden manifestar p\u00fablicamente. Esto solo constituye un ejercicio de sinceridad social importante: lo que cuenta es la realidad, no guardar las apariencias.<\/p>\n<p>En este sentido, el reconocimiento a las personas con inclinaci\u00f3n homosexual es an\u00e1logo al que han tenido las personas de color o las mujeres, con la diferencia de que ni las personas de color ni las mujeres tienen todo un mes para record\u00e1rnoslos a los dem\u00e1s. Y quiz\u00e1 ese sea el pecado del \u201cmes del orgullo\u201d, que muy probablemente, sin quererlo seguramente, llega a atosigar, a cansar, por su repetitiva e insistente cadencia. Es decir, \u201cok, te has beneficiado de un reconocido ascenso social, cel\u00e9bralo como se merece\u201d; pero, podr\u00edamos agregar \u201cun d\u00eda nada m\u00e1s, o dos, como las mujeres, pero, \u00a1\u00bftodo el mes?!\u201d<\/p>\n<p>No es, por tanto, el contenido de la celebraci\u00f3n, sino su omnipresencia, su ubicuidad, la que llega a cansar a amplios sectores de la sociedad que, ya sea por oportunismo o por miedo, no se atreven a expresarlo abiertamente. El segundo \u201cpecado\u201d del \u201corgullo\u201d est\u00e1 en la forma en la que se celebra. Y es un pecado que afecta a las personas con inclinaci\u00f3n homosexual, pues muchas de ellas, la mayor\u00eda me atrever\u00eda a decir, buscar\u00edan una forma m\u00e1s sobria y discreta de celebrar. Sucede que los desfiles del orgullo suelen estar, \u00bfc\u00f3mo decirlo sin agraviar?, muy estereotipados. Frecuentemente pecan de imp\u00fadicos, soeces y a veces agresivos, particularmente con la religi\u00f3n, que ning\u00fan mal les ha hecho. Es decir, perd\u00f3n por ser tan expl\u00edcito, pero ver personas en la calle desfilando semidesnudas o incluso teniendo sexo en la v\u00eda p\u00fablica, no tiene por qu\u00e9 ser la forma de celebrar civilizadamente.<\/p>\n<p>Y ese ser\u00eda el tercer pecado del mes del orgullo que, en aras de la celebraci\u00f3n, suelen saltarse las normas que rigen en la vida normal de la sociedad, pareciera que como manifestaci\u00f3n de desaf\u00edo y prepotencia. Sucede algo an\u00e1logo a lo que pasa los d\u00edas de la mujer, donde muchas de ellas se consideran eximidas de respetar la v\u00eda p\u00fablica y la propiedad privada, haciendo destrozos, ante la mirada pasiva y c\u00f3mplice de la autoridad competente. Si cualquier ciudadano de a pie hiciera lo mismo, ser\u00eda r\u00e1pidamente detenido, si en otro contexto alguien circulara en la calle con la escasa ropa de algunos participantes en el desfile del orgullo, ser\u00eda detenido, pero ese d\u00eda parece que las leyes se suspenden y por un d\u00eda \u201ctodo se vale\u201d.<\/p>\n<p>El cuarto pecado es el de la exclusi\u00f3n. El temor a no entrar en la fiesta. Todas las empresas, todas las instituciones, todas las autoridades, todas las iglesias, deben ser \u201cgay friendly\u201d o atenerse a las consecuencias. Eso infla desproporcionadamente la dimensi\u00f3n de la celebraci\u00f3n, pues gobiernos enteros se someten a tal servidumbre, dando la impresi\u00f3n de una enorme burbuja, la cual tarde o temprano, se tendr\u00e1 que pichar, no por otro motivo, sino por exagerada, y falsa en \u00faltimo t\u00e9rmino. La autenticidad que se gan\u00f3 con la conmemoraci\u00f3n del orgullo, se perdi\u00f3 al celebrarse desmesuradamente. Las cosas, espero que m\u00e1s pronto que tarde, deben volver a su equilibrio, a la normalidad, a no ser una consigna que arbitrariamente se impone desde Disney hasta el Gobierno de los Estados Unidos. Solo de esa manera el \u201cd\u00eda del orgullo\u201d ser\u00e1 motivo de orgullo, sin apisonar al resto de la sociedad.<\/p>\n","protected":false},"excerpt":{"rendered":"<p>\u201cCelebrarlo, \u00a1\u00bftodo el mes?!\u201d<\/p>\n","protected":false},"author":22,"featured_media":57640,"comment_status":"closed","ping_status":"closed","sticky":false,"template":"","format":"standard","meta":{"_acf_changed":false,"_crdt_document":"","inline_featured_image":false,"footnotes":""},"categories":[130],"tags":[6304,2862,4953],"class_list":["post-57622","post","type-post","status-publish","format-standard","has-post-thumbnail","hentry","category-voces","tag-mario-arroyo","tag-mes-del-orgullo","tag-trending-es"],"acf":[],"yoast_head":"<!-- This site is optimized with the Yoast SEO plugin v27.5 - https:\/\/yoast.com\/product\/yoast-seo-wordpress\/ -->\n<title>Teolog\u00eda para Millennials: Mes del Orgullo &#8211; Exaudi<\/title>\n<meta name=\"robots\" content=\"index, follow, max-snippet:-1, max-image-preview:large, max-video-preview:-1\" \/>\n<link rel=\"canonical\" href=\"https:\/\/exaudi.org\/es\/teologia-para-millennials-mes-del-orgullo\/\" \/>\n<meta property=\"og:locale\" content=\"es_ES\" \/>\n<meta property=\"og:type\" content=\"article\" \/>\n<meta property=\"og:title\" content=\"Teolog\u00eda para Millennials: Mes del Orgullo &#8211; Exaudi\" \/>\n<meta property=\"og:description\" content=\"\u201cCelebrarlo, \u00a1\u00bftodo el mes?!\u201d\" \/>\n<meta property=\"og:url\" content=\"https:\/\/exaudi.org\/es\/teologia-para-millennials-mes-del-orgullo\/\" \/>\n<meta property=\"og:site_name\" content=\"Exaudi\" \/>\n<meta property=\"article:publisher\" content=\"https:\/\/www.facebook.com\/ExaudiNews\" \/>\n<meta property=\"article:published_time\" content=\"2022-06-06T07:00:23+00:00\" \/>\n<meta property=\"og:image\" content=\"https:\/\/exaudi.org\/wp-content\/uploads\/2022\/06\/Imagen6.jpg\" \/>\n\t<meta property=\"og:image:width\" content=\"1033\" \/>\n\t<meta property=\"og:image:height\" content=\"627\" \/>\n\t<meta property=\"og:image:type\" content=\"image\/jpeg\" \/>\n<meta name=\"author\" content=\"Mario Arroyo\" \/>\n<meta name=\"twitter:card\" content=\"summary_large_image\" \/>\n<meta name=\"twitter:creator\" content=\"@Exaudi_News\" \/>\n<meta name=\"twitter:site\" content=\"@Exaudi_News\" \/>\n<meta name=\"twitter:label1\" content=\"Escrito por\" \/>\n\t<meta name=\"twitter:data1\" content=\"Mario Arroyo\" \/>\n\t<meta name=\"twitter:label2\" content=\"Tiempo de lectura\" \/>\n\t<meta name=\"twitter:data2\" content=\"4 minutos\" \/>\n<script type=\"application\/ld+json\" class=\"yoast-schema-graph\">{\"@context\":\"https:\\\/\\\/schema.org\",\"@graph\":[{\"@type\":\"Article\",\"@id\":\"https:\\\/\\\/exaudi.org\\\/es\\\/teologia-para-millennials-mes-del-orgullo\\\/#article\",\"isPartOf\":{\"@id\":\"https:\\\/\\\/exaudi.org\\\/es\\\/teologia-para-millennials-mes-del-orgullo\\\/\"},\"author\":{\"name\":\"Mario Arroyo\",\"@id\":\"https:\\\/\\\/exaudi.org\\\/#\\\/schema\\\/person\\\/2195e6e643f4a07a343345d49e4e6985\"},\"headline\":\"Teolog\u00eda para Millennials: Mes del Orgullo\",\"datePublished\":\"2022-06-06T07:00:23+00:00\",\"mainEntityOfPage\":{\"@id\":\"https:\\\/\\\/exaudi.org\\\/es\\\/teologia-para-millennials-mes-del-orgullo\\\/\"},\"wordCount\":795,\"image\":{\"@id\":\"https:\\\/\\\/exaudi.org\\\/es\\\/teologia-para-millennials-mes-del-orgullo\\\/#primaryimage\"},\"thumbnailUrl\":\"https:\\\/\\\/exaudi.org\\\/wp-content\\\/uploads\\\/2022\\\/06\\\/Imagen6.jpg\",\"keywords\":[\"Mario Arroyo\",\"Mes del orgullo\",\"Trending\"],\"articleSection\":[\"Voces\"],\"inLanguage\":\"es\"},{\"@type\":\"WebPage\",\"@id\":\"https:\\\/\\\/exaudi.org\\\/es\\\/teologia-para-millennials-mes-del-orgullo\\\/\",\"url\":\"https:\\\/\\\/exaudi.org\\\/es\\\/teologia-para-millennials-mes-del-orgullo\\\/\",\"name\":\"Teolog\u00eda para Millennials: Mes del Orgullo &#8211; Exaudi\",\"isPartOf\":{\"@id\":\"https:\\\/\\\/exaudi.org\\\/#website\"},\"primaryImageOfPage\":{\"@id\":\"https:\\\/\\\/exaudi.org\\\/es\\\/teologia-para-millennials-mes-del-orgullo\\\/#primaryimage\"},\"image\":{\"@id\":\"https:\\\/\\\/exaudi.org\\\/es\\\/teologia-para-millennials-mes-del-orgullo\\\/#primaryimage\"},\"thumbnailUrl\":\"https:\\\/\\\/exaudi.org\\\/wp-content\\\/uploads\\\/2022\\\/06\\\/Imagen6.jpg\",\"datePublished\":\"2022-06-06T07:00:23+00:00\",\"author\":{\"@id\":\"https:\\\/\\\/exaudi.org\\\/#\\\/schema\\\/person\\\/2195e6e643f4a07a343345d49e4e6985\"},\"breadcrumb\":{\"@id\":\"https:\\\/\\\/exaudi.org\\\/es\\\/teologia-para-millennials-mes-del-orgullo\\\/#breadcrumb\"},\"inLanguage\":\"es\",\"potentialAction\":[{\"@type\":\"ReadAction\",\"target\":[\"https:\\\/\\\/exaudi.org\\\/es\\\/teologia-para-millennials-mes-del-orgullo\\\/\"]}]},{\"@type\":\"ImageObject\",\"inLanguage\":\"es\",\"@id\":\"https:\\\/\\\/exaudi.org\\\/es\\\/teologia-para-millennials-mes-del-orgullo\\\/#primaryimage\",\"url\":\"https:\\\/\\\/exaudi.org\\\/wp-content\\\/uploads\\\/2022\\\/06\\\/Imagen6.jpg\",\"contentUrl\":\"https:\\\/\\\/exaudi.org\\\/wp-content\\\/uploads\\\/2022\\\/06\\\/Imagen6.jpg\",\"width\":1033,\"height\":627},{\"@type\":\"BreadcrumbList\",\"@id\":\"https:\\\/\\\/exaudi.org\\\/es\\\/teologia-para-millennials-mes-del-orgullo\\\/#breadcrumb\",\"itemListElement\":[{\"@type\":\"ListItem\",\"position\":1,\"name\":\"Portada\",\"item\":\"https:\\\/\\\/exaudi.org\\\/es\\\/\"},{\"@type\":\"ListItem\",\"position\":2,\"name\":\"Teolog\u00eda para Millennials: Mes del Orgullo\"}]},{\"@type\":\"WebSite\",\"@id\":\"https:\\\/\\\/exaudi.org\\\/#website\",\"url\":\"https:\\\/\\\/exaudi.org\\\/\",\"name\":\"Exaudi\",\"description\":\"News\",\"potentialAction\":[{\"@type\":\"SearchAction\",\"target\":{\"@type\":\"EntryPoint\",\"urlTemplate\":\"https:\\\/\\\/exaudi.org\\\/?s={search_term_string}\"},\"query-input\":{\"@type\":\"PropertyValueSpecification\",\"valueRequired\":true,\"valueName\":\"search_term_string\"}}],\"inLanguage\":\"es\"},{\"@type\":\"Person\",\"@id\":\"https:\\\/\\\/exaudi.org\\\/#\\\/schema\\\/person\\\/2195e6e643f4a07a343345d49e4e6985\",\"name\":\"Mario Arroyo\",\"image\":{\"@type\":\"ImageObject\",\"inLanguage\":\"es\",\"@id\":\"https:\\\/\\\/secure.gravatar.com\\\/avatar\\\/0e2dddc1d3bf207409f5b4d542cef9a9955ad497448376a1621fcb1df592d137?s=96&d=mm&r=g\",\"url\":\"https:\\\/\\\/secure.gravatar.com\\\/avatar\\\/0e2dddc1d3bf207409f5b4d542cef9a9955ad497448376a1621fcb1df592d137?s=96&d=mm&r=g\",\"contentUrl\":\"https:\\\/\\\/secure.gravatar.com\\\/avatar\\\/0e2dddc1d3bf207409f5b4d542cef9a9955ad497448376a1621fcb1df592d137?s=96&d=mm&r=g\",\"caption\":\"Mario Arroyo\"},\"description\":\"Licenciado en Filosof\u00eda por la Universidad Panamericana, M\u00e9xico 1996, ostenta el bachiller en Teolog\u00eda por la Pontificia Universidad de la Santa Cruz, Roma 1999. Doctor en Filosof\u00eda por la Pontificia Universidad de la Santa Cruz, Roma 2002. Ordenado sacerdote en Torreciudad, Espa\u00f1a, en 2002. Autor de: Poder, Dinero y Santidad, Lima 2012; Ciencia y Fe. Un equilibrio posible, UCSS, Lima 2015; Ciencia y Fe. Situaci\u00f3n actual, Facultad de Teolog\u00eda Pontificia y Civil de Lima, Lima 2016; La Iglesia y los Homosexuales. Un falso conflicto, Facultad de Teolog\u00eda Pontificia y Civil de Lima, Lima 2017. Coautor de Dios Busca al Hombre, CDSCO, Lima 2013; Neurona mata esp\u00edritu, Amazon, Lima 2018; Teolog\u00eda para Millennials, Amazon, Lima 2018. El padre Mario es columnista de los portales peruanos Cr\u00f3nica Viva, La abeja y Lucidez, as\u00ed como de los peri\u00f3dicos mexicanos Mural, Expreso, del portal mexicano Vox Fides y de ZENIT. Capell\u00e1n de la Universidad de Piura, Campus de Lima durante los cursos 2017 y 2018. Actualmente, profesor de Teolog\u00eda en la Universidad Panamericana, Ciudad de M\u00e9xico.\",\"url\":\"https:\\\/\\\/exaudi.org\\\/es\\\/author\\\/padremarioarroyo\\\/\"}]}<\/script>\n<!-- \/ Yoast SEO plugin. -->","yoast_head_json":{"title":"Teolog\u00eda para Millennials: Mes del Orgullo &#8211; Exaudi","robots":{"index":"index","follow":"follow","max-snippet":"max-snippet:-1","max-image-preview":"max-image-preview:large","max-video-preview":"max-video-preview:-1"},"canonical":"https:\/\/exaudi.org\/es\/teologia-para-millennials-mes-del-orgullo\/","og_locale":"es_ES","og_type":"article","og_title":"Teolog\u00eda para Millennials: Mes del Orgullo &#8211; Exaudi","og_description":"\u201cCelebrarlo, \u00a1\u00bftodo el mes?!\u201d","og_url":"https:\/\/exaudi.org\/es\/teologia-para-millennials-mes-del-orgullo\/","og_site_name":"Exaudi","article_publisher":"https:\/\/www.facebook.com\/ExaudiNews","article_published_time":"2022-06-06T07:00:23+00:00","og_image":[{"width":1033,"height":627,"url":"https:\/\/exaudi.org\/wp-content\/uploads\/2022\/06\/Imagen6.jpg","type":"image\/jpeg"}],"author":"Mario Arroyo","twitter_card":"summary_large_image","twitter_creator":"@Exaudi_News","twitter_site":"@Exaudi_News","twitter_misc":{"Escrito por":"Mario Arroyo","Tiempo de lectura":"4 minutos"},"schema":{"@context":"https:\/\/schema.org","@graph":[{"@type":"Article","@id":"https:\/\/exaudi.org\/es\/teologia-para-millennials-mes-del-orgullo\/#article","isPartOf":{"@id":"https:\/\/exaudi.org\/es\/teologia-para-millennials-mes-del-orgullo\/"},"author":{"name":"Mario Arroyo","@id":"https:\/\/exaudi.org\/#\/schema\/person\/2195e6e643f4a07a343345d49e4e6985"},"headline":"Teolog\u00eda para Millennials: Mes del Orgullo","datePublished":"2022-06-06T07:00:23+00:00","mainEntityOfPage":{"@id":"https:\/\/exaudi.org\/es\/teologia-para-millennials-mes-del-orgullo\/"},"wordCount":795,"image":{"@id":"https:\/\/exaudi.org\/es\/teologia-para-millennials-mes-del-orgullo\/#primaryimage"},"thumbnailUrl":"https:\/\/exaudi.org\/wp-content\/uploads\/2022\/06\/Imagen6.jpg","keywords":["Mario Arroyo","Mes del orgullo","Trending"],"articleSection":["Voces"],"inLanguage":"es"},{"@type":"WebPage","@id":"https:\/\/exaudi.org\/es\/teologia-para-millennials-mes-del-orgullo\/","url":"https:\/\/exaudi.org\/es\/teologia-para-millennials-mes-del-orgullo\/","name":"Teolog\u00eda para Millennials: Mes del Orgullo &#8211; Exaudi","isPartOf":{"@id":"https:\/\/exaudi.org\/#website"},"primaryImageOfPage":{"@id":"https:\/\/exaudi.org\/es\/teologia-para-millennials-mes-del-orgullo\/#primaryimage"},"image":{"@id":"https:\/\/exaudi.org\/es\/teologia-para-millennials-mes-del-orgullo\/#primaryimage"},"thumbnailUrl":"https:\/\/exaudi.org\/wp-content\/uploads\/2022\/06\/Imagen6.jpg","datePublished":"2022-06-06T07:00:23+00:00","author":{"@id":"https:\/\/exaudi.org\/#\/schema\/person\/2195e6e643f4a07a343345d49e4e6985"},"breadcrumb":{"@id":"https:\/\/exaudi.org\/es\/teologia-para-millennials-mes-del-orgullo\/#breadcrumb"},"inLanguage":"es","potentialAction":[{"@type":"ReadAction","target":["https:\/\/exaudi.org\/es\/teologia-para-millennials-mes-del-orgullo\/"]}]},{"@type":"ImageObject","inLanguage":"es","@id":"https:\/\/exaudi.org\/es\/teologia-para-millennials-mes-del-orgullo\/#primaryimage","url":"https:\/\/exaudi.org\/wp-content\/uploads\/2022\/06\/Imagen6.jpg","contentUrl":"https:\/\/exaudi.org\/wp-content\/uploads\/2022\/06\/Imagen6.jpg","width":1033,"height":627},{"@type":"BreadcrumbList","@id":"https:\/\/exaudi.org\/es\/teologia-para-millennials-mes-del-orgullo\/#breadcrumb","itemListElement":[{"@type":"ListItem","position":1,"name":"Portada","item":"https:\/\/exaudi.org\/es\/"},{"@type":"ListItem","position":2,"name":"Teolog\u00eda para Millennials: Mes del Orgullo"}]},{"@type":"WebSite","@id":"https:\/\/exaudi.org\/#website","url":"https:\/\/exaudi.org\/","name":"Exaudi","description":"News","potentialAction":[{"@type":"SearchAction","target":{"@type":"EntryPoint","urlTemplate":"https:\/\/exaudi.org\/?s={search_term_string}"},"query-input":{"@type":"PropertyValueSpecification","valueRequired":true,"valueName":"search_term_string"}}],"inLanguage":"es"},{"@type":"Person","@id":"https:\/\/exaudi.org\/#\/schema\/person\/2195e6e643f4a07a343345d49e4e6985","name":"Mario Arroyo","image":{"@type":"ImageObject","inLanguage":"es","@id":"https:\/\/secure.gravatar.com\/avatar\/0e2dddc1d3bf207409f5b4d542cef9a9955ad497448376a1621fcb1df592d137?s=96&d=mm&r=g","url":"https:\/\/secure.gravatar.com\/avatar\/0e2dddc1d3bf207409f5b4d542cef9a9955ad497448376a1621fcb1df592d137?s=96&d=mm&r=g","contentUrl":"https:\/\/secure.gravatar.com\/avatar\/0e2dddc1d3bf207409f5b4d542cef9a9955ad497448376a1621fcb1df592d137?s=96&d=mm&r=g","caption":"Mario Arroyo"},"description":"Licenciado en Filosof\u00eda por la Universidad Panamericana, M\u00e9xico 1996, ostenta el bachiller en Teolog\u00eda por la Pontificia Universidad de la Santa Cruz, Roma 1999. Doctor en Filosof\u00eda por la Pontificia Universidad de la Santa Cruz, Roma 2002. Ordenado sacerdote en Torreciudad, Espa\u00f1a, en 2002. Autor de: Poder, Dinero y Santidad, Lima 2012; Ciencia y Fe. Un equilibrio posible, UCSS, Lima 2015; Ciencia y Fe. Situaci\u00f3n actual, Facultad de Teolog\u00eda Pontificia y Civil de Lima, Lima 2016; La Iglesia y los Homosexuales. Un falso conflicto, Facultad de Teolog\u00eda Pontificia y Civil de Lima, Lima 2017. Coautor de Dios Busca al Hombre, CDSCO, Lima 2013; Neurona mata esp\u00edritu, Amazon, Lima 2018; Teolog\u00eda para Millennials, Amazon, Lima 2018. El padre Mario es columnista de los portales peruanos Cr\u00f3nica Viva, La abeja y Lucidez, as\u00ed como de los peri\u00f3dicos mexicanos Mural, Expreso, del portal mexicano Vox Fides y de ZENIT. Capell\u00e1n de la Universidad de Piura, Campus de Lima durante los cursos 2017 y 2018. Actualmente, profesor de Teolog\u00eda en la Universidad Panamericana, Ciudad de M\u00e9xico.","url":"https:\/\/exaudi.org\/es\/author\/padremarioarroyo\/"}]}},"jetpack_featured_media_url":"https:\/\/exaudi.org\/wp-content\/uploads\/2022\/06\/Imagen6.jpg","jetpack_shortlink":"https:\/\/wp.me\/pgKjF2-eZo","_links":{"self":[{"href":"https:\/\/exaudi.org\/es\/wp-json\/wp\/v2\/posts\/57622","targetHints":{"allow":["GET"]}}],"collection":[{"href":"https:\/\/exaudi.org\/es\/wp-json\/wp\/v2\/posts"}],"about":[{"href":"https:\/\/exaudi.org\/es\/wp-json\/wp\/v2\/types\/post"}],"author":[{"embeddable":true,"href":"https:\/\/exaudi.org\/es\/wp-json\/wp\/v2\/users\/22"}],"replies":[{"embeddable":true,"href":"https:\/\/exaudi.org\/es\/wp-json\/wp\/v2\/comments?post=57622"}],"version-history":[{"count":0,"href":"https:\/\/exaudi.org\/es\/wp-json\/wp\/v2\/posts\/57622\/revisions"}],"wp:featuredmedia":[{"embeddable":true,"href":"https:\/\/exaudi.org\/es\/wp-json\/wp\/v2\/media\/57640"}],"wp:attachment":[{"href":"https:\/\/exaudi.org\/es\/wp-json\/wp\/v2\/media?parent=57622"}],"wp:term":[{"taxonomy":"category","embeddable":true,"href":"https:\/\/exaudi.org\/es\/wp-json\/wp\/v2\/categories?post=57622"},{"taxonomy":"post_tag","embeddable":true,"href":"https:\/\/exaudi.org\/es\/wp-json\/wp\/v2\/tags?post=57622"}],"curies":[{"name":"wp","href":"https:\/\/api.w.org\/{rel}","templated":true}]}}