{"id":57337,"date":"2022-05-26T12:53:14","date_gmt":"2022-05-26T10:53:14","guid":{"rendered":"https:\/\/exaudi.org\/?p=57337"},"modified":"2022-05-26T13:06:02","modified_gmt":"2022-05-26T11:06:02","slug":"buscar-espacios-para-el-dialogo-y-la-escucha-con-los-oidos-del-corazon","status":"publish","type":"post","link":"https:\/\/exaudi.org\/es\/buscar-espacios-para-el-dialogo-y-la-escucha-con-los-oidos-del-corazon\/","title":{"rendered":"Buscar espacios para el di\u00e1logo y la escucha con los o\u00eddos del coraz\u00f3n"},"content":{"rendered":"<p>En estos tiempos de postpandemia el ser humano est\u00e1 llamado a \u201cponerse a la escucha\u201d con los o\u00eddos del coraz\u00f3n. \u00bfEstamos dando buen uso a nuestros o\u00eddos?, o es que acaso \u00bfpadecemos de sordera? Escuchar, \u00bfsignifica tan solo afinar los o\u00eddos? \u00bfCu\u00e1l es la dimensi\u00f3n de este verbo en nuestras vidas? Desde el chat hasta el podcast la escucha sigue siendo un campo esencial para el desarrollo de la comunicaci\u00f3n humana.<\/p>\n<p>El Papa Francisco nos ense\u00f1a a poner al centro de la atenci\u00f3n, al proceso de la escucha, en su reciente mensaje para la 56 jornada mundial de las comunicaciones sociales, denominado \u201cEscuchar con los o\u00eddos del coraz\u00f3n\u201d.<\/p>\n<p>Las 46 jurisdicciones eclesi\u00e1sticas de la Iglesia en el Per\u00fa promueven la creaci\u00f3n de espacios para la escucha, as\u00ed lo dio a conocer monse\u00f1or Edison Farf\u00e1n C\u00f3rdova, obispo de Chuquibambilla, recientemente designado presidente de la Comisi\u00f3n Episcopal de Medios de Comunicaci\u00f3n Social durante una entrevista exclusiva para Exaudi.<\/p>\n<p>Al darle una mirada al \u201cproceso de la escucha\u201d es posible descubrir que necesitamos fortalecer la paciencia como una virtud, pues comunicar es un arte. Con los o\u00eddos del coraz\u00f3n se logra cumplir este reto. Para monse\u00f1or Edison, el secreto est\u00e1 en las herramientas y estrategias que abren el camino de la escucha.<\/p>\n<h2><strong>El desarrollo potencial de la escucha<\/strong><\/h2>\n<p>\u201cLa producci\u00f3n de contenidos para el servicio al bien com\u00fan nos animan a constituir una red de voluntarios para la comunicaci\u00f3n. Y es que para monse\u00f1or Edison Farf\u00e1n este es el nuevo reto que ahora promueve el Santo Padre a trav\u00e9s de su mensaje. Con esta mirada renovada de la escucha la comisi\u00f3n episcopal de Medios de Comunicaci\u00f3n Social de la Conferencia Episcopal Peruana replica el mensaje de Francisco en el simposio internacional denominado \u2018Escuchar con los o\u00eddos del coraz\u00f3n\u2019.<\/p>\n<p>El deseo ilimitado de ser escuchados es el que a veces provoca la distorsi\u00f3n en este proceso. En el arte de comunicar no solo estamos llamados a \u2018Id y Ved\u2019 para un dialogo autentico, como nos recordaba el Santo Padre en su mensaje anterior. Mas bien es preciso adiestrar el \u00fanico sentido m\u00e1s privilegiado y discreto, el o\u00eddo. Poner en pr\u00e1ctica este nuevo desaf\u00edo implica reconocer al otro, pues el negarse a escuchar podr\u00eda convertirse en un signo de agresividad.<\/p>\n<p>\u00bfQu\u00e9 significa entonces ponerse a la escucha? Es mejor tener los o\u00eddos en el coraz\u00f3n antes que el coraz\u00f3n en los o\u00eddos, as\u00ed lo explica el santo Padre. S\u00ed tenemos en cuenta que la sede de la escucha es el coraz\u00f3n, podremos acoger las palabras no exteriormente en los o\u00eddos, sino espiritualmente en el coraz\u00f3n. Es as\u00ed como debemos aprender a inclinar el \u2018o\u00eddo del coraz\u00f3n\u2019\u201d.<\/p>\n<h2><strong>La escucha verdadera<\/strong><\/h2>\n<p>\u00bfC\u00f3mo podemos verificar la calidad de la escucha? En este proceso se debe prestar atenci\u00f3n a la forma en que se escucha para dar frutos. Qu\u00e9 escuchamos, c\u00f3mo escuchamos y a qui\u00e9n escuchamos nos permitir\u00e1 desarrollar la capacidad del coraz\u00f3n que hace posible la proximidad (<em>Evangelii Gaudium<\/em> (n\u00ba171). Sin duda, \u201cla escucha\u201d es una dimensi\u00f3n del amor.<\/p>\n<p>Incluso aquel que tiene un o\u00eddo perfecto a veces no concibe escuchar a los dem\u00e1s, y no puede crecer en el arte de comunicar.\u00a0 Existe una sordera interior que resulta ser peor que la f\u00edsica. Por eso el Santo Padre nos pide escuchar con el coraz\u00f3n. La verdadera escucha no tiene que ver tan solo con el sentido del o\u00eddo, sino con toda la persona.<\/p>\n<p>Cuando se busca una comunicaci\u00f3n verdadera, la primera escucha que hay que redescubrir es la que hacemos de nosotros mismo. De las propias exigencias, aquellas que llevamos inscritas en nuestro ser.<\/p>\n<h2><strong>La escucha \u201cpor detr\u00e1s\u201d<\/strong><\/h2>\n<p>Estamos hechos para vivir juntos. Y no como islas. En esta convivencia \u201cescuchar\u201d resulta vital. En el tiempo de las redes sociales es bueno ponerse a la escucha con apertura leal, confiada y honesta. Y no a escondidas, ni mucho menos \u201cpor detr\u00e1s\u201d. La escucha del otro debe ser cara a cara. La falta de escucha nos hace escucharnos solo a nosotros mismos.<\/p>\n<p>Mas all\u00e1 del \u00e1mbito cotidiano, en el entorno social suele suceder que estamos m\u00e1s atentos al consenso y no a la escucha. Buscamos responder a la audiencia. La buena comunicaci\u00f3n en cambio, presta atenci\u00f3n a las razones del otro, y busca \u201chacer comprender\u201d la realidad por m\u00e1s compleja que esta sea.<\/p>\n<p>Cuando el di\u00e1logo se convierte en un \u201cdualogo\u201d (un monologo a dos voces) se produce una interferencia en la comunicaci\u00f3n, que solo promueve la imposici\u00f3n de ideas. Mientras que en la verdadera comunicaci\u00f3n tanto el \u201ct\u00fa\u201d como el \u201cyo\u201d est\u00e1n en salida. Por tanto, escuchar es el primer ingrediente del dialogo y de la buena comunicaci\u00f3n. No se logra comunicar si antes no se ha escuchado.<\/p>\n<h2><strong>Fundamentos de un buen periodismo<\/strong><\/h2>\n<p>Sin la capacidad de escuchar no se logra poner en pr\u00e1ctica un buen periodismo. Para ofrecer una informaci\u00f3n solida equilibrada y completa es necesario escuchar. Lo mismo que para contar un evento o descubrir una realidad en un reportaje es esencial saber escuchar. En este proceso tambi\u00e9n se debe estar dispuesto a cambiar ideas y modificar las propias hip\u00f3tesis de partida.<\/p>\n<p>Llegar a esta concordancia de voces es garant\u00eda de una verdadera comunicaci\u00f3n. Por otro lado, escuchar diversas fuentes asegura fiabilidad y seriedad a las informaciones que se transmiten. As\u00ed, atender a varias voces invita a ejercitar el discernimiento. El arte de aprender a discernir permite orientarse en medio de una sinfon\u00eda de voces. Pero, \u00bfestamos dispuestos a asumir el esfuerzo que requiere la escucha?<\/p>\n<p>El \u201cmartirio de la paciencia\u201d es necesario para escuchar y hacerse escuchar en toda negociaci\u00f3n a fin de obtener el mayor bien posible. La escucha requiere siempre la virtud de la paciencia, adem\u00e1s de la actitud de dejarse sorprender por la verdad. Es que solo el asombro permite el conocimiento. Conviene mirar al mundo con los ojos bien abiertos y la curiosidad de un ni\u00f1o.<\/p>\n<h2><strong>La \u201cinfodemia\u201d postpandemia<\/strong><\/h2>\n<p>Con la conciencia del adulto y el asombro del ni\u00f1o podremos enriquecernos al escuchar al otro, pues siempre hay algo que aprender. Empecemos ahora. Es momento de escuchar a la sociedad, tras dos a\u00f1os de confinamiento, hay mucho que escuchar. Existe mucha desconfianza acumulada procedente hacia la informaci\u00f3n oficial, lo que causa la \u201cinfodemia\u201d. El desaf\u00edo es hacer m\u00e1s cre\u00edble y transparente el mundo de la informaci\u00f3n.<\/p>\n<p>La disminuci\u00f3n y el cese de las actividades econ\u00f3micas acrecent\u00f3 el malestar social, es preciso disponer el o\u00eddo para atender esta necesidad. Acercarnos a quienes viven con el coraz\u00f3n doliente a causa de permanecer desplazados de su naci\u00f3n se convierte en una buena experiencia de escucha. Existen buenos periodistas dispuestos a convertir estos casos no solo en n\u00fameros, o fundamentos de nuevas pol\u00edticas migratorias, sino m\u00e1s bien en la construcci\u00f3n de historias, y de nuevas miradas de esperanza. As\u00ed se podr\u00eda colocar un nombre a estas historias.<\/p>\n<h2><strong>El apostolado del o\u00eddo<\/strong><\/h2>\n<p>Como miembros del pueblo de Dios hemos recibido este \u201cdon de la escucha\u201d por excelencia. Estamos invitados a escuchar con los \u201co\u00eddos de Dios\u201d, y as\u00ed podremos anunciar su palabra. Este servicio de la escucha es el primero que debemos prestar desde la comunicaci\u00f3n. Escuchar antes de expresarse y ser lentos al hablar es adem\u00e1s un gesto de caridad. Pues, tambi\u00e9n al interior de la iglesia existe la necesidad de escucharse.<\/p>\n<p>Dedicar parte del tiempo a la escucha se convierte de un gesto de misericordia. Justamente en el reciente proceso de sinodal iniciado en nuestra Iglesia estamos llamados a poner en pr\u00e1ctica el don de la escucha.<\/p>\n<p>La com\u00fan-uni\u00f3n se edifica en la escucha reciproca tal cual lo hace un coro. Animados a descubrir cada una de las voces del coro construyamos una Iglesia cada vez m\u00e1s sinf\u00f3nica. Para que cada uno acoja las dem\u00e1s voces, sin dejar de cantar con su propia voz.<\/p>\n","protected":false},"excerpt":{"rendered":"<p>Desde el chat hasta el podcast<\/p>\n","protected":false},"author":39,"featured_media":57338,"comment_status":"closed","ping_status":"closed","sticky":false,"template":"","format":"standard","meta":{"_acf_changed":false,"_crdt_document":"","inline_featured_image":false,"footnotes":""},"categories":[74],"tags":[158,945,4953],"class_list":["post-57337","post","type-post","status-publish","format-standard","has-post-thumbnail","hentry","category-iglesia-y-mundo","tag-papa-francisco","tag-peru","tag-trending-es"],"acf":[],"yoast_head":"<!-- This site is optimized with the Yoast SEO plugin v27.5 - https:\/\/yoast.com\/product\/yoast-seo-wordpress\/ -->\n<title>Buscar espacios para el di\u00e1logo y la escucha con los o\u00eddos del coraz\u00f3n &#8211; Exaudi<\/title>\n<meta name=\"robots\" content=\"index, follow, max-snippet:-1, max-image-preview:large, max-video-preview:-1\" \/>\n<link rel=\"canonical\" href=\"https:\/\/exaudi.org\/es\/buscar-espacios-para-el-dialogo-y-la-escucha-con-los-oidos-del-corazon\/\" \/>\n<meta property=\"og:locale\" content=\"es_ES\" \/>\n<meta property=\"og:type\" content=\"article\" \/>\n<meta property=\"og:title\" content=\"Buscar espacios para el di\u00e1logo y la escucha con los o\u00eddos del coraz\u00f3n &#8211; Exaudi\" \/>\n<meta property=\"og:description\" content=\"Desde el chat hasta el podcast\" \/>\n<meta property=\"og:url\" content=\"https:\/\/exaudi.org\/es\/buscar-espacios-para-el-dialogo-y-la-escucha-con-los-oidos-del-corazon\/\" \/>\n<meta property=\"og:site_name\" content=\"Exaudi\" \/>\n<meta property=\"article:publisher\" content=\"https:\/\/www.facebook.com\/ExaudiNews\" \/>\n<meta property=\"article:published_time\" content=\"2022-05-26T10:53:14+00:00\" \/>\n<meta property=\"article:modified_time\" content=\"2022-05-26T11:06:02+00:00\" \/>\n<meta property=\"og:image\" content=\"https:\/\/exaudi.org\/wp-content\/uploads\/2022\/05\/Papa-Francisco-audiencia-general-marzo-2020.jpeg\" \/>\n\t<meta property=\"og:image:width\" content=\"800\" \/>\n\t<meta property=\"og:image:height\" content=\"528\" \/>\n\t<meta property=\"og:image:type\" content=\"image\/jpeg\" \/>\n<meta name=\"author\" content=\"Esther N\u00fa\u00f1ez\" \/>\n<meta name=\"twitter:card\" content=\"summary_large_image\" \/>\n<meta name=\"twitter:creator\" content=\"@Exaudi_News\" \/>\n<meta name=\"twitter:site\" content=\"@Exaudi_News\" \/>\n<meta name=\"twitter:label1\" content=\"Escrito por\" \/>\n\t<meta name=\"twitter:data1\" content=\"Esther N\u00fa\u00f1ez\" \/>\n\t<meta name=\"twitter:label2\" content=\"Tiempo de lectura\" \/>\n\t<meta name=\"twitter:data2\" content=\"6 minutos\" \/>\n<script type=\"application\/ld+json\" class=\"yoast-schema-graph\">{\"@context\":\"https:\\\/\\\/schema.org\",\"@graph\":[{\"@type\":\"Article\",\"@id\":\"https:\\\/\\\/exaudi.org\\\/es\\\/buscar-espacios-para-el-dialogo-y-la-escucha-con-los-oidos-del-corazon\\\/#article\",\"isPartOf\":{\"@id\":\"https:\\\/\\\/exaudi.org\\\/es\\\/buscar-espacios-para-el-dialogo-y-la-escucha-con-los-oidos-del-corazon\\\/\"},\"author\":{\"name\":\"Esther N\u00fa\u00f1ez\",\"@id\":\"https:\\\/\\\/exaudi.org\\\/#\\\/schema\\\/person\\\/7105d7735b2bf8c31e7cf8784351ebbc\"},\"headline\":\"Buscar espacios para el di\u00e1logo y la escucha con los o\u00eddos del coraz\u00f3n\",\"datePublished\":\"2022-05-26T10:53:14+00:00\",\"dateModified\":\"2022-05-26T11:06:02+00:00\",\"mainEntityOfPage\":{\"@id\":\"https:\\\/\\\/exaudi.org\\\/es\\\/buscar-espacios-para-el-dialogo-y-la-escucha-con-los-oidos-del-corazon\\\/\"},\"wordCount\":1413,\"image\":{\"@id\":\"https:\\\/\\\/exaudi.org\\\/es\\\/buscar-espacios-para-el-dialogo-y-la-escucha-con-los-oidos-del-corazon\\\/#primaryimage\"},\"thumbnailUrl\":\"https:\\\/\\\/exaudi.org\\\/wp-content\\\/uploads\\\/2022\\\/05\\\/Papa-Francisco-audiencia-general-marzo-2020.jpeg\",\"keywords\":[\"papa francisco\",\"Per\u00fa\",\"Trending\"],\"articleSection\":[\"Iglesia y Mundo\"],\"inLanguage\":\"es\"},{\"@type\":\"WebPage\",\"@id\":\"https:\\\/\\\/exaudi.org\\\/es\\\/buscar-espacios-para-el-dialogo-y-la-escucha-con-los-oidos-del-corazon\\\/\",\"url\":\"https:\\\/\\\/exaudi.org\\\/es\\\/buscar-espacios-para-el-dialogo-y-la-escucha-con-los-oidos-del-corazon\\\/\",\"name\":\"Buscar espacios para el di\u00e1logo y la escucha con los o\u00eddos del coraz\u00f3n &#8211; Exaudi\",\"isPartOf\":{\"@id\":\"https:\\\/\\\/exaudi.org\\\/#website\"},\"primaryImageOfPage\":{\"@id\":\"https:\\\/\\\/exaudi.org\\\/es\\\/buscar-espacios-para-el-dialogo-y-la-escucha-con-los-oidos-del-corazon\\\/#primaryimage\"},\"image\":{\"@id\":\"https:\\\/\\\/exaudi.org\\\/es\\\/buscar-espacios-para-el-dialogo-y-la-escucha-con-los-oidos-del-corazon\\\/#primaryimage\"},\"thumbnailUrl\":\"https:\\\/\\\/exaudi.org\\\/wp-content\\\/uploads\\\/2022\\\/05\\\/Papa-Francisco-audiencia-general-marzo-2020.jpeg\",\"datePublished\":\"2022-05-26T10:53:14+00:00\",\"dateModified\":\"2022-05-26T11:06:02+00:00\",\"author\":{\"@id\":\"https:\\\/\\\/exaudi.org\\\/#\\\/schema\\\/person\\\/7105d7735b2bf8c31e7cf8784351ebbc\"},\"breadcrumb\":{\"@id\":\"https:\\\/\\\/exaudi.org\\\/es\\\/buscar-espacios-para-el-dialogo-y-la-escucha-con-los-oidos-del-corazon\\\/#breadcrumb\"},\"inLanguage\":\"es\",\"potentialAction\":[{\"@type\":\"ReadAction\",\"target\":[\"https:\\\/\\\/exaudi.org\\\/es\\\/buscar-espacios-para-el-dialogo-y-la-escucha-con-los-oidos-del-corazon\\\/\"]}]},{\"@type\":\"ImageObject\",\"inLanguage\":\"es\",\"@id\":\"https:\\\/\\\/exaudi.org\\\/es\\\/buscar-espacios-para-el-dialogo-y-la-escucha-con-los-oidos-del-corazon\\\/#primaryimage\",\"url\":\"https:\\\/\\\/exaudi.org\\\/wp-content\\\/uploads\\\/2022\\\/05\\\/Papa-Francisco-audiencia-general-marzo-2020.jpeg\",\"contentUrl\":\"https:\\\/\\\/exaudi.org\\\/wp-content\\\/uploads\\\/2022\\\/05\\\/Papa-Francisco-audiencia-general-marzo-2020.jpeg\",\"width\":800,\"height\":528,\"caption\":\"Papa Francisco, audiencia general marzo 2020 \u00a9 Vatican Media\"},{\"@type\":\"BreadcrumbList\",\"@id\":\"https:\\\/\\\/exaudi.org\\\/es\\\/buscar-espacios-para-el-dialogo-y-la-escucha-con-los-oidos-del-corazon\\\/#breadcrumb\",\"itemListElement\":[{\"@type\":\"ListItem\",\"position\":1,\"name\":\"Portada\",\"item\":\"https:\\\/\\\/exaudi.org\\\/es\\\/\"},{\"@type\":\"ListItem\",\"position\":2,\"name\":\"Buscar espacios para el di\u00e1logo y la escucha con los o\u00eddos del coraz\u00f3n\"}]},{\"@type\":\"WebSite\",\"@id\":\"https:\\\/\\\/exaudi.org\\\/#website\",\"url\":\"https:\\\/\\\/exaudi.org\\\/\",\"name\":\"Exaudi\",\"description\":\"News\",\"potentialAction\":[{\"@type\":\"SearchAction\",\"target\":{\"@type\":\"EntryPoint\",\"urlTemplate\":\"https:\\\/\\\/exaudi.org\\\/?s={search_term_string}\"},\"query-input\":{\"@type\":\"PropertyValueSpecification\",\"valueRequired\":true,\"valueName\":\"search_term_string\"}}],\"inLanguage\":\"es\"},{\"@type\":\"Person\",\"@id\":\"https:\\\/\\\/exaudi.org\\\/#\\\/schema\\\/person\\\/7105d7735b2bf8c31e7cf8784351ebbc\",\"name\":\"Esther N\u00fa\u00f1ez\",\"image\":{\"@type\":\"ImageObject\",\"inLanguage\":\"es\",\"@id\":\"https:\\\/\\\/secure.gravatar.com\\\/avatar\\\/856566533d218d9d7b852b03a545bc963463ade36cec448d0cba38a2d59be800?s=96&d=mm&r=g\",\"url\":\"https:\\\/\\\/secure.gravatar.com\\\/avatar\\\/856566533d218d9d7b852b03a545bc963463ade36cec448d0cba38a2d59be800?s=96&d=mm&r=g\",\"contentUrl\":\"https:\\\/\\\/secure.gravatar.com\\\/avatar\\\/856566533d218d9d7b852b03a545bc963463ade36cec448d0cba38a2d59be800?s=96&d=mm&r=g\",\"caption\":\"Esther N\u00fa\u00f1ez\"},\"description\":\"Lima, Per\u00fa Periodista colegiada con ejercicio de la profesi\u00f3n desde 2001. Licenciada en periodismo por la Universidad Jaime Bausate y Meza, de Lima. Estudios complementarios en Teolog\u00eda, Filosof\u00eda, Comunicaci\u00f3n Digital; as\u00ed como en Conducci\u00f3n de noticieros y producci\u00f3n audiovisual. Con preparaci\u00f3n adicional en doctrina social de la Iglesia, comunicaci\u00f3n institucional en el sector p\u00fablico y eclesial. Ha ejercido tareas como imagen institucional en la Oficina de Educaci\u00f3n de la Conferencia Episcopal Peruana. Asimismo, Jefa de prensa de un canal y editora de dos revistas impresas. Experiencia en la realizaci\u00f3n de talleres de redacci\u00f3n, as\u00ed como en corresponsal\u00edas de agencias y portales web, direcci\u00f3n, producci\u00f3n y conducci\u00f3n de programas de radio y televisi\u00f3n. Desde 2020 colabora como periodista en el Instituto de Radio y Televisi\u00f3n del Per\u00fa.\",\"url\":\"https:\\\/\\\/exaudi.org\\\/es\\\/author\\\/esthernunez\\\/\"}]}<\/script>\n<!-- \/ Yoast SEO plugin. -->","yoast_head_json":{"title":"Buscar espacios para el di\u00e1logo y la escucha con los o\u00eddos del coraz\u00f3n &#8211; Exaudi","robots":{"index":"index","follow":"follow","max-snippet":"max-snippet:-1","max-image-preview":"max-image-preview:large","max-video-preview":"max-video-preview:-1"},"canonical":"https:\/\/exaudi.org\/es\/buscar-espacios-para-el-dialogo-y-la-escucha-con-los-oidos-del-corazon\/","og_locale":"es_ES","og_type":"article","og_title":"Buscar espacios para el di\u00e1logo y la escucha con los o\u00eddos del coraz\u00f3n &#8211; Exaudi","og_description":"Desde el chat hasta el podcast","og_url":"https:\/\/exaudi.org\/es\/buscar-espacios-para-el-dialogo-y-la-escucha-con-los-oidos-del-corazon\/","og_site_name":"Exaudi","article_publisher":"https:\/\/www.facebook.com\/ExaudiNews","article_published_time":"2022-05-26T10:53:14+00:00","article_modified_time":"2022-05-26T11:06:02+00:00","og_image":[{"width":800,"height":528,"url":"https:\/\/exaudi.org\/wp-content\/uploads\/2022\/05\/Papa-Francisco-audiencia-general-marzo-2020.jpeg","type":"image\/jpeg"}],"author":"Esther N\u00fa\u00f1ez","twitter_card":"summary_large_image","twitter_creator":"@Exaudi_News","twitter_site":"@Exaudi_News","twitter_misc":{"Escrito por":"Esther N\u00fa\u00f1ez","Tiempo de lectura":"6 minutos"},"schema":{"@context":"https:\/\/schema.org","@graph":[{"@type":"Article","@id":"https:\/\/exaudi.org\/es\/buscar-espacios-para-el-dialogo-y-la-escucha-con-los-oidos-del-corazon\/#article","isPartOf":{"@id":"https:\/\/exaudi.org\/es\/buscar-espacios-para-el-dialogo-y-la-escucha-con-los-oidos-del-corazon\/"},"author":{"name":"Esther N\u00fa\u00f1ez","@id":"https:\/\/exaudi.org\/#\/schema\/person\/7105d7735b2bf8c31e7cf8784351ebbc"},"headline":"Buscar espacios para el di\u00e1logo y la escucha con los o\u00eddos del coraz\u00f3n","datePublished":"2022-05-26T10:53:14+00:00","dateModified":"2022-05-26T11:06:02+00:00","mainEntityOfPage":{"@id":"https:\/\/exaudi.org\/es\/buscar-espacios-para-el-dialogo-y-la-escucha-con-los-oidos-del-corazon\/"},"wordCount":1413,"image":{"@id":"https:\/\/exaudi.org\/es\/buscar-espacios-para-el-dialogo-y-la-escucha-con-los-oidos-del-corazon\/#primaryimage"},"thumbnailUrl":"https:\/\/exaudi.org\/wp-content\/uploads\/2022\/05\/Papa-Francisco-audiencia-general-marzo-2020.jpeg","keywords":["papa francisco","Per\u00fa","Trending"],"articleSection":["Iglesia y Mundo"],"inLanguage":"es"},{"@type":"WebPage","@id":"https:\/\/exaudi.org\/es\/buscar-espacios-para-el-dialogo-y-la-escucha-con-los-oidos-del-corazon\/","url":"https:\/\/exaudi.org\/es\/buscar-espacios-para-el-dialogo-y-la-escucha-con-los-oidos-del-corazon\/","name":"Buscar espacios para el di\u00e1logo y la escucha con los o\u00eddos del coraz\u00f3n &#8211; Exaudi","isPartOf":{"@id":"https:\/\/exaudi.org\/#website"},"primaryImageOfPage":{"@id":"https:\/\/exaudi.org\/es\/buscar-espacios-para-el-dialogo-y-la-escucha-con-los-oidos-del-corazon\/#primaryimage"},"image":{"@id":"https:\/\/exaudi.org\/es\/buscar-espacios-para-el-dialogo-y-la-escucha-con-los-oidos-del-corazon\/#primaryimage"},"thumbnailUrl":"https:\/\/exaudi.org\/wp-content\/uploads\/2022\/05\/Papa-Francisco-audiencia-general-marzo-2020.jpeg","datePublished":"2022-05-26T10:53:14+00:00","dateModified":"2022-05-26T11:06:02+00:00","author":{"@id":"https:\/\/exaudi.org\/#\/schema\/person\/7105d7735b2bf8c31e7cf8784351ebbc"},"breadcrumb":{"@id":"https:\/\/exaudi.org\/es\/buscar-espacios-para-el-dialogo-y-la-escucha-con-los-oidos-del-corazon\/#breadcrumb"},"inLanguage":"es","potentialAction":[{"@type":"ReadAction","target":["https:\/\/exaudi.org\/es\/buscar-espacios-para-el-dialogo-y-la-escucha-con-los-oidos-del-corazon\/"]}]},{"@type":"ImageObject","inLanguage":"es","@id":"https:\/\/exaudi.org\/es\/buscar-espacios-para-el-dialogo-y-la-escucha-con-los-oidos-del-corazon\/#primaryimage","url":"https:\/\/exaudi.org\/wp-content\/uploads\/2022\/05\/Papa-Francisco-audiencia-general-marzo-2020.jpeg","contentUrl":"https:\/\/exaudi.org\/wp-content\/uploads\/2022\/05\/Papa-Francisco-audiencia-general-marzo-2020.jpeg","width":800,"height":528,"caption":"Papa Francisco, audiencia general marzo 2020 \u00a9 Vatican Media"},{"@type":"BreadcrumbList","@id":"https:\/\/exaudi.org\/es\/buscar-espacios-para-el-dialogo-y-la-escucha-con-los-oidos-del-corazon\/#breadcrumb","itemListElement":[{"@type":"ListItem","position":1,"name":"Portada","item":"https:\/\/exaudi.org\/es\/"},{"@type":"ListItem","position":2,"name":"Buscar espacios para el di\u00e1logo y la escucha con los o\u00eddos del coraz\u00f3n"}]},{"@type":"WebSite","@id":"https:\/\/exaudi.org\/#website","url":"https:\/\/exaudi.org\/","name":"Exaudi","description":"News","potentialAction":[{"@type":"SearchAction","target":{"@type":"EntryPoint","urlTemplate":"https:\/\/exaudi.org\/?s={search_term_string}"},"query-input":{"@type":"PropertyValueSpecification","valueRequired":true,"valueName":"search_term_string"}}],"inLanguage":"es"},{"@type":"Person","@id":"https:\/\/exaudi.org\/#\/schema\/person\/7105d7735b2bf8c31e7cf8784351ebbc","name":"Esther N\u00fa\u00f1ez","image":{"@type":"ImageObject","inLanguage":"es","@id":"https:\/\/secure.gravatar.com\/avatar\/856566533d218d9d7b852b03a545bc963463ade36cec448d0cba38a2d59be800?s=96&d=mm&r=g","url":"https:\/\/secure.gravatar.com\/avatar\/856566533d218d9d7b852b03a545bc963463ade36cec448d0cba38a2d59be800?s=96&d=mm&r=g","contentUrl":"https:\/\/secure.gravatar.com\/avatar\/856566533d218d9d7b852b03a545bc963463ade36cec448d0cba38a2d59be800?s=96&d=mm&r=g","caption":"Esther N\u00fa\u00f1ez"},"description":"Lima, Per\u00fa Periodista colegiada con ejercicio de la profesi\u00f3n desde 2001. Licenciada en periodismo por la Universidad Jaime Bausate y Meza, de Lima. Estudios complementarios en Teolog\u00eda, Filosof\u00eda, Comunicaci\u00f3n Digital; as\u00ed como en Conducci\u00f3n de noticieros y producci\u00f3n audiovisual. Con preparaci\u00f3n adicional en doctrina social de la Iglesia, comunicaci\u00f3n institucional en el sector p\u00fablico y eclesial. Ha ejercido tareas como imagen institucional en la Oficina de Educaci\u00f3n de la Conferencia Episcopal Peruana. Asimismo, Jefa de prensa de un canal y editora de dos revistas impresas. Experiencia en la realizaci\u00f3n de talleres de redacci\u00f3n, as\u00ed como en corresponsal\u00edas de agencias y portales web, direcci\u00f3n, producci\u00f3n y conducci\u00f3n de programas de radio y televisi\u00f3n. Desde 2020 colabora como periodista en el Instituto de Radio y Televisi\u00f3n del Per\u00fa.","url":"https:\/\/exaudi.org\/es\/author\/esthernunez\/"}]}},"jetpack_featured_media_url":"https:\/\/exaudi.org\/wp-content\/uploads\/2022\/05\/Papa-Francisco-audiencia-general-marzo-2020.jpeg","jetpack_shortlink":"https:\/\/wp.me\/pgKjF2-eUN","_links":{"self":[{"href":"https:\/\/exaudi.org\/es\/wp-json\/wp\/v2\/posts\/57337","targetHints":{"allow":["GET"]}}],"collection":[{"href":"https:\/\/exaudi.org\/es\/wp-json\/wp\/v2\/posts"}],"about":[{"href":"https:\/\/exaudi.org\/es\/wp-json\/wp\/v2\/types\/post"}],"author":[{"embeddable":true,"href":"https:\/\/exaudi.org\/es\/wp-json\/wp\/v2\/users\/39"}],"replies":[{"embeddable":true,"href":"https:\/\/exaudi.org\/es\/wp-json\/wp\/v2\/comments?post=57337"}],"version-history":[{"count":0,"href":"https:\/\/exaudi.org\/es\/wp-json\/wp\/v2\/posts\/57337\/revisions"}],"wp:featuredmedia":[{"embeddable":true,"href":"https:\/\/exaudi.org\/es\/wp-json\/wp\/v2\/media\/57338"}],"wp:attachment":[{"href":"https:\/\/exaudi.org\/es\/wp-json\/wp\/v2\/media?parent=57337"}],"wp:term":[{"taxonomy":"category","embeddable":true,"href":"https:\/\/exaudi.org\/es\/wp-json\/wp\/v2\/categories?post=57337"},{"taxonomy":"post_tag","embeddable":true,"href":"https:\/\/exaudi.org\/es\/wp-json\/wp\/v2\/tags?post=57337"}],"curies":[{"name":"wp","href":"https:\/\/api.w.org\/{rel}","templated":true}]}}