{"id":57165,"date":"2022-05-22T16:33:49","date_gmt":"2022-05-22T14:33:49","guid":{"rendered":"https:\/\/exaudi.org\/?p=57165"},"modified":"2022-05-23T16:54:16","modified_gmt":"2022-05-23T14:54:16","slug":"semana-laudato-si-escuchar-con-mas-atencion-el-grito-de-la-tierra","status":"publish","type":"post","link":"https:\/\/exaudi.org\/es\/semana-laudato-si-escuchar-con-mas-atencion-el-grito-de-la-tierra\/","title":{"rendered":"Semana Laudato Si&#8217;: \u201cEscuchar con m\u00e1s atenci\u00f3n el grito de la Tierra\u201d"},"content":{"rendered":"<p>\u201cHoy comienza la <a href=\"https:\/\/exaudi.org\/es\/la-semana-laudato-si-crear-una-masa-social-critica-y-proteger-nuestra-casa-comun\/\" target=\"_blank\" rel=\"noopener\">Semana\u00a0<em>Laudato Si&#8217;<\/em><\/a>, para escuchar cada vez con m\u00e1s atenci\u00f3n el grito de la Tierra, que nos urge a actuar juntos para cuidar nuestra casa com\u00fan\u201d, dijo hoy el Papa Francisco tras el rezo del\u00a0<a href=\"https:\/\/exaudi.org\/es\/regina-coeli-no-se-puede-dar-paz-si-no-se-esta-en-paz\/\" target=\"_blank\" rel=\"noopener\"><em>Regina Coeli<\/em>\u00a0<\/a>de este domingo, 22 de mayo de 2022, con los fieles y peregrinos reunidos en la Plaza de San Pedro.<\/p>\n<p>El Papa record\u00f3 la beatificaci\u00f3n de <a href=\"https:\/\/paulinejaricot.opm-france.org\/une-ame-de-feu\/?lang=es\" target=\"_blank\" rel=\"noopener\">Pauline Marie Jaricot<\/a>, fundadora de la Obra de la Propagaci\u00f3n de la Fe, para el sostenimiento de las misiones, esta tarde en Lyon.<\/p>\n<p>Finalmente, salud\u00f3 a todos los fieles y peregrinos reunidos en la plaza de San Pedro, dese\u00e1ndoles un feliz domingo.<\/p>\n<p>A continuaci\u00f3n, siguen las palabras del Papa despu\u00e9s del Regina Coeli, ofrecidas por la Oficina de Prensa de la Santa Sede:<\/p>\n<p>***<\/p>\n<h4><strong>Palabras del Papa<\/strong><\/h4>\n<p>Queridos hermanos y hermanas:<\/p>\n<p>Esta tarde, en Lyon, ser\u00e1 beatificada Pauline Marie Jaricot, fundadora de la Obra de la Propagaci\u00f3n de la Fe, para el sostenimiento de las misiones. Esta fiel laica, que vivi\u00f3 en la primera mitad del siglo XIX, fue una mujer valiente, atenta a los cambios de los tiempos y con una visi\u00f3n universal de la misi\u00f3n de la Iglesia. Que su ejemplo suscite en todos el deseo de participar, con la oraci\u00f3n y la caridad, en la difusi\u00f3n del Evangelio en el mundo. \u00a1Un aplauso para la nueva Beata!<\/p>\n<p>Hoy comienza la Semana\u00a0<em>Laudato Si&#8217;<\/em>, para escuchar cada vez con m\u00e1s atenci\u00f3n el grito de la Tierra, que nos urge a actuar juntos para cuidar nuestra casa com\u00fan. Doy las gracias al Dicasterio para el Servicio del Desarrollo Humano Integral y a las numerosas organizaciones participantes, e invito a todos a tomar parte.<\/p>\n<p>El pr\u00f3ximo martes se celebra la Memoria de la Sant\u00edsima Virgen Mar\u00eda Auxilio de los Cristianos, especialmente querida por los cat\u00f3licos de China, que veneran a la Auxiliadora como su Patrona en el Santuario de Sheshan, en Shanghai, en numerosas iglesias del pa\u00eds y en sus hogares. Esta feliz circunstancia me ofrece la ocasi\u00f3n para renovarles la seguridad de mi cercan\u00eda espiritual; sigo con atenci\u00f3n y participaci\u00f3n la vida y las vicisitudes de los fieles y los pastores, a menudo complejas, y rezo por ellos cada d\u00eda. Los invito a unirse a esta oraci\u00f3n, para que la Iglesia en China, en libertad y tranquilidad, pueda vivir en comuni\u00f3n efectiva con la Iglesia universal y ejercitar su misi\u00f3n de anuncio del Evangelio a todos, ofreciendo as\u00ed tambi\u00e9n una contribuci\u00f3n positiva al progreso espiritual y material de la sociedad.<\/p>\n<p>Y saludo a todos, romanos y peregrinos de Italia y de muchos pa\u00edses. En particular, saludo a los fieles de Espa\u00f1a, Portugal, Francia, B\u00e9lgica, Polonia y Puerto Rico; a los sacerdotes de Ecuador; a la comunidad Ema\u00fas de Foggia; a los voluntarios del\u00a0<em>Soccorso di Saint-Pierre<\/em>\u00a0(Aosta), a los estudiantes de Verona y a los j\u00f3venes de Sombreno, di\u00f3cesis de B\u00e9rgamo.<\/p>\n<p>Saludo a cuantos han participado en Roma en el evento nacional \u201cElijamos la vida\u201d. Les agradezco su compromiso en favor de la vida y en defensa de la objeci\u00f3n de conciencia, cuyo ejercicio se intenta limitar a menudo. Por desgracia, en los \u00faltimos a\u00f1os se ha producido un cambio en la mentalidad com\u00fan, y hoy en d\u00eda nos inclinamos cada vez m\u00e1s a pensar que la vida es un bien a nuestra total disposici\u00f3n, que podemos elegir manipular, hacer nacer o morir a nuestro gusto, como resultado exclusivo de una elecci\u00f3n individual. \u00a1Recordemos que la vida es un don de Dios! Siempre es sagrada e inviolable, y no podemos silenciar la voz de la conciencia.<\/p>\n<p>\u00a1Feliz domingo a todos! Por favor, no se olviden de rezar por m\u00ed. Buen almuerzo y hasta pronto.<\/p>\n<p>&nbsp;<\/p>\n","protected":false},"excerpt":{"rendered":"<p>Palabras del Papa despu\u00e9s de la oraci\u00f3n mariana<\/p>\n","protected":false},"author":15,"featured_media":57173,"comment_status":"closed","ping_status":"closed","sticky":false,"template":"","format":"standard","meta":{"_acf_changed":false,"_crdt_document":"","inline_featured_image":false,"footnotes":""},"categories":[1387],"tags":[6307,4953],"class_list":["post-57165","post","type-post","status-publish","format-standard","has-post-thumbnail","hentry","category-regina-coeli-es","tag-regina-coeli-22-mayo-2022","tag-trending-es"],"acf":[],"yoast_head":"<!-- This site is optimized with the Yoast SEO plugin v27.5 - https:\/\/yoast.com\/product\/yoast-seo-wordpress\/ -->\n<title>Semana Laudato Si&#039;: \u201cEscuchar con m\u00e1s atenci\u00f3n el grito de la Tierra\u201d &#8211; Exaudi<\/title>\n<meta name=\"robots\" content=\"index, follow, max-snippet:-1, max-image-preview:large, max-video-preview:-1\" \/>\n<link rel=\"canonical\" href=\"https:\/\/exaudi.org\/es\/semana-laudato-si-escuchar-con-mas-atencion-el-grito-de-la-tierra\/\" \/>\n<meta property=\"og:locale\" content=\"es_ES\" \/>\n<meta property=\"og:type\" content=\"article\" \/>\n<meta property=\"og:title\" content=\"Semana Laudato Si&#039;: \u201cEscuchar con m\u00e1s atenci\u00f3n el grito de la Tierra\u201d &#8211; Exaudi\" \/>\n<meta property=\"og:description\" content=\"Palabras del Papa despu\u00e9s de la oraci\u00f3n mariana\" \/>\n<meta property=\"og:url\" content=\"https:\/\/exaudi.org\/es\/semana-laudato-si-escuchar-con-mas-atencion-el-grito-de-la-tierra\/\" \/>\n<meta property=\"og:site_name\" content=\"Exaudi\" \/>\n<meta property=\"article:publisher\" content=\"https:\/\/www.facebook.com\/ExaudiNews\" \/>\n<meta property=\"article:author\" content=\"https:\/\/www.facebook.com\/ExaudiNoticias\/\" \/>\n<meta property=\"article:published_time\" content=\"2022-05-22T14:33:49+00:00\" \/>\n<meta property=\"article:modified_time\" content=\"2022-05-23T14:54:16+00:00\" \/>\n<meta property=\"og:image\" content=\"https:\/\/exaudi.org\/wp-content\/uploads\/2022\/05\/Regina-Coeli-22-mayo-20221-scaled.jpg\" \/>\n\t<meta property=\"og:image:width\" content=\"2560\" \/>\n\t<meta property=\"og:image:height\" content=\"1707\" \/>\n\t<meta property=\"og:image:type\" content=\"image\/jpeg\" \/>\n<meta name=\"author\" content=\"Exaudi Redacci\u00f3n\" \/>\n<meta name=\"twitter:card\" content=\"summary_large_image\" \/>\n<meta name=\"twitter:creator\" content=\"@Exaudi_noticias\" \/>\n<meta name=\"twitter:site\" content=\"@Exaudi_News\" \/>\n<meta name=\"twitter:label1\" content=\"Escrito por\" \/>\n\t<meta name=\"twitter:data1\" content=\"Exaudi Redacci\u00f3n\" \/>\n\t<meta name=\"twitter:label2\" content=\"Tiempo de lectura\" \/>\n\t<meta name=\"twitter:data2\" content=\"3 minutos\" \/>\n<script type=\"application\/ld+json\" class=\"yoast-schema-graph\">{\"@context\":\"https:\\\/\\\/schema.org\",\"@graph\":[{\"@type\":\"Article\",\"@id\":\"https:\\\/\\\/exaudi.org\\\/es\\\/semana-laudato-si-escuchar-con-mas-atencion-el-grito-de-la-tierra\\\/#article\",\"isPartOf\":{\"@id\":\"https:\\\/\\\/exaudi.org\\\/es\\\/semana-laudato-si-escuchar-con-mas-atencion-el-grito-de-la-tierra\\\/\"},\"author\":{\"name\":\"Exaudi Redacci\u00f3n\",\"@id\":\"https:\\\/\\\/exaudi.org\\\/#\\\/schema\\\/person\\\/f5fc8f063065e38742da7afe15f25df7\"},\"headline\":\"Semana Laudato Si&#8217;: \u201cEscuchar con m\u00e1s atenci\u00f3n el grito de la Tierra\u201d\",\"datePublished\":\"2022-05-22T14:33:49+00:00\",\"dateModified\":\"2022-05-23T14:54:16+00:00\",\"mainEntityOfPage\":{\"@id\":\"https:\\\/\\\/exaudi.org\\\/es\\\/semana-laudato-si-escuchar-con-mas-atencion-el-grito-de-la-tierra\\\/\"},\"wordCount\":668,\"image\":{\"@id\":\"https:\\\/\\\/exaudi.org\\\/es\\\/semana-laudato-si-escuchar-con-mas-atencion-el-grito-de-la-tierra\\\/#primaryimage\"},\"thumbnailUrl\":\"https:\\\/\\\/exaudi.org\\\/wp-content\\\/uploads\\\/2022\\\/05\\\/Regina-Coeli-22-mayo-20221-scaled.jpg\",\"keywords\":[\"Regina Coeli 22 mayo 2022\",\"Trending\"],\"articleSection\":[\"Regina Coeli\"],\"inLanguage\":\"es\"},{\"@type\":\"WebPage\",\"@id\":\"https:\\\/\\\/exaudi.org\\\/es\\\/semana-laudato-si-escuchar-con-mas-atencion-el-grito-de-la-tierra\\\/\",\"url\":\"https:\\\/\\\/exaudi.org\\\/es\\\/semana-laudato-si-escuchar-con-mas-atencion-el-grito-de-la-tierra\\\/\",\"name\":\"Semana Laudato Si': \u201cEscuchar con m\u00e1s atenci\u00f3n el grito de la Tierra\u201d &#8211; Exaudi\",\"isPartOf\":{\"@id\":\"https:\\\/\\\/exaudi.org\\\/#website\"},\"primaryImageOfPage\":{\"@id\":\"https:\\\/\\\/exaudi.org\\\/es\\\/semana-laudato-si-escuchar-con-mas-atencion-el-grito-de-la-tierra\\\/#primaryimage\"},\"image\":{\"@id\":\"https:\\\/\\\/exaudi.org\\\/es\\\/semana-laudato-si-escuchar-con-mas-atencion-el-grito-de-la-tierra\\\/#primaryimage\"},\"thumbnailUrl\":\"https:\\\/\\\/exaudi.org\\\/wp-content\\\/uploads\\\/2022\\\/05\\\/Regina-Coeli-22-mayo-20221-scaled.jpg\",\"datePublished\":\"2022-05-22T14:33:49+00:00\",\"dateModified\":\"2022-05-23T14:54:16+00:00\",\"author\":{\"@id\":\"https:\\\/\\\/exaudi.org\\\/#\\\/schema\\\/person\\\/f5fc8f063065e38742da7afe15f25df7\"},\"breadcrumb\":{\"@id\":\"https:\\\/\\\/exaudi.org\\\/es\\\/semana-laudato-si-escuchar-con-mas-atencion-el-grito-de-la-tierra\\\/#breadcrumb\"},\"inLanguage\":\"es\",\"potentialAction\":[{\"@type\":\"ReadAction\",\"target\":[\"https:\\\/\\\/exaudi.org\\\/es\\\/semana-laudato-si-escuchar-con-mas-atencion-el-grito-de-la-tierra\\\/\"]}]},{\"@type\":\"ImageObject\",\"inLanguage\":\"es\",\"@id\":\"https:\\\/\\\/exaudi.org\\\/es\\\/semana-laudato-si-escuchar-con-mas-atencion-el-grito-de-la-tierra\\\/#primaryimage\",\"url\":\"https:\\\/\\\/exaudi.org\\\/wp-content\\\/uploads\\\/2022\\\/05\\\/Regina-Coeli-22-mayo-20221-scaled.jpg\",\"contentUrl\":\"https:\\\/\\\/exaudi.org\\\/wp-content\\\/uploads\\\/2022\\\/05\\\/Regina-Coeli-22-mayo-20221-scaled.jpg\",\"width\":2560,\"height\":1707,\"caption\":\"Regina Coeli 22 mayo 2022 \u00a9 Vatican Media\"},{\"@type\":\"BreadcrumbList\",\"@id\":\"https:\\\/\\\/exaudi.org\\\/es\\\/semana-laudato-si-escuchar-con-mas-atencion-el-grito-de-la-tierra\\\/#breadcrumb\",\"itemListElement\":[{\"@type\":\"ListItem\",\"position\":1,\"name\":\"Portada\",\"item\":\"https:\\\/\\\/exaudi.org\\\/es\\\/\"},{\"@type\":\"ListItem\",\"position\":2,\"name\":\"Semana Laudato Si&#8217;: \u201cEscuchar con m\u00e1s atenci\u00f3n el grito de la Tierra\u201d\"}]},{\"@type\":\"WebSite\",\"@id\":\"https:\\\/\\\/exaudi.org\\\/#website\",\"url\":\"https:\\\/\\\/exaudi.org\\\/\",\"name\":\"Exaudi\",\"description\":\"News\",\"potentialAction\":[{\"@type\":\"SearchAction\",\"target\":{\"@type\":\"EntryPoint\",\"urlTemplate\":\"https:\\\/\\\/exaudi.org\\\/?s={search_term_string}\"},\"query-input\":{\"@type\":\"PropertyValueSpecification\",\"valueRequired\":true,\"valueName\":\"search_term_string\"}}],\"inLanguage\":\"es\"},{\"@type\":\"Person\",\"@id\":\"https:\\\/\\\/exaudi.org\\\/#\\\/schema\\\/person\\\/f5fc8f063065e38742da7afe15f25df7\",\"name\":\"Exaudi Redacci\u00f3n\",\"image\":{\"@type\":\"ImageObject\",\"inLanguage\":\"es\",\"@id\":\"https:\\\/\\\/secure.gravatar.com\\\/avatar\\\/fe0f6a059fb68d9b3e11bc5850dd4899b1c7492091a3cb6dd9b01b56ad828be2?s=96&d=mm&r=g\",\"url\":\"https:\\\/\\\/secure.gravatar.com\\\/avatar\\\/fe0f6a059fb68d9b3e11bc5850dd4899b1c7492091a3cb6dd9b01b56ad828be2?s=96&d=mm&r=g\",\"contentUrl\":\"https:\\\/\\\/secure.gravatar.com\\\/avatar\\\/fe0f6a059fb68d9b3e11bc5850dd4899b1c7492091a3cb6dd9b01b56ad828be2?s=96&d=mm&r=g\",\"caption\":\"Exaudi Redacci\u00f3n\"},\"description\":\"\u00bfQu\u00e9 es Exaudi News? Exaudi News es un medio de comunicaci\u00f3n cat\u00f3lico internacional que informa, forma y transforma, diariamente en espa\u00f1ol, ingl\u00e9s e italiano. A trav\u00e9s de noticias, art\u00edculos de an\u00e1lisis y transmisiones en directo de los eventos del Papa, Exaudi busca fortalecer la unidad de los cristianos y contribuir a la evangelizaci\u00f3n del mundo, siempre guiados por la doctrina social de la Iglesia. Trabajamos para acercar la verdad y los valores cristianos a cada rinc\u00f3n del planeta. \u00a1Ay\u00fadanos a transformar el mundo con Exaudi! En Exaudi creemos que la evangelizaci\u00f3n y la informaci\u00f3n de calidad pueden cambiar vidas. Para continuar con nuestra misi\u00f3n y expandir nuestro alcance, necesitamos tu ayuda. Adem\u00e1s, buscamos personas comprometidas que deseen unirse a nuestro equipo. Con tu apoyo, lograremos llegar a m\u00e1s personas, difundir el mensaje de Cristo y reforzar la unidad de los cristianos. \u00bfTe unes a nuestra misi\u00f3n? Para m\u00e1s informaci\u00f3n sobre c\u00f3mo colaborar, visita Exaudi.org\\\/es o cont\u00e1ctanos directamente: info@exaudi.org Exaudi: Informa, forma y transforma.\",\"sameAs\":[\"https:\\\/\\\/www.facebook.com\\\/ExaudiNoticias\\\/\",\"https:\\\/\\\/www.instagram.com\\\/exaudi_noticias\\\/\",\"https:\\\/\\\/x.com\\\/Exaudi_noticias\",\"https:\\\/\\\/www.youtube.com\\\/@exaudicatholicnews\"],\"url\":\"https:\\\/\\\/exaudi.org\\\/es\\\/author\\\/redaccionexaudi\\\/\"}]}<\/script>\n<!-- \/ Yoast SEO plugin. -->","yoast_head_json":{"title":"Semana Laudato Si': \u201cEscuchar con m\u00e1s atenci\u00f3n el grito de la Tierra\u201d &#8211; Exaudi","robots":{"index":"index","follow":"follow","max-snippet":"max-snippet:-1","max-image-preview":"max-image-preview:large","max-video-preview":"max-video-preview:-1"},"canonical":"https:\/\/exaudi.org\/es\/semana-laudato-si-escuchar-con-mas-atencion-el-grito-de-la-tierra\/","og_locale":"es_ES","og_type":"article","og_title":"Semana Laudato Si': \u201cEscuchar con m\u00e1s atenci\u00f3n el grito de la Tierra\u201d &#8211; Exaudi","og_description":"Palabras del Papa despu\u00e9s de la oraci\u00f3n mariana","og_url":"https:\/\/exaudi.org\/es\/semana-laudato-si-escuchar-con-mas-atencion-el-grito-de-la-tierra\/","og_site_name":"Exaudi","article_publisher":"https:\/\/www.facebook.com\/ExaudiNews","article_author":"https:\/\/www.facebook.com\/ExaudiNoticias\/","article_published_time":"2022-05-22T14:33:49+00:00","article_modified_time":"2022-05-23T14:54:16+00:00","og_image":[{"width":2560,"height":1707,"url":"https:\/\/exaudi.org\/wp-content\/uploads\/2022\/05\/Regina-Coeli-22-mayo-20221-scaled.jpg","type":"image\/jpeg"}],"author":"Exaudi Redacci\u00f3n","twitter_card":"summary_large_image","twitter_creator":"@Exaudi_noticias","twitter_site":"@Exaudi_News","twitter_misc":{"Escrito por":"Exaudi Redacci\u00f3n","Tiempo de lectura":"3 minutos"},"schema":{"@context":"https:\/\/schema.org","@graph":[{"@type":"Article","@id":"https:\/\/exaudi.org\/es\/semana-laudato-si-escuchar-con-mas-atencion-el-grito-de-la-tierra\/#article","isPartOf":{"@id":"https:\/\/exaudi.org\/es\/semana-laudato-si-escuchar-con-mas-atencion-el-grito-de-la-tierra\/"},"author":{"name":"Exaudi Redacci\u00f3n","@id":"https:\/\/exaudi.org\/#\/schema\/person\/f5fc8f063065e38742da7afe15f25df7"},"headline":"Semana Laudato Si&#8217;: \u201cEscuchar con m\u00e1s atenci\u00f3n el grito de la Tierra\u201d","datePublished":"2022-05-22T14:33:49+00:00","dateModified":"2022-05-23T14:54:16+00:00","mainEntityOfPage":{"@id":"https:\/\/exaudi.org\/es\/semana-laudato-si-escuchar-con-mas-atencion-el-grito-de-la-tierra\/"},"wordCount":668,"image":{"@id":"https:\/\/exaudi.org\/es\/semana-laudato-si-escuchar-con-mas-atencion-el-grito-de-la-tierra\/#primaryimage"},"thumbnailUrl":"https:\/\/exaudi.org\/wp-content\/uploads\/2022\/05\/Regina-Coeli-22-mayo-20221-scaled.jpg","keywords":["Regina Coeli 22 mayo 2022","Trending"],"articleSection":["Regina Coeli"],"inLanguage":"es"},{"@type":"WebPage","@id":"https:\/\/exaudi.org\/es\/semana-laudato-si-escuchar-con-mas-atencion-el-grito-de-la-tierra\/","url":"https:\/\/exaudi.org\/es\/semana-laudato-si-escuchar-con-mas-atencion-el-grito-de-la-tierra\/","name":"Semana Laudato Si': \u201cEscuchar con m\u00e1s atenci\u00f3n el grito de la Tierra\u201d &#8211; Exaudi","isPartOf":{"@id":"https:\/\/exaudi.org\/#website"},"primaryImageOfPage":{"@id":"https:\/\/exaudi.org\/es\/semana-laudato-si-escuchar-con-mas-atencion-el-grito-de-la-tierra\/#primaryimage"},"image":{"@id":"https:\/\/exaudi.org\/es\/semana-laudato-si-escuchar-con-mas-atencion-el-grito-de-la-tierra\/#primaryimage"},"thumbnailUrl":"https:\/\/exaudi.org\/wp-content\/uploads\/2022\/05\/Regina-Coeli-22-mayo-20221-scaled.jpg","datePublished":"2022-05-22T14:33:49+00:00","dateModified":"2022-05-23T14:54:16+00:00","author":{"@id":"https:\/\/exaudi.org\/#\/schema\/person\/f5fc8f063065e38742da7afe15f25df7"},"breadcrumb":{"@id":"https:\/\/exaudi.org\/es\/semana-laudato-si-escuchar-con-mas-atencion-el-grito-de-la-tierra\/#breadcrumb"},"inLanguage":"es","potentialAction":[{"@type":"ReadAction","target":["https:\/\/exaudi.org\/es\/semana-laudato-si-escuchar-con-mas-atencion-el-grito-de-la-tierra\/"]}]},{"@type":"ImageObject","inLanguage":"es","@id":"https:\/\/exaudi.org\/es\/semana-laudato-si-escuchar-con-mas-atencion-el-grito-de-la-tierra\/#primaryimage","url":"https:\/\/exaudi.org\/wp-content\/uploads\/2022\/05\/Regina-Coeli-22-mayo-20221-scaled.jpg","contentUrl":"https:\/\/exaudi.org\/wp-content\/uploads\/2022\/05\/Regina-Coeli-22-mayo-20221-scaled.jpg","width":2560,"height":1707,"caption":"Regina Coeli 22 mayo 2022 \u00a9 Vatican Media"},{"@type":"BreadcrumbList","@id":"https:\/\/exaudi.org\/es\/semana-laudato-si-escuchar-con-mas-atencion-el-grito-de-la-tierra\/#breadcrumb","itemListElement":[{"@type":"ListItem","position":1,"name":"Portada","item":"https:\/\/exaudi.org\/es\/"},{"@type":"ListItem","position":2,"name":"Semana Laudato Si&#8217;: \u201cEscuchar con m\u00e1s atenci\u00f3n el grito de la Tierra\u201d"}]},{"@type":"WebSite","@id":"https:\/\/exaudi.org\/#website","url":"https:\/\/exaudi.org\/","name":"Exaudi","description":"News","potentialAction":[{"@type":"SearchAction","target":{"@type":"EntryPoint","urlTemplate":"https:\/\/exaudi.org\/?s={search_term_string}"},"query-input":{"@type":"PropertyValueSpecification","valueRequired":true,"valueName":"search_term_string"}}],"inLanguage":"es"},{"@type":"Person","@id":"https:\/\/exaudi.org\/#\/schema\/person\/f5fc8f063065e38742da7afe15f25df7","name":"Exaudi Redacci\u00f3n","image":{"@type":"ImageObject","inLanguage":"es","@id":"https:\/\/secure.gravatar.com\/avatar\/fe0f6a059fb68d9b3e11bc5850dd4899b1c7492091a3cb6dd9b01b56ad828be2?s=96&d=mm&r=g","url":"https:\/\/secure.gravatar.com\/avatar\/fe0f6a059fb68d9b3e11bc5850dd4899b1c7492091a3cb6dd9b01b56ad828be2?s=96&d=mm&r=g","contentUrl":"https:\/\/secure.gravatar.com\/avatar\/fe0f6a059fb68d9b3e11bc5850dd4899b1c7492091a3cb6dd9b01b56ad828be2?s=96&d=mm&r=g","caption":"Exaudi Redacci\u00f3n"},"description":"\u00bfQu\u00e9 es Exaudi News? Exaudi News es un medio de comunicaci\u00f3n cat\u00f3lico internacional que informa, forma y transforma, diariamente en espa\u00f1ol, ingl\u00e9s e italiano. A trav\u00e9s de noticias, art\u00edculos de an\u00e1lisis y transmisiones en directo de los eventos del Papa, Exaudi busca fortalecer la unidad de los cristianos y contribuir a la evangelizaci\u00f3n del mundo, siempre guiados por la doctrina social de la Iglesia. Trabajamos para acercar la verdad y los valores cristianos a cada rinc\u00f3n del planeta. \u00a1Ay\u00fadanos a transformar el mundo con Exaudi! En Exaudi creemos que la evangelizaci\u00f3n y la informaci\u00f3n de calidad pueden cambiar vidas. Para continuar con nuestra misi\u00f3n y expandir nuestro alcance, necesitamos tu ayuda. Adem\u00e1s, buscamos personas comprometidas que deseen unirse a nuestro equipo. Con tu apoyo, lograremos llegar a m\u00e1s personas, difundir el mensaje de Cristo y reforzar la unidad de los cristianos. \u00bfTe unes a nuestra misi\u00f3n? Para m\u00e1s informaci\u00f3n sobre c\u00f3mo colaborar, visita Exaudi.org\/es o cont\u00e1ctanos directamente: info@exaudi.org Exaudi: Informa, forma y transforma.","sameAs":["https:\/\/www.facebook.com\/ExaudiNoticias\/","https:\/\/www.instagram.com\/exaudi_noticias\/","https:\/\/x.com\/Exaudi_noticias","https:\/\/www.youtube.com\/@exaudicatholicnews"],"url":"https:\/\/exaudi.org\/es\/author\/redaccionexaudi\/"}]}},"jetpack_featured_media_url":"https:\/\/exaudi.org\/wp-content\/uploads\/2022\/05\/Regina-Coeli-22-mayo-20221-scaled.jpg","jetpack_shortlink":"https:\/\/wp.me\/pgKjF2-eS1","_links":{"self":[{"href":"https:\/\/exaudi.org\/es\/wp-json\/wp\/v2\/posts\/57165","targetHints":{"allow":["GET"]}}],"collection":[{"href":"https:\/\/exaudi.org\/es\/wp-json\/wp\/v2\/posts"}],"about":[{"href":"https:\/\/exaudi.org\/es\/wp-json\/wp\/v2\/types\/post"}],"author":[{"embeddable":true,"href":"https:\/\/exaudi.org\/es\/wp-json\/wp\/v2\/users\/15"}],"replies":[{"embeddable":true,"href":"https:\/\/exaudi.org\/es\/wp-json\/wp\/v2\/comments?post=57165"}],"version-history":[{"count":0,"href":"https:\/\/exaudi.org\/es\/wp-json\/wp\/v2\/posts\/57165\/revisions"}],"wp:featuredmedia":[{"embeddable":true,"href":"https:\/\/exaudi.org\/es\/wp-json\/wp\/v2\/media\/57173"}],"wp:attachment":[{"href":"https:\/\/exaudi.org\/es\/wp-json\/wp\/v2\/media?parent=57165"}],"wp:term":[{"taxonomy":"category","embeddable":true,"href":"https:\/\/exaudi.org\/es\/wp-json\/wp\/v2\/categories?post=57165"},{"taxonomy":"post_tag","embeddable":true,"href":"https:\/\/exaudi.org\/es\/wp-json\/wp\/v2\/tags?post=57165"}],"curies":[{"name":"wp","href":"https:\/\/api.w.org\/{rel}","templated":true}]}}