{"id":57010,"date":"2022-05-18T18:03:26","date_gmt":"2022-05-18T16:03:26","guid":{"rendered":"https:\/\/exaudi.org\/?p=57010"},"modified":"2022-05-18T18:03:26","modified_gmt":"2022-05-18T16:03:26","slug":"cardenal-arizmendi-el-gobierno-no-es-dueno-de-la-educacion","status":"publish","type":"post","link":"https:\/\/exaudi.org\/es\/cardenal-arizmendi-el-gobierno-no-es-dueno-de-la-educacion\/","title":{"rendered":"Cardenal Arizmendi: El Gobierno no es due\u00f1o de la educaci\u00f3n"},"content":{"rendered":"<p>El\u00a0<a href=\"https:\/\/exaudi.org\/es\/author\/felipearizmendi\/\">cardenal Felipe Arizmendi<\/a>, obispo em\u00e9rito de San Crist\u00f3bal de Las Casas y responsable de la Doctrina de la Fe en la\u00a0<a href=\"https:\/\/www.cem.org.mx\/\">Conferencia del Episcopado Mexicano (CEM)<\/a>, ofrece a los lectores de Exaudi su art\u00edculo semanal titulado \u201cEl Gobierno no es due\u00f1o de la\u00a0 Educaci\u00f3n\u201d.<\/p>\n<p>***<\/p>\n<p><strong>MIRAR<\/strong><\/p>\n<p>Estamos preocupados porque el gobierno federal est\u00e1 llevando a cabo lo decretado en 2019, en orden a lo que llama <em>La nueva escuela mexicana. <\/em>Para ello, ha decidido hacer unos cambios importantes, orientados a una <em>nueva organizaci\u00f3n acad\u00e9mica <\/em>y presentando <em>nuevos contenidos<\/em> en los textos escolares, que ser\u00e1n vigentes en todas las escuelas p\u00fablicas y privadas, a partir del pr\u00f3ximo curso escolar, como <em>nuevo modelo educativo<\/em>. A los grados acad\u00e9micos conocidos tradicionalmente como primero, segundo, tercero, etc. de Primaria y Secundaria, se les distribuir\u00e1 ahora en <em>seis fases continuas <\/em>desde Preescolar hasta Secundaria, con nuevos nombres. No s\u00e9 si esto vaya a generar problemas a quienes deben ir a otros pa\u00edses a estudiar. Al Maestro no se le considera m\u00e1s como <em>docente, <\/em>sino como <em>l\u00edder comunitario y social. <\/em>Los mismos alumnos har\u00e1n sus <em>evaluaciones acad\u00e9micas de aprendizaje,<\/em> no los profesores\u2026 El centro de este modelo educativo no es el alumno, sino la comunidad.<\/p>\n<p>Se califica el anterior modelo educativo como <em>neoliberal, meritocr\u00e1tico, conductista, elitista, punitivo, patriarcal, racista, competencial, euroc\u00e9ntrico, colonial, inhumano y racista\u2026 <\/em>No s\u00e9 si maestras y maestros est\u00e9n de acuerdo con ello, pues estos ep\u00edtetos, propios de esta era gubernamental, son muy ofensivos para ellos. Se afirma que, ahora, la educaci\u00f3n ser\u00e1 m\u00e1s humanista, orientada a la solidaridad social y al amor al pr\u00f3jimo, y, de esta forma, convertirse en un <em>espacio de transformaci\u00f3n social\u2026 <\/em>Hay que ver si estos buenos deseos tienen cimientos s\u00f3lidos, o son pura apariencia. Pareciera que todo lo anterior es nocivo y que s\u00f3lo con este gobierno lleg\u00f3 la salvaci\u00f3n del pa\u00eds. \u00a1Y que haya muchos que as\u00ed lo creen!<\/p>\n<p>En los reg\u00edmenes democr\u00e1ticos, los gobiernos toman muy en cuenta a los padres de familia, que son los primeros responsables de la educaci\u00f3n de sus hijos. Este es un derecho natural, no religioso. En los sistemas totalitarios, son los afines en ideolog\u00eda al gobierno en turno quienes hacen y deshacen la educaci\u00f3n, sin tomar en cuenta a los padres de familia; son los adictos a quienes presiden los gobiernos, los que, cuanto \u00e9stos les preguntan qu\u00e9 hora es, responden servilmente: <em>la que usted diga, se\u00f1or\u2026<\/em><\/p>\n<p><strong>DISCERNIR<\/strong><\/p>\n<p>El Concilio Vaticano II (1962-65), en su Declaraci\u00f3n <em>Gravissimum educationis <\/em>sobre la educaci\u00f3n, afirma: <em>\u201cTodos los hombres de cualquier raza, condici\u00f3n y edad, por poseer la dignidad de persona, tienen derecho inalienable a una educaci\u00f3n que responda al propio fin, al propio car\u00e1cter, al diferente sexo, y acomodada a la cultura y a las tradiciones patrias, y, al mismo tiempo, abierta a las relaciones fraternas con otros pueblos, para fomentar en la tierra la unidad verdadera y la paz. Mas la verdadera educaci\u00f3n se propone la formaci\u00f3n de la persona humana en orden a su fin \u00faltimo y al bien de las sociedades, de las que el hombre es miembro y en cuyas responsabilidades participar\u00e1 cuanto llegue a ser adulto.<\/em><\/p>\n<p><em>Hay que ayudar, pues, a los ni\u00f1os y a los adolescentes, teniendo en cuenta el progreso de la psicolog\u00eda, de la pedagog\u00eda y la did\u00e1ctica, a desarrollar armoniosamente sus condiciones f\u00edsicas, morales a intelectuales, a fin de que adquieran gradualmente un sentido m\u00e1s perfecto de la responsabilidad en el recto y continuo desarrollo de la propia vida y en la consecuci\u00f3n de la verdadera libertad, superando los obst\u00e1culos con grandeza y constancia de alma. Hay que iniciarlos, conforme avanza su edad, en una positiva y prudente educaci\u00f3n sexual. Hay que prepararlos, adem\u00e1s, para participar en la vida social, de modo que, bien instruidos con los medios necesarios y oportunos, puedan adscribirse activamente a los diversos grupos de la sociedad humana, est\u00e9n dispuestos para el di\u00e1logo con los dem\u00e1s y presten su colaboraci\u00f3n de buen grado al logro del bien com\u00fan. Los ni\u00f1os y los adolescentes tienen derecho a que se les estimule a apreciar con recta conciencia los valores morales y a prestarles su adhesi\u00f3n personal, y tambi\u00e9n a que se les incite a conocer y amar m\u00e1s a Dios\u201d<\/em> (No. 1).<\/p>\n<p>El episcopado mexicano, en su documento <em>Educar para una nueva sociedad <\/em>(2012), dice: <em>\u201c<\/em><em>Todas las instituciones \u2013 gobiernos, sindicatos, escuelas p\u00fablicas y priva\u00addas, medios de comunicaci\u00f3n, centros culturales, iglesias y comunidades eclesiales, debemos colocarnos permanentemente al servicio de la per\u00adsona del educando. En nuestro tiempo, algunos criterios econ\u00f3micos y pol\u00edticos, incluso una mal entendida \u201cexcelencia educativa\u201d han desplazado la centralidad de la per\u00adsona subordin\u00e1ndola a otros intereses. Es muy grave la instrumentalizaci\u00f3n de la cuesti\u00f3n educativa, dando cabida al utilitarismo econ\u00f3mico, a la conveniencia ideol\u00f3gica o a los intereses de gremio, por encima de la dignidad y los derechos que tienen los ni\u00f1os y j\u00f3venes de M\u00e9xico\u201d <\/em>(61)<em>.<\/em><\/p>\n<p><em>\u00a0<\/em><em>\u201c<\/em><em>Los padres de familia, y no la escuela ni el Estado, son los primeros res\u00adponsables de la educaci\u00f3n de los hijos. Esto lo deben reconocer y promo\u00adver las leyes civiles y la propia Iglesia\u201d <\/em>(64)<em>.<\/em><\/p>\n<p><em>\u00a0<\/em><strong>ACTUAR<\/strong><\/p>\n<p>Padres de familia, exijan ser tomados en cuenta en esta reforma educativa que lleva a cabo el gobierno actual. Al inicio de nuevo curso escolar, lean y analicen los libros de texto obligatorio, y manifiesten su conformidad o inconformidad con algunos contenidos y metodolog\u00edas. Asuman su responsabilidad en la correcta educaci\u00f3n de sus hijos, y no dejen que el gobierno haga con ellos lo que quiera. Igualmente, maestras y maestros, sean corresponsables con los padres de familia y vean lo que sea m\u00e1s conveniente para el pa\u00eds.<\/p>\n","protected":false},"excerpt":{"rendered":"<p>Padres, asuman su responsabilidad en la correcta educaci\u00f3n de sus hijos<\/p>\n","protected":false},"author":24,"featured_media":57011,"comment_status":"closed","ping_status":"closed","sticky":false,"template":"","format":"standard","meta":{"_acf_changed":false,"_crdt_document":"","inline_featured_image":false,"footnotes":""},"categories":[130],"tags":[4953],"class_list":["post-57010","post","type-post","status-publish","format-standard","has-post-thumbnail","hentry","category-voces","tag-trending-es"],"acf":[],"yoast_head":"<!-- This site is optimized with the Yoast SEO plugin v27.5 - https:\/\/yoast.com\/product\/yoast-seo-wordpress\/ -->\n<title>Cardenal Arizmendi: El Gobierno no es due\u00f1o de la educaci\u00f3n &#8211; Exaudi<\/title>\n<meta name=\"robots\" content=\"index, follow, max-snippet:-1, max-image-preview:large, max-video-preview:-1\" \/>\n<link rel=\"canonical\" href=\"https:\/\/exaudi.org\/es\/cardenal-arizmendi-el-gobierno-no-es-dueno-de-la-educacion\/\" \/>\n<meta property=\"og:locale\" content=\"es_ES\" \/>\n<meta property=\"og:type\" content=\"article\" \/>\n<meta property=\"og:title\" content=\"Cardenal Arizmendi: El Gobierno no es due\u00f1o de la educaci\u00f3n &#8211; Exaudi\" \/>\n<meta property=\"og:description\" content=\"Padres, asuman su responsabilidad en la correcta educaci\u00f3n de sus hijos\" \/>\n<meta property=\"og:url\" content=\"https:\/\/exaudi.org\/es\/cardenal-arizmendi-el-gobierno-no-es-dueno-de-la-educacion\/\" \/>\n<meta property=\"og:site_name\" content=\"Exaudi\" \/>\n<meta property=\"article:publisher\" content=\"https:\/\/www.facebook.com\/ExaudiNews\" \/>\n<meta property=\"article:published_time\" content=\"2022-05-18T16:03:26+00:00\" \/>\n<meta property=\"og:image\" content=\"https:\/\/exaudi.org\/wp-content\/uploads\/2022\/05\/bertgallego-1630945971829-cathopic-scaled.jpg\" \/>\n\t<meta property=\"og:image:width\" content=\"1700\" \/>\n\t<meta property=\"og:image:height\" content=\"2560\" \/>\n\t<meta property=\"og:image:type\" content=\"image\/jpeg\" \/>\n<meta name=\"author\" content=\"Cardenal Felipe Arizmendi\" \/>\n<meta name=\"twitter:card\" content=\"summary_large_image\" \/>\n<meta name=\"twitter:creator\" content=\"@Exaudi_News\" \/>\n<meta name=\"twitter:site\" content=\"@Exaudi_News\" \/>\n<meta name=\"twitter:label1\" content=\"Escrito por\" \/>\n\t<meta name=\"twitter:data1\" content=\"Cardenal Felipe Arizmendi\" \/>\n\t<meta name=\"twitter:label2\" content=\"Tiempo de lectura\" \/>\n\t<meta name=\"twitter:data2\" content=\"5 minutos\" \/>\n<script type=\"application\/ld+json\" class=\"yoast-schema-graph\">{\"@context\":\"https:\\\/\\\/schema.org\",\"@graph\":[{\"@type\":\"Article\",\"@id\":\"https:\\\/\\\/exaudi.org\\\/es\\\/cardenal-arizmendi-el-gobierno-no-es-dueno-de-la-educacion\\\/#article\",\"isPartOf\":{\"@id\":\"https:\\\/\\\/exaudi.org\\\/es\\\/cardenal-arizmendi-el-gobierno-no-es-dueno-de-la-educacion\\\/\"},\"author\":{\"name\":\"Cardenal Felipe Arizmendi\",\"@id\":\"https:\\\/\\\/exaudi.org\\\/#\\\/schema\\\/person\\\/c7d223f87e58f1105d044d8da1439102\"},\"headline\":\"Cardenal Arizmendi: El Gobierno no es due\u00f1o de la educaci\u00f3n\",\"datePublished\":\"2022-05-18T16:03:26+00:00\",\"mainEntityOfPage\":{\"@id\":\"https:\\\/\\\/exaudi.org\\\/es\\\/cardenal-arizmendi-el-gobierno-no-es-dueno-de-la-educacion\\\/\"},\"wordCount\":1020,\"image\":{\"@id\":\"https:\\\/\\\/exaudi.org\\\/es\\\/cardenal-arizmendi-el-gobierno-no-es-dueno-de-la-educacion\\\/#primaryimage\"},\"thumbnailUrl\":\"https:\\\/\\\/exaudi.org\\\/wp-content\\\/uploads\\\/2022\\\/05\\\/bertgallego-1630945971829-cathopic-scaled.jpg\",\"keywords\":[\"Trending\"],\"articleSection\":[\"Voces\"],\"inLanguage\":\"es\"},{\"@type\":\"WebPage\",\"@id\":\"https:\\\/\\\/exaudi.org\\\/es\\\/cardenal-arizmendi-el-gobierno-no-es-dueno-de-la-educacion\\\/\",\"url\":\"https:\\\/\\\/exaudi.org\\\/es\\\/cardenal-arizmendi-el-gobierno-no-es-dueno-de-la-educacion\\\/\",\"name\":\"Cardenal Arizmendi: El Gobierno no es due\u00f1o de la educaci\u00f3n &#8211; Exaudi\",\"isPartOf\":{\"@id\":\"https:\\\/\\\/exaudi.org\\\/#website\"},\"primaryImageOfPage\":{\"@id\":\"https:\\\/\\\/exaudi.org\\\/es\\\/cardenal-arizmendi-el-gobierno-no-es-dueno-de-la-educacion\\\/#primaryimage\"},\"image\":{\"@id\":\"https:\\\/\\\/exaudi.org\\\/es\\\/cardenal-arizmendi-el-gobierno-no-es-dueno-de-la-educacion\\\/#primaryimage\"},\"thumbnailUrl\":\"https:\\\/\\\/exaudi.org\\\/wp-content\\\/uploads\\\/2022\\\/05\\\/bertgallego-1630945971829-cathopic-scaled.jpg\",\"datePublished\":\"2022-05-18T16:03:26+00:00\",\"author\":{\"@id\":\"https:\\\/\\\/exaudi.org\\\/#\\\/schema\\\/person\\\/c7d223f87e58f1105d044d8da1439102\"},\"breadcrumb\":{\"@id\":\"https:\\\/\\\/exaudi.org\\\/es\\\/cardenal-arizmendi-el-gobierno-no-es-dueno-de-la-educacion\\\/#breadcrumb\"},\"inLanguage\":\"es\",\"potentialAction\":[{\"@type\":\"ReadAction\",\"target\":[\"https:\\\/\\\/exaudi.org\\\/es\\\/cardenal-arizmendi-el-gobierno-no-es-dueno-de-la-educacion\\\/\"]}]},{\"@type\":\"ImageObject\",\"inLanguage\":\"es\",\"@id\":\"https:\\\/\\\/exaudi.org\\\/es\\\/cardenal-arizmendi-el-gobierno-no-es-dueno-de-la-educacion\\\/#primaryimage\",\"url\":\"https:\\\/\\\/exaudi.org\\\/wp-content\\\/uploads\\\/2022\\\/05\\\/bertgallego-1630945971829-cathopic-scaled.jpg\",\"contentUrl\":\"https:\\\/\\\/exaudi.org\\\/wp-content\\\/uploads\\\/2022\\\/05\\\/bertgallego-1630945971829-cathopic-scaled.jpg\",\"width\":1700,\"height\":2560,\"caption\":\"bertgallego-cathopic\"},{\"@type\":\"BreadcrumbList\",\"@id\":\"https:\\\/\\\/exaudi.org\\\/es\\\/cardenal-arizmendi-el-gobierno-no-es-dueno-de-la-educacion\\\/#breadcrumb\",\"itemListElement\":[{\"@type\":\"ListItem\",\"position\":1,\"name\":\"Portada\",\"item\":\"https:\\\/\\\/exaudi.org\\\/es\\\/\"},{\"@type\":\"ListItem\",\"position\":2,\"name\":\"Cardenal Arizmendi: El Gobierno no es due\u00f1o de la educaci\u00f3n\"}]},{\"@type\":\"WebSite\",\"@id\":\"https:\\\/\\\/exaudi.org\\\/#website\",\"url\":\"https:\\\/\\\/exaudi.org\\\/\",\"name\":\"Exaudi\",\"description\":\"News\",\"potentialAction\":[{\"@type\":\"SearchAction\",\"target\":{\"@type\":\"EntryPoint\",\"urlTemplate\":\"https:\\\/\\\/exaudi.org\\\/?s={search_term_string}\"},\"query-input\":{\"@type\":\"PropertyValueSpecification\",\"valueRequired\":true,\"valueName\":\"search_term_string\"}}],\"inLanguage\":\"es\"},{\"@type\":\"Person\",\"@id\":\"https:\\\/\\\/exaudi.org\\\/#\\\/schema\\\/person\\\/c7d223f87e58f1105d044d8da1439102\",\"name\":\"Cardenal Felipe Arizmendi\",\"image\":{\"@type\":\"ImageObject\",\"inLanguage\":\"es\",\"@id\":\"https:\\\/\\\/secure.gravatar.com\\\/avatar\\\/4ffc5520d896b86d39346168903de33a17ef0f23d16de0ff45062c1ff422ed2f?s=96&d=mm&r=g\",\"url\":\"https:\\\/\\\/secure.gravatar.com\\\/avatar\\\/4ffc5520d896b86d39346168903de33a17ef0f23d16de0ff45062c1ff422ed2f?s=96&d=mm&r=g\",\"contentUrl\":\"https:\\\/\\\/secure.gravatar.com\\\/avatar\\\/4ffc5520d896b86d39346168903de33a17ef0f23d16de0ff45062c1ff422ed2f?s=96&d=mm&r=g\",\"caption\":\"Cardenal Felipe Arizmendi\"},\"description\":\"Nacido en Chiltepec el 1 de mayo de 1940. Estudi\u00f3 Humanidades y Filosof\u00eda en el Seminario de Toluca, de 1952 a 1959. Curs\u00f3 la Teolog\u00eda en la Universidad Pontificia de Salamanca, Espa\u00f1a, de 1959 a 1963, obteniendo la licenciatura en Teolog\u00eda Dogm\u00e1tica. Por su cuenta, se especializ\u00f3 en Liturgia. Fue ordenado sacerdote el 25 de agosto de 1963 en Toluca. Sirvi\u00f3 como Vicario Parroquial en tres parroquias por tres a\u00f1os y medio y fue p\u00e1rroco de una comunidad ind\u00edgena otom\u00ed, de 1967 a 1970. Fue Director Espiritual del Seminario de Toluca por diez a\u00f1os, y Rector del mismo de 1981 a 1991. El 7 de marzo de 1991, fue ordenado obispo de la di\u00f3cesis de Tapachula, donde estuvo hasta el 30 de abril del a\u00f1o 2000. El 1 de mayo del 2000, inici\u00f3 su ministerio episcopal como XLVI obispo de la di\u00f3cesis de San Crist\u00f3bal de las Casas, Chiapas, una de las di\u00f3cesis m\u00e1s antiguas de M\u00e9xico, erigida en 1539; all\u00ed sirvi\u00f3 por casi 18 a\u00f1os. Ha ocupado diversos cargos en la Conferencia del Episcopado Mexicano y en el CELAM. El 3 de noviembre de 2017, el Papa Francisco le acept\u00f3, por edad, su renuncia al servicio episcopal en esta di\u00f3cesis, que entreg\u00f3 a su sucesor el 3 de enero de 2018. Desde entonces, reside en la ciudad de Toluca. Desde 1979, escribe art\u00edculos de actualidad en varios medios religiosos y civiles. Es autor de varias publicaciones.\",\"url\":\"https:\\\/\\\/exaudi.org\\\/es\\\/author\\\/felipearizmendi\\\/\"}]}<\/script>\n<!-- \/ Yoast SEO plugin. -->","yoast_head_json":{"title":"Cardenal Arizmendi: El Gobierno no es due\u00f1o de la educaci\u00f3n &#8211; Exaudi","robots":{"index":"index","follow":"follow","max-snippet":"max-snippet:-1","max-image-preview":"max-image-preview:large","max-video-preview":"max-video-preview:-1"},"canonical":"https:\/\/exaudi.org\/es\/cardenal-arizmendi-el-gobierno-no-es-dueno-de-la-educacion\/","og_locale":"es_ES","og_type":"article","og_title":"Cardenal Arizmendi: El Gobierno no es due\u00f1o de la educaci\u00f3n &#8211; Exaudi","og_description":"Padres, asuman su responsabilidad en la correcta educaci\u00f3n de sus hijos","og_url":"https:\/\/exaudi.org\/es\/cardenal-arizmendi-el-gobierno-no-es-dueno-de-la-educacion\/","og_site_name":"Exaudi","article_publisher":"https:\/\/www.facebook.com\/ExaudiNews","article_published_time":"2022-05-18T16:03:26+00:00","og_image":[{"width":1700,"height":2560,"url":"https:\/\/exaudi.org\/wp-content\/uploads\/2022\/05\/bertgallego-1630945971829-cathopic-scaled.jpg","type":"image\/jpeg"}],"author":"Cardenal Felipe Arizmendi","twitter_card":"summary_large_image","twitter_creator":"@Exaudi_News","twitter_site":"@Exaudi_News","twitter_misc":{"Escrito por":"Cardenal Felipe Arizmendi","Tiempo de lectura":"5 minutos"},"schema":{"@context":"https:\/\/schema.org","@graph":[{"@type":"Article","@id":"https:\/\/exaudi.org\/es\/cardenal-arizmendi-el-gobierno-no-es-dueno-de-la-educacion\/#article","isPartOf":{"@id":"https:\/\/exaudi.org\/es\/cardenal-arizmendi-el-gobierno-no-es-dueno-de-la-educacion\/"},"author":{"name":"Cardenal Felipe Arizmendi","@id":"https:\/\/exaudi.org\/#\/schema\/person\/c7d223f87e58f1105d044d8da1439102"},"headline":"Cardenal Arizmendi: El Gobierno no es due\u00f1o de la educaci\u00f3n","datePublished":"2022-05-18T16:03:26+00:00","mainEntityOfPage":{"@id":"https:\/\/exaudi.org\/es\/cardenal-arizmendi-el-gobierno-no-es-dueno-de-la-educacion\/"},"wordCount":1020,"image":{"@id":"https:\/\/exaudi.org\/es\/cardenal-arizmendi-el-gobierno-no-es-dueno-de-la-educacion\/#primaryimage"},"thumbnailUrl":"https:\/\/exaudi.org\/wp-content\/uploads\/2022\/05\/bertgallego-1630945971829-cathopic-scaled.jpg","keywords":["Trending"],"articleSection":["Voces"],"inLanguage":"es"},{"@type":"WebPage","@id":"https:\/\/exaudi.org\/es\/cardenal-arizmendi-el-gobierno-no-es-dueno-de-la-educacion\/","url":"https:\/\/exaudi.org\/es\/cardenal-arizmendi-el-gobierno-no-es-dueno-de-la-educacion\/","name":"Cardenal Arizmendi: El Gobierno no es due\u00f1o de la educaci\u00f3n &#8211; Exaudi","isPartOf":{"@id":"https:\/\/exaudi.org\/#website"},"primaryImageOfPage":{"@id":"https:\/\/exaudi.org\/es\/cardenal-arizmendi-el-gobierno-no-es-dueno-de-la-educacion\/#primaryimage"},"image":{"@id":"https:\/\/exaudi.org\/es\/cardenal-arizmendi-el-gobierno-no-es-dueno-de-la-educacion\/#primaryimage"},"thumbnailUrl":"https:\/\/exaudi.org\/wp-content\/uploads\/2022\/05\/bertgallego-1630945971829-cathopic-scaled.jpg","datePublished":"2022-05-18T16:03:26+00:00","author":{"@id":"https:\/\/exaudi.org\/#\/schema\/person\/c7d223f87e58f1105d044d8da1439102"},"breadcrumb":{"@id":"https:\/\/exaudi.org\/es\/cardenal-arizmendi-el-gobierno-no-es-dueno-de-la-educacion\/#breadcrumb"},"inLanguage":"es","potentialAction":[{"@type":"ReadAction","target":["https:\/\/exaudi.org\/es\/cardenal-arizmendi-el-gobierno-no-es-dueno-de-la-educacion\/"]}]},{"@type":"ImageObject","inLanguage":"es","@id":"https:\/\/exaudi.org\/es\/cardenal-arizmendi-el-gobierno-no-es-dueno-de-la-educacion\/#primaryimage","url":"https:\/\/exaudi.org\/wp-content\/uploads\/2022\/05\/bertgallego-1630945971829-cathopic-scaled.jpg","contentUrl":"https:\/\/exaudi.org\/wp-content\/uploads\/2022\/05\/bertgallego-1630945971829-cathopic-scaled.jpg","width":1700,"height":2560,"caption":"bertgallego-cathopic"},{"@type":"BreadcrumbList","@id":"https:\/\/exaudi.org\/es\/cardenal-arizmendi-el-gobierno-no-es-dueno-de-la-educacion\/#breadcrumb","itemListElement":[{"@type":"ListItem","position":1,"name":"Portada","item":"https:\/\/exaudi.org\/es\/"},{"@type":"ListItem","position":2,"name":"Cardenal Arizmendi: El Gobierno no es due\u00f1o de la educaci\u00f3n"}]},{"@type":"WebSite","@id":"https:\/\/exaudi.org\/#website","url":"https:\/\/exaudi.org\/","name":"Exaudi","description":"News","potentialAction":[{"@type":"SearchAction","target":{"@type":"EntryPoint","urlTemplate":"https:\/\/exaudi.org\/?s={search_term_string}"},"query-input":{"@type":"PropertyValueSpecification","valueRequired":true,"valueName":"search_term_string"}}],"inLanguage":"es"},{"@type":"Person","@id":"https:\/\/exaudi.org\/#\/schema\/person\/c7d223f87e58f1105d044d8da1439102","name":"Cardenal Felipe Arizmendi","image":{"@type":"ImageObject","inLanguage":"es","@id":"https:\/\/secure.gravatar.com\/avatar\/4ffc5520d896b86d39346168903de33a17ef0f23d16de0ff45062c1ff422ed2f?s=96&d=mm&r=g","url":"https:\/\/secure.gravatar.com\/avatar\/4ffc5520d896b86d39346168903de33a17ef0f23d16de0ff45062c1ff422ed2f?s=96&d=mm&r=g","contentUrl":"https:\/\/secure.gravatar.com\/avatar\/4ffc5520d896b86d39346168903de33a17ef0f23d16de0ff45062c1ff422ed2f?s=96&d=mm&r=g","caption":"Cardenal Felipe Arizmendi"},"description":"Nacido en Chiltepec el 1 de mayo de 1940. Estudi\u00f3 Humanidades y Filosof\u00eda en el Seminario de Toluca, de 1952 a 1959. Curs\u00f3 la Teolog\u00eda en la Universidad Pontificia de Salamanca, Espa\u00f1a, de 1959 a 1963, obteniendo la licenciatura en Teolog\u00eda Dogm\u00e1tica. Por su cuenta, se especializ\u00f3 en Liturgia. Fue ordenado sacerdote el 25 de agosto de 1963 en Toluca. Sirvi\u00f3 como Vicario Parroquial en tres parroquias por tres a\u00f1os y medio y fue p\u00e1rroco de una comunidad ind\u00edgena otom\u00ed, de 1967 a 1970. Fue Director Espiritual del Seminario de Toluca por diez a\u00f1os, y Rector del mismo de 1981 a 1991. El 7 de marzo de 1991, fue ordenado obispo de la di\u00f3cesis de Tapachula, donde estuvo hasta el 30 de abril del a\u00f1o 2000. El 1 de mayo del 2000, inici\u00f3 su ministerio episcopal como XLVI obispo de la di\u00f3cesis de San Crist\u00f3bal de las Casas, Chiapas, una de las di\u00f3cesis m\u00e1s antiguas de M\u00e9xico, erigida en 1539; all\u00ed sirvi\u00f3 por casi 18 a\u00f1os. Ha ocupado diversos cargos en la Conferencia del Episcopado Mexicano y en el CELAM. El 3 de noviembre de 2017, el Papa Francisco le acept\u00f3, por edad, su renuncia al servicio episcopal en esta di\u00f3cesis, que entreg\u00f3 a su sucesor el 3 de enero de 2018. Desde entonces, reside en la ciudad de Toluca. Desde 1979, escribe art\u00edculos de actualidad en varios medios religiosos y civiles. Es autor de varias publicaciones.","url":"https:\/\/exaudi.org\/es\/author\/felipearizmendi\/"}]}},"jetpack_featured_media_url":"https:\/\/exaudi.org\/wp-content\/uploads\/2022\/05\/bertgallego-1630945971829-cathopic-scaled.jpg","jetpack_shortlink":"https:\/\/wp.me\/pgKjF2-ePw","_links":{"self":[{"href":"https:\/\/exaudi.org\/es\/wp-json\/wp\/v2\/posts\/57010","targetHints":{"allow":["GET"]}}],"collection":[{"href":"https:\/\/exaudi.org\/es\/wp-json\/wp\/v2\/posts"}],"about":[{"href":"https:\/\/exaudi.org\/es\/wp-json\/wp\/v2\/types\/post"}],"author":[{"embeddable":true,"href":"https:\/\/exaudi.org\/es\/wp-json\/wp\/v2\/users\/24"}],"replies":[{"embeddable":true,"href":"https:\/\/exaudi.org\/es\/wp-json\/wp\/v2\/comments?post=57010"}],"version-history":[{"count":0,"href":"https:\/\/exaudi.org\/es\/wp-json\/wp\/v2\/posts\/57010\/revisions"}],"wp:featuredmedia":[{"embeddable":true,"href":"https:\/\/exaudi.org\/es\/wp-json\/wp\/v2\/media\/57011"}],"wp:attachment":[{"href":"https:\/\/exaudi.org\/es\/wp-json\/wp\/v2\/media?parent=57010"}],"wp:term":[{"taxonomy":"category","embeddable":true,"href":"https:\/\/exaudi.org\/es\/wp-json\/wp\/v2\/categories?post=57010"},{"taxonomy":"post_tag","embeddable":true,"href":"https:\/\/exaudi.org\/es\/wp-json\/wp\/v2\/tags?post=57010"}],"curies":[{"name":"wp","href":"https:\/\/api.w.org\/{rel}","templated":true}]}}