{"id":56721,"date":"2022-05-10T17:01:49","date_gmt":"2022-05-10T15:01:49","guid":{"rendered":"https:\/\/exaudi.org\/?p=56721"},"modified":"2022-05-25T11:14:49","modified_gmt":"2022-05-25T09:14:49","slug":"los-ancianos-son-un-recurso-no-una-emergencia","status":"publish","type":"post","link":"https:\/\/exaudi.org\/es\/los-ancianos-son-un-recurso-no-una-emergencia\/","title":{"rendered":"Los ancianos son un recurso, no una emergencia"},"content":{"rendered":"<p>Aparte de los residuos: los ancianos son un recurso precioso, que todav\u00eda tiene mucho que ofrecer a la sociedad.\u00a0Por eso, la Iglesia tambi\u00e9n est\u00e1 llamada a realizar una pastoral espec\u00edfica para ellos, para hablar a los ancianos en lugar de hablar de los ancianos.\u00a0El\u00a0<a href=\"https:\/\/exaudi.org\/es\/llamados-a-ser-artifices-de-la-revolucion-de-la-ternura\/\" target=\"_blank\" rel=\"noopener\">mensaje<\/a>\u00a0del Papa Francisco para la segunda Jornada Mundial de los Abuelos y los Ancianos, que se celebra el cuarto domingo de julio -este a\u00f1o el 24- se titula: \u201cEn la vejez todav\u00eda dar\u00e1n fruto\u201d.\u00a0Lo presentaron el Cardenal Kevin Farrell, Prefecto del Dicasterio para los Laicos, la Familia y la Vida, y Vittorio Scelzo, encargado de la pastoral de los ancianos del mismo Dicasterio.<\/p>\n<h2>No es una emergencia<\/h2>\n<p>El cardenal record\u00f3 c\u00f3mo desde el inicio del ministerio del Pont\u00edfice \u201cson innumerables las ocasiones en las que record\u00f3 lo necesario que es contrastar la cultura del desecho, promover el di\u00e1logo entre generaciones, preservar las ra\u00edces de los pueblos y salvaguardar la memoria\u201d.\u00a0El tema de la vejez es entonces el leitmotiv de las catequesis de las audiencias de los \u00faltimos mi\u00e9rcoles.\u00a0El Papa \u201cnos invita a tomar conciencia de la importancia de las personas mayores en la vida de las sociedades y de nuestras comunidades ya hacerlo de manera no epis\u00f3dica sino estructural.\u00a0En otras palabras, no se trata de perseguir una emergencia, sino de sentar las bases para una pastoral a largo plazo\u201d.<\/p>\n<p>Farrell se\u00f1al\u00f3 que \u201cen algunos pa\u00edses del mundo, especialmente en Europa y Am\u00e9rica del Norte, los ancianos representan el 20% o m\u00e1s de la poblaci\u00f3n.\u00a0Dentro de nuestras comunidades, por lo tanto, se requiere un cambio de perspectiva, dejando de lado aquellos argumentos que hacen que los ancianos aparezcan como personas distantes y ajenas a las que cuidar\u201d.<\/p>\n<h2>Los ancianos y la Iglesia<\/h2>\n<p>La pregunta concierne directamente a la Iglesia.\u00a0\u201cMirando los bancos de nuestras iglesias, la mayor\u00eda de las veces est\u00e1n poblados sobre todo por personas a lo largo de los a\u00f1os\u201d, record\u00f3 el cardenal.\u00a0Por lo tanto, hablar solo de \u00ablos ancianos\u00bb tiene poco sentido.\u00a0\u201cHa llegado el momento de que aprendamos a hablar &#8216;a los mayores&#8217;.\u00a0Por ello el Santo Padre insiste en la necesidad de perfilar una pastoral ordinaria de esta etapa de la vida y el mensaje que presentamos hoy es un claro ejemplo de esta preocupaci\u00f3n\u201d.<\/p>\n<p>En este sentido, un aspecto muy pr\u00e1ctico ligado a las consecuencias de la pandemia es \u201cc\u00f3mo traer de vuelta a la iglesia a quienes han dejado de asistir por miedo al contagio\u201d.<\/p>\n<h2>Ternura: desmilitarizar corazones<\/h2>\n<p>En su mensaje, el Papa indica tres pilares \u201csobre los que construir una verdadera espiritualidad de la vejez.\u00a0El primero es el de la ternura\u201d, dijo Farrell.\u00a0El Papa nos invita a \u00abdesmilitarizar los corazones\u00bb y encomienda a los abuelos una \u00abgran responsabilidad: ense\u00f1ar a las mujeres y a los hombres de nuestro tiempo a mirar a los dem\u00e1s con la misma mirada comprensiva y tierna que volvemos a nuestros nietos\u00bb.\u00a0Pero atenci\u00f3n: \u201cLa ternura no puede reducirse al consuelo de los d\u00e9biles, sino que es lo que realmente necesita el mundo hoy: una alternativa real a la l\u00f3gica de la violencia y la guerra\u201d.<\/p>\n<h2>Custodia: m\u00e1s all\u00e1 del \u00e1mbito familiar<\/h2>\n<p>El segundo elemento fundante de una espiritualidad de la vejez es la tutela.\u00a0Es una misi\u00f3n que el Papa encomienda de modo particular a los ancianos y que, si bien se ocupa principalmente del \u00e1mbito familiar, no se limita a \u00e9l.\u00a0El Papa nos invita a mantener de rodillas no s\u00f3lo a nuestros propios nietos, sino tambi\u00e9n a \u201caquellos muchos nietos asustados a los que todav\u00eda no hemos conocido y que tal vez huyen de la guerra o sufren por ella.\u00a0Guardemos en nuestro coraz\u00f3n -como hizo san Jos\u00e9, padre tierno y afectuoso- a los peque\u00f1os de Ucrania, Afganist\u00e1n, Sud\u00e1n del Sur\u2026\u201d.\u00a0En estas palabras est\u00e1 el sue\u00f1o de que el v\u00ednculo entre abuelo y nieto pueda convertirse en el paradigma de las relaciones entre las personas y est\u00e1 la idea de que esta generaci\u00f3n tiene una tarea espec\u00edfica: custodiar y proteger\u201d.<\/p>\n<h2>Oraci\u00f3n: un arte para aprender<\/h2>\n<p>Finalmente, la oraci\u00f3n.\u00a0El Papa la define \u00abcomo la \u00abherramienta m\u00e1s apropiada para nuestra \u00e9poca\u00bb y es la \u00fanica de la que no se puede despojar ni siquiera quienes viven en la extrema fragilidad\u00bb.\u00a0Pero orar -especialmente para la generaci\u00f3n que hoy vive la vejez y que ha crecido en a\u00f1os marcados por la secularizaci\u00f3n- es un arte que hay que aprender y que ya no se puede dar por sentado.\u00a0Es necesario nutrirla con la Palabra de Dios y la participaci\u00f3n en la vida de la Iglesia\u201d.<\/p>\n<p>\u201cEl mensaje del Papa para la pr\u00f3xima Jornada Mundial de los Abuelos y los Ancianos es la alternativa a la cultura del descarte\u201d, concluy\u00f3 Farrell.\u00a0\u201cAy\u00fadanos a todos, ya los propios ancianos, a comprender que, lejos de ser material para tirar, tienen una vocaci\u00f3n espec\u00edfica dentro de nuestras comunidades.\u00a0En este tiempo que anhela la paz, la Iglesia tiene una gran necesidad de personas ancianas, que tengan el \u201cdon\u201d de la ternura, que sean capaces de velar e interceder\u201d.<\/p>\n<h2>El logo<\/h2>\n<p><img loading=\"lazy\" decoding=\"async\" class=\"alignright wp-image-56722 size-medium\" src=\"https:\/\/exaudi.org\/wp-content\/uploads\/2022\/05\/ES-Logo-Jornada-Mundial-de-los-Abuelos-y-de-los-Mayores-300x98.jpg\" alt=\"\" width=\"300\" height=\"98\" srcset=\"https:\/\/exaudi.org\/wp-content\/uploads\/2022\/05\/ES-Logo-Jornada-Mundial-de-los-Abuelos-y-de-los-Mayores-300x98.jpg 300w, https:\/\/exaudi.org\/wp-content\/uploads\/2022\/05\/ES-Logo-Jornada-Mundial-de-los-Abuelos-y-de-los-Mayores-1024x334.jpg 1024w, https:\/\/exaudi.org\/wp-content\/uploads\/2022\/05\/ES-Logo-Jornada-Mundial-de-los-Abuelos-y-de-los-Mayores-770x251.jpg 770w, https:\/\/exaudi.org\/wp-content\/uploads\/2022\/05\/ES-Logo-Jornada-Mundial-de-los-Abuelos-y-de-los-Mayores-1536x501.jpg 1536w, https:\/\/exaudi.org\/wp-content\/uploads\/2022\/05\/ES-Logo-Jornada-Mundial-de-los-Abuelos-y-de-los-Mayores-2048x668.jpg 2048w, https:\/\/exaudi.org\/wp-content\/uploads\/2022\/05\/ES-Logo-Jornada-Mundial-de-los-Abuelos-y-de-los-Mayores-500x163.jpg 500w, https:\/\/exaudi.org\/wp-content\/uploads\/2022\/05\/ES-Logo-Jornada-Mundial-de-los-Abuelos-y-de-los-Mayores-293x96.jpg 293w, https:\/\/exaudi.org\/wp-content\/uploads\/2022\/05\/ES-Logo-Jornada-Mundial-de-los-Abuelos-y-de-los-Mayores-1400x457.jpg 1400w, https:\/\/exaudi.org\/wp-content\/uploads\/2022\/05\/ES-Logo-Jornada-Mundial-de-los-Abuelos-y-de-los-Mayores-390x127.jpg 390w\" sizes=\"auto, (max-width: 300px) 100vw, 300px\" \/><\/p>\n<p><em>El logo del d\u00eda<\/em><\/p>\n<p>Scelzo en cambio present\u00f3 el logo del D\u00eda. \u201cEl Papa Francisco, en el \u00c1ngelus en el que anunci\u00f3\u00a0 la Jornada, la calific\u00f3 como una &#8216;fiesta del encuentro&#8217; y, por eso, hemos elegido un abrazo como logo del evento\u201d, explic\u00f3. Un abrazo que resume muchos lazos: entre abuelos y nietos; entre dos c\u00f3nyuges que han envejecido a lo largo de los a\u00f1os pero que crecieron en el amor mutuo; entre dos personas mayores que eligen vivir juntas para apoyarse mutuamente; o incluso un joven que va al encuentro de una persona mayor s\u00f3lo para celebrar el D\u00eda Mundial de los Abuelos y las Personas Mayores.<\/p>\n<h2>Los ancianos y las secuelas de la pandemia<\/h2>\n<p>\u201cEl logo -a\u00f1adi\u00f3- tambi\u00e9n esconde la nostalgia de cuando uno pod\u00eda abrazarse libremente y expresa el deseo de que pronto podamos retomarlo incluso en lugares donde esto a\u00fan no es posible\u201d como las residencias, donde la pandemia a\u00fan es peligrosa. .<\/p>\n<h2>La soledad mata<\/h2>\n<p>Scelzo subray\u00f3 c\u00f3mo \u201cla vejez es la \u00e9poca de la vida en la que el valor de los v\u00ednculos es m\u00e1s evidente y en la que comprendemos c\u00f3mo la soledad es siempre un mal.\u00a0A menudo, lo hemos visto durante la pandemia, la soledad mata.\u00a0Por eso, el abrazo de la Iglesia, tambi\u00e9n a trav\u00e9s de la celebraci\u00f3n de la Jornada, quiere ser m\u00e1s fuerte que cualquier soledad y la esperanza que formulamos es que cada comunidad encuentre el camino para llegar a todos.\u00a0Como afirma el Papa, \u201c\u00a1s\u00f3lo la visita a los ancianos es una obra de misericordia de nuestro tiempo!\u201d.\u00a0Ser\u00e1 tambi\u00e9n, junto a la celebraci\u00f3n de una Misa dedicada a los ancianos el 24 de julio, el coraz\u00f3n de la celebraci\u00f3n de la Jornada\u201d.<\/p>\n<figure id=\"attachment_56709\" aria-describedby=\"caption-attachment-56709\" style=\"width: 300px\" class=\"wp-caption alignleft\"><img loading=\"lazy\" decoding=\"async\" class=\"size-medium wp-image-56709\" src=\"https:\/\/exaudi.org\/wp-content\/uploads\/2022\/05\/EN-Photo-Presentation-03-II-World-Day-for-Grandparents-and-the-Elderly-credit-DLFV-300x200.jpeg\" alt=\"\" width=\"300\" height=\"200\" srcset=\"https:\/\/exaudi.org\/wp-content\/uploads\/2022\/05\/EN-Photo-Presentation-03-II-World-Day-for-Grandparents-and-the-Elderly-credit-DLFV-300x200.jpeg 300w, https:\/\/exaudi.org\/wp-content\/uploads\/2022\/05\/EN-Photo-Presentation-03-II-World-Day-for-Grandparents-and-the-Elderly-credit-DLFV-1024x682.jpeg 1024w, https:\/\/exaudi.org\/wp-content\/uploads\/2022\/05\/EN-Photo-Presentation-03-II-World-Day-for-Grandparents-and-the-Elderly-credit-DLFV-770x513.jpeg 770w, https:\/\/exaudi.org\/wp-content\/uploads\/2022\/05\/EN-Photo-Presentation-03-II-World-Day-for-Grandparents-and-the-Elderly-credit-DLFV-1536x1023.jpeg 1536w, https:\/\/exaudi.org\/wp-content\/uploads\/2022\/05\/EN-Photo-Presentation-03-II-World-Day-for-Grandparents-and-the-Elderly-credit-DLFV-360x240.jpeg?crop=1 360w, https:\/\/exaudi.org\/wp-content\/uploads\/2022\/05\/EN-Photo-Presentation-03-II-World-Day-for-Grandparents-and-the-Elderly-credit-DLFV-500x333.jpeg 500w, https:\/\/exaudi.org\/wp-content\/uploads\/2022\/05\/EN-Photo-Presentation-03-II-World-Day-for-Grandparents-and-the-Elderly-credit-DLFV-1155x770.jpeg 1155w, https:\/\/exaudi.org\/wp-content\/uploads\/2022\/05\/EN-Photo-Presentation-03-II-World-Day-for-Grandparents-and-the-Elderly-credit-DLFV-370x247.jpeg 370w, https:\/\/exaudi.org\/wp-content\/uploads\/2022\/05\/EN-Photo-Presentation-03-II-World-Day-for-Grandparents-and-the-Elderly-credit-DLFV-293x195.jpeg 293w, https:\/\/exaudi.org\/wp-content\/uploads\/2022\/05\/EN-Photo-Presentation-03-II-World-Day-for-Grandparents-and-the-Elderly-credit-DLFV-1400x933.jpeg 1400w, https:\/\/exaudi.org\/wp-content\/uploads\/2022\/05\/EN-Photo-Presentation-03-II-World-Day-for-Grandparents-and-the-Elderly-credit-DLFV-120x80.jpeg 120w, https:\/\/exaudi.org\/wp-content\/uploads\/2022\/05\/EN-Photo-Presentation-03-II-World-Day-for-Grandparents-and-the-Elderly-credit-DLFV-240x160.jpeg 240w, https:\/\/exaudi.org\/wp-content\/uploads\/2022\/05\/EN-Photo-Presentation-03-II-World-Day-for-Grandparents-and-the-Elderly-credit-DLFV-390x260.jpeg 390w, https:\/\/exaudi.org\/wp-content\/uploads\/2022\/05\/EN-Photo-Presentation-03-II-World-Day-for-Grandparents-and-the-Elderly-credit-DLFV.jpeg 1600w\" sizes=\"auto, (max-width: 300px) 100vw, 300px\" \/><figcaption id=\"caption-attachment-56709\" class=\"wp-caption-text\">Vittorio Scelzo (C)<\/figcaption><\/figure>\n<p>&nbsp;<\/p>\n<p>\u201cFrente a un mundo en el que las palabras son cada vez m\u00e1s duras y los muros entre las personas siguen levant\u00e1ndose, surge la propuesta de la mansedumbre como forma de ser.\u00a0El mensaje habla de la necesidad de \u201cdesmilitarizar los corazones\u201d como para purificar un aire contaminado por la ret\u00f3rica del enemigo y actitudes contrarias\u201d, concluy\u00f3 Scelzo.<\/p>\n<h2>Los testimonios<\/h2>\n<p>Durante la rueda de prensa tambi\u00e9n hubo dos testimonios, uno de la India, de una misionera que asisti\u00f3 a su abuelo de 90 a\u00f1os tras la muerte de su abuela, y el de Giancarla Panizza, presidenta de la Asociaci\u00f3n Auser para el envejecimiento activo, de Sartirana. quien cont\u00f3 la conmovedora historia de una ni\u00f1a ucraniana nacida en el pueblo de Pav\u00eda y su familia.<\/p>\n<h2>Las condiciones del Papa<\/h2>\n<p>Finalmente, respondiendo a una pregunta, el cardenal Farrell habl\u00f3 de la forma en que el Papa Francisco vive esta etapa de su vida: \u201cAcepta sus limitaciones con gran esp\u00edritu, es un ejemplo para todos nosotros.\u00a0Con la edad avanzada hay una disminuci\u00f3n de las habilidades pero juega un papel muy importante.\u00a0Nos demuestra que a pesar de las limitaciones no se detendr\u00e1, env\u00eda un mensaje a todos: hay que seguir adelante, seguir dando lo mejor de nosotros.\u00a0Realmente es un gran ejemplo para todos los adultos mayores, ya que aunque tiene limitaciones, no deja de hacer lo que tiene que hacer.\u00a0Sigue conociendo gente, la vida sigue y esto es lo que le dice a los mayores: tienes un mensaje que transmitir al mundo y tienes m\u00e1s experiencia que otros, debes salir y dirigirte a los j\u00f3venes\u201d.<\/p>\n<p>En las redes sociales, la Jornada se marcar\u00e1 con el\u00a0\u00a0<strong>hashtag #nonnieanziani<\/strong>\u00a0\u00a0y se publicar\u00e1n y enviar\u00e1n una serie de indicaciones pastorales a todas las Conferencias Episcopales a finales de mayo.<\/p>\n<p>&nbsp;<\/p>\n<p>&nbsp;<\/p>\n","protected":false},"excerpt":{"rendered":"<p>Presentado el mensaje del Papa por el D\u00eda Mundial de los Abuelos<\/p>\n","protected":false},"author":18,"featured_media":56706,"comment_status":"closed","ping_status":"closed","sticky":false,"template":"","format":"standard","meta":{"_acf_changed":false,"_crdt_document":"","inline_featured_image":false,"footnotes":""},"categories":[132],"tags":[6268,6269,4953],"class_list":["post-56721","post","type-post","status-publish","format-standard","has-post-thumbnail","hentry","category-vaticano-es","tag-dia-mundial-abuelos","tag-mensaje-papa","tag-trending-es"],"acf":[],"yoast_head":"<!-- This site is optimized with the Yoast SEO plugin v27.4 - https:\/\/yoast.com\/product\/yoast-seo-wordpress\/ -->\n<title>Los ancianos son un recurso, no una emergencia &#8211; Exaudi<\/title>\n<meta name=\"robots\" content=\"index, follow, max-snippet:-1, max-image-preview:large, max-video-preview:-1\" \/>\n<link rel=\"canonical\" href=\"https:\/\/exaudi.org\/es\/los-ancianos-son-un-recurso-no-una-emergencia\/\" \/>\n<meta property=\"og:locale\" content=\"es_ES\" \/>\n<meta property=\"og:type\" content=\"article\" \/>\n<meta property=\"og:title\" content=\"Los ancianos son un recurso, no una emergencia &#8211; Exaudi\" \/>\n<meta property=\"og:description\" content=\"Presentado el mensaje del Papa por el D\u00eda Mundial de los Abuelos\" \/>\n<meta property=\"og:url\" content=\"https:\/\/exaudi.org\/es\/los-ancianos-son-un-recurso-no-una-emergencia\/\" \/>\n<meta property=\"og:site_name\" content=\"Exaudi\" \/>\n<meta property=\"article:publisher\" content=\"https:\/\/www.facebook.com\/ExaudiNews\" \/>\n<meta property=\"article:published_time\" content=\"2022-05-10T15:01:49+00:00\" \/>\n<meta property=\"article:modified_time\" content=\"2022-05-25T09:14:49+00:00\" \/>\n<meta property=\"og:image\" content=\"https:\/\/exaudi.org\/wp-content\/uploads\/2022\/05\/EN-Photo-Presentation-01-II-World-Day-for-Grandparents-and-the-Elderly-credit-DLFV.jpeg\" \/>\n\t<meta property=\"og:image:width\" content=\"1500\" \/>\n\t<meta property=\"og:image:height\" content=\"1000\" \/>\n\t<meta property=\"og:image:type\" content=\"image\/jpeg\" \/>\n<meta name=\"author\" content=\"Andrea Acali\" \/>\n<meta name=\"twitter:card\" content=\"summary_large_image\" \/>\n<meta name=\"twitter:creator\" content=\"@Exaudi_News\" \/>\n<meta name=\"twitter:site\" content=\"@Exaudi_News\" \/>\n<meta name=\"twitter:label1\" content=\"Escrito por\" \/>\n\t<meta name=\"twitter:data1\" content=\"Andrea Acali\" \/>\n\t<meta name=\"twitter:label2\" content=\"Tiempo de lectura\" \/>\n\t<meta name=\"twitter:data2\" content=\"7 minutos\" \/>\n<script type=\"application\/ld+json\" class=\"yoast-schema-graph\">{\"@context\":\"https:\\\/\\\/schema.org\",\"@graph\":[{\"@type\":\"Article\",\"@id\":\"https:\\\/\\\/exaudi.org\\\/es\\\/los-ancianos-son-un-recurso-no-una-emergencia\\\/#article\",\"isPartOf\":{\"@id\":\"https:\\\/\\\/exaudi.org\\\/es\\\/los-ancianos-son-un-recurso-no-una-emergencia\\\/\"},\"author\":{\"name\":\"Andrea Acali\",\"@id\":\"https:\\\/\\\/exaudi.org\\\/#\\\/schema\\\/person\\\/127735be832481a6d3c410c5837bb61a\"},\"headline\":\"Los ancianos son un recurso, no una emergencia\",\"datePublished\":\"2022-05-10T15:01:49+00:00\",\"dateModified\":\"2022-05-25T09:14:49+00:00\",\"mainEntityOfPage\":{\"@id\":\"https:\\\/\\\/exaudi.org\\\/es\\\/los-ancianos-son-un-recurso-no-una-emergencia\\\/\"},\"wordCount\":1536,\"image\":{\"@id\":\"https:\\\/\\\/exaudi.org\\\/es\\\/los-ancianos-son-un-recurso-no-una-emergencia\\\/#primaryimage\"},\"thumbnailUrl\":\"https:\\\/\\\/exaudi.org\\\/wp-content\\\/uploads\\\/2022\\\/05\\\/EN-Photo-Presentation-01-II-World-Day-for-Grandparents-and-the-Elderly-credit-DLFV.jpeg\",\"keywords\":[\"D\u00eda Mundial Abuelos\",\"mensaje Papa\",\"Trending\"],\"articleSection\":[\"Vaticano\"],\"inLanguage\":\"es\"},{\"@type\":\"WebPage\",\"@id\":\"https:\\\/\\\/exaudi.org\\\/es\\\/los-ancianos-son-un-recurso-no-una-emergencia\\\/\",\"url\":\"https:\\\/\\\/exaudi.org\\\/es\\\/los-ancianos-son-un-recurso-no-una-emergencia\\\/\",\"name\":\"Los ancianos son un recurso, no una emergencia &#8211; Exaudi\",\"isPartOf\":{\"@id\":\"https:\\\/\\\/exaudi.org\\\/#website\"},\"primaryImageOfPage\":{\"@id\":\"https:\\\/\\\/exaudi.org\\\/es\\\/los-ancianos-son-un-recurso-no-una-emergencia\\\/#primaryimage\"},\"image\":{\"@id\":\"https:\\\/\\\/exaudi.org\\\/es\\\/los-ancianos-son-un-recurso-no-una-emergencia\\\/#primaryimage\"},\"thumbnailUrl\":\"https:\\\/\\\/exaudi.org\\\/wp-content\\\/uploads\\\/2022\\\/05\\\/EN-Photo-Presentation-01-II-World-Day-for-Grandparents-and-the-Elderly-credit-DLFV.jpeg\",\"datePublished\":\"2022-05-10T15:01:49+00:00\",\"dateModified\":\"2022-05-25T09:14:49+00:00\",\"author\":{\"@id\":\"https:\\\/\\\/exaudi.org\\\/#\\\/schema\\\/person\\\/127735be832481a6d3c410c5837bb61a\"},\"breadcrumb\":{\"@id\":\"https:\\\/\\\/exaudi.org\\\/es\\\/los-ancianos-son-un-recurso-no-una-emergencia\\\/#breadcrumb\"},\"inLanguage\":\"es\",\"potentialAction\":[{\"@type\":\"ReadAction\",\"target\":[\"https:\\\/\\\/exaudi.org\\\/es\\\/los-ancianos-son-un-recurso-no-una-emergencia\\\/\"]}]},{\"@type\":\"ImageObject\",\"inLanguage\":\"es\",\"@id\":\"https:\\\/\\\/exaudi.org\\\/es\\\/los-ancianos-son-un-recurso-no-una-emergencia\\\/#primaryimage\",\"url\":\"https:\\\/\\\/exaudi.org\\\/wp-content\\\/uploads\\\/2022\\\/05\\\/EN-Photo-Presentation-01-II-World-Day-for-Grandparents-and-the-Elderly-credit-DLFV.jpeg\",\"contentUrl\":\"https:\\\/\\\/exaudi.org\\\/wp-content\\\/uploads\\\/2022\\\/05\\\/EN-Photo-Presentation-01-II-World-Day-for-Grandparents-and-the-Elderly-credit-DLFV.jpeg\",\"width\":1500,\"height\":1000,\"caption\":\"Cardenal Farrell\"},{\"@type\":\"BreadcrumbList\",\"@id\":\"https:\\\/\\\/exaudi.org\\\/es\\\/los-ancianos-son-un-recurso-no-una-emergencia\\\/#breadcrumb\",\"itemListElement\":[{\"@type\":\"ListItem\",\"position\":1,\"name\":\"Portada\",\"item\":\"https:\\\/\\\/exaudi.org\\\/es\\\/\"},{\"@type\":\"ListItem\",\"position\":2,\"name\":\"Los ancianos son un recurso, no una emergencia\"}]},{\"@type\":\"WebSite\",\"@id\":\"https:\\\/\\\/exaudi.org\\\/#website\",\"url\":\"https:\\\/\\\/exaudi.org\\\/\",\"name\":\"Exaudi\",\"description\":\"News\",\"potentialAction\":[{\"@type\":\"SearchAction\",\"target\":{\"@type\":\"EntryPoint\",\"urlTemplate\":\"https:\\\/\\\/exaudi.org\\\/?s={search_term_string}\"},\"query-input\":{\"@type\":\"PropertyValueSpecification\",\"valueRequired\":true,\"valueName\":\"search_term_string\"}}],\"inLanguage\":\"es\"},{\"@type\":\"Person\",\"@id\":\"https:\\\/\\\/exaudi.org\\\/#\\\/schema\\\/person\\\/127735be832481a6d3c410c5837bb61a\",\"name\":\"Andrea Acali\",\"image\":{\"@type\":\"ImageObject\",\"inLanguage\":\"es\",\"@id\":\"https:\\\/\\\/secure.gravatar.com\\\/avatar\\\/2abf8e528c4f8c571ab456e5ef9ac66b04b987863e3ab3fd9546150699bb9259?s=96&d=mm&r=g\",\"url\":\"https:\\\/\\\/secure.gravatar.com\\\/avatar\\\/2abf8e528c4f8c571ab456e5ef9ac66b04b987863e3ab3fd9546150699bb9259?s=96&d=mm&r=g\",\"contentUrl\":\"https:\\\/\\\/secure.gravatar.com\\\/avatar\\\/2abf8e528c4f8c571ab456e5ef9ac66b04b987863e3ab3fd9546150699bb9259?s=96&d=mm&r=g\",\"caption\":\"Andrea Acali\"},\"description\":\"Andrea Acali es un periodista y comunicador italiano con una larga trayectoria en el \u00e1mbito de la informaci\u00f3n religiosa, social y deportiva. Durante casi treinta a\u00f1os trabaj\u00f3 en el diario Il Tempo como vaticanista y jefe de secci\u00f3n, especializ\u00e1ndose en la cobertura de la actualidad del Vaticano y de la Iglesia cat\u00f3lica. Desde 2016 colabora como periodista web en RomaSette y tambi\u00e9n escribe para el peri\u00f3dico Avvenire. Desde 2019 ejerce como comunicador en la Delegazione della Generalitat de Catalunya in Italia, con sede en Roma, donde combina su experiencia period\u00edstica con la comunicaci\u00f3n institucional\",\"sameAs\":[\"https:\\\/\\\/www.linkedin.com\\\/in\\\/andrea-acali-505567125\\\/?originalSubdomain=it\"],\"url\":\"https:\\\/\\\/exaudi.org\\\/es\\\/author\\\/aacaliexaudi-org\\\/\"}]}<\/script>\n<!-- \/ Yoast SEO plugin. -->","yoast_head_json":{"title":"Los ancianos son un recurso, no una emergencia &#8211; Exaudi","robots":{"index":"index","follow":"follow","max-snippet":"max-snippet:-1","max-image-preview":"max-image-preview:large","max-video-preview":"max-video-preview:-1"},"canonical":"https:\/\/exaudi.org\/es\/los-ancianos-son-un-recurso-no-una-emergencia\/","og_locale":"es_ES","og_type":"article","og_title":"Los ancianos son un recurso, no una emergencia &#8211; Exaudi","og_description":"Presentado el mensaje del Papa por el D\u00eda Mundial de los Abuelos","og_url":"https:\/\/exaudi.org\/es\/los-ancianos-son-un-recurso-no-una-emergencia\/","og_site_name":"Exaudi","article_publisher":"https:\/\/www.facebook.com\/ExaudiNews","article_published_time":"2022-05-10T15:01:49+00:00","article_modified_time":"2022-05-25T09:14:49+00:00","og_image":[{"width":1500,"height":1000,"url":"https:\/\/exaudi.org\/wp-content\/uploads\/2022\/05\/EN-Photo-Presentation-01-II-World-Day-for-Grandparents-and-the-Elderly-credit-DLFV.jpeg","type":"image\/jpeg"}],"author":"Andrea Acali","twitter_card":"summary_large_image","twitter_creator":"@Exaudi_News","twitter_site":"@Exaudi_News","twitter_misc":{"Escrito por":"Andrea Acali","Tiempo de lectura":"7 minutos"},"schema":{"@context":"https:\/\/schema.org","@graph":[{"@type":"Article","@id":"https:\/\/exaudi.org\/es\/los-ancianos-son-un-recurso-no-una-emergencia\/#article","isPartOf":{"@id":"https:\/\/exaudi.org\/es\/los-ancianos-son-un-recurso-no-una-emergencia\/"},"author":{"name":"Andrea Acali","@id":"https:\/\/exaudi.org\/#\/schema\/person\/127735be832481a6d3c410c5837bb61a"},"headline":"Los ancianos son un recurso, no una emergencia","datePublished":"2022-05-10T15:01:49+00:00","dateModified":"2022-05-25T09:14:49+00:00","mainEntityOfPage":{"@id":"https:\/\/exaudi.org\/es\/los-ancianos-son-un-recurso-no-una-emergencia\/"},"wordCount":1536,"image":{"@id":"https:\/\/exaudi.org\/es\/los-ancianos-son-un-recurso-no-una-emergencia\/#primaryimage"},"thumbnailUrl":"https:\/\/exaudi.org\/wp-content\/uploads\/2022\/05\/EN-Photo-Presentation-01-II-World-Day-for-Grandparents-and-the-Elderly-credit-DLFV.jpeg","keywords":["D\u00eda Mundial Abuelos","mensaje Papa","Trending"],"articleSection":["Vaticano"],"inLanguage":"es"},{"@type":"WebPage","@id":"https:\/\/exaudi.org\/es\/los-ancianos-son-un-recurso-no-una-emergencia\/","url":"https:\/\/exaudi.org\/es\/los-ancianos-son-un-recurso-no-una-emergencia\/","name":"Los ancianos son un recurso, no una emergencia &#8211; Exaudi","isPartOf":{"@id":"https:\/\/exaudi.org\/#website"},"primaryImageOfPage":{"@id":"https:\/\/exaudi.org\/es\/los-ancianos-son-un-recurso-no-una-emergencia\/#primaryimage"},"image":{"@id":"https:\/\/exaudi.org\/es\/los-ancianos-son-un-recurso-no-una-emergencia\/#primaryimage"},"thumbnailUrl":"https:\/\/exaudi.org\/wp-content\/uploads\/2022\/05\/EN-Photo-Presentation-01-II-World-Day-for-Grandparents-and-the-Elderly-credit-DLFV.jpeg","datePublished":"2022-05-10T15:01:49+00:00","dateModified":"2022-05-25T09:14:49+00:00","author":{"@id":"https:\/\/exaudi.org\/#\/schema\/person\/127735be832481a6d3c410c5837bb61a"},"breadcrumb":{"@id":"https:\/\/exaudi.org\/es\/los-ancianos-son-un-recurso-no-una-emergencia\/#breadcrumb"},"inLanguage":"es","potentialAction":[{"@type":"ReadAction","target":["https:\/\/exaudi.org\/es\/los-ancianos-son-un-recurso-no-una-emergencia\/"]}]},{"@type":"ImageObject","inLanguage":"es","@id":"https:\/\/exaudi.org\/es\/los-ancianos-son-un-recurso-no-una-emergencia\/#primaryimage","url":"https:\/\/exaudi.org\/wp-content\/uploads\/2022\/05\/EN-Photo-Presentation-01-II-World-Day-for-Grandparents-and-the-Elderly-credit-DLFV.jpeg","contentUrl":"https:\/\/exaudi.org\/wp-content\/uploads\/2022\/05\/EN-Photo-Presentation-01-II-World-Day-for-Grandparents-and-the-Elderly-credit-DLFV.jpeg","width":1500,"height":1000,"caption":"Cardenal Farrell"},{"@type":"BreadcrumbList","@id":"https:\/\/exaudi.org\/es\/los-ancianos-son-un-recurso-no-una-emergencia\/#breadcrumb","itemListElement":[{"@type":"ListItem","position":1,"name":"Portada","item":"https:\/\/exaudi.org\/es\/"},{"@type":"ListItem","position":2,"name":"Los ancianos son un recurso, no una emergencia"}]},{"@type":"WebSite","@id":"https:\/\/exaudi.org\/#website","url":"https:\/\/exaudi.org\/","name":"Exaudi","description":"News","potentialAction":[{"@type":"SearchAction","target":{"@type":"EntryPoint","urlTemplate":"https:\/\/exaudi.org\/?s={search_term_string}"},"query-input":{"@type":"PropertyValueSpecification","valueRequired":true,"valueName":"search_term_string"}}],"inLanguage":"es"},{"@type":"Person","@id":"https:\/\/exaudi.org\/#\/schema\/person\/127735be832481a6d3c410c5837bb61a","name":"Andrea Acali","image":{"@type":"ImageObject","inLanguage":"es","@id":"https:\/\/secure.gravatar.com\/avatar\/2abf8e528c4f8c571ab456e5ef9ac66b04b987863e3ab3fd9546150699bb9259?s=96&d=mm&r=g","url":"https:\/\/secure.gravatar.com\/avatar\/2abf8e528c4f8c571ab456e5ef9ac66b04b987863e3ab3fd9546150699bb9259?s=96&d=mm&r=g","contentUrl":"https:\/\/secure.gravatar.com\/avatar\/2abf8e528c4f8c571ab456e5ef9ac66b04b987863e3ab3fd9546150699bb9259?s=96&d=mm&r=g","caption":"Andrea Acali"},"description":"Andrea Acali es un periodista y comunicador italiano con una larga trayectoria en el \u00e1mbito de la informaci\u00f3n religiosa, social y deportiva. Durante casi treinta a\u00f1os trabaj\u00f3 en el diario Il Tempo como vaticanista y jefe de secci\u00f3n, especializ\u00e1ndose en la cobertura de la actualidad del Vaticano y de la Iglesia cat\u00f3lica. Desde 2016 colabora como periodista web en RomaSette y tambi\u00e9n escribe para el peri\u00f3dico Avvenire. Desde 2019 ejerce como comunicador en la Delegazione della Generalitat de Catalunya in Italia, con sede en Roma, donde combina su experiencia period\u00edstica con la comunicaci\u00f3n institucional","sameAs":["https:\/\/www.linkedin.com\/in\/andrea-acali-505567125\/?originalSubdomain=it"],"url":"https:\/\/exaudi.org\/es\/author\/aacaliexaudi-org\/"}]}},"jetpack_featured_media_url":"https:\/\/exaudi.org\/wp-content\/uploads\/2022\/05\/EN-Photo-Presentation-01-II-World-Day-for-Grandparents-and-the-Elderly-credit-DLFV.jpeg","jetpack_shortlink":"https:\/\/wp.me\/pgKjF2-eKR","_links":{"self":[{"href":"https:\/\/exaudi.org\/es\/wp-json\/wp\/v2\/posts\/56721","targetHints":{"allow":["GET"]}}],"collection":[{"href":"https:\/\/exaudi.org\/es\/wp-json\/wp\/v2\/posts"}],"about":[{"href":"https:\/\/exaudi.org\/es\/wp-json\/wp\/v2\/types\/post"}],"author":[{"embeddable":true,"href":"https:\/\/exaudi.org\/es\/wp-json\/wp\/v2\/users\/18"}],"replies":[{"embeddable":true,"href":"https:\/\/exaudi.org\/es\/wp-json\/wp\/v2\/comments?post=56721"}],"version-history":[{"count":0,"href":"https:\/\/exaudi.org\/es\/wp-json\/wp\/v2\/posts\/56721\/revisions"}],"wp:featuredmedia":[{"embeddable":true,"href":"https:\/\/exaudi.org\/es\/wp-json\/wp\/v2\/media\/56706"}],"wp:attachment":[{"href":"https:\/\/exaudi.org\/es\/wp-json\/wp\/v2\/media?parent=56721"}],"wp:term":[{"taxonomy":"category","embeddable":true,"href":"https:\/\/exaudi.org\/es\/wp-json\/wp\/v2\/categories?post=56721"},{"taxonomy":"post_tag","embeddable":true,"href":"https:\/\/exaudi.org\/es\/wp-json\/wp\/v2\/tags?post=56721"}],"curies":[{"name":"wp","href":"https:\/\/api.w.org\/{rel}","templated":true}]}}