{"id":56651,"date":"2022-05-09T19:42:28","date_gmt":"2022-05-09T17:42:28","guid":{"rendered":"https:\/\/exaudi.org\/?p=56651"},"modified":"2022-05-09T19:42:28","modified_gmt":"2022-05-09T17:42:28","slug":"cardenal-arizmendi-infracciones-electorales-de-obispos","status":"publish","type":"post","link":"https:\/\/exaudi.org\/es\/cardenal-arizmendi-infracciones-electorales-de-obispos\/","title":{"rendered":"Cardenal Arizmendi:  Infracciones Electorales de Obispos"},"content":{"rendered":"<p>El <a href=\"https:\/\/exaudi.org\/es\/author\/felipearizmendi\/\">cardenal Felipe Arizmendi<\/a>, obispo em\u00e9rito de San Crist\u00f3bal de Las Casas, nos ofrece su art\u00edculo semanal titulado:\u00a0 Infracciones Electorales de Obispos<\/p>\n<p><strong>MIRAR<\/strong><\/p>\n<p>El jueves 7 de abril, antes de las votaciones sobre la revocaci\u00f3n de mandato del actual Presidente de nuestro pa\u00eds, la Unidad T\u00e9cnica de lo Contencioso Electoral de la Secretar\u00eda Ejecutiva del Instituto Nacional Electoral, por medio de su 34 Junta Distrital Ejecutiva en el Estado de M\u00e9xico, con sede en la ciudad de Toluca, donde resido, me hizo llegar un requerimiento (UT\/SCG\/PE\/SERS\/CG\/196\/2022), para que les aclarara unos puntos referentes a mis escritos sobre dicha revocaci\u00f3n, en raz\u00f3n de que un ciudadano, sin domicilio sino s\u00f3lo con un correo electr\u00f3nico, denunci\u00f3 a la presidencia de nuestra Conferencia Episcopal y a un servidor por \u201cposibles infracciones atribuidas a ministros de culto derivado de la emisi\u00f3n de un par de publicaciones, entre ellas una realizada por el referido Cardenal\u201d. Me pusieron \u201cun plazo de cuarenta y ocho horas\u201d para proporcionarles los datos que me ped\u00edan sobre los medios en que se publicaron mis escritos. De no responder, me impondr\u00edan \u201cuna amonestaci\u00f3n como medida de apremio\u2026 so pena de actualizar una infracci\u00f3n en materia electoral\u201d. Me present\u00e9 personalmente, en tiempo y forma, sin abogados, y respond\u00ed a lo que se me requer\u00eda ante dicha Unidad T\u00e9cnica. Me trataron muy bien y parece que todo qued\u00f3 en paz. Nada me preguntaron sobre el contenido de mis escritos, sino s\u00f3lo sobre algunos puntos colaterales. Ante esto, me pregunto si los obispos dijimos algo que acreditara una infracci\u00f3n electoral, o qu\u00e9 es lo que podemos o no podemos declarar. La Presidencia de nuestra Conferencia Episcopal tuvo que responder por su parte a una demanda sobre el mismo asunto.<\/p>\n<p>El episcopado mexicano emiti\u00f3 un comunicado en que no se inclinaba por ninguna opci\u00f3n pol\u00edtica partidista, sino s\u00f3lo invitaba a reflexionar y orar por este evento democr\u00e1tico, la revocaci\u00f3n de mandato, para que cada ciudadano procediera seg\u00fan su conciencia. En el mismo sentido me expres\u00e9 en mis escritos. Somos muy respetuosos del marco legal y sabemos qu\u00e9 podemos hacer y qu\u00e9 no, siempre y cuando no se violen derechos de los seres humanos y de Dios. No podemos hacer propaganda a favor o en contra de un partido pol\u00edtico, o de un candidato a puestos p\u00fablicos, pero s\u00ed podemos y debemos orientar a la comunidad, a partir de nuestra fe cristiana, para que asuma su responsabilidad ante eventos de esta naturaleza. Esto no es algo contrario a nuestra misi\u00f3n pastoral, pues \u00e9sta no se reduce a rezar y celebrar ritos, sino tambi\u00e9n a procurar que el Evangelio ilumine la vida social; si no, \u00a1para qu\u00e9 sirve!<\/p>\n<p>No falta quien critique al Papa Francisco por abordar temas semejantes en sus documentos, como si eso fuera ajeno a su identidad y misi\u00f3n. Le critican cuando nos invita a cuidar la casa com\u00fan y combatir el cambio clim\u00e1tico; cuando habla de las migraciones, de los pobres, de los pueblos originarios, de la fraternidad universal, de la justicia social. \u00a1Que lean sus enc\u00edclicas y exhortaciones apost\u00f3licas completas! Encontrar\u00e1n motivaciones profundas de fe, desde la Palabra de Dios, para la conversi\u00f3n que necesitamos. Algunos quisieran que,<\/p>\n<p>con su autoridad moral, nada dijera de esto, porque no quieren cambiar y reducen su cristianismo a una religiosidad de rezos y pr\u00e1cticas devocionales sin incidencia en la vida social. Que lean a los profetas y a Jes\u00fas mismo, y no se queden con algunas citas b\u00edblicas parciales, interpretadas farisaicamente.<\/p>\n<p><strong>DISCERNIR<\/strong><\/p>\n<p>El Concilio Vaticano II, en su Constituci\u00f3n Gaudium et spes, sobre la Iglesia en el mundo actual, emitida desde el a\u00f1o 1965, entre muchas otras cosas, dice: \u201cLa misi\u00f3n propia que Cristo confi\u00f3 a su Iglesia no es de orden pol\u00edtico, econ\u00f3mico o social. El fin que le asign\u00f3 es de orden religioso. Pero precisamente de esta misma misi\u00f3n religiosa derivan funciones, luces y energ\u00edas que pueden servir para establecer y consolidar la comunidad humana seg\u00fan la ley divina\u201d (42).<\/p>\n<p>\u201cLa iglesia, que por raz\u00f3n de su misi\u00f3n y de su competencia no se confunde en modo alguno con la comunidad pol\u00edtica ni est\u00e1 ligada a sistema pol\u00edtico alguno, es a la vez signo y salvaguardia del car\u00e1cter trascendente de la persona humana. La comunidad pol\u00edtica y la Iglesia son independientes y aut\u00f3nomas, cada una en su propio terreno. Ambas, sin embargo, aunque por diverso t\u00edtulo, est\u00e1n al servicio de la vocaci\u00f3n personal y social del hombre. Este servicio lo realizar\u00e1n con tanta mayor eficacia, para bien de todos, cuanto m\u00e1s sana y mejor sea la cooperaci\u00f3n entre ellas, habida cuenta de las circunstancias de lugar y tiempo. El hombre, en efecto, no se limita al solo horizonte temporal, sino que, sujeto de la historia humana, mantiene \u00edntegramente su vocaci\u00f3n eterna. La Iglesia, por su parte, fundada en el amor del Redentor, contribuye a difundir cada vez m\u00e1s el reino de la justicia y de la caridad en el seno de cada naci\u00f3n y entre las naciones. Predicando la verdad evang\u00e9lica e iluminando todos los sectores de la acci\u00f3n humana con su doctrina y con el testimonio de los cristianos, respeta y promueve tambi\u00e9n la libertad y la responsabilidad pol\u00edticas del ciudadano\u201d (76).<\/p>\n<p><strong>ACTUAR<\/strong><\/p>\n<p>Creyentes y no creyentes, seguidores de un partido pol\u00edtico o de una corriente ideol\u00f3gica, obispos y gobernantes, un\u00e1monos en la b\u00fasqueda y promoci\u00f3n del mayor bien de la comunidad, sin tantas desconfianzas ni rechazos. Nosotros respetamos las leyes, no pretendemos un poder pol\u00edtico, sino libertad para aportar los valores de nuestra fe en la construcci\u00f3n del bien com\u00fan.<\/p>\n","protected":false},"excerpt":{"rendered":"<p>Mirar, Discernir y Actuar<\/p>\n","protected":false},"author":24,"featured_media":56660,"comment_status":"closed","ping_status":"closed","sticky":false,"template":"","format":"standard","meta":{"_acf_changed":false,"_crdt_document":"","inline_featured_image":false,"footnotes":""},"categories":[130],"tags":[3727,602,4953],"class_list":["post-56651","post","type-post","status-publish","format-standard","has-post-thumbnail","hentry","category-voces","tag-cardenal-felipe-arizmendi","tag-obispos","tag-trending-es"],"acf":[],"yoast_head":"<!-- This site is optimized with the Yoast SEO plugin v27.5 - https:\/\/yoast.com\/product\/yoast-seo-wordpress\/ -->\n<title>Cardenal Arizmendi: Infracciones Electorales de Obispos &#8211; Exaudi<\/title>\n<meta name=\"robots\" content=\"index, follow, max-snippet:-1, max-image-preview:large, max-video-preview:-1\" \/>\n<link rel=\"canonical\" href=\"https:\/\/exaudi.org\/es\/cardenal-arizmendi-infracciones-electorales-de-obispos\/\" \/>\n<meta property=\"og:locale\" content=\"es_ES\" \/>\n<meta property=\"og:type\" content=\"article\" \/>\n<meta property=\"og:title\" content=\"Cardenal Arizmendi: Infracciones Electorales de Obispos &#8211; Exaudi\" \/>\n<meta property=\"og:description\" content=\"Mirar, Discernir y Actuar\" \/>\n<meta property=\"og:url\" content=\"https:\/\/exaudi.org\/es\/cardenal-arizmendi-infracciones-electorales-de-obispos\/\" \/>\n<meta property=\"og:site_name\" content=\"Exaudi\" \/>\n<meta property=\"article:publisher\" content=\"https:\/\/www.facebook.com\/ExaudiNews\" \/>\n<meta property=\"article:published_time\" content=\"2022-05-09T17:42:28+00:00\" \/>\n<meta property=\"og:image\" content=\"https:\/\/exaudi.org\/wp-content\/uploads\/2022\/05\/pexels-shelagh-murphy-1666816-1-1-1400x933-1.jpg\" \/>\n\t<meta property=\"og:image:width\" content=\"1400\" \/>\n\t<meta property=\"og:image:height\" content=\"933\" \/>\n\t<meta property=\"og:image:type\" content=\"image\/jpeg\" \/>\n<meta name=\"author\" content=\"Cardenal Felipe Arizmendi\" \/>\n<meta name=\"twitter:card\" content=\"summary_large_image\" \/>\n<meta name=\"twitter:creator\" content=\"@Exaudi_News\" \/>\n<meta name=\"twitter:site\" content=\"@Exaudi_News\" \/>\n<meta name=\"twitter:label1\" content=\"Escrito por\" \/>\n\t<meta name=\"twitter:data1\" content=\"Cardenal Felipe Arizmendi\" \/>\n\t<meta name=\"twitter:label2\" content=\"Tiempo de lectura\" \/>\n\t<meta name=\"twitter:data2\" content=\"5 minutos\" \/>\n<script type=\"application\/ld+json\" class=\"yoast-schema-graph\">{\"@context\":\"https:\\\/\\\/schema.org\",\"@graph\":[{\"@type\":\"Article\",\"@id\":\"https:\\\/\\\/exaudi.org\\\/es\\\/cardenal-arizmendi-infracciones-electorales-de-obispos\\\/#article\",\"isPartOf\":{\"@id\":\"https:\\\/\\\/exaudi.org\\\/es\\\/cardenal-arizmendi-infracciones-electorales-de-obispos\\\/\"},\"author\":{\"name\":\"Cardenal Felipe Arizmendi\",\"@id\":\"https:\\\/\\\/exaudi.org\\\/#\\\/schema\\\/person\\\/c7d223f87e58f1105d044d8da1439102\"},\"headline\":\"Cardenal Arizmendi: Infracciones Electorales de Obispos\",\"datePublished\":\"2022-05-09T17:42:28+00:00\",\"mainEntityOfPage\":{\"@id\":\"https:\\\/\\\/exaudi.org\\\/es\\\/cardenal-arizmendi-infracciones-electorales-de-obispos\\\/\"},\"wordCount\":1001,\"image\":{\"@id\":\"https:\\\/\\\/exaudi.org\\\/es\\\/cardenal-arizmendi-infracciones-electorales-de-obispos\\\/#primaryimage\"},\"thumbnailUrl\":\"https:\\\/\\\/exaudi.org\\\/wp-content\\\/uploads\\\/2022\\\/05\\\/pexels-shelagh-murphy-1666816-1-1-1400x933-1.jpg\",\"keywords\":[\"Cardenal Felipe Arizmendi\",\"obispos\",\"Trending\"],\"articleSection\":[\"Voces\"],\"inLanguage\":\"es\"},{\"@type\":\"WebPage\",\"@id\":\"https:\\\/\\\/exaudi.org\\\/es\\\/cardenal-arizmendi-infracciones-electorales-de-obispos\\\/\",\"url\":\"https:\\\/\\\/exaudi.org\\\/es\\\/cardenal-arizmendi-infracciones-electorales-de-obispos\\\/\",\"name\":\"Cardenal Arizmendi: Infracciones Electorales de Obispos &#8211; Exaudi\",\"isPartOf\":{\"@id\":\"https:\\\/\\\/exaudi.org\\\/#website\"},\"primaryImageOfPage\":{\"@id\":\"https:\\\/\\\/exaudi.org\\\/es\\\/cardenal-arizmendi-infracciones-electorales-de-obispos\\\/#primaryimage\"},\"image\":{\"@id\":\"https:\\\/\\\/exaudi.org\\\/es\\\/cardenal-arizmendi-infracciones-electorales-de-obispos\\\/#primaryimage\"},\"thumbnailUrl\":\"https:\\\/\\\/exaudi.org\\\/wp-content\\\/uploads\\\/2022\\\/05\\\/pexels-shelagh-murphy-1666816-1-1-1400x933-1.jpg\",\"datePublished\":\"2022-05-09T17:42:28+00:00\",\"author\":{\"@id\":\"https:\\\/\\\/exaudi.org\\\/#\\\/schema\\\/person\\\/c7d223f87e58f1105d044d8da1439102\"},\"breadcrumb\":{\"@id\":\"https:\\\/\\\/exaudi.org\\\/es\\\/cardenal-arizmendi-infracciones-electorales-de-obispos\\\/#breadcrumb\"},\"inLanguage\":\"es\",\"potentialAction\":[{\"@type\":\"ReadAction\",\"target\":[\"https:\\\/\\\/exaudi.org\\\/es\\\/cardenal-arizmendi-infracciones-electorales-de-obispos\\\/\"]}]},{\"@type\":\"ImageObject\",\"inLanguage\":\"es\",\"@id\":\"https:\\\/\\\/exaudi.org\\\/es\\\/cardenal-arizmendi-infracciones-electorales-de-obispos\\\/#primaryimage\",\"url\":\"https:\\\/\\\/exaudi.org\\\/wp-content\\\/uploads\\\/2022\\\/05\\\/pexels-shelagh-murphy-1666816-1-1-1400x933-1.jpg\",\"contentUrl\":\"https:\\\/\\\/exaudi.org\\\/wp-content\\\/uploads\\\/2022\\\/05\\\/pexels-shelagh-murphy-1666816-1-1-1400x933-1.jpg\",\"width\":1400,\"height\":933,\"caption\":\"Multitud \u00a9 Pexels Shelagh Murphy\"},{\"@type\":\"BreadcrumbList\",\"@id\":\"https:\\\/\\\/exaudi.org\\\/es\\\/cardenal-arizmendi-infracciones-electorales-de-obispos\\\/#breadcrumb\",\"itemListElement\":[{\"@type\":\"ListItem\",\"position\":1,\"name\":\"Portada\",\"item\":\"https:\\\/\\\/exaudi.org\\\/es\\\/\"},{\"@type\":\"ListItem\",\"position\":2,\"name\":\"Cardenal Arizmendi: Infracciones Electorales de Obispos\"}]},{\"@type\":\"WebSite\",\"@id\":\"https:\\\/\\\/exaudi.org\\\/#website\",\"url\":\"https:\\\/\\\/exaudi.org\\\/\",\"name\":\"Exaudi\",\"description\":\"News\",\"potentialAction\":[{\"@type\":\"SearchAction\",\"target\":{\"@type\":\"EntryPoint\",\"urlTemplate\":\"https:\\\/\\\/exaudi.org\\\/?s={search_term_string}\"},\"query-input\":{\"@type\":\"PropertyValueSpecification\",\"valueRequired\":true,\"valueName\":\"search_term_string\"}}],\"inLanguage\":\"es\"},{\"@type\":\"Person\",\"@id\":\"https:\\\/\\\/exaudi.org\\\/#\\\/schema\\\/person\\\/c7d223f87e58f1105d044d8da1439102\",\"name\":\"Cardenal Felipe Arizmendi\",\"image\":{\"@type\":\"ImageObject\",\"inLanguage\":\"es\",\"@id\":\"https:\\\/\\\/secure.gravatar.com\\\/avatar\\\/4ffc5520d896b86d39346168903de33a17ef0f23d16de0ff45062c1ff422ed2f?s=96&d=mm&r=g\",\"url\":\"https:\\\/\\\/secure.gravatar.com\\\/avatar\\\/4ffc5520d896b86d39346168903de33a17ef0f23d16de0ff45062c1ff422ed2f?s=96&d=mm&r=g\",\"contentUrl\":\"https:\\\/\\\/secure.gravatar.com\\\/avatar\\\/4ffc5520d896b86d39346168903de33a17ef0f23d16de0ff45062c1ff422ed2f?s=96&d=mm&r=g\",\"caption\":\"Cardenal Felipe Arizmendi\"},\"description\":\"Nacido en Chiltepec el 1 de mayo de 1940. Estudi\u00f3 Humanidades y Filosof\u00eda en el Seminario de Toluca, de 1952 a 1959. Curs\u00f3 la Teolog\u00eda en la Universidad Pontificia de Salamanca, Espa\u00f1a, de 1959 a 1963, obteniendo la licenciatura en Teolog\u00eda Dogm\u00e1tica. Por su cuenta, se especializ\u00f3 en Liturgia. Fue ordenado sacerdote el 25 de agosto de 1963 en Toluca. Sirvi\u00f3 como Vicario Parroquial en tres parroquias por tres a\u00f1os y medio y fue p\u00e1rroco de una comunidad ind\u00edgena otom\u00ed, de 1967 a 1970. Fue Director Espiritual del Seminario de Toluca por diez a\u00f1os, y Rector del mismo de 1981 a 1991. El 7 de marzo de 1991, fue ordenado obispo de la di\u00f3cesis de Tapachula, donde estuvo hasta el 30 de abril del a\u00f1o 2000. El 1 de mayo del 2000, inici\u00f3 su ministerio episcopal como XLVI obispo de la di\u00f3cesis de San Crist\u00f3bal de las Casas, Chiapas, una de las di\u00f3cesis m\u00e1s antiguas de M\u00e9xico, erigida en 1539; all\u00ed sirvi\u00f3 por casi 18 a\u00f1os. Ha ocupado diversos cargos en la Conferencia del Episcopado Mexicano y en el CELAM. El 3 de noviembre de 2017, el Papa Francisco le acept\u00f3, por edad, su renuncia al servicio episcopal en esta di\u00f3cesis, que entreg\u00f3 a su sucesor el 3 de enero de 2018. Desde entonces, reside en la ciudad de Toluca. Desde 1979, escribe art\u00edculos de actualidad en varios medios religiosos y civiles. Es autor de varias publicaciones.\",\"url\":\"https:\\\/\\\/exaudi.org\\\/es\\\/author\\\/felipearizmendi\\\/\"}]}<\/script>\n<!-- \/ Yoast SEO plugin. -->","yoast_head_json":{"title":"Cardenal Arizmendi: Infracciones Electorales de Obispos &#8211; Exaudi","robots":{"index":"index","follow":"follow","max-snippet":"max-snippet:-1","max-image-preview":"max-image-preview:large","max-video-preview":"max-video-preview:-1"},"canonical":"https:\/\/exaudi.org\/es\/cardenal-arizmendi-infracciones-electorales-de-obispos\/","og_locale":"es_ES","og_type":"article","og_title":"Cardenal Arizmendi: Infracciones Electorales de Obispos &#8211; Exaudi","og_description":"Mirar, Discernir y Actuar","og_url":"https:\/\/exaudi.org\/es\/cardenal-arizmendi-infracciones-electorales-de-obispos\/","og_site_name":"Exaudi","article_publisher":"https:\/\/www.facebook.com\/ExaudiNews","article_published_time":"2022-05-09T17:42:28+00:00","og_image":[{"width":1400,"height":933,"url":"https:\/\/exaudi.org\/wp-content\/uploads\/2022\/05\/pexels-shelagh-murphy-1666816-1-1-1400x933-1.jpg","type":"image\/jpeg"}],"author":"Cardenal Felipe Arizmendi","twitter_card":"summary_large_image","twitter_creator":"@Exaudi_News","twitter_site":"@Exaudi_News","twitter_misc":{"Escrito por":"Cardenal Felipe Arizmendi","Tiempo de lectura":"5 minutos"},"schema":{"@context":"https:\/\/schema.org","@graph":[{"@type":"Article","@id":"https:\/\/exaudi.org\/es\/cardenal-arizmendi-infracciones-electorales-de-obispos\/#article","isPartOf":{"@id":"https:\/\/exaudi.org\/es\/cardenal-arizmendi-infracciones-electorales-de-obispos\/"},"author":{"name":"Cardenal Felipe Arizmendi","@id":"https:\/\/exaudi.org\/#\/schema\/person\/c7d223f87e58f1105d044d8da1439102"},"headline":"Cardenal Arizmendi: Infracciones Electorales de Obispos","datePublished":"2022-05-09T17:42:28+00:00","mainEntityOfPage":{"@id":"https:\/\/exaudi.org\/es\/cardenal-arizmendi-infracciones-electorales-de-obispos\/"},"wordCount":1001,"image":{"@id":"https:\/\/exaudi.org\/es\/cardenal-arizmendi-infracciones-electorales-de-obispos\/#primaryimage"},"thumbnailUrl":"https:\/\/exaudi.org\/wp-content\/uploads\/2022\/05\/pexels-shelagh-murphy-1666816-1-1-1400x933-1.jpg","keywords":["Cardenal Felipe Arizmendi","obispos","Trending"],"articleSection":["Voces"],"inLanguage":"es"},{"@type":"WebPage","@id":"https:\/\/exaudi.org\/es\/cardenal-arizmendi-infracciones-electorales-de-obispos\/","url":"https:\/\/exaudi.org\/es\/cardenal-arizmendi-infracciones-electorales-de-obispos\/","name":"Cardenal Arizmendi: Infracciones Electorales de Obispos &#8211; Exaudi","isPartOf":{"@id":"https:\/\/exaudi.org\/#website"},"primaryImageOfPage":{"@id":"https:\/\/exaudi.org\/es\/cardenal-arizmendi-infracciones-electorales-de-obispos\/#primaryimage"},"image":{"@id":"https:\/\/exaudi.org\/es\/cardenal-arizmendi-infracciones-electorales-de-obispos\/#primaryimage"},"thumbnailUrl":"https:\/\/exaudi.org\/wp-content\/uploads\/2022\/05\/pexels-shelagh-murphy-1666816-1-1-1400x933-1.jpg","datePublished":"2022-05-09T17:42:28+00:00","author":{"@id":"https:\/\/exaudi.org\/#\/schema\/person\/c7d223f87e58f1105d044d8da1439102"},"breadcrumb":{"@id":"https:\/\/exaudi.org\/es\/cardenal-arizmendi-infracciones-electorales-de-obispos\/#breadcrumb"},"inLanguage":"es","potentialAction":[{"@type":"ReadAction","target":["https:\/\/exaudi.org\/es\/cardenal-arizmendi-infracciones-electorales-de-obispos\/"]}]},{"@type":"ImageObject","inLanguage":"es","@id":"https:\/\/exaudi.org\/es\/cardenal-arizmendi-infracciones-electorales-de-obispos\/#primaryimage","url":"https:\/\/exaudi.org\/wp-content\/uploads\/2022\/05\/pexels-shelagh-murphy-1666816-1-1-1400x933-1.jpg","contentUrl":"https:\/\/exaudi.org\/wp-content\/uploads\/2022\/05\/pexels-shelagh-murphy-1666816-1-1-1400x933-1.jpg","width":1400,"height":933,"caption":"Multitud \u00a9 Pexels Shelagh Murphy"},{"@type":"BreadcrumbList","@id":"https:\/\/exaudi.org\/es\/cardenal-arizmendi-infracciones-electorales-de-obispos\/#breadcrumb","itemListElement":[{"@type":"ListItem","position":1,"name":"Portada","item":"https:\/\/exaudi.org\/es\/"},{"@type":"ListItem","position":2,"name":"Cardenal Arizmendi: Infracciones Electorales de Obispos"}]},{"@type":"WebSite","@id":"https:\/\/exaudi.org\/#website","url":"https:\/\/exaudi.org\/","name":"Exaudi","description":"News","potentialAction":[{"@type":"SearchAction","target":{"@type":"EntryPoint","urlTemplate":"https:\/\/exaudi.org\/?s={search_term_string}"},"query-input":{"@type":"PropertyValueSpecification","valueRequired":true,"valueName":"search_term_string"}}],"inLanguage":"es"},{"@type":"Person","@id":"https:\/\/exaudi.org\/#\/schema\/person\/c7d223f87e58f1105d044d8da1439102","name":"Cardenal Felipe Arizmendi","image":{"@type":"ImageObject","inLanguage":"es","@id":"https:\/\/secure.gravatar.com\/avatar\/4ffc5520d896b86d39346168903de33a17ef0f23d16de0ff45062c1ff422ed2f?s=96&d=mm&r=g","url":"https:\/\/secure.gravatar.com\/avatar\/4ffc5520d896b86d39346168903de33a17ef0f23d16de0ff45062c1ff422ed2f?s=96&d=mm&r=g","contentUrl":"https:\/\/secure.gravatar.com\/avatar\/4ffc5520d896b86d39346168903de33a17ef0f23d16de0ff45062c1ff422ed2f?s=96&d=mm&r=g","caption":"Cardenal Felipe Arizmendi"},"description":"Nacido en Chiltepec el 1 de mayo de 1940. Estudi\u00f3 Humanidades y Filosof\u00eda en el Seminario de Toluca, de 1952 a 1959. Curs\u00f3 la Teolog\u00eda en la Universidad Pontificia de Salamanca, Espa\u00f1a, de 1959 a 1963, obteniendo la licenciatura en Teolog\u00eda Dogm\u00e1tica. Por su cuenta, se especializ\u00f3 en Liturgia. Fue ordenado sacerdote el 25 de agosto de 1963 en Toluca. Sirvi\u00f3 como Vicario Parroquial en tres parroquias por tres a\u00f1os y medio y fue p\u00e1rroco de una comunidad ind\u00edgena otom\u00ed, de 1967 a 1970. Fue Director Espiritual del Seminario de Toluca por diez a\u00f1os, y Rector del mismo de 1981 a 1991. El 7 de marzo de 1991, fue ordenado obispo de la di\u00f3cesis de Tapachula, donde estuvo hasta el 30 de abril del a\u00f1o 2000. El 1 de mayo del 2000, inici\u00f3 su ministerio episcopal como XLVI obispo de la di\u00f3cesis de San Crist\u00f3bal de las Casas, Chiapas, una de las di\u00f3cesis m\u00e1s antiguas de M\u00e9xico, erigida en 1539; all\u00ed sirvi\u00f3 por casi 18 a\u00f1os. Ha ocupado diversos cargos en la Conferencia del Episcopado Mexicano y en el CELAM. El 3 de noviembre de 2017, el Papa Francisco le acept\u00f3, por edad, su renuncia al servicio episcopal en esta di\u00f3cesis, que entreg\u00f3 a su sucesor el 3 de enero de 2018. Desde entonces, reside en la ciudad de Toluca. Desde 1979, escribe art\u00edculos de actualidad en varios medios religiosos y civiles. Es autor de varias publicaciones.","url":"https:\/\/exaudi.org\/es\/author\/felipearizmendi\/"}]}},"jetpack_featured_media_url":"https:\/\/exaudi.org\/wp-content\/uploads\/2022\/05\/pexels-shelagh-murphy-1666816-1-1-1400x933-1.jpg","jetpack_shortlink":"https:\/\/wp.me\/pgKjF2-eJJ","_links":{"self":[{"href":"https:\/\/exaudi.org\/es\/wp-json\/wp\/v2\/posts\/56651","targetHints":{"allow":["GET"]}}],"collection":[{"href":"https:\/\/exaudi.org\/es\/wp-json\/wp\/v2\/posts"}],"about":[{"href":"https:\/\/exaudi.org\/es\/wp-json\/wp\/v2\/types\/post"}],"author":[{"embeddable":true,"href":"https:\/\/exaudi.org\/es\/wp-json\/wp\/v2\/users\/24"}],"replies":[{"embeddable":true,"href":"https:\/\/exaudi.org\/es\/wp-json\/wp\/v2\/comments?post=56651"}],"version-history":[{"count":0,"href":"https:\/\/exaudi.org\/es\/wp-json\/wp\/v2\/posts\/56651\/revisions"}],"wp:featuredmedia":[{"embeddable":true,"href":"https:\/\/exaudi.org\/es\/wp-json\/wp\/v2\/media\/56660"}],"wp:attachment":[{"href":"https:\/\/exaudi.org\/es\/wp-json\/wp\/v2\/media?parent=56651"}],"wp:term":[{"taxonomy":"category","embeddable":true,"href":"https:\/\/exaudi.org\/es\/wp-json\/wp\/v2\/categories?post=56651"},{"taxonomy":"post_tag","embeddable":true,"href":"https:\/\/exaudi.org\/es\/wp-json\/wp\/v2\/tags?post=56651"}],"curies":[{"name":"wp","href":"https:\/\/api.w.org\/{rel}","templated":true}]}}