{"id":56607,"date":"2022-05-07T19:54:52","date_gmt":"2022-05-07T17:54:52","guid":{"rendered":"https:\/\/exaudi.org\/?p=56607"},"modified":"2022-05-08T14:45:13","modified_gmt":"2022-05-08T12:45:13","slug":"no-es-posible-adorar-a-dios-y-al-mismo-tiempo-hacer-de-la-liturgia-un-campo-de-batalla","status":"publish","type":"post","link":"https:\/\/exaudi.org\/es\/no-es-posible-adorar-a-dios-y-al-mismo-tiempo-hacer-de-la-liturgia-un-campo-de-batalla\/","title":{"rendered":"\u201cNo es posible adorar a Dios y al mismo tiempo hacer de la liturgia un campo de batalla\u201d"},"content":{"rendered":"<p>Con motivo del 60 aniversario de su fundaci\u00f3n, el Papa Francisco recibi\u00f3 hoy, en Audiencia en el Palacio Apost\u00f3lico Vaticano, a los Profesores y Estudiantes del Pontificio Instituto Lit\u00fargico.<br \/>\nA continuaci\u00f3n, el discurso que el Santo Padre les dirigi\u00f3 durante la audiencia:<\/p>\n<p><strong>Discurso del Santo Padre Francisco a los profesores y estudiantes del Pontificio Instituto Lit\u00fargico<\/strong><\/p>\n<p>Queridos hermanos y hermanas, \u00a1buenos d\u00edas y bienvenidos!<\/p>\n<p>Gracias, Padre Abad Primado, por su presentaci\u00f3n. \u00a1El italiano ha mejorado! Muy bien. Saludo al Padre Rector, al Padre Decano, a los Profesores y a todos vosotros, queridos alumnos y antiguos alumnos del Pontificio Instituto Lit\u00fargico.<\/p>\n<p>Me alegra recibiros con motivo del 60 aniversario de su fundaci\u00f3n. Fue una respuesta a la creciente necesidad del Pueblo de Dios de vivir y participar m\u00e1s intensamente en la vida lit\u00fargica de la Iglesia; una exigencia que encontr\u00f3 en el Concilio Vaticano II la verificaci\u00f3n esclarecedora con la Constituci\u00f3n Sacrosanctum Concilium. A estas alturas, la dedicaci\u00f3n de vuestra instituci\u00f3n al estudio de la liturgia es bien reconocida. Expertos formados en vuestras aulas promueven la vida lit\u00fargica de muchas di\u00f3cesis en contextos culturales muy diferentes.<\/p>\n<p>Tres dimensiones emergen claramente del impulso a conciliar a la renovaci\u00f3n de la vida lit\u00fargica. La primera es la participaci\u00f3n activa y fruct\u00edfera en la liturgia; la segunda es la comuni\u00f3n eclesial animada por la celebraci\u00f3n de la Eucarist\u00eda y los Sacramentos de la Iglesia; y la tercera es el impulso a la misi\u00f3n de evangelizar a partir de la vida lit\u00fargica que involucra a todos los bautizados. El Pontificio Instituto Lit\u00fargico est\u00e1 al servicio de esta triple necesidad.<\/p>\n<p>En primer lugar, la formaci\u00f3n para vivir y promover la participaci\u00f3n activa en la vida lit\u00fargica. El estudio profundo y cient\u00edfico de la liturgia debe impulsaros a fomentar, como ha querido el Concilio, esta dimensi\u00f3n fundamental de la vida cristiana. La clave aqu\u00ed es educar a las personas para que entren en el esp\u00edritu de la liturgia. Y para saber hacerlo es necesario estar imbuido de este esp\u00edritu. A San Anselmo, quisiera decirle, esto deber\u00eda suceder: estar imbuido del esp\u00edritu de la liturgia, sentir su misterio, con un asombro siempre nuevo. La liturgia no se posee, no, no es una profesi\u00f3n: la liturgia se aprende, la liturgia se celebra. Llegar a esta actitud de celebrar la liturgia. Y uno participa activamente s\u00f3lo en la medida en que uno entra en este esp\u00edritu de celebraci\u00f3n. No se trata de ritos, es el misterio de Cristo, que de una vez por todas revel\u00f3 y cumpli\u00f3 lo sagrado, el sacrificio y el sacerdocio. Adoraci\u00f3n en esp\u00edritu y verdad. Todo esto, en vuestro Instituto, debe ser meditado, asimilado, yo dir\u00eda \u00abrespirado\u00bb. En la escuela de las Escrituras, de los Padres, de la Tradici\u00f3n, de los Santos. S\u00f3lo as\u00ed se puede traducir la participaci\u00f3n en un mayor sentido de la Iglesia, que nos hace vivir evang\u00e9licamente en cada \u00e9poca y en cada circunstancia. Y esta actitud de celebrar tambi\u00e9n sufre tentaciones. Sobre esto quisiera subrayar el peligro, la tentaci\u00f3n del formalismo lit\u00fargico: ir tras las formas, las formalidades m\u00e1s que la realidad, como vemos hoy. en esos movimientos que intentan un poco volver atr\u00e1s y negar precisamente el Concilio Vaticano II. Entonces la celebraci\u00f3n es recitar, algo sin vida, sin alegr\u00eda.<\/p>\n<p>Vuestra dedicaci\u00f3n al estudio lit\u00fargico, tanto por parte de profesores como de estudiantes, os hace crecer tambi\u00e9n en la comuni\u00f3n eclesial. La vida lit\u00fargica, de hecho, nos abre al otro, a lo m\u00e1s cercano y alejado de la Iglesia, en nuestra pertenencia com\u00fan a Cristo. Dar gloria a Dios en la liturgia encuentra su confirmaci\u00f3n en el amor al pr\u00f3jimo, en el compromiso de vivir como hermanos y hermanas en las situaciones cotidianas, en la comunidad en la que me encuentro, con sus m\u00e9ritos. y sus limitaciones. Este es el camino hacia la verdadera santificaci\u00f3n. Por lo tanto, la formaci\u00f3n del Pueblo de Dios es una tarea fundamental para vivir una vida lit\u00fargica plenamente eclesial.<\/p>\n<p>Y el tercer aspecto. Cada celebraci\u00f3n lit\u00fargica siempre termina con la misi\u00f3n. Lo que vivimos y celebramos nos lleva a salir al encuentro de los dem\u00e1s, a conocer el mundo que nos rodea, a satisfacer las alegr\u00edas y necesidades de tantos que quiz\u00e1s viven. sin conocer el don de Dios. La vida lit\u00fargica genuina, especialmente la Eucarist\u00eda, nos impulsa siempre a la caridad, que es sobre todo apertura y atenci\u00f3n a los dem\u00e1s. Esta actitud siempre comienza y se basa en la oraci\u00f3n, especialmente en la oraci\u00f3n lit\u00fargica. Y esta dimensi\u00f3n tambi\u00e9n nos abre al di\u00e1logo, al encuentro, al esp\u00edritu ecum\u00e9nico, a la aceptaci\u00f3n.<\/p>\n<figure id=\"attachment_56611\" aria-describedby=\"caption-attachment-56611\" style=\"width: 300px\" class=\"wp-caption alignleft\"><img loading=\"lazy\" decoding=\"async\" class=\"wp-image-56611 size-medium\" src=\"https:\/\/exaudi.org\/wp-content\/uploads\/2022\/05\/PapaFrancescoRRSS-300x200.jpeg\" alt=\"\" width=\"300\" height=\"200\" srcset=\"https:\/\/exaudi.org\/wp-content\/uploads\/2022\/05\/PapaFrancescoRRSS-300x200.jpeg 300w, https:\/\/exaudi.org\/wp-content\/uploads\/2022\/05\/PapaFrancescoRRSS-770x513.jpeg 770w, https:\/\/exaudi.org\/wp-content\/uploads\/2022\/05\/PapaFrancescoRRSS-360x240.jpeg?crop=1 360w, https:\/\/exaudi.org\/wp-content\/uploads\/2022\/05\/PapaFrancescoRRSS-500x333.jpeg 500w, https:\/\/exaudi.org\/wp-content\/uploads\/2022\/05\/PapaFrancescoRRSS-370x247.jpeg 370w, https:\/\/exaudi.org\/wp-content\/uploads\/2022\/05\/PapaFrancescoRRSS-293x195.jpeg 293w, https:\/\/exaudi.org\/wp-content\/uploads\/2022\/05\/PapaFrancescoRRSS-120x80.jpeg 120w, https:\/\/exaudi.org\/wp-content\/uploads\/2022\/05\/PapaFrancescoRRSS-240x160.jpeg 240w, https:\/\/exaudi.org\/wp-content\/uploads\/2022\/05\/PapaFrancescoRRSS-390x260.jpeg 390w, https:\/\/exaudi.org\/wp-content\/uploads\/2022\/05\/PapaFrancescoRRSS.jpeg 800w\" sizes=\"auto, (max-width: 300px) 100vw, 300px\" \/><figcaption id=\"caption-attachment-56611\" class=\"wp-caption-text\">\u00a9 Vatican Media<\/figcaption><\/figure>\n<p>Me he detenido brevemente en estas tres dimensiones fundamentales. Vuelvo a insistir en que la vida lit\u00fargica, y el estudio de la misma, debe conducir a una mayor unidad eclesial, no a la divisi\u00f3n. Cuando la vida lit\u00fargica es un poco una bandera de divisi\u00f3n, hay el olor del diablo all\u00ed, el enga\u00f1ador. No es posible adorar a Dios y al mismo tiempo hacer de la liturgia un campo de batalla para cuestiones que no son esenciales, por el contrario, para cuestiones obsoletas y tomar una posici\u00f3n, a partir de la liturgia, con ideolog\u00edas que dividen a la Iglesia. El Evangelio y la Tradici\u00f3n de la Iglesia nos llaman a estar firmemente unidos en lo esencial y a compartir leg\u00edtimas diferencias en la armon\u00eda del Esp\u00edritu. Por lo tanto, el Concilio quiso preparar con abundancia la mesa de la Palabra de Dios y de la Eucarist\u00eda, para hacer posible la presencia de Dios en medio de su Pueblo. As\u00ed, la Iglesia, a trav\u00e9s de la oraci\u00f3n lit\u00fargica, prolonga la obra de Cristo en medio de los hombres y mujeres de todos los tiempos, y tambi\u00e9n en medio de la creaci\u00f3n, dispensando la gracia de su presencia. sacramental. La liturgia debe ser estudiada permaneciendo fiel a este misterio de la Iglesia.<\/p>\n<p>Es cierto que toda reforma crea resistencia. Recuerdo, yo era ni\u00f1o, cuando P\u00edo XII comenz\u00f3 con la primera reforma lit\u00fargica, la primera: se puede beber agua antes de la comuni\u00f3n, ayunar durante una hora&#8230; \u00ab\u00a1Pero esto va en contra de la santidad de la Eucarist\u00eda! \u00ab, se rasgaron la ropa. Luego, la misa de la tarde: \u00ab\u00a1Pero c\u00f3mo, es que la misa es por la ma\u00f1ana!\u00bb. Luego, la reforma del Triduo Pascual: \u00abPero c\u00f3mo, en s\u00e1bado el Se\u00f1or debe levantarse, ahora lo posponen al domingo, al s\u00e1bado por la noche, el domingo no suenan las campanas &#8230; \u00bfY a d\u00f3nde van las doce profec\u00edas?\u00bb Todas estas cosas escandalizaron las mentalidades cerradas. Sucede incluso hoy. De hecho, estas mentalidades cerradas utilizan esquemas lit\u00fargicos para defender su punto de vista. Usando la liturgia: este es el drama que estamos viviendo en los grupos eclesiales que se distancian de la Iglesia, cuestionan el Concilio, la autoridad de los obispos&#8230;, para preservar la tradici\u00f3n. Y la liturgia se utiliza para esto.<\/p>\n<p>Los desaf\u00edos de nuestro mundo y del momento presente son muy fuertes. La Iglesia necesita hoy como siempre vivir de acuerdo con la liturgia. Los Padres del Concilio hicieron un gran trabajo para que as\u00ed fuera. Debemos continuar esta tarea de formarnos en la liturgia para ser formados por la liturgia. La Sant\u00edsima Virgen Mar\u00eda junto con los Ap\u00f3stoles oraron, partieron el Pan y vivieron la caridad con todos. Que por su intercesi\u00f3n, la liturgia de la Iglesia haga presente hoy y siempre este modelo de vida cristiana.<\/p>\n<p>Os doy las gracias por el servicio que prest\u00e1is a la Iglesia y os animo a llevarlo adelante en la alegr\u00eda del Esp\u00edritu. Os bendigo de coraz\u00f3n.<br \/>\nY les pido que por favor oren por m\u00ed.<br \/>\nGracias.<\/p>\n","protected":false},"excerpt":{"rendered":"<p>El Papa Francisco en la Audiencia a los Profesores y Estudiantes del Pontificio Instituto Lit\u00fargico<\/p>\n","protected":false},"author":15,"featured_media":56608,"comment_status":"closed","ping_status":"closed","sticky":false,"template":"","format":"standard","meta":{"_acf_changed":false,"_crdt_document":"","inline_featured_image":false,"footnotes":""},"categories":[124,59,68],"tags":[158,4953],"class_list":["post-56607","post","type-post","status-publish","format-standard","has-post-thumbnail","hentry","category-discursos","category-featured-news","category-leon-xiv","tag-papa-francisco","tag-trending-es"],"acf":[],"yoast_head":"<!-- This site is optimized with the Yoast SEO plugin v27.4 - https:\/\/yoast.com\/product\/yoast-seo-wordpress\/ -->\n<title>\u201cNo es posible adorar a Dios y al mismo tiempo hacer de la liturgia un campo de batalla\u201d &#8211; Exaudi<\/title>\n<meta name=\"robots\" content=\"index, follow, max-snippet:-1, max-image-preview:large, max-video-preview:-1\" \/>\n<link rel=\"canonical\" href=\"https:\/\/exaudi.org\/es\/no-es-posible-adorar-a-dios-y-al-mismo-tiempo-hacer-de-la-liturgia-un-campo-de-batalla\/\" \/>\n<meta property=\"og:locale\" content=\"es_ES\" \/>\n<meta property=\"og:type\" content=\"article\" \/>\n<meta property=\"og:title\" content=\"\u201cNo es posible adorar a Dios y al mismo tiempo hacer de la liturgia un campo de batalla\u201d &#8211; Exaudi\" \/>\n<meta property=\"og:description\" content=\"El Papa Francisco en la Audiencia a los Profesores y Estudiantes del Pontificio Instituto Lit\u00fargico\" \/>\n<meta property=\"og:url\" content=\"https:\/\/exaudi.org\/es\/no-es-posible-adorar-a-dios-y-al-mismo-tiempo-hacer-de-la-liturgia-un-campo-de-batalla\/\" \/>\n<meta property=\"og:site_name\" content=\"Exaudi\" \/>\n<meta property=\"article:publisher\" content=\"https:\/\/www.facebook.com\/ExaudiNews\" \/>\n<meta property=\"article:author\" content=\"https:\/\/www.facebook.com\/ExaudiNoticias\/\" \/>\n<meta property=\"article:published_time\" content=\"2022-05-07T17:54:52+00:00\" \/>\n<meta property=\"article:modified_time\" content=\"2022-05-08T12:45:13+00:00\" \/>\n<meta property=\"og:image\" content=\"https:\/\/exaudi.org\/wp-content\/uploads\/2022\/05\/PapaFrancesco.jpeg\" \/>\n\t<meta property=\"og:image:width\" content=\"800\" \/>\n\t<meta property=\"og:image:height\" content=\"533\" \/>\n\t<meta property=\"og:image:type\" content=\"image\/jpeg\" \/>\n<meta name=\"author\" content=\"Exaudi Redacci\u00f3n\" \/>\n<meta name=\"twitter:card\" content=\"summary_large_image\" \/>\n<meta name=\"twitter:creator\" content=\"@Exaudi_noticias\" \/>\n<meta name=\"twitter:site\" content=\"@Exaudi_News\" \/>\n<meta name=\"twitter:label1\" content=\"Escrito por\" \/>\n\t<meta name=\"twitter:data1\" content=\"Exaudi Redacci\u00f3n\" \/>\n\t<meta name=\"twitter:label2\" content=\"Tiempo de lectura\" \/>\n\t<meta name=\"twitter:data2\" content=\"6 minutos\" \/>\n<script type=\"application\/ld+json\" class=\"yoast-schema-graph\">{\"@context\":\"https:\\\/\\\/schema.org\",\"@graph\":[{\"@type\":\"Article\",\"@id\":\"https:\\\/\\\/exaudi.org\\\/es\\\/no-es-posible-adorar-a-dios-y-al-mismo-tiempo-hacer-de-la-liturgia-un-campo-de-batalla\\\/#article\",\"isPartOf\":{\"@id\":\"https:\\\/\\\/exaudi.org\\\/es\\\/no-es-posible-adorar-a-dios-y-al-mismo-tiempo-hacer-de-la-liturgia-un-campo-de-batalla\\\/\"},\"author\":{\"name\":\"Exaudi Redacci\u00f3n\",\"@id\":\"https:\\\/\\\/exaudi.org\\\/#\\\/schema\\\/person\\\/f5fc8f063065e38742da7afe15f25df7\"},\"headline\":\"\u201cNo es posible adorar a Dios y al mismo tiempo hacer de la liturgia un campo de batalla\u201d\",\"datePublished\":\"2022-05-07T17:54:52+00:00\",\"dateModified\":\"2022-05-08T12:45:13+00:00\",\"mainEntityOfPage\":{\"@id\":\"https:\\\/\\\/exaudi.org\\\/es\\\/no-es-posible-adorar-a-dios-y-al-mismo-tiempo-hacer-de-la-liturgia-un-campo-de-batalla\\\/\"},\"wordCount\":1411,\"image\":{\"@id\":\"https:\\\/\\\/exaudi.org\\\/es\\\/no-es-posible-adorar-a-dios-y-al-mismo-tiempo-hacer-de-la-liturgia-un-campo-de-batalla\\\/#primaryimage\"},\"thumbnailUrl\":\"https:\\\/\\\/exaudi.org\\\/wp-content\\\/uploads\\\/2022\\\/05\\\/PapaFrancesco.jpeg\",\"keywords\":[\"papa francisco\",\"Trending\"],\"articleSection\":[\"Discursos\",\"Featured News\",\"Le\u00f3n XIV\"],\"inLanguage\":\"es\"},{\"@type\":\"WebPage\",\"@id\":\"https:\\\/\\\/exaudi.org\\\/es\\\/no-es-posible-adorar-a-dios-y-al-mismo-tiempo-hacer-de-la-liturgia-un-campo-de-batalla\\\/\",\"url\":\"https:\\\/\\\/exaudi.org\\\/es\\\/no-es-posible-adorar-a-dios-y-al-mismo-tiempo-hacer-de-la-liturgia-un-campo-de-batalla\\\/\",\"name\":\"\u201cNo es posible adorar a Dios y al mismo tiempo hacer de la liturgia un campo de batalla\u201d &#8211; Exaudi\",\"isPartOf\":{\"@id\":\"https:\\\/\\\/exaudi.org\\\/#website\"},\"primaryImageOfPage\":{\"@id\":\"https:\\\/\\\/exaudi.org\\\/es\\\/no-es-posible-adorar-a-dios-y-al-mismo-tiempo-hacer-de-la-liturgia-un-campo-de-batalla\\\/#primaryimage\"},\"image\":{\"@id\":\"https:\\\/\\\/exaudi.org\\\/es\\\/no-es-posible-adorar-a-dios-y-al-mismo-tiempo-hacer-de-la-liturgia-un-campo-de-batalla\\\/#primaryimage\"},\"thumbnailUrl\":\"https:\\\/\\\/exaudi.org\\\/wp-content\\\/uploads\\\/2022\\\/05\\\/PapaFrancesco.jpeg\",\"datePublished\":\"2022-05-07T17:54:52+00:00\",\"dateModified\":\"2022-05-08T12:45:13+00:00\",\"author\":{\"@id\":\"https:\\\/\\\/exaudi.org\\\/#\\\/schema\\\/person\\\/f5fc8f063065e38742da7afe15f25df7\"},\"breadcrumb\":{\"@id\":\"https:\\\/\\\/exaudi.org\\\/es\\\/no-es-posible-adorar-a-dios-y-al-mismo-tiempo-hacer-de-la-liturgia-un-campo-de-batalla\\\/#breadcrumb\"},\"inLanguage\":\"es\",\"potentialAction\":[{\"@type\":\"ReadAction\",\"target\":[\"https:\\\/\\\/exaudi.org\\\/es\\\/no-es-posible-adorar-a-dios-y-al-mismo-tiempo-hacer-de-la-liturgia-un-campo-de-batalla\\\/\"]}]},{\"@type\":\"ImageObject\",\"inLanguage\":\"es\",\"@id\":\"https:\\\/\\\/exaudi.org\\\/es\\\/no-es-posible-adorar-a-dios-y-al-mismo-tiempo-hacer-de-la-liturgia-un-campo-de-batalla\\\/#primaryimage\",\"url\":\"https:\\\/\\\/exaudi.org\\\/wp-content\\\/uploads\\\/2022\\\/05\\\/PapaFrancesco.jpeg\",\"contentUrl\":\"https:\\\/\\\/exaudi.org\\\/wp-content\\\/uploads\\\/2022\\\/05\\\/PapaFrancesco.jpeg\",\"width\":800,\"height\":533,\"caption\":\"\u00a9 Vatican Media\"},{\"@type\":\"BreadcrumbList\",\"@id\":\"https:\\\/\\\/exaudi.org\\\/es\\\/no-es-posible-adorar-a-dios-y-al-mismo-tiempo-hacer-de-la-liturgia-un-campo-de-batalla\\\/#breadcrumb\",\"itemListElement\":[{\"@type\":\"ListItem\",\"position\":1,\"name\":\"Portada\",\"item\":\"https:\\\/\\\/exaudi.org\\\/es\\\/\"},{\"@type\":\"ListItem\",\"position\":2,\"name\":\"\u201cNo es posible adorar a Dios y al mismo tiempo hacer de la liturgia un campo de batalla\u201d\"}]},{\"@type\":\"WebSite\",\"@id\":\"https:\\\/\\\/exaudi.org\\\/#website\",\"url\":\"https:\\\/\\\/exaudi.org\\\/\",\"name\":\"Exaudi\",\"description\":\"News\",\"potentialAction\":[{\"@type\":\"SearchAction\",\"target\":{\"@type\":\"EntryPoint\",\"urlTemplate\":\"https:\\\/\\\/exaudi.org\\\/?s={search_term_string}\"},\"query-input\":{\"@type\":\"PropertyValueSpecification\",\"valueRequired\":true,\"valueName\":\"search_term_string\"}}],\"inLanguage\":\"es\"},{\"@type\":\"Person\",\"@id\":\"https:\\\/\\\/exaudi.org\\\/#\\\/schema\\\/person\\\/f5fc8f063065e38742da7afe15f25df7\",\"name\":\"Exaudi Redacci\u00f3n\",\"image\":{\"@type\":\"ImageObject\",\"inLanguage\":\"es\",\"@id\":\"https:\\\/\\\/secure.gravatar.com\\\/avatar\\\/fe0f6a059fb68d9b3e11bc5850dd4899b1c7492091a3cb6dd9b01b56ad828be2?s=96&d=mm&r=g\",\"url\":\"https:\\\/\\\/secure.gravatar.com\\\/avatar\\\/fe0f6a059fb68d9b3e11bc5850dd4899b1c7492091a3cb6dd9b01b56ad828be2?s=96&d=mm&r=g\",\"contentUrl\":\"https:\\\/\\\/secure.gravatar.com\\\/avatar\\\/fe0f6a059fb68d9b3e11bc5850dd4899b1c7492091a3cb6dd9b01b56ad828be2?s=96&d=mm&r=g\",\"caption\":\"Exaudi Redacci\u00f3n\"},\"description\":\"\u00bfQu\u00e9 es Exaudi News? Exaudi News es un medio de comunicaci\u00f3n cat\u00f3lico internacional que informa, forma y transforma, diariamente en espa\u00f1ol, ingl\u00e9s e italiano. A trav\u00e9s de noticias, art\u00edculos de an\u00e1lisis y transmisiones en directo de los eventos del Papa, Exaudi busca fortalecer la unidad de los cristianos y contribuir a la evangelizaci\u00f3n del mundo, siempre guiados por la doctrina social de la Iglesia. Trabajamos para acercar la verdad y los valores cristianos a cada rinc\u00f3n del planeta. \u00a1Ay\u00fadanos a transformar el mundo con Exaudi! En Exaudi creemos que la evangelizaci\u00f3n y la informaci\u00f3n de calidad pueden cambiar vidas. Para continuar con nuestra misi\u00f3n y expandir nuestro alcance, necesitamos tu ayuda. Adem\u00e1s, buscamos personas comprometidas que deseen unirse a nuestro equipo. Con tu apoyo, lograremos llegar a m\u00e1s personas, difundir el mensaje de Cristo y reforzar la unidad de los cristianos. \u00bfTe unes a nuestra misi\u00f3n? Para m\u00e1s informaci\u00f3n sobre c\u00f3mo colaborar, visita Exaudi.org\\\/es o cont\u00e1ctanos directamente: info@exaudi.org Exaudi: Informa, forma y transforma.\",\"sameAs\":[\"https:\\\/\\\/www.facebook.com\\\/ExaudiNoticias\\\/\",\"https:\\\/\\\/www.instagram.com\\\/exaudi_noticias\\\/\",\"https:\\\/\\\/x.com\\\/Exaudi_noticias\",\"https:\\\/\\\/www.youtube.com\\\/@exaudicatholicnews\"],\"url\":\"https:\\\/\\\/exaudi.org\\\/es\\\/author\\\/redaccionexaudi\\\/\"}]}<\/script>\n<!-- \/ Yoast SEO plugin. -->","yoast_head_json":{"title":"\u201cNo es posible adorar a Dios y al mismo tiempo hacer de la liturgia un campo de batalla\u201d &#8211; Exaudi","robots":{"index":"index","follow":"follow","max-snippet":"max-snippet:-1","max-image-preview":"max-image-preview:large","max-video-preview":"max-video-preview:-1"},"canonical":"https:\/\/exaudi.org\/es\/no-es-posible-adorar-a-dios-y-al-mismo-tiempo-hacer-de-la-liturgia-un-campo-de-batalla\/","og_locale":"es_ES","og_type":"article","og_title":"\u201cNo es posible adorar a Dios y al mismo tiempo hacer de la liturgia un campo de batalla\u201d &#8211; Exaudi","og_description":"El Papa Francisco en la Audiencia a los Profesores y Estudiantes del Pontificio Instituto Lit\u00fargico","og_url":"https:\/\/exaudi.org\/es\/no-es-posible-adorar-a-dios-y-al-mismo-tiempo-hacer-de-la-liturgia-un-campo-de-batalla\/","og_site_name":"Exaudi","article_publisher":"https:\/\/www.facebook.com\/ExaudiNews","article_author":"https:\/\/www.facebook.com\/ExaudiNoticias\/","article_published_time":"2022-05-07T17:54:52+00:00","article_modified_time":"2022-05-08T12:45:13+00:00","og_image":[{"width":800,"height":533,"url":"https:\/\/exaudi.org\/wp-content\/uploads\/2022\/05\/PapaFrancesco.jpeg","type":"image\/jpeg"}],"author":"Exaudi Redacci\u00f3n","twitter_card":"summary_large_image","twitter_creator":"@Exaudi_noticias","twitter_site":"@Exaudi_News","twitter_misc":{"Escrito por":"Exaudi Redacci\u00f3n","Tiempo de lectura":"6 minutos"},"schema":{"@context":"https:\/\/schema.org","@graph":[{"@type":"Article","@id":"https:\/\/exaudi.org\/es\/no-es-posible-adorar-a-dios-y-al-mismo-tiempo-hacer-de-la-liturgia-un-campo-de-batalla\/#article","isPartOf":{"@id":"https:\/\/exaudi.org\/es\/no-es-posible-adorar-a-dios-y-al-mismo-tiempo-hacer-de-la-liturgia-un-campo-de-batalla\/"},"author":{"name":"Exaudi Redacci\u00f3n","@id":"https:\/\/exaudi.org\/#\/schema\/person\/f5fc8f063065e38742da7afe15f25df7"},"headline":"\u201cNo es posible adorar a Dios y al mismo tiempo hacer de la liturgia un campo de batalla\u201d","datePublished":"2022-05-07T17:54:52+00:00","dateModified":"2022-05-08T12:45:13+00:00","mainEntityOfPage":{"@id":"https:\/\/exaudi.org\/es\/no-es-posible-adorar-a-dios-y-al-mismo-tiempo-hacer-de-la-liturgia-un-campo-de-batalla\/"},"wordCount":1411,"image":{"@id":"https:\/\/exaudi.org\/es\/no-es-posible-adorar-a-dios-y-al-mismo-tiempo-hacer-de-la-liturgia-un-campo-de-batalla\/#primaryimage"},"thumbnailUrl":"https:\/\/exaudi.org\/wp-content\/uploads\/2022\/05\/PapaFrancesco.jpeg","keywords":["papa francisco","Trending"],"articleSection":["Discursos","Featured News","Le\u00f3n XIV"],"inLanguage":"es"},{"@type":"WebPage","@id":"https:\/\/exaudi.org\/es\/no-es-posible-adorar-a-dios-y-al-mismo-tiempo-hacer-de-la-liturgia-un-campo-de-batalla\/","url":"https:\/\/exaudi.org\/es\/no-es-posible-adorar-a-dios-y-al-mismo-tiempo-hacer-de-la-liturgia-un-campo-de-batalla\/","name":"\u201cNo es posible adorar a Dios y al mismo tiempo hacer de la liturgia un campo de batalla\u201d &#8211; Exaudi","isPartOf":{"@id":"https:\/\/exaudi.org\/#website"},"primaryImageOfPage":{"@id":"https:\/\/exaudi.org\/es\/no-es-posible-adorar-a-dios-y-al-mismo-tiempo-hacer-de-la-liturgia-un-campo-de-batalla\/#primaryimage"},"image":{"@id":"https:\/\/exaudi.org\/es\/no-es-posible-adorar-a-dios-y-al-mismo-tiempo-hacer-de-la-liturgia-un-campo-de-batalla\/#primaryimage"},"thumbnailUrl":"https:\/\/exaudi.org\/wp-content\/uploads\/2022\/05\/PapaFrancesco.jpeg","datePublished":"2022-05-07T17:54:52+00:00","dateModified":"2022-05-08T12:45:13+00:00","author":{"@id":"https:\/\/exaudi.org\/#\/schema\/person\/f5fc8f063065e38742da7afe15f25df7"},"breadcrumb":{"@id":"https:\/\/exaudi.org\/es\/no-es-posible-adorar-a-dios-y-al-mismo-tiempo-hacer-de-la-liturgia-un-campo-de-batalla\/#breadcrumb"},"inLanguage":"es","potentialAction":[{"@type":"ReadAction","target":["https:\/\/exaudi.org\/es\/no-es-posible-adorar-a-dios-y-al-mismo-tiempo-hacer-de-la-liturgia-un-campo-de-batalla\/"]}]},{"@type":"ImageObject","inLanguage":"es","@id":"https:\/\/exaudi.org\/es\/no-es-posible-adorar-a-dios-y-al-mismo-tiempo-hacer-de-la-liturgia-un-campo-de-batalla\/#primaryimage","url":"https:\/\/exaudi.org\/wp-content\/uploads\/2022\/05\/PapaFrancesco.jpeg","contentUrl":"https:\/\/exaudi.org\/wp-content\/uploads\/2022\/05\/PapaFrancesco.jpeg","width":800,"height":533,"caption":"\u00a9 Vatican Media"},{"@type":"BreadcrumbList","@id":"https:\/\/exaudi.org\/es\/no-es-posible-adorar-a-dios-y-al-mismo-tiempo-hacer-de-la-liturgia-un-campo-de-batalla\/#breadcrumb","itemListElement":[{"@type":"ListItem","position":1,"name":"Portada","item":"https:\/\/exaudi.org\/es\/"},{"@type":"ListItem","position":2,"name":"\u201cNo es posible adorar a Dios y al mismo tiempo hacer de la liturgia un campo de batalla\u201d"}]},{"@type":"WebSite","@id":"https:\/\/exaudi.org\/#website","url":"https:\/\/exaudi.org\/","name":"Exaudi","description":"News","potentialAction":[{"@type":"SearchAction","target":{"@type":"EntryPoint","urlTemplate":"https:\/\/exaudi.org\/?s={search_term_string}"},"query-input":{"@type":"PropertyValueSpecification","valueRequired":true,"valueName":"search_term_string"}}],"inLanguage":"es"},{"@type":"Person","@id":"https:\/\/exaudi.org\/#\/schema\/person\/f5fc8f063065e38742da7afe15f25df7","name":"Exaudi Redacci\u00f3n","image":{"@type":"ImageObject","inLanguage":"es","@id":"https:\/\/secure.gravatar.com\/avatar\/fe0f6a059fb68d9b3e11bc5850dd4899b1c7492091a3cb6dd9b01b56ad828be2?s=96&d=mm&r=g","url":"https:\/\/secure.gravatar.com\/avatar\/fe0f6a059fb68d9b3e11bc5850dd4899b1c7492091a3cb6dd9b01b56ad828be2?s=96&d=mm&r=g","contentUrl":"https:\/\/secure.gravatar.com\/avatar\/fe0f6a059fb68d9b3e11bc5850dd4899b1c7492091a3cb6dd9b01b56ad828be2?s=96&d=mm&r=g","caption":"Exaudi Redacci\u00f3n"},"description":"\u00bfQu\u00e9 es Exaudi News? Exaudi News es un medio de comunicaci\u00f3n cat\u00f3lico internacional que informa, forma y transforma, diariamente en espa\u00f1ol, ingl\u00e9s e italiano. A trav\u00e9s de noticias, art\u00edculos de an\u00e1lisis y transmisiones en directo de los eventos del Papa, Exaudi busca fortalecer la unidad de los cristianos y contribuir a la evangelizaci\u00f3n del mundo, siempre guiados por la doctrina social de la Iglesia. Trabajamos para acercar la verdad y los valores cristianos a cada rinc\u00f3n del planeta. \u00a1Ay\u00fadanos a transformar el mundo con Exaudi! En Exaudi creemos que la evangelizaci\u00f3n y la informaci\u00f3n de calidad pueden cambiar vidas. Para continuar con nuestra misi\u00f3n y expandir nuestro alcance, necesitamos tu ayuda. Adem\u00e1s, buscamos personas comprometidas que deseen unirse a nuestro equipo. Con tu apoyo, lograremos llegar a m\u00e1s personas, difundir el mensaje de Cristo y reforzar la unidad de los cristianos. \u00bfTe unes a nuestra misi\u00f3n? Para m\u00e1s informaci\u00f3n sobre c\u00f3mo colaborar, visita Exaudi.org\/es o cont\u00e1ctanos directamente: info@exaudi.org Exaudi: Informa, forma y transforma.","sameAs":["https:\/\/www.facebook.com\/ExaudiNoticias\/","https:\/\/www.instagram.com\/exaudi_noticias\/","https:\/\/x.com\/Exaudi_noticias","https:\/\/www.youtube.com\/@exaudicatholicnews"],"url":"https:\/\/exaudi.org\/es\/author\/redaccionexaudi\/"}]}},"jetpack_featured_media_url":"https:\/\/exaudi.org\/wp-content\/uploads\/2022\/05\/PapaFrancesco.jpeg","jetpack_shortlink":"https:\/\/wp.me\/pgKjF2-eJ1","_links":{"self":[{"href":"https:\/\/exaudi.org\/es\/wp-json\/wp\/v2\/posts\/56607","targetHints":{"allow":["GET"]}}],"collection":[{"href":"https:\/\/exaudi.org\/es\/wp-json\/wp\/v2\/posts"}],"about":[{"href":"https:\/\/exaudi.org\/es\/wp-json\/wp\/v2\/types\/post"}],"author":[{"embeddable":true,"href":"https:\/\/exaudi.org\/es\/wp-json\/wp\/v2\/users\/15"}],"replies":[{"embeddable":true,"href":"https:\/\/exaudi.org\/es\/wp-json\/wp\/v2\/comments?post=56607"}],"version-history":[{"count":0,"href":"https:\/\/exaudi.org\/es\/wp-json\/wp\/v2\/posts\/56607\/revisions"}],"wp:featuredmedia":[{"embeddable":true,"href":"https:\/\/exaudi.org\/es\/wp-json\/wp\/v2\/media\/56608"}],"wp:attachment":[{"href":"https:\/\/exaudi.org\/es\/wp-json\/wp\/v2\/media?parent=56607"}],"wp:term":[{"taxonomy":"category","embeddable":true,"href":"https:\/\/exaudi.org\/es\/wp-json\/wp\/v2\/categories?post=56607"},{"taxonomy":"post_tag","embeddable":true,"href":"https:\/\/exaudi.org\/es\/wp-json\/wp\/v2\/tags?post=56607"}],"curies":[{"name":"wp","href":"https:\/\/api.w.org\/{rel}","templated":true}]}}