{"id":56441,"date":"2022-05-01T15:56:52","date_gmt":"2022-05-01T13:56:52","guid":{"rendered":"https:\/\/exaudi.org\/?p=56441"},"modified":"2022-05-02T18:19:06","modified_gmt":"2022-05-02T16:19:06","slug":"la-fe-no-es-una-cuestion-de-saber-sino-de-amor","status":"publish","type":"post","link":"https:\/\/exaudi.org\/es\/la-fe-no-es-una-cuestion-de-saber-sino-de-amor\/","title":{"rendered":"\u201cLa fe no es una cuesti\u00f3n de saber, sino de amor\u201d"},"content":{"rendered":"<p>\u201cHoy el Resucitado nos pregunta tambi\u00e9n a nosotros: \u00bf<em>Me quieres?<\/em>\u00a0Porque en la Pascua quiere que resurja tambi\u00e9n nuestro coraz\u00f3n; porque la fe no es una cuesti\u00f3n de saber, \u00a1sino de amor!\u201d, expres\u00f3 el Papa Francisco en el <a href=\"https:\/\/exaudi.org\/es\/papa-francisco-mayo-mes-de-maria-rosario-por-la-paz\/\" target=\"_blank\" rel=\"noopener\"><em>Regina Coeli<\/em> <\/a>de este domingo, 1 de mayo de 2022.<\/p>\n<p>El Evangelio de hoy narra la tercera aparici\u00f3n de Jes\u00fas a los ap\u00f3stoles, un encuentro con ellos en el lago de Galilea. Se\u00f1al\u00f3 el Papa, all\u00ed a orillas del lago, desmoralizados y desilusionados, mientras el Resucitado se hace esperar, los disc\u00edpulos deciden volver a la vida de antes, la de pescadores que, sin embargo, no pescan nada. Un sentimiento y un estado de \u00e1nimo, en particular de Pedro, que nosotros tambi\u00e9n podemos experimentar, dijo el Santo Padre, cuando por \u201ccansancio, desilusi\u00f3n, por pereza, nos olvidemos del Se\u00f1or y descuidemos las grandes opciones que hemos tomado, para contentarnos con otra cosa\u201d.<\/p>\n<p>\u201cHoy siento que he retrocedido&#8230;\u201d, ponte de nuevo en camino con Jes\u00fas, reinicia, navega mar adentro. \u00a1Est\u00e1 esper\u00e1ndote! Y \u00c9l piensa solo en ti, en m\u00ed, en cada uno de nosotros\u201d. \u00a0Apunt\u00f3 el Pont\u00edfice, \u201cHoy el Resucitado nos lo pregunta tambi\u00e9n a nosotros: \u00bf<em>Me quieres?<\/em>\u00a0Porque en la Pascua quiere que resurja tambi\u00e9n nuestro coraz\u00f3n; porque la fe no es una cuesti\u00f3n de saber, sino de amor. \u00bf<em>Me quieres?<\/em>, te pregunta Jes\u00fas a ti, a m\u00ed, a nosotros, que tenemos las redes vac\u00edas y muchas veces tenemos miedo de recomenzar; a ti, a m\u00ed, a todos nosotros, que no tenemos el valor de zambullirnos y quiz\u00e1s hemos perdido empuje\u201d.<\/p>\n<p>Finalmente, el Papa subray\u00f3, \u201c\u00bf<em>Me quieres?<\/em>, pregunta Jes\u00fas. Desde entonces, Pedro dej\u00f3 de pescar para siempre y se dedic\u00f3 al servicio de Dios y de los hermanos, hasta entregar su vida aqu\u00ed, donde nos encontramos ahora. Y nosotros, \u00bfqueremos amar a Jes\u00fas?\u201d<\/p>\n<p>A continuaci\u00f3n, siguen las palabras del Papa al introducir la oraci\u00f3n mariana, ofrecidas por la Oficina de Prensa de la Santa Sede:<\/p>\n<p>***<\/p>\n<h4><strong>Palabras del Papa<\/strong><\/h4>\n<p><em>Queridos hermanos y hermanas, \u00a1feliz domingo!<\/em><\/p>\n<p>El Evangelio de la Liturgia de hoy <a href=\"https:\/\/www.dominicos.org\/predicacion\/homilia\/1-5-2022\/lecturas\/\" target=\"_blank\" rel=\"noopener\">(<em>Jn<\/em>\u00a021,1-19)<\/a> narra la tercera aparici\u00f3n de Jes\u00fas resucitado a los ap\u00f3stoles. Es un encuentro que tiene lugar a orillas del lago de Galilea e implica sobre todo a Sim\u00f3n Pedro. Todo comienza con \u00e9l que les dice a los otros disc\u00edpulos: \u201cVoy a pescar\u201d (v. 3). Algo normal, era un pescador, pero hab\u00eda abandonado este oficio desde que dej\u00f3 las redes para seguir a Jes\u00fas, precisamente a orillas de este mismo lago. Y ahora, mientras el Resucitado se hace esperar, Pedro, tal vez algo desmoralizado, les propone a los otros volver a la vida de antes. Y estos aceptan: \u201cTambi\u00e9n nosotros vamos contigo\u201d. Pero \u201caquella noche no pescaron nada\u201d (v. 3).<\/p>\n<p>Tambi\u00e9n a nosotros nos puede pasar que, por cansancio, desilusi\u00f3n, quiz\u00e1s por pereza, nos olvidemos del Se\u00f1or y descuidemos las grandes opciones que hemos tomado, para contentarnos con otra cosa. Por ejemplo, no dedicamos tiempo a hablar en familia, y preferimos los pasatiempos personales; nos olvidamos de la oraci\u00f3n, dej\u00e1ndonos arrebatar por nuestras necesidades; descuidamos la caridad, con la excusa de las prisas diarias. Pero al hacer esto nos sentimos desilusionados: era precisamente la desilusi\u00f3n que sent\u00eda Pedro, con las redes vac\u00edas, como \u00e9l. Es un camino que te hace retroceder y no te satisface.<\/p>\n<p>\u00bfQu\u00e9 hace Jes\u00fas con Pedro? Vuelve de nuevo a la orilla del lago donde lo hab\u00eda elegido a \u00e9l, y a Andr\u00e9s, Santiago y Juan, a los cuatro los hab\u00eda elegido all\u00ed. No hace reproches \u2014Jes\u00fas no reprocha, toca el coraz\u00f3n, siempre\u2014, sino que llama a sus disc\u00edpulos con ternura: \u201cMuchachos\u201d (v. 5). Luego los exhorta, como en el pasado, a echar de nuevo las redes con valent\u00eda. Y una vez m\u00e1s las redes se llenan hasta lo inveros\u00edmil. Hermanos y hermanas, cuando en la vida tenemos las redes vac\u00edas, no es el momento de autocompadecernos, de divertirnos, de volver a los viejos pasatiempos. Es el momento de ponerse en camino con Jes\u00fas, es el momento de hallar el valor de recomenzar, es el momento de navegar mar adentro con Jes\u00fas. Tres verbos: volver a empezar, recomenzar, zarpar de nuevo. Siempre, ante una desilusi\u00f3n, o ante una vida que ha perdido un poco su sentido \u2014\u201choy siento que he retrocedido&#8230;\u201d\u2014, ponte de nuevo en camino con Jes\u00fas, reinicia, navega mar adentro. \u00a1Est\u00e1 esper\u00e1ndote! Y \u00c9l piensa solo en ti, en m\u00ed, en cada uno de nosotros.<\/p>\n<p>A Pedro le hac\u00eda falta ese \u201cshock\u201d Cuando oye a Juan gritar: \u201c\u00a1Es el Se\u00f1or!\u201d (v. 7), se lanza inmediatamente al agua y nada hasta donde estaba Jes\u00fas. Es un gesto de amor, porque el amor va m\u00e1s all\u00e1 de lo \u00fatil, lo conveniente y lo debido; el amor genera asombro, inspira impulsos creativos, gratuitos. As\u00ed, mientras Juan, el m\u00e1s joven, reconoce al Se\u00f1or, es Pedro, m\u00e1s anciano, quien se lanza al agua para ir a su encuentro. En esa zambullida est\u00e1 todo el impulso recobrado de Sim\u00f3n Pedro.<\/p>\n<p>Queridos hermanos y hermanas, hoy Cristo resucitado nos invita a un nuevo impulso, a todos, a cada uno de nosotros, nos invita zambullirnos en el bien sin miedo de perder algo, sin hacer demasiados c\u00e1lculos, sin esperar a que empiecen los otros. \u00bfPor qu\u00e9? No esperar a los otros, porque para ir al encuentro de Jes\u00fas hay que comprometerse. Hay que tomar posici\u00f3n con valent\u00eda, recomenzar, y recomenzar comprometi\u00e9ndose, arriesgar. Pregunt\u00e9monos: \u00bfsoy capaz de un arranque de generosidad, o contengo los impulsos del coraz\u00f3n y me cierro en la costumbre, en el miedo? Lanzarse, zambullirse. Esta es la palabra de hoy de Jes\u00fas.<\/p>\n<p>Luego, al final de este episodio, Jes\u00fas le hace tres veces a Pedro la pregunta: \u201c\u00bfMe quieres?\u201d (vv. 15.16). Hoy el Resucitado nos lo pregunta tambi\u00e9n a nosotros: \u00bf<em>Me quieres?<\/em>\u00a0Porque en la Pascua quiere que resurja tambi\u00e9n nuestro coraz\u00f3n; porque la fe no es una cuesti\u00f3n de saber, sino de amor. \u00bf<em>Me quieres?<\/em>, te pregunta Jes\u00fas a ti, a m\u00ed, a nosotros, que tenemos las redes vac\u00edas y muchas veces tenemos miedo de recomenzar; a ti, a m\u00ed, a todos nosotros, que no tenemos el valor de zambullirnos y quiz\u00e1s hemos perdido empuje. \u00bf<em>Me quieres?<\/em>, pregunta Jes\u00fas. Desde entonces, Pedro dej\u00f3 de pescar para siempre y se dedic\u00f3 al servicio de Dios y de los hermanos, hasta entregar su vida aqu\u00ed, donde nos encontramos ahora. Y nosotros, \u00bfqueremos amar a Jes\u00fas?<\/p>\n<p>Que la Virgen, que con prontitud dijo \u201cs\u00ed\u201d al Se\u00f1or, nos ayude a encontrar el impulso del bien.<\/p>\n","protected":false},"excerpt":{"rendered":"<p>Palabras del Santo Padre antes del Regina Coeli<\/p>\n","protected":false},"author":7,"featured_media":56442,"comment_status":"closed","ping_status":"closed","sticky":false,"template":"","format":"standard","meta":{"_acf_changed":false,"_crdt_document":"","inline_featured_image":false,"footnotes":""},"categories":[1387],"tags":[2419,6258],"class_list":["post-56441","post","type-post","status-publish","format-standard","has-post-thumbnail","hentry","category-regina-coeli-es","tag-featured","tag-regina-coeli-1-mayo-2022"],"acf":[],"yoast_head":"<!-- This site is optimized with the Yoast SEO plugin v27.4 - https:\/\/yoast.com\/product\/yoast-seo-wordpress\/ -->\n<title>\u201cLa fe no es una cuesti\u00f3n de saber, sino de amor\u201d &#8211; Exaudi<\/title>\n<meta name=\"robots\" content=\"index, follow, max-snippet:-1, max-image-preview:large, max-video-preview:-1\" \/>\n<link rel=\"canonical\" href=\"https:\/\/exaudi.org\/es\/faith-is-not-a-question-of-knowledge-but-of-love\/\" \/>\n<meta property=\"og:locale\" content=\"es_ES\" \/>\n<meta property=\"og:type\" content=\"article\" \/>\n<meta property=\"og:title\" content=\"\u201cLa fe no es una cuesti\u00f3n de saber, sino de amor\u201d &#8211; Exaudi\" \/>\n<meta property=\"og:description\" content=\"Palabras del Santo Padre antes del Regina Coeli\" \/>\n<meta property=\"og:url\" content=\"https:\/\/exaudi.org\/faith-is-not-a-question-of-knowledge-but-of-love\/\" \/>\n<meta property=\"og:site_name\" content=\"Exaudi\" \/>\n<meta property=\"article:publisher\" content=\"https:\/\/www.facebook.com\/ExaudiNews\" \/>\n<meta property=\"article:published_time\" content=\"2022-05-01T13:56:52+00:00\" \/>\n<meta property=\"article:modified_time\" content=\"2022-05-02T16:19:06+00:00\" \/>\n<meta property=\"og:image\" content=\"https:\/\/exaudi.org\/wp-content\/uploads\/2022\/05\/Regina-Coeli-1-mayo-2022-scaled.jpg\" \/>\n\t<meta property=\"og:image:width\" content=\"2560\" \/>\n\t<meta property=\"og:image:height\" content=\"1707\" \/>\n\t<meta property=\"og:image:type\" content=\"image\/jpeg\" \/>\n<meta name=\"author\" content=\"Raquel Anillo\" \/>\n<meta name=\"twitter:card\" content=\"summary_large_image\" \/>\n<meta name=\"twitter:creator\" content=\"@Exaudi_News\" \/>\n<meta name=\"twitter:site\" content=\"@Exaudi_News\" \/>\n<meta name=\"twitter:label1\" content=\"Escrito por\" \/>\n\t<meta name=\"twitter:data1\" content=\"Raquel Anillo\" \/>\n\t<meta name=\"twitter:label2\" content=\"Tiempo de lectura\" \/>\n\t<meta name=\"twitter:data2\" content=\"5 minutos\" \/>\n<script type=\"application\/ld+json\" class=\"yoast-schema-graph\">{\"@context\":\"https:\\\/\\\/schema.org\",\"@graph\":[{\"@type\":\"Article\",\"@id\":\"https:\\\/\\\/exaudi.org\\\/faith-is-not-a-question-of-knowledge-but-of-love\\\/#article\",\"isPartOf\":{\"@id\":\"https:\\\/\\\/exaudi.org\\\/faith-is-not-a-question-of-knowledge-but-of-love\\\/\"},\"author\":{\"name\":\"Raquel Anillo\",\"@id\":\"https:\\\/\\\/exaudi.org\\\/#\\\/schema\\\/person\\\/6ff0af358a606d657c4b1b6e0d5c85cb\"},\"headline\":\"\u201cLa fe no es una cuesti\u00f3n de saber, sino de amor\u201d\",\"datePublished\":\"2022-05-01T13:56:52+00:00\",\"dateModified\":\"2022-05-02T16:19:06+00:00\",\"mainEntityOfPage\":{\"@id\":\"https:\\\/\\\/exaudi.org\\\/faith-is-not-a-question-of-knowledge-but-of-love\\\/\"},\"wordCount\":1163,\"image\":{\"@id\":\"https:\\\/\\\/exaudi.org\\\/faith-is-not-a-question-of-knowledge-but-of-love\\\/#primaryimage\"},\"thumbnailUrl\":\"https:\\\/\\\/exaudi.org\\\/wp-content\\\/uploads\\\/2022\\\/05\\\/Regina-Coeli-1-mayo-2022-scaled.jpg\",\"keywords\":[\"Featured\",\"Regina Coeli 1 mayo 2022\"],\"articleSection\":[\"Regina Coeli\"],\"inLanguage\":\"es\"},{\"@type\":\"WebPage\",\"@id\":\"https:\\\/\\\/exaudi.org\\\/faith-is-not-a-question-of-knowledge-but-of-love\\\/\",\"url\":\"https:\\\/\\\/exaudi.org\\\/faith-is-not-a-question-of-knowledge-but-of-love\\\/\",\"name\":\"\u201cLa fe no es una cuesti\u00f3n de saber, sino de amor\u201d &#8211; Exaudi\",\"isPartOf\":{\"@id\":\"https:\\\/\\\/exaudi.org\\\/#website\"},\"primaryImageOfPage\":{\"@id\":\"https:\\\/\\\/exaudi.org\\\/faith-is-not-a-question-of-knowledge-but-of-love\\\/#primaryimage\"},\"image\":{\"@id\":\"https:\\\/\\\/exaudi.org\\\/faith-is-not-a-question-of-knowledge-but-of-love\\\/#primaryimage\"},\"thumbnailUrl\":\"https:\\\/\\\/exaudi.org\\\/wp-content\\\/uploads\\\/2022\\\/05\\\/Regina-Coeli-1-mayo-2022-scaled.jpg\",\"datePublished\":\"2022-05-01T13:56:52+00:00\",\"dateModified\":\"2022-05-02T16:19:06+00:00\",\"author\":{\"@id\":\"https:\\\/\\\/exaudi.org\\\/#\\\/schema\\\/person\\\/6ff0af358a606d657c4b1b6e0d5c85cb\"},\"breadcrumb\":{\"@id\":\"https:\\\/\\\/exaudi.org\\\/faith-is-not-a-question-of-knowledge-but-of-love\\\/#breadcrumb\"},\"inLanguage\":\"es\",\"potentialAction\":[{\"@type\":\"ReadAction\",\"target\":[\"https:\\\/\\\/exaudi.org\\\/faith-is-not-a-question-of-knowledge-but-of-love\\\/\"]}]},{\"@type\":\"ImageObject\",\"inLanguage\":\"es\",\"@id\":\"https:\\\/\\\/exaudi.org\\\/faith-is-not-a-question-of-knowledge-but-of-love\\\/#primaryimage\",\"url\":\"https:\\\/\\\/exaudi.org\\\/wp-content\\\/uploads\\\/2022\\\/05\\\/Regina-Coeli-1-mayo-2022-scaled.jpg\",\"contentUrl\":\"https:\\\/\\\/exaudi.org\\\/wp-content\\\/uploads\\\/2022\\\/05\\\/Regina-Coeli-1-mayo-2022-scaled.jpg\",\"width\":2560,\"height\":1707,\"caption\":\"Regina Coeli 1 mayo 2022 \u00a9 Vatican Media\"},{\"@type\":\"BreadcrumbList\",\"@id\":\"https:\\\/\\\/exaudi.org\\\/faith-is-not-a-question-of-knowledge-but-of-love\\\/#breadcrumb\",\"itemListElement\":[{\"@type\":\"ListItem\",\"position\":1,\"name\":\"Portada\",\"item\":\"https:\\\/\\\/exaudi.org\\\/es\\\/\"},{\"@type\":\"ListItem\",\"position\":2,\"name\":\"\u201cLa fe no es una cuesti\u00f3n de saber, sino de amor\u201d\"}]},{\"@type\":\"WebSite\",\"@id\":\"https:\\\/\\\/exaudi.org\\\/#website\",\"url\":\"https:\\\/\\\/exaudi.org\\\/\",\"name\":\"Exaudi\",\"description\":\"News\",\"potentialAction\":[{\"@type\":\"SearchAction\",\"target\":{\"@type\":\"EntryPoint\",\"urlTemplate\":\"https:\\\/\\\/exaudi.org\\\/?s={search_term_string}\"},\"query-input\":{\"@type\":\"PropertyValueSpecification\",\"valueRequired\":true,\"valueName\":\"search_term_string\"}}],\"inLanguage\":\"es\"},{\"@type\":\"Person\",\"@id\":\"https:\\\/\\\/exaudi.org\\\/#\\\/schema\\\/person\\\/6ff0af358a606d657c4b1b6e0d5c85cb\",\"name\":\"Raquel Anillo\",\"image\":{\"@type\":\"ImageObject\",\"inLanguage\":\"es\",\"@id\":\"https:\\\/\\\/secure.gravatar.com\\\/avatar\\\/7f88757c095badfcf277fb437d860f221e7a4fb83008b887cccb1f1299f66efb?s=96&d=mm&r=g\",\"url\":\"https:\\\/\\\/secure.gravatar.com\\\/avatar\\\/7f88757c095badfcf277fb437d860f221e7a4fb83008b887cccb1f1299f66efb?s=96&d=mm&r=g\",\"contentUrl\":\"https:\\\/\\\/secure.gravatar.com\\\/avatar\\\/7f88757c095badfcf277fb437d860f221e7a4fb83008b887cccb1f1299f66efb?s=96&d=mm&r=g\",\"caption\":\"Raquel Anillo\"},\"description\":\"Casada. Comprometida con la Iglesia. Traductora e int\u00e9rprete para la Comunidad Emmanuel, especialmente para las sesiones internacionales de Paray le Monial (Francia) 1986 al 2005. Colaboradora de Zenit de 2012-2014 y de 2017-2020 como traductora.\",\"url\":\"https:\\\/\\\/exaudi.org\\\/es\\\/author\\\/ranilloexaudi-org\\\/\"}]}<\/script>\n<!-- \/ Yoast SEO plugin. -->","yoast_head_json":{"title":"\u201cLa fe no es una cuesti\u00f3n de saber, sino de amor\u201d &#8211; Exaudi","robots":{"index":"index","follow":"follow","max-snippet":"max-snippet:-1","max-image-preview":"max-image-preview:large","max-video-preview":"max-video-preview:-1"},"canonical":"https:\/\/exaudi.org\/es\/faith-is-not-a-question-of-knowledge-but-of-love\/","og_locale":"es_ES","og_type":"article","og_title":"\u201cLa fe no es una cuesti\u00f3n de saber, sino de amor\u201d &#8211; Exaudi","og_description":"Palabras del Santo Padre antes del Regina Coeli","og_url":"https:\/\/exaudi.org\/faith-is-not-a-question-of-knowledge-but-of-love\/","og_site_name":"Exaudi","article_publisher":"https:\/\/www.facebook.com\/ExaudiNews","article_published_time":"2022-05-01T13:56:52+00:00","article_modified_time":"2022-05-02T16:19:06+00:00","og_image":[{"width":2560,"height":1707,"url":"https:\/\/exaudi.org\/wp-content\/uploads\/2022\/05\/Regina-Coeli-1-mayo-2022-scaled.jpg","type":"image\/jpeg"}],"author":"Raquel Anillo","twitter_card":"summary_large_image","twitter_creator":"@Exaudi_News","twitter_site":"@Exaudi_News","twitter_misc":{"Escrito por":"Raquel Anillo","Tiempo de lectura":"5 minutos"},"schema":{"@context":"https:\/\/schema.org","@graph":[{"@type":"Article","@id":"https:\/\/exaudi.org\/faith-is-not-a-question-of-knowledge-but-of-love\/#article","isPartOf":{"@id":"https:\/\/exaudi.org\/faith-is-not-a-question-of-knowledge-but-of-love\/"},"author":{"name":"Raquel Anillo","@id":"https:\/\/exaudi.org\/#\/schema\/person\/6ff0af358a606d657c4b1b6e0d5c85cb"},"headline":"\u201cLa fe no es una cuesti\u00f3n de saber, sino de amor\u201d","datePublished":"2022-05-01T13:56:52+00:00","dateModified":"2022-05-02T16:19:06+00:00","mainEntityOfPage":{"@id":"https:\/\/exaudi.org\/faith-is-not-a-question-of-knowledge-but-of-love\/"},"wordCount":1163,"image":{"@id":"https:\/\/exaudi.org\/faith-is-not-a-question-of-knowledge-but-of-love\/#primaryimage"},"thumbnailUrl":"https:\/\/exaudi.org\/wp-content\/uploads\/2022\/05\/Regina-Coeli-1-mayo-2022-scaled.jpg","keywords":["Featured","Regina Coeli 1 mayo 2022"],"articleSection":["Regina Coeli"],"inLanguage":"es"},{"@type":"WebPage","@id":"https:\/\/exaudi.org\/faith-is-not-a-question-of-knowledge-but-of-love\/","url":"https:\/\/exaudi.org\/faith-is-not-a-question-of-knowledge-but-of-love\/","name":"\u201cLa fe no es una cuesti\u00f3n de saber, sino de amor\u201d &#8211; Exaudi","isPartOf":{"@id":"https:\/\/exaudi.org\/#website"},"primaryImageOfPage":{"@id":"https:\/\/exaudi.org\/faith-is-not-a-question-of-knowledge-but-of-love\/#primaryimage"},"image":{"@id":"https:\/\/exaudi.org\/faith-is-not-a-question-of-knowledge-but-of-love\/#primaryimage"},"thumbnailUrl":"https:\/\/exaudi.org\/wp-content\/uploads\/2022\/05\/Regina-Coeli-1-mayo-2022-scaled.jpg","datePublished":"2022-05-01T13:56:52+00:00","dateModified":"2022-05-02T16:19:06+00:00","author":{"@id":"https:\/\/exaudi.org\/#\/schema\/person\/6ff0af358a606d657c4b1b6e0d5c85cb"},"breadcrumb":{"@id":"https:\/\/exaudi.org\/faith-is-not-a-question-of-knowledge-but-of-love\/#breadcrumb"},"inLanguage":"es","potentialAction":[{"@type":"ReadAction","target":["https:\/\/exaudi.org\/faith-is-not-a-question-of-knowledge-but-of-love\/"]}]},{"@type":"ImageObject","inLanguage":"es","@id":"https:\/\/exaudi.org\/faith-is-not-a-question-of-knowledge-but-of-love\/#primaryimage","url":"https:\/\/exaudi.org\/wp-content\/uploads\/2022\/05\/Regina-Coeli-1-mayo-2022-scaled.jpg","contentUrl":"https:\/\/exaudi.org\/wp-content\/uploads\/2022\/05\/Regina-Coeli-1-mayo-2022-scaled.jpg","width":2560,"height":1707,"caption":"Regina Coeli 1 mayo 2022 \u00a9 Vatican Media"},{"@type":"BreadcrumbList","@id":"https:\/\/exaudi.org\/faith-is-not-a-question-of-knowledge-but-of-love\/#breadcrumb","itemListElement":[{"@type":"ListItem","position":1,"name":"Portada","item":"https:\/\/exaudi.org\/es\/"},{"@type":"ListItem","position":2,"name":"\u201cLa fe no es una cuesti\u00f3n de saber, sino de amor\u201d"}]},{"@type":"WebSite","@id":"https:\/\/exaudi.org\/#website","url":"https:\/\/exaudi.org\/","name":"Exaudi","description":"News","potentialAction":[{"@type":"SearchAction","target":{"@type":"EntryPoint","urlTemplate":"https:\/\/exaudi.org\/?s={search_term_string}"},"query-input":{"@type":"PropertyValueSpecification","valueRequired":true,"valueName":"search_term_string"}}],"inLanguage":"es"},{"@type":"Person","@id":"https:\/\/exaudi.org\/#\/schema\/person\/6ff0af358a606d657c4b1b6e0d5c85cb","name":"Raquel Anillo","image":{"@type":"ImageObject","inLanguage":"es","@id":"https:\/\/secure.gravatar.com\/avatar\/7f88757c095badfcf277fb437d860f221e7a4fb83008b887cccb1f1299f66efb?s=96&d=mm&r=g","url":"https:\/\/secure.gravatar.com\/avatar\/7f88757c095badfcf277fb437d860f221e7a4fb83008b887cccb1f1299f66efb?s=96&d=mm&r=g","contentUrl":"https:\/\/secure.gravatar.com\/avatar\/7f88757c095badfcf277fb437d860f221e7a4fb83008b887cccb1f1299f66efb?s=96&d=mm&r=g","caption":"Raquel Anillo"},"description":"Casada. Comprometida con la Iglesia. Traductora e int\u00e9rprete para la Comunidad Emmanuel, especialmente para las sesiones internacionales de Paray le Monial (Francia) 1986 al 2005. Colaboradora de Zenit de 2012-2014 y de 2017-2020 como traductora.","url":"https:\/\/exaudi.org\/es\/author\/ranilloexaudi-org\/"}]}},"jetpack_featured_media_url":"https:\/\/exaudi.org\/wp-content\/uploads\/2022\/05\/Regina-Coeli-1-mayo-2022-scaled.jpg","jetpack_shortlink":"https:\/\/wp.me\/pgKjF2-eGl","_links":{"self":[{"href":"https:\/\/exaudi.org\/es\/wp-json\/wp\/v2\/posts\/56441","targetHints":{"allow":["GET"]}}],"collection":[{"href":"https:\/\/exaudi.org\/es\/wp-json\/wp\/v2\/posts"}],"about":[{"href":"https:\/\/exaudi.org\/es\/wp-json\/wp\/v2\/types\/post"}],"author":[{"embeddable":true,"href":"https:\/\/exaudi.org\/es\/wp-json\/wp\/v2\/users\/7"}],"replies":[{"embeddable":true,"href":"https:\/\/exaudi.org\/es\/wp-json\/wp\/v2\/comments?post=56441"}],"version-history":[{"count":0,"href":"https:\/\/exaudi.org\/es\/wp-json\/wp\/v2\/posts\/56441\/revisions"}],"wp:featuredmedia":[{"embeddable":true,"href":"https:\/\/exaudi.org\/es\/wp-json\/wp\/v2\/media\/56442"}],"wp:attachment":[{"href":"https:\/\/exaudi.org\/es\/wp-json\/wp\/v2\/media?parent=56441"}],"wp:term":[{"taxonomy":"category","embeddable":true,"href":"https:\/\/exaudi.org\/es\/wp-json\/wp\/v2\/categories?post=56441"},{"taxonomy":"post_tag","embeddable":true,"href":"https:\/\/exaudi.org\/es\/wp-json\/wp\/v2\/tags?post=56441"}],"curies":[{"name":"wp","href":"https:\/\/api.w.org\/{rel}","templated":true}]}}