{"id":56360,"date":"2022-04-29T04:31:33","date_gmt":"2022-04-29T02:31:33","guid":{"rendered":"https:\/\/exaudi.org\/?p=56360"},"modified":"2022-04-29T04:33:12","modified_gmt":"2022-04-29T02:33:12","slug":"al-calor-del-fuego-reflexion-de-mons-enrique-diaz","status":"publish","type":"post","link":"https:\/\/exaudi.org\/es\/al-calor-del-fuego-reflexion-de-mons-enrique-diaz\/","title":{"rendered":"Al calor del fuego: Reflexi\u00f3n de Mons. Enrique D\u00edaz"},"content":{"rendered":"<p>Al calor del fuego, es la reflexi\u00f3n que nos comparte Monse\u00f1or Enrique D\u00edaz con ocasi\u00f3n del III Domingo de Pascua.<\/p>\n<p>***<\/p>\n<p>Hechos de los Ap\u00f3stoles 5, 27-32. 40-41: \u201cNosotros somos testigos de todo esto y lo es tambi\u00e9n el Esp\u00edritu Santo\u201d<\/p>\n<p>Salmo 29: \u201cTe alabar\u00e9, Se\u00f1or, eternamente. Aleluya\u201d.<\/p>\n<p>Apocalipsis 5, 11-14: \u201cDigno es el Cordero, que fue inmolado, de recibir el poder y la riqueza\u201d.<\/p>\n<p>San Juan 21, 1-19: \u201cJes\u00fas tom\u00f3 el pan y el pescado y se los dio a los disc\u00edpulos\u201d<\/p>\n<p>Hoy sigue resonando la enorme alegr\u00eda que nos trajo el Domingo de Resurrecci\u00f3n: \u201c\u00a1El Se\u00f1or est\u00e1 aqu\u00ed! \u00a1El Se\u00f1or est\u00e1 en medio de nosotros!\u201d. En esta aparici\u00f3n todo inicia en la noche, con un Pedro inquieto que no puede permanecer pasivo y que pronto convoca a sus compa\u00f1eros y, aunque no se lanza a anunciar al Resucitado, s\u00ed quiere poner manos a la obra para solucionar los problemas econ\u00f3micos cotidianos. Y empieza por hacer lo que mejor sabe hacer: pescar. El lago de Galilea lo conoce de memoria, sabe de los lugares especiales y de las horas oportunas, posee la inquebrantable constancia de quien ha hecho de la pesca su oficio. Sin embargo, para el pr\u00e1ctico y activo Pedro, esta ha sido una noche de fracaso y un esfuerzo perdido: \u201cNo ha pescado nada\u201d. Pero comienza el amanecer y mientras para unos concluye la jornada, para Pedro y sus compa\u00f1eros inician las bendiciones. \u201cUn desconocido\u201d les cuestiona su trabajo y pide que lancen sus redes de una manera imprudente, \u00a1Como si ellos no conocieran su lago!, y milagro sucede. Son los milagros de la Resurrecci\u00f3n: cuando todo parece fracaso, cuando todo parece in\u00fatil, cuando estamos por desistir\u2026 Cristo viene a nuestro lado y con su palabra y en su nombre, todas las cosas cambian. S\u00ed, podemos y debemos hacer lo mejor que sepamos, pero siempre necesitamos hacerlo en su nombre y con su palabra. Ah\u00ed est\u00e1 el Se\u00f1or muy cerca de nosotros, aunque no seamos capaces de reconocerlo. Cuando pasamos de la oscuridad a la luz, nos acompa\u00f1a el Se\u00f1or; cuando nos esforzamos y recogemos frutos, est\u00e1 con nosotros el Se\u00f1or; cuando caminamos en medio de las dificultades y cuando vivimos con alegr\u00eda, tambi\u00e9n est\u00e1 con nosotros el Se\u00f1or\u2026 aunque parezca un desconocido, est\u00e1 ah\u00ed para amarnos, para animarnos, para llenarnos de esperanza.<\/p>\n<p>Jes\u00fas no solamente hace el milagro de la pesca milagrosa, sino que acoge con sencillez y amor a aquellos pescadores que estaban a punto del fracaso. Su recibimiento es un pescado y un pan. Lo suficiente para reanimar al hambriento, lo necesario para despertar el di\u00e1logo y compartir las penas. Ah\u00ed est\u00e1n las brasas encendidas para que los pescados, apenas recogidos, completen el alimento necesario. Brasas encendidas, pescado y pan\u2026 signos de espera, signos de confianza y signos de amistad que Jes\u00fas ofrece a aquellos que son sus amigos y sus disc\u00edpulos. Ning\u00fan reproche por el abandono, ning\u00fan rega\u00f1o por la hu\u00edda, ning\u00fan comentario que lastime o incomode. Son las brasas, el pescado y el pan que crean aquel ambiente de intimidad, ambiente de Eucarist\u00eda, ambiente de perd\u00f3n gratuito e incondicional. Tantas veces hab\u00eda compartido Jes\u00fas con los pecadores y los despreciados una mesa, ahora toca a los disc\u00edpulos experimentar el dulce sabor de un perd\u00f3n pleno de amor y de ternura. Cuando Jes\u00fas tom\u00f3 el pan y se los dio juntamente con el pescado, seguramente aquellos expertos pescadores y humildes disc\u00edpulos, recordaron la \u00faltima cena que hab\u00edan celebrado con el Maestro y el relato que hab\u00edan escuchado de los dos disc\u00edpulos camino de Ema\u00fas. Ahora les toca a ellos reconocerlo al partir el pan. En adelante se fiar\u00edan siempre del Se\u00f1or y en su nombre repartir\u00edan siempre el pan de la palabra, el pan de la vida, el pan de la esperanza.<\/p>\n<p>Pero Jes\u00fas todav\u00eda tiene m\u00e1s sorpresas en esta aparici\u00f3n. Se dirige a Pedro y le cuestiona sobre su amor. Pero en sus palabras Jes\u00fas le est\u00e1 diciendo: \u201cYo te amo. Me negaste tres veces, pero mi amor es m\u00e1s grande que tu traici\u00f3n\u201d. Ahora Pedro puede entender que su amor s\u00f3lo puede apoyarlo en el amor de Jes\u00fas, porque no puede apoyarse en s\u00ed mismo. En la \u00faltima cena se atrevi\u00f3 a fantochear y vestirse de h\u00e9roe: \u201cAunque todos te traicionen, yo nunca lo har\u00e9. Entregar\u00e9 mi vida por ti\u201d. \u201cNo es verdad, Pedro. T\u00fa crees que me amas, pero no me amas, amas tu propio ego\u00edsmo y tu aparente generosidad. Quieres demostrarte a ti mismo que me quieres, pero yo no necesito demostraciones, mi amor por ti es fiel\u201d. Ahora con estas preguntas, Pedro empieza a entender realmente lo que significa que Cristo lo ame, lo perdone y lo restaure. \u201cT\u00fa lo sabes todo. S\u00f3lo puedo quererte porque T\u00fa has sido fiel, porque T\u00fa sostienes mi amor. Y no podr\u00e9 seguirte ni ser fiel, si cada d\u00eda no encuentro en ti la fuente de mi propio amor\u201d. Preguntas amorosas de Jes\u00fas que alcanzan el interior de Pedro, que sanan su propia verg\u00fcenza, que lo levantan y el conf\u00edan los tesoros m\u00e1s queridos: \u201cApacienta mis corderos, apacienta mis ovejas\u201d. Preguntas incisivas tambi\u00e9n para cada uno de nosotros que buscan respuestas coherentes y comprometidas, respuestas interiores, respuestas sinceras: \u201cX, \u00bfMe amas de verdad?\u201d<\/p>\n<p>Hoy tambi\u00e9n a nosotros hasta por tres veces nos pregunta si de verdad lo amamos. Meditemos nuestra respuesta y miremos nuestras acciones y nuestro amor a favor de los hermanos, en especial de los m\u00e1s necesitados. Entonces podremos decirle a Jes\u00fas: \u201cSe\u00f1or, t\u00fa lo sabes todo; t\u00fa bien sabes que te quiero\u201d. Nuestra respuesta implica que seamos consecuentes con el Evangelio tanto en nuestra vida interna como externa. El verdadero cristiano no se puede conformar con una devoci\u00f3n tranquila e indiferente frente a las graves injusticias de nuestra sociedad. Debe ser un cristiano que en su ambiente y en su medio, busca la verdad, la justicia y la verdadera paz. El amor a Cristo se manifiesta en el verdadero amor al pr\u00f3jimo. El Evangelio de Jes\u00fas nos exige coherencia. Por eso hoy nos queda una gran pregunta que debemos responder con nuestra vida: \u00bfC\u00f3mo influye mi amor y mi fe en Jes\u00fas, en mi vida diaria, social, familiar y pol\u00edtica? Miremos a Jes\u00fas Resucitado y experimentemos su presencia que hoy se nos manifiesta en tres signos muy concretos: 1\u00b0 Nos rescata de nuestros fracasos; 2\u00b0 Nos comparte el alimento y nos ense\u00f1a que un pan y un pescado compartidos dan vida y fortalecen la comunidad; y 3\u00b0 Nos exige que su amor se concrete en el amor a los hermanos. Su pregunta queda resonando en nuestro coraz\u00f3n y en nuestros o\u00eddos: \u201c\u00bfMe amas m\u00e1s que \u00e9stos?\u201d<\/p>\n<p>Se\u00f1or, t\u00fa que nos has renovado en el esp\u00edritu al devolvernos la dignidad de hijos tuyos, conc\u00e9denos construir, llenos de j\u00fabilo y esperanza, el Reino de tu Hijo y aguardar el d\u00eda glorioso de la resurrecci\u00f3n. Am\u00e9n.<\/p>\n<audio class=\"wp-audio-shortcode\" id=\"audio-56360-1\" preload=\"none\" style=\"width: 100%;\" controls=\"controls\"><source type=\"audio\/mpeg\" src=\"https:\/\/exaudi.org\/wp-content\/uploads\/2022\/04\/1-Mayo.mp3?_=1\" \/><a href=\"https:\/\/exaudi.org\/wp-content\/uploads\/2022\/04\/1-Mayo.mp3\">https:\/\/exaudi.org\/wp-content\/uploads\/2022\/04\/1-Mayo.mp3<\/a><\/audio>\n","protected":false},"excerpt":{"rendered":"<p>1\u00b0 Mayo III Domingo de Pascua<\/p>\n","protected":false},"author":25,"featured_media":56364,"comment_status":"closed","ping_status":"closed","sticky":false,"template":"","format":"standard","meta":{"_acf_changed":false,"_crdt_document":"","inline_featured_image":false,"footnotes":""},"categories":[96,74],"tags":[1372],"class_list":["post-56360","post","type-post","status-publish","format-standard","has-post-thumbnail","hentry","category-espiritualidad","category-iglesia-y-mundo","tag-evangelio"],"acf":[],"yoast_head":"<!-- This site is optimized with the Yoast SEO plugin v27.5 - https:\/\/yoast.com\/product\/yoast-seo-wordpress\/ -->\n<title>Al calor del fuego: Reflexi\u00f3n de Mons. Enrique D\u00edaz &#8211; Exaudi<\/title>\n<meta name=\"robots\" content=\"index, follow, max-snippet:-1, max-image-preview:large, max-video-preview:-1\" \/>\n<link rel=\"canonical\" href=\"https:\/\/exaudi.org\/es\/al-calor-del-fuego-reflexion-de-mons-enrique-diaz\/\" \/>\n<meta property=\"og:locale\" content=\"es_ES\" \/>\n<meta property=\"og:type\" content=\"article\" \/>\n<meta property=\"og:title\" content=\"Al calor del fuego: Reflexi\u00f3n de Mons. Enrique D\u00edaz &#8211; Exaudi\" \/>\n<meta property=\"og:description\" content=\"1\u00b0 Mayo III Domingo de Pascua\" \/>\n<meta property=\"og:url\" content=\"https:\/\/exaudi.org\/es\/al-calor-del-fuego-reflexion-de-mons-enrique-diaz\/\" \/>\n<meta property=\"og:site_name\" content=\"Exaudi\" \/>\n<meta property=\"article:publisher\" content=\"https:\/\/www.facebook.com\/ExaudiNews\" \/>\n<meta property=\"article:published_time\" content=\"2022-04-29T02:31:33+00:00\" \/>\n<meta property=\"article:modified_time\" content=\"2022-04-29T02:33:12+00:00\" \/>\n<meta property=\"og:image\" content=\"https:\/\/exaudi.org\/wp-content\/uploads\/2022\/04\/cathopic_149336447547749-scaled.jpg\" \/>\n\t<meta property=\"og:image:width\" content=\"2560\" \/>\n\t<meta property=\"og:image:height\" content=\"1707\" \/>\n\t<meta property=\"og:image:type\" content=\"image\/jpeg\" \/>\n<meta name=\"author\" content=\"Enrique D\u00edaz\" \/>\n<meta name=\"twitter:card\" content=\"summary_large_image\" \/>\n<meta name=\"twitter:creator\" content=\"@Exaudi_News\" \/>\n<meta name=\"twitter:site\" content=\"@Exaudi_News\" \/>\n<meta name=\"twitter:label1\" content=\"Escrito por\" \/>\n\t<meta name=\"twitter:data1\" content=\"Enrique D\u00edaz\" \/>\n\t<meta name=\"twitter:label2\" content=\"Tiempo de lectura\" \/>\n\t<meta name=\"twitter:data2\" content=\"6 minutos\" \/>\n<script type=\"application\/ld+json\" class=\"yoast-schema-graph\">{\"@context\":\"https:\\\/\\\/schema.org\",\"@graph\":[{\"@type\":\"Article\",\"@id\":\"https:\\\/\\\/exaudi.org\\\/es\\\/al-calor-del-fuego-reflexion-de-mons-enrique-diaz\\\/#article\",\"isPartOf\":{\"@id\":\"https:\\\/\\\/exaudi.org\\\/es\\\/al-calor-del-fuego-reflexion-de-mons-enrique-diaz\\\/\"},\"author\":{\"name\":\"Enrique D\u00edaz\",\"@id\":\"https:\\\/\\\/exaudi.org\\\/#\\\/schema\\\/person\\\/c02ffbd10830fa375f6882f7dcf1844d\"},\"headline\":\"Al calor del fuego: Reflexi\u00f3n de Mons. Enrique D\u00edaz\",\"datePublished\":\"2022-04-29T02:31:33+00:00\",\"dateModified\":\"2022-04-29T02:33:12+00:00\",\"mainEntityOfPage\":{\"@id\":\"https:\\\/\\\/exaudi.org\\\/es\\\/al-calor-del-fuego-reflexion-de-mons-enrique-diaz\\\/\"},\"wordCount\":1250,\"image\":{\"@id\":\"https:\\\/\\\/exaudi.org\\\/es\\\/al-calor-del-fuego-reflexion-de-mons-enrique-diaz\\\/#primaryimage\"},\"thumbnailUrl\":\"https:\\\/\\\/exaudi.org\\\/wp-content\\\/uploads\\\/2022\\\/04\\\/cathopic_149336447547749-scaled.jpg\",\"keywords\":[\"Evangelio\"],\"articleSection\":[\"Espiritualidad\",\"Iglesia y Mundo\"],\"inLanguage\":\"es\"},{\"@type\":\"WebPage\",\"@id\":\"https:\\\/\\\/exaudi.org\\\/es\\\/al-calor-del-fuego-reflexion-de-mons-enrique-diaz\\\/\",\"url\":\"https:\\\/\\\/exaudi.org\\\/es\\\/al-calor-del-fuego-reflexion-de-mons-enrique-diaz\\\/\",\"name\":\"Al calor del fuego: Reflexi\u00f3n de Mons. Enrique D\u00edaz &#8211; Exaudi\",\"isPartOf\":{\"@id\":\"https:\\\/\\\/exaudi.org\\\/#website\"},\"primaryImageOfPage\":{\"@id\":\"https:\\\/\\\/exaudi.org\\\/es\\\/al-calor-del-fuego-reflexion-de-mons-enrique-diaz\\\/#primaryimage\"},\"image\":{\"@id\":\"https:\\\/\\\/exaudi.org\\\/es\\\/al-calor-del-fuego-reflexion-de-mons-enrique-diaz\\\/#primaryimage\"},\"thumbnailUrl\":\"https:\\\/\\\/exaudi.org\\\/wp-content\\\/uploads\\\/2022\\\/04\\\/cathopic_149336447547749-scaled.jpg\",\"datePublished\":\"2022-04-29T02:31:33+00:00\",\"dateModified\":\"2022-04-29T02:33:12+00:00\",\"author\":{\"@id\":\"https:\\\/\\\/exaudi.org\\\/#\\\/schema\\\/person\\\/c02ffbd10830fa375f6882f7dcf1844d\"},\"breadcrumb\":{\"@id\":\"https:\\\/\\\/exaudi.org\\\/es\\\/al-calor-del-fuego-reflexion-de-mons-enrique-diaz\\\/#breadcrumb\"},\"inLanguage\":\"es\",\"potentialAction\":[{\"@type\":\"ReadAction\",\"target\":[\"https:\\\/\\\/exaudi.org\\\/es\\\/al-calor-del-fuego-reflexion-de-mons-enrique-diaz\\\/\"]}]},{\"@type\":\"ImageObject\",\"inLanguage\":\"es\",\"@id\":\"https:\\\/\\\/exaudi.org\\\/es\\\/al-calor-del-fuego-reflexion-de-mons-enrique-diaz\\\/#primaryimage\",\"url\":\"https:\\\/\\\/exaudi.org\\\/wp-content\\\/uploads\\\/2022\\\/04\\\/cathopic_149336447547749-scaled.jpg\",\"contentUrl\":\"https:\\\/\\\/exaudi.org\\\/wp-content\\\/uploads\\\/2022\\\/04\\\/cathopic_149336447547749-scaled.jpg\",\"width\":2560,\"height\":1707,\"caption\":\"Photo: Cathopic\"},{\"@type\":\"BreadcrumbList\",\"@id\":\"https:\\\/\\\/exaudi.org\\\/es\\\/al-calor-del-fuego-reflexion-de-mons-enrique-diaz\\\/#breadcrumb\",\"itemListElement\":[{\"@type\":\"ListItem\",\"position\":1,\"name\":\"Portada\",\"item\":\"https:\\\/\\\/exaudi.org\\\/es\\\/\"},{\"@type\":\"ListItem\",\"position\":2,\"name\":\"Al calor del fuego: Reflexi\u00f3n de Mons. Enrique D\u00edaz\"}]},{\"@type\":\"WebSite\",\"@id\":\"https:\\\/\\\/exaudi.org\\\/#website\",\"url\":\"https:\\\/\\\/exaudi.org\\\/\",\"name\":\"Exaudi\",\"description\":\"News\",\"potentialAction\":[{\"@type\":\"SearchAction\",\"target\":{\"@type\":\"EntryPoint\",\"urlTemplate\":\"https:\\\/\\\/exaudi.org\\\/?s={search_term_string}\"},\"query-input\":{\"@type\":\"PropertyValueSpecification\",\"valueRequired\":true,\"valueName\":\"search_term_string\"}}],\"inLanguage\":\"es\"},{\"@type\":\"Person\",\"@id\":\"https:\\\/\\\/exaudi.org\\\/#\\\/schema\\\/person\\\/c02ffbd10830fa375f6882f7dcf1844d\",\"name\":\"Enrique D\u00edaz\",\"image\":{\"@type\":\"ImageObject\",\"inLanguage\":\"es\",\"@id\":\"https:\\\/\\\/secure.gravatar.com\\\/avatar\\\/7ca10be5325a95d04b74082d68ba605aa69611eb0f68f47096cb1bc349873284?s=96&d=mm&r=g\",\"url\":\"https:\\\/\\\/secure.gravatar.com\\\/avatar\\\/7ca10be5325a95d04b74082d68ba605aa69611eb0f68f47096cb1bc349873284?s=96&d=mm&r=g\",\"contentUrl\":\"https:\\\/\\\/secure.gravatar.com\\\/avatar\\\/7ca10be5325a95d04b74082d68ba605aa69611eb0f68f47096cb1bc349873284?s=96&d=mm&r=g\",\"caption\":\"Enrique D\u00edaz\"},\"description\":\"Naci\u00f3 en Huandacareo, Michoac\u00e1n, M\u00e9xico, en 1952. Realiz\u00f3 sus estudios de Filosof\u00eda y Teolog\u00eda en el Seminario de Morelia. Ordenado di\u00e1cono el 22 de mayo de 1977, y presb\u00edtero el 23 de octubre del mismo a\u00f1o. Obtuvo la Licenciatura en Sagrada Escritura en el Pontificio Instituto B\u00edblico en Roma. Ha desarrollado m\u00faltiples encargos pastorales como el de capell\u00e1n de la rector\u00eda de las Tres Aves Mar\u00edas; responsable de la Pastoral B\u00edblica Diocesana y director de la Escuela B\u00edblica en Morelia; maestro de Biblia en el Seminario Conciliar de Morelia, p\u00e1rroco de la Parroquia de Nuestra Se\u00f1ora de Guadalupe, Col. Guadalupe, Morelia; o vicario episcopal para la Zona de Nuestra Se\u00f1ora de la Luz, P\u00e1tzcuaro. Ordenado obispo auxiliar de san Crist\u00f3bal de las Casas en 2003. En la Conferencia Episcopal form\u00f3 parte de las Comisiones de Biblia, Diaconado y Ministerios Laicales. Fue responsable de las Dimensiones de Ministerios Laicales, de Educaci\u00f3n y Cultura. Ha participado en encuentros latinoamericanos y mundiales sobre el Diaconado Permanente. Actualmente es el responsable de la Dimensi\u00f3n de Pastoral de la Cultura. Particip\u00f3 como Miembro del S\u00ednodo de Obispos sobre la Palabra de Dios en la Vida y Misi\u00f3n de la Iglesia en Roma, en 2008. Recibi\u00f3 el nombramiento de obispo coadjutor de San Crist\u00f3bal de las Casas en 2014. Nombrado II obispo de Irapuato el d\u00eda 11 de marzo, tom\u00f3 posesi\u00f3n el 19 de Mayo. Colabora en varias revistas y publicaciones sobre todo con la reflexi\u00f3n diaria y dominical tanto en audio como escrita.\",\"url\":\"https:\\\/\\\/exaudi.org\\\/es\\\/author\\\/enriquediaz\\\/\"}]}<\/script>\n<!-- \/ Yoast SEO plugin. -->","yoast_head_json":{"title":"Al calor del fuego: Reflexi\u00f3n de Mons. Enrique D\u00edaz &#8211; Exaudi","robots":{"index":"index","follow":"follow","max-snippet":"max-snippet:-1","max-image-preview":"max-image-preview:large","max-video-preview":"max-video-preview:-1"},"canonical":"https:\/\/exaudi.org\/es\/al-calor-del-fuego-reflexion-de-mons-enrique-diaz\/","og_locale":"es_ES","og_type":"article","og_title":"Al calor del fuego: Reflexi\u00f3n de Mons. Enrique D\u00edaz &#8211; Exaudi","og_description":"1\u00b0 Mayo III Domingo de Pascua","og_url":"https:\/\/exaudi.org\/es\/al-calor-del-fuego-reflexion-de-mons-enrique-diaz\/","og_site_name":"Exaudi","article_publisher":"https:\/\/www.facebook.com\/ExaudiNews","article_published_time":"2022-04-29T02:31:33+00:00","article_modified_time":"2022-04-29T02:33:12+00:00","og_image":[{"width":2560,"height":1707,"url":"https:\/\/exaudi.org\/wp-content\/uploads\/2022\/04\/cathopic_149336447547749-scaled.jpg","type":"image\/jpeg"}],"author":"Enrique D\u00edaz","twitter_card":"summary_large_image","twitter_creator":"@Exaudi_News","twitter_site":"@Exaudi_News","twitter_misc":{"Escrito por":"Enrique D\u00edaz","Tiempo de lectura":"6 minutos"},"schema":{"@context":"https:\/\/schema.org","@graph":[{"@type":"Article","@id":"https:\/\/exaudi.org\/es\/al-calor-del-fuego-reflexion-de-mons-enrique-diaz\/#article","isPartOf":{"@id":"https:\/\/exaudi.org\/es\/al-calor-del-fuego-reflexion-de-mons-enrique-diaz\/"},"author":{"name":"Enrique D\u00edaz","@id":"https:\/\/exaudi.org\/#\/schema\/person\/c02ffbd10830fa375f6882f7dcf1844d"},"headline":"Al calor del fuego: Reflexi\u00f3n de Mons. Enrique D\u00edaz","datePublished":"2022-04-29T02:31:33+00:00","dateModified":"2022-04-29T02:33:12+00:00","mainEntityOfPage":{"@id":"https:\/\/exaudi.org\/es\/al-calor-del-fuego-reflexion-de-mons-enrique-diaz\/"},"wordCount":1250,"image":{"@id":"https:\/\/exaudi.org\/es\/al-calor-del-fuego-reflexion-de-mons-enrique-diaz\/#primaryimage"},"thumbnailUrl":"https:\/\/exaudi.org\/wp-content\/uploads\/2022\/04\/cathopic_149336447547749-scaled.jpg","keywords":["Evangelio"],"articleSection":["Espiritualidad","Iglesia y Mundo"],"inLanguage":"es"},{"@type":"WebPage","@id":"https:\/\/exaudi.org\/es\/al-calor-del-fuego-reflexion-de-mons-enrique-diaz\/","url":"https:\/\/exaudi.org\/es\/al-calor-del-fuego-reflexion-de-mons-enrique-diaz\/","name":"Al calor del fuego: Reflexi\u00f3n de Mons. Enrique D\u00edaz &#8211; Exaudi","isPartOf":{"@id":"https:\/\/exaudi.org\/#website"},"primaryImageOfPage":{"@id":"https:\/\/exaudi.org\/es\/al-calor-del-fuego-reflexion-de-mons-enrique-diaz\/#primaryimage"},"image":{"@id":"https:\/\/exaudi.org\/es\/al-calor-del-fuego-reflexion-de-mons-enrique-diaz\/#primaryimage"},"thumbnailUrl":"https:\/\/exaudi.org\/wp-content\/uploads\/2022\/04\/cathopic_149336447547749-scaled.jpg","datePublished":"2022-04-29T02:31:33+00:00","dateModified":"2022-04-29T02:33:12+00:00","author":{"@id":"https:\/\/exaudi.org\/#\/schema\/person\/c02ffbd10830fa375f6882f7dcf1844d"},"breadcrumb":{"@id":"https:\/\/exaudi.org\/es\/al-calor-del-fuego-reflexion-de-mons-enrique-diaz\/#breadcrumb"},"inLanguage":"es","potentialAction":[{"@type":"ReadAction","target":["https:\/\/exaudi.org\/es\/al-calor-del-fuego-reflexion-de-mons-enrique-diaz\/"]}]},{"@type":"ImageObject","inLanguage":"es","@id":"https:\/\/exaudi.org\/es\/al-calor-del-fuego-reflexion-de-mons-enrique-diaz\/#primaryimage","url":"https:\/\/exaudi.org\/wp-content\/uploads\/2022\/04\/cathopic_149336447547749-scaled.jpg","contentUrl":"https:\/\/exaudi.org\/wp-content\/uploads\/2022\/04\/cathopic_149336447547749-scaled.jpg","width":2560,"height":1707,"caption":"Photo: Cathopic"},{"@type":"BreadcrumbList","@id":"https:\/\/exaudi.org\/es\/al-calor-del-fuego-reflexion-de-mons-enrique-diaz\/#breadcrumb","itemListElement":[{"@type":"ListItem","position":1,"name":"Portada","item":"https:\/\/exaudi.org\/es\/"},{"@type":"ListItem","position":2,"name":"Al calor del fuego: Reflexi\u00f3n de Mons. Enrique D\u00edaz"}]},{"@type":"WebSite","@id":"https:\/\/exaudi.org\/#website","url":"https:\/\/exaudi.org\/","name":"Exaudi","description":"News","potentialAction":[{"@type":"SearchAction","target":{"@type":"EntryPoint","urlTemplate":"https:\/\/exaudi.org\/?s={search_term_string}"},"query-input":{"@type":"PropertyValueSpecification","valueRequired":true,"valueName":"search_term_string"}}],"inLanguage":"es"},{"@type":"Person","@id":"https:\/\/exaudi.org\/#\/schema\/person\/c02ffbd10830fa375f6882f7dcf1844d","name":"Enrique D\u00edaz","image":{"@type":"ImageObject","inLanguage":"es","@id":"https:\/\/secure.gravatar.com\/avatar\/7ca10be5325a95d04b74082d68ba605aa69611eb0f68f47096cb1bc349873284?s=96&d=mm&r=g","url":"https:\/\/secure.gravatar.com\/avatar\/7ca10be5325a95d04b74082d68ba605aa69611eb0f68f47096cb1bc349873284?s=96&d=mm&r=g","contentUrl":"https:\/\/secure.gravatar.com\/avatar\/7ca10be5325a95d04b74082d68ba605aa69611eb0f68f47096cb1bc349873284?s=96&d=mm&r=g","caption":"Enrique D\u00edaz"},"description":"Naci\u00f3 en Huandacareo, Michoac\u00e1n, M\u00e9xico, en 1952. Realiz\u00f3 sus estudios de Filosof\u00eda y Teolog\u00eda en el Seminario de Morelia. Ordenado di\u00e1cono el 22 de mayo de 1977, y presb\u00edtero el 23 de octubre del mismo a\u00f1o. Obtuvo la Licenciatura en Sagrada Escritura en el Pontificio Instituto B\u00edblico en Roma. Ha desarrollado m\u00faltiples encargos pastorales como el de capell\u00e1n de la rector\u00eda de las Tres Aves Mar\u00edas; responsable de la Pastoral B\u00edblica Diocesana y director de la Escuela B\u00edblica en Morelia; maestro de Biblia en el Seminario Conciliar de Morelia, p\u00e1rroco de la Parroquia de Nuestra Se\u00f1ora de Guadalupe, Col. Guadalupe, Morelia; o vicario episcopal para la Zona de Nuestra Se\u00f1ora de la Luz, P\u00e1tzcuaro. Ordenado obispo auxiliar de san Crist\u00f3bal de las Casas en 2003. En la Conferencia Episcopal form\u00f3 parte de las Comisiones de Biblia, Diaconado y Ministerios Laicales. Fue responsable de las Dimensiones de Ministerios Laicales, de Educaci\u00f3n y Cultura. Ha participado en encuentros latinoamericanos y mundiales sobre el Diaconado Permanente. Actualmente es el responsable de la Dimensi\u00f3n de Pastoral de la Cultura. Particip\u00f3 como Miembro del S\u00ednodo de Obispos sobre la Palabra de Dios en la Vida y Misi\u00f3n de la Iglesia en Roma, en 2008. Recibi\u00f3 el nombramiento de obispo coadjutor de San Crist\u00f3bal de las Casas en 2014. Nombrado II obispo de Irapuato el d\u00eda 11 de marzo, tom\u00f3 posesi\u00f3n el 19 de Mayo. Colabora en varias revistas y publicaciones sobre todo con la reflexi\u00f3n diaria y dominical tanto en audio como escrita.","url":"https:\/\/exaudi.org\/es\/author\/enriquediaz\/"}]}},"jetpack_featured_media_url":"https:\/\/exaudi.org\/wp-content\/uploads\/2022\/04\/cathopic_149336447547749-scaled.jpg","jetpack_shortlink":"https:\/\/wp.me\/pgKjF2-eF2","_links":{"self":[{"href":"https:\/\/exaudi.org\/es\/wp-json\/wp\/v2\/posts\/56360","targetHints":{"allow":["GET"]}}],"collection":[{"href":"https:\/\/exaudi.org\/es\/wp-json\/wp\/v2\/posts"}],"about":[{"href":"https:\/\/exaudi.org\/es\/wp-json\/wp\/v2\/types\/post"}],"author":[{"embeddable":true,"href":"https:\/\/exaudi.org\/es\/wp-json\/wp\/v2\/users\/25"}],"replies":[{"embeddable":true,"href":"https:\/\/exaudi.org\/es\/wp-json\/wp\/v2\/comments?post=56360"}],"version-history":[{"count":0,"href":"https:\/\/exaudi.org\/es\/wp-json\/wp\/v2\/posts\/56360\/revisions"}],"wp:featuredmedia":[{"embeddable":true,"href":"https:\/\/exaudi.org\/es\/wp-json\/wp\/v2\/media\/56364"}],"wp:attachment":[{"href":"https:\/\/exaudi.org\/es\/wp-json\/wp\/v2\/media?parent=56360"}],"wp:term":[{"taxonomy":"category","embeddable":true,"href":"https:\/\/exaudi.org\/es\/wp-json\/wp\/v2\/categories?post=56360"},{"taxonomy":"post_tag","embeddable":true,"href":"https:\/\/exaudi.org\/es\/wp-json\/wp\/v2\/tags?post=56360"}],"curies":[{"name":"wp","href":"https:\/\/api.w.org\/{rel}","templated":true}]}}