{"id":56203,"date":"2022-04-22T02:03:09","date_gmt":"2022-04-22T00:03:09","guid":{"rendered":"https:\/\/exaudi.org\/?p=56203"},"modified":"2022-04-22T02:03:54","modified_gmt":"2022-04-22T00:03:54","slug":"teologia-para-millenials-pascua-alegria-o-depresion","status":"publish","type":"post","link":"https:\/\/exaudi.org\/es\/teologia-para-millenials-pascua-alegria-o-depresion\/","title":{"rendered":"Teolog\u00eda para Millenials : Pascua, alegr\u00eda o depresi\u00f3n"},"content":{"rendered":"<p>Con la Vigilia Pascual hemos entrado en el tiempo de Pascua, un tiempo caracterizado por la alegr\u00eda que produce en el cristiano la resurrecci\u00f3n de Jes\u00fas. Las notas caracter\u00edsticas de esta \u00e9poca son esperanza, optimismo y la alegr\u00eda apenas mencionada. Ahora bien, esa alegr\u00eda que pudi\u00e9ramos denominar lit\u00fargica choca con la realidad m\u00e1s tangible, que tenemos entre manos estos d\u00edas: la guerra de Ucrania, la violencia en M\u00e9xico, la corrupci\u00f3n en Latinoam\u00e9rica, el aborto a nivel mundial. Dig\u00e1moslo de otra forma: tenemos bastantes motivos para estar tristes, \u00bfpodr\u00e1 abrirse paso entre ellos la alegr\u00eda lit\u00fargica de la Pascua para cambiar nuestro talante?<\/p>\n<p>Pienso que la clave estriba en dos factores, los cuales son bien descritos en la bonita historia evang\u00e9lica de los disc\u00edpulos de Ema\u00fas. Ellos abandonaban Jerusal\u00e9n desalentados, desesperanzados. Sus ideales se hab\u00edan pulverizado ante el esc\u00e1ndalo de la Cruz, y era tanto su abatimiento que no reconocen a Jes\u00fas, quien se les aparece a la vera del camino. Le cuentan todo lo que pesa en sus corazones, y c\u00f3mo pensaban que Jes\u00fas iba a liberar a Israel del dominio romano. Es decir, esperaban un mes\u00edas pol\u00edtico, no espiritual. Y Jes\u00fas les explica c\u00f3mo estaba profetizado que el mes\u00edas deb\u00eda padecer, y c\u00f3mo estaban totalmente equivocados al buscar un mes\u00edas pol\u00edtico y no uno espiritual.<\/p>\n<p>El segundo factor es que los disc\u00edpulos estaban pendientes de s\u00ed mismos, de su tristeza, desaliento, y no de Jes\u00fas. A veces, en nuestra vida, estamos demasiado enfrascados en nuestros problemas y no levantamos la vista, no le miramos a \u00c9l. La alegr\u00eda de la Pascua es la alegr\u00eda por Cristo, la esperanza en Cristo, pues tenemos la certeza de que \u00c9l vive. De ah\u00ed se desprende una actitud optimista ante los retos de la vida, porque tenemos la seguridad de que est\u00e1 con nosotros<\/p>\n<p>Tambi\u00e9n nosotros, como los disc\u00edpulos de Ema\u00fas, podemos buscar un mes\u00edas pol\u00edtico. Alguien que ponga en paz a Putin, que haga el inmenso milagro de acabar con la corrupci\u00f3n y la violencia. Un mes\u00edas con miras puramente humanas. Y eso es precisamente lo que corrige Jes\u00fas. No viene a arreglar los problemas pol\u00edticos y sociales de un determinado tiempo y lugar, sino que nos invita a elevar la mirada a las realidades trascendentes.<\/p>\n<p>Alguien podr\u00eda considerar que Jes\u00fas no es un aut\u00e9ntico liberador y que, al permanecer nuestros problemas intactos, no tenemos motivos para la alegr\u00eda y la esperanza. M\u00e1s a\u00fan, podr\u00eda parecer obscena nuestra alegr\u00eda, cuando millones de personas son desplazadas por la guerra y sus hogares son destruidos: La alegr\u00eda pecar\u00eda de ser poco emp\u00e1tica con el inmenso sufrimiento de tantos seres humanos. O cuando millones de vidas humanas son cegadas en el vientre de su propia madre, mientras los dem\u00e1s nos hemos acostumbrado a ello como si fuera parte del paisaje. No, no hay motivos suficientes para estar alegres\u2026<\/p>\n<p>Aparentemente colisionan las dos narrativas: la lit\u00fargica de la alegr\u00eda y la realidad del desconsuelo, el desaliento y la tristeza. Pero este choque es solo una apariencia, pues al final puede prevalecer la visi\u00f3n lit\u00fargica de la alegr\u00eda, precisamente porque tambi\u00e9n es real \u2013Cristo realmente resucit\u00f3 y realmente est\u00e1 vivo-, y porque nos invita a mirar la trascendencia, a elevar los ojos al Cielo, a la vida eterna, que tambi\u00e9n es real.<\/p>\n<p>Quiz\u00e1 se entienda haciendo una comparaci\u00f3n con los disc\u00edpulos de Ema\u00fas. Para ellos la realidad que importaba era la opresi\u00f3n del pueblo jud\u00edo por parte de los romanos. Esos eran los problemas reales que esperaban respuesta. Ellos pensaban que el mes\u00edas los iba a resolver y no los solucion\u00f3. Pero les abri\u00f3 la mirada a un horizonte m\u00e1s amplio, y los colm\u00f3 de esperanza. Precisamente porque la vida eterna, la salvaci\u00f3n son realidades imperecederas, duran por siempre. El Imperio Romano pas\u00f3, Putin tambi\u00e9n pasar\u00e1, morir\u00e1 como mueren todos los hombres, las guerras, gracias a Dios, no son cr\u00f3nicas, pasan. Pero lo que no pasa es Jes\u00fas vivo. Y por ello, podemos tener puesta en \u00c9l nuestra esperanza, una esperanza que va m\u00e1s all\u00e1 de los problemas inmediatos de la vida, y que nos permite darles a esas dificultades una importancia relativa, de forma que no nos obsesionemos por aquello que no podemos cambiar. Y con esa visi\u00f3n trascendente, tenemos otra actitud para enfrentar esos problemas reales y, lo que es muy importante, podemos afrontarlos con alegr\u00eda en el coraz\u00f3n.<\/p>\n","protected":false},"excerpt":{"rendered":"<p>Reflexi\u00f3n de Pascuas del Padre Mario Arroyo<\/p>\n","protected":false},"author":22,"featured_media":11097,"comment_status":"closed","ping_status":"closed","sticky":false,"template":"","format":"standard","meta":{"_acf_changed":false,"_crdt_document":"","inline_featured_image":false,"footnotes":""},"categories":[130],"tags":[459,4953],"class_list":["post-56203","post","type-post","status-publish","format-standard","has-post-thumbnail","hentry","category-voces","tag-teologia-para-millennials","tag-trending-es"],"acf":[],"yoast_head":"<!-- This site is optimized with the Yoast SEO plugin v27.4 - https:\/\/yoast.com\/product\/yoast-seo-wordpress\/ -->\n<title>Teolog\u00eda para Millenials : Pascua, alegr\u00eda o depresi\u00f3n &#8211; Exaudi<\/title>\n<meta name=\"description\" content=\"Reflexi\u00f3n de Pascuas del Padre Mario Arroyo\" \/>\n<meta name=\"robots\" content=\"index, follow, max-snippet:-1, max-image-preview:large, max-video-preview:-1\" \/>\n<link rel=\"canonical\" href=\"https:\/\/exaudi.org\/es\/teologia-para-millenials-pascua-alegria-o-depresion\/\" \/>\n<meta property=\"og:locale\" content=\"es_ES\" \/>\n<meta property=\"og:type\" content=\"article\" \/>\n<meta property=\"og:title\" content=\"Teolog\u00eda para Millenials : Pascua, alegr\u00eda o depresi\u00f3n &#8211; Exaudi\" \/>\n<meta property=\"og:description\" content=\"Reflexi\u00f3n de Pascuas del Padre Mario Arroyo\" \/>\n<meta property=\"og:url\" content=\"https:\/\/exaudi.org\/es\/teologia-para-millenials-pascua-alegria-o-depresion\/\" \/>\n<meta property=\"og:site_name\" content=\"Exaudi\" \/>\n<meta property=\"article:publisher\" content=\"https:\/\/www.facebook.com\/ExaudiNews\" \/>\n<meta property=\"article:published_time\" content=\"2022-04-22T00:03:09+00:00\" \/>\n<meta property=\"article:modified_time\" content=\"2022-04-22T00:03:54+00:00\" \/>\n<meta property=\"og:image\" content=\"https:\/\/exaudi.org\/wp-content\/uploads\/2021\/04\/cathopic_1523560737277789-scaled.jpg\" \/>\n\t<meta property=\"og:image:width\" content=\"2560\" \/>\n\t<meta property=\"og:image:height\" content=\"1586\" \/>\n\t<meta property=\"og:image:type\" content=\"image\/jpeg\" \/>\n<meta name=\"author\" content=\"Mario Arroyo\" \/>\n<meta name=\"twitter:card\" content=\"summary_large_image\" \/>\n<meta name=\"twitter:creator\" content=\"@Exaudi_News\" \/>\n<meta name=\"twitter:site\" content=\"@Exaudi_News\" \/>\n<meta name=\"twitter:label1\" content=\"Escrito por\" \/>\n\t<meta name=\"twitter:data1\" content=\"Mario Arroyo\" \/>\n\t<meta name=\"twitter:label2\" content=\"Tiempo de lectura\" \/>\n\t<meta name=\"twitter:data2\" content=\"4 minutos\" \/>\n<script type=\"application\/ld+json\" class=\"yoast-schema-graph\">{\"@context\":\"https:\\\/\\\/schema.org\",\"@graph\":[{\"@type\":\"Article\",\"@id\":\"https:\\\/\\\/exaudi.org\\\/es\\\/teologia-para-millenials-pascua-alegria-o-depresion\\\/#article\",\"isPartOf\":{\"@id\":\"https:\\\/\\\/exaudi.org\\\/es\\\/teologia-para-millenials-pascua-alegria-o-depresion\\\/\"},\"author\":{\"name\":\"Mario Arroyo\",\"@id\":\"https:\\\/\\\/exaudi.org\\\/#\\\/schema\\\/person\\\/2195e6e643f4a07a343345d49e4e6985\"},\"headline\":\"Teolog\u00eda para Millenials : Pascua, alegr\u00eda o depresi\u00f3n\",\"datePublished\":\"2022-04-22T00:03:09+00:00\",\"dateModified\":\"2022-04-22T00:03:54+00:00\",\"mainEntityOfPage\":{\"@id\":\"https:\\\/\\\/exaudi.org\\\/es\\\/teologia-para-millenials-pascua-alegria-o-depresion\\\/\"},\"wordCount\":815,\"image\":{\"@id\":\"https:\\\/\\\/exaudi.org\\\/es\\\/teologia-para-millenials-pascua-alegria-o-depresion\\\/#primaryimage\"},\"thumbnailUrl\":\"https:\\\/\\\/exaudi.org\\\/wp-content\\\/uploads\\\/2021\\\/04\\\/cathopic_1523560737277789-scaled.jpg\",\"keywords\":[\"Teolog\u00eda para Millennials\",\"Trending\"],\"articleSection\":[\"Voces\"],\"inLanguage\":\"es\"},{\"@type\":\"WebPage\",\"@id\":\"https:\\\/\\\/exaudi.org\\\/es\\\/teologia-para-millenials-pascua-alegria-o-depresion\\\/\",\"url\":\"https:\\\/\\\/exaudi.org\\\/es\\\/teologia-para-millenials-pascua-alegria-o-depresion\\\/\",\"name\":\"Teolog\u00eda para Millenials : Pascua, alegr\u00eda o depresi\u00f3n &#8211; Exaudi\",\"isPartOf\":{\"@id\":\"https:\\\/\\\/exaudi.org\\\/#website\"},\"primaryImageOfPage\":{\"@id\":\"https:\\\/\\\/exaudi.org\\\/es\\\/teologia-para-millenials-pascua-alegria-o-depresion\\\/#primaryimage\"},\"image\":{\"@id\":\"https:\\\/\\\/exaudi.org\\\/es\\\/teologia-para-millenials-pascua-alegria-o-depresion\\\/#primaryimage\"},\"thumbnailUrl\":\"https:\\\/\\\/exaudi.org\\\/wp-content\\\/uploads\\\/2021\\\/04\\\/cathopic_1523560737277789-scaled.jpg\",\"datePublished\":\"2022-04-22T00:03:09+00:00\",\"dateModified\":\"2022-04-22T00:03:54+00:00\",\"author\":{\"@id\":\"https:\\\/\\\/exaudi.org\\\/#\\\/schema\\\/person\\\/2195e6e643f4a07a343345d49e4e6985\"},\"description\":\"Reflexi\u00f3n de Pascuas del Padre Mario Arroyo\",\"breadcrumb\":{\"@id\":\"https:\\\/\\\/exaudi.org\\\/es\\\/teologia-para-millenials-pascua-alegria-o-depresion\\\/#breadcrumb\"},\"inLanguage\":\"es\",\"potentialAction\":[{\"@type\":\"ReadAction\",\"target\":[\"https:\\\/\\\/exaudi.org\\\/es\\\/teologia-para-millenials-pascua-alegria-o-depresion\\\/\"]}]},{\"@type\":\"ImageObject\",\"inLanguage\":\"es\",\"@id\":\"https:\\\/\\\/exaudi.org\\\/es\\\/teologia-para-millenials-pascua-alegria-o-depresion\\\/#primaryimage\",\"url\":\"https:\\\/\\\/exaudi.org\\\/wp-content\\\/uploads\\\/2021\\\/04\\\/cathopic_1523560737277789-scaled.jpg\",\"contentUrl\":\"https:\\\/\\\/exaudi.org\\\/wp-content\\\/uploads\\\/2021\\\/04\\\/cathopic_1523560737277789-scaled.jpg\",\"width\":2560,\"height\":1586,\"caption\":\"Momento de la pesca \u00a9 Cathopic\"},{\"@type\":\"BreadcrumbList\",\"@id\":\"https:\\\/\\\/exaudi.org\\\/es\\\/teologia-para-millenials-pascua-alegria-o-depresion\\\/#breadcrumb\",\"itemListElement\":[{\"@type\":\"ListItem\",\"position\":1,\"name\":\"Portada\",\"item\":\"https:\\\/\\\/exaudi.org\\\/es\\\/\"},{\"@type\":\"ListItem\",\"position\":2,\"name\":\"Teolog\u00eda para Millenials : Pascua, alegr\u00eda o depresi\u00f3n\"}]},{\"@type\":\"WebSite\",\"@id\":\"https:\\\/\\\/exaudi.org\\\/#website\",\"url\":\"https:\\\/\\\/exaudi.org\\\/\",\"name\":\"Exaudi\",\"description\":\"News\",\"potentialAction\":[{\"@type\":\"SearchAction\",\"target\":{\"@type\":\"EntryPoint\",\"urlTemplate\":\"https:\\\/\\\/exaudi.org\\\/?s={search_term_string}\"},\"query-input\":{\"@type\":\"PropertyValueSpecification\",\"valueRequired\":true,\"valueName\":\"search_term_string\"}}],\"inLanguage\":\"es\"},{\"@type\":\"Person\",\"@id\":\"https:\\\/\\\/exaudi.org\\\/#\\\/schema\\\/person\\\/2195e6e643f4a07a343345d49e4e6985\",\"name\":\"Mario Arroyo\",\"image\":{\"@type\":\"ImageObject\",\"inLanguage\":\"es\",\"@id\":\"https:\\\/\\\/secure.gravatar.com\\\/avatar\\\/0e2dddc1d3bf207409f5b4d542cef9a9955ad497448376a1621fcb1df592d137?s=96&d=mm&r=g\",\"url\":\"https:\\\/\\\/secure.gravatar.com\\\/avatar\\\/0e2dddc1d3bf207409f5b4d542cef9a9955ad497448376a1621fcb1df592d137?s=96&d=mm&r=g\",\"contentUrl\":\"https:\\\/\\\/secure.gravatar.com\\\/avatar\\\/0e2dddc1d3bf207409f5b4d542cef9a9955ad497448376a1621fcb1df592d137?s=96&d=mm&r=g\",\"caption\":\"Mario Arroyo\"},\"description\":\"Licenciado en Filosof\u00eda por la Universidad Panamericana, M\u00e9xico 1996, ostenta el bachiller en Teolog\u00eda por la Pontificia Universidad de la Santa Cruz, Roma 1999. Doctor en Filosof\u00eda por la Pontificia Universidad de la Santa Cruz, Roma 2002. Ordenado sacerdote en Torreciudad, Espa\u00f1a, en 2002. Autor de: Poder, Dinero y Santidad, Lima 2012; Ciencia y Fe. Un equilibrio posible, UCSS, Lima 2015; Ciencia y Fe. Situaci\u00f3n actual, Facultad de Teolog\u00eda Pontificia y Civil de Lima, Lima 2016; La Iglesia y los Homosexuales. Un falso conflicto, Facultad de Teolog\u00eda Pontificia y Civil de Lima, Lima 2017. Coautor de Dios Busca al Hombre, CDSCO, Lima 2013; Neurona mata esp\u00edritu, Amazon, Lima 2018; Teolog\u00eda para Millennials, Amazon, Lima 2018. El padre Mario es columnista de los portales peruanos Cr\u00f3nica Viva, La abeja y Lucidez, as\u00ed como de los peri\u00f3dicos mexicanos Mural, Expreso, del portal mexicano Vox Fides y de ZENIT. Capell\u00e1n de la Universidad de Piura, Campus de Lima durante los cursos 2017 y 2018. Actualmente, profesor de Teolog\u00eda en la Universidad Panamericana, Ciudad de M\u00e9xico.\",\"url\":\"https:\\\/\\\/exaudi.org\\\/es\\\/author\\\/padremarioarroyo\\\/\"}]}<\/script>\n<!-- \/ Yoast SEO plugin. -->","yoast_head_json":{"title":"Teolog\u00eda para Millenials : Pascua, alegr\u00eda o depresi\u00f3n &#8211; Exaudi","description":"Reflexi\u00f3n de Pascuas del Padre Mario Arroyo","robots":{"index":"index","follow":"follow","max-snippet":"max-snippet:-1","max-image-preview":"max-image-preview:large","max-video-preview":"max-video-preview:-1"},"canonical":"https:\/\/exaudi.org\/es\/teologia-para-millenials-pascua-alegria-o-depresion\/","og_locale":"es_ES","og_type":"article","og_title":"Teolog\u00eda para Millenials : Pascua, alegr\u00eda o depresi\u00f3n &#8211; Exaudi","og_description":"Reflexi\u00f3n de Pascuas del Padre Mario Arroyo","og_url":"https:\/\/exaudi.org\/es\/teologia-para-millenials-pascua-alegria-o-depresion\/","og_site_name":"Exaudi","article_publisher":"https:\/\/www.facebook.com\/ExaudiNews","article_published_time":"2022-04-22T00:03:09+00:00","article_modified_time":"2022-04-22T00:03:54+00:00","og_image":[{"width":2560,"height":1586,"url":"https:\/\/exaudi.org\/wp-content\/uploads\/2021\/04\/cathopic_1523560737277789-scaled.jpg","type":"image\/jpeg"}],"author":"Mario Arroyo","twitter_card":"summary_large_image","twitter_creator":"@Exaudi_News","twitter_site":"@Exaudi_News","twitter_misc":{"Escrito por":"Mario Arroyo","Tiempo de lectura":"4 minutos"},"schema":{"@context":"https:\/\/schema.org","@graph":[{"@type":"Article","@id":"https:\/\/exaudi.org\/es\/teologia-para-millenials-pascua-alegria-o-depresion\/#article","isPartOf":{"@id":"https:\/\/exaudi.org\/es\/teologia-para-millenials-pascua-alegria-o-depresion\/"},"author":{"name":"Mario Arroyo","@id":"https:\/\/exaudi.org\/#\/schema\/person\/2195e6e643f4a07a343345d49e4e6985"},"headline":"Teolog\u00eda para Millenials : Pascua, alegr\u00eda o depresi\u00f3n","datePublished":"2022-04-22T00:03:09+00:00","dateModified":"2022-04-22T00:03:54+00:00","mainEntityOfPage":{"@id":"https:\/\/exaudi.org\/es\/teologia-para-millenials-pascua-alegria-o-depresion\/"},"wordCount":815,"image":{"@id":"https:\/\/exaudi.org\/es\/teologia-para-millenials-pascua-alegria-o-depresion\/#primaryimage"},"thumbnailUrl":"https:\/\/exaudi.org\/wp-content\/uploads\/2021\/04\/cathopic_1523560737277789-scaled.jpg","keywords":["Teolog\u00eda para Millennials","Trending"],"articleSection":["Voces"],"inLanguage":"es"},{"@type":"WebPage","@id":"https:\/\/exaudi.org\/es\/teologia-para-millenials-pascua-alegria-o-depresion\/","url":"https:\/\/exaudi.org\/es\/teologia-para-millenials-pascua-alegria-o-depresion\/","name":"Teolog\u00eda para Millenials : Pascua, alegr\u00eda o depresi\u00f3n &#8211; Exaudi","isPartOf":{"@id":"https:\/\/exaudi.org\/#website"},"primaryImageOfPage":{"@id":"https:\/\/exaudi.org\/es\/teologia-para-millenials-pascua-alegria-o-depresion\/#primaryimage"},"image":{"@id":"https:\/\/exaudi.org\/es\/teologia-para-millenials-pascua-alegria-o-depresion\/#primaryimage"},"thumbnailUrl":"https:\/\/exaudi.org\/wp-content\/uploads\/2021\/04\/cathopic_1523560737277789-scaled.jpg","datePublished":"2022-04-22T00:03:09+00:00","dateModified":"2022-04-22T00:03:54+00:00","author":{"@id":"https:\/\/exaudi.org\/#\/schema\/person\/2195e6e643f4a07a343345d49e4e6985"},"description":"Reflexi\u00f3n de Pascuas del Padre Mario Arroyo","breadcrumb":{"@id":"https:\/\/exaudi.org\/es\/teologia-para-millenials-pascua-alegria-o-depresion\/#breadcrumb"},"inLanguage":"es","potentialAction":[{"@type":"ReadAction","target":["https:\/\/exaudi.org\/es\/teologia-para-millenials-pascua-alegria-o-depresion\/"]}]},{"@type":"ImageObject","inLanguage":"es","@id":"https:\/\/exaudi.org\/es\/teologia-para-millenials-pascua-alegria-o-depresion\/#primaryimage","url":"https:\/\/exaudi.org\/wp-content\/uploads\/2021\/04\/cathopic_1523560737277789-scaled.jpg","contentUrl":"https:\/\/exaudi.org\/wp-content\/uploads\/2021\/04\/cathopic_1523560737277789-scaled.jpg","width":2560,"height":1586,"caption":"Momento de la pesca \u00a9 Cathopic"},{"@type":"BreadcrumbList","@id":"https:\/\/exaudi.org\/es\/teologia-para-millenials-pascua-alegria-o-depresion\/#breadcrumb","itemListElement":[{"@type":"ListItem","position":1,"name":"Portada","item":"https:\/\/exaudi.org\/es\/"},{"@type":"ListItem","position":2,"name":"Teolog\u00eda para Millenials : Pascua, alegr\u00eda o depresi\u00f3n"}]},{"@type":"WebSite","@id":"https:\/\/exaudi.org\/#website","url":"https:\/\/exaudi.org\/","name":"Exaudi","description":"News","potentialAction":[{"@type":"SearchAction","target":{"@type":"EntryPoint","urlTemplate":"https:\/\/exaudi.org\/?s={search_term_string}"},"query-input":{"@type":"PropertyValueSpecification","valueRequired":true,"valueName":"search_term_string"}}],"inLanguage":"es"},{"@type":"Person","@id":"https:\/\/exaudi.org\/#\/schema\/person\/2195e6e643f4a07a343345d49e4e6985","name":"Mario Arroyo","image":{"@type":"ImageObject","inLanguage":"es","@id":"https:\/\/secure.gravatar.com\/avatar\/0e2dddc1d3bf207409f5b4d542cef9a9955ad497448376a1621fcb1df592d137?s=96&d=mm&r=g","url":"https:\/\/secure.gravatar.com\/avatar\/0e2dddc1d3bf207409f5b4d542cef9a9955ad497448376a1621fcb1df592d137?s=96&d=mm&r=g","contentUrl":"https:\/\/secure.gravatar.com\/avatar\/0e2dddc1d3bf207409f5b4d542cef9a9955ad497448376a1621fcb1df592d137?s=96&d=mm&r=g","caption":"Mario Arroyo"},"description":"Licenciado en Filosof\u00eda por la Universidad Panamericana, M\u00e9xico 1996, ostenta el bachiller en Teolog\u00eda por la Pontificia Universidad de la Santa Cruz, Roma 1999. Doctor en Filosof\u00eda por la Pontificia Universidad de la Santa Cruz, Roma 2002. Ordenado sacerdote en Torreciudad, Espa\u00f1a, en 2002. Autor de: Poder, Dinero y Santidad, Lima 2012; Ciencia y Fe. Un equilibrio posible, UCSS, Lima 2015; Ciencia y Fe. Situaci\u00f3n actual, Facultad de Teolog\u00eda Pontificia y Civil de Lima, Lima 2016; La Iglesia y los Homosexuales. Un falso conflicto, Facultad de Teolog\u00eda Pontificia y Civil de Lima, Lima 2017. Coautor de Dios Busca al Hombre, CDSCO, Lima 2013; Neurona mata esp\u00edritu, Amazon, Lima 2018; Teolog\u00eda para Millennials, Amazon, Lima 2018. El padre Mario es columnista de los portales peruanos Cr\u00f3nica Viva, La abeja y Lucidez, as\u00ed como de los peri\u00f3dicos mexicanos Mural, Expreso, del portal mexicano Vox Fides y de ZENIT. Capell\u00e1n de la Universidad de Piura, Campus de Lima durante los cursos 2017 y 2018. Actualmente, profesor de Teolog\u00eda en la Universidad Panamericana, Ciudad de M\u00e9xico.","url":"https:\/\/exaudi.org\/es\/author\/padremarioarroyo\/"}]}},"jetpack_featured_media_url":"https:\/\/exaudi.org\/wp-content\/uploads\/2021\/04\/cathopic_1523560737277789-scaled.jpg","jetpack_shortlink":"https:\/\/wp.me\/pgKjF2-eCv","_links":{"self":[{"href":"https:\/\/exaudi.org\/es\/wp-json\/wp\/v2\/posts\/56203","targetHints":{"allow":["GET"]}}],"collection":[{"href":"https:\/\/exaudi.org\/es\/wp-json\/wp\/v2\/posts"}],"about":[{"href":"https:\/\/exaudi.org\/es\/wp-json\/wp\/v2\/types\/post"}],"author":[{"embeddable":true,"href":"https:\/\/exaudi.org\/es\/wp-json\/wp\/v2\/users\/22"}],"replies":[{"embeddable":true,"href":"https:\/\/exaudi.org\/es\/wp-json\/wp\/v2\/comments?post=56203"}],"version-history":[{"count":0,"href":"https:\/\/exaudi.org\/es\/wp-json\/wp\/v2\/posts\/56203\/revisions"}],"wp:featuredmedia":[{"embeddable":true,"href":"https:\/\/exaudi.org\/es\/wp-json\/wp\/v2\/media\/11097"}],"wp:attachment":[{"href":"https:\/\/exaudi.org\/es\/wp-json\/wp\/v2\/media?parent=56203"}],"wp:term":[{"taxonomy":"category","embeddable":true,"href":"https:\/\/exaudi.org\/es\/wp-json\/wp\/v2\/categories?post=56203"},{"taxonomy":"post_tag","embeddable":true,"href":"https:\/\/exaudi.org\/es\/wp-json\/wp\/v2\/tags?post=56203"}],"curies":[{"name":"wp","href":"https:\/\/api.w.org\/{rel}","templated":true}]}}