{"id":55912,"date":"2022-04-04T10:45:08","date_gmt":"2022-04-04T08:45:08","guid":{"rendered":"https:\/\/exaudi.org\/?p=55912"},"modified":"2022-04-05T16:02:22","modified_gmt":"2022-04-05T14:02:22","slug":"si-se-dan-las-condiciones-el-papa-ira-a-kiev","status":"publish","type":"post","link":"https:\/\/exaudi.org\/es\/si-se-dan-las-condiciones-el-papa-ira-a-kiev\/","title":{"rendered":"Si se dan las condiciones, el Papa ir\u00e1 a Kiev"},"content":{"rendered":"<p>El Papa dedic\u00f3 poco m\u00e1s de 16 minutos a hablar con los periodistas en el avi\u00f3n, debido a la corta duraci\u00f3n del vuelo Roma-Malta. Sobre su salud respondi\u00f3 que es \u201cun poco caprichosa\u201d, \u201chay un problema en la rodilla\u201d y brome\u00f3 diciendo que \u201ca cierta edad no se sabe c\u00f3mo termina el `partido\u201d.<\/p>\n<p><img loading=\"lazy\" decoding=\"async\" class=\"size-medium wp-image-55919 alignleft\" src=\"https:\/\/exaudi.org\/wp-content\/uploads\/2022\/04\/DSC9508-300x200.jpg\" alt=\"\" width=\"300\" height=\"200\" srcset=\"https:\/\/exaudi.org\/wp-content\/uploads\/2022\/04\/DSC9508-300x200.jpg 300w, https:\/\/exaudi.org\/wp-content\/uploads\/2022\/04\/DSC9508-1024x683.jpg 1024w, https:\/\/exaudi.org\/wp-content\/uploads\/2022\/04\/DSC9508-770x513.jpg 770w, https:\/\/exaudi.org\/wp-content\/uploads\/2022\/04\/DSC9508-1536x1024.jpg 1536w, https:\/\/exaudi.org\/wp-content\/uploads\/2022\/04\/DSC9508-2048x1365.jpg 2048w, https:\/\/exaudi.org\/wp-content\/uploads\/2022\/04\/DSC9508-360x240.jpg?crop=1 360w, https:\/\/exaudi.org\/wp-content\/uploads\/2022\/04\/DSC9508-500x333.jpg 500w, https:\/\/exaudi.org\/wp-content\/uploads\/2022\/04\/DSC9508-1155x770.jpg 1155w, https:\/\/exaudi.org\/wp-content\/uploads\/2022\/04\/DSC9508-370x247.jpg 370w, https:\/\/exaudi.org\/wp-content\/uploads\/2022\/04\/DSC9508-293x195.jpg 293w, https:\/\/exaudi.org\/wp-content\/uploads\/2022\/04\/DSC9508-1400x933.jpg 1400w, https:\/\/exaudi.org\/wp-content\/uploads\/2022\/04\/DSC9508-120x80.jpg 120w, https:\/\/exaudi.org\/wp-content\/uploads\/2022\/04\/DSC9508-240x160.jpg 240w, https:\/\/exaudi.org\/wp-content\/uploads\/2022\/04\/DSC9508-390x260.jpg 390w\" sizes=\"auto, (max-width: 300px) 100vw, 300px\" \/>En cuanto al tema de los migrantes que llegan de \u00c1frica a las costas europeas, el Santo Padre consider\u00f3 que es un problema \u201cgrave\u201d, y que adem\u00e1s de Malta, Grecia, Espa\u00f1a e Italia son los pa\u00edses m\u00e1s cercanos. Indic\u00f3 que \u201ccada pa\u00eds deber\u00eda decir cu\u00e1ntos migrantes puede recibir para vivir all\u00ed\u201d, y luego llegar a un acuerdo con Europa. Pero, por desgracia, \u201cno todo el mundo est\u00e1 de acuerdo en recibirlos\u201d.\u00a0 Se\u00f1al\u00f3 que hay pa\u00edses generosos, y Malta es uno de ellos.<\/p>\n<p>A continuaci\u00f3n, se refiri\u00f3 a la visita de hoy al centro de acogida de refugiados. \u201cLas cosas que he o\u00eddo decir a los migrantes son terribles, y luego esas lagers en la costa libia, cuando los devuelven, es algo criminal\u201d.\u00a0 A\u00f1adi\u00f3 que, al igual que los pa\u00edses europeos reciben a los ucranianos, tambi\u00e9n deben hacerlo los del otro lado del Mediterr\u00e1neo.<\/p>\n<h2><strong>Viaje a Kiev, guerra, Putin<\/strong><\/h2>\n<p><img loading=\"lazy\" decoding=\"async\" class=\"size-medium wp-image-55916 alignright\" src=\"https:\/\/exaudi.org\/wp-content\/uploads\/2022\/04\/DSC9633-300x200.jpg\" alt=\"\" width=\"300\" height=\"200\" srcset=\"https:\/\/exaudi.org\/wp-content\/uploads\/2022\/04\/DSC9633-300x200.jpg 300w, https:\/\/exaudi.org\/wp-content\/uploads\/2022\/04\/DSC9633-1024x683.jpg 1024w, https:\/\/exaudi.org\/wp-content\/uploads\/2022\/04\/DSC9633-770x513.jpg 770w, https:\/\/exaudi.org\/wp-content\/uploads\/2022\/04\/DSC9633-1536x1024.jpg 1536w, https:\/\/exaudi.org\/wp-content\/uploads\/2022\/04\/DSC9633-2048x1365.jpg 2048w, https:\/\/exaudi.org\/wp-content\/uploads\/2022\/04\/DSC9633-360x240.jpg?crop=1 360w, https:\/\/exaudi.org\/wp-content\/uploads\/2022\/04\/DSC9633-500x333.jpg 500w, https:\/\/exaudi.org\/wp-content\/uploads\/2022\/04\/DSC9633-1155x770.jpg 1155w, https:\/\/exaudi.org\/wp-content\/uploads\/2022\/04\/DSC9633-370x247.jpg 370w, https:\/\/exaudi.org\/wp-content\/uploads\/2022\/04\/DSC9633-293x195.jpg 293w, https:\/\/exaudi.org\/wp-content\/uploads\/2022\/04\/DSC9633-1400x933.jpg 1400w, https:\/\/exaudi.org\/wp-content\/uploads\/2022\/04\/DSC9633-120x80.jpg 120w, https:\/\/exaudi.org\/wp-content\/uploads\/2022\/04\/DSC9633-240x160.jpg 240w, https:\/\/exaudi.org\/wp-content\/uploads\/2022\/04\/DSC9633-390x260.jpg 390w\" sizes=\"auto, (max-width: 300px) 100vw, 300px\" \/>Preguntado por un posible viaje a \u201cKiev sobre la mesa\u201d, y por los probables cr\u00edmenes de guerra en las zonas donde se han retirado los rusos, como Bucha, el Papa respondi\u00f3: \u201cLa guerra es siempre una crueldad, una cosa inhumana, que va contra el esp\u00edritu humano, no digo cristiano, humano. Es el esp\u00edritu de Ca\u00edn, el esp\u00edritu &#8216;cainista&#8217;&#8230; Estoy dispuesto a hacer todo lo que haya que hacer, y la Santa Sede, especialmente la parte diplom\u00e1tica, el cardenal Parolin y monse\u00f1or Gallagher, est\u00e1n haciendo todo, pero todo, no se puede publicar todo lo que hacen, por prudencia, por confidencialidad, pero estamos al l\u00edmite de nuestro trabajo\u201d.<\/p>\n<p>Entre las iniciativas, se encuentra el viaje de Mons. Krajewski enviado a petici\u00f3n del presidente de Polonia \u201cya ha ido dos veces, llev\u00f3 dos ambulancias y se qued\u00f3 con ellos, pero lo har\u00e1 en otra ocasi\u00f3n, est\u00e1 dispuesto a hacerlo!<\/p>\n<p>En lo referente a la visita a Kiev reitera que \u201cla disponibilidad siempre est\u00e1 ah\u00ed, no hay un &#8216;no&#8217;. Es una de las propuestas, no s\u00e9 si ser\u00e1 conveniente, si se puede hacer\u201d.\u00a0 A\u00f1adi\u00f3 que \u201cestamos trabajando en una reuni\u00f3n con el patriarca Kirill\u201d.\u00a0 Y \u201cestas son las cosas tal y como est\u00e1n ahora.\u201d.<\/p>\n<p>Sobre qu\u00e9 dir\u00eda a Putin, respondi\u00f3: \u201cLas cosas que he dicho a las autoridades de cada parte son p\u00fablicas. Nada de lo que he dicho es confidencial para m\u00ed. Cuando habl\u00e9 con el Patriarca, hizo una bonita declaraci\u00f3n de lo que hab\u00edamos dicho\u201d. Y precis\u00f3 que tuvo noticias del presidente ruso \u201ca finales de a\u00f1o, cuando me llam\u00f3 para desearme lo mejor. He escuchado al presidente de Ucrania dos veces.\u201d.<\/p>\n<p><img loading=\"lazy\" decoding=\"async\" class=\"size-medium wp-image-55925 alignleft\" src=\"https:\/\/exaudi.org\/wp-content\/uploads\/2022\/04\/DSC9519-300x200.jpg\" alt=\"\" width=\"300\" height=\"200\" srcset=\"https:\/\/exaudi.org\/wp-content\/uploads\/2022\/04\/DSC9519-300x200.jpg 300w, https:\/\/exaudi.org\/wp-content\/uploads\/2022\/04\/DSC9519-1024x683.jpg 1024w, https:\/\/exaudi.org\/wp-content\/uploads\/2022\/04\/DSC9519-770x513.jpg 770w, https:\/\/exaudi.org\/wp-content\/uploads\/2022\/04\/DSC9519-1536x1024.jpg 1536w, https:\/\/exaudi.org\/wp-content\/uploads\/2022\/04\/DSC9519-2048x1365.jpg 2048w, https:\/\/exaudi.org\/wp-content\/uploads\/2022\/04\/DSC9519-360x240.jpg?crop=1 360w, https:\/\/exaudi.org\/wp-content\/uploads\/2022\/04\/DSC9519-500x333.jpg 500w, https:\/\/exaudi.org\/wp-content\/uploads\/2022\/04\/DSC9519-1155x770.jpg 1155w, https:\/\/exaudi.org\/wp-content\/uploads\/2022\/04\/DSC9519-370x247.jpg 370w, https:\/\/exaudi.org\/wp-content\/uploads\/2022\/04\/DSC9519-293x195.jpg 293w, https:\/\/exaudi.org\/wp-content\/uploads\/2022\/04\/DSC9519-1400x933.jpg 1400w, https:\/\/exaudi.org\/wp-content\/uploads\/2022\/04\/DSC9519-120x80.jpg 120w, https:\/\/exaudi.org\/wp-content\/uploads\/2022\/04\/DSC9519-240x160.jpg 240w, https:\/\/exaudi.org\/wp-content\/uploads\/2022\/04\/DSC9519-390x260.jpg 390w\" sizes=\"auto, (max-width: 300px) 100vw, 300px\" \/>El Santo Padre ha agregado que acudi\u00f3 a la embajada \u201cpara hablar con el embajador, que es el representante del pueblo, y hacer preguntas y dar mis impresiones sobre el caso\u201d. \u00a0Y que ha hablado por tel\u00e9fono con la periodista argentina Elisabetta Piqu\u00e8 \u201cque estuvo en Le\u00f3polis y ahora est\u00e1 en Odessa\u201d y le cuenta c\u00f3mo son las cosas, con el rector del seminario y con uno de ustedes (el periodista que ha hecho la pregunta es americano, ndr).<\/p>\n<p>A continuaci\u00f3n, el Papa expres\u00f3 sus condolencias por los colegas periodistas ca\u00eddos, \u201ctanto de un lado como del otro, su trabajo est\u00e1 al servicio del bien com\u00fan, fueron valientes, rezo por ellos, para que el Se\u00f1or les recompense por su trabajo\u201d.<\/p>\n<p>De nuevo sobre qu\u00e9 mensaje dir\u00eda a Putin, el Pont\u00edfice insisti\u00f3 en que \u201clos mensajes que he dado a todas las autoridades son los que he dado p\u00fablicamente. No me gusta el doble lenguaje.\u201d. Subray\u00f3 que \u201ctoda guerra nace de una injusticia, siempre. Porque ah\u00ed est\u00e1 el patr\u00f3n de la guerra. No hay un patr\u00f3n de paz\u201d. Ante las agresiones, \u201cnecesitamos defendernos\u201d para comprar armas.<\/p>\n<p>Francisco tambi\u00e9n ha recordado que cuando termin\u00f3 la II Guerra Mundial, \u201ctodo el mundo respir\u00f3 \u2018nunca m\u00e1s guerra\u2019 y paz.\u00a0 Tambi\u00e9n comenz\u00f3 una ola de trabajo por la paz con la buena voluntad de no dar armas, armas at\u00f3micas en ese momento, por la paz, despu\u00e9s de Hiroshima y Nagasaki. Fue un gran acto de buena voluntad. Pero, \u201csetenta a\u00f1os despu\u00e9s hemos olvidado todo esto\u201d.<\/p>\n<p>\u201cNo podemos pensar en otro patr\u00f3n, ya no estamos acostumbrados a pensar en el patr\u00f3n de la paz\u201d, expuso, \u201csomos tercos como la humanidad\u201d.\u00a0Y esto, \u201cno por casualidad, al principio de la Biblia aparece este problema: el esp\u00edritu \u2018cainista\u2019 de matar en lugar del esp\u00edritu de paz\u201d.<\/p>\n<h2><strong>Los muertos en la II Guerra Mundial<\/strong><\/h2>\n<p><img loading=\"lazy\" decoding=\"async\" class=\"size-medium wp-image-55922 alignright\" src=\"https:\/\/exaudi.org\/wp-content\/uploads\/2022\/04\/DSC9363-300x200.jpg\" alt=\"\" width=\"300\" height=\"200\" srcset=\"https:\/\/exaudi.org\/wp-content\/uploads\/2022\/04\/DSC9363-300x200.jpg 300w, https:\/\/exaudi.org\/wp-content\/uploads\/2022\/04\/DSC9363-1024x683.jpg 1024w, https:\/\/exaudi.org\/wp-content\/uploads\/2022\/04\/DSC9363-770x513.jpg 770w, https:\/\/exaudi.org\/wp-content\/uploads\/2022\/04\/DSC9363-1536x1024.jpg 1536w, https:\/\/exaudi.org\/wp-content\/uploads\/2022\/04\/DSC9363-2048x1365.jpg 2048w, https:\/\/exaudi.org\/wp-content\/uploads\/2022\/04\/DSC9363-360x240.jpg?crop=1 360w, https:\/\/exaudi.org\/wp-content\/uploads\/2022\/04\/DSC9363-500x333.jpg 500w, https:\/\/exaudi.org\/wp-content\/uploads\/2022\/04\/DSC9363-1155x770.jpg 1155w, https:\/\/exaudi.org\/wp-content\/uploads\/2022\/04\/DSC9363-370x247.jpg 370w, https:\/\/exaudi.org\/wp-content\/uploads\/2022\/04\/DSC9363-293x195.jpg 293w, https:\/\/exaudi.org\/wp-content\/uploads\/2022\/04\/DSC9363-1400x933.jpg 1400w, https:\/\/exaudi.org\/wp-content\/uploads\/2022\/04\/DSC9363-120x80.jpg 120w, https:\/\/exaudi.org\/wp-content\/uploads\/2022\/04\/DSC9363-240x160.jpg 240w, https:\/\/exaudi.org\/wp-content\/uploads\/2022\/04\/DSC9363-390x260.jpg 390w\" sizes=\"auto, (max-width: 300px) 100vw, 300px\" \/>El Pont\u00edfice ha compartido \u201ccuando estuve en Redipuglia en 2014 y vi los nombres de los chicos, llor\u00e9. Realmente llor\u00e9 de amargura. Luego, uno o dos a\u00f1os despu\u00e9s, en el D\u00eda de los Muertos fui a celebrarlo a Anzio y vi los nombres de los chicos que hab\u00edan ca\u00eddo all\u00ed (en la II Guerra Mundial). Todos j\u00f3venes, y yo tambi\u00e9n llor\u00e9 all\u00ed\u201d. \u201cLo respeto porque hay un problema pol\u00edtico\u201d, a\u00f1adi\u00f3.<\/p>\n<p>Y en la conmemoraci\u00f3n de Normandia \u201clos jefes de gobierno se reunieron para conmemorarlo. Pero no recuerdo que nadie hablara de los 30.000 j\u00f3venes que quedaron en las playas. La juventud no importa\u201d Y concluy\u00f3: \u201cMe entristece. No aprendemos. Que el Se\u00f1or se apiade de nosotros, de todos nosotros. Todos somos culpables\u201d.<\/p>\n","protected":false},"excerpt":{"rendered":"<p>Rueda de prensa con los periodistas en su vuelo de regreso de Malta<\/p>\n","protected":false},"author":100,"featured_media":55913,"comment_status":"closed","ping_status":"closed","sticky":false,"template":"","format":"standard","meta":{"_acf_changed":false,"_crdt_document":"","inline_featured_image":false,"footnotes":""},"categories":[68,120,126],"tags":[3834,6223,3932,158,625,598,512,4953,1235,6057],"class_list":["post-55912","post","type-post","status-publish","format-standard","has-post-thumbnail","hentry","category-leon-xiv","category-viajes","category-viajes-papales","tag-guerra-es","tag-ii-guera-mundial","tag-malta","tag-papa-francisco","tag-paz","tag-rusia","tag-salud","tag-trending-es","tag-ucrania","tag-vladimir-putin"],"acf":[],"yoast_head":"<!-- This site is optimized with the Yoast SEO plugin v27.4 - https:\/\/yoast.com\/product\/yoast-seo-wordpress\/ -->\n<title>Si se dan las condiciones, el Papa ir\u00e1 a Kiev &#8211; Exaudi<\/title>\n<meta name=\"robots\" content=\"index, follow, max-snippet:-1, max-image-preview:large, max-video-preview:-1\" \/>\n<link rel=\"canonical\" href=\"https:\/\/exaudi.org\/es\/si-se-dan-las-condiciones-el-papa-ira-a-kiev\/\" \/>\n<meta property=\"og:locale\" content=\"es_ES\" \/>\n<meta property=\"og:type\" content=\"article\" \/>\n<meta property=\"og:title\" content=\"Si se dan las condiciones, el Papa ir\u00e1 a Kiev &#8211; Exaudi\" \/>\n<meta property=\"og:description\" content=\"Rueda de prensa con los periodistas en su vuelo de regreso de Malta\" \/>\n<meta property=\"og:url\" content=\"https:\/\/exaudi.org\/es\/si-se-dan-las-condiciones-el-papa-ira-a-kiev\/\" \/>\n<meta property=\"og:site_name\" content=\"Exaudi\" \/>\n<meta property=\"article:publisher\" content=\"https:\/\/www.facebook.com\/ExaudiNews\" \/>\n<meta property=\"article:published_time\" content=\"2022-04-04T08:45:08+00:00\" \/>\n<meta property=\"article:modified_time\" content=\"2022-04-05T14:02:22+00:00\" \/>\n<meta property=\"og:image\" content=\"https:\/\/exaudi.org\/wp-content\/uploads\/2022\/04\/DSC1854-scaled.jpg\" \/>\n\t<meta property=\"og:image:width\" content=\"2560\" \/>\n\t<meta property=\"og:image:height\" content=\"1707\" \/>\n\t<meta property=\"og:image:type\" content=\"image\/jpeg\" \/>\n<meta name=\"author\" content=\"Hern\u00e1n Sergio Mora\" \/>\n<meta name=\"twitter:card\" content=\"summary_large_image\" \/>\n<meta name=\"twitter:creator\" content=\"@Exaudi_News\" \/>\n<meta name=\"twitter:site\" content=\"@Exaudi_News\" \/>\n<meta name=\"twitter:label1\" content=\"Escrito por\" \/>\n\t<meta name=\"twitter:data1\" content=\"Hern\u00e1n Sergio Mora\" \/>\n\t<meta name=\"twitter:label2\" content=\"Tiempo de lectura\" \/>\n\t<meta name=\"twitter:data2\" content=\"5 minutos\" \/>\n<script type=\"application\/ld+json\" class=\"yoast-schema-graph\">{\"@context\":\"https:\\\/\\\/schema.org\",\"@graph\":[{\"@type\":\"Article\",\"@id\":\"https:\\\/\\\/exaudi.org\\\/es\\\/si-se-dan-las-condiciones-el-papa-ira-a-kiev\\\/#article\",\"isPartOf\":{\"@id\":\"https:\\\/\\\/exaudi.org\\\/es\\\/si-se-dan-las-condiciones-el-papa-ira-a-kiev\\\/\"},\"author\":{\"name\":\"Hern\u00e1n Sergio Mora\",\"@id\":\"https:\\\/\\\/exaudi.org\\\/#\\\/schema\\\/person\\\/3e7333f465f16fd2182fe9d6b1fdcae2\"},\"headline\":\"Si se dan las condiciones, el Papa ir\u00e1 a Kiev\",\"datePublished\":\"2022-04-04T08:45:08+00:00\",\"dateModified\":\"2022-04-05T14:02:22+00:00\",\"mainEntityOfPage\":{\"@id\":\"https:\\\/\\\/exaudi.org\\\/es\\\/si-se-dan-las-condiciones-el-papa-ira-a-kiev\\\/\"},\"wordCount\":979,\"image\":{\"@id\":\"https:\\\/\\\/exaudi.org\\\/es\\\/si-se-dan-las-condiciones-el-papa-ira-a-kiev\\\/#primaryimage\"},\"thumbnailUrl\":\"https:\\\/\\\/exaudi.org\\\/wp-content\\\/uploads\\\/2022\\\/04\\\/DSC1854-scaled.jpg\",\"keywords\":[\"guerra\",\"II Guera Mundial\",\"Malta\",\"papa francisco\",\"Paz\",\"Rusia\",\"Salud\",\"Trending\",\"Ucrania\",\"Vladimir Putin\"],\"articleSection\":[\"Le\u00f3n XIV\",\"Viajes\",\"Viajes Papales\"],\"inLanguage\":\"es\"},{\"@type\":\"WebPage\",\"@id\":\"https:\\\/\\\/exaudi.org\\\/es\\\/si-se-dan-las-condiciones-el-papa-ira-a-kiev\\\/\",\"url\":\"https:\\\/\\\/exaudi.org\\\/es\\\/si-se-dan-las-condiciones-el-papa-ira-a-kiev\\\/\",\"name\":\"Si se dan las condiciones, el Papa ir\u00e1 a Kiev &#8211; Exaudi\",\"isPartOf\":{\"@id\":\"https:\\\/\\\/exaudi.org\\\/#website\"},\"primaryImageOfPage\":{\"@id\":\"https:\\\/\\\/exaudi.org\\\/es\\\/si-se-dan-las-condiciones-el-papa-ira-a-kiev\\\/#primaryimage\"},\"image\":{\"@id\":\"https:\\\/\\\/exaudi.org\\\/es\\\/si-se-dan-las-condiciones-el-papa-ira-a-kiev\\\/#primaryimage\"},\"thumbnailUrl\":\"https:\\\/\\\/exaudi.org\\\/wp-content\\\/uploads\\\/2022\\\/04\\\/DSC1854-scaled.jpg\",\"datePublished\":\"2022-04-04T08:45:08+00:00\",\"dateModified\":\"2022-04-05T14:02:22+00:00\",\"author\":{\"@id\":\"https:\\\/\\\/exaudi.org\\\/#\\\/schema\\\/person\\\/3e7333f465f16fd2182fe9d6b1fdcae2\"},\"breadcrumb\":{\"@id\":\"https:\\\/\\\/exaudi.org\\\/es\\\/si-se-dan-las-condiciones-el-papa-ira-a-kiev\\\/#breadcrumb\"},\"inLanguage\":\"es\",\"potentialAction\":[{\"@type\":\"ReadAction\",\"target\":[\"https:\\\/\\\/exaudi.org\\\/es\\\/si-se-dan-las-condiciones-el-papa-ira-a-kiev\\\/\"]}]},{\"@type\":\"ImageObject\",\"inLanguage\":\"es\",\"@id\":\"https:\\\/\\\/exaudi.org\\\/es\\\/si-se-dan-las-condiciones-el-papa-ira-a-kiev\\\/#primaryimage\",\"url\":\"https:\\\/\\\/exaudi.org\\\/wp-content\\\/uploads\\\/2022\\\/04\\\/DSC1854-scaled.jpg\",\"contentUrl\":\"https:\\\/\\\/exaudi.org\\\/wp-content\\\/uploads\\\/2022\\\/04\\\/DSC1854-scaled.jpg\",\"width\":2560,\"height\":1707,\"caption\":\"Rueda de prensa con periodistas en vuelo de regreso de Malta, 3 abril 2022 \u00a9 Vatican Media\"},{\"@type\":\"BreadcrumbList\",\"@id\":\"https:\\\/\\\/exaudi.org\\\/es\\\/si-se-dan-las-condiciones-el-papa-ira-a-kiev\\\/#breadcrumb\",\"itemListElement\":[{\"@type\":\"ListItem\",\"position\":1,\"name\":\"Portada\",\"item\":\"https:\\\/\\\/exaudi.org\\\/es\\\/\"},{\"@type\":\"ListItem\",\"position\":2,\"name\":\"Si se dan las condiciones, el Papa ir\u00e1 a Kiev\"}]},{\"@type\":\"WebSite\",\"@id\":\"https:\\\/\\\/exaudi.org\\\/#website\",\"url\":\"https:\\\/\\\/exaudi.org\\\/\",\"name\":\"Exaudi\",\"description\":\"News\",\"potentialAction\":[{\"@type\":\"SearchAction\",\"target\":{\"@type\":\"EntryPoint\",\"urlTemplate\":\"https:\\\/\\\/exaudi.org\\\/?s={search_term_string}\"},\"query-input\":{\"@type\":\"PropertyValueSpecification\",\"valueRequired\":true,\"valueName\":\"search_term_string\"}}],\"inLanguage\":\"es\"},{\"@type\":\"Person\",\"@id\":\"https:\\\/\\\/exaudi.org\\\/#\\\/schema\\\/person\\\/3e7333f465f16fd2182fe9d6b1fdcae2\",\"name\":\"Hern\u00e1n Sergio Mora\",\"image\":{\"@type\":\"ImageObject\",\"inLanguage\":\"es\",\"@id\":\"https:\\\/\\\/secure.gravatar.com\\\/avatar\\\/556d88f9a25514abbe43c87f0ee46f86e5c496f9303998d1c6a585e6ffd9025b?s=96&d=mm&r=g\",\"url\":\"https:\\\/\\\/secure.gravatar.com\\\/avatar\\\/556d88f9a25514abbe43c87f0ee46f86e5c496f9303998d1c6a585e6ffd9025b?s=96&d=mm&r=g\",\"contentUrl\":\"https:\\\/\\\/secure.gravatar.com\\\/avatar\\\/556d88f9a25514abbe43c87f0ee46f86e5c496f9303998d1c6a585e6ffd9025b?s=96&d=mm&r=g\",\"caption\":\"Hern\u00e1n Sergio Mora\"},\"description\":\"Hern\u00e1n Sergio Mora, periodista profesional de la Associazione Stampa Estera, nacido en Buenos Aires. Desde hace 30 a\u00f1os en Roma, trabaj\u00f3 para diversos medios, El Pa\u00eds, BBC en espa\u00f1ol, Zenit.org. Ahora colabora con Exaudi\",\"sameAs\":[\"https:\\\/\\\/www.latinosenitalia.it\\\/\"],\"url\":\"https:\\\/\\\/exaudi.org\\\/es\\\/author\\\/sergiomora\\\/\"}]}<\/script>\n<!-- \/ Yoast SEO plugin. -->","yoast_head_json":{"title":"Si se dan las condiciones, el Papa ir\u00e1 a Kiev &#8211; Exaudi","robots":{"index":"index","follow":"follow","max-snippet":"max-snippet:-1","max-image-preview":"max-image-preview:large","max-video-preview":"max-video-preview:-1"},"canonical":"https:\/\/exaudi.org\/es\/si-se-dan-las-condiciones-el-papa-ira-a-kiev\/","og_locale":"es_ES","og_type":"article","og_title":"Si se dan las condiciones, el Papa ir\u00e1 a Kiev &#8211; Exaudi","og_description":"Rueda de prensa con los periodistas en su vuelo de regreso de Malta","og_url":"https:\/\/exaudi.org\/es\/si-se-dan-las-condiciones-el-papa-ira-a-kiev\/","og_site_name":"Exaudi","article_publisher":"https:\/\/www.facebook.com\/ExaudiNews","article_published_time":"2022-04-04T08:45:08+00:00","article_modified_time":"2022-04-05T14:02:22+00:00","og_image":[{"width":2560,"height":1707,"url":"https:\/\/exaudi.org\/wp-content\/uploads\/2022\/04\/DSC1854-scaled.jpg","type":"image\/jpeg"}],"author":"Hern\u00e1n Sergio Mora","twitter_card":"summary_large_image","twitter_creator":"@Exaudi_News","twitter_site":"@Exaudi_News","twitter_misc":{"Escrito por":"Hern\u00e1n Sergio Mora","Tiempo de lectura":"5 minutos"},"schema":{"@context":"https:\/\/schema.org","@graph":[{"@type":"Article","@id":"https:\/\/exaudi.org\/es\/si-se-dan-las-condiciones-el-papa-ira-a-kiev\/#article","isPartOf":{"@id":"https:\/\/exaudi.org\/es\/si-se-dan-las-condiciones-el-papa-ira-a-kiev\/"},"author":{"name":"Hern\u00e1n Sergio Mora","@id":"https:\/\/exaudi.org\/#\/schema\/person\/3e7333f465f16fd2182fe9d6b1fdcae2"},"headline":"Si se dan las condiciones, el Papa ir\u00e1 a Kiev","datePublished":"2022-04-04T08:45:08+00:00","dateModified":"2022-04-05T14:02:22+00:00","mainEntityOfPage":{"@id":"https:\/\/exaudi.org\/es\/si-se-dan-las-condiciones-el-papa-ira-a-kiev\/"},"wordCount":979,"image":{"@id":"https:\/\/exaudi.org\/es\/si-se-dan-las-condiciones-el-papa-ira-a-kiev\/#primaryimage"},"thumbnailUrl":"https:\/\/exaudi.org\/wp-content\/uploads\/2022\/04\/DSC1854-scaled.jpg","keywords":["guerra","II Guera Mundial","Malta","papa francisco","Paz","Rusia","Salud","Trending","Ucrania","Vladimir Putin"],"articleSection":["Le\u00f3n XIV","Viajes","Viajes Papales"],"inLanguage":"es"},{"@type":"WebPage","@id":"https:\/\/exaudi.org\/es\/si-se-dan-las-condiciones-el-papa-ira-a-kiev\/","url":"https:\/\/exaudi.org\/es\/si-se-dan-las-condiciones-el-papa-ira-a-kiev\/","name":"Si se dan las condiciones, el Papa ir\u00e1 a Kiev &#8211; Exaudi","isPartOf":{"@id":"https:\/\/exaudi.org\/#website"},"primaryImageOfPage":{"@id":"https:\/\/exaudi.org\/es\/si-se-dan-las-condiciones-el-papa-ira-a-kiev\/#primaryimage"},"image":{"@id":"https:\/\/exaudi.org\/es\/si-se-dan-las-condiciones-el-papa-ira-a-kiev\/#primaryimage"},"thumbnailUrl":"https:\/\/exaudi.org\/wp-content\/uploads\/2022\/04\/DSC1854-scaled.jpg","datePublished":"2022-04-04T08:45:08+00:00","dateModified":"2022-04-05T14:02:22+00:00","author":{"@id":"https:\/\/exaudi.org\/#\/schema\/person\/3e7333f465f16fd2182fe9d6b1fdcae2"},"breadcrumb":{"@id":"https:\/\/exaudi.org\/es\/si-se-dan-las-condiciones-el-papa-ira-a-kiev\/#breadcrumb"},"inLanguage":"es","potentialAction":[{"@type":"ReadAction","target":["https:\/\/exaudi.org\/es\/si-se-dan-las-condiciones-el-papa-ira-a-kiev\/"]}]},{"@type":"ImageObject","inLanguage":"es","@id":"https:\/\/exaudi.org\/es\/si-se-dan-las-condiciones-el-papa-ira-a-kiev\/#primaryimage","url":"https:\/\/exaudi.org\/wp-content\/uploads\/2022\/04\/DSC1854-scaled.jpg","contentUrl":"https:\/\/exaudi.org\/wp-content\/uploads\/2022\/04\/DSC1854-scaled.jpg","width":2560,"height":1707,"caption":"Rueda de prensa con periodistas en vuelo de regreso de Malta, 3 abril 2022 \u00a9 Vatican Media"},{"@type":"BreadcrumbList","@id":"https:\/\/exaudi.org\/es\/si-se-dan-las-condiciones-el-papa-ira-a-kiev\/#breadcrumb","itemListElement":[{"@type":"ListItem","position":1,"name":"Portada","item":"https:\/\/exaudi.org\/es\/"},{"@type":"ListItem","position":2,"name":"Si se dan las condiciones, el Papa ir\u00e1 a Kiev"}]},{"@type":"WebSite","@id":"https:\/\/exaudi.org\/#website","url":"https:\/\/exaudi.org\/","name":"Exaudi","description":"News","potentialAction":[{"@type":"SearchAction","target":{"@type":"EntryPoint","urlTemplate":"https:\/\/exaudi.org\/?s={search_term_string}"},"query-input":{"@type":"PropertyValueSpecification","valueRequired":true,"valueName":"search_term_string"}}],"inLanguage":"es"},{"@type":"Person","@id":"https:\/\/exaudi.org\/#\/schema\/person\/3e7333f465f16fd2182fe9d6b1fdcae2","name":"Hern\u00e1n Sergio Mora","image":{"@type":"ImageObject","inLanguage":"es","@id":"https:\/\/secure.gravatar.com\/avatar\/556d88f9a25514abbe43c87f0ee46f86e5c496f9303998d1c6a585e6ffd9025b?s=96&d=mm&r=g","url":"https:\/\/secure.gravatar.com\/avatar\/556d88f9a25514abbe43c87f0ee46f86e5c496f9303998d1c6a585e6ffd9025b?s=96&d=mm&r=g","contentUrl":"https:\/\/secure.gravatar.com\/avatar\/556d88f9a25514abbe43c87f0ee46f86e5c496f9303998d1c6a585e6ffd9025b?s=96&d=mm&r=g","caption":"Hern\u00e1n Sergio Mora"},"description":"Hern\u00e1n Sergio Mora, periodista profesional de la Associazione Stampa Estera, nacido en Buenos Aires. Desde hace 30 a\u00f1os en Roma, trabaj\u00f3 para diversos medios, El Pa\u00eds, BBC en espa\u00f1ol, Zenit.org. Ahora colabora con Exaudi","sameAs":["https:\/\/www.latinosenitalia.it\/"],"url":"https:\/\/exaudi.org\/es\/author\/sergiomora\/"}]}},"jetpack_featured_media_url":"https:\/\/exaudi.org\/wp-content\/uploads\/2022\/04\/DSC1854-scaled.jpg","jetpack_shortlink":"https:\/\/wp.me\/pgKjF2-exO","_links":{"self":[{"href":"https:\/\/exaudi.org\/es\/wp-json\/wp\/v2\/posts\/55912","targetHints":{"allow":["GET"]}}],"collection":[{"href":"https:\/\/exaudi.org\/es\/wp-json\/wp\/v2\/posts"}],"about":[{"href":"https:\/\/exaudi.org\/es\/wp-json\/wp\/v2\/types\/post"}],"author":[{"embeddable":true,"href":"https:\/\/exaudi.org\/es\/wp-json\/wp\/v2\/users\/100"}],"replies":[{"embeddable":true,"href":"https:\/\/exaudi.org\/es\/wp-json\/wp\/v2\/comments?post=55912"}],"version-history":[{"count":0,"href":"https:\/\/exaudi.org\/es\/wp-json\/wp\/v2\/posts\/55912\/revisions"}],"wp:featuredmedia":[{"embeddable":true,"href":"https:\/\/exaudi.org\/es\/wp-json\/wp\/v2\/media\/55913"}],"wp:attachment":[{"href":"https:\/\/exaudi.org\/es\/wp-json\/wp\/v2\/media?parent=55912"}],"wp:term":[{"taxonomy":"category","embeddable":true,"href":"https:\/\/exaudi.org\/es\/wp-json\/wp\/v2\/categories?post=55912"},{"taxonomy":"post_tag","embeddable":true,"href":"https:\/\/exaudi.org\/es\/wp-json\/wp\/v2\/tags?post=55912"}],"curies":[{"name":"wp","href":"https:\/\/api.w.org\/{rel}","templated":true}]}}