{"id":55315,"date":"2022-03-29T12:13:43","date_gmt":"2022-03-29T10:13:43","guid":{"rendered":"https:\/\/exaudi.org\/?p=55315"},"modified":"2022-03-29T12:13:43","modified_gmt":"2022-03-29T10:13:43","slug":"cardenal-barreto-el-desafio-de-un-plan-de-conjunto-para-la-amazonia","status":"publish","type":"post","link":"https:\/\/exaudi.org\/es\/cardenal-barreto-el-desafio-de-un-plan-de-conjunto-para-la-amazonia\/","title":{"rendered":"Cardenal Barreto: El desaf\u00edo de un plan de conjunto para la Amazon\u00eda"},"content":{"rendered":"<p class=\"entry-title\">Para la CEAMA \u201cel desaf\u00edo fundamental es hacer un plan de conjunto para toda la Amazon\u00eda\u201d, expres\u00f3 el cardenal Barreto. El purpurado <a href=\"https:\/\/exaudi.org\/es\/amazonia-cardenal-barreto-presidente-ceama\/\" target=\"_blank\" rel=\"noopener\">ha sido elegido\u00a0presidente<\/a> de la <a href=\"https:\/\/www.facebook.com\/ceama.juntos\" target=\"_blank\" rel=\"noopener\">Conferencia Eclesial de la Amazon\u00eda (CEAMA)<\/a>, este domingo 27 de marzo de 2022, dentro de la Asamblea Ordinaria realizada de modo presencial, con un peque\u00f1o grupo en S\u00e3o Paulo, y virtual.<\/p>\n<h2><strong>Desaf\u00edos marcados por la evangelizaci\u00f3n en la Amazon\u00eda<\/strong><\/h2>\n<p>El purpurado peruano, que compaginar\u00e1 su nuevo servicio con el de presidente de la <a href=\"https:\/\/www.repam.net\/es\/\" target=\"_blank\" rel=\"noopener\">Red Eclesial Panamaz\u00f3nica (REPAM)<\/a>, afirma que \u201clos desaf\u00edos de la Amazon\u00eda son parte tambi\u00e9n de la Conferencia Eclesial de la Amazon\u00eda\u201d. Seg\u00fan el arzobispo de Huancayo (Per\u00fa), esos desaf\u00edos \u201cdefinitivamente est\u00e1n\u00a0marcados en primer lugar por la concepci\u00f3n de la evangelizaci\u00f3n en la regi\u00f3n amaz\u00f3nica, pero desde dos realidades tambi\u00e9n muy importantes, la CEAMA (Conferencia Eclesial de la Amazon\u00eda), y la red de articulaci\u00f3n, que es la Red Eclesial Panamaz\u00f3nica\u201d.<\/p>\n<p>Para el cardenal Barreto, que fue uno de los Presidentes Delegados del S\u00ednodo para la Amazon\u00eda, \u201cde alguna manera podemos decir que\u00a0el desaf\u00edo fundamental es hacer un plan de conjunto para toda la Amazon\u00eda\u201d. Refiri\u00e9ndose a la gran extensi\u00f3n de la regi\u00f3n amaz\u00f3nica, afirma que, en ese territorio tan amplio, \u201cqueremos hacer un plan pastoral\u201d. Es algo que ya se ha iniciado, recuerda, aunque matiza que \u201ctenemos que ser muy, muy claros para decir que este es uno de los grandes desaf\u00edos de la CEAMA\u201d.<\/p>\n<h2><strong>N\u00facleos tem\u00e1ticos<\/strong><\/h2>\n<p>Junto con ello, en segundo lugar, se refiere a \u201clos n\u00facleos tem\u00e1ticos que corresponden a la CEAMA, y tambi\u00e9n a compartir otros n\u00facleos tem\u00e1ticos con la Red Eclesial Panamaz\u00f3nica, que tenemos que\u00a0ir haciendo un enclave territorial, entrar a esta propuesta definitivamente en el territorio\u201d. En ese sentido, insiste em que \u201cl\u00f3gicamente, la REPAM nos ayuda en ese aspecto, porque tiene esa responsabilidad de entrar en el territorio\u201d.<\/p>\n<p>Lo que queremos definitivamente, seg\u00fan el cardenal jesuita, \u201ces el deseo del papa Francisco que la Iglesia tenga un rostro amaz\u00f3nico\u201d. En su opini\u00f3n, \u201cun rostro amaz\u00f3nico quiere decir que no solo la cultura amaz\u00f3nica, sino la espiritualidad amaz\u00f3nica, est\u00e9n presentes en nuestra vida y en nuestra misi\u00f3n\u201d. Por eso, no duda en afirmar que \u201caqu\u00ed tenemos un grave reto de c\u00f3mo incorporar tambi\u00e9n a los pueblos amaz\u00f3nicos y los pueblos originarios en este proceso evangelizador que como Iglesia tenemos que realizar\u201d.<\/p>\n<h2><strong>Agradecimiento al cardenal Claudio Hummes<\/strong><\/h2>\n<p>En sus palabras, no ha querido olvidarse del presidente saliente, que durante a\u00f1os compartieron un camino com\u00fan como presidente y vicepresidente de la REPAM, diciendo que \u201cquiero tambi\u00e9n indicar un agradecimiento muy, muy especial al cardenal Claudio Hummes, que precisamente en esta reciente asamblea de la CEAMA present\u00f3 su renuncia\u201d.<\/p>\n<p>Para el nuevo presidente de la CEAMA, \u201cla nueva presidencia est\u00e1 muy abocada no solamente a continuar el proceso sinodal amaz\u00f3nico, sino que adem\u00e1s\u00a0ir respondiendo desde los n\u00facleos tem\u00e1ticos a esta problem\u00e1tica muy grave, que como sabemos, no solamente la crisis sanitaria, sino tambi\u00e9n la crisis clim\u00e1tica est\u00e1 afectando gravemente al territorio amaz\u00f3nico con una creciente deforestaci\u00f3n y con una actitud lesiva a los pueblos originarios y a todos los que viven en la Amazon\u00eda\u201d.<\/p>\n<p>Es algo en lo que \u201cestamos y queremos estar muy atentos a la escucha de los gritos de nuestros hermanos y hermanas, y tambi\u00e9n al gemido de la Tierra, sobre todo de la tierra amaz\u00f3nica\u201d, concluy\u00f3 el cardenal Pedro Barreto.<\/p>\n<p><iframe loading=\"lazy\" title=\"Mensaje del Cardenal Pedro Barreto SJ, nuevo presidente de la CEAMA\" width=\"500\" height=\"281\" src=\"https:\/\/www.youtube.com\/embed\/__X7182zaIk?feature=oembed\" frameborder=\"0\" allow=\"accelerometer; autoplay; clipboard-write; encrypted-media; gyroscope; picture-in-picture; web-share\" referrerpolicy=\"strict-origin-when-cross-origin\" allowfullscreen><\/iframe><\/p>\n","protected":false},"excerpt":{"rendered":"<p>El purpurado ha sido elegido recientemente elegido presidente de la Conferencia Eclesial de la Amazon\u00eda (CEAMA)<\/p>\n","protected":false},"author":93,"featured_media":55316,"comment_status":"closed","ping_status":"closed","sticky":false,"template":"","format":"standard","meta":{"_acf_changed":false,"_crdt_document":"","inline_featured_image":false,"footnotes":""},"categories":[86,74],"tags":[320,3170,1797,1850,4953],"class_list":["post-55315","post","type-post","status-publish","format-standard","has-post-thumbnail","hentry","category-iglesia-local","category-iglesia-y-mundo","tag-amazonia","tag-cardenal-pedro-barreto","tag-conferencia-eclesial-de-la-amazonia-ceama","tag-red-eclesial-panamazonica-repam","tag-trending-es"],"acf":[],"yoast_head":"<!-- This site is optimized with the Yoast SEO plugin v27.4 - https:\/\/yoast.com\/product\/yoast-seo-wordpress\/ -->\n<title>Cardenal Barreto: El desaf\u00edo de un plan de conjunto para la Amazon\u00eda &#8211; Exaudi<\/title>\n<meta name=\"description\" content=\"Para la CEAMA \u201cel desaf\u00edo fundamental es hacer un plan de conjunto para toda la Amazon\u00eda\u201d, expres\u00f3 el cardenal Barreto.\" \/>\n<meta name=\"robots\" content=\"index, follow, max-snippet:-1, max-image-preview:large, max-video-preview:-1\" \/>\n<link rel=\"canonical\" href=\"https:\/\/exaudi.org\/es\/cardenal-barreto-el-desafio-de-un-plan-de-conjunto-para-la-amazonia\/\" \/>\n<meta property=\"og:locale\" content=\"es_ES\" \/>\n<meta property=\"og:type\" content=\"article\" \/>\n<meta property=\"og:title\" content=\"Cardenal Barreto: El desaf\u00edo de un plan de conjunto para la Amazon\u00eda &#8211; Exaudi\" \/>\n<meta property=\"og:description\" content=\"Para la CEAMA \u201cel desaf\u00edo fundamental es hacer un plan de conjunto para toda la Amazon\u00eda\u201d, expres\u00f3 el cardenal Barreto.\" \/>\n<meta property=\"og:url\" content=\"https:\/\/exaudi.org\/es\/cardenal-barreto-el-desafio-de-un-plan-de-conjunto-para-la-amazonia\/\" \/>\n<meta property=\"og:site_name\" content=\"Exaudi\" \/>\n<meta property=\"article:publisher\" content=\"https:\/\/www.facebook.com\/ExaudiNews\" \/>\n<meta property=\"article:published_time\" content=\"2022-03-29T10:13:43+00:00\" \/>\n<meta property=\"og:image\" content=\"https:\/\/exaudi.org\/wp-content\/uploads\/2022\/03\/Cardenal-Barreto.jpeg\" \/>\n\t<meta property=\"og:image:width\" content=\"1216\" \/>\n\t<meta property=\"og:image:height\" content=\"684\" \/>\n\t<meta property=\"og:image:type\" content=\"image\/jpeg\" \/>\n<meta name=\"author\" content=\"ADN CELAM\" \/>\n<meta name=\"twitter:card\" content=\"summary_large_image\" \/>\n<meta name=\"twitter:creator\" content=\"@Exaudi_News\" \/>\n<meta name=\"twitter:site\" content=\"@Exaudi_News\" \/>\n<meta name=\"twitter:label1\" content=\"Escrito por\" \/>\n\t<meta name=\"twitter:data1\" content=\"ADN CELAM\" \/>\n\t<meta name=\"twitter:label2\" content=\"Tiempo de lectura\" \/>\n\t<meta name=\"twitter:data2\" content=\"3 minutos\" \/>\n<script type=\"application\/ld+json\" class=\"yoast-schema-graph\">{\"@context\":\"https:\\\/\\\/schema.org\",\"@graph\":[{\"@type\":\"Article\",\"@id\":\"https:\\\/\\\/exaudi.org\\\/es\\\/cardenal-barreto-el-desafio-de-un-plan-de-conjunto-para-la-amazonia\\\/#article\",\"isPartOf\":{\"@id\":\"https:\\\/\\\/exaudi.org\\\/es\\\/cardenal-barreto-el-desafio-de-un-plan-de-conjunto-para-la-amazonia\\\/\"},\"author\":{\"name\":\"ADN CELAM\",\"@id\":\"https:\\\/\\\/exaudi.org\\\/#\\\/schema\\\/person\\\/fbc491ba5ee575299c5e9bc1b11ccc1f\"},\"headline\":\"Cardenal Barreto: El desaf\u00edo de un plan de conjunto para la Amazon\u00eda\",\"datePublished\":\"2022-03-29T10:13:43+00:00\",\"mainEntityOfPage\":{\"@id\":\"https:\\\/\\\/exaudi.org\\\/es\\\/cardenal-barreto-el-desafio-de-un-plan-de-conjunto-para-la-amazonia\\\/\"},\"wordCount\":648,\"image\":{\"@id\":\"https:\\\/\\\/exaudi.org\\\/es\\\/cardenal-barreto-el-desafio-de-un-plan-de-conjunto-para-la-amazonia\\\/#primaryimage\"},\"thumbnailUrl\":\"https:\\\/\\\/exaudi.org\\\/wp-content\\\/uploads\\\/2022\\\/03\\\/Cardenal-Barreto.jpeg\",\"keywords\":[\"Amazon\u00eda\",\"Cardenal Pedro Barreto\",\"Conferencia Eclesial de la Amazon\u00eda (CEAMA)\",\"Red Eclesial Panamaz\u00f3nica (REPAM)\",\"Trending\"],\"articleSection\":[\"Iglesia Local\",\"Iglesia y Mundo\"],\"inLanguage\":\"es\"},{\"@type\":\"WebPage\",\"@id\":\"https:\\\/\\\/exaudi.org\\\/es\\\/cardenal-barreto-el-desafio-de-un-plan-de-conjunto-para-la-amazonia\\\/\",\"url\":\"https:\\\/\\\/exaudi.org\\\/es\\\/cardenal-barreto-el-desafio-de-un-plan-de-conjunto-para-la-amazonia\\\/\",\"name\":\"Cardenal Barreto: El desaf\u00edo de un plan de conjunto para la Amazon\u00eda &#8211; Exaudi\",\"isPartOf\":{\"@id\":\"https:\\\/\\\/exaudi.org\\\/#website\"},\"primaryImageOfPage\":{\"@id\":\"https:\\\/\\\/exaudi.org\\\/es\\\/cardenal-barreto-el-desafio-de-un-plan-de-conjunto-para-la-amazonia\\\/#primaryimage\"},\"image\":{\"@id\":\"https:\\\/\\\/exaudi.org\\\/es\\\/cardenal-barreto-el-desafio-de-un-plan-de-conjunto-para-la-amazonia\\\/#primaryimage\"},\"thumbnailUrl\":\"https:\\\/\\\/exaudi.org\\\/wp-content\\\/uploads\\\/2022\\\/03\\\/Cardenal-Barreto.jpeg\",\"datePublished\":\"2022-03-29T10:13:43+00:00\",\"author\":{\"@id\":\"https:\\\/\\\/exaudi.org\\\/#\\\/schema\\\/person\\\/fbc491ba5ee575299c5e9bc1b11ccc1f\"},\"description\":\"Para la CEAMA \u201cel desaf\u00edo fundamental es hacer un plan de conjunto para toda la Amazon\u00eda\u201d, expres\u00f3 el cardenal Barreto.\",\"breadcrumb\":{\"@id\":\"https:\\\/\\\/exaudi.org\\\/es\\\/cardenal-barreto-el-desafio-de-un-plan-de-conjunto-para-la-amazonia\\\/#breadcrumb\"},\"inLanguage\":\"es\",\"potentialAction\":[{\"@type\":\"ReadAction\",\"target\":[\"https:\\\/\\\/exaudi.org\\\/es\\\/cardenal-barreto-el-desafio-de-un-plan-de-conjunto-para-la-amazonia\\\/\"]}]},{\"@type\":\"ImageObject\",\"inLanguage\":\"es\",\"@id\":\"https:\\\/\\\/exaudi.org\\\/es\\\/cardenal-barreto-el-desafio-de-un-plan-de-conjunto-para-la-amazonia\\\/#primaryimage\",\"url\":\"https:\\\/\\\/exaudi.org\\\/wp-content\\\/uploads\\\/2022\\\/03\\\/Cardenal-Barreto.jpeg\",\"contentUrl\":\"https:\\\/\\\/exaudi.org\\\/wp-content\\\/uploads\\\/2022\\\/03\\\/Cardenal-Barreto.jpeg\",\"width\":1216,\"height\":684,\"caption\":\"Cardenal Barreto \u00a9 Vatican Media\"},{\"@type\":\"BreadcrumbList\",\"@id\":\"https:\\\/\\\/exaudi.org\\\/es\\\/cardenal-barreto-el-desafio-de-un-plan-de-conjunto-para-la-amazonia\\\/#breadcrumb\",\"itemListElement\":[{\"@type\":\"ListItem\",\"position\":1,\"name\":\"Portada\",\"item\":\"https:\\\/\\\/exaudi.org\\\/es\\\/\"},{\"@type\":\"ListItem\",\"position\":2,\"name\":\"Cardenal Barreto: El desaf\u00edo de un plan de conjunto para la Amazon\u00eda\"}]},{\"@type\":\"WebSite\",\"@id\":\"https:\\\/\\\/exaudi.org\\\/#website\",\"url\":\"https:\\\/\\\/exaudi.org\\\/\",\"name\":\"Exaudi\",\"description\":\"News\",\"potentialAction\":[{\"@type\":\"SearchAction\",\"target\":{\"@type\":\"EntryPoint\",\"urlTemplate\":\"https:\\\/\\\/exaudi.org\\\/?s={search_term_string}\"},\"query-input\":{\"@type\":\"PropertyValueSpecification\",\"valueRequired\":true,\"valueName\":\"search_term_string\"}}],\"inLanguage\":\"es\"},{\"@type\":\"Person\",\"@id\":\"https:\\\/\\\/exaudi.org\\\/#\\\/schema\\\/person\\\/fbc491ba5ee575299c5e9bc1b11ccc1f\",\"name\":\"ADN CELAM\",\"image\":{\"@type\":\"ImageObject\",\"inLanguage\":\"es\",\"@id\":\"https:\\\/\\\/secure.gravatar.com\\\/avatar\\\/9f35251df285dd73b5052c2ea71d63aa960ac375813315353fd23ad8daf7a7ae?s=96&d=mm&r=g\",\"url\":\"https:\\\/\\\/secure.gravatar.com\\\/avatar\\\/9f35251df285dd73b5052c2ea71d63aa960ac375813315353fd23ad8daf7a7ae?s=96&d=mm&r=g\",\"contentUrl\":\"https:\\\/\\\/secure.gravatar.com\\\/avatar\\\/9f35251df285dd73b5052c2ea71d63aa960ac375813315353fd23ad8daf7a7ae?s=96&d=mm&r=g\",\"caption\":\"ADN CELAM\"},\"description\":\"Sistema informativo del Consejo Episcopal Latinoamericano (CELAM)\",\"url\":\"https:\\\/\\\/exaudi.org\\\/es\\\/author\\\/adncelam\\\/\"}]}<\/script>\n<!-- \/ Yoast SEO plugin. -->","yoast_head_json":{"title":"Cardenal Barreto: El desaf\u00edo de un plan de conjunto para la Amazon\u00eda &#8211; Exaudi","description":"Para la CEAMA \u201cel desaf\u00edo fundamental es hacer un plan de conjunto para toda la Amazon\u00eda\u201d, expres\u00f3 el cardenal Barreto.","robots":{"index":"index","follow":"follow","max-snippet":"max-snippet:-1","max-image-preview":"max-image-preview:large","max-video-preview":"max-video-preview:-1"},"canonical":"https:\/\/exaudi.org\/es\/cardenal-barreto-el-desafio-de-un-plan-de-conjunto-para-la-amazonia\/","og_locale":"es_ES","og_type":"article","og_title":"Cardenal Barreto: El desaf\u00edo de un plan de conjunto para la Amazon\u00eda &#8211; Exaudi","og_description":"Para la CEAMA \u201cel desaf\u00edo fundamental es hacer un plan de conjunto para toda la Amazon\u00eda\u201d, expres\u00f3 el cardenal Barreto.","og_url":"https:\/\/exaudi.org\/es\/cardenal-barreto-el-desafio-de-un-plan-de-conjunto-para-la-amazonia\/","og_site_name":"Exaudi","article_publisher":"https:\/\/www.facebook.com\/ExaudiNews","article_published_time":"2022-03-29T10:13:43+00:00","og_image":[{"width":1216,"height":684,"url":"https:\/\/exaudi.org\/wp-content\/uploads\/2022\/03\/Cardenal-Barreto.jpeg","type":"image\/jpeg"}],"author":"ADN CELAM","twitter_card":"summary_large_image","twitter_creator":"@Exaudi_News","twitter_site":"@Exaudi_News","twitter_misc":{"Escrito por":"ADN CELAM","Tiempo de lectura":"3 minutos"},"schema":{"@context":"https:\/\/schema.org","@graph":[{"@type":"Article","@id":"https:\/\/exaudi.org\/es\/cardenal-barreto-el-desafio-de-un-plan-de-conjunto-para-la-amazonia\/#article","isPartOf":{"@id":"https:\/\/exaudi.org\/es\/cardenal-barreto-el-desafio-de-un-plan-de-conjunto-para-la-amazonia\/"},"author":{"name":"ADN CELAM","@id":"https:\/\/exaudi.org\/#\/schema\/person\/fbc491ba5ee575299c5e9bc1b11ccc1f"},"headline":"Cardenal Barreto: El desaf\u00edo de un plan de conjunto para la Amazon\u00eda","datePublished":"2022-03-29T10:13:43+00:00","mainEntityOfPage":{"@id":"https:\/\/exaudi.org\/es\/cardenal-barreto-el-desafio-de-un-plan-de-conjunto-para-la-amazonia\/"},"wordCount":648,"image":{"@id":"https:\/\/exaudi.org\/es\/cardenal-barreto-el-desafio-de-un-plan-de-conjunto-para-la-amazonia\/#primaryimage"},"thumbnailUrl":"https:\/\/exaudi.org\/wp-content\/uploads\/2022\/03\/Cardenal-Barreto.jpeg","keywords":["Amazon\u00eda","Cardenal Pedro Barreto","Conferencia Eclesial de la Amazon\u00eda (CEAMA)","Red Eclesial Panamaz\u00f3nica (REPAM)","Trending"],"articleSection":["Iglesia Local","Iglesia y Mundo"],"inLanguage":"es"},{"@type":"WebPage","@id":"https:\/\/exaudi.org\/es\/cardenal-barreto-el-desafio-de-un-plan-de-conjunto-para-la-amazonia\/","url":"https:\/\/exaudi.org\/es\/cardenal-barreto-el-desafio-de-un-plan-de-conjunto-para-la-amazonia\/","name":"Cardenal Barreto: El desaf\u00edo de un plan de conjunto para la Amazon\u00eda &#8211; Exaudi","isPartOf":{"@id":"https:\/\/exaudi.org\/#website"},"primaryImageOfPage":{"@id":"https:\/\/exaudi.org\/es\/cardenal-barreto-el-desafio-de-un-plan-de-conjunto-para-la-amazonia\/#primaryimage"},"image":{"@id":"https:\/\/exaudi.org\/es\/cardenal-barreto-el-desafio-de-un-plan-de-conjunto-para-la-amazonia\/#primaryimage"},"thumbnailUrl":"https:\/\/exaudi.org\/wp-content\/uploads\/2022\/03\/Cardenal-Barreto.jpeg","datePublished":"2022-03-29T10:13:43+00:00","author":{"@id":"https:\/\/exaudi.org\/#\/schema\/person\/fbc491ba5ee575299c5e9bc1b11ccc1f"},"description":"Para la CEAMA \u201cel desaf\u00edo fundamental es hacer un plan de conjunto para toda la Amazon\u00eda\u201d, expres\u00f3 el cardenal Barreto.","breadcrumb":{"@id":"https:\/\/exaudi.org\/es\/cardenal-barreto-el-desafio-de-un-plan-de-conjunto-para-la-amazonia\/#breadcrumb"},"inLanguage":"es","potentialAction":[{"@type":"ReadAction","target":["https:\/\/exaudi.org\/es\/cardenal-barreto-el-desafio-de-un-plan-de-conjunto-para-la-amazonia\/"]}]},{"@type":"ImageObject","inLanguage":"es","@id":"https:\/\/exaudi.org\/es\/cardenal-barreto-el-desafio-de-un-plan-de-conjunto-para-la-amazonia\/#primaryimage","url":"https:\/\/exaudi.org\/wp-content\/uploads\/2022\/03\/Cardenal-Barreto.jpeg","contentUrl":"https:\/\/exaudi.org\/wp-content\/uploads\/2022\/03\/Cardenal-Barreto.jpeg","width":1216,"height":684,"caption":"Cardenal Barreto \u00a9 Vatican Media"},{"@type":"BreadcrumbList","@id":"https:\/\/exaudi.org\/es\/cardenal-barreto-el-desafio-de-un-plan-de-conjunto-para-la-amazonia\/#breadcrumb","itemListElement":[{"@type":"ListItem","position":1,"name":"Portada","item":"https:\/\/exaudi.org\/es\/"},{"@type":"ListItem","position":2,"name":"Cardenal Barreto: El desaf\u00edo de un plan de conjunto para la Amazon\u00eda"}]},{"@type":"WebSite","@id":"https:\/\/exaudi.org\/#website","url":"https:\/\/exaudi.org\/","name":"Exaudi","description":"News","potentialAction":[{"@type":"SearchAction","target":{"@type":"EntryPoint","urlTemplate":"https:\/\/exaudi.org\/?s={search_term_string}"},"query-input":{"@type":"PropertyValueSpecification","valueRequired":true,"valueName":"search_term_string"}}],"inLanguage":"es"},{"@type":"Person","@id":"https:\/\/exaudi.org\/#\/schema\/person\/fbc491ba5ee575299c5e9bc1b11ccc1f","name":"ADN CELAM","image":{"@type":"ImageObject","inLanguage":"es","@id":"https:\/\/secure.gravatar.com\/avatar\/9f35251df285dd73b5052c2ea71d63aa960ac375813315353fd23ad8daf7a7ae?s=96&d=mm&r=g","url":"https:\/\/secure.gravatar.com\/avatar\/9f35251df285dd73b5052c2ea71d63aa960ac375813315353fd23ad8daf7a7ae?s=96&d=mm&r=g","contentUrl":"https:\/\/secure.gravatar.com\/avatar\/9f35251df285dd73b5052c2ea71d63aa960ac375813315353fd23ad8daf7a7ae?s=96&d=mm&r=g","caption":"ADN CELAM"},"description":"Sistema informativo del Consejo Episcopal Latinoamericano (CELAM)","url":"https:\/\/exaudi.org\/es\/author\/adncelam\/"}]}},"jetpack_featured_media_url":"https:\/\/exaudi.org\/wp-content\/uploads\/2022\/03\/Cardenal-Barreto.jpeg","jetpack_shortlink":"https:\/\/wp.me\/pgKjF2-eob","_links":{"self":[{"href":"https:\/\/exaudi.org\/es\/wp-json\/wp\/v2\/posts\/55315","targetHints":{"allow":["GET"]}}],"collection":[{"href":"https:\/\/exaudi.org\/es\/wp-json\/wp\/v2\/posts"}],"about":[{"href":"https:\/\/exaudi.org\/es\/wp-json\/wp\/v2\/types\/post"}],"author":[{"embeddable":true,"href":"https:\/\/exaudi.org\/es\/wp-json\/wp\/v2\/users\/93"}],"replies":[{"embeddable":true,"href":"https:\/\/exaudi.org\/es\/wp-json\/wp\/v2\/comments?post=55315"}],"version-history":[{"count":0,"href":"https:\/\/exaudi.org\/es\/wp-json\/wp\/v2\/posts\/55315\/revisions"}],"wp:featuredmedia":[{"embeddable":true,"href":"https:\/\/exaudi.org\/es\/wp-json\/wp\/v2\/media\/55316"}],"wp:attachment":[{"href":"https:\/\/exaudi.org\/es\/wp-json\/wp\/v2\/media?parent=55315"}],"wp:term":[{"taxonomy":"category","embeddable":true,"href":"https:\/\/exaudi.org\/es\/wp-json\/wp\/v2\/categories?post=55315"},{"taxonomy":"post_tag","embeddable":true,"href":"https:\/\/exaudi.org\/es\/wp-json\/wp\/v2\/tags?post=55315"}],"curies":[{"name":"wp","href":"https:\/\/api.w.org\/{rel}","templated":true}]}}