{"id":55307,"date":"2022-03-29T09:30:38","date_gmt":"2022-03-29T07:30:38","guid":{"rendered":"https:\/\/exaudi.org\/?p=55307"},"modified":"2022-03-29T16:01:21","modified_gmt":"2022-03-29T14:01:21","slug":"polonia-papa-y-mons-gadecki-hablan-sobre-los-refugiados-ucranianos","status":"publish","type":"post","link":"https:\/\/exaudi.org\/es\/polonia-papa-y-mons-gadecki-hablan-sobre-los-refugiados-ucranianos\/","title":{"rendered":"Polonia: Papa y Mons. Gadecki hablan sobre los refugiados ucranianos"},"content":{"rendered":"<p>El Papa Francisco y el arzobispo de Polonia monse\u00f1or Stanis\u0142aw Gadecki han hablado hoy de los refugiados ucranianos en un encuentro de 45 minutos en el Vaticano.<\/p>\n<p>El Santo Padre recibi\u00f3 al presidente de la <a href=\"https:\/\/episkopat.pl\/\" target=\"_blank\" rel=\"noopener\">Conferencia Episcopal Polaca<\/a>. Un punto clave fue c\u00f3mo ayudar a unos 2 millones de refugiados ucranianos que han huido de la invasi\u00f3n rusa, siendo Polonia el principal destino. Tambi\u00e9n hablaron de los que intentan cruzar ilegalmente la frontera polaca desde el lado de Bielorrusia.<\/p>\n<p>Durante el encuentro con el Santo Padre, Mons. Stanis\u0142aw Gadecki tambi\u00e9n abord\u00f3 el tema de la llamada <a href=\"https:\/\/exaudi.org\/es\/polonia-obispos-preocupados-camino-sinodal-alemania\/\" target=\"_blank\" rel=\"noopener\">\u201cv\u00eda sinodal alemana\u201d<\/a>, con la que, como el propio Papa se\u00f1al\u00f3, presenta una gran distancia, viendo en ella un giro hacia la protestantizaci\u00f3n de la Iglesia, a la que a menudo se oponen los propios protestantes.<\/p>\n<p>Durante su visita a la Radio Vaticana, el Metropolitano de Pozna\u0144 asegur\u00f3 el \u201cgran aprecio de Francisco por la apertura de los polacos a la acogida de los refugiados de Ucrania, pero tambi\u00e9n llam\u00f3 la atenci\u00f3n sobre la necesidad de ayuda a largo plazo, cuando su estancia se prolongue y se convierta en una cierta molestia\u201d. El arzobispo Gadecki tambi\u00e9n se\u00f1al\u00f3 que las iglesias de Polonia siguen abiertas a la celebraci\u00f3n del rito oriental.<\/p>\n<p>\u201cEn lo que respecta a los greco-cat\u00f3licos, siguen formando parte de la Iglesia Cat\u00f3lica, por lo que ambos servicios, escuchar las confesiones en ucraniano y la liturgia, todo esto es posible y conf\u00edo en que se encuentren con la amabilidad de los obispos polacos y las parroquias polacas\u201d, subray\u00f3 el arzobispo Gadecki. \u201cEn cuanto a la Iglesia ortodoxa, tenemos que ser abiertos aqu\u00ed, es decir, permitir a los ortodoxos tener la liturgia en ucraniano o en ruso, sabiendo de las fricciones que existen entre la Iglesia de Mosc\u00fa y la Iglesia ortodoxa ucraniana\u201d. Las personas que se encuentran en Polonia parecen ahora mucho m\u00e1s abiertas a la ortodoxia y a la fe greco-cat\u00f3lica que en Ucrania. De estas conversaciones con el clero ortodoxo y ucraniano se desprende que, de repente, ven una apertura que antes no exist\u00eda.<\/p>\n<p>Seg\u00fan el metropolitano de Pozna\u0144, la visita del patriarca Bartolom\u00e9 a Polonia debe mostrar claramente que, aparte de la ortodoxia, que apoya la intervenci\u00f3n rusa en Ucrania, hay una ortodoxia que se apega al Evangelio y no est\u00e1 en la \u201colla del Estado\u201d.<\/p>\n","protected":false},"excerpt":{"rendered":"<p>Tambi\u00e9n se trat\u00f3 el tema de la llamada \u201cv\u00eda sinodal alemana\u201d<\/p>\n","protected":false},"author":15,"featured_media":55340,"comment_status":"closed","ping_status":"closed","sticky":false,"template":"","format":"standard","meta":{"_acf_changed":false,"_crdt_document":"","inline_featured_image":false,"footnotes":""},"categories":[68],"tags":[3834,2757,158,2425,2315,4953,1235],"class_list":["post-55307","post","type-post","status-publish","format-standard","has-post-thumbnail","hentry","category-leon-xiv","tag-guerra-es","tag-monsenor-stanislaw-gadecki","tag-papa-francisco","tag-polonia-es","tag-refugiados","tag-trending-es","tag-ucrania"],"acf":[],"yoast_head":"<!-- This site is optimized with the Yoast SEO plugin v27.5 - https:\/\/yoast.com\/product\/yoast-seo-wordpress\/ -->\n<title>Polonia: Papa y Mons. Gadecki hablan sobre los refugiados ucranianos &#8211; Exaudi<\/title>\n<meta name=\"description\" content=\"Polonia: El Papa y monse\u00f1or Stanis\u0142aw Gadecki han hablado hoy de los refugiados ucranianos en un encuentro de 45 minutos en el Vaticano.\" \/>\n<meta name=\"robots\" content=\"index, follow, max-snippet:-1, max-image-preview:large, max-video-preview:-1\" \/>\n<link rel=\"canonical\" href=\"https:\/\/exaudi.org\/es\/polonia-papa-y-mons-gadecki-hablan-sobre-los-refugiados-ucranianos\/\" \/>\n<meta property=\"og:locale\" content=\"es_ES\" \/>\n<meta property=\"og:type\" content=\"article\" \/>\n<meta property=\"og:title\" content=\"Polonia: Papa y Mons. Gadecki hablan sobre los refugiados ucranianos &#8211; Exaudi\" \/>\n<meta property=\"og:description\" content=\"Polonia: El Papa y monse\u00f1or Stanis\u0142aw Gadecki han hablado hoy de los refugiados ucranianos en un encuentro de 45 minutos en el Vaticano.\" \/>\n<meta property=\"og:url\" content=\"https:\/\/exaudi.org\/es\/polonia-papa-y-mons-gadecki-hablan-sobre-los-refugiados-ucranianos\/\" \/>\n<meta property=\"og:site_name\" content=\"Exaudi\" \/>\n<meta property=\"article:publisher\" content=\"https:\/\/www.facebook.com\/ExaudiNews\" \/>\n<meta property=\"article:author\" content=\"https:\/\/www.facebook.com\/ExaudiNoticias\/\" \/>\n<meta property=\"article:published_time\" content=\"2022-03-29T07:30:38+00:00\" \/>\n<meta property=\"article:modified_time\" content=\"2022-03-29T14:01:21+00:00\" \/>\n<meta property=\"og:image\" content=\"https:\/\/exaudi.org\/wp-content\/uploads\/2022\/03\/00003_28032022-1-scaled.jpg\" \/>\n\t<meta property=\"og:image:width\" content=\"2560\" \/>\n\t<meta property=\"og:image:height\" content=\"1707\" \/>\n\t<meta property=\"og:image:type\" content=\"image\/jpeg\" \/>\n<meta name=\"author\" content=\"Exaudi Redacci\u00f3n\" \/>\n<meta name=\"twitter:card\" content=\"summary_large_image\" \/>\n<meta name=\"twitter:creator\" content=\"@Exaudi_noticias\" \/>\n<meta name=\"twitter:site\" content=\"@Exaudi_News\" \/>\n<meta name=\"twitter:label1\" content=\"Escrito por\" \/>\n\t<meta name=\"twitter:data1\" content=\"Exaudi Redacci\u00f3n\" \/>\n\t<meta name=\"twitter:label2\" content=\"Tiempo de lectura\" \/>\n\t<meta name=\"twitter:data2\" content=\"2 minutos\" \/>\n<script type=\"application\/ld+json\" class=\"yoast-schema-graph\">{\"@context\":\"https:\\\/\\\/schema.org\",\"@graph\":[{\"@type\":\"Article\",\"@id\":\"https:\\\/\\\/exaudi.org\\\/es\\\/polonia-papa-y-mons-gadecki-hablan-sobre-los-refugiados-ucranianos\\\/#article\",\"isPartOf\":{\"@id\":\"https:\\\/\\\/exaudi.org\\\/es\\\/polonia-papa-y-mons-gadecki-hablan-sobre-los-refugiados-ucranianos\\\/\"},\"author\":{\"name\":\"Exaudi Redacci\u00f3n\",\"@id\":\"https:\\\/\\\/exaudi.org\\\/#\\\/schema\\\/person\\\/f5fc8f063065e38742da7afe15f25df7\"},\"headline\":\"Polonia: Papa y Mons. Gadecki hablan sobre los refugiados ucranianos\",\"datePublished\":\"2022-03-29T07:30:38+00:00\",\"dateModified\":\"2022-03-29T14:01:21+00:00\",\"mainEntityOfPage\":{\"@id\":\"https:\\\/\\\/exaudi.org\\\/es\\\/polonia-papa-y-mons-gadecki-hablan-sobre-los-refugiados-ucranianos\\\/\"},\"wordCount\":417,\"image\":{\"@id\":\"https:\\\/\\\/exaudi.org\\\/es\\\/polonia-papa-y-mons-gadecki-hablan-sobre-los-refugiados-ucranianos\\\/#primaryimage\"},\"thumbnailUrl\":\"https:\\\/\\\/exaudi.org\\\/wp-content\\\/uploads\\\/2022\\\/03\\\/00003_28032022-1-scaled.jpg\",\"keywords\":[\"guerra\",\"Monse\u00f1or Stanislaw G\u0105decki\",\"papa francisco\",\"Polonia\",\"Refugiados\",\"Trending\",\"Ucrania\"],\"articleSection\":[\"Le\u00f3n XIV\"],\"inLanguage\":\"es\"},{\"@type\":\"WebPage\",\"@id\":\"https:\\\/\\\/exaudi.org\\\/es\\\/polonia-papa-y-mons-gadecki-hablan-sobre-los-refugiados-ucranianos\\\/\",\"url\":\"https:\\\/\\\/exaudi.org\\\/es\\\/polonia-papa-y-mons-gadecki-hablan-sobre-los-refugiados-ucranianos\\\/\",\"name\":\"Polonia: Papa y Mons. Gadecki hablan sobre los refugiados ucranianos &#8211; Exaudi\",\"isPartOf\":{\"@id\":\"https:\\\/\\\/exaudi.org\\\/#website\"},\"primaryImageOfPage\":{\"@id\":\"https:\\\/\\\/exaudi.org\\\/es\\\/polonia-papa-y-mons-gadecki-hablan-sobre-los-refugiados-ucranianos\\\/#primaryimage\"},\"image\":{\"@id\":\"https:\\\/\\\/exaudi.org\\\/es\\\/polonia-papa-y-mons-gadecki-hablan-sobre-los-refugiados-ucranianos\\\/#primaryimage\"},\"thumbnailUrl\":\"https:\\\/\\\/exaudi.org\\\/wp-content\\\/uploads\\\/2022\\\/03\\\/00003_28032022-1-scaled.jpg\",\"datePublished\":\"2022-03-29T07:30:38+00:00\",\"dateModified\":\"2022-03-29T14:01:21+00:00\",\"author\":{\"@id\":\"https:\\\/\\\/exaudi.org\\\/#\\\/schema\\\/person\\\/f5fc8f063065e38742da7afe15f25df7\"},\"description\":\"Polonia: El Papa y monse\u00f1or Stanis\u0142aw Gadecki han hablado hoy de los refugiados ucranianos en un encuentro de 45 minutos en el Vaticano.\",\"breadcrumb\":{\"@id\":\"https:\\\/\\\/exaudi.org\\\/es\\\/polonia-papa-y-mons-gadecki-hablan-sobre-los-refugiados-ucranianos\\\/#breadcrumb\"},\"inLanguage\":\"es\",\"potentialAction\":[{\"@type\":\"ReadAction\",\"target\":[\"https:\\\/\\\/exaudi.org\\\/es\\\/polonia-papa-y-mons-gadecki-hablan-sobre-los-refugiados-ucranianos\\\/\"]}]},{\"@type\":\"ImageObject\",\"inLanguage\":\"es\",\"@id\":\"https:\\\/\\\/exaudi.org\\\/es\\\/polonia-papa-y-mons-gadecki-hablan-sobre-los-refugiados-ucranianos\\\/#primaryimage\",\"url\":\"https:\\\/\\\/exaudi.org\\\/wp-content\\\/uploads\\\/2022\\\/03\\\/00003_28032022-1-scaled.jpg\",\"contentUrl\":\"https:\\\/\\\/exaudi.org\\\/wp-content\\\/uploads\\\/2022\\\/03\\\/00003_28032022-1-scaled.jpg\",\"width\":2560,\"height\":1707,\"caption\":\"El Papa Francisco saluda a Mons. Gadecki, 28 marzo 2022 \u00a9 Vatican Media\"},{\"@type\":\"BreadcrumbList\",\"@id\":\"https:\\\/\\\/exaudi.org\\\/es\\\/polonia-papa-y-mons-gadecki-hablan-sobre-los-refugiados-ucranianos\\\/#breadcrumb\",\"itemListElement\":[{\"@type\":\"ListItem\",\"position\":1,\"name\":\"Portada\",\"item\":\"https:\\\/\\\/exaudi.org\\\/es\\\/\"},{\"@type\":\"ListItem\",\"position\":2,\"name\":\"Polonia: Papa y Mons. Gadecki hablan sobre los refugiados ucranianos\"}]},{\"@type\":\"WebSite\",\"@id\":\"https:\\\/\\\/exaudi.org\\\/#website\",\"url\":\"https:\\\/\\\/exaudi.org\\\/\",\"name\":\"Exaudi\",\"description\":\"News\",\"potentialAction\":[{\"@type\":\"SearchAction\",\"target\":{\"@type\":\"EntryPoint\",\"urlTemplate\":\"https:\\\/\\\/exaudi.org\\\/?s={search_term_string}\"},\"query-input\":{\"@type\":\"PropertyValueSpecification\",\"valueRequired\":true,\"valueName\":\"search_term_string\"}}],\"inLanguage\":\"es\"},{\"@type\":\"Person\",\"@id\":\"https:\\\/\\\/exaudi.org\\\/#\\\/schema\\\/person\\\/f5fc8f063065e38742da7afe15f25df7\",\"name\":\"Exaudi Redacci\u00f3n\",\"image\":{\"@type\":\"ImageObject\",\"inLanguage\":\"es\",\"@id\":\"https:\\\/\\\/secure.gravatar.com\\\/avatar\\\/fe0f6a059fb68d9b3e11bc5850dd4899b1c7492091a3cb6dd9b01b56ad828be2?s=96&d=mm&r=g\",\"url\":\"https:\\\/\\\/secure.gravatar.com\\\/avatar\\\/fe0f6a059fb68d9b3e11bc5850dd4899b1c7492091a3cb6dd9b01b56ad828be2?s=96&d=mm&r=g\",\"contentUrl\":\"https:\\\/\\\/secure.gravatar.com\\\/avatar\\\/fe0f6a059fb68d9b3e11bc5850dd4899b1c7492091a3cb6dd9b01b56ad828be2?s=96&d=mm&r=g\",\"caption\":\"Exaudi Redacci\u00f3n\"},\"description\":\"\u00bfQu\u00e9 es Exaudi News? Exaudi News es un medio de comunicaci\u00f3n cat\u00f3lico internacional que informa, forma y transforma, diariamente en espa\u00f1ol, ingl\u00e9s e italiano. A trav\u00e9s de noticias, art\u00edculos de an\u00e1lisis y transmisiones en directo de los eventos del Papa, Exaudi busca fortalecer la unidad de los cristianos y contribuir a la evangelizaci\u00f3n del mundo, siempre guiados por la doctrina social de la Iglesia. Trabajamos para acercar la verdad y los valores cristianos a cada rinc\u00f3n del planeta. \u00a1Ay\u00fadanos a transformar el mundo con Exaudi! En Exaudi creemos que la evangelizaci\u00f3n y la informaci\u00f3n de calidad pueden cambiar vidas. Para continuar con nuestra misi\u00f3n y expandir nuestro alcance, necesitamos tu ayuda. Adem\u00e1s, buscamos personas comprometidas que deseen unirse a nuestro equipo. Con tu apoyo, lograremos llegar a m\u00e1s personas, difundir el mensaje de Cristo y reforzar la unidad de los cristianos. \u00bfTe unes a nuestra misi\u00f3n? Para m\u00e1s informaci\u00f3n sobre c\u00f3mo colaborar, visita Exaudi.org\\\/es o cont\u00e1ctanos directamente: info@exaudi.org Exaudi: Informa, forma y transforma.\",\"sameAs\":[\"https:\\\/\\\/www.facebook.com\\\/ExaudiNoticias\\\/\",\"https:\\\/\\\/www.instagram.com\\\/exaudi_noticias\\\/\",\"https:\\\/\\\/x.com\\\/Exaudi_noticias\",\"https:\\\/\\\/www.youtube.com\\\/@exaudicatholicnews\"],\"url\":\"https:\\\/\\\/exaudi.org\\\/es\\\/author\\\/redaccionexaudi\\\/\"}]}<\/script>\n<!-- \/ Yoast SEO plugin. -->","yoast_head_json":{"title":"Polonia: Papa y Mons. Gadecki hablan sobre los refugiados ucranianos &#8211; Exaudi","description":"Polonia: El Papa y monse\u00f1or Stanis\u0142aw Gadecki han hablado hoy de los refugiados ucranianos en un encuentro de 45 minutos en el Vaticano.","robots":{"index":"index","follow":"follow","max-snippet":"max-snippet:-1","max-image-preview":"max-image-preview:large","max-video-preview":"max-video-preview:-1"},"canonical":"https:\/\/exaudi.org\/es\/polonia-papa-y-mons-gadecki-hablan-sobre-los-refugiados-ucranianos\/","og_locale":"es_ES","og_type":"article","og_title":"Polonia: Papa y Mons. Gadecki hablan sobre los refugiados ucranianos &#8211; Exaudi","og_description":"Polonia: El Papa y monse\u00f1or Stanis\u0142aw Gadecki han hablado hoy de los refugiados ucranianos en un encuentro de 45 minutos en el Vaticano.","og_url":"https:\/\/exaudi.org\/es\/polonia-papa-y-mons-gadecki-hablan-sobre-los-refugiados-ucranianos\/","og_site_name":"Exaudi","article_publisher":"https:\/\/www.facebook.com\/ExaudiNews","article_author":"https:\/\/www.facebook.com\/ExaudiNoticias\/","article_published_time":"2022-03-29T07:30:38+00:00","article_modified_time":"2022-03-29T14:01:21+00:00","og_image":[{"width":2560,"height":1707,"url":"https:\/\/exaudi.org\/wp-content\/uploads\/2022\/03\/00003_28032022-1-scaled.jpg","type":"image\/jpeg"}],"author":"Exaudi Redacci\u00f3n","twitter_card":"summary_large_image","twitter_creator":"@Exaudi_noticias","twitter_site":"@Exaudi_News","twitter_misc":{"Escrito por":"Exaudi Redacci\u00f3n","Tiempo de lectura":"2 minutos"},"schema":{"@context":"https:\/\/schema.org","@graph":[{"@type":"Article","@id":"https:\/\/exaudi.org\/es\/polonia-papa-y-mons-gadecki-hablan-sobre-los-refugiados-ucranianos\/#article","isPartOf":{"@id":"https:\/\/exaudi.org\/es\/polonia-papa-y-mons-gadecki-hablan-sobre-los-refugiados-ucranianos\/"},"author":{"name":"Exaudi Redacci\u00f3n","@id":"https:\/\/exaudi.org\/#\/schema\/person\/f5fc8f063065e38742da7afe15f25df7"},"headline":"Polonia: Papa y Mons. Gadecki hablan sobre los refugiados ucranianos","datePublished":"2022-03-29T07:30:38+00:00","dateModified":"2022-03-29T14:01:21+00:00","mainEntityOfPage":{"@id":"https:\/\/exaudi.org\/es\/polonia-papa-y-mons-gadecki-hablan-sobre-los-refugiados-ucranianos\/"},"wordCount":417,"image":{"@id":"https:\/\/exaudi.org\/es\/polonia-papa-y-mons-gadecki-hablan-sobre-los-refugiados-ucranianos\/#primaryimage"},"thumbnailUrl":"https:\/\/exaudi.org\/wp-content\/uploads\/2022\/03\/00003_28032022-1-scaled.jpg","keywords":["guerra","Monse\u00f1or Stanislaw G\u0105decki","papa francisco","Polonia","Refugiados","Trending","Ucrania"],"articleSection":["Le\u00f3n XIV"],"inLanguage":"es"},{"@type":"WebPage","@id":"https:\/\/exaudi.org\/es\/polonia-papa-y-mons-gadecki-hablan-sobre-los-refugiados-ucranianos\/","url":"https:\/\/exaudi.org\/es\/polonia-papa-y-mons-gadecki-hablan-sobre-los-refugiados-ucranianos\/","name":"Polonia: Papa y Mons. Gadecki hablan sobre los refugiados ucranianos &#8211; Exaudi","isPartOf":{"@id":"https:\/\/exaudi.org\/#website"},"primaryImageOfPage":{"@id":"https:\/\/exaudi.org\/es\/polonia-papa-y-mons-gadecki-hablan-sobre-los-refugiados-ucranianos\/#primaryimage"},"image":{"@id":"https:\/\/exaudi.org\/es\/polonia-papa-y-mons-gadecki-hablan-sobre-los-refugiados-ucranianos\/#primaryimage"},"thumbnailUrl":"https:\/\/exaudi.org\/wp-content\/uploads\/2022\/03\/00003_28032022-1-scaled.jpg","datePublished":"2022-03-29T07:30:38+00:00","dateModified":"2022-03-29T14:01:21+00:00","author":{"@id":"https:\/\/exaudi.org\/#\/schema\/person\/f5fc8f063065e38742da7afe15f25df7"},"description":"Polonia: El Papa y monse\u00f1or Stanis\u0142aw Gadecki han hablado hoy de los refugiados ucranianos en un encuentro de 45 minutos en el Vaticano.","breadcrumb":{"@id":"https:\/\/exaudi.org\/es\/polonia-papa-y-mons-gadecki-hablan-sobre-los-refugiados-ucranianos\/#breadcrumb"},"inLanguage":"es","potentialAction":[{"@type":"ReadAction","target":["https:\/\/exaudi.org\/es\/polonia-papa-y-mons-gadecki-hablan-sobre-los-refugiados-ucranianos\/"]}]},{"@type":"ImageObject","inLanguage":"es","@id":"https:\/\/exaudi.org\/es\/polonia-papa-y-mons-gadecki-hablan-sobre-los-refugiados-ucranianos\/#primaryimage","url":"https:\/\/exaudi.org\/wp-content\/uploads\/2022\/03\/00003_28032022-1-scaled.jpg","contentUrl":"https:\/\/exaudi.org\/wp-content\/uploads\/2022\/03\/00003_28032022-1-scaled.jpg","width":2560,"height":1707,"caption":"El Papa Francisco saluda a Mons. Gadecki, 28 marzo 2022 \u00a9 Vatican Media"},{"@type":"BreadcrumbList","@id":"https:\/\/exaudi.org\/es\/polonia-papa-y-mons-gadecki-hablan-sobre-los-refugiados-ucranianos\/#breadcrumb","itemListElement":[{"@type":"ListItem","position":1,"name":"Portada","item":"https:\/\/exaudi.org\/es\/"},{"@type":"ListItem","position":2,"name":"Polonia: Papa y Mons. Gadecki hablan sobre los refugiados ucranianos"}]},{"@type":"WebSite","@id":"https:\/\/exaudi.org\/#website","url":"https:\/\/exaudi.org\/","name":"Exaudi","description":"News","potentialAction":[{"@type":"SearchAction","target":{"@type":"EntryPoint","urlTemplate":"https:\/\/exaudi.org\/?s={search_term_string}"},"query-input":{"@type":"PropertyValueSpecification","valueRequired":true,"valueName":"search_term_string"}}],"inLanguage":"es"},{"@type":"Person","@id":"https:\/\/exaudi.org\/#\/schema\/person\/f5fc8f063065e38742da7afe15f25df7","name":"Exaudi Redacci\u00f3n","image":{"@type":"ImageObject","inLanguage":"es","@id":"https:\/\/secure.gravatar.com\/avatar\/fe0f6a059fb68d9b3e11bc5850dd4899b1c7492091a3cb6dd9b01b56ad828be2?s=96&d=mm&r=g","url":"https:\/\/secure.gravatar.com\/avatar\/fe0f6a059fb68d9b3e11bc5850dd4899b1c7492091a3cb6dd9b01b56ad828be2?s=96&d=mm&r=g","contentUrl":"https:\/\/secure.gravatar.com\/avatar\/fe0f6a059fb68d9b3e11bc5850dd4899b1c7492091a3cb6dd9b01b56ad828be2?s=96&d=mm&r=g","caption":"Exaudi Redacci\u00f3n"},"description":"\u00bfQu\u00e9 es Exaudi News? Exaudi News es un medio de comunicaci\u00f3n cat\u00f3lico internacional que informa, forma y transforma, diariamente en espa\u00f1ol, ingl\u00e9s e italiano. A trav\u00e9s de noticias, art\u00edculos de an\u00e1lisis y transmisiones en directo de los eventos del Papa, Exaudi busca fortalecer la unidad de los cristianos y contribuir a la evangelizaci\u00f3n del mundo, siempre guiados por la doctrina social de la Iglesia. Trabajamos para acercar la verdad y los valores cristianos a cada rinc\u00f3n del planeta. \u00a1Ay\u00fadanos a transformar el mundo con Exaudi! En Exaudi creemos que la evangelizaci\u00f3n y la informaci\u00f3n de calidad pueden cambiar vidas. Para continuar con nuestra misi\u00f3n y expandir nuestro alcance, necesitamos tu ayuda. Adem\u00e1s, buscamos personas comprometidas que deseen unirse a nuestro equipo. Con tu apoyo, lograremos llegar a m\u00e1s personas, difundir el mensaje de Cristo y reforzar la unidad de los cristianos. \u00bfTe unes a nuestra misi\u00f3n? Para m\u00e1s informaci\u00f3n sobre c\u00f3mo colaborar, visita Exaudi.org\/es o cont\u00e1ctanos directamente: info@exaudi.org Exaudi: Informa, forma y transforma.","sameAs":["https:\/\/www.facebook.com\/ExaudiNoticias\/","https:\/\/www.instagram.com\/exaudi_noticias\/","https:\/\/x.com\/Exaudi_noticias","https:\/\/www.youtube.com\/@exaudicatholicnews"],"url":"https:\/\/exaudi.org\/es\/author\/redaccionexaudi\/"}]}},"jetpack_featured_media_url":"https:\/\/exaudi.org\/wp-content\/uploads\/2022\/03\/00003_28032022-1-scaled.jpg","jetpack_shortlink":"https:\/\/wp.me\/pgKjF2-eo3","_links":{"self":[{"href":"https:\/\/exaudi.org\/es\/wp-json\/wp\/v2\/posts\/55307","targetHints":{"allow":["GET"]}}],"collection":[{"href":"https:\/\/exaudi.org\/es\/wp-json\/wp\/v2\/posts"}],"about":[{"href":"https:\/\/exaudi.org\/es\/wp-json\/wp\/v2\/types\/post"}],"author":[{"embeddable":true,"href":"https:\/\/exaudi.org\/es\/wp-json\/wp\/v2\/users\/15"}],"replies":[{"embeddable":true,"href":"https:\/\/exaudi.org\/es\/wp-json\/wp\/v2\/comments?post=55307"}],"version-history":[{"count":0,"href":"https:\/\/exaudi.org\/es\/wp-json\/wp\/v2\/posts\/55307\/revisions"}],"wp:featuredmedia":[{"embeddable":true,"href":"https:\/\/exaudi.org\/es\/wp-json\/wp\/v2\/media\/55340"}],"wp:attachment":[{"href":"https:\/\/exaudi.org\/es\/wp-json\/wp\/v2\/media?parent=55307"}],"wp:term":[{"taxonomy":"category","embeddable":true,"href":"https:\/\/exaudi.org\/es\/wp-json\/wp\/v2\/categories?post=55307"},{"taxonomy":"post_tag","embeddable":true,"href":"https:\/\/exaudi.org\/es\/wp-json\/wp\/v2\/tags?post=55307"}],"curies":[{"name":"wp","href":"https:\/\/api.w.org\/{rel}","templated":true}]}}