{"id":55216,"date":"2022-03-28T13:33:51","date_gmt":"2022-03-28T11:33:51","guid":{"rendered":"https:\/\/exaudi.org\/?p=55216"},"modified":"2022-04-01T18:40:49","modified_gmt":"2022-04-01T16:40:49","slug":"dialogo-interreligioso-45-anos-camino-ecumenico","status":"publish","type":"post","link":"https:\/\/exaudi.org\/es\/dialogo-interreligioso-45-anos-camino-ecumenico\/","title":{"rendered":"Di\u00e1logo interreligioso: 45 a\u00f1os de camino ecum\u00e9nico"},"content":{"rendered":"<p>La reuni\u00f3n anual del <a href=\"https:\/\/www.vatican.va\/roman_curia\/pontifical_councils\/interelg\/index_sp.htm\" target=\"_blank\" rel=\"noopener\">Pontificio Consejo para el Di\u00e1logo Interreligioso (PCID)<\/a> del Vaticano y la Oficina de Di\u00e1logo y Cooperaci\u00f3n Interreligiosos (IRDC) del <a href=\"https:\/\/www.oikoumene.org\/es\" target=\"_blank\" rel=\"noopener\">Consejo Mundial de Iglesias (CMI)<\/a> tuvo lugar en la Oficina del PCID los d\u00edas 24 y 25 de marzo de 2022. Tambi\u00e9n asistieron a la reuni\u00f3n dos miembros de la Cooperaci\u00f3n de Testimonio P\u00fablico y Diacon\u00eda del CMI.<\/p>\n<p>El PCID y el CMI mantienen un di\u00e1logo de colaboraci\u00f3n ecum\u00e9nica desde 1977, que ha dado lugar a una serie de importantes proyectos conjuntos: Oraci\u00f3n Interreligiosa (1994); Reflexi\u00f3n sobre el Matrimonio Interreligioso (1997), Testimonio Cristiano en un mundo Multirreligioso: Recomendaciones de Conducta (2011), Educaci\u00f3n para la Paz en un Mundo Multirreligioso: Una perspectiva cristiana (2019), Servir a un Mundo Herido en la Solidaridad Interreligiosa: Una Llamada Cristiana a la Reflexi\u00f3n y a la Acci\u00f3n Durante la COVID-19 (2020).<\/p>\n<p>Esta reuni\u00f3n anual se caracteriz\u00f3 por tres rasgos:<\/p>\n<ol>\n<li>Una evaluaci\u00f3n de los 45 a\u00f1os de trayectoria ecum\u00e9nica en el fomento del di\u00e1logo interreligioso a trav\u00e9s de proyectos conjuntos y de colaboraci\u00f3n, as\u00ed como de su recepci\u00f3n e impacto en las comunidades locales.<\/li>\n<li>Lluvia de ideas y elaboraci\u00f3n de un plan de acci\u00f3n para la futura celebraci\u00f3n del 50\u00ba aniversario.<\/li>\n<li>Oraci\u00f3n por la paz en el mundo, especialmente por <a href=\"https:\/\/exaudi.org\/es\/papa-la-guerra-es-un-acto-barbaro-y-sacrilego\/\" target=\"_blank\" rel=\"noopener\">Ucrania<\/a>.<\/li>\n<\/ol>\n<p>Expresando su alegr\u00eda por la creciente amistad y la colaboraci\u00f3n mutua entre las dos Oficinas a lo largo de estos 45 a\u00f1os, ambas delegaciones miraron con expectaci\u00f3n el 50\u00ba aniversario y reiteraron su deseo de continuar el compromiso ecum\u00e9nico com\u00fan al servicio del di\u00e1logo interreligioso.<\/p>\n","protected":false},"excerpt":{"rendered":"<p>Reuni\u00f3n anual del Pontificio Consejo para el Di\u00e1logo Interreligioso y el Consejo Mundial de Iglesias<\/p>\n","protected":false},"author":15,"featured_media":55217,"comment_status":"closed","ping_status":"closed","sticky":false,"template":"","format":"standard","meta":{"_acf_changed":false,"_crdt_document":"","inline_featured_image":false,"footnotes":""},"categories":[140,132],"tags":[6048,1731],"class_list":["post-55216","post","type-post","status-publish","format-standard","has-post-thumbnail","hentry","category-ecumenismo-y-dialogo-interreligioso","category-vaticano-es","tag-consejo-mundial-de-iglesias","tag-pontificio-consejo-para-el-dialogo-interreligioso"],"acf":[],"yoast_head":"<!-- This site is optimized with the Yoast SEO plugin v27.5 - https:\/\/yoast.com\/product\/yoast-seo-wordpress\/ -->\n<title>Di\u00e1logo interreligioso: 45 a\u00f1os de camino ecum\u00e9nico &#8211; Exaudi<\/title>\n<meta name=\"description\" content=\"Se ha celebrado la reuni\u00f3n anual del Pontificio Consejo para el Di\u00e1logo Interreligioso del Vaticano y del Consejo Mundial de Iglesias\" \/>\n<meta name=\"robots\" content=\"index, follow, max-snippet:-1, max-image-preview:large, max-video-preview:-1\" \/>\n<link rel=\"canonical\" href=\"https:\/\/exaudi.org\/es\/dialogo-interreligioso-45-anos-camino-ecumenico\/\" \/>\n<meta property=\"og:locale\" content=\"es_ES\" \/>\n<meta property=\"og:type\" content=\"article\" \/>\n<meta property=\"og:title\" content=\"Di\u00e1logo interreligioso: 45 a\u00f1os de camino ecum\u00e9nico &#8211; Exaudi\" \/>\n<meta property=\"og:description\" content=\"Se ha celebrado la reuni\u00f3n anual del Pontificio Consejo para el Di\u00e1logo Interreligioso del Vaticano y del Consejo Mundial de Iglesias\" \/>\n<meta property=\"og:url\" content=\"https:\/\/exaudi.org\/es\/dialogo-interreligioso-45-anos-camino-ecumenico\/\" \/>\n<meta property=\"og:site_name\" content=\"Exaudi\" \/>\n<meta property=\"article:publisher\" content=\"https:\/\/www.facebook.com\/ExaudiNews\" \/>\n<meta property=\"article:author\" content=\"https:\/\/www.facebook.com\/ExaudiNoticias\/\" \/>\n<meta property=\"article:published_time\" content=\"2022-03-28T11:33:51+00:00\" \/>\n<meta property=\"article:modified_time\" content=\"2022-04-01T16:40:49+00:00\" \/>\n<meta property=\"og:image\" content=\"https:\/\/exaudi.org\/wp-content\/uploads\/2022\/03\/cq5dam.thumbnail.cropped.1500.844-10.jpeg\" \/>\n\t<meta property=\"og:image:width\" content=\"1500\" \/>\n\t<meta property=\"og:image:height\" content=\"844\" \/>\n\t<meta property=\"og:image:type\" content=\"image\/jpeg\" \/>\n<meta name=\"author\" content=\"Exaudi Redacci\u00f3n\" \/>\n<meta name=\"twitter:card\" content=\"summary_large_image\" \/>\n<meta name=\"twitter:creator\" content=\"@Exaudi_noticias\" \/>\n<meta name=\"twitter:site\" content=\"@Exaudi_News\" \/>\n<meta name=\"twitter:label1\" content=\"Escrito por\" \/>\n\t<meta name=\"twitter:data1\" content=\"Exaudi Redacci\u00f3n\" \/>\n\t<meta name=\"twitter:label2\" content=\"Tiempo de lectura\" \/>\n\t<meta name=\"twitter:data2\" content=\"1 minuto\" \/>\n<script type=\"application\/ld+json\" class=\"yoast-schema-graph\">{\"@context\":\"https:\\\/\\\/schema.org\",\"@graph\":[{\"@type\":\"Article\",\"@id\":\"https:\\\/\\\/exaudi.org\\\/es\\\/dialogo-interreligioso-45-anos-camino-ecumenico\\\/#article\",\"isPartOf\":{\"@id\":\"https:\\\/\\\/exaudi.org\\\/es\\\/dialogo-interreligioso-45-anos-camino-ecumenico\\\/\"},\"author\":{\"name\":\"Exaudi Redacci\u00f3n\",\"@id\":\"https:\\\/\\\/exaudi.org\\\/#\\\/schema\\\/person\\\/f5fc8f063065e38742da7afe15f25df7\"},\"headline\":\"Di\u00e1logo interreligioso: 45 a\u00f1os de camino ecum\u00e9nico\",\"datePublished\":\"2022-03-28T11:33:51+00:00\",\"dateModified\":\"2022-04-01T16:40:49+00:00\",\"mainEntityOfPage\":{\"@id\":\"https:\\\/\\\/exaudi.org\\\/es\\\/dialogo-interreligioso-45-anos-camino-ecumenico\\\/\"},\"wordCount\":286,\"image\":{\"@id\":\"https:\\\/\\\/exaudi.org\\\/es\\\/dialogo-interreligioso-45-anos-camino-ecumenico\\\/#primaryimage\"},\"thumbnailUrl\":\"https:\\\/\\\/exaudi.org\\\/wp-content\\\/uploads\\\/2022\\\/03\\\/cq5dam.thumbnail.cropped.1500.844-10.jpeg\",\"keywords\":[\"Consejo Mundial de Iglesias\",\"Pontificio Consejo para el Di\u00e1logo Interreligioso\"],\"articleSection\":[\"Ecumenismo y Di\u00e1logo interreligioso\",\"Vaticano\"],\"inLanguage\":\"es\"},{\"@type\":\"WebPage\",\"@id\":\"https:\\\/\\\/exaudi.org\\\/es\\\/dialogo-interreligioso-45-anos-camino-ecumenico\\\/\",\"url\":\"https:\\\/\\\/exaudi.org\\\/es\\\/dialogo-interreligioso-45-anos-camino-ecumenico\\\/\",\"name\":\"Di\u00e1logo interreligioso: 45 a\u00f1os de camino ecum\u00e9nico &#8211; Exaudi\",\"isPartOf\":{\"@id\":\"https:\\\/\\\/exaudi.org\\\/#website\"},\"primaryImageOfPage\":{\"@id\":\"https:\\\/\\\/exaudi.org\\\/es\\\/dialogo-interreligioso-45-anos-camino-ecumenico\\\/#primaryimage\"},\"image\":{\"@id\":\"https:\\\/\\\/exaudi.org\\\/es\\\/dialogo-interreligioso-45-anos-camino-ecumenico\\\/#primaryimage\"},\"thumbnailUrl\":\"https:\\\/\\\/exaudi.org\\\/wp-content\\\/uploads\\\/2022\\\/03\\\/cq5dam.thumbnail.cropped.1500.844-10.jpeg\",\"datePublished\":\"2022-03-28T11:33:51+00:00\",\"dateModified\":\"2022-04-01T16:40:49+00:00\",\"author\":{\"@id\":\"https:\\\/\\\/exaudi.org\\\/#\\\/schema\\\/person\\\/f5fc8f063065e38742da7afe15f25df7\"},\"description\":\"Se ha celebrado la reuni\u00f3n anual del Pontificio Consejo para el Di\u00e1logo Interreligioso del Vaticano y del Consejo Mundial de Iglesias\",\"breadcrumb\":{\"@id\":\"https:\\\/\\\/exaudi.org\\\/es\\\/dialogo-interreligioso-45-anos-camino-ecumenico\\\/#breadcrumb\"},\"inLanguage\":\"es\",\"potentialAction\":[{\"@type\":\"ReadAction\",\"target\":[\"https:\\\/\\\/exaudi.org\\\/es\\\/dialogo-interreligioso-45-anos-camino-ecumenico\\\/\"]}]},{\"@type\":\"ImageObject\",\"inLanguage\":\"es\",\"@id\":\"https:\\\/\\\/exaudi.org\\\/es\\\/dialogo-interreligioso-45-anos-camino-ecumenico\\\/#primaryimage\",\"url\":\"https:\\\/\\\/exaudi.org\\\/wp-content\\\/uploads\\\/2022\\\/03\\\/cq5dam.thumbnail.cropped.1500.844-10.jpeg\",\"contentUrl\":\"https:\\\/\\\/exaudi.org\\\/wp-content\\\/uploads\\\/2022\\\/03\\\/cq5dam.thumbnail.cropped.1500.844-10.jpeg\",\"width\":1500,\"height\":844,\"caption\":\"Encuentro interreligioso por la paz, viaje del Papa a Bulgaria y Macedonia del Norte, 2019 \u00a9 Vatican Media\"},{\"@type\":\"BreadcrumbList\",\"@id\":\"https:\\\/\\\/exaudi.org\\\/es\\\/dialogo-interreligioso-45-anos-camino-ecumenico\\\/#breadcrumb\",\"itemListElement\":[{\"@type\":\"ListItem\",\"position\":1,\"name\":\"Portada\",\"item\":\"https:\\\/\\\/exaudi.org\\\/es\\\/\"},{\"@type\":\"ListItem\",\"position\":2,\"name\":\"Di\u00e1logo interreligioso: 45 a\u00f1os de camino ecum\u00e9nico\"}]},{\"@type\":\"WebSite\",\"@id\":\"https:\\\/\\\/exaudi.org\\\/#website\",\"url\":\"https:\\\/\\\/exaudi.org\\\/\",\"name\":\"Exaudi\",\"description\":\"News\",\"potentialAction\":[{\"@type\":\"SearchAction\",\"target\":{\"@type\":\"EntryPoint\",\"urlTemplate\":\"https:\\\/\\\/exaudi.org\\\/?s={search_term_string}\"},\"query-input\":{\"@type\":\"PropertyValueSpecification\",\"valueRequired\":true,\"valueName\":\"search_term_string\"}}],\"inLanguage\":\"es\"},{\"@type\":\"Person\",\"@id\":\"https:\\\/\\\/exaudi.org\\\/#\\\/schema\\\/person\\\/f5fc8f063065e38742da7afe15f25df7\",\"name\":\"Exaudi Redacci\u00f3n\",\"image\":{\"@type\":\"ImageObject\",\"inLanguage\":\"es\",\"@id\":\"https:\\\/\\\/secure.gravatar.com\\\/avatar\\\/fe0f6a059fb68d9b3e11bc5850dd4899b1c7492091a3cb6dd9b01b56ad828be2?s=96&d=mm&r=g\",\"url\":\"https:\\\/\\\/secure.gravatar.com\\\/avatar\\\/fe0f6a059fb68d9b3e11bc5850dd4899b1c7492091a3cb6dd9b01b56ad828be2?s=96&d=mm&r=g\",\"contentUrl\":\"https:\\\/\\\/secure.gravatar.com\\\/avatar\\\/fe0f6a059fb68d9b3e11bc5850dd4899b1c7492091a3cb6dd9b01b56ad828be2?s=96&d=mm&r=g\",\"caption\":\"Exaudi Redacci\u00f3n\"},\"description\":\"\u00bfQu\u00e9 es Exaudi News? Exaudi News es un medio de comunicaci\u00f3n cat\u00f3lico internacional que informa, forma y transforma, diariamente en espa\u00f1ol, ingl\u00e9s e italiano. A trav\u00e9s de noticias, art\u00edculos de an\u00e1lisis y transmisiones en directo de los eventos del Papa, Exaudi busca fortalecer la unidad de los cristianos y contribuir a la evangelizaci\u00f3n del mundo, siempre guiados por la doctrina social de la Iglesia. Trabajamos para acercar la verdad y los valores cristianos a cada rinc\u00f3n del planeta. \u00a1Ay\u00fadanos a transformar el mundo con Exaudi! En Exaudi creemos que la evangelizaci\u00f3n y la informaci\u00f3n de calidad pueden cambiar vidas. Para continuar con nuestra misi\u00f3n y expandir nuestro alcance, necesitamos tu ayuda. Adem\u00e1s, buscamos personas comprometidas que deseen unirse a nuestro equipo. Con tu apoyo, lograremos llegar a m\u00e1s personas, difundir el mensaje de Cristo y reforzar la unidad de los cristianos. \u00bfTe unes a nuestra misi\u00f3n? Para m\u00e1s informaci\u00f3n sobre c\u00f3mo colaborar, visita Exaudi.org\\\/es o cont\u00e1ctanos directamente: info@exaudi.org Exaudi: Informa, forma y transforma.\",\"sameAs\":[\"https:\\\/\\\/www.facebook.com\\\/ExaudiNoticias\\\/\",\"https:\\\/\\\/www.instagram.com\\\/exaudi_noticias\\\/\",\"https:\\\/\\\/x.com\\\/Exaudi_noticias\",\"https:\\\/\\\/www.youtube.com\\\/@exaudicatholicnews\"],\"url\":\"https:\\\/\\\/exaudi.org\\\/es\\\/author\\\/redaccionexaudi\\\/\"}]}<\/script>\n<!-- \/ Yoast SEO plugin. -->","yoast_head_json":{"title":"Di\u00e1logo interreligioso: 45 a\u00f1os de camino ecum\u00e9nico &#8211; Exaudi","description":"Se ha celebrado la reuni\u00f3n anual del Pontificio Consejo para el Di\u00e1logo Interreligioso del Vaticano y del Consejo Mundial de Iglesias","robots":{"index":"index","follow":"follow","max-snippet":"max-snippet:-1","max-image-preview":"max-image-preview:large","max-video-preview":"max-video-preview:-1"},"canonical":"https:\/\/exaudi.org\/es\/dialogo-interreligioso-45-anos-camino-ecumenico\/","og_locale":"es_ES","og_type":"article","og_title":"Di\u00e1logo interreligioso: 45 a\u00f1os de camino ecum\u00e9nico &#8211; Exaudi","og_description":"Se ha celebrado la reuni\u00f3n anual del Pontificio Consejo para el Di\u00e1logo Interreligioso del Vaticano y del Consejo Mundial de Iglesias","og_url":"https:\/\/exaudi.org\/es\/dialogo-interreligioso-45-anos-camino-ecumenico\/","og_site_name":"Exaudi","article_publisher":"https:\/\/www.facebook.com\/ExaudiNews","article_author":"https:\/\/www.facebook.com\/ExaudiNoticias\/","article_published_time":"2022-03-28T11:33:51+00:00","article_modified_time":"2022-04-01T16:40:49+00:00","og_image":[{"width":1500,"height":844,"url":"https:\/\/exaudi.org\/wp-content\/uploads\/2022\/03\/cq5dam.thumbnail.cropped.1500.844-10.jpeg","type":"image\/jpeg"}],"author":"Exaudi Redacci\u00f3n","twitter_card":"summary_large_image","twitter_creator":"@Exaudi_noticias","twitter_site":"@Exaudi_News","twitter_misc":{"Escrito por":"Exaudi Redacci\u00f3n","Tiempo de lectura":"1 minuto"},"schema":{"@context":"https:\/\/schema.org","@graph":[{"@type":"Article","@id":"https:\/\/exaudi.org\/es\/dialogo-interreligioso-45-anos-camino-ecumenico\/#article","isPartOf":{"@id":"https:\/\/exaudi.org\/es\/dialogo-interreligioso-45-anos-camino-ecumenico\/"},"author":{"name":"Exaudi Redacci\u00f3n","@id":"https:\/\/exaudi.org\/#\/schema\/person\/f5fc8f063065e38742da7afe15f25df7"},"headline":"Di\u00e1logo interreligioso: 45 a\u00f1os de camino ecum\u00e9nico","datePublished":"2022-03-28T11:33:51+00:00","dateModified":"2022-04-01T16:40:49+00:00","mainEntityOfPage":{"@id":"https:\/\/exaudi.org\/es\/dialogo-interreligioso-45-anos-camino-ecumenico\/"},"wordCount":286,"image":{"@id":"https:\/\/exaudi.org\/es\/dialogo-interreligioso-45-anos-camino-ecumenico\/#primaryimage"},"thumbnailUrl":"https:\/\/exaudi.org\/wp-content\/uploads\/2022\/03\/cq5dam.thumbnail.cropped.1500.844-10.jpeg","keywords":["Consejo Mundial de Iglesias","Pontificio Consejo para el Di\u00e1logo Interreligioso"],"articleSection":["Ecumenismo y Di\u00e1logo interreligioso","Vaticano"],"inLanguage":"es"},{"@type":"WebPage","@id":"https:\/\/exaudi.org\/es\/dialogo-interreligioso-45-anos-camino-ecumenico\/","url":"https:\/\/exaudi.org\/es\/dialogo-interreligioso-45-anos-camino-ecumenico\/","name":"Di\u00e1logo interreligioso: 45 a\u00f1os de camino ecum\u00e9nico &#8211; Exaudi","isPartOf":{"@id":"https:\/\/exaudi.org\/#website"},"primaryImageOfPage":{"@id":"https:\/\/exaudi.org\/es\/dialogo-interreligioso-45-anos-camino-ecumenico\/#primaryimage"},"image":{"@id":"https:\/\/exaudi.org\/es\/dialogo-interreligioso-45-anos-camino-ecumenico\/#primaryimage"},"thumbnailUrl":"https:\/\/exaudi.org\/wp-content\/uploads\/2022\/03\/cq5dam.thumbnail.cropped.1500.844-10.jpeg","datePublished":"2022-03-28T11:33:51+00:00","dateModified":"2022-04-01T16:40:49+00:00","author":{"@id":"https:\/\/exaudi.org\/#\/schema\/person\/f5fc8f063065e38742da7afe15f25df7"},"description":"Se ha celebrado la reuni\u00f3n anual del Pontificio Consejo para el Di\u00e1logo Interreligioso del Vaticano y del Consejo Mundial de Iglesias","breadcrumb":{"@id":"https:\/\/exaudi.org\/es\/dialogo-interreligioso-45-anos-camino-ecumenico\/#breadcrumb"},"inLanguage":"es","potentialAction":[{"@type":"ReadAction","target":["https:\/\/exaudi.org\/es\/dialogo-interreligioso-45-anos-camino-ecumenico\/"]}]},{"@type":"ImageObject","inLanguage":"es","@id":"https:\/\/exaudi.org\/es\/dialogo-interreligioso-45-anos-camino-ecumenico\/#primaryimage","url":"https:\/\/exaudi.org\/wp-content\/uploads\/2022\/03\/cq5dam.thumbnail.cropped.1500.844-10.jpeg","contentUrl":"https:\/\/exaudi.org\/wp-content\/uploads\/2022\/03\/cq5dam.thumbnail.cropped.1500.844-10.jpeg","width":1500,"height":844,"caption":"Encuentro interreligioso por la paz, viaje del Papa a Bulgaria y Macedonia del Norte, 2019 \u00a9 Vatican Media"},{"@type":"BreadcrumbList","@id":"https:\/\/exaudi.org\/es\/dialogo-interreligioso-45-anos-camino-ecumenico\/#breadcrumb","itemListElement":[{"@type":"ListItem","position":1,"name":"Portada","item":"https:\/\/exaudi.org\/es\/"},{"@type":"ListItem","position":2,"name":"Di\u00e1logo interreligioso: 45 a\u00f1os de camino ecum\u00e9nico"}]},{"@type":"WebSite","@id":"https:\/\/exaudi.org\/#website","url":"https:\/\/exaudi.org\/","name":"Exaudi","description":"News","potentialAction":[{"@type":"SearchAction","target":{"@type":"EntryPoint","urlTemplate":"https:\/\/exaudi.org\/?s={search_term_string}"},"query-input":{"@type":"PropertyValueSpecification","valueRequired":true,"valueName":"search_term_string"}}],"inLanguage":"es"},{"@type":"Person","@id":"https:\/\/exaudi.org\/#\/schema\/person\/f5fc8f063065e38742da7afe15f25df7","name":"Exaudi Redacci\u00f3n","image":{"@type":"ImageObject","inLanguage":"es","@id":"https:\/\/secure.gravatar.com\/avatar\/fe0f6a059fb68d9b3e11bc5850dd4899b1c7492091a3cb6dd9b01b56ad828be2?s=96&d=mm&r=g","url":"https:\/\/secure.gravatar.com\/avatar\/fe0f6a059fb68d9b3e11bc5850dd4899b1c7492091a3cb6dd9b01b56ad828be2?s=96&d=mm&r=g","contentUrl":"https:\/\/secure.gravatar.com\/avatar\/fe0f6a059fb68d9b3e11bc5850dd4899b1c7492091a3cb6dd9b01b56ad828be2?s=96&d=mm&r=g","caption":"Exaudi Redacci\u00f3n"},"description":"\u00bfQu\u00e9 es Exaudi News? Exaudi News es un medio de comunicaci\u00f3n cat\u00f3lico internacional que informa, forma y transforma, diariamente en espa\u00f1ol, ingl\u00e9s e italiano. A trav\u00e9s de noticias, art\u00edculos de an\u00e1lisis y transmisiones en directo de los eventos del Papa, Exaudi busca fortalecer la unidad de los cristianos y contribuir a la evangelizaci\u00f3n del mundo, siempre guiados por la doctrina social de la Iglesia. Trabajamos para acercar la verdad y los valores cristianos a cada rinc\u00f3n del planeta. \u00a1Ay\u00fadanos a transformar el mundo con Exaudi! En Exaudi creemos que la evangelizaci\u00f3n y la informaci\u00f3n de calidad pueden cambiar vidas. Para continuar con nuestra misi\u00f3n y expandir nuestro alcance, necesitamos tu ayuda. Adem\u00e1s, buscamos personas comprometidas que deseen unirse a nuestro equipo. Con tu apoyo, lograremos llegar a m\u00e1s personas, difundir el mensaje de Cristo y reforzar la unidad de los cristianos. \u00bfTe unes a nuestra misi\u00f3n? Para m\u00e1s informaci\u00f3n sobre c\u00f3mo colaborar, visita Exaudi.org\/es o cont\u00e1ctanos directamente: info@exaudi.org Exaudi: Informa, forma y transforma.","sameAs":["https:\/\/www.facebook.com\/ExaudiNoticias\/","https:\/\/www.instagram.com\/exaudi_noticias\/","https:\/\/x.com\/Exaudi_noticias","https:\/\/www.youtube.com\/@exaudicatholicnews"],"url":"https:\/\/exaudi.org\/es\/author\/redaccionexaudi\/"}]}},"jetpack_featured_media_url":"https:\/\/exaudi.org\/wp-content\/uploads\/2022\/03\/cq5dam.thumbnail.cropped.1500.844-10.jpeg","jetpack_shortlink":"https:\/\/wp.me\/pgKjF2-emA","_links":{"self":[{"href":"https:\/\/exaudi.org\/es\/wp-json\/wp\/v2\/posts\/55216","targetHints":{"allow":["GET"]}}],"collection":[{"href":"https:\/\/exaudi.org\/es\/wp-json\/wp\/v2\/posts"}],"about":[{"href":"https:\/\/exaudi.org\/es\/wp-json\/wp\/v2\/types\/post"}],"author":[{"embeddable":true,"href":"https:\/\/exaudi.org\/es\/wp-json\/wp\/v2\/users\/15"}],"replies":[{"embeddable":true,"href":"https:\/\/exaudi.org\/es\/wp-json\/wp\/v2\/comments?post=55216"}],"version-history":[{"count":0,"href":"https:\/\/exaudi.org\/es\/wp-json\/wp\/v2\/posts\/55216\/revisions"}],"wp:featuredmedia":[{"embeddable":true,"href":"https:\/\/exaudi.org\/es\/wp-json\/wp\/v2\/media\/55217"}],"wp:attachment":[{"href":"https:\/\/exaudi.org\/es\/wp-json\/wp\/v2\/media?parent=55216"}],"wp:term":[{"taxonomy":"category","embeddable":true,"href":"https:\/\/exaudi.org\/es\/wp-json\/wp\/v2\/categories?post=55216"},{"taxonomy":"post_tag","embeddable":true,"href":"https:\/\/exaudi.org\/es\/wp-json\/wp\/v2\/tags?post=55216"}],"curies":[{"name":"wp","href":"https:\/\/api.w.org\/{rel}","templated":true}]}}